{"id":41506,"date":"2024-05-13T18:00:12","date_gmt":"2024-05-13T18:00:12","guid":{"rendered":"https:\/\/kibrisdakik.com\/index.php\/2024\/05\/13\/turkiye-azerbaycan-kktc-parlamentolar-arasi-dostluk-grubu-baskanlari-ve-heyetleri-arasinda-calisma-toplantisi-yapildi\/"},"modified":"2024-05-13T18:00:12","modified_gmt":"2024-05-13T18:00:12","slug":"turkiye-azerbaycan-kktc-parlamentolar-arasi-dostluk-grubu-baskanlari-ve-heyetleri-arasinda-calisma-toplantisi-yapildi","status":"publish","type":"post","link":"https:\/\/kibrisdakik.com\/?p=41506","title":{"rendered":"T\u00fcrkiye Azerbaycan KKTC Parlamentolar Aras\u0131 Dostluk Grubu ba\u015fkanlar\u0131 ve heyetleri aras\u0131nda \u00e7al\u0131\u015fma toplant\u0131s\u0131 yap\u0131ld\u0131"},"content":{"rendered":"<p><\/p>\n<div>\n<div class=\"mariselle-image-container center\">\n                <img loading=\"lazy\" decoding=\"async\" width=\"1504\" height=\"1004\" class=\"lazy-image\" alt=\"\" sizes=\"auto, (max-width: 1504px) 100vw, 1504px\" src=\"https:\/\/brtk.net\/wp-content\/uploads\/2024\/05\/13\/calisma-toplantisi-ero-8-2.jpg?ver=40527b34d90557074ec9fc5d5118fe04\" srcset=\"https:\/\/brtk.net\/wp-content\/uploads\/2024\/05\/13\/calisma-toplantisi-ero-8-2.jpg?ver=40527b34d90557074ec9fc5d5118fe04 1504w, https:\/\/brtk.net\/wp-content\/uploads\/2024\/05\/13\/calisma-toplantisi-ero-8-2-300x200.jpg?ver=40527b34d90557074ec9fc5d5118fe04 300w, https:\/\/brtk.net\/wp-content\/uploads\/2024\/05\/13\/calisma-toplantisi-ero-8-2-1024x684.jpg?ver=40527b34d90557074ec9fc5d5118fe04 1024w, https:\/\/brtk.net\/wp-content\/uploads\/2024\/05\/13\/calisma-toplantisi-ero-8-2-768x513.jpg?ver=40527b34d90557074ec9fc5d5118fe04 768w\"\/>                            <\/div>\n<p>T\u00fcrkiye \u2013 Azerbaycan \u2013 <a href=\"https:\/\/brtk.net\/\"\/><a href=\"https:\/\/brtk.net\/\"\/><a href=\"https:\/\/brtk.net\/\"\/><a href=\"https:\/\/brtk.net\/\"\/><a href=\"https:\/\/brtk.net\/\"\/><a href=\"https:\/\/brtk.net\/\"\/><a href=\"https:\/\/brtk.net\/\"\/><a href=\"https:\/\/brtk.net\/\"\/><a href=\"https:\/\/brtk.net\/\"\/><a href=\"https:\/\/brtk.net\/\">KKTC<\/a> Parlamentolar Aras\u0131 Dostluk Grubu ba\u015fkanlar\u0131 ve heyetleri aras\u0131nda, bug\u00fcn bir \u00e7al\u0131\u015fma toplant\u0131s\u0131 yap\u0131ld\u0131.<\/p>\n<p>Toplant\u0131, Cumhuriyet Meclisi Zalihe \u00c7avu\u015fo\u011flu Salonu\u2019nda ger\u00e7ekle\u015ftirildi.<\/p>\n<p>Toplant\u0131da; Cumhuriyet Meclisi Ba\u015fkan\u0131, <a href=\"https:\/\/brtk.net\/\"\/><a href=\"https:\/\/brtk.net\/\"\/><a href=\"https:\/\/brtk.net\/\"\/><a href=\"https:\/\/brtk.net\/\"\/><a href=\"https:\/\/brtk.net\/\"\/><a href=\"https:\/\/brtk.net\/\"\/><a href=\"https:\/\/brtk.net\/\"\/><a href=\"https:\/\/brtk.net\/\"\/><a href=\"https:\/\/brtk.net\/\"\/><a href=\"https:\/\/brtk.net\/\">KKTC<\/a> -Azerbaycan Parlamentolar Aras\u0131 Dostluk Grubu Ba\u015fkan\u0131 Zorlu T\u00f6re, Azerbaycan \u2013Parlamentolar Aras\u0131 Dostluk Grubu Ba\u015fkan\u0131 Cavan\u015fir Feyziyev, T\u00fcrkiye\u2013 Azerbaycan Parlamentolar Aras\u0131 Dostluk Grubu Ba\u015fkan\u0131 \u015eamil Ayr\u0131m, T\u00fcrkiye \u2013 <a href=\"https:\/\/brtk.net\/\"\/><a href=\"https:\/\/brtk.net\/\"\/><a href=\"https:\/\/brtk.net\/\"\/><a href=\"https:\/\/brtk.net\/\"\/><a href=\"https:\/\/brtk.net\/\"\/><a href=\"https:\/\/brtk.net\/\"\/><a href=\"https:\/\/brtk.net\/\"\/><a href=\"https:\/\/brtk.net\/\"\/><a href=\"https:\/\/brtk.net\/\"\/><a href=\"https:\/\/brtk.net\/\">KKTC<\/a> Parlamentolar Aras\u0131 Dostluk Grubu Ba\u015fkan\u0131 Orhan Erdem, Azerbaycan \u2013 T\u00fcrkiye Parlamentolar Aras\u0131 Dostluk Grubu Ba\u015fkan\u0131 Ehliman Emiraslanov ve beraberlerindeki heyetler ile <a href=\"https:\/\/brtk.net\/\"\/><a href=\"https:\/\/brtk.net\/\"\/><a href=\"https:\/\/brtk.net\/\"\/><a href=\"https:\/\/brtk.net\/\"\/><a href=\"https:\/\/brtk.net\/\"\/><a href=\"https:\/\/brtk.net\/\"\/><a href=\"https:\/\/brtk.net\/\"\/><a href=\"https:\/\/brtk.net\/\"\/><a href=\"https:\/\/brtk.net\/\"\/><a href=\"https:\/\/brtk.net\/\">KKTC<\/a>-TC Dostluk Grubu Ba\u015fkan\u0131 ve heyet \u00fcyeleri yer ald\u0131.<\/p>\n<div class=\"mariselle-image-container center\">\n                <img loading=\"lazy\" decoding=\"async\" width=\"1504\" height=\"1004\" class=\"lazy-image\" alt=\"\" sizes=\"auto, (max-width: 1504px) 100vw, 1504px\" src=\"https:\/\/brtk.net\/wp-content\/uploads\/2024\/05\/13\/calisma-toplantisi-ero-5-2.jpg?ver=3e74bef1b2f960eb457d3fa1313cd54a\" srcset=\"https:\/\/brtk.net\/wp-content\/uploads\/2024\/05\/13\/calisma-toplantisi-ero-5-2.jpg?ver=3e74bef1b2f960eb457d3fa1313cd54a 1504w, https:\/\/brtk.net\/wp-content\/uploads\/2024\/05\/13\/calisma-toplantisi-ero-5-2-300x200.jpg?ver=a29474ac981dc40b17eecb9e7ad3695a 300w, https:\/\/brtk.net\/wp-content\/uploads\/2024\/05\/13\/calisma-toplantisi-ero-5-2-1024x684.jpg?ver=9713bbdc910d825a6d2c3bb70dd14cff 1024w, https:\/\/brtk.net\/wp-content\/uploads\/2024\/05\/13\/calisma-toplantisi-ero-5-2-768x513.jpg?ver=9713bbdc910d825a6d2c3bb70dd14cff 768w\"\/>                            <\/div>\n<p> Toplant\u0131 \u00f6ncesi ilk  s\u00f6z\u00fc alan Cumhuriyet Meclisi Ba\u015fkan\u0131, <a href=\"https:\/\/brtk.net\/\"\/><a href=\"https:\/\/brtk.net\/\"\/><a href=\"https:\/\/brtk.net\/\"\/><a href=\"https:\/\/brtk.net\/\"\/><a href=\"https:\/\/brtk.net\/\"\/><a href=\"https:\/\/brtk.net\/\"\/><a href=\"https:\/\/brtk.net\/\"\/><a href=\"https:\/\/brtk.net\/\"\/><a href=\"https:\/\/brtk.net\/\"\/><a href=\"https:\/\/brtk.net\/\">KKTC<\/a> -Azerbaycan Parlamentolar Aras\u0131 Dostluk Grubu Ba\u015fkan\u0131 Zorlu T\u00f6re, \u201cneler yapabiliriz, nelerimiz olmal\u0131, nas\u0131l bir yol izlenmeli, neyimiz eksiktir ve ne yap\u0131lmal\u0131d\u0131r\u201d konular\u0131n\u0131 toplant\u0131da de\u011ferlendireceklerini s\u00f6yledi.<\/p>\n<p>Kar\u015f\u0131l\u0131kl\u0131 g\u00f6r\u00fc\u015fmelerin daha \u00e7ok olaca\u011f\u0131n\u0131 kaydeden T\u00f6re, g\u00f6n\u00fclleri birle\u015ftirdiklerini kaydetti.<\/p>\n<p>T\u00fcrk milletinin mensubu olma \u015fuurunu ta\u015f\u0131d\u0131klar\u0131n\u0131 ifade eden T\u00f6re, \u201cMilletimiz, bulundu\u011fumuz co\u011frafya, devletimiz ve T\u00fcrk devletlerindeki halklar i\u00e7in bir \u015feyler yapmal\u0131y\u0131z\u201d dedi.<\/p>\n<p>\u201c3 devlet, tek millet\u201d ifadesini kulland\u0131klar\u0131n\u0131 ve bir bedendeki can gibi olacaklar\u0131n\u0131 ifade eden T\u00f6re, \u201cAyr\u0131m\u0131z, gayr\u0131m\u0131z yok art\u0131k. Damarlarda dola\u015fan kan gibi olaca\u011f\u0131z \u201d diye konu\u015ftu.<\/p>\n<div class=\"mariselle-image-container center\">\n                <img loading=\"lazy\" decoding=\"async\" width=\"1600\" height=\"1038\" class=\"lazy-image\" alt=\"\" sizes=\"auto, (max-width: 1600px) 100vw, 1600px\" src=\"https:\/\/brtk.net\/wp-content\/uploads\/2024\/05\/13\/calisma-toplantisi-ero-7-2.jpg?ver=cc9bb70a265fc08f0bffe468aec26e22\" srcset=\"https:\/\/brtk.net\/wp-content\/uploads\/2024\/05\/13\/calisma-toplantisi-ero-7-2.jpg?ver=cc9bb70a265fc08f0bffe468aec26e22 1600w, https:\/\/brtk.net\/wp-content\/uploads\/2024\/05\/13\/calisma-toplantisi-ero-7-2-300x195.jpg?ver=cc9bb70a265fc08f0bffe468aec26e22 300w, https:\/\/brtk.net\/wp-content\/uploads\/2024\/05\/13\/calisma-toplantisi-ero-7-2-1024x664.jpg?ver=ef07f72b7f22caf8da9397ba70aaf772 1024w, https:\/\/brtk.net\/wp-content\/uploads\/2024\/05\/13\/calisma-toplantisi-ero-7-2-768x498.jpg?ver=ef07f72b7f22caf8da9397ba70aaf772 768w, https:\/\/brtk.net\/wp-content\/uploads\/2024\/05\/13\/calisma-toplantisi-ero-7-2-1536x996.jpg?ver=c8999259ac55fce7848d29487729f40d 1536w\"\/>                            <\/div>\n<p><a href=\"https:\/\/brtk.net\/\"\/><a href=\"https:\/\/brtk.net\/\"\/><a href=\"https:\/\/brtk.net\/\"\/><a href=\"https:\/\/brtk.net\/\"\/><a href=\"https:\/\/brtk.net\/\"\/><a href=\"https:\/\/brtk.net\/\"\/><a href=\"https:\/\/brtk.net\/\"\/><a href=\"https:\/\/brtk.net\/\"\/><a href=\"https:\/\/brtk.net\/\"\/><a href=\"https:\/\/brtk.net\/\">KKTC<\/a> \u2013 TC Parlamentolar Aras\u0131 Dostluk Grubu Ba\u015fkan\u0131 Resmiye Ero\u011flu Canaltay da, dostluk grubunun <a href=\"https:\/\/brtk.net\/\"\/><a href=\"https:\/\/brtk.net\/\"\/><a href=\"https:\/\/brtk.net\/\"\/><a href=\"https:\/\/brtk.net\/\"\/><a href=\"https:\/\/brtk.net\/\"\/><a href=\"https:\/\/brtk.net\/\"\/><a href=\"https:\/\/brtk.net\/\"\/><a href=\"https:\/\/brtk.net\/\"\/><a href=\"https:\/\/brtk.net\/\"\/><a href=\"https:\/\/brtk.net\/\">KKTC<\/a>\u2019de bulunmas\u0131ndan dolay\u0131 memnuniyetlerini dile getirdi.<\/p>\n<p>Bug\u00fcnk\u00fc toplant\u0131n\u0131n organize edilmesinde \u00e7ok fazla  emek oldu\u011funu s\u00f6ylen Canaltay, kendilerine deste\u011fi olan herkese te\u015fekk\u00fcrlerini iletti.<\/p>\n<p>\u201cAzerbaycan\u2019\u0131n bize verdi\u011fi destekler \u00e7ok \u00f6nemlidir.\u201d diye konu\u015fan Canaltay, \u015fu ifadelere yer verdi:<\/p>\n<p>\u201cHer zaman \u20183 devlet, tek millet\u2019 hayalimiz vard\u0131. Bug\u00fcn bunu ger\u00e7ekle\u015ftirmek i\u00e7in bir ad\u0131m att\u0131k. Karde\u015f Azerbaycan ile e\u011fitim, turizm, sanayi ve ticaret alan\u0131nda bir\u00e7ok anla\u015fma yaparak \u00fclke ekonomisine katk\u0131 sa\u011flamay\u0131 ve ayn\u0131 zamanda <a href=\"https:\/\/brtk.net\/\"\/><a href=\"https:\/\/brtk.net\/\"\/><a href=\"https:\/\/brtk.net\/\"\/><a href=\"https:\/\/brtk.net\/\"\/><a href=\"https:\/\/brtk.net\/\"\/><a href=\"https:\/\/brtk.net\/\"\/><a href=\"https:\/\/brtk.net\/\"\/><a href=\"https:\/\/brtk.net\/\"\/><a href=\"https:\/\/brtk.net\/\"\/><a href=\"https:\/\/brtk.net\/\">KKTC<\/a>\u2019nin de baz\u0131 g\u00fczelliklerinin Azerbaycan\u2019da tan\u0131t\u0131lmas\u0131n\u0131 arzu ediyoruz.\u201d <\/p>\n<div class=\"mariselle-image-container center\">\n                <img loading=\"lazy\" decoding=\"async\" width=\"1599\" height=\"1066\" class=\"lazy-image\" alt=\"\" sizes=\"auto, (max-width: 1599px) 100vw, 1599px\" src=\"https:\/\/brtk.net\/wp-content\/uploads\/2024\/05\/13\/calisma-toplantisi-ero-2-2.jpg?ver=98cc0e92892453991b2503710dae9451\" srcset=\"https:\/\/brtk.net\/wp-content\/uploads\/2024\/05\/13\/calisma-toplantisi-ero-2-2.jpg?ver=98cc0e92892453991b2503710dae9451 1599w, https:\/\/brtk.net\/wp-content\/uploads\/2024\/05\/13\/calisma-toplantisi-ero-2-2-300x200.jpg?ver=4f82c2d83d598b6bdc101a627062e99f 300w, https:\/\/brtk.net\/wp-content\/uploads\/2024\/05\/13\/calisma-toplantisi-ero-2-2-1024x683.jpg?ver=4f82c2d83d598b6bdc101a627062e99f 1024w, https:\/\/brtk.net\/wp-content\/uploads\/2024\/05\/13\/calisma-toplantisi-ero-2-2-768x512.jpg?ver=4f82c2d83d598b6bdc101a627062e99f 768w, https:\/\/brtk.net\/wp-content\/uploads\/2024\/05\/13\/calisma-toplantisi-ero-2-2-1536x1024.jpg?ver=2055cf2b685bc70515e960f2a698a60e 1536w\"\/>                            <\/div>\n<p>Azerbaycan \u2013 T\u00fcrkiye Parlamentolar Aras\u0131 Dostluk Grubu Ba\u015fkan\u0131 Ehliman Emiraslanov da, \u201cBizim tek bir ailemiz vard\u0131r. O da T\u00fcrk d\u00fcnyas\u0131d\u0131r.\u201d dedi.<\/p>\n<p>Dostluk gruplar\u0131n\u0131n faaliyetlerine devam edece\u011fini ve geli\u015ftirilmesi gerekti\u011fini belirten Emiraslanov, s\u00f6z konusu toplant\u0131 ile ileriki tarihlerde yap\u0131lacak toplant\u0131lar\u0131n \u00f6nemli oldu\u011funu kaydetti.<\/p>\n<div class=\"mariselle-image-container center\">\n                <img loading=\"lazy\" decoding=\"async\" width=\"1504\" height=\"1004\" class=\"lazy-image\" alt=\"\" sizes=\"auto, (max-width: 1504px) 100vw, 1504px\" src=\"https:\/\/brtk.net\/wp-content\/uploads\/2024\/05\/13\/calisma-toplantisi-ero-3-2.jpg?ver=388e2290d52c658f3205411e9dd7a084\" srcset=\"https:\/\/brtk.net\/wp-content\/uploads\/2024\/05\/13\/calisma-toplantisi-ero-3-2.jpg?ver=388e2290d52c658f3205411e9dd7a084 1504w, https:\/\/brtk.net\/wp-content\/uploads\/2024\/05\/13\/calisma-toplantisi-ero-3-2-300x200.jpg?ver=a58bb1c46dd69a430541a6d1e0d84569 300w, https:\/\/brtk.net\/wp-content\/uploads\/2024\/05\/13\/calisma-toplantisi-ero-3-2-1024x684.jpg?ver=a58bb1c46dd69a430541a6d1e0d84569 1024w, https:\/\/brtk.net\/wp-content\/uploads\/2024\/05\/13\/calisma-toplantisi-ero-3-2-768x513.jpg?ver=b2a1077fb0dda2063c2dbb96de8535a8 768w\"\/>                            <\/div>\n<p>Azerbaycan-<a href=\"https:\/\/brtk.net\/\"\/><a href=\"https:\/\/brtk.net\/\"\/><a href=\"https:\/\/brtk.net\/\"\/><a href=\"https:\/\/brtk.net\/\"\/><a href=\"https:\/\/brtk.net\/\"\/><a href=\"https:\/\/brtk.net\/\"\/><a href=\"https:\/\/brtk.net\/\"\/><a href=\"https:\/\/brtk.net\/\"\/><a href=\"https:\/\/brtk.net\/\"\/><a href=\"https:\/\/brtk.net\/\">KKTC<\/a> Parlamentolar Aras\u0131 \u0130li\u015fkiler \u00c7al\u0131\u015fma Grubu Ba\u015fkan\u0131 Cavan\u015fir Feyziyev de, bug\u00fcn ger\u00e7ekle\u015ftirdikleri g\u00f6r\u00fc\u015fmelerin \u00e7ok \u00f6nemli oldu\u011funu s\u00f6yledi.<\/p>\n<p>Ekonomik ili\u015fkilerin \u00f6nemine dikkat \u00e7eken Feyziyev, kar\u015f\u0131l\u0131kl\u0131 sermaye yat\u0131r\u0131mlar\u0131n\u0131n art\u0131r\u0131lmas\u0131n\u0131n olduk\u00e7a \u00f6nemli oldu\u011funu vurgulad\u0131.<\/p>\n<p>Bug\u00fcn bir ba\u015flang\u0131c\u0131n oldu\u011funu g\u00f6rd\u00fcklerini kaydeden Feyziyev, temaslar\u0131n\u0131 yo\u011funla\u015ft\u0131racaklar\u0131n\u0131 dile getirdi.<\/p>\n<p>Feyziyev, misafirperverliklerinden dolay\u0131 da K\u0131br\u0131s T\u00fcrk halk\u0131na minnettar olduklar\u0131n\u0131 s\u00f6yledi. <\/p>\n<div class=\"mariselle-image-container center\">\n                <img loading=\"lazy\" decoding=\"async\" width=\"1504\" height=\"1004\" class=\"lazy-image\" alt=\"\" sizes=\"auto, (max-width: 1504px) 100vw, 1504px\" src=\"https:\/\/brtk.net\/wp-content\/uploads\/2024\/05\/13\/calisma-toplantisi-ero-4-2.jpg?ver=6ebd65410db767b794f4db14b587299d\" srcset=\"https:\/\/brtk.net\/wp-content\/uploads\/2024\/05\/13\/calisma-toplantisi-ero-4-2.jpg?ver=6ebd65410db767b794f4db14b587299d 1504w, https:\/\/brtk.net\/wp-content\/uploads\/2024\/05\/13\/calisma-toplantisi-ero-4-2-300x200.jpg?ver=bac913b37b05d196498bc5c88a0e167a 300w, https:\/\/brtk.net\/wp-content\/uploads\/2024\/05\/13\/calisma-toplantisi-ero-4-2-1024x684.jpg?ver=bac913b37b05d196498bc5c88a0e167a 1024w, https:\/\/brtk.net\/wp-content\/uploads\/2024\/05\/13\/calisma-toplantisi-ero-4-2-768x513.jpg?ver=3ed01ca3a0450ed0158484eae7939f8b 768w\"\/>                            <\/div>\n<p>T\u00fcrkiye\u2013 Azerbaycan Parlamentolar Aras\u0131 Dostluk Grubu Ba\u015fkan\u0131 \u015eamil Ayr\u0131m da, uzun zamand\u0131r \u00f6zledikleri tarihi bir g\u00fcnde birlikte olduklar\u0131n\u0131 ifade etti.<\/p>\n<p>\u201c\u0130lk toplant\u0131m\u0131zda ileriye do\u011fru neler yapabilece\u011fimizi sonu\u00e7 olarak ortaya koymam\u0131z gerekiyor. Amac\u0131m\u0131z, <a href=\"https:\/\/brtk.net\/\"\/><a href=\"https:\/\/brtk.net\/\"\/><a href=\"https:\/\/brtk.net\/\"\/><a href=\"https:\/\/brtk.net\/\"\/><a href=\"https:\/\/brtk.net\/\"\/><a href=\"https:\/\/brtk.net\/\"\/><a href=\"https:\/\/brtk.net\/\"\/><a href=\"https:\/\/brtk.net\/\"\/><a href=\"https:\/\/brtk.net\/\"\/><a href=\"https:\/\/brtk.net\/\">KKTC<\/a>\u2019nin \u00f6n\u00fcm\u00fczdeki s\u00fcre\u00e7te tan\u0131nmas\u0131n\u0131 sa\u011flayacak yollara en uygun ad\u0131mlarla y\u00fcr\u00fcmemizdir\u201d diye konu\u015fan Ayr\u0131m, s\u00f6z konusu toplant\u0131lar\u0131n 2\u2019ncisi ve 3\u2019\u00fcnc\u00fcs\u00fcn\u00fcn\u00fcn nerede ger\u00e7ekle\u015ftirilece\u011fi konusunu da ele alacaklar\u0131n\u0131 dile getirdi.<\/p>\n<p>\u201cBo\u015fa harcanacak zaman\u0131m\u0131z yok\u201d ifadesini kullanan Ayr\u0131m, dostluk guruplar\u0131n\u0131n dayan\u0131\u015fma i\u00e7inde olmas\u0131n\u0131n \u00f6nemine dikkat \u00e7ekti.<\/p>\n<div class=\"mariselle-image-container center\">\n                <img loading=\"lazy\" decoding=\"async\" width=\"1504\" height=\"1004\" class=\"lazy-image\" alt=\"\" sizes=\"auto, (max-width: 1504px) 100vw, 1504px\" src=\"https:\/\/brtk.net\/wp-content\/uploads\/2024\/05\/13\/calisma-toplantisi-ero-9-2.jpg?ver=df5763fc8b9daf58b5a5d65bb730831e\" srcset=\"https:\/\/brtk.net\/wp-content\/uploads\/2024\/05\/13\/calisma-toplantisi-ero-9-2.jpg?ver=df5763fc8b9daf58b5a5d65bb730831e 1504w, https:\/\/brtk.net\/wp-content\/uploads\/2024\/05\/13\/calisma-toplantisi-ero-9-2-300x200.jpg?ver=df5763fc8b9daf58b5a5d65bb730831e 300w, https:\/\/brtk.net\/wp-content\/uploads\/2024\/05\/13\/calisma-toplantisi-ero-9-2-1024x684.jpg?ver=c1730f7edd0b7fbccecf104df54c0451 1024w, https:\/\/brtk.net\/wp-content\/uploads\/2024\/05\/13\/calisma-toplantisi-ero-9-2-768x513.jpg?ver=c1730f7edd0b7fbccecf104df54c0451 768w\"\/>                            <\/div>\n<p>T\u00fcrkiye \u2013 <a href=\"https:\/\/brtk.net\/\"\/><a href=\"https:\/\/brtk.net\/\"\/><a href=\"https:\/\/brtk.net\/\"\/><a href=\"https:\/\/brtk.net\/\"\/><a href=\"https:\/\/brtk.net\/\"\/><a href=\"https:\/\/brtk.net\/\"\/><a href=\"https:\/\/brtk.net\/\"\/><a href=\"https:\/\/brtk.net\/\"\/><a href=\"https:\/\/brtk.net\/\"\/><a href=\"https:\/\/brtk.net\/\">KKTC<\/a> Parlamentolar Aras\u0131 Dostluk Grubu Ba\u015fkan\u0131 Orhan Erdem de, \u00e7ok \u00f6nemli bir g\u00fcne \u015fahitlik ettiklerini ifade etti.<\/p>\n<p>Erdem, dostluk gurubunun olu\u015fmas\u0131n\u0131n kendilerinin bir hayali oldu\u011funu ve bu hayalin ger\u00e7ekle\u015fti\u011fini belirtti.<\/p>\n<p>\u201cBir devletin tan\u0131mas\u0131ndan, bir meclisin tan\u0131mas\u0131 \u00e7ok daha \u00f6nemlidir\u201d \u015feklinde konu\u015fan Erdem, bug\u00fcn alt\u0131 ba\u015fkan\u0131n bir araya geldi\u011fini ve \u00f6rne\u011fi olmayan bir \u00e7al\u0131\u015fma yapmaya \u00e7al\u0131\u015ft\u0131klar\u0131n\u0131 ifade etti.<\/p>\n<p>\u00d6te yandan, toplant\u0131da bulunan konuk heyetin baz\u0131 \u00fcyeleri de s\u00f6z ald\u0131, de\u011ferlendirmelerde bulundu.<\/p>\n<\/p><\/div>\n<p><script async\n                    defer\n                    crossorigin=\"anonymous\"\n                    src=\"https:\/\/connect.facebook.net\/tr_TR\/sdk.js#xfbml=1&#038;version=v3.3\"\n            ><\/script><\/p>\n","protected":false},"excerpt":{"rendered":"<p>T\u00fcrkiye \u2013 Azerbaycan \u2013 KKTC Parlamentolar Aras\u0131 Dostluk Grubu ba\u015fkanlar\u0131 ve heyetleri aras\u0131nda, bug\u00fcn bir \u00e7al\u0131\u015fma toplant\u0131s\u0131 yap\u0131ld\u0131. Toplant\u0131, Cumhuriyet Meclisi Zalihe \u00c7avu\u015fo\u011flu Salonu\u2019nda ger\u00e7ekle\u015ftirildi. Toplant\u0131da; Cumhuriyet Meclisi Ba\u015fkan\u0131, KKTC -Azerbaycan Parlamentolar Aras\u0131 Dostluk Grubu Ba\u015fkan\u0131 Zorlu T\u00f6re, Azerbaycan \u2013Parlamentolar Aras\u0131 Dostluk Grubu Ba\u015fkan\u0131 Cavan\u015fir Feyziyev, T\u00fcrkiye\u2013 Azerbaycan Parlamentolar Aras\u0131 Dostluk Grubu Ba\u015fkan\u0131 \u015eamil Ayr\u0131m,<\/p>\n","protected":false},"author":1,"featured_media":41507,"comment_status":"open","ping_status":"open","sticky":false,"template":"","format":"standard","meta":{"footnotes":""},"categories":[1],"tags":[],"class_list":["post-41506","post","type-post","status-publish","format-standard","has-post-thumbnail","hentry","category-gundem"],"yoast_head":"<!-- This site is optimized with the Yoast SEO plugin v27.5 - https:\/\/yoast.com\/product\/yoast-seo-wordpress\/ -->\n<title>T\u00fcrkiye Azerbaycan KKTC Parlamentolar Aras\u0131 Dostluk Grubu ba\u015fkanlar\u0131 ve heyetleri aras\u0131nda \u00e7al\u0131\u015fma toplant\u0131s\u0131 yap\u0131ld\u0131 -<\/title>\n<meta name=\"robots\" content=\"index, follow, max-snippet:-1, max-image-preview:large, max-video-preview:-1\" \/>\n<link rel=\"canonical\" href=\"https:\/\/kibrisdakik.com\/?p=41506\" \/>\n<meta property=\"og:locale\" content=\"tr_TR\" \/>\n<meta property=\"og:type\" content=\"article\" \/>\n<meta property=\"og:title\" content=\"T\u00fcrkiye Azerbaycan KKTC Parlamentolar Aras\u0131 Dostluk Grubu ba\u015fkanlar\u0131 ve heyetleri aras\u0131nda \u00e7al\u0131\u015fma toplant\u0131s\u0131 yap\u0131ld\u0131 -\" \/>\n<meta property=\"og:description\" content=\"T\u00fcrkiye \u2013 Azerbaycan \u2013 KKTC Parlamentolar Aras\u0131 Dostluk Grubu ba\u015fkanlar\u0131 ve heyetleri aras\u0131nda, bug\u00fcn bir \u00e7al\u0131\u015fma toplant\u0131s\u0131 yap\u0131ld\u0131. Toplant\u0131, Cumhuriyet Meclisi Zalihe \u00c7avu\u015fo\u011flu Salonu\u2019nda ger\u00e7ekle\u015ftirildi. Toplant\u0131da; Cumhuriyet Meclisi Ba\u015fkan\u0131, KKTC -Azerbaycan Parlamentolar Aras\u0131 Dostluk Grubu Ba\u015fkan\u0131 Zorlu T\u00f6re, Azerbaycan \u2013Parlamentolar Aras\u0131 Dostluk Grubu Ba\u015fkan\u0131 Cavan\u015fir Feyziyev, T\u00fcrkiye\u2013 Azerbaycan Parlamentolar Aras\u0131 Dostluk Grubu Ba\u015fkan\u0131 \u015eamil Ayr\u0131m,\" \/>\n<meta property=\"og:url\" content=\"https:\/\/kibrisdakik.com\/?p=41506\" \/>\n<meta property=\"article:published_time\" content=\"2024-05-13T18:00:12+00:00\" \/>\n<meta property=\"og:image\" content=\"https:\/\/kibrisdakik.com\/wp-content\/uploads\/2024\/05\/calisma-toplantisi-ero-1-2-740x420.jpg\" \/>\n\t<meta property=\"og:image:width\" content=\"1504\" \/>\n\t<meta property=\"og:image:height\" content=\"1004\" \/>\n\t<meta property=\"og:image:type\" content=\"image\/jpeg\" \/>\n<meta name=\"author\" content=\"admin\" \/>\n<meta name=\"twitter:card\" content=\"summary_large_image\" \/>\n<meta name=\"twitter:label1\" content=\"Yazan:\" \/>\n\t<meta name=\"twitter:data1\" content=\"admin\" \/>\n\t<meta name=\"twitter:label2\" content=\"Tahmini okuma s\u00fcresi\" \/>\n\t<meta name=\"twitter:data2\" content=\"4 dakika\" \/>\n<script type=\"application\/ld+json\" class=\"yoast-schema-graph\">{\"@context\":\"https:\\\/\\\/schema.org\",\"@graph\":[{\"@type\":\"Article\",\"@id\":\"https:\\\/\\\/kibrisdakik.com\\\/?p=41506#article\",\"isPartOf\":{\"@id\":\"https:\\\/\\\/kibrisdakik.com\\\/?p=41506\"},\"author\":{\"name\":\"admin\",\"@id\":\"https:\\\/\\\/kibrisdakik.com\\\/#\\\/schema\\\/person\\\/9cd9d437bbb44f72b73ba127e06d8e79\"},\"headline\":\"T\u00fcrkiye Azerbaycan KKTC Parlamentolar Aras\u0131 Dostluk Grubu ba\u015fkanlar\u0131 ve heyetleri aras\u0131nda \u00e7al\u0131\u015fma toplant\u0131s\u0131 yap\u0131ld\u0131\",\"datePublished\":\"2024-05-13T18:00:12+00:00\",\"mainEntityOfPage\":{\"@id\":\"https:\\\/\\\/kibrisdakik.com\\\/?p=41506\"},\"wordCount\":757,\"commentCount\":0,\"image\":{\"@id\":\"https:\\\/\\\/kibrisdakik.com\\\/?p=41506#primaryimage\"},\"thumbnailUrl\":\"https:\\\/\\\/kibrisdakik.com\\\/wp-content\\\/uploads\\\/2024\\\/05\\\/calisma-toplantisi-ero-1-2-740x420.jpg\",\"articleSection\":[\"G\u00fcndem\"],\"inLanguage\":\"tr\",\"potentialAction\":[{\"@type\":\"CommentAction\",\"name\":\"Comment\",\"target\":[\"https:\\\/\\\/kibrisdakik.com\\\/?p=41506#respond\"]}]},{\"@type\":\"WebPage\",\"@id\":\"https:\\\/\\\/kibrisdakik.com\\\/?p=41506\",\"url\":\"https:\\\/\\\/kibrisdakik.com\\\/?p=41506\",\"name\":\"T\u00fcrkiye Azerbaycan KKTC Parlamentolar Aras\u0131 Dostluk Grubu ba\u015fkanlar\u0131 ve heyetleri aras\u0131nda \u00e7al\u0131\u015fma toplant\u0131s\u0131 yap\u0131ld\u0131 -\",\"isPartOf\":{\"@id\":\"https:\\\/\\\/kibrisdakik.com\\\/#website\"},\"primaryImageOfPage\":{\"@id\":\"https:\\\/\\\/kibrisdakik.com\\\/?p=41506#primaryimage\"},\"image\":{\"@id\":\"https:\\\/\\\/kibrisdakik.com\\\/?p=41506#primaryimage\"},\"thumbnailUrl\":\"https:\\\/\\\/kibrisdakik.com\\\/wp-content\\\/uploads\\\/2024\\\/05\\\/calisma-toplantisi-ero-1-2-740x420.jpg\",\"datePublished\":\"2024-05-13T18:00:12+00:00\",\"author\":{\"@id\":\"https:\\\/\\\/kibrisdakik.com\\\/#\\\/schema\\\/person\\\/9cd9d437bbb44f72b73ba127e06d8e79\"},\"breadcrumb\":{\"@id\":\"https:\\\/\\\/kibrisdakik.com\\\/?p=41506#breadcrumb\"},\"inLanguage\":\"tr\",\"potentialAction\":[{\"@type\":\"ReadAction\",\"target\":[\"https:\\\/\\\/kibrisdakik.com\\\/?p=41506\"]}]},{\"@type\":\"ImageObject\",\"inLanguage\":\"tr\",\"@id\":\"https:\\\/\\\/kibrisdakik.com\\\/?p=41506#primaryimage\",\"url\":\"https:\\\/\\\/kibrisdakik.com\\\/wp-content\\\/uploads\\\/2024\\\/05\\\/calisma-toplantisi-ero-1-2-740x420.jpg\",\"contentUrl\":\"https:\\\/\\\/kibrisdakik.com\\\/wp-content\\\/uploads\\\/2024\\\/05\\\/calisma-toplantisi-ero-1-2-740x420.jpg\",\"width\":1504,\"height\":1004},{\"@type\":\"BreadcrumbList\",\"@id\":\"https:\\\/\\\/kibrisdakik.com\\\/?p=41506#breadcrumb\",\"itemListElement\":[{\"@type\":\"ListItem\",\"position\":1,\"name\":\"Home\",\"item\":\"https:\\\/\\\/kibrisdakik.com\\\/\"},{\"@type\":\"ListItem\",\"position\":2,\"name\":\"T\u00fcrkiye Azerbaycan KKTC Parlamentolar Aras\u0131 Dostluk Grubu ba\u015fkanlar\u0131 ve heyetleri aras\u0131nda \u00e7al\u0131\u015fma toplant\u0131s\u0131 yap\u0131ld\u0131\"}]},{\"@type\":\"WebSite\",\"@id\":\"https:\\\/\\\/kibrisdakik.com\\\/#website\",\"url\":\"https:\\\/\\\/kibrisdakik.com\\\/\",\"name\":\"\",\"description\":\"Tam vaktinde haber\",\"potentialAction\":[{\"@type\":\"SearchAction\",\"target\":{\"@type\":\"EntryPoint\",\"urlTemplate\":\"https:\\\/\\\/kibrisdakik.com\\\/?s={search_term_string}\"},\"query-input\":{\"@type\":\"PropertyValueSpecification\",\"valueRequired\":true,\"valueName\":\"search_term_string\"}}],\"inLanguage\":\"tr\"},{\"@type\":\"Person\",\"@id\":\"https:\\\/\\\/kibrisdakik.com\\\/#\\\/schema\\\/person\\\/9cd9d437bbb44f72b73ba127e06d8e79\",\"name\":\"admin\",\"image\":{\"@type\":\"ImageObject\",\"inLanguage\":\"tr\",\"@id\":\"https:\\\/\\\/secure.gravatar.com\\\/avatar\\\/ccc17943b9d660506c869530f897617f7cb1c21a4bf30023f252596d83e1f007?s=96&d=mm&r=g\",\"url\":\"https:\\\/\\\/secure.gravatar.com\\\/avatar\\\/ccc17943b9d660506c869530f897617f7cb1c21a4bf30023f252596d83e1f007?s=96&d=mm&r=g\",\"contentUrl\":\"https:\\\/\\\/secure.gravatar.com\\\/avatar\\\/ccc17943b9d660506c869530f897617f7cb1c21a4bf30023f252596d83e1f007?s=96&d=mm&r=g\",\"caption\":\"admin\"},\"sameAs\":[\"https:\\\/\\\/kibrisdakik.com\"],\"url\":\"https:\\\/\\\/kibrisdakik.com\\\/?author=1\"}]}<\/script>\n<!-- \/ Yoast SEO plugin. -->","yoast_head_json":{"title":"T\u00fcrkiye Azerbaycan KKTC Parlamentolar Aras\u0131 Dostluk Grubu ba\u015fkanlar\u0131 ve heyetleri aras\u0131nda \u00e7al\u0131\u015fma toplant\u0131s\u0131 yap\u0131ld\u0131 -","robots":{"index":"index","follow":"follow","max-snippet":"max-snippet:-1","max-image-preview":"max-image-preview:large","max-video-preview":"max-video-preview:-1"},"canonical":"https:\/\/kibrisdakik.com\/?p=41506","og_locale":"tr_TR","og_type":"article","og_title":"T\u00fcrkiye Azerbaycan KKTC Parlamentolar Aras\u0131 Dostluk Grubu ba\u015fkanlar\u0131 ve heyetleri aras\u0131nda \u00e7al\u0131\u015fma toplant\u0131s\u0131 yap\u0131ld\u0131 -","og_description":"T\u00fcrkiye \u2013 Azerbaycan \u2013 KKTC Parlamentolar Aras\u0131 Dostluk Grubu ba\u015fkanlar\u0131 ve heyetleri aras\u0131nda, bug\u00fcn bir \u00e7al\u0131\u015fma toplant\u0131s\u0131 yap\u0131ld\u0131. Toplant\u0131, Cumhuriyet Meclisi Zalihe \u00c7avu\u015fo\u011flu Salonu\u2019nda ger\u00e7ekle\u015ftirildi. Toplant\u0131da; Cumhuriyet Meclisi Ba\u015fkan\u0131, KKTC -Azerbaycan Parlamentolar Aras\u0131 Dostluk Grubu Ba\u015fkan\u0131 Zorlu T\u00f6re, Azerbaycan \u2013Parlamentolar Aras\u0131 Dostluk Grubu Ba\u015fkan\u0131 Cavan\u015fir Feyziyev, T\u00fcrkiye\u2013 Azerbaycan Parlamentolar Aras\u0131 Dostluk Grubu Ba\u015fkan\u0131 \u015eamil Ayr\u0131m,","og_url":"https:\/\/kibrisdakik.com\/?p=41506","article_published_time":"2024-05-13T18:00:12+00:00","og_image":[{"width":1504,"height":1004,"url":"https:\/\/kibrisdakik.com\/wp-content\/uploads\/2024\/05\/calisma-toplantisi-ero-1-2-740x420.jpg","type":"image\/jpeg"}],"author":"admin","twitter_card":"summary_large_image","twitter_misc":{"Yazan:":"admin","Tahmini okuma s\u00fcresi":"4 dakika"},"schema":{"@context":"https:\/\/schema.org","@graph":[{"@type":"Article","@id":"https:\/\/kibrisdakik.com\/?p=41506#article","isPartOf":{"@id":"https:\/\/kibrisdakik.com\/?p=41506"},"author":{"name":"admin","@id":"https:\/\/kibrisdakik.com\/#\/schema\/person\/9cd9d437bbb44f72b73ba127e06d8e79"},"headline":"T\u00fcrkiye Azerbaycan KKTC Parlamentolar Aras\u0131 Dostluk Grubu ba\u015fkanlar\u0131 ve heyetleri aras\u0131nda \u00e7al\u0131\u015fma toplant\u0131s\u0131 yap\u0131ld\u0131","datePublished":"2024-05-13T18:00:12+00:00","mainEntityOfPage":{"@id":"https:\/\/kibrisdakik.com\/?p=41506"},"wordCount":757,"commentCount":0,"image":{"@id":"https:\/\/kibrisdakik.com\/?p=41506#primaryimage"},"thumbnailUrl":"https:\/\/kibrisdakik.com\/wp-content\/uploads\/2024\/05\/calisma-toplantisi-ero-1-2-740x420.jpg","articleSection":["G\u00fcndem"],"inLanguage":"tr","potentialAction":[{"@type":"CommentAction","name":"Comment","target":["https:\/\/kibrisdakik.com\/?p=41506#respond"]}]},{"@type":"WebPage","@id":"https:\/\/kibrisdakik.com\/?p=41506","url":"https:\/\/kibrisdakik.com\/?p=41506","name":"T\u00fcrkiye Azerbaycan KKTC Parlamentolar Aras\u0131 Dostluk Grubu ba\u015fkanlar\u0131 ve heyetleri aras\u0131nda \u00e7al\u0131\u015fma toplant\u0131s\u0131 yap\u0131ld\u0131 -","isPartOf":{"@id":"https:\/\/kibrisdakik.com\/#website"},"primaryImageOfPage":{"@id":"https:\/\/kibrisdakik.com\/?p=41506#primaryimage"},"image":{"@id":"https:\/\/kibrisdakik.com\/?p=41506#primaryimage"},"thumbnailUrl":"https:\/\/kibrisdakik.com\/wp-content\/uploads\/2024\/05\/calisma-toplantisi-ero-1-2-740x420.jpg","datePublished":"2024-05-13T18:00:12+00:00","author":{"@id":"https:\/\/kibrisdakik.com\/#\/schema\/person\/9cd9d437bbb44f72b73ba127e06d8e79"},"breadcrumb":{"@id":"https:\/\/kibrisdakik.com\/?p=41506#breadcrumb"},"inLanguage":"tr","potentialAction":[{"@type":"ReadAction","target":["https:\/\/kibrisdakik.com\/?p=41506"]}]},{"@type":"ImageObject","inLanguage":"tr","@id":"https:\/\/kibrisdakik.com\/?p=41506#primaryimage","url":"https:\/\/kibrisdakik.com\/wp-content\/uploads\/2024\/05\/calisma-toplantisi-ero-1-2-740x420.jpg","contentUrl":"https:\/\/kibrisdakik.com\/wp-content\/uploads\/2024\/05\/calisma-toplantisi-ero-1-2-740x420.jpg","width":1504,"height":1004},{"@type":"BreadcrumbList","@id":"https:\/\/kibrisdakik.com\/?p=41506#breadcrumb","itemListElement":[{"@type":"ListItem","position":1,"name":"Home","item":"https:\/\/kibrisdakik.com\/"},{"@type":"ListItem","position":2,"name":"T\u00fcrkiye Azerbaycan KKTC Parlamentolar Aras\u0131 Dostluk Grubu ba\u015fkanlar\u0131 ve heyetleri aras\u0131nda \u00e7al\u0131\u015fma toplant\u0131s\u0131 yap\u0131ld\u0131"}]},{"@type":"WebSite","@id":"https:\/\/kibrisdakik.com\/#website","url":"https:\/\/kibrisdakik.com\/","name":"","description":"Tam vaktinde haber","potentialAction":[{"@type":"SearchAction","target":{"@type":"EntryPoint","urlTemplate":"https:\/\/kibrisdakik.com\/?s={search_term_string}"},"query-input":{"@type":"PropertyValueSpecification","valueRequired":true,"valueName":"search_term_string"}}],"inLanguage":"tr"},{"@type":"Person","@id":"https:\/\/kibrisdakik.com\/#\/schema\/person\/9cd9d437bbb44f72b73ba127e06d8e79","name":"admin","image":{"@type":"ImageObject","inLanguage":"tr","@id":"https:\/\/secure.gravatar.com\/avatar\/ccc17943b9d660506c869530f897617f7cb1c21a4bf30023f252596d83e1f007?s=96&d=mm&r=g","url":"https:\/\/secure.gravatar.com\/avatar\/ccc17943b9d660506c869530f897617f7cb1c21a4bf30023f252596d83e1f007?s=96&d=mm&r=g","contentUrl":"https:\/\/secure.gravatar.com\/avatar\/ccc17943b9d660506c869530f897617f7cb1c21a4bf30023f252596d83e1f007?s=96&d=mm&r=g","caption":"admin"},"sameAs":["https:\/\/kibrisdakik.com"],"url":"https:\/\/kibrisdakik.com\/?author=1"}]}},"_links":{"self":[{"href":"https:\/\/kibrisdakik.com\/index.php?rest_route=\/wp\/v2\/posts\/41506","targetHints":{"allow":["GET"]}}],"collection":[{"href":"https:\/\/kibrisdakik.com\/index.php?rest_route=\/wp\/v2\/posts"}],"about":[{"href":"https:\/\/kibrisdakik.com\/index.php?rest_route=\/wp\/v2\/types\/post"}],"author":[{"embeddable":true,"href":"https:\/\/kibrisdakik.com\/index.php?rest_route=\/wp\/v2\/users\/1"}],"replies":[{"embeddable":true,"href":"https:\/\/kibrisdakik.com\/index.php?rest_route=%2Fwp%2Fv2%2Fcomments&post=41506"}],"version-history":[{"count":0,"href":"https:\/\/kibrisdakik.com\/index.php?rest_route=\/wp\/v2\/posts\/41506\/revisions"}],"wp:featuredmedia":[{"embeddable":true,"href":"https:\/\/kibrisdakik.com\/index.php?rest_route=\/wp\/v2\/media\/41507"}],"wp:attachment":[{"href":"https:\/\/kibrisdakik.com\/index.php?rest_route=%2Fwp%2Fv2%2Fmedia&parent=41506"}],"wp:term":[{"taxonomy":"category","embeddable":true,"href":"https:\/\/kibrisdakik.com\/index.php?rest_route=%2Fwp%2Fv2%2Fcategories&post=41506"},{"taxonomy":"post_tag","embeddable":true,"href":"https:\/\/kibrisdakik.com\/index.php?rest_route=%2Fwp%2Fv2%2Ftags&post=41506"}],"curies":[{"name":"wp","href":"https:\/\/api.w.org\/{rel}","templated":true}]}}