{"id":41572,"date":"2024-05-14T05:10:47","date_gmt":"2024-05-14T05:10:47","guid":{"rendered":"https:\/\/kibrisdakik.com\/index.php\/2024\/05\/14\/19-mayis-ataturku-anma-genclik-ve-spor-bayrami-haftasi-etkinlikleri-bugun-basliyor\/"},"modified":"2024-05-14T05:10:47","modified_gmt":"2024-05-14T05:10:47","slug":"19-mayis-ataturku-anma-genclik-ve-spor-bayrami-haftasi-etkinlikleri-bugun-basliyor","status":"publish","type":"post","link":"https:\/\/kibrisdakik.com\/?p=41572","title":{"rendered":"19 May\u0131s Atat\u00fcrk\u2019\u00fc Anma, Gen\u00e7lik ve Spor Bayram\u0131 Haftas\u0131 etkinlikleri bug\u00fcn ba\u015fl\u0131yor"},"content":{"rendered":"<p><\/p>\n<div>\n<div class=\"mariselle-image-container center\">\n                <img loading=\"lazy\" decoding=\"async\" width=\"1280\" height=\"720\" class=\"lazy-image\" alt=\"\" sizes=\"auto, (max-width: 1280px) 100vw, 1280px\" src=\"https:\/\/brtk.net\/wp-content\/uploads\/2024\/05\/14\/19-mayis.webp?ver=c44d20e267a32db32ae985ccc2672402\" srcset=\"https:\/\/brtk.net\/wp-content\/uploads\/2024\/05\/14\/19-mayis.webp?ver=c44d20e267a32db32ae985ccc2672402 1280w, https:\/\/brtk.net\/wp-content\/uploads\/2024\/05\/14\/19-mayis-300x169.webp?ver=81e82780b010074b4f4d129fb43ed666 300w, https:\/\/brtk.net\/wp-content\/uploads\/2024\/05\/14\/19-mayis-1024x576.webp?ver=81e82780b010074b4f4d129fb43ed666 1024w, https:\/\/brtk.net\/wp-content\/uploads\/2024\/05\/14\/19-mayis-768x432.webp?ver=81e82780b010074b4f4d129fb43ed666 768w\"\/>                            <\/div>\n<p>Ulu \u00d6nder Mustafa Kemal Atat\u00fcrk\u2019\u00fcn Samsun\u2019a \u00e7\u0131karak ba\u015flatt\u0131\u011f\u0131 kurtulu\u015f m\u00fccadelesinin 105\u2019inci y\u0131l\u0131 ve 19 May\u0131s Atat\u00fcrk\u2019\u00fc Anma, Gen\u00e7lik ve Spor Bayram\u0131, <a href=\"https:\/\/brtk.net\/\">KKTC<\/a>\u2019de de t\u00f6ren ve etkinliklerle kutlanacak.<\/p>\n<p>Milli E\u011fitim Bakanl\u0131\u011f\u0131\u2019n\u0131n d\u00fczenledi\u011fi \u201c19 May\u0131s Atat\u00fcrk\u2019\u00fc Anma, Gen\u00e7lik ve Spor Bayram\u0131 Haftas\u0131\u201d etkinlikleri bug\u00fcn 09.19\u2019da a\u00e7\u0131l\u0131\u015f t\u00f6reni ile ba\u015flayacak.<\/p>\n<p>T\u00f6rende, Lefko\u015fa Merkez okullar\u0131ndan gelecek \u00f6\u011frenciler, sorumlu \u00f6\u011fretmenler ve sporcular, Milli E\u011fitim Bakan\u0131 Naz\u0131m \u00c7avu\u015fo\u011flu ile birlikte \u201cGen\u00e7lik Me\u015falesi\u201dni yakacak ve 19 May\u0131s Atat\u00fcrk\u2019\u00fc Anma, Gen\u00e7lik ve Spor Bayram\u0131 etkinlik haftas\u0131n\u0131n a\u00e7\u0131l\u0131\u015f\u0131n\u0131 ger\u00e7ekle\u015ftirecek. Etkinlik Lefko\u015fa Girne Kap\u0131s\u0131 \u2013 Atat\u00fcrk An\u0131t\u0131nda yer alacak.<br \/>19 May\u0131s Atat\u00fcrk\u2019\u00fc Anma Gen\u00e7lik ve Spor Bayram\u0131 kutlamalar\u0131 kapsam\u0131nda Milli E\u011fitim Bakan\u0131 Naz\u0131m \u00c7avu\u015fo\u011flu Pazar sabah\u0131 saat 08.00\u2019de Bayrak Radyo ve Televizyonu\u2019ndan konu\u015fma yapacak.<\/p>\n<p>Saat 09.00\u2019da da 19 May\u0131s Atat\u00fcrk\u2019\u00fc Anma, Gen\u00e7lik ve Spor Bayram\u0131 Devlet T\u00f6reni Atat\u00fcrk An\u0131t\u0131 \u00f6n\u00fcnde yer alacak. T\u00f6rende, An\u0131tkabir\u2019den getirilen toprak TC Lefko\u015fa B\u00fcy\u00fckel\u00e7isi Metin Feyzio\u011flu taraf\u0131ndan Cumhurba\u015fkan\u0131 <a href=\"https:\/\/brtk.net\/\" target=\"_blank\" rel=\"noopener\">Ersin Tatar<\/a>\u2019a takdim edilecek, an\u0131ta \u00e7elenkler sunulacak, sayg\u0131 duru\u015fu ve \u0130stiklal Mar\u015f\u0131 e\u015fli\u011finde bayraklar g\u00f6ndere \u00e7ekilecek.<\/p>\n<p>Saat 18.00\u2019de de Lefko\u015fa merkez okullar\u0131ndan gelecek \u00f6\u011frenci ve \u00f6\u011fretmenler, \u00fcniversiteler, Spor Dairesi\u2019ne ba\u011fl\u0131 federasyon, kul\u00fcp ve dernekler, sivil toplum \u00f6rg\u00fctleri ve halk\u0131n kat\u0131l\u0131m\u0131yla \u201c105. Y\u0131l Korteji\u201d ger\u00e7ekle\u015ftirilecek. <\/p>\n<p>Saat 19.19\u2019da da Kortejin Dereboyu\u2019na varmas\u0131n\u0131n ard\u0131ndan G\u00fcvenlik Kuvvetleri Bando Tak\u0131m\u0131 ve Lefko\u015fa Anadolu G\u00fczel Sanatlar Lisesi konser verecek.<\/p>\n<p>\u00d6te yandan bakanl\u0131ktan verilen bilgiye g\u00f6re, hafta dolay\u0131s\u0131yla t\u00f6ren ve etkinlikler \u00e7er\u00e7evesinde \u00f6\u011frencilerin kat\u0131laca\u011f\u0131 kortej, dans g\u00f6sterileri, sportif, k\u00fclt\u00fcrel, sosyal ve \u00e7evresel aktiviteler ger\u00e7ekle\u015ftirilecek, devlet ve h\u00fck\u00fcmet yetkilileri de ziyaret edilecek.<\/p>\n<\/p><\/div>\n<p><script async\n                    defer\n                    crossorigin=\"anonymous\"\n                    src=\"https:\/\/connect.facebook.net\/tr_TR\/sdk.js#xfbml=1&#038;version=v3.3\"\n            ><\/script><\/p>\n","protected":false},"excerpt":{"rendered":"<p>Ulu \u00d6nder Mustafa Kemal Atat\u00fcrk\u2019\u00fcn Samsun\u2019a \u00e7\u0131karak ba\u015flatt\u0131\u011f\u0131 kurtulu\u015f m\u00fccadelesinin 105\u2019inci y\u0131l\u0131 ve 19 May\u0131s Atat\u00fcrk\u2019\u00fc Anma, Gen\u00e7lik ve Spor Bayram\u0131, KKTC\u2019de de t\u00f6ren ve etkinliklerle kutlanacak. Milli E\u011fitim Bakanl\u0131\u011f\u0131\u2019n\u0131n d\u00fczenledi\u011fi \u201c19 May\u0131s Atat\u00fcrk\u2019\u00fc Anma, Gen\u00e7lik ve Spor Bayram\u0131 Haftas\u0131\u201d etkinlikleri bug\u00fcn 09.19\u2019da a\u00e7\u0131l\u0131\u015f t\u00f6reni ile ba\u015flayacak. T\u00f6rende, Lefko\u015fa Merkez okullar\u0131ndan gelecek \u00f6\u011frenciler, sorumlu \u00f6\u011fretmenler<\/p>\n","protected":false},"author":1,"featured_media":41573,"comment_status":"open","ping_status":"open","sticky":false,"template":"","format":"standard","meta":{"footnotes":""},"categories":[1],"tags":[],"class_list":["post-41572","post","type-post","status-publish","format-standard","has-post-thumbnail","hentry","category-gundem"],"yoast_head":"<!-- This site is optimized with the Yoast SEO plugin v27.5 - https:\/\/yoast.com\/product\/yoast-seo-wordpress\/ -->\n<title>19 May\u0131s Atat\u00fcrk\u2019\u00fc Anma, Gen\u00e7lik ve Spor Bayram\u0131 Haftas\u0131 etkinlikleri bug\u00fcn ba\u015fl\u0131yor -<\/title>\n<meta name=\"robots\" content=\"index, follow, max-snippet:-1, max-image-preview:large, max-video-preview:-1\" \/>\n<link rel=\"canonical\" href=\"https:\/\/kibrisdakik.com\/?p=41572\" \/>\n<meta property=\"og:locale\" content=\"tr_TR\" \/>\n<meta property=\"og:type\" content=\"article\" \/>\n<meta property=\"og:title\" content=\"19 May\u0131s Atat\u00fcrk\u2019\u00fc Anma, Gen\u00e7lik ve Spor Bayram\u0131 Haftas\u0131 etkinlikleri bug\u00fcn ba\u015fl\u0131yor -\" \/>\n<meta property=\"og:description\" content=\"Ulu \u00d6nder Mustafa Kemal Atat\u00fcrk\u2019\u00fcn Samsun\u2019a \u00e7\u0131karak ba\u015flatt\u0131\u011f\u0131 kurtulu\u015f m\u00fccadelesinin 105\u2019inci y\u0131l\u0131 ve 19 May\u0131s Atat\u00fcrk\u2019\u00fc Anma, Gen\u00e7lik ve Spor Bayram\u0131, KKTC\u2019de de t\u00f6ren ve etkinliklerle kutlanacak. Milli E\u011fitim Bakanl\u0131\u011f\u0131\u2019n\u0131n d\u00fczenledi\u011fi \u201c19 May\u0131s Atat\u00fcrk\u2019\u00fc Anma, Gen\u00e7lik ve Spor Bayram\u0131 Haftas\u0131\u201d etkinlikleri bug\u00fcn 09.19\u2019da a\u00e7\u0131l\u0131\u015f t\u00f6reni ile ba\u015flayacak. T\u00f6rende, Lefko\u015fa Merkez okullar\u0131ndan gelecek \u00f6\u011frenciler, sorumlu \u00f6\u011fretmenler\" \/>\n<meta property=\"og:url\" content=\"https:\/\/kibrisdakik.com\/?p=41572\" \/>\n<meta property=\"article:published_time\" content=\"2024-05-14T05:10:47+00:00\" \/>\n<meta property=\"og:image\" content=\"https:\/\/kibrisdakik.com\/wp-content\/uploads\/2024\/05\/19-mayis.webp-740x420.webp\" \/>\n\t<meta property=\"og:image:width\" content=\"1280\" \/>\n\t<meta property=\"og:image:height\" content=\"720\" \/>\n\t<meta property=\"og:image:type\" content=\"image\/webp\" \/>\n<meta name=\"author\" content=\"admin\" \/>\n<meta name=\"twitter:card\" content=\"summary_large_image\" \/>\n<meta name=\"twitter:label1\" content=\"Yazan:\" \/>\n\t<meta name=\"twitter:data1\" content=\"admin\" \/>\n\t<meta name=\"twitter:label2\" content=\"Tahmini okuma s\u00fcresi\" \/>\n\t<meta name=\"twitter:data2\" content=\"2 dakika\" \/>\n<script type=\"application\/ld+json\" class=\"yoast-schema-graph\">{\"@context\":\"https:\\\/\\\/schema.org\",\"@graph\":[{\"@type\":\"Article\",\"@id\":\"https:\\\/\\\/kibrisdakik.com\\\/?p=41572#article\",\"isPartOf\":{\"@id\":\"https:\\\/\\\/kibrisdakik.com\\\/?p=41572\"},\"author\":{\"name\":\"admin\",\"@id\":\"https:\\\/\\\/kibrisdakik.com\\\/#\\\/schema\\\/person\\\/9cd9d437bbb44f72b73ba127e06d8e79\"},\"headline\":\"19 May\u0131s Atat\u00fcrk\u2019\u00fc Anma, Gen\u00e7lik ve Spor Bayram\u0131 Haftas\u0131 etkinlikleri bug\u00fcn ba\u015fl\u0131yor\",\"datePublished\":\"2024-05-14T05:10:47+00:00\",\"mainEntityOfPage\":{\"@id\":\"https:\\\/\\\/kibrisdakik.com\\\/?p=41572\"},\"wordCount\":362,\"commentCount\":0,\"image\":{\"@id\":\"https:\\\/\\\/kibrisdakik.com\\\/?p=41572#primaryimage\"},\"thumbnailUrl\":\"https:\\\/\\\/kibrisdakik.com\\\/wp-content\\\/uploads\\\/2024\\\/05\\\/19-mayis.webp-740x420.webp\",\"articleSection\":[\"G\u00fcndem\"],\"inLanguage\":\"tr\",\"potentialAction\":[{\"@type\":\"CommentAction\",\"name\":\"Comment\",\"target\":[\"https:\\\/\\\/kibrisdakik.com\\\/?p=41572#respond\"]}]},{\"@type\":\"WebPage\",\"@id\":\"https:\\\/\\\/kibrisdakik.com\\\/?p=41572\",\"url\":\"https:\\\/\\\/kibrisdakik.com\\\/?p=41572\",\"name\":\"19 May\u0131s Atat\u00fcrk\u2019\u00fc Anma, Gen\u00e7lik ve Spor Bayram\u0131 Haftas\u0131 etkinlikleri bug\u00fcn ba\u015fl\u0131yor -\",\"isPartOf\":{\"@id\":\"https:\\\/\\\/kibrisdakik.com\\\/#website\"},\"primaryImageOfPage\":{\"@id\":\"https:\\\/\\\/kibrisdakik.com\\\/?p=41572#primaryimage\"},\"image\":{\"@id\":\"https:\\\/\\\/kibrisdakik.com\\\/?p=41572#primaryimage\"},\"thumbnailUrl\":\"https:\\\/\\\/kibrisdakik.com\\\/wp-content\\\/uploads\\\/2024\\\/05\\\/19-mayis.webp-740x420.webp\",\"datePublished\":\"2024-05-14T05:10:47+00:00\",\"author\":{\"@id\":\"https:\\\/\\\/kibrisdakik.com\\\/#\\\/schema\\\/person\\\/9cd9d437bbb44f72b73ba127e06d8e79\"},\"breadcrumb\":{\"@id\":\"https:\\\/\\\/kibrisdakik.com\\\/?p=41572#breadcrumb\"},\"inLanguage\":\"tr\",\"potentialAction\":[{\"@type\":\"ReadAction\",\"target\":[\"https:\\\/\\\/kibrisdakik.com\\\/?p=41572\"]}]},{\"@type\":\"ImageObject\",\"inLanguage\":\"tr\",\"@id\":\"https:\\\/\\\/kibrisdakik.com\\\/?p=41572#primaryimage\",\"url\":\"https:\\\/\\\/kibrisdakik.com\\\/wp-content\\\/uploads\\\/2024\\\/05\\\/19-mayis.webp-740x420.webp\",\"contentUrl\":\"https:\\\/\\\/kibrisdakik.com\\\/wp-content\\\/uploads\\\/2024\\\/05\\\/19-mayis.webp-740x420.webp\",\"width\":1280,\"height\":720},{\"@type\":\"BreadcrumbList\",\"@id\":\"https:\\\/\\\/kibrisdakik.com\\\/?p=41572#breadcrumb\",\"itemListElement\":[{\"@type\":\"ListItem\",\"position\":1,\"name\":\"Home\",\"item\":\"https:\\\/\\\/kibrisdakik.com\\\/\"},{\"@type\":\"ListItem\",\"position\":2,\"name\":\"19 May\u0131s Atat\u00fcrk\u2019\u00fc Anma, Gen\u00e7lik ve Spor Bayram\u0131 Haftas\u0131 etkinlikleri bug\u00fcn ba\u015fl\u0131yor\"}]},{\"@type\":\"WebSite\",\"@id\":\"https:\\\/\\\/kibrisdakik.com\\\/#website\",\"url\":\"https:\\\/\\\/kibrisdakik.com\\\/\",\"name\":\"\",\"description\":\"Tam vaktinde haber\",\"potentialAction\":[{\"@type\":\"SearchAction\",\"target\":{\"@type\":\"EntryPoint\",\"urlTemplate\":\"https:\\\/\\\/kibrisdakik.com\\\/?s={search_term_string}\"},\"query-input\":{\"@type\":\"PropertyValueSpecification\",\"valueRequired\":true,\"valueName\":\"search_term_string\"}}],\"inLanguage\":\"tr\"},{\"@type\":\"Person\",\"@id\":\"https:\\\/\\\/kibrisdakik.com\\\/#\\\/schema\\\/person\\\/9cd9d437bbb44f72b73ba127e06d8e79\",\"name\":\"admin\",\"image\":{\"@type\":\"ImageObject\",\"inLanguage\":\"tr\",\"@id\":\"https:\\\/\\\/secure.gravatar.com\\\/avatar\\\/ccc17943b9d660506c869530f897617f7cb1c21a4bf30023f252596d83e1f007?s=96&d=mm&r=g\",\"url\":\"https:\\\/\\\/secure.gravatar.com\\\/avatar\\\/ccc17943b9d660506c869530f897617f7cb1c21a4bf30023f252596d83e1f007?s=96&d=mm&r=g\",\"contentUrl\":\"https:\\\/\\\/secure.gravatar.com\\\/avatar\\\/ccc17943b9d660506c869530f897617f7cb1c21a4bf30023f252596d83e1f007?s=96&d=mm&r=g\",\"caption\":\"admin\"},\"sameAs\":[\"https:\\\/\\\/kibrisdakik.com\"],\"url\":\"https:\\\/\\\/kibrisdakik.com\\\/?author=1\"}]}<\/script>\n<!-- \/ Yoast SEO plugin. -->","yoast_head_json":{"title":"19 May\u0131s Atat\u00fcrk\u2019\u00fc Anma, Gen\u00e7lik ve Spor Bayram\u0131 Haftas\u0131 etkinlikleri bug\u00fcn ba\u015fl\u0131yor -","robots":{"index":"index","follow":"follow","max-snippet":"max-snippet:-1","max-image-preview":"max-image-preview:large","max-video-preview":"max-video-preview:-1"},"canonical":"https:\/\/kibrisdakik.com\/?p=41572","og_locale":"tr_TR","og_type":"article","og_title":"19 May\u0131s Atat\u00fcrk\u2019\u00fc Anma, Gen\u00e7lik ve Spor Bayram\u0131 Haftas\u0131 etkinlikleri bug\u00fcn ba\u015fl\u0131yor -","og_description":"Ulu \u00d6nder Mustafa Kemal Atat\u00fcrk\u2019\u00fcn Samsun\u2019a \u00e7\u0131karak ba\u015flatt\u0131\u011f\u0131 kurtulu\u015f m\u00fccadelesinin 105\u2019inci y\u0131l\u0131 ve 19 May\u0131s Atat\u00fcrk\u2019\u00fc Anma, Gen\u00e7lik ve Spor Bayram\u0131, KKTC\u2019de de t\u00f6ren ve etkinliklerle kutlanacak. Milli E\u011fitim Bakanl\u0131\u011f\u0131\u2019n\u0131n d\u00fczenledi\u011fi \u201c19 May\u0131s Atat\u00fcrk\u2019\u00fc Anma, Gen\u00e7lik ve Spor Bayram\u0131 Haftas\u0131\u201d etkinlikleri bug\u00fcn 09.19\u2019da a\u00e7\u0131l\u0131\u015f t\u00f6reni ile ba\u015flayacak. T\u00f6rende, Lefko\u015fa Merkez okullar\u0131ndan gelecek \u00f6\u011frenciler, sorumlu \u00f6\u011fretmenler","og_url":"https:\/\/kibrisdakik.com\/?p=41572","article_published_time":"2024-05-14T05:10:47+00:00","og_image":[{"width":1280,"height":720,"url":"https:\/\/kibrisdakik.com\/wp-content\/uploads\/2024\/05\/19-mayis.webp-740x420.webp","type":"image\/webp"}],"author":"admin","twitter_card":"summary_large_image","twitter_misc":{"Yazan:":"admin","Tahmini okuma s\u00fcresi":"2 dakika"},"schema":{"@context":"https:\/\/schema.org","@graph":[{"@type":"Article","@id":"https:\/\/kibrisdakik.com\/?p=41572#article","isPartOf":{"@id":"https:\/\/kibrisdakik.com\/?p=41572"},"author":{"name":"admin","@id":"https:\/\/kibrisdakik.com\/#\/schema\/person\/9cd9d437bbb44f72b73ba127e06d8e79"},"headline":"19 May\u0131s Atat\u00fcrk\u2019\u00fc Anma, Gen\u00e7lik ve Spor Bayram\u0131 Haftas\u0131 etkinlikleri bug\u00fcn ba\u015fl\u0131yor","datePublished":"2024-05-14T05:10:47+00:00","mainEntityOfPage":{"@id":"https:\/\/kibrisdakik.com\/?p=41572"},"wordCount":362,"commentCount":0,"image":{"@id":"https:\/\/kibrisdakik.com\/?p=41572#primaryimage"},"thumbnailUrl":"https:\/\/kibrisdakik.com\/wp-content\/uploads\/2024\/05\/19-mayis.webp-740x420.webp","articleSection":["G\u00fcndem"],"inLanguage":"tr","potentialAction":[{"@type":"CommentAction","name":"Comment","target":["https:\/\/kibrisdakik.com\/?p=41572#respond"]}]},{"@type":"WebPage","@id":"https:\/\/kibrisdakik.com\/?p=41572","url":"https:\/\/kibrisdakik.com\/?p=41572","name":"19 May\u0131s Atat\u00fcrk\u2019\u00fc Anma, Gen\u00e7lik ve Spor Bayram\u0131 Haftas\u0131 etkinlikleri bug\u00fcn ba\u015fl\u0131yor -","isPartOf":{"@id":"https:\/\/kibrisdakik.com\/#website"},"primaryImageOfPage":{"@id":"https:\/\/kibrisdakik.com\/?p=41572#primaryimage"},"image":{"@id":"https:\/\/kibrisdakik.com\/?p=41572#primaryimage"},"thumbnailUrl":"https:\/\/kibrisdakik.com\/wp-content\/uploads\/2024\/05\/19-mayis.webp-740x420.webp","datePublished":"2024-05-14T05:10:47+00:00","author":{"@id":"https:\/\/kibrisdakik.com\/#\/schema\/person\/9cd9d437bbb44f72b73ba127e06d8e79"},"breadcrumb":{"@id":"https:\/\/kibrisdakik.com\/?p=41572#breadcrumb"},"inLanguage":"tr","potentialAction":[{"@type":"ReadAction","target":["https:\/\/kibrisdakik.com\/?p=41572"]}]},{"@type":"ImageObject","inLanguage":"tr","@id":"https:\/\/kibrisdakik.com\/?p=41572#primaryimage","url":"https:\/\/kibrisdakik.com\/wp-content\/uploads\/2024\/05\/19-mayis.webp-740x420.webp","contentUrl":"https:\/\/kibrisdakik.com\/wp-content\/uploads\/2024\/05\/19-mayis.webp-740x420.webp","width":1280,"height":720},{"@type":"BreadcrumbList","@id":"https:\/\/kibrisdakik.com\/?p=41572#breadcrumb","itemListElement":[{"@type":"ListItem","position":1,"name":"Home","item":"https:\/\/kibrisdakik.com\/"},{"@type":"ListItem","position":2,"name":"19 May\u0131s Atat\u00fcrk\u2019\u00fc Anma, Gen\u00e7lik ve Spor Bayram\u0131 Haftas\u0131 etkinlikleri bug\u00fcn ba\u015fl\u0131yor"}]},{"@type":"WebSite","@id":"https:\/\/kibrisdakik.com\/#website","url":"https:\/\/kibrisdakik.com\/","name":"","description":"Tam vaktinde haber","potentialAction":[{"@type":"SearchAction","target":{"@type":"EntryPoint","urlTemplate":"https:\/\/kibrisdakik.com\/?s={search_term_string}"},"query-input":{"@type":"PropertyValueSpecification","valueRequired":true,"valueName":"search_term_string"}}],"inLanguage":"tr"},{"@type":"Person","@id":"https:\/\/kibrisdakik.com\/#\/schema\/person\/9cd9d437bbb44f72b73ba127e06d8e79","name":"admin","image":{"@type":"ImageObject","inLanguage":"tr","@id":"https:\/\/secure.gravatar.com\/avatar\/ccc17943b9d660506c869530f897617f7cb1c21a4bf30023f252596d83e1f007?s=96&d=mm&r=g","url":"https:\/\/secure.gravatar.com\/avatar\/ccc17943b9d660506c869530f897617f7cb1c21a4bf30023f252596d83e1f007?s=96&d=mm&r=g","contentUrl":"https:\/\/secure.gravatar.com\/avatar\/ccc17943b9d660506c869530f897617f7cb1c21a4bf30023f252596d83e1f007?s=96&d=mm&r=g","caption":"admin"},"sameAs":["https:\/\/kibrisdakik.com"],"url":"https:\/\/kibrisdakik.com\/?author=1"}]}},"_links":{"self":[{"href":"https:\/\/kibrisdakik.com\/index.php?rest_route=\/wp\/v2\/posts\/41572","targetHints":{"allow":["GET"]}}],"collection":[{"href":"https:\/\/kibrisdakik.com\/index.php?rest_route=\/wp\/v2\/posts"}],"about":[{"href":"https:\/\/kibrisdakik.com\/index.php?rest_route=\/wp\/v2\/types\/post"}],"author":[{"embeddable":true,"href":"https:\/\/kibrisdakik.com\/index.php?rest_route=\/wp\/v2\/users\/1"}],"replies":[{"embeddable":true,"href":"https:\/\/kibrisdakik.com\/index.php?rest_route=%2Fwp%2Fv2%2Fcomments&post=41572"}],"version-history":[{"count":0,"href":"https:\/\/kibrisdakik.com\/index.php?rest_route=\/wp\/v2\/posts\/41572\/revisions"}],"wp:featuredmedia":[{"embeddable":true,"href":"https:\/\/kibrisdakik.com\/index.php?rest_route=\/wp\/v2\/media\/41573"}],"wp:attachment":[{"href":"https:\/\/kibrisdakik.com\/index.php?rest_route=%2Fwp%2Fv2%2Fmedia&parent=41572"}],"wp:term":[{"taxonomy":"category","embeddable":true,"href":"https:\/\/kibrisdakik.com\/index.php?rest_route=%2Fwp%2Fv2%2Fcategories&post=41572"},{"taxonomy":"post_tag","embeddable":true,"href":"https:\/\/kibrisdakik.com\/index.php?rest_route=%2Fwp%2Fv2%2Ftags&post=41572"}],"curies":[{"name":"wp","href":"https:\/\/api.w.org\/{rel}","templated":true}]}}