{"id":41690,"date":"2024-05-14T13:13:00","date_gmt":"2024-05-14T13:13:00","guid":{"rendered":"https:\/\/kibrisdakik.com\/index.php\/2024\/05\/14\/ipek-koza-festivali-kapsaminda-egitim-projesi-gerceklestirildi-2\/"},"modified":"2024-05-14T13:13:00","modified_gmt":"2024-05-14T13:13:00","slug":"ipek-koza-festivali-kapsaminda-egitim-projesi-gerceklestirildi-2","status":"publish","type":"post","link":"https:\/\/kibrisdakik.com\/?p=41690","title":{"rendered":"\u0130pek Koza Festivali kapsam\u0131nda \u201cE\u011fitim Projesi\u201d ger\u00e7ekle\u015ftirildi"},"content":{"rendered":"<p><img decoding=\"async\" src=\"https:\/\/www.kibristurk.com\/images\/haberler\/2024\/05\/ipek-koza-festivali-kapsaminda-egitim-projesi-gerceklestirildi-1715692507.webp\" \/><\/p>\n<p><span style=\"font-size:16px !important\"><span style=\"font-family:Merriweather,serif !important\"><span style=\"color:#000000 !important\">Ye\u015fil Bar\u0131\u015f Hareketi \u00f6nc\u00fcl\u00fc\u011f\u00fcnde, Milli E\u011fitim Bakanl\u0131\u011f\u0131 ve Girne Belediyesi katk\u0131lar\u0131 ile hayat bulan proje, Girne b\u00f6lgesi ilkokullar\u0131nda e\u011fitim g\u00f6ren \u00f6\u011frencilere; ipek b\u00f6ce\u011fi, ipek b\u00f6ce\u011fi yeti\u015ftirme ve ipek kozalar\u0131n\u0131n k\u00fclt\u00fcr, sanat, turizm ve \u00fcretim ba\u015fl\u0131klar\u0131 ile \u00fclkedeki \u00f6nemi gibi konular aktar\u0131lmas\u0131na olanak sa\u011flad\u0131.<\/span><\/span><\/span><\/p>\n<p>&nbsp;<\/p>\n<p><span style=\"font-size:16px !important\"><span style=\"font-family:Merriweather,serif !important\"><span style=\"color:#000000 !important\">Girne Belediyesinden verilen bilgiye g\u00f6re, iki y\u0131ld\u0131r s\u00fcregelen ve okullar\u0131n ziyaret edilmesi ile hayat bulan proje \u00e7er\u00e7evesinde \u00f6\u011frencilere, ipek b\u00f6ce\u011finin ya\u015fam d\u00f6ng\u00fcs\u00fcn\u00fc anlatan k\u0131sa bir video izletilerek; ya\u015fam d\u00f6ng\u00fcs\u00fc hakk\u0131nda bilgi verildi.<\/span><\/span><\/span><\/p>\n<p>&nbsp;<\/p>\n<p><span style=\"font-size:16px !important\"><span style=\"font-family:Merriweather,serif !important\"><span style=\"color:#000000 !important\">Ayr\u0131ca ipek b\u00f6ceklerini yak\u0131ndan inceleme f\u0131rsat\u0131 sunan e\u011fitimlerle \u00f6\u011frencilere, k\u00fc\u00e7\u00fck ya\u015flardan itibaren fark\u0131ndal\u0131k a\u015f\u0131lanmas\u0131 hedeflendi.<\/span><\/span><\/span><\/p>\n<p>&nbsp;<\/p>\n<p><span style=\"font-size:16px !important\"><span style=\"font-family:Merriweather,serif !important\"><span style=\"color:#000000 !important\">-\u201cHer okula bir a\u011fa\u00e7\u201d<\/span><\/span><\/span><\/p>\n<p>&nbsp;<\/p>\n<p><span style=\"font-size:16px !important\"><span style=\"font-family:Merriweather,serif !important\"><span style=\"color:#000000 !important\">Projenin bir di\u011fer amac\u0131n\u0131n ise \u00fclkede her ge\u00e7en g\u00fcn azalmakta olan a\u011fa\u00e7 say\u0131s\u0131n\u0131 art\u0131rmak ve en \u00f6nemlisi de ipek b\u00f6ceklerinin ya\u015fam kayna\u011f\u0131 olan beyaz dut a\u011fa\u00e7lar\u0131n\u0131n say\u0131s\u0131n\u0131 yeniden, eski g\u00fcnlerdeki haline getirmek oldu\u011funa dikkat \u00e7ekilen a\u00e7\u0131klamada; ziyaret edilen her okula \u00f6\u011frenciler taraf\u0131ndan, en az bir beyaz dut a\u011fac\u0131 dikildi\u011fine yer verildi.<\/span><\/span><\/span><\/p>\n<p>&nbsp;<\/p>\n","protected":false},"excerpt":{"rendered":"<p>Ye\u015fil Bar\u0131\u015f Hareketi \u00f6nc\u00fcl\u00fc\u011f\u00fcnde, Milli E\u011fitim Bakanl\u0131\u011f\u0131 ve Girne Belediyesi katk\u0131lar\u0131 ile hayat bulan proje, Girne b\u00f6lgesi ilkokullar\u0131nda e\u011fitim g\u00f6ren \u00f6\u011frencilere; ipek b\u00f6ce\u011fi, ipek b\u00f6ce\u011fi yeti\u015ftirme ve ipek kozalar\u0131n\u0131n k\u00fclt\u00fcr, sanat, turizm ve \u00fcretim ba\u015fl\u0131klar\u0131 ile \u00fclkedeki \u00f6nemi gibi konular aktar\u0131lmas\u0131na olanak sa\u011flad\u0131. &nbsp; Girne Belediyesinden verilen bilgiye g\u00f6re, iki y\u0131ld\u0131r s\u00fcregelen ve okullar\u0131n ziyaret<\/p>\n","protected":false},"author":1,"featured_media":41691,"comment_status":"open","ping_status":"open","sticky":false,"template":"","format":"standard","meta":{"footnotes":""},"categories":[1],"tags":[],"class_list":["post-41690","post","type-post","status-publish","format-standard","has-post-thumbnail","hentry","category-gundem"],"yoast_head":"<!-- This site is optimized with the Yoast SEO plugin v27.4 - https:\/\/yoast.com\/product\/yoast-seo-wordpress\/ -->\n<title>\u0130pek Koza Festivali kapsam\u0131nda \u201cE\u011fitim Projesi\u201d ger\u00e7ekle\u015ftirildi -<\/title>\n<meta name=\"robots\" content=\"index, follow, max-snippet:-1, max-image-preview:large, max-video-preview:-1\" \/>\n<link rel=\"canonical\" href=\"https:\/\/kibrisdakik.com\/?p=41690\" \/>\n<meta property=\"og:locale\" content=\"tr_TR\" \/>\n<meta property=\"og:type\" content=\"article\" \/>\n<meta property=\"og:title\" content=\"\u0130pek Koza Festivali kapsam\u0131nda \u201cE\u011fitim Projesi\u201d ger\u00e7ekle\u015ftirildi -\" \/>\n<meta property=\"og:description\" content=\"Ye\u015fil Bar\u0131\u015f Hareketi \u00f6nc\u00fcl\u00fc\u011f\u00fcnde, Milli E\u011fitim Bakanl\u0131\u011f\u0131 ve Girne Belediyesi katk\u0131lar\u0131 ile hayat bulan proje, Girne b\u00f6lgesi ilkokullar\u0131nda e\u011fitim g\u00f6ren \u00f6\u011frencilere; ipek b\u00f6ce\u011fi, ipek b\u00f6ce\u011fi yeti\u015ftirme ve ipek kozalar\u0131n\u0131n k\u00fclt\u00fcr, sanat, turizm ve \u00fcretim ba\u015fl\u0131klar\u0131 ile \u00fclkedeki \u00f6nemi gibi konular aktar\u0131lmas\u0131na olanak sa\u011flad\u0131. &nbsp; Girne Belediyesinden verilen bilgiye g\u00f6re, iki y\u0131ld\u0131r s\u00fcregelen ve okullar\u0131n ziyaret\" \/>\n<meta property=\"og:url\" content=\"https:\/\/kibrisdakik.com\/?p=41690\" \/>\n<meta property=\"article:published_time\" content=\"2024-05-14T13:13:00+00:00\" \/>\n<meta property=\"og:image\" content=\"https:\/\/kibrisdakik.com\/wp-content\/uploads\/2024\/05\/ipek-koza-festivali-kapsaminda-egitim-projesi-gerceklestirildi-1715692507.webp.webp\" \/>\n\t<meta property=\"og:image:width\" content=\"710\" \/>\n\t<meta property=\"og:image:height\" content=\"370\" \/>\n\t<meta property=\"og:image:type\" content=\"image\/webp\" \/>\n<meta name=\"author\" content=\"admin\" \/>\n<meta name=\"twitter:card\" content=\"summary_large_image\" \/>\n<meta name=\"twitter:label1\" content=\"Yazan:\" \/>\n\t<meta name=\"twitter:data1\" content=\"admin\" \/>\n\t<meta name=\"twitter:label2\" content=\"Tahmini okuma s\u00fcresi\" \/>\n\t<meta name=\"twitter:data2\" content=\"1 dakika\" \/>\n<script type=\"application\/ld+json\" class=\"yoast-schema-graph\">{\"@context\":\"https:\\\/\\\/schema.org\",\"@graph\":[{\"@type\":\"Article\",\"@id\":\"https:\\\/\\\/kibrisdakik.com\\\/?p=41690#article\",\"isPartOf\":{\"@id\":\"https:\\\/\\\/kibrisdakik.com\\\/?p=41690\"},\"author\":{\"name\":\"admin\",\"@id\":\"https:\\\/\\\/kibrisdakik.com\\\/#\\\/schema\\\/person\\\/9cd9d437bbb44f72b73ba127e06d8e79\"},\"headline\":\"\u0130pek Koza Festivali kapsam\u0131nda \u201cE\u011fitim Projesi\u201d ger\u00e7ekle\u015ftirildi\",\"datePublished\":\"2024-05-14T13:13:00+00:00\",\"mainEntityOfPage\":{\"@id\":\"https:\\\/\\\/kibrisdakik.com\\\/?p=41690\"},\"wordCount\":236,\"commentCount\":0,\"image\":{\"@id\":\"https:\\\/\\\/kibrisdakik.com\\\/?p=41690#primaryimage\"},\"thumbnailUrl\":\"https:\\\/\\\/kibrisdakik.com\\\/wp-content\\\/uploads\\\/2024\\\/05\\\/ipek-koza-festivali-kapsaminda-egitim-projesi-gerceklestirildi-1715692507.webp.webp\",\"articleSection\":[\"G\u00fcndem\"],\"inLanguage\":\"tr\",\"potentialAction\":[{\"@type\":\"CommentAction\",\"name\":\"Comment\",\"target\":[\"https:\\\/\\\/kibrisdakik.com\\\/?p=41690#respond\"]}]},{\"@type\":\"WebPage\",\"@id\":\"https:\\\/\\\/kibrisdakik.com\\\/?p=41690\",\"url\":\"https:\\\/\\\/kibrisdakik.com\\\/?p=41690\",\"name\":\"\u0130pek Koza Festivali kapsam\u0131nda \u201cE\u011fitim Projesi\u201d ger\u00e7ekle\u015ftirildi -\",\"isPartOf\":{\"@id\":\"https:\\\/\\\/kibrisdakik.com\\\/#website\"},\"primaryImageOfPage\":{\"@id\":\"https:\\\/\\\/kibrisdakik.com\\\/?p=41690#primaryimage\"},\"image\":{\"@id\":\"https:\\\/\\\/kibrisdakik.com\\\/?p=41690#primaryimage\"},\"thumbnailUrl\":\"https:\\\/\\\/kibrisdakik.com\\\/wp-content\\\/uploads\\\/2024\\\/05\\\/ipek-koza-festivali-kapsaminda-egitim-projesi-gerceklestirildi-1715692507.webp.webp\",\"datePublished\":\"2024-05-14T13:13:00+00:00\",\"author\":{\"@id\":\"https:\\\/\\\/kibrisdakik.com\\\/#\\\/schema\\\/person\\\/9cd9d437bbb44f72b73ba127e06d8e79\"},\"breadcrumb\":{\"@id\":\"https:\\\/\\\/kibrisdakik.com\\\/?p=41690#breadcrumb\"},\"inLanguage\":\"tr\",\"potentialAction\":[{\"@type\":\"ReadAction\",\"target\":[\"https:\\\/\\\/kibrisdakik.com\\\/?p=41690\"]}]},{\"@type\":\"ImageObject\",\"inLanguage\":\"tr\",\"@id\":\"https:\\\/\\\/kibrisdakik.com\\\/?p=41690#primaryimage\",\"url\":\"https:\\\/\\\/kibrisdakik.com\\\/wp-content\\\/uploads\\\/2024\\\/05\\\/ipek-koza-festivali-kapsaminda-egitim-projesi-gerceklestirildi-1715692507.webp.webp\",\"contentUrl\":\"https:\\\/\\\/kibrisdakik.com\\\/wp-content\\\/uploads\\\/2024\\\/05\\\/ipek-koza-festivali-kapsaminda-egitim-projesi-gerceklestirildi-1715692507.webp.webp\",\"width\":710,\"height\":370},{\"@type\":\"BreadcrumbList\",\"@id\":\"https:\\\/\\\/kibrisdakik.com\\\/?p=41690#breadcrumb\",\"itemListElement\":[{\"@type\":\"ListItem\",\"position\":1,\"name\":\"Home\",\"item\":\"https:\\\/\\\/kibrisdakik.com\\\/\"},{\"@type\":\"ListItem\",\"position\":2,\"name\":\"\u0130pek Koza Festivali kapsam\u0131nda \u201cE\u011fitim Projesi\u201d ger\u00e7ekle\u015ftirildi\"}]},{\"@type\":\"WebSite\",\"@id\":\"https:\\\/\\\/kibrisdakik.com\\\/#website\",\"url\":\"https:\\\/\\\/kibrisdakik.com\\\/\",\"name\":\"\",\"description\":\"Tam vaktinde haber\",\"potentialAction\":[{\"@type\":\"SearchAction\",\"target\":{\"@type\":\"EntryPoint\",\"urlTemplate\":\"https:\\\/\\\/kibrisdakik.com\\\/?s={search_term_string}\"},\"query-input\":{\"@type\":\"PropertyValueSpecification\",\"valueRequired\":true,\"valueName\":\"search_term_string\"}}],\"inLanguage\":\"tr\"},{\"@type\":\"Person\",\"@id\":\"https:\\\/\\\/kibrisdakik.com\\\/#\\\/schema\\\/person\\\/9cd9d437bbb44f72b73ba127e06d8e79\",\"name\":\"admin\",\"image\":{\"@type\":\"ImageObject\",\"inLanguage\":\"tr\",\"@id\":\"https:\\\/\\\/secure.gravatar.com\\\/avatar\\\/ccc17943b9d660506c869530f897617f7cb1c21a4bf30023f252596d83e1f007?s=96&d=mm&r=g\",\"url\":\"https:\\\/\\\/secure.gravatar.com\\\/avatar\\\/ccc17943b9d660506c869530f897617f7cb1c21a4bf30023f252596d83e1f007?s=96&d=mm&r=g\",\"contentUrl\":\"https:\\\/\\\/secure.gravatar.com\\\/avatar\\\/ccc17943b9d660506c869530f897617f7cb1c21a4bf30023f252596d83e1f007?s=96&d=mm&r=g\",\"caption\":\"admin\"},\"sameAs\":[\"https:\\\/\\\/kibrisdakik.com\"],\"url\":\"https:\\\/\\\/kibrisdakik.com\\\/?author=1\"}]}<\/script>\n<!-- \/ Yoast SEO plugin. -->","yoast_head_json":{"title":"\u0130pek Koza Festivali kapsam\u0131nda \u201cE\u011fitim Projesi\u201d ger\u00e7ekle\u015ftirildi -","robots":{"index":"index","follow":"follow","max-snippet":"max-snippet:-1","max-image-preview":"max-image-preview:large","max-video-preview":"max-video-preview:-1"},"canonical":"https:\/\/kibrisdakik.com\/?p=41690","og_locale":"tr_TR","og_type":"article","og_title":"\u0130pek Koza Festivali kapsam\u0131nda \u201cE\u011fitim Projesi\u201d ger\u00e7ekle\u015ftirildi -","og_description":"Ye\u015fil Bar\u0131\u015f Hareketi \u00f6nc\u00fcl\u00fc\u011f\u00fcnde, Milli E\u011fitim Bakanl\u0131\u011f\u0131 ve Girne Belediyesi katk\u0131lar\u0131 ile hayat bulan proje, Girne b\u00f6lgesi ilkokullar\u0131nda e\u011fitim g\u00f6ren \u00f6\u011frencilere; ipek b\u00f6ce\u011fi, ipek b\u00f6ce\u011fi yeti\u015ftirme ve ipek kozalar\u0131n\u0131n k\u00fclt\u00fcr, sanat, turizm ve \u00fcretim ba\u015fl\u0131klar\u0131 ile \u00fclkedeki \u00f6nemi gibi konular aktar\u0131lmas\u0131na olanak sa\u011flad\u0131. &nbsp; Girne Belediyesinden verilen bilgiye g\u00f6re, iki y\u0131ld\u0131r s\u00fcregelen ve okullar\u0131n ziyaret","og_url":"https:\/\/kibrisdakik.com\/?p=41690","article_published_time":"2024-05-14T13:13:00+00:00","og_image":[{"width":710,"height":370,"url":"https:\/\/kibrisdakik.com\/wp-content\/uploads\/2024\/05\/ipek-koza-festivali-kapsaminda-egitim-projesi-gerceklestirildi-1715692507.webp.webp","type":"image\/webp"}],"author":"admin","twitter_card":"summary_large_image","twitter_misc":{"Yazan:":"admin","Tahmini okuma s\u00fcresi":"1 dakika"},"schema":{"@context":"https:\/\/schema.org","@graph":[{"@type":"Article","@id":"https:\/\/kibrisdakik.com\/?p=41690#article","isPartOf":{"@id":"https:\/\/kibrisdakik.com\/?p=41690"},"author":{"name":"admin","@id":"https:\/\/kibrisdakik.com\/#\/schema\/person\/9cd9d437bbb44f72b73ba127e06d8e79"},"headline":"\u0130pek Koza Festivali kapsam\u0131nda \u201cE\u011fitim Projesi\u201d ger\u00e7ekle\u015ftirildi","datePublished":"2024-05-14T13:13:00+00:00","mainEntityOfPage":{"@id":"https:\/\/kibrisdakik.com\/?p=41690"},"wordCount":236,"commentCount":0,"image":{"@id":"https:\/\/kibrisdakik.com\/?p=41690#primaryimage"},"thumbnailUrl":"https:\/\/kibrisdakik.com\/wp-content\/uploads\/2024\/05\/ipek-koza-festivali-kapsaminda-egitim-projesi-gerceklestirildi-1715692507.webp.webp","articleSection":["G\u00fcndem"],"inLanguage":"tr","potentialAction":[{"@type":"CommentAction","name":"Comment","target":["https:\/\/kibrisdakik.com\/?p=41690#respond"]}]},{"@type":"WebPage","@id":"https:\/\/kibrisdakik.com\/?p=41690","url":"https:\/\/kibrisdakik.com\/?p=41690","name":"\u0130pek Koza Festivali kapsam\u0131nda \u201cE\u011fitim Projesi\u201d ger\u00e7ekle\u015ftirildi -","isPartOf":{"@id":"https:\/\/kibrisdakik.com\/#website"},"primaryImageOfPage":{"@id":"https:\/\/kibrisdakik.com\/?p=41690#primaryimage"},"image":{"@id":"https:\/\/kibrisdakik.com\/?p=41690#primaryimage"},"thumbnailUrl":"https:\/\/kibrisdakik.com\/wp-content\/uploads\/2024\/05\/ipek-koza-festivali-kapsaminda-egitim-projesi-gerceklestirildi-1715692507.webp.webp","datePublished":"2024-05-14T13:13:00+00:00","author":{"@id":"https:\/\/kibrisdakik.com\/#\/schema\/person\/9cd9d437bbb44f72b73ba127e06d8e79"},"breadcrumb":{"@id":"https:\/\/kibrisdakik.com\/?p=41690#breadcrumb"},"inLanguage":"tr","potentialAction":[{"@type":"ReadAction","target":["https:\/\/kibrisdakik.com\/?p=41690"]}]},{"@type":"ImageObject","inLanguage":"tr","@id":"https:\/\/kibrisdakik.com\/?p=41690#primaryimage","url":"https:\/\/kibrisdakik.com\/wp-content\/uploads\/2024\/05\/ipek-koza-festivali-kapsaminda-egitim-projesi-gerceklestirildi-1715692507.webp.webp","contentUrl":"https:\/\/kibrisdakik.com\/wp-content\/uploads\/2024\/05\/ipek-koza-festivali-kapsaminda-egitim-projesi-gerceklestirildi-1715692507.webp.webp","width":710,"height":370},{"@type":"BreadcrumbList","@id":"https:\/\/kibrisdakik.com\/?p=41690#breadcrumb","itemListElement":[{"@type":"ListItem","position":1,"name":"Home","item":"https:\/\/kibrisdakik.com\/"},{"@type":"ListItem","position":2,"name":"\u0130pek Koza Festivali kapsam\u0131nda \u201cE\u011fitim Projesi\u201d ger\u00e7ekle\u015ftirildi"}]},{"@type":"WebSite","@id":"https:\/\/kibrisdakik.com\/#website","url":"https:\/\/kibrisdakik.com\/","name":"","description":"Tam vaktinde haber","potentialAction":[{"@type":"SearchAction","target":{"@type":"EntryPoint","urlTemplate":"https:\/\/kibrisdakik.com\/?s={search_term_string}"},"query-input":{"@type":"PropertyValueSpecification","valueRequired":true,"valueName":"search_term_string"}}],"inLanguage":"tr"},{"@type":"Person","@id":"https:\/\/kibrisdakik.com\/#\/schema\/person\/9cd9d437bbb44f72b73ba127e06d8e79","name":"admin","image":{"@type":"ImageObject","inLanguage":"tr","@id":"https:\/\/secure.gravatar.com\/avatar\/ccc17943b9d660506c869530f897617f7cb1c21a4bf30023f252596d83e1f007?s=96&d=mm&r=g","url":"https:\/\/secure.gravatar.com\/avatar\/ccc17943b9d660506c869530f897617f7cb1c21a4bf30023f252596d83e1f007?s=96&d=mm&r=g","contentUrl":"https:\/\/secure.gravatar.com\/avatar\/ccc17943b9d660506c869530f897617f7cb1c21a4bf30023f252596d83e1f007?s=96&d=mm&r=g","caption":"admin"},"sameAs":["https:\/\/kibrisdakik.com"],"url":"https:\/\/kibrisdakik.com\/?author=1"}]}},"_links":{"self":[{"href":"https:\/\/kibrisdakik.com\/index.php?rest_route=\/wp\/v2\/posts\/41690","targetHints":{"allow":["GET"]}}],"collection":[{"href":"https:\/\/kibrisdakik.com\/index.php?rest_route=\/wp\/v2\/posts"}],"about":[{"href":"https:\/\/kibrisdakik.com\/index.php?rest_route=\/wp\/v2\/types\/post"}],"author":[{"embeddable":true,"href":"https:\/\/kibrisdakik.com\/index.php?rest_route=\/wp\/v2\/users\/1"}],"replies":[{"embeddable":true,"href":"https:\/\/kibrisdakik.com\/index.php?rest_route=%2Fwp%2Fv2%2Fcomments&post=41690"}],"version-history":[{"count":0,"href":"https:\/\/kibrisdakik.com\/index.php?rest_route=\/wp\/v2\/posts\/41690\/revisions"}],"wp:featuredmedia":[{"embeddable":true,"href":"https:\/\/kibrisdakik.com\/index.php?rest_route=\/wp\/v2\/media\/41691"}],"wp:attachment":[{"href":"https:\/\/kibrisdakik.com\/index.php?rest_route=%2Fwp%2Fv2%2Fmedia&parent=41690"}],"wp:term":[{"taxonomy":"category","embeddable":true,"href":"https:\/\/kibrisdakik.com\/index.php?rest_route=%2Fwp%2Fv2%2Fcategories&post=41690"},{"taxonomy":"post_tag","embeddable":true,"href":"https:\/\/kibrisdakik.com\/index.php?rest_route=%2Fwp%2Fv2%2Ftags&post=41690"}],"curies":[{"name":"wp","href":"https:\/\/api.w.org\/{rel}","templated":true}]}}