{"id":41706,"date":"2024-05-15T04:04:52","date_gmt":"2024-05-15T04:04:52","guid":{"rendered":"https:\/\/kibrisdakik.com\/index.php\/2024\/05\/15\/otur-oturdugun-yerde\/"},"modified":"2024-05-15T04:04:52","modified_gmt":"2024-05-15T04:04:52","slug":"otur-oturdugun-yerde","status":"publish","type":"post","link":"https:\/\/kibrisdakik.com\/?p=41706","title":{"rendered":"Otur Oturdu\u011fun Yerde!\u00a0"},"content":{"rendered":"<p><img decoding=\"async\" src=\"https:\/\/www.kibristurk.com\/images\/haberler\/2024\/05\/otur-oturdugun-yerde-1715678426.webp\" \/><\/p>\n<p>Bu s\u00f6z\u00fc ben s\u00f6ylemiyorum, K\u0131br\u0131s T\u00fcrklerine de s\u00f6ylenmiyor.<br \/>\nBu s\u00f6z\u00fc T\u00fcrkiye de s\u00f6ylemiyor, T\u00fcrkiye\u2019ye de s\u00f6ylemiyorlar.<br \/>\nBu s\u00f6z\u00fc G\u00fcney K\u0131br\u0131s Rum Y\u00f6netimine, Avrupa Birli\u011fi ve analar\u0131 Yunanistan, perdelerin arkas\u0131nda art\u0131k f\u0131s\u0131lt\u0131yla de\u011fil, y\u00fcksek sesle s\u00f6yl\u00fcyor kendilerine. Bazen birlikte, bazen de gerekli oldu\u011fu ayr\u0131 ayr\u0131 zamanlarda\u2026<\/p>\n<p>Bilindi\u011fi \u00fczere Yunanistan Ba\u015fbakan\u0131 Kriyakos Mi\u00e7otakis bug\u00fcn T\u00fcrkiye\u2019ye resmi bir ziyaret yapacak ve Cumhurba\u015fkan\u0131 Erdo\u011fan ile g\u00f6r\u00fc\u015fecek. Ger\u00e7ekte bu g\u00f6r\u00fc\u015fme 2023 y\u0131l\u0131n\u0131n Aral\u0131k ay\u0131nda Atina\u2019da her iki lider taraf\u0131ndan kar\u015f\u0131l\u0131kl\u0131 imzalanan \u201cAtina Bildirge\u201dsinin yaratt\u0131\u011f\u0131 dostluk ve i\u015fbirli\u011fi temelindeki yeni d\u00f6nemin ilk g\u00f6r\u00fc\u015fmesi.<\/p>\n<p>Aral\u0131k ay\u0131nda Atina\u2019da ger\u00e7ekle\u015ftirilen Erdo\u011fan-Mi\u00e7otakis g\u00f6r\u00fc\u015fmesinin tutanaklar\u0131nda, g\u00f6r\u00fc\u015fme sonras\u0131 kar\u015f\u0131l\u0131kl\u0131 imzalanan Atina Bildirgesi\u2019nin i\u00e7eri\u011finde ve bug\u00fcn Ankara\u2019da ger\u00e7ekle\u015fecek g\u00f6r\u00fc\u015fme program\u0131nda \u201cK\u0131br\u0131s konusu\u201d yok. Ki Avrupa Birli\u011fi Devlet Ba\u015fkanlar\u0131 zirve toplant\u0131lar\u0131 i\u00e7inde, sonuncusu hari\u00e7 K\u0131br\u0131s konusu hi\u00e7 yer almad\u0131. Tam tersine bir\u00e7ok AB lideri taraf\u0131ndan yap\u0131lan a\u00e7\u0131klamalar, \u201cT\u00fcrkiye\u2019yi kar\u015f\u0131m\u0131za alamay\u0131z\u201d, \u201cT\u00fcrkiye ile ili\u015fkilerimizi bozamay\u0131z\u201d mealinde idi.<\/p>\n<p>Avrupa Birli\u011fi\u2019nin Aral\u0131k ve Mart zirvelerinde erteledi\u011fi T\u00fcrkiye konusunu son zirve toplant\u0131s\u0131nda K\u0131br\u0131s Rumlar\u0131n\u0131n bitmek bilmeyen istekleri sonras\u0131nda, \u201cstratejik tart\u0131\u015fma\u201d kapsam\u0131nda \u201ckerhen\u201d ele ald\u0131. Tart\u0131\u015fmalardan sonra yay\u0131nlanan kararda, \u201cAvrupa Birli\u011fi\u2019nin, Do\u011fu Akdeniz\u2019de istikrarl\u0131 ve g\u00fcvenli bir ortamda ve T\u00fcrkiye ile i\u015fbirli\u011fine ve kar\u015f\u0131l\u0131kl\u0131 yarara dayal\u0131 bir ili\u015fkinin geli\u015ftirilmesinde stratejik \u00e7\u0131kar\u0131 vard\u0131r\u201d ifadesi yer ald\u0131.<\/p>\n<p>K\u0131br\u0131s Rum Y\u00f6netimi (KRY) bu tavsiye karar\u0131n\u0131, sanki de T\u00fcrkiye\u2019ye kar\u015f\u0131 \u00e7ok \u00f6nemli bir zafer kazanm\u0131\u015f gibi y\u00fckseltmeye, \u00f6nem kazand\u0131rmaya ve pazarlamaya \u00e7al\u0131\u015f\u0131yor ama daha ilk tepki anas\u0131 Yunanistan\u2019dan \u201cOtur oturdu\u011fun yerde\u201d anlam\u0131na gelecek manevralarla geldi. Akl\u0131nca KRY, bu tavsiye karar\u0131 sonras\u0131nda KKTC Cumhurba\u015fkan\u0131 Ersin Tatar\u2019\u0131 m\u00fczakere masas\u0131na oturtacak ve m\u00fczakereleri istedi\u011fi gibi sonu\u00e7land\u0131racakt\u0131. Ne Cumhurba\u015fkan\u0131 Tatar, ne de TC. D\u0131\u015fi\u015fleri Bakanl\u0131\u011f\u0131, b\u0131rak\u0131n dikkate almay\u0131, selam bile vermediler KRY\u2019ye ve AB\u2019nin tavsiye karar\u0131na. Zira T\u00fcrkiye rest \u00e7ekilecek, g\u00f6zden \u00e7\u0131kar\u0131lacak bir \u00fclke de\u011fil. B\u00f6lgede y\u0131llar i\u00e7inde de\u011fi\u015fime u\u011fram\u0131\u015f olan politik, ekonomik ve askeri dengeler T\u00fcrkiye\u2019yi \u00e7ok \u00f6ne \u00e7\u0131karm\u0131\u015f ve jeopolitik olarak T\u00fcrkiye\u2019ye inan\u0131lmaz bir \u00f6nem kazand\u0131rm\u0131\u015f durumda. Bunun en \u00f6nemlilerinden biri, Uzak Do\u011fu\u2019dan yap\u0131lan deniz yolu ta\u015f\u0131mac\u0131l\u0131\u011f\u0131n\u0131n s\u00fcresini S\u00fcvey\u015f Kanal\u0131 yoluna k\u0131yasla 15 g\u00fcn k\u0131saltan ve Basra K\u00f6rfezindeki Irak\u2019a ait Fav Liman\u0131&#8217;ndan Londra&#8217;ya kadar kara ve demir yolu ile Avrupa&#8217;n\u0131n her \u00fclkesine T\u00fcrkiye&#8217;den kesintisiz ula\u015f\u0131m sa\u011flayacak \u201cKalk\u0131nma Yolu\u201d projesi.<br \/>\nAtlantik \u0130ttifak\u0131\u2019n\u0131n (ABD ve AB), Akdeniz\u2019e k\u0131y\u0131 \u00fclkelerin ve \u015eanghay \u0130\u015fbirli\u011fi Te\u015fkilat\u0131 \u00fclkelerinin zaman zaman dile getirdikleri \u201cDo\u011fu Akdeniz ba\u015fta olmak \u00fczere b\u00f6lgede, T\u00fcrkiye\u2019nin i\u00e7inde bulunmad\u0131\u011f\u0131 bir enerji projesi ba\u015far\u0131l\u0131 olamaz\u201d tan\u0131mlamas\u0131n\u0131n v\u00fccut bulacak hali bu.<\/p>\n<p>\u00d6te yandan Atlantik ittifak\u0131n\u0131n \u201cHasta Adam\u0131\u201d Avrupa Birli\u011fi\u2019nin kendi i\u00e7indeki s\u0131k\u0131nt\u0131lar\u0131 da cabas\u0131. Birli\u011fin lideri Almanya, inan\u0131lmaz bir ekonomik s\u0131k\u0131nt\u0131 i\u00e7inde ve f\u0131rsat\u0131n\u0131 bulunca AB\u2019den \u00e7\u0131kmay\u0131 planl\u0131yor. Asya\u2019n\u0131n ve Uzak Do\u011fu\u2019nun devleri \u00c7in ve Rusya, AB\u2019ye \u201cABD\u2019nin kulu k\u00f6lesi olmaktan \u00e7\u0131k art\u0131k\u201d tavsiyesinde bulunuyorlar. &nbsp;&nbsp;<\/p>\n<p>En \u00f6nemlisi de, AB Konseyi ile AB&#8217;in yasa yap\u0131c\u0131 kurumu olan ve AB B\u00fct\u00e7esine onay veren \u201cAvrupa Parlamentosu\u201dna girecek 705 milletvekilinin belirlenmesi i\u00e7in 6-9 Haziran tarihleri aras\u0131nda yap\u0131lacak olan se\u00e7im.&nbsp;<br \/>\nSiyasi partilerin propagandalar\u0131na bak\u0131l\u0131nca g\u00f6r\u00fclen, se\u00e7im sonras\u0131nda AB\u2019de esasl\u0131 kararlar\u0131n al\u0131naca\u011f\u0131. Bu kararlar i\u00e7inde de Rumlar\u0131n t\u00fcm gayreti ve karalamalar\u0131na ra\u011fmen T\u00fcrkiye\u2019yi zora sokacak bir ad\u0131m\u0131n olmas\u0131 muhtemel g\u00f6r\u00fcnm\u00fcyor.&nbsp;<\/p>\n<p>Prof. Dr. (\u0130n\u015f. M\u00fch.), Do\u00e7. Dr. (UA. \u0130li\u015f.) Ata ATUN<br \/>\nKKTC Cumhurba\u015fkan\u0131 Dan\u0131\u015fma Kurulu \u00dcyesi<br \/>\nKKTC Cumhuriyet Meclisi 1. D\u00f6nem&nbsp;Milletvekili<\/p>\n","protected":false},"excerpt":{"rendered":"<p>Bu s\u00f6z\u00fc ben s\u00f6ylemiyorum, K\u0131br\u0131s T\u00fcrklerine de s\u00f6ylenmiyor. Bu s\u00f6z\u00fc T\u00fcrkiye de s\u00f6ylemiyor, T\u00fcrkiye\u2019ye de s\u00f6ylemiyorlar. Bu s\u00f6z\u00fc G\u00fcney K\u0131br\u0131s Rum Y\u00f6netimine, Avrupa Birli\u011fi ve analar\u0131 Yunanistan, perdelerin arkas\u0131nda art\u0131k f\u0131s\u0131lt\u0131yla de\u011fil, y\u00fcksek sesle s\u00f6yl\u00fcyor kendilerine. Bazen birlikte, bazen de gerekli oldu\u011fu ayr\u0131 ayr\u0131 zamanlarda\u2026 Bilindi\u011fi \u00fczere Yunanistan Ba\u015fbakan\u0131 Kriyakos Mi\u00e7otakis bug\u00fcn T\u00fcrkiye\u2019ye resmi bir<\/p>\n","protected":false},"author":1,"featured_media":41707,"comment_status":"open","ping_status":"open","sticky":false,"template":"","format":"standard","meta":{"footnotes":""},"categories":[79],"tags":[],"class_list":["post-41706","post","type-post","status-publish","format-standard","has-post-thumbnail","hentry","category-ekonomi"],"yoast_head":"<!-- This site is optimized with the Yoast SEO plugin v27.4 - https:\/\/yoast.com\/product\/yoast-seo-wordpress\/ -->\n<title>Otur Oturdu\u011fun Yerde!\u00a0 -<\/title>\n<meta name=\"robots\" content=\"index, follow, max-snippet:-1, max-image-preview:large, max-video-preview:-1\" \/>\n<link rel=\"canonical\" href=\"https:\/\/kibrisdakik.com\/?p=41706\" \/>\n<meta property=\"og:locale\" content=\"tr_TR\" \/>\n<meta property=\"og:type\" content=\"article\" \/>\n<meta property=\"og:title\" content=\"Otur Oturdu\u011fun Yerde!\u00a0 -\" \/>\n<meta property=\"og:description\" content=\"Bu s\u00f6z\u00fc ben s\u00f6ylemiyorum, K\u0131br\u0131s T\u00fcrklerine de s\u00f6ylenmiyor. Bu s\u00f6z\u00fc T\u00fcrkiye de s\u00f6ylemiyor, T\u00fcrkiye\u2019ye de s\u00f6ylemiyorlar. Bu s\u00f6z\u00fc G\u00fcney K\u0131br\u0131s Rum Y\u00f6netimine, Avrupa Birli\u011fi ve analar\u0131 Yunanistan, perdelerin arkas\u0131nda art\u0131k f\u0131s\u0131lt\u0131yla de\u011fil, y\u00fcksek sesle s\u00f6yl\u00fcyor kendilerine. Bazen birlikte, bazen de gerekli oldu\u011fu ayr\u0131 ayr\u0131 zamanlarda\u2026 Bilindi\u011fi \u00fczere Yunanistan Ba\u015fbakan\u0131 Kriyakos Mi\u00e7otakis bug\u00fcn T\u00fcrkiye\u2019ye resmi bir\" \/>\n<meta property=\"og:url\" content=\"https:\/\/kibrisdakik.com\/?p=41706\" \/>\n<meta property=\"article:published_time\" content=\"2024-05-15T04:04:52+00:00\" \/>\n<meta property=\"og:image\" content=\"https:\/\/kibrisdakik.com\/wp-content\/uploads\/2024\/05\/otur-oturdugun-yerde-1715678426.webp.webp\" \/>\n\t<meta property=\"og:image:width\" content=\"710\" \/>\n\t<meta property=\"og:image:height\" content=\"370\" \/>\n\t<meta property=\"og:image:type\" content=\"image\/webp\" \/>\n<meta name=\"author\" content=\"admin\" \/>\n<meta name=\"twitter:card\" content=\"summary_large_image\" \/>\n<meta name=\"twitter:label1\" content=\"Yazan:\" \/>\n\t<meta name=\"twitter:data1\" content=\"admin\" \/>\n\t<meta name=\"twitter:label2\" content=\"Tahmini okuma s\u00fcresi\" \/>\n\t<meta name=\"twitter:data2\" content=\"4 dakika\" \/>\n<script type=\"application\/ld+json\" class=\"yoast-schema-graph\">{\"@context\":\"https:\\\/\\\/schema.org\",\"@graph\":[{\"@type\":\"Article\",\"@id\":\"https:\\\/\\\/kibrisdakik.com\\\/?p=41706#article\",\"isPartOf\":{\"@id\":\"https:\\\/\\\/kibrisdakik.com\\\/?p=41706\"},\"author\":{\"name\":\"admin\",\"@id\":\"https:\\\/\\\/kibrisdakik.com\\\/#\\\/schema\\\/person\\\/9cd9d437bbb44f72b73ba127e06d8e79\"},\"headline\":\"Otur Oturdu\u011fun Yerde!\u00a0\",\"datePublished\":\"2024-05-15T04:04:52+00:00\",\"mainEntityOfPage\":{\"@id\":\"https:\\\/\\\/kibrisdakik.com\\\/?p=41706\"},\"wordCount\":780,\"commentCount\":0,\"image\":{\"@id\":\"https:\\\/\\\/kibrisdakik.com\\\/?p=41706#primaryimage\"},\"thumbnailUrl\":\"https:\\\/\\\/kibrisdakik.com\\\/wp-content\\\/uploads\\\/2024\\\/05\\\/otur-oturdugun-yerde-1715678426.webp.webp\",\"articleSection\":[\"Ekonomi\"],\"inLanguage\":\"tr\",\"potentialAction\":[{\"@type\":\"CommentAction\",\"name\":\"Comment\",\"target\":[\"https:\\\/\\\/kibrisdakik.com\\\/?p=41706#respond\"]}]},{\"@type\":\"WebPage\",\"@id\":\"https:\\\/\\\/kibrisdakik.com\\\/?p=41706\",\"url\":\"https:\\\/\\\/kibrisdakik.com\\\/?p=41706\",\"name\":\"Otur Oturdu\u011fun Yerde!\u00a0 -\",\"isPartOf\":{\"@id\":\"https:\\\/\\\/kibrisdakik.com\\\/#website\"},\"primaryImageOfPage\":{\"@id\":\"https:\\\/\\\/kibrisdakik.com\\\/?p=41706#primaryimage\"},\"image\":{\"@id\":\"https:\\\/\\\/kibrisdakik.com\\\/?p=41706#primaryimage\"},\"thumbnailUrl\":\"https:\\\/\\\/kibrisdakik.com\\\/wp-content\\\/uploads\\\/2024\\\/05\\\/otur-oturdugun-yerde-1715678426.webp.webp\",\"datePublished\":\"2024-05-15T04:04:52+00:00\",\"author\":{\"@id\":\"https:\\\/\\\/kibrisdakik.com\\\/#\\\/schema\\\/person\\\/9cd9d437bbb44f72b73ba127e06d8e79\"},\"breadcrumb\":{\"@id\":\"https:\\\/\\\/kibrisdakik.com\\\/?p=41706#breadcrumb\"},\"inLanguage\":\"tr\",\"potentialAction\":[{\"@type\":\"ReadAction\",\"target\":[\"https:\\\/\\\/kibrisdakik.com\\\/?p=41706\"]}]},{\"@type\":\"ImageObject\",\"inLanguage\":\"tr\",\"@id\":\"https:\\\/\\\/kibrisdakik.com\\\/?p=41706#primaryimage\",\"url\":\"https:\\\/\\\/kibrisdakik.com\\\/wp-content\\\/uploads\\\/2024\\\/05\\\/otur-oturdugun-yerde-1715678426.webp.webp\",\"contentUrl\":\"https:\\\/\\\/kibrisdakik.com\\\/wp-content\\\/uploads\\\/2024\\\/05\\\/otur-oturdugun-yerde-1715678426.webp.webp\",\"width\":710,\"height\":370},{\"@type\":\"BreadcrumbList\",\"@id\":\"https:\\\/\\\/kibrisdakik.com\\\/?p=41706#breadcrumb\",\"itemListElement\":[{\"@type\":\"ListItem\",\"position\":1,\"name\":\"Home\",\"item\":\"https:\\\/\\\/kibrisdakik.com\\\/\"},{\"@type\":\"ListItem\",\"position\":2,\"name\":\"Otur Oturdu\u011fun Yerde!\u00a0\"}]},{\"@type\":\"WebSite\",\"@id\":\"https:\\\/\\\/kibrisdakik.com\\\/#website\",\"url\":\"https:\\\/\\\/kibrisdakik.com\\\/\",\"name\":\"\",\"description\":\"Tam vaktinde haber\",\"potentialAction\":[{\"@type\":\"SearchAction\",\"target\":{\"@type\":\"EntryPoint\",\"urlTemplate\":\"https:\\\/\\\/kibrisdakik.com\\\/?s={search_term_string}\"},\"query-input\":{\"@type\":\"PropertyValueSpecification\",\"valueRequired\":true,\"valueName\":\"search_term_string\"}}],\"inLanguage\":\"tr\"},{\"@type\":\"Person\",\"@id\":\"https:\\\/\\\/kibrisdakik.com\\\/#\\\/schema\\\/person\\\/9cd9d437bbb44f72b73ba127e06d8e79\",\"name\":\"admin\",\"image\":{\"@type\":\"ImageObject\",\"inLanguage\":\"tr\",\"@id\":\"https:\\\/\\\/secure.gravatar.com\\\/avatar\\\/ccc17943b9d660506c869530f897617f7cb1c21a4bf30023f252596d83e1f007?s=96&d=mm&r=g\",\"url\":\"https:\\\/\\\/secure.gravatar.com\\\/avatar\\\/ccc17943b9d660506c869530f897617f7cb1c21a4bf30023f252596d83e1f007?s=96&d=mm&r=g\",\"contentUrl\":\"https:\\\/\\\/secure.gravatar.com\\\/avatar\\\/ccc17943b9d660506c869530f897617f7cb1c21a4bf30023f252596d83e1f007?s=96&d=mm&r=g\",\"caption\":\"admin\"},\"sameAs\":[\"https:\\\/\\\/kibrisdakik.com\"],\"url\":\"https:\\\/\\\/kibrisdakik.com\\\/?author=1\"}]}<\/script>\n<!-- \/ Yoast SEO plugin. -->","yoast_head_json":{"title":"Otur Oturdu\u011fun Yerde!\u00a0 -","robots":{"index":"index","follow":"follow","max-snippet":"max-snippet:-1","max-image-preview":"max-image-preview:large","max-video-preview":"max-video-preview:-1"},"canonical":"https:\/\/kibrisdakik.com\/?p=41706","og_locale":"tr_TR","og_type":"article","og_title":"Otur Oturdu\u011fun Yerde!\u00a0 -","og_description":"Bu s\u00f6z\u00fc ben s\u00f6ylemiyorum, K\u0131br\u0131s T\u00fcrklerine de s\u00f6ylenmiyor. Bu s\u00f6z\u00fc T\u00fcrkiye de s\u00f6ylemiyor, T\u00fcrkiye\u2019ye de s\u00f6ylemiyorlar. Bu s\u00f6z\u00fc G\u00fcney K\u0131br\u0131s Rum Y\u00f6netimine, Avrupa Birli\u011fi ve analar\u0131 Yunanistan, perdelerin arkas\u0131nda art\u0131k f\u0131s\u0131lt\u0131yla de\u011fil, y\u00fcksek sesle s\u00f6yl\u00fcyor kendilerine. Bazen birlikte, bazen de gerekli oldu\u011fu ayr\u0131 ayr\u0131 zamanlarda\u2026 Bilindi\u011fi \u00fczere Yunanistan Ba\u015fbakan\u0131 Kriyakos Mi\u00e7otakis bug\u00fcn T\u00fcrkiye\u2019ye resmi bir","og_url":"https:\/\/kibrisdakik.com\/?p=41706","article_published_time":"2024-05-15T04:04:52+00:00","og_image":[{"width":710,"height":370,"url":"https:\/\/kibrisdakik.com\/wp-content\/uploads\/2024\/05\/otur-oturdugun-yerde-1715678426.webp.webp","type":"image\/webp"}],"author":"admin","twitter_card":"summary_large_image","twitter_misc":{"Yazan:":"admin","Tahmini okuma s\u00fcresi":"4 dakika"},"schema":{"@context":"https:\/\/schema.org","@graph":[{"@type":"Article","@id":"https:\/\/kibrisdakik.com\/?p=41706#article","isPartOf":{"@id":"https:\/\/kibrisdakik.com\/?p=41706"},"author":{"name":"admin","@id":"https:\/\/kibrisdakik.com\/#\/schema\/person\/9cd9d437bbb44f72b73ba127e06d8e79"},"headline":"Otur Oturdu\u011fun Yerde!\u00a0","datePublished":"2024-05-15T04:04:52+00:00","mainEntityOfPage":{"@id":"https:\/\/kibrisdakik.com\/?p=41706"},"wordCount":780,"commentCount":0,"image":{"@id":"https:\/\/kibrisdakik.com\/?p=41706#primaryimage"},"thumbnailUrl":"https:\/\/kibrisdakik.com\/wp-content\/uploads\/2024\/05\/otur-oturdugun-yerde-1715678426.webp.webp","articleSection":["Ekonomi"],"inLanguage":"tr","potentialAction":[{"@type":"CommentAction","name":"Comment","target":["https:\/\/kibrisdakik.com\/?p=41706#respond"]}]},{"@type":"WebPage","@id":"https:\/\/kibrisdakik.com\/?p=41706","url":"https:\/\/kibrisdakik.com\/?p=41706","name":"Otur Oturdu\u011fun Yerde!\u00a0 -","isPartOf":{"@id":"https:\/\/kibrisdakik.com\/#website"},"primaryImageOfPage":{"@id":"https:\/\/kibrisdakik.com\/?p=41706#primaryimage"},"image":{"@id":"https:\/\/kibrisdakik.com\/?p=41706#primaryimage"},"thumbnailUrl":"https:\/\/kibrisdakik.com\/wp-content\/uploads\/2024\/05\/otur-oturdugun-yerde-1715678426.webp.webp","datePublished":"2024-05-15T04:04:52+00:00","author":{"@id":"https:\/\/kibrisdakik.com\/#\/schema\/person\/9cd9d437bbb44f72b73ba127e06d8e79"},"breadcrumb":{"@id":"https:\/\/kibrisdakik.com\/?p=41706#breadcrumb"},"inLanguage":"tr","potentialAction":[{"@type":"ReadAction","target":["https:\/\/kibrisdakik.com\/?p=41706"]}]},{"@type":"ImageObject","inLanguage":"tr","@id":"https:\/\/kibrisdakik.com\/?p=41706#primaryimage","url":"https:\/\/kibrisdakik.com\/wp-content\/uploads\/2024\/05\/otur-oturdugun-yerde-1715678426.webp.webp","contentUrl":"https:\/\/kibrisdakik.com\/wp-content\/uploads\/2024\/05\/otur-oturdugun-yerde-1715678426.webp.webp","width":710,"height":370},{"@type":"BreadcrumbList","@id":"https:\/\/kibrisdakik.com\/?p=41706#breadcrumb","itemListElement":[{"@type":"ListItem","position":1,"name":"Home","item":"https:\/\/kibrisdakik.com\/"},{"@type":"ListItem","position":2,"name":"Otur Oturdu\u011fun Yerde!\u00a0"}]},{"@type":"WebSite","@id":"https:\/\/kibrisdakik.com\/#website","url":"https:\/\/kibrisdakik.com\/","name":"","description":"Tam vaktinde haber","potentialAction":[{"@type":"SearchAction","target":{"@type":"EntryPoint","urlTemplate":"https:\/\/kibrisdakik.com\/?s={search_term_string}"},"query-input":{"@type":"PropertyValueSpecification","valueRequired":true,"valueName":"search_term_string"}}],"inLanguage":"tr"},{"@type":"Person","@id":"https:\/\/kibrisdakik.com\/#\/schema\/person\/9cd9d437bbb44f72b73ba127e06d8e79","name":"admin","image":{"@type":"ImageObject","inLanguage":"tr","@id":"https:\/\/secure.gravatar.com\/avatar\/ccc17943b9d660506c869530f897617f7cb1c21a4bf30023f252596d83e1f007?s=96&d=mm&r=g","url":"https:\/\/secure.gravatar.com\/avatar\/ccc17943b9d660506c869530f897617f7cb1c21a4bf30023f252596d83e1f007?s=96&d=mm&r=g","contentUrl":"https:\/\/secure.gravatar.com\/avatar\/ccc17943b9d660506c869530f897617f7cb1c21a4bf30023f252596d83e1f007?s=96&d=mm&r=g","caption":"admin"},"sameAs":["https:\/\/kibrisdakik.com"],"url":"https:\/\/kibrisdakik.com\/?author=1"}]}},"_links":{"self":[{"href":"https:\/\/kibrisdakik.com\/index.php?rest_route=\/wp\/v2\/posts\/41706","targetHints":{"allow":["GET"]}}],"collection":[{"href":"https:\/\/kibrisdakik.com\/index.php?rest_route=\/wp\/v2\/posts"}],"about":[{"href":"https:\/\/kibrisdakik.com\/index.php?rest_route=\/wp\/v2\/types\/post"}],"author":[{"embeddable":true,"href":"https:\/\/kibrisdakik.com\/index.php?rest_route=\/wp\/v2\/users\/1"}],"replies":[{"embeddable":true,"href":"https:\/\/kibrisdakik.com\/index.php?rest_route=%2Fwp%2Fv2%2Fcomments&post=41706"}],"version-history":[{"count":0,"href":"https:\/\/kibrisdakik.com\/index.php?rest_route=\/wp\/v2\/posts\/41706\/revisions"}],"wp:featuredmedia":[{"embeddable":true,"href":"https:\/\/kibrisdakik.com\/index.php?rest_route=\/wp\/v2\/media\/41707"}],"wp:attachment":[{"href":"https:\/\/kibrisdakik.com\/index.php?rest_route=%2Fwp%2Fv2%2Fmedia&parent=41706"}],"wp:term":[{"taxonomy":"category","embeddable":true,"href":"https:\/\/kibrisdakik.com\/index.php?rest_route=%2Fwp%2Fv2%2Fcategories&post=41706"},{"taxonomy":"post_tag","embeddable":true,"href":"https:\/\/kibrisdakik.com\/index.php?rest_route=%2Fwp%2Fv2%2Ftags&post=41706"}],"curies":[{"name":"wp","href":"https:\/\/api.w.org\/{rel}","templated":true}]}}