{"id":41716,"date":"2024-05-15T06:02:48","date_gmt":"2024-05-15T06:02:48","guid":{"rendered":"https:\/\/kibrisdakik.com\/index.php\/2024\/05\/15\/demokrat-parti-kurucular-gecesi-duzenledi\/"},"modified":"2024-05-15T06:02:48","modified_gmt":"2024-05-15T06:02:48","slug":"demokrat-parti-kurucular-gecesi-duzenledi","status":"publish","type":"post","link":"https:\/\/kibrisdakik.com\/?p=41716","title":{"rendered":"Demokrat Parti, Kurucular Gecesi d\u00fczenledi"},"content":{"rendered":"<p><img decoding=\"async\" src=\"https:\/\/www.kibristurk.com\/images\/haberler\/2024\/05\/demokrat-parti-kurucular-gecesi-duzenledi-1715677947.webp\" \/><\/p>\n<p style=\"text-align:left\"><span style=\"font-size:16px\"><span style=\"font-family:Merriweather,serif !important\"><span style=\"color:#000000\"><span style=\"background-color:#ffffff\">Geceye, DP&#8217;nin Onursal Ba\u015fkan\u0131 Hakk\u0131 Atun&#8217;un yan\u0131 s\u0131ra, DP Genel Ba\u015fkan\u0131, Ba\u015fbakan Yard\u0131mc\u0131s\u0131, Turizm, K\u00fclt\u00fcr, Gen\u00e7lik ve \u00c7evre Bakan\u0131, Fikri Atao\u011flu, eski DP Genel Ba\u015fkan\u0131 Serdar Denkta\u015f, DP Genel Sekreteri Serhat Akp\u0131nar ve davetliler kat\u0131ld\u0131.<\/span><\/span><\/span><\/span><\/p>\n<p style=\"text-align:left\"><span style=\"font-size:16px\"><span style=\"font-family:Merriweather,serif !important\"><span style=\"color:#000000\"><span style=\"background-color:#ffffff\">DP\u2019den yap\u0131lan a\u00e7\u0131klamada, &#8220;Demokrat Parti&#8217;nin kurulu\u015fundan itibaren eme\u011fi ge\u00e7en ve yol arkada\u015fl\u0131\u011f\u0131 yapan isimlerin, birbirleriyle hasret giderirken, ge\u00e7mi\u015fte ya\u015fanan zorluklar\u0131, ba\u015far\u0131lar\u0131 ve gelece\u011fe dair umutlar\u0131 payla\u015ft\u0131\u011f\u0131&#8221; belirtildi; &#8220;Her biri, partinin 92 ruhunu yediden canland\u0131ran birer birey olarak, birlik ve beraberlik i\u00e7inde hareket etmenin \u00f6nemini bir kez daha vurgulad\u0131.&#8221; denildi.<\/span><\/span><\/span><\/span><\/p>\n<p style=\"text-align:left\"><span style=\"font-size:16px\"><span style=\"font-family:Merriweather,serif !important\"><span style=\"color:#000000\"><span style=\"background-color:#ffffff\">Gecede, Demokrat Parti&#8217;nin varl\u0131\u011f\u0131n\u0131 s\u00fcrd\u00fcrerek daha da g\u00fc\u00e7lenmesi ve \u00fclkenin demokratik ya\u015fam\u0131na katk\u0131 sa\u011flamas\u0131 i\u00e7in at\u0131lacak ad\u0131mlar\u0131n ele al\u0131nd\u0131\u011f\u0131, ge\u00e7mi\u015ften gelen miras\u0131 koruma ve gelecek nesillere aktarma sorumlulu\u011funun bir kez daha hissedildi\u011fi kaydedildi.<\/span><\/span><\/span><\/span><\/p>\n","protected":false},"excerpt":{"rendered":"<p>Geceye, DP&#8217;nin Onursal Ba\u015fkan\u0131 Hakk\u0131 Atun&#8217;un yan\u0131 s\u0131ra, DP Genel Ba\u015fkan\u0131, Ba\u015fbakan Yard\u0131mc\u0131s\u0131, Turizm, K\u00fclt\u00fcr, Gen\u00e7lik ve \u00c7evre Bakan\u0131, Fikri Atao\u011flu, eski DP Genel Ba\u015fkan\u0131 Serdar Denkta\u015f, DP Genel Sekreteri Serhat Akp\u0131nar ve davetliler kat\u0131ld\u0131. DP\u2019den yap\u0131lan a\u00e7\u0131klamada, &#8220;Demokrat Parti&#8217;nin kurulu\u015fundan itibaren eme\u011fi ge\u00e7en ve yol arkada\u015fl\u0131\u011f\u0131 yapan isimlerin, birbirleriyle hasret giderirken, ge\u00e7mi\u015fte ya\u015fanan zorluklar\u0131,<\/p>\n","protected":false},"author":1,"featured_media":41717,"comment_status":"open","ping_status":"open","sticky":false,"template":"","format":"standard","meta":{"footnotes":""},"categories":[85],"tags":[],"class_list":["post-41716","post","type-post","status-publish","format-standard","has-post-thumbnail","hentry","category-spor"],"yoast_head":"<!-- This site is optimized with the Yoast SEO plugin v27.5 - https:\/\/yoast.com\/product\/yoast-seo-wordpress\/ -->\n<title>Demokrat Parti, Kurucular Gecesi d\u00fczenledi -<\/title>\n<meta name=\"robots\" content=\"index, follow, max-snippet:-1, max-image-preview:large, max-video-preview:-1\" \/>\n<link rel=\"canonical\" href=\"https:\/\/kibrisdakik.com\/?p=41716\" \/>\n<meta property=\"og:locale\" content=\"tr_TR\" \/>\n<meta property=\"og:type\" content=\"article\" \/>\n<meta property=\"og:title\" content=\"Demokrat Parti, Kurucular Gecesi d\u00fczenledi -\" \/>\n<meta property=\"og:description\" content=\"Geceye, DP&#8217;nin Onursal Ba\u015fkan\u0131 Hakk\u0131 Atun&#8217;un yan\u0131 s\u0131ra, DP Genel Ba\u015fkan\u0131, Ba\u015fbakan Yard\u0131mc\u0131s\u0131, Turizm, K\u00fclt\u00fcr, Gen\u00e7lik ve \u00c7evre Bakan\u0131, Fikri Atao\u011flu, eski DP Genel Ba\u015fkan\u0131 Serdar Denkta\u015f, DP Genel Sekreteri Serhat Akp\u0131nar ve davetliler kat\u0131ld\u0131. DP\u2019den yap\u0131lan a\u00e7\u0131klamada, &#8220;Demokrat Parti&#8217;nin kurulu\u015fundan itibaren eme\u011fi ge\u00e7en ve yol arkada\u015fl\u0131\u011f\u0131 yapan isimlerin, birbirleriyle hasret giderirken, ge\u00e7mi\u015fte ya\u015fanan zorluklar\u0131,\" \/>\n<meta property=\"og:url\" content=\"https:\/\/kibrisdakik.com\/?p=41716\" \/>\n<meta property=\"article:published_time\" content=\"2024-05-15T06:02:48+00:00\" \/>\n<meta property=\"og:image\" content=\"https:\/\/kibrisdakik.com\/wp-content\/uploads\/2024\/05\/demokrat-parti-kurucular-gecesi-duzenledi-1715677947.webp.webp\" \/>\n\t<meta property=\"og:image:width\" content=\"710\" \/>\n\t<meta property=\"og:image:height\" content=\"370\" \/>\n\t<meta property=\"og:image:type\" content=\"image\/webp\" \/>\n<meta name=\"author\" content=\"admin\" \/>\n<meta name=\"twitter:card\" content=\"summary_large_image\" \/>\n<meta name=\"twitter:label1\" content=\"Yazan:\" \/>\n\t<meta name=\"twitter:data1\" content=\"admin\" \/>\n\t<meta name=\"twitter:label2\" content=\"Tahmini okuma s\u00fcresi\" \/>\n\t<meta name=\"twitter:data2\" content=\"1 dakika\" \/>\n<script type=\"application\/ld+json\" class=\"yoast-schema-graph\">{\"@context\":\"https:\\\/\\\/schema.org\",\"@graph\":[{\"@type\":\"Article\",\"@id\":\"https:\\\/\\\/kibrisdakik.com\\\/?p=41716#article\",\"isPartOf\":{\"@id\":\"https:\\\/\\\/kibrisdakik.com\\\/?p=41716\"},\"author\":{\"name\":\"admin\",\"@id\":\"https:\\\/\\\/kibrisdakik.com\\\/#\\\/schema\\\/person\\\/9cd9d437bbb44f72b73ba127e06d8e79\"},\"headline\":\"Demokrat Parti, Kurucular Gecesi d\u00fczenledi\",\"datePublished\":\"2024-05-15T06:02:48+00:00\",\"mainEntityOfPage\":{\"@id\":\"https:\\\/\\\/kibrisdakik.com\\\/?p=41716\"},\"wordCount\":167,\"commentCount\":0,\"image\":{\"@id\":\"https:\\\/\\\/kibrisdakik.com\\\/?p=41716#primaryimage\"},\"thumbnailUrl\":\"https:\\\/\\\/kibrisdakik.com\\\/wp-content\\\/uploads\\\/2024\\\/05\\\/demokrat-parti-kurucular-gecesi-duzenledi-1715677947.webp.webp\",\"articleSection\":[\"Spor\"],\"inLanguage\":\"tr\",\"potentialAction\":[{\"@type\":\"CommentAction\",\"name\":\"Comment\",\"target\":[\"https:\\\/\\\/kibrisdakik.com\\\/?p=41716#respond\"]}]},{\"@type\":\"WebPage\",\"@id\":\"https:\\\/\\\/kibrisdakik.com\\\/?p=41716\",\"url\":\"https:\\\/\\\/kibrisdakik.com\\\/?p=41716\",\"name\":\"Demokrat Parti, Kurucular Gecesi d\u00fczenledi -\",\"isPartOf\":{\"@id\":\"https:\\\/\\\/kibrisdakik.com\\\/#website\"},\"primaryImageOfPage\":{\"@id\":\"https:\\\/\\\/kibrisdakik.com\\\/?p=41716#primaryimage\"},\"image\":{\"@id\":\"https:\\\/\\\/kibrisdakik.com\\\/?p=41716#primaryimage\"},\"thumbnailUrl\":\"https:\\\/\\\/kibrisdakik.com\\\/wp-content\\\/uploads\\\/2024\\\/05\\\/demokrat-parti-kurucular-gecesi-duzenledi-1715677947.webp.webp\",\"datePublished\":\"2024-05-15T06:02:48+00:00\",\"author\":{\"@id\":\"https:\\\/\\\/kibrisdakik.com\\\/#\\\/schema\\\/person\\\/9cd9d437bbb44f72b73ba127e06d8e79\"},\"breadcrumb\":{\"@id\":\"https:\\\/\\\/kibrisdakik.com\\\/?p=41716#breadcrumb\"},\"inLanguage\":\"tr\",\"potentialAction\":[{\"@type\":\"ReadAction\",\"target\":[\"https:\\\/\\\/kibrisdakik.com\\\/?p=41716\"]}]},{\"@type\":\"ImageObject\",\"inLanguage\":\"tr\",\"@id\":\"https:\\\/\\\/kibrisdakik.com\\\/?p=41716#primaryimage\",\"url\":\"https:\\\/\\\/kibrisdakik.com\\\/wp-content\\\/uploads\\\/2024\\\/05\\\/demokrat-parti-kurucular-gecesi-duzenledi-1715677947.webp.webp\",\"contentUrl\":\"https:\\\/\\\/kibrisdakik.com\\\/wp-content\\\/uploads\\\/2024\\\/05\\\/demokrat-parti-kurucular-gecesi-duzenledi-1715677947.webp.webp\",\"width\":710,\"height\":370},{\"@type\":\"BreadcrumbList\",\"@id\":\"https:\\\/\\\/kibrisdakik.com\\\/?p=41716#breadcrumb\",\"itemListElement\":[{\"@type\":\"ListItem\",\"position\":1,\"name\":\"Home\",\"item\":\"https:\\\/\\\/kibrisdakik.com\\\/\"},{\"@type\":\"ListItem\",\"position\":2,\"name\":\"Demokrat Parti, Kurucular Gecesi d\u00fczenledi\"}]},{\"@type\":\"WebSite\",\"@id\":\"https:\\\/\\\/kibrisdakik.com\\\/#website\",\"url\":\"https:\\\/\\\/kibrisdakik.com\\\/\",\"name\":\"\",\"description\":\"Tam vaktinde haber\",\"potentialAction\":[{\"@type\":\"SearchAction\",\"target\":{\"@type\":\"EntryPoint\",\"urlTemplate\":\"https:\\\/\\\/kibrisdakik.com\\\/?s={search_term_string}\"},\"query-input\":{\"@type\":\"PropertyValueSpecification\",\"valueRequired\":true,\"valueName\":\"search_term_string\"}}],\"inLanguage\":\"tr\"},{\"@type\":\"Person\",\"@id\":\"https:\\\/\\\/kibrisdakik.com\\\/#\\\/schema\\\/person\\\/9cd9d437bbb44f72b73ba127e06d8e79\",\"name\":\"admin\",\"image\":{\"@type\":\"ImageObject\",\"inLanguage\":\"tr\",\"@id\":\"https:\\\/\\\/secure.gravatar.com\\\/avatar\\\/ccc17943b9d660506c869530f897617f7cb1c21a4bf30023f252596d83e1f007?s=96&d=mm&r=g\",\"url\":\"https:\\\/\\\/secure.gravatar.com\\\/avatar\\\/ccc17943b9d660506c869530f897617f7cb1c21a4bf30023f252596d83e1f007?s=96&d=mm&r=g\",\"contentUrl\":\"https:\\\/\\\/secure.gravatar.com\\\/avatar\\\/ccc17943b9d660506c869530f897617f7cb1c21a4bf30023f252596d83e1f007?s=96&d=mm&r=g\",\"caption\":\"admin\"},\"sameAs\":[\"https:\\\/\\\/kibrisdakik.com\"],\"url\":\"https:\\\/\\\/kibrisdakik.com\\\/?author=1\"}]}<\/script>\n<!-- \/ Yoast SEO plugin. -->","yoast_head_json":{"title":"Demokrat Parti, Kurucular Gecesi d\u00fczenledi -","robots":{"index":"index","follow":"follow","max-snippet":"max-snippet:-1","max-image-preview":"max-image-preview:large","max-video-preview":"max-video-preview:-1"},"canonical":"https:\/\/kibrisdakik.com\/?p=41716","og_locale":"tr_TR","og_type":"article","og_title":"Demokrat Parti, Kurucular Gecesi d\u00fczenledi -","og_description":"Geceye, DP&#8217;nin Onursal Ba\u015fkan\u0131 Hakk\u0131 Atun&#8217;un yan\u0131 s\u0131ra, DP Genel Ba\u015fkan\u0131, Ba\u015fbakan Yard\u0131mc\u0131s\u0131, Turizm, K\u00fclt\u00fcr, Gen\u00e7lik ve \u00c7evre Bakan\u0131, Fikri Atao\u011flu, eski DP Genel Ba\u015fkan\u0131 Serdar Denkta\u015f, DP Genel Sekreteri Serhat Akp\u0131nar ve davetliler kat\u0131ld\u0131. DP\u2019den yap\u0131lan a\u00e7\u0131klamada, &#8220;Demokrat Parti&#8217;nin kurulu\u015fundan itibaren eme\u011fi ge\u00e7en ve yol arkada\u015fl\u0131\u011f\u0131 yapan isimlerin, birbirleriyle hasret giderirken, ge\u00e7mi\u015fte ya\u015fanan zorluklar\u0131,","og_url":"https:\/\/kibrisdakik.com\/?p=41716","article_published_time":"2024-05-15T06:02:48+00:00","og_image":[{"width":710,"height":370,"url":"https:\/\/kibrisdakik.com\/wp-content\/uploads\/2024\/05\/demokrat-parti-kurucular-gecesi-duzenledi-1715677947.webp.webp","type":"image\/webp"}],"author":"admin","twitter_card":"summary_large_image","twitter_misc":{"Yazan:":"admin","Tahmini okuma s\u00fcresi":"1 dakika"},"schema":{"@context":"https:\/\/schema.org","@graph":[{"@type":"Article","@id":"https:\/\/kibrisdakik.com\/?p=41716#article","isPartOf":{"@id":"https:\/\/kibrisdakik.com\/?p=41716"},"author":{"name":"admin","@id":"https:\/\/kibrisdakik.com\/#\/schema\/person\/9cd9d437bbb44f72b73ba127e06d8e79"},"headline":"Demokrat Parti, Kurucular Gecesi d\u00fczenledi","datePublished":"2024-05-15T06:02:48+00:00","mainEntityOfPage":{"@id":"https:\/\/kibrisdakik.com\/?p=41716"},"wordCount":167,"commentCount":0,"image":{"@id":"https:\/\/kibrisdakik.com\/?p=41716#primaryimage"},"thumbnailUrl":"https:\/\/kibrisdakik.com\/wp-content\/uploads\/2024\/05\/demokrat-parti-kurucular-gecesi-duzenledi-1715677947.webp.webp","articleSection":["Spor"],"inLanguage":"tr","potentialAction":[{"@type":"CommentAction","name":"Comment","target":["https:\/\/kibrisdakik.com\/?p=41716#respond"]}]},{"@type":"WebPage","@id":"https:\/\/kibrisdakik.com\/?p=41716","url":"https:\/\/kibrisdakik.com\/?p=41716","name":"Demokrat Parti, Kurucular Gecesi d\u00fczenledi -","isPartOf":{"@id":"https:\/\/kibrisdakik.com\/#website"},"primaryImageOfPage":{"@id":"https:\/\/kibrisdakik.com\/?p=41716#primaryimage"},"image":{"@id":"https:\/\/kibrisdakik.com\/?p=41716#primaryimage"},"thumbnailUrl":"https:\/\/kibrisdakik.com\/wp-content\/uploads\/2024\/05\/demokrat-parti-kurucular-gecesi-duzenledi-1715677947.webp.webp","datePublished":"2024-05-15T06:02:48+00:00","author":{"@id":"https:\/\/kibrisdakik.com\/#\/schema\/person\/9cd9d437bbb44f72b73ba127e06d8e79"},"breadcrumb":{"@id":"https:\/\/kibrisdakik.com\/?p=41716#breadcrumb"},"inLanguage":"tr","potentialAction":[{"@type":"ReadAction","target":["https:\/\/kibrisdakik.com\/?p=41716"]}]},{"@type":"ImageObject","inLanguage":"tr","@id":"https:\/\/kibrisdakik.com\/?p=41716#primaryimage","url":"https:\/\/kibrisdakik.com\/wp-content\/uploads\/2024\/05\/demokrat-parti-kurucular-gecesi-duzenledi-1715677947.webp.webp","contentUrl":"https:\/\/kibrisdakik.com\/wp-content\/uploads\/2024\/05\/demokrat-parti-kurucular-gecesi-duzenledi-1715677947.webp.webp","width":710,"height":370},{"@type":"BreadcrumbList","@id":"https:\/\/kibrisdakik.com\/?p=41716#breadcrumb","itemListElement":[{"@type":"ListItem","position":1,"name":"Home","item":"https:\/\/kibrisdakik.com\/"},{"@type":"ListItem","position":2,"name":"Demokrat Parti, Kurucular Gecesi d\u00fczenledi"}]},{"@type":"WebSite","@id":"https:\/\/kibrisdakik.com\/#website","url":"https:\/\/kibrisdakik.com\/","name":"","description":"Tam vaktinde haber","potentialAction":[{"@type":"SearchAction","target":{"@type":"EntryPoint","urlTemplate":"https:\/\/kibrisdakik.com\/?s={search_term_string}"},"query-input":{"@type":"PropertyValueSpecification","valueRequired":true,"valueName":"search_term_string"}}],"inLanguage":"tr"},{"@type":"Person","@id":"https:\/\/kibrisdakik.com\/#\/schema\/person\/9cd9d437bbb44f72b73ba127e06d8e79","name":"admin","image":{"@type":"ImageObject","inLanguage":"tr","@id":"https:\/\/secure.gravatar.com\/avatar\/ccc17943b9d660506c869530f897617f7cb1c21a4bf30023f252596d83e1f007?s=96&d=mm&r=g","url":"https:\/\/secure.gravatar.com\/avatar\/ccc17943b9d660506c869530f897617f7cb1c21a4bf30023f252596d83e1f007?s=96&d=mm&r=g","contentUrl":"https:\/\/secure.gravatar.com\/avatar\/ccc17943b9d660506c869530f897617f7cb1c21a4bf30023f252596d83e1f007?s=96&d=mm&r=g","caption":"admin"},"sameAs":["https:\/\/kibrisdakik.com"],"url":"https:\/\/kibrisdakik.com\/?author=1"}]}},"_links":{"self":[{"href":"https:\/\/kibrisdakik.com\/index.php?rest_route=\/wp\/v2\/posts\/41716","targetHints":{"allow":["GET"]}}],"collection":[{"href":"https:\/\/kibrisdakik.com\/index.php?rest_route=\/wp\/v2\/posts"}],"about":[{"href":"https:\/\/kibrisdakik.com\/index.php?rest_route=\/wp\/v2\/types\/post"}],"author":[{"embeddable":true,"href":"https:\/\/kibrisdakik.com\/index.php?rest_route=\/wp\/v2\/users\/1"}],"replies":[{"embeddable":true,"href":"https:\/\/kibrisdakik.com\/index.php?rest_route=%2Fwp%2Fv2%2Fcomments&post=41716"}],"version-history":[{"count":0,"href":"https:\/\/kibrisdakik.com\/index.php?rest_route=\/wp\/v2\/posts\/41716\/revisions"}],"wp:featuredmedia":[{"embeddable":true,"href":"https:\/\/kibrisdakik.com\/index.php?rest_route=\/wp\/v2\/media\/41717"}],"wp:attachment":[{"href":"https:\/\/kibrisdakik.com\/index.php?rest_route=%2Fwp%2Fv2%2Fmedia&parent=41716"}],"wp:term":[{"taxonomy":"category","embeddable":true,"href":"https:\/\/kibrisdakik.com\/index.php?rest_route=%2Fwp%2Fv2%2Fcategories&post=41716"},{"taxonomy":"post_tag","embeddable":true,"href":"https:\/\/kibrisdakik.com\/index.php?rest_route=%2Fwp%2Fv2%2Ftags&post=41716"}],"curies":[{"name":"wp","href":"https:\/\/api.w.org\/{rel}","templated":true}]}}