{"id":41726,"date":"2024-05-15T08:05:01","date_gmt":"2024-05-15T08:05:01","guid":{"rendered":"https:\/\/kibrisdakik.com\/index.php\/2024\/05\/15\/cocuklar-dunya-atletizm-gununde-bulusacak\/"},"modified":"2024-05-15T08:05:01","modified_gmt":"2024-05-15T08:05:01","slug":"cocuklar-dunya-atletizm-gununde-bulusacak","status":"publish","type":"post","link":"https:\/\/kibrisdakik.com\/?p=41726","title":{"rendered":"\u00c7ocuklar, D\u00fcnya Atletizm G\u00fcn\u00fc\u2019nde bulu\u015facak"},"content":{"rendered":"<p><img decoding=\"async\" src=\"https:\/\/www.kibristurk.com\/images\/haberler\/2024\/05\/cocuklar-dunya-atletizm-gununde-bulusacak-1715759463.webp\" \/><\/p>\n<p><span style=\"font-size:11pt\"><span style=\"font-family:Calibri,sans-serif\"><span style=\"font-size:12.0pt\"><span style=\",serif\">15 May\u0131s 2024 \u00c7ar\u015famba g\u00fcn\u00fc saat 09.00\u2019da Lefko\u015fa Atat\u00fcrk Stadyumu\u2019nda d\u00fczenlenecek olan etkinlik, festival havas\u0131nda olup, t\u00fcm d\u00fcnyaya atletizmle ilgili mesajlar iletecek.<\/span><\/span><\/span><\/span><\/p>\n<p><span style=\"font-size:11pt\"><span style=\"font-family:Calibri,sans-serif\"><span style=\"font-size:12.0pt\"><span style=\",serif\">\u00c7ocuklar\u0131m\u0131za, d\u00fcnya genelindeki ya\u015f\u0131tlar\u0131yla birlikte atletizm etkinliklerine kat\u0131lma f\u0131rsat\u0131 sunulacak \u201cK\u00fc\u00e7\u00fck Ad\u0131mlar, B\u00fcy\u00fck Y\u00fckseli\u015fler, D\u00fcnya Siz \u00c7ocuklarla G\u00fczel!\u201d \u201cSmall Steps, Big Leaps, The World is Beautiful with You Kids!\u201d sloganlar\u0131yla, Lefko\u015fa Atat\u00fcrk Stadyumu\u2019ndan t\u00fcm d\u00fcnyaya mesajlar iletilecek.<\/span><\/span><\/span><\/span><\/p>\n<p><span style=\"font-size:11pt\"><span style=\"font-family:Calibri,sans-serif\"><span style=\"font-size:12.0pt\"><span style=\",serif\">Lefko\u015fa Atat\u00fcrk Stadyumu i\u00e7erisinde d\u00fczenlenecek olan etkinlikte, rekreasyon ve koordinasyon istasyonlar\u0131 kurularak, yar\u0131\u015fma havas\u0131ndan ziyade, festival ve \u015fenlik atmosferinde etkinlikler d\u00fczenlenecek.<\/span><\/span><\/span><\/span><\/p>\n","protected":false},"excerpt":{"rendered":"<p>15 May\u0131s 2024 \u00c7ar\u015famba g\u00fcn\u00fc saat 09.00\u2019da Lefko\u015fa Atat\u00fcrk Stadyumu\u2019nda d\u00fczenlenecek olan etkinlik, festival havas\u0131nda olup, t\u00fcm d\u00fcnyaya atletizmle ilgili mesajlar iletecek. \u00c7ocuklar\u0131m\u0131za, d\u00fcnya genelindeki ya\u015f\u0131tlar\u0131yla birlikte atletizm etkinliklerine kat\u0131lma f\u0131rsat\u0131 sunulacak \u201cK\u00fc\u00e7\u00fck Ad\u0131mlar, B\u00fcy\u00fck Y\u00fckseli\u015fler, D\u00fcnya Siz \u00c7ocuklarla G\u00fczel!\u201d \u201cSmall Steps, Big Leaps, The World is Beautiful with You Kids!\u201d sloganlar\u0131yla, Lefko\u015fa Atat\u00fcrk Stadyumu\u2019ndan<\/p>\n","protected":false},"author":1,"featured_media":41727,"comment_status":"open","ping_status":"open","sticky":false,"template":"","format":"standard","meta":{"footnotes":""},"categories":[85],"tags":[],"class_list":["post-41726","post","type-post","status-publish","format-standard","has-post-thumbnail","hentry","category-spor"],"yoast_head":"<!-- This site is optimized with the Yoast SEO plugin v27.5 - https:\/\/yoast.com\/product\/yoast-seo-wordpress\/ -->\n<title>\u00c7ocuklar, D\u00fcnya Atletizm G\u00fcn\u00fc\u2019nde bulu\u015facak -<\/title>\n<meta name=\"robots\" content=\"index, follow, max-snippet:-1, max-image-preview:large, max-video-preview:-1\" \/>\n<link rel=\"canonical\" href=\"https:\/\/kibrisdakik.com\/?p=41726\" \/>\n<meta property=\"og:locale\" content=\"tr_TR\" \/>\n<meta property=\"og:type\" content=\"article\" \/>\n<meta property=\"og:title\" content=\"\u00c7ocuklar, D\u00fcnya Atletizm G\u00fcn\u00fc\u2019nde bulu\u015facak -\" \/>\n<meta property=\"og:description\" content=\"15 May\u0131s 2024 \u00c7ar\u015famba g\u00fcn\u00fc saat 09.00\u2019da Lefko\u015fa Atat\u00fcrk Stadyumu\u2019nda d\u00fczenlenecek olan etkinlik, festival havas\u0131nda olup, t\u00fcm d\u00fcnyaya atletizmle ilgili mesajlar iletecek. \u00c7ocuklar\u0131m\u0131za, d\u00fcnya genelindeki ya\u015f\u0131tlar\u0131yla birlikte atletizm etkinliklerine kat\u0131lma f\u0131rsat\u0131 sunulacak \u201cK\u00fc\u00e7\u00fck Ad\u0131mlar, B\u00fcy\u00fck Y\u00fckseli\u015fler, D\u00fcnya Siz \u00c7ocuklarla G\u00fczel!\u201d \u201cSmall Steps, Big Leaps, The World is Beautiful with You Kids!\u201d sloganlar\u0131yla, Lefko\u015fa Atat\u00fcrk Stadyumu\u2019ndan\" \/>\n<meta property=\"og:url\" content=\"https:\/\/kibrisdakik.com\/?p=41726\" \/>\n<meta property=\"article:published_time\" content=\"2024-05-15T08:05:01+00:00\" \/>\n<meta property=\"og:image\" content=\"https:\/\/kibrisdakik.com\/wp-content\/uploads\/2024\/05\/cocuklar-dunya-atletizm-gununde-bulusacak-1715759463.webp.webp\" \/>\n\t<meta property=\"og:image:width\" content=\"710\" \/>\n\t<meta property=\"og:image:height\" content=\"370\" \/>\n\t<meta property=\"og:image:type\" content=\"image\/webp\" \/>\n<meta name=\"author\" content=\"admin\" \/>\n<meta name=\"twitter:card\" content=\"summary_large_image\" \/>\n<meta name=\"twitter:label1\" content=\"Yazan:\" \/>\n\t<meta name=\"twitter:data1\" content=\"admin\" \/>\n\t<meta name=\"twitter:label2\" content=\"Tahmini okuma s\u00fcresi\" \/>\n\t<meta name=\"twitter:data2\" content=\"1 dakika\" \/>\n<script type=\"application\/ld+json\" class=\"yoast-schema-graph\">{\"@context\":\"https:\\\/\\\/schema.org\",\"@graph\":[{\"@type\":\"Article\",\"@id\":\"https:\\\/\\\/kibrisdakik.com\\\/?p=41726#article\",\"isPartOf\":{\"@id\":\"https:\\\/\\\/kibrisdakik.com\\\/?p=41726\"},\"author\":{\"name\":\"admin\",\"@id\":\"https:\\\/\\\/kibrisdakik.com\\\/#\\\/schema\\\/person\\\/9cd9d437bbb44f72b73ba127e06d8e79\"},\"headline\":\"\u00c7ocuklar, D\u00fcnya Atletizm G\u00fcn\u00fc\u2019nde bulu\u015facak\",\"datePublished\":\"2024-05-15T08:05:01+00:00\",\"mainEntityOfPage\":{\"@id\":\"https:\\\/\\\/kibrisdakik.com\\\/?p=41726\"},\"wordCount\":125,\"commentCount\":0,\"image\":{\"@id\":\"https:\\\/\\\/kibrisdakik.com\\\/?p=41726#primaryimage\"},\"thumbnailUrl\":\"https:\\\/\\\/kibrisdakik.com\\\/wp-content\\\/uploads\\\/2024\\\/05\\\/cocuklar-dunya-atletizm-gununde-bulusacak-1715759463.webp.webp\",\"articleSection\":[\"Spor\"],\"inLanguage\":\"tr\",\"potentialAction\":[{\"@type\":\"CommentAction\",\"name\":\"Comment\",\"target\":[\"https:\\\/\\\/kibrisdakik.com\\\/?p=41726#respond\"]}]},{\"@type\":\"WebPage\",\"@id\":\"https:\\\/\\\/kibrisdakik.com\\\/?p=41726\",\"url\":\"https:\\\/\\\/kibrisdakik.com\\\/?p=41726\",\"name\":\"\u00c7ocuklar, D\u00fcnya Atletizm G\u00fcn\u00fc\u2019nde bulu\u015facak -\",\"isPartOf\":{\"@id\":\"https:\\\/\\\/kibrisdakik.com\\\/#website\"},\"primaryImageOfPage\":{\"@id\":\"https:\\\/\\\/kibrisdakik.com\\\/?p=41726#primaryimage\"},\"image\":{\"@id\":\"https:\\\/\\\/kibrisdakik.com\\\/?p=41726#primaryimage\"},\"thumbnailUrl\":\"https:\\\/\\\/kibrisdakik.com\\\/wp-content\\\/uploads\\\/2024\\\/05\\\/cocuklar-dunya-atletizm-gununde-bulusacak-1715759463.webp.webp\",\"datePublished\":\"2024-05-15T08:05:01+00:00\",\"author\":{\"@id\":\"https:\\\/\\\/kibrisdakik.com\\\/#\\\/schema\\\/person\\\/9cd9d437bbb44f72b73ba127e06d8e79\"},\"breadcrumb\":{\"@id\":\"https:\\\/\\\/kibrisdakik.com\\\/?p=41726#breadcrumb\"},\"inLanguage\":\"tr\",\"potentialAction\":[{\"@type\":\"ReadAction\",\"target\":[\"https:\\\/\\\/kibrisdakik.com\\\/?p=41726\"]}]},{\"@type\":\"ImageObject\",\"inLanguage\":\"tr\",\"@id\":\"https:\\\/\\\/kibrisdakik.com\\\/?p=41726#primaryimage\",\"url\":\"https:\\\/\\\/kibrisdakik.com\\\/wp-content\\\/uploads\\\/2024\\\/05\\\/cocuklar-dunya-atletizm-gununde-bulusacak-1715759463.webp.webp\",\"contentUrl\":\"https:\\\/\\\/kibrisdakik.com\\\/wp-content\\\/uploads\\\/2024\\\/05\\\/cocuklar-dunya-atletizm-gununde-bulusacak-1715759463.webp.webp\",\"width\":710,\"height\":370},{\"@type\":\"BreadcrumbList\",\"@id\":\"https:\\\/\\\/kibrisdakik.com\\\/?p=41726#breadcrumb\",\"itemListElement\":[{\"@type\":\"ListItem\",\"position\":1,\"name\":\"Home\",\"item\":\"https:\\\/\\\/kibrisdakik.com\\\/\"},{\"@type\":\"ListItem\",\"position\":2,\"name\":\"\u00c7ocuklar, D\u00fcnya Atletizm G\u00fcn\u00fc\u2019nde bulu\u015facak\"}]},{\"@type\":\"WebSite\",\"@id\":\"https:\\\/\\\/kibrisdakik.com\\\/#website\",\"url\":\"https:\\\/\\\/kibrisdakik.com\\\/\",\"name\":\"\",\"description\":\"Tam vaktinde haber\",\"potentialAction\":[{\"@type\":\"SearchAction\",\"target\":{\"@type\":\"EntryPoint\",\"urlTemplate\":\"https:\\\/\\\/kibrisdakik.com\\\/?s={search_term_string}\"},\"query-input\":{\"@type\":\"PropertyValueSpecification\",\"valueRequired\":true,\"valueName\":\"search_term_string\"}}],\"inLanguage\":\"tr\"},{\"@type\":\"Person\",\"@id\":\"https:\\\/\\\/kibrisdakik.com\\\/#\\\/schema\\\/person\\\/9cd9d437bbb44f72b73ba127e06d8e79\",\"name\":\"admin\",\"image\":{\"@type\":\"ImageObject\",\"inLanguage\":\"tr\",\"@id\":\"https:\\\/\\\/secure.gravatar.com\\\/avatar\\\/ccc17943b9d660506c869530f897617f7cb1c21a4bf30023f252596d83e1f007?s=96&d=mm&r=g\",\"url\":\"https:\\\/\\\/secure.gravatar.com\\\/avatar\\\/ccc17943b9d660506c869530f897617f7cb1c21a4bf30023f252596d83e1f007?s=96&d=mm&r=g\",\"contentUrl\":\"https:\\\/\\\/secure.gravatar.com\\\/avatar\\\/ccc17943b9d660506c869530f897617f7cb1c21a4bf30023f252596d83e1f007?s=96&d=mm&r=g\",\"caption\":\"admin\"},\"sameAs\":[\"https:\\\/\\\/kibrisdakik.com\"],\"url\":\"https:\\\/\\\/kibrisdakik.com\\\/?author=1\"}]}<\/script>\n<!-- \/ Yoast SEO plugin. -->","yoast_head_json":{"title":"\u00c7ocuklar, D\u00fcnya Atletizm G\u00fcn\u00fc\u2019nde bulu\u015facak -","robots":{"index":"index","follow":"follow","max-snippet":"max-snippet:-1","max-image-preview":"max-image-preview:large","max-video-preview":"max-video-preview:-1"},"canonical":"https:\/\/kibrisdakik.com\/?p=41726","og_locale":"tr_TR","og_type":"article","og_title":"\u00c7ocuklar, D\u00fcnya Atletizm G\u00fcn\u00fc\u2019nde bulu\u015facak -","og_description":"15 May\u0131s 2024 \u00c7ar\u015famba g\u00fcn\u00fc saat 09.00\u2019da Lefko\u015fa Atat\u00fcrk Stadyumu\u2019nda d\u00fczenlenecek olan etkinlik, festival havas\u0131nda olup, t\u00fcm d\u00fcnyaya atletizmle ilgili mesajlar iletecek. \u00c7ocuklar\u0131m\u0131za, d\u00fcnya genelindeki ya\u015f\u0131tlar\u0131yla birlikte atletizm etkinliklerine kat\u0131lma f\u0131rsat\u0131 sunulacak \u201cK\u00fc\u00e7\u00fck Ad\u0131mlar, B\u00fcy\u00fck Y\u00fckseli\u015fler, D\u00fcnya Siz \u00c7ocuklarla G\u00fczel!\u201d \u201cSmall Steps, Big Leaps, The World is Beautiful with You Kids!\u201d sloganlar\u0131yla, Lefko\u015fa Atat\u00fcrk Stadyumu\u2019ndan","og_url":"https:\/\/kibrisdakik.com\/?p=41726","article_published_time":"2024-05-15T08:05:01+00:00","og_image":[{"width":710,"height":370,"url":"https:\/\/kibrisdakik.com\/wp-content\/uploads\/2024\/05\/cocuklar-dunya-atletizm-gununde-bulusacak-1715759463.webp.webp","type":"image\/webp"}],"author":"admin","twitter_card":"summary_large_image","twitter_misc":{"Yazan:":"admin","Tahmini okuma s\u00fcresi":"1 dakika"},"schema":{"@context":"https:\/\/schema.org","@graph":[{"@type":"Article","@id":"https:\/\/kibrisdakik.com\/?p=41726#article","isPartOf":{"@id":"https:\/\/kibrisdakik.com\/?p=41726"},"author":{"name":"admin","@id":"https:\/\/kibrisdakik.com\/#\/schema\/person\/9cd9d437bbb44f72b73ba127e06d8e79"},"headline":"\u00c7ocuklar, D\u00fcnya Atletizm G\u00fcn\u00fc\u2019nde bulu\u015facak","datePublished":"2024-05-15T08:05:01+00:00","mainEntityOfPage":{"@id":"https:\/\/kibrisdakik.com\/?p=41726"},"wordCount":125,"commentCount":0,"image":{"@id":"https:\/\/kibrisdakik.com\/?p=41726#primaryimage"},"thumbnailUrl":"https:\/\/kibrisdakik.com\/wp-content\/uploads\/2024\/05\/cocuklar-dunya-atletizm-gununde-bulusacak-1715759463.webp.webp","articleSection":["Spor"],"inLanguage":"tr","potentialAction":[{"@type":"CommentAction","name":"Comment","target":["https:\/\/kibrisdakik.com\/?p=41726#respond"]}]},{"@type":"WebPage","@id":"https:\/\/kibrisdakik.com\/?p=41726","url":"https:\/\/kibrisdakik.com\/?p=41726","name":"\u00c7ocuklar, D\u00fcnya Atletizm G\u00fcn\u00fc\u2019nde bulu\u015facak -","isPartOf":{"@id":"https:\/\/kibrisdakik.com\/#website"},"primaryImageOfPage":{"@id":"https:\/\/kibrisdakik.com\/?p=41726#primaryimage"},"image":{"@id":"https:\/\/kibrisdakik.com\/?p=41726#primaryimage"},"thumbnailUrl":"https:\/\/kibrisdakik.com\/wp-content\/uploads\/2024\/05\/cocuklar-dunya-atletizm-gununde-bulusacak-1715759463.webp.webp","datePublished":"2024-05-15T08:05:01+00:00","author":{"@id":"https:\/\/kibrisdakik.com\/#\/schema\/person\/9cd9d437bbb44f72b73ba127e06d8e79"},"breadcrumb":{"@id":"https:\/\/kibrisdakik.com\/?p=41726#breadcrumb"},"inLanguage":"tr","potentialAction":[{"@type":"ReadAction","target":["https:\/\/kibrisdakik.com\/?p=41726"]}]},{"@type":"ImageObject","inLanguage":"tr","@id":"https:\/\/kibrisdakik.com\/?p=41726#primaryimage","url":"https:\/\/kibrisdakik.com\/wp-content\/uploads\/2024\/05\/cocuklar-dunya-atletizm-gununde-bulusacak-1715759463.webp.webp","contentUrl":"https:\/\/kibrisdakik.com\/wp-content\/uploads\/2024\/05\/cocuklar-dunya-atletizm-gununde-bulusacak-1715759463.webp.webp","width":710,"height":370},{"@type":"BreadcrumbList","@id":"https:\/\/kibrisdakik.com\/?p=41726#breadcrumb","itemListElement":[{"@type":"ListItem","position":1,"name":"Home","item":"https:\/\/kibrisdakik.com\/"},{"@type":"ListItem","position":2,"name":"\u00c7ocuklar, D\u00fcnya Atletizm G\u00fcn\u00fc\u2019nde bulu\u015facak"}]},{"@type":"WebSite","@id":"https:\/\/kibrisdakik.com\/#website","url":"https:\/\/kibrisdakik.com\/","name":"","description":"Tam vaktinde haber","potentialAction":[{"@type":"SearchAction","target":{"@type":"EntryPoint","urlTemplate":"https:\/\/kibrisdakik.com\/?s={search_term_string}"},"query-input":{"@type":"PropertyValueSpecification","valueRequired":true,"valueName":"search_term_string"}}],"inLanguage":"tr"},{"@type":"Person","@id":"https:\/\/kibrisdakik.com\/#\/schema\/person\/9cd9d437bbb44f72b73ba127e06d8e79","name":"admin","image":{"@type":"ImageObject","inLanguage":"tr","@id":"https:\/\/secure.gravatar.com\/avatar\/ccc17943b9d660506c869530f897617f7cb1c21a4bf30023f252596d83e1f007?s=96&d=mm&r=g","url":"https:\/\/secure.gravatar.com\/avatar\/ccc17943b9d660506c869530f897617f7cb1c21a4bf30023f252596d83e1f007?s=96&d=mm&r=g","contentUrl":"https:\/\/secure.gravatar.com\/avatar\/ccc17943b9d660506c869530f897617f7cb1c21a4bf30023f252596d83e1f007?s=96&d=mm&r=g","caption":"admin"},"sameAs":["https:\/\/kibrisdakik.com"],"url":"https:\/\/kibrisdakik.com\/?author=1"}]}},"_links":{"self":[{"href":"https:\/\/kibrisdakik.com\/index.php?rest_route=\/wp\/v2\/posts\/41726","targetHints":{"allow":["GET"]}}],"collection":[{"href":"https:\/\/kibrisdakik.com\/index.php?rest_route=\/wp\/v2\/posts"}],"about":[{"href":"https:\/\/kibrisdakik.com\/index.php?rest_route=\/wp\/v2\/types\/post"}],"author":[{"embeddable":true,"href":"https:\/\/kibrisdakik.com\/index.php?rest_route=\/wp\/v2\/users\/1"}],"replies":[{"embeddable":true,"href":"https:\/\/kibrisdakik.com\/index.php?rest_route=%2Fwp%2Fv2%2Fcomments&post=41726"}],"version-history":[{"count":0,"href":"https:\/\/kibrisdakik.com\/index.php?rest_route=\/wp\/v2\/posts\/41726\/revisions"}],"wp:featuredmedia":[{"embeddable":true,"href":"https:\/\/kibrisdakik.com\/index.php?rest_route=\/wp\/v2\/media\/41727"}],"wp:attachment":[{"href":"https:\/\/kibrisdakik.com\/index.php?rest_route=%2Fwp%2Fv2%2Fmedia&parent=41726"}],"wp:term":[{"taxonomy":"category","embeddable":true,"href":"https:\/\/kibrisdakik.com\/index.php?rest_route=%2Fwp%2Fv2%2Fcategories&post=41726"},{"taxonomy":"post_tag","embeddable":true,"href":"https:\/\/kibrisdakik.com\/index.php?rest_route=%2Fwp%2Fv2%2Ftags&post=41726"}],"curies":[{"name":"wp","href":"https:\/\/api.w.org\/{rel}","templated":true}]}}