{"id":41774,"date":"2024-05-15T14:44:51","date_gmt":"2024-05-15T14:44:51","guid":{"rendered":"https:\/\/kibrisdakik.com\/index.php\/2024\/05\/15\/cumhurbaskani-tatar-15-mayis-hava-sehitlerini-anma-gunu-dolayisiyla-emekli-pilot-ali-karacobani-kabul-ederek-gorustu\/"},"modified":"2024-05-15T14:44:51","modified_gmt":"2024-05-15T14:44:51","slug":"cumhurbaskani-tatar-15-mayis-hava-sehitlerini-anma-gunu-dolayisiyla-emekli-pilot-ali-karacobani-kabul-ederek-gorustu","status":"publish","type":"post","link":"https:\/\/kibrisdakik.com\/?p=41774","title":{"rendered":"Cumhurba\u015fkan\u0131 Tatar, 15 May\u0131s Hava \u015eehitlerini Anma G\u00fcn\u00fc dolay\u0131s\u0131yla emekli pilot Ali Kara\u00e7oban\u2019\u0131 kabul ederek g\u00f6r\u00fc\u015ft\u00fc"},"content":{"rendered":"<p><\/p>\n<div>\n<div class=\"mariselle-image-container center\">\n                <img loading=\"lazy\" decoding=\"async\" width=\"1600\" height=\"807\" class=\"lazy-image\" alt=\"\" sizes=\"auto, (max-width: 1600px) 100vw, 1600px\" src=\"https:\/\/brtk.net\/wp-content\/uploads\/2024\/05\/15\/IMG-20240515-WA0042.jpg?ver=ce9aba12514df3ea6b13a354e9a506a1\" srcset=\"https:\/\/brtk.net\/wp-content\/uploads\/2024\/05\/15\/IMG-20240515-WA0042.jpg?ver=ce9aba12514df3ea6b13a354e9a506a1 1600w, https:\/\/brtk.net\/wp-content\/uploads\/2024\/05\/15\/IMG-20240515-WA0042-300x151.jpg?ver=ce9aba12514df3ea6b13a354e9a506a1 300w, https:\/\/brtk.net\/wp-content\/uploads\/2024\/05\/15\/IMG-20240515-WA0042-1024x516.jpg?ver=ce9aba12514df3ea6b13a354e9a506a1 1024w, https:\/\/brtk.net\/wp-content\/uploads\/2024\/05\/15\/IMG-20240515-WA0042-768x387.jpg?ver=975d83cc893c32a26bcdb136f51da102 768w, https:\/\/brtk.net\/wp-content\/uploads\/2024\/05\/15\/IMG-20240515-WA0042-1536x775.jpg?ver=975d83cc893c32a26bcdb136f51da102 1536w\"\/>                            <\/div>\n<p>Cumhurba\u015fkan\u0131 <a href=\"https:\/\/brtk.net\/\" target=\"_blank\" rel=\"noopener\"><a href=\"https:\/\/brtk.net\/\" target=\"_blank\" rel=\"noopener\">Ersin <\/a><a href=\"https:\/\/brtk.net\/\"\/><a href=\"https:\/\/brtk.net\/\"\/><a href=\"https:\/\/brtk.net\/\"\/><a href=\"https:\/\/brtk.net\/\"\/><a href=\"https:\/\/brtk.net\/\">Tatar<\/a>, 15 May\u0131s Hava \u015eehitlerini Anma G\u00fcn\u00fc dolay\u0131s\u0131yla emekli pilot Ali Kara\u00e7oban\u2019\u0131 kabul ederek g\u00f6r\u00fc\u015ft\u00fc. <\/p>\n<p> Emekli pilot Ali Kara\u00e7oban\u2019dan Cumhurba\u015fkan\u0131 <a href=\"https:\/\/brtk.net\/\"\/><a href=\"https:\/\/brtk.net\/\"\/><a href=\"https:\/\/brtk.net\/\"\/><a href=\"https:\/\/brtk.net\/\"\/><a href=\"https:\/\/brtk.net\/\">Tatar<\/a>\u2019a \u201cTurna Ku\u015fu Misali\u201d isimli kitap takdimi Cumhurba\u015fkan\u0131 <a href=\"https:\/\/brtk.net\/\" target=\"_blank\" rel=\"noopener\"><a href=\"https:\/\/brtk.net\/\" target=\"_blank\" rel=\"noopener\">Ersin <\/a><a href=\"https:\/\/brtk.net\/\"\/><a href=\"https:\/\/brtk.net\/\"\/><a href=\"https:\/\/brtk.net\/\"\/><a href=\"https:\/\/brtk.net\/\"\/><a href=\"https:\/\/brtk.net\/\">Tatar<\/a>, 15 May\u0131s hava \u015fehitlerini anma g\u00fcn\u00fc dolay\u0131s\u0131yla emekli pilot Ali Kara\u00e7oban\u2019\u0131 kabul etti. Cumhurba\u015fkan\u0131 <a href=\"https:\/\/brtk.net\/\"\/><a href=\"https:\/\/brtk.net\/\"\/><a href=\"https:\/\/brtk.net\/\"\/><a href=\"https:\/\/brtk.net\/\"\/><a href=\"https:\/\/brtk.net\/\">Tatar<\/a> kabulde yapt\u0131\u011f\u0131 konu\u015fmada, Kara\u00e7oban\u2019a kitap takdimi dolay\u0131s\u0131yla te\u015fekk\u00fcr etti ve milli m\u00fccadele y\u0131llar\u0131nda hayatlar\u0131n\u0131 feda eden aziz \u015fehitleri rahmetle and\u0131; ba\u015fta Cengiz Topel ve \u015eehit Binba\u015f\u0131 Fehmi Ercan olmak \u00fczere t\u00fcm hava \u015fehitlerini yad etti. T\u00fcrk Hava Kuvvetlerinin hava yolu ile K\u0131br\u0131s\u2019a m\u00fcdahalesine de\u011finen Cumhurba\u015fkan\u0131 <a href=\"https:\/\/brtk.net\/\"\/><a href=\"https:\/\/brtk.net\/\"\/><a href=\"https:\/\/brtk.net\/\"\/><a href=\"https:\/\/brtk.net\/\"\/><a href=\"https:\/\/brtk.net\/\">Tatar<\/a>, m\u00fcdahalede g\u00f6rev alan t\u00fcm pilotlar\u0131 minnetle and\u0131. T\u00fcrkiye Cumhuriyeti\u2019nin milli savunma sanayisindeki ba\u015far\u0131lar\u0131na dikkat \u00e7eken Cumhurba\u015fkan\u0131 <a href=\"https:\/\/brtk.net\/\"\/><a href=\"https:\/\/brtk.net\/\"\/><a href=\"https:\/\/brtk.net\/\"\/><a href=\"https:\/\/brtk.net\/\"\/><a href=\"https:\/\/brtk.net\/\">Tatar<\/a>, T\u00fcrk Hava Kuvvetlerinin teknolojik u\u00e7aklarla g\u00fcc\u00fcne g\u00fc\u00e7 katt\u0131\u011f\u0131n\u0131 belirtti.<\/p>\n<\/p><\/div>\n<p><script async\n                    defer\n                    crossorigin=\"anonymous\"\n                    src=\"https:\/\/connect.facebook.net\/tr_TR\/sdk.js#xfbml=1&#038;version=v3.3\"\n            ><\/script><\/p>\n","protected":false},"excerpt":{"rendered":"<p>Cumhurba\u015fkan\u0131 Ersin Tatar, 15 May\u0131s Hava \u015eehitlerini Anma G\u00fcn\u00fc dolay\u0131s\u0131yla emekli pilot Ali Kara\u00e7oban\u2019\u0131 kabul ederek g\u00f6r\u00fc\u015ft\u00fc. Emekli pilot Ali Kara\u00e7oban\u2019dan Cumhurba\u015fkan\u0131 Tatar\u2019a \u201cTurna Ku\u015fu Misali\u201d isimli kitap takdimi Cumhurba\u015fkan\u0131 Ersin Tatar, 15 May\u0131s hava \u015fehitlerini anma g\u00fcn\u00fc dolay\u0131s\u0131yla emekli pilot Ali Kara\u00e7oban\u2019\u0131 kabul etti. Cumhurba\u015fkan\u0131 Tatar kabulde yapt\u0131\u011f\u0131 konu\u015fmada, Kara\u00e7oban\u2019a kitap takdimi dolay\u0131s\u0131yla te\u015fekk\u00fcr<\/p>\n","protected":false},"author":1,"featured_media":41775,"comment_status":"open","ping_status":"open","sticky":false,"template":"","format":"standard","meta":{"footnotes":""},"categories":[1],"tags":[],"class_list":["post-41774","post","type-post","status-publish","format-standard","has-post-thumbnail","hentry","category-gundem"],"yoast_head":"<!-- This site is optimized with the Yoast SEO plugin v27.5 - https:\/\/yoast.com\/product\/yoast-seo-wordpress\/ -->\n<title>Cumhurba\u015fkan\u0131 Tatar, 15 May\u0131s Hava \u015eehitlerini Anma G\u00fcn\u00fc dolay\u0131s\u0131yla emekli pilot Ali Kara\u00e7oban\u2019\u0131 kabul ederek g\u00f6r\u00fc\u015ft\u00fc -<\/title>\n<meta name=\"robots\" content=\"index, follow, max-snippet:-1, max-image-preview:large, max-video-preview:-1\" \/>\n<link rel=\"canonical\" href=\"https:\/\/kibrisdakik.com\/?p=41774\" \/>\n<meta property=\"og:locale\" content=\"tr_TR\" \/>\n<meta property=\"og:type\" content=\"article\" \/>\n<meta property=\"og:title\" content=\"Cumhurba\u015fkan\u0131 Tatar, 15 May\u0131s Hava \u015eehitlerini Anma G\u00fcn\u00fc dolay\u0131s\u0131yla emekli pilot Ali Kara\u00e7oban\u2019\u0131 kabul ederek g\u00f6r\u00fc\u015ft\u00fc -\" \/>\n<meta property=\"og:description\" content=\"Cumhurba\u015fkan\u0131 Ersin Tatar, 15 May\u0131s Hava \u015eehitlerini Anma G\u00fcn\u00fc dolay\u0131s\u0131yla emekli pilot Ali Kara\u00e7oban\u2019\u0131 kabul ederek g\u00f6r\u00fc\u015ft\u00fc. Emekli pilot Ali Kara\u00e7oban\u2019dan Cumhurba\u015fkan\u0131 Tatar\u2019a \u201cTurna Ku\u015fu Misali\u201d isimli kitap takdimi Cumhurba\u015fkan\u0131 Ersin Tatar, 15 May\u0131s hava \u015fehitlerini anma g\u00fcn\u00fc dolay\u0131s\u0131yla emekli pilot Ali Kara\u00e7oban\u2019\u0131 kabul etti. Cumhurba\u015fkan\u0131 Tatar kabulde yapt\u0131\u011f\u0131 konu\u015fmada, Kara\u00e7oban\u2019a kitap takdimi dolay\u0131s\u0131yla te\u015fekk\u00fcr\" \/>\n<meta property=\"og:url\" content=\"https:\/\/kibrisdakik.com\/?p=41774\" \/>\n<meta property=\"article:published_time\" content=\"2024-05-15T14:44:51+00:00\" \/>\n<meta property=\"og:image\" content=\"https:\/\/kibrisdakik.com\/wp-content\/uploads\/2024\/05\/IMG-20240515-WA0042-740x420.jpg\" \/>\n\t<meta property=\"og:image:width\" content=\"1600\" \/>\n\t<meta property=\"og:image:height\" content=\"807\" \/>\n\t<meta property=\"og:image:type\" content=\"image\/jpeg\" \/>\n<meta name=\"author\" content=\"admin\" \/>\n<meta name=\"twitter:card\" content=\"summary_large_image\" \/>\n<meta name=\"twitter:label1\" content=\"Yazan:\" \/>\n\t<meta name=\"twitter:data1\" content=\"admin\" \/>\n\t<meta name=\"twitter:label2\" content=\"Tahmini okuma s\u00fcresi\" \/>\n\t<meta name=\"twitter:data2\" content=\"1 dakika\" \/>\n<script type=\"application\/ld+json\" class=\"yoast-schema-graph\">{\"@context\":\"https:\\\/\\\/schema.org\",\"@graph\":[{\"@type\":\"Article\",\"@id\":\"https:\\\/\\\/kibrisdakik.com\\\/?p=41774#article\",\"isPartOf\":{\"@id\":\"https:\\\/\\\/kibrisdakik.com\\\/?p=41774\"},\"author\":{\"name\":\"admin\",\"@id\":\"https:\\\/\\\/kibrisdakik.com\\\/#\\\/schema\\\/person\\\/9cd9d437bbb44f72b73ba127e06d8e79\"},\"headline\":\"Cumhurba\u015fkan\u0131 Tatar, 15 May\u0131s Hava \u015eehitlerini Anma G\u00fcn\u00fc dolay\u0131s\u0131yla emekli pilot Ali Kara\u00e7oban\u2019\u0131 kabul ederek g\u00f6r\u00fc\u015ft\u00fc\",\"datePublished\":\"2024-05-15T14:44:51+00:00\",\"mainEntityOfPage\":{\"@id\":\"https:\\\/\\\/kibrisdakik.com\\\/?p=41774\"},\"wordCount\":194,\"commentCount\":0,\"image\":{\"@id\":\"https:\\\/\\\/kibrisdakik.com\\\/?p=41774#primaryimage\"},\"thumbnailUrl\":\"https:\\\/\\\/kibrisdakik.com\\\/wp-content\\\/uploads\\\/2024\\\/05\\\/IMG-20240515-WA0042-740x420.jpg\",\"articleSection\":[\"G\u00fcndem\"],\"inLanguage\":\"tr\",\"potentialAction\":[{\"@type\":\"CommentAction\",\"name\":\"Comment\",\"target\":[\"https:\\\/\\\/kibrisdakik.com\\\/?p=41774#respond\"]}]},{\"@type\":\"WebPage\",\"@id\":\"https:\\\/\\\/kibrisdakik.com\\\/?p=41774\",\"url\":\"https:\\\/\\\/kibrisdakik.com\\\/?p=41774\",\"name\":\"Cumhurba\u015fkan\u0131 Tatar, 15 May\u0131s Hava \u015eehitlerini Anma G\u00fcn\u00fc dolay\u0131s\u0131yla emekli pilot Ali Kara\u00e7oban\u2019\u0131 kabul ederek g\u00f6r\u00fc\u015ft\u00fc -\",\"isPartOf\":{\"@id\":\"https:\\\/\\\/kibrisdakik.com\\\/#website\"},\"primaryImageOfPage\":{\"@id\":\"https:\\\/\\\/kibrisdakik.com\\\/?p=41774#primaryimage\"},\"image\":{\"@id\":\"https:\\\/\\\/kibrisdakik.com\\\/?p=41774#primaryimage\"},\"thumbnailUrl\":\"https:\\\/\\\/kibrisdakik.com\\\/wp-content\\\/uploads\\\/2024\\\/05\\\/IMG-20240515-WA0042-740x420.jpg\",\"datePublished\":\"2024-05-15T14:44:51+00:00\",\"author\":{\"@id\":\"https:\\\/\\\/kibrisdakik.com\\\/#\\\/schema\\\/person\\\/9cd9d437bbb44f72b73ba127e06d8e79\"},\"breadcrumb\":{\"@id\":\"https:\\\/\\\/kibrisdakik.com\\\/?p=41774#breadcrumb\"},\"inLanguage\":\"tr\",\"potentialAction\":[{\"@type\":\"ReadAction\",\"target\":[\"https:\\\/\\\/kibrisdakik.com\\\/?p=41774\"]}]},{\"@type\":\"ImageObject\",\"inLanguage\":\"tr\",\"@id\":\"https:\\\/\\\/kibrisdakik.com\\\/?p=41774#primaryimage\",\"url\":\"https:\\\/\\\/kibrisdakik.com\\\/wp-content\\\/uploads\\\/2024\\\/05\\\/IMG-20240515-WA0042-740x420.jpg\",\"contentUrl\":\"https:\\\/\\\/kibrisdakik.com\\\/wp-content\\\/uploads\\\/2024\\\/05\\\/IMG-20240515-WA0042-740x420.jpg\",\"width\":1600,\"height\":807},{\"@type\":\"BreadcrumbList\",\"@id\":\"https:\\\/\\\/kibrisdakik.com\\\/?p=41774#breadcrumb\",\"itemListElement\":[{\"@type\":\"ListItem\",\"position\":1,\"name\":\"Home\",\"item\":\"https:\\\/\\\/kibrisdakik.com\\\/\"},{\"@type\":\"ListItem\",\"position\":2,\"name\":\"Cumhurba\u015fkan\u0131 Tatar, 15 May\u0131s Hava \u015eehitlerini Anma G\u00fcn\u00fc dolay\u0131s\u0131yla emekli pilot Ali Kara\u00e7oban\u2019\u0131 kabul ederek g\u00f6r\u00fc\u015ft\u00fc\"}]},{\"@type\":\"WebSite\",\"@id\":\"https:\\\/\\\/kibrisdakik.com\\\/#website\",\"url\":\"https:\\\/\\\/kibrisdakik.com\\\/\",\"name\":\"\",\"description\":\"Tam vaktinde haber\",\"potentialAction\":[{\"@type\":\"SearchAction\",\"target\":{\"@type\":\"EntryPoint\",\"urlTemplate\":\"https:\\\/\\\/kibrisdakik.com\\\/?s={search_term_string}\"},\"query-input\":{\"@type\":\"PropertyValueSpecification\",\"valueRequired\":true,\"valueName\":\"search_term_string\"}}],\"inLanguage\":\"tr\"},{\"@type\":\"Person\",\"@id\":\"https:\\\/\\\/kibrisdakik.com\\\/#\\\/schema\\\/person\\\/9cd9d437bbb44f72b73ba127e06d8e79\",\"name\":\"admin\",\"image\":{\"@type\":\"ImageObject\",\"inLanguage\":\"tr\",\"@id\":\"https:\\\/\\\/secure.gravatar.com\\\/avatar\\\/ccc17943b9d660506c869530f897617f7cb1c21a4bf30023f252596d83e1f007?s=96&d=mm&r=g\",\"url\":\"https:\\\/\\\/secure.gravatar.com\\\/avatar\\\/ccc17943b9d660506c869530f897617f7cb1c21a4bf30023f252596d83e1f007?s=96&d=mm&r=g\",\"contentUrl\":\"https:\\\/\\\/secure.gravatar.com\\\/avatar\\\/ccc17943b9d660506c869530f897617f7cb1c21a4bf30023f252596d83e1f007?s=96&d=mm&r=g\",\"caption\":\"admin\"},\"sameAs\":[\"https:\\\/\\\/kibrisdakik.com\"],\"url\":\"https:\\\/\\\/kibrisdakik.com\\\/?author=1\"}]}<\/script>\n<!-- \/ Yoast SEO plugin. -->","yoast_head_json":{"title":"Cumhurba\u015fkan\u0131 Tatar, 15 May\u0131s Hava \u015eehitlerini Anma G\u00fcn\u00fc dolay\u0131s\u0131yla emekli pilot Ali Kara\u00e7oban\u2019\u0131 kabul ederek g\u00f6r\u00fc\u015ft\u00fc -","robots":{"index":"index","follow":"follow","max-snippet":"max-snippet:-1","max-image-preview":"max-image-preview:large","max-video-preview":"max-video-preview:-1"},"canonical":"https:\/\/kibrisdakik.com\/?p=41774","og_locale":"tr_TR","og_type":"article","og_title":"Cumhurba\u015fkan\u0131 Tatar, 15 May\u0131s Hava \u015eehitlerini Anma G\u00fcn\u00fc dolay\u0131s\u0131yla emekli pilot Ali Kara\u00e7oban\u2019\u0131 kabul ederek g\u00f6r\u00fc\u015ft\u00fc -","og_description":"Cumhurba\u015fkan\u0131 Ersin Tatar, 15 May\u0131s Hava \u015eehitlerini Anma G\u00fcn\u00fc dolay\u0131s\u0131yla emekli pilot Ali Kara\u00e7oban\u2019\u0131 kabul ederek g\u00f6r\u00fc\u015ft\u00fc. Emekli pilot Ali Kara\u00e7oban\u2019dan Cumhurba\u015fkan\u0131 Tatar\u2019a \u201cTurna Ku\u015fu Misali\u201d isimli kitap takdimi Cumhurba\u015fkan\u0131 Ersin Tatar, 15 May\u0131s hava \u015fehitlerini anma g\u00fcn\u00fc dolay\u0131s\u0131yla emekli pilot Ali Kara\u00e7oban\u2019\u0131 kabul etti. Cumhurba\u015fkan\u0131 Tatar kabulde yapt\u0131\u011f\u0131 konu\u015fmada, Kara\u00e7oban\u2019a kitap takdimi dolay\u0131s\u0131yla te\u015fekk\u00fcr","og_url":"https:\/\/kibrisdakik.com\/?p=41774","article_published_time":"2024-05-15T14:44:51+00:00","og_image":[{"width":1600,"height":807,"url":"https:\/\/kibrisdakik.com\/wp-content\/uploads\/2024\/05\/IMG-20240515-WA0042-740x420.jpg","type":"image\/jpeg"}],"author":"admin","twitter_card":"summary_large_image","twitter_misc":{"Yazan:":"admin","Tahmini okuma s\u00fcresi":"1 dakika"},"schema":{"@context":"https:\/\/schema.org","@graph":[{"@type":"Article","@id":"https:\/\/kibrisdakik.com\/?p=41774#article","isPartOf":{"@id":"https:\/\/kibrisdakik.com\/?p=41774"},"author":{"name":"admin","@id":"https:\/\/kibrisdakik.com\/#\/schema\/person\/9cd9d437bbb44f72b73ba127e06d8e79"},"headline":"Cumhurba\u015fkan\u0131 Tatar, 15 May\u0131s Hava \u015eehitlerini Anma G\u00fcn\u00fc dolay\u0131s\u0131yla emekli pilot Ali Kara\u00e7oban\u2019\u0131 kabul ederek g\u00f6r\u00fc\u015ft\u00fc","datePublished":"2024-05-15T14:44:51+00:00","mainEntityOfPage":{"@id":"https:\/\/kibrisdakik.com\/?p=41774"},"wordCount":194,"commentCount":0,"image":{"@id":"https:\/\/kibrisdakik.com\/?p=41774#primaryimage"},"thumbnailUrl":"https:\/\/kibrisdakik.com\/wp-content\/uploads\/2024\/05\/IMG-20240515-WA0042-740x420.jpg","articleSection":["G\u00fcndem"],"inLanguage":"tr","potentialAction":[{"@type":"CommentAction","name":"Comment","target":["https:\/\/kibrisdakik.com\/?p=41774#respond"]}]},{"@type":"WebPage","@id":"https:\/\/kibrisdakik.com\/?p=41774","url":"https:\/\/kibrisdakik.com\/?p=41774","name":"Cumhurba\u015fkan\u0131 Tatar, 15 May\u0131s Hava \u015eehitlerini Anma G\u00fcn\u00fc dolay\u0131s\u0131yla emekli pilot Ali Kara\u00e7oban\u2019\u0131 kabul ederek g\u00f6r\u00fc\u015ft\u00fc -","isPartOf":{"@id":"https:\/\/kibrisdakik.com\/#website"},"primaryImageOfPage":{"@id":"https:\/\/kibrisdakik.com\/?p=41774#primaryimage"},"image":{"@id":"https:\/\/kibrisdakik.com\/?p=41774#primaryimage"},"thumbnailUrl":"https:\/\/kibrisdakik.com\/wp-content\/uploads\/2024\/05\/IMG-20240515-WA0042-740x420.jpg","datePublished":"2024-05-15T14:44:51+00:00","author":{"@id":"https:\/\/kibrisdakik.com\/#\/schema\/person\/9cd9d437bbb44f72b73ba127e06d8e79"},"breadcrumb":{"@id":"https:\/\/kibrisdakik.com\/?p=41774#breadcrumb"},"inLanguage":"tr","potentialAction":[{"@type":"ReadAction","target":["https:\/\/kibrisdakik.com\/?p=41774"]}]},{"@type":"ImageObject","inLanguage":"tr","@id":"https:\/\/kibrisdakik.com\/?p=41774#primaryimage","url":"https:\/\/kibrisdakik.com\/wp-content\/uploads\/2024\/05\/IMG-20240515-WA0042-740x420.jpg","contentUrl":"https:\/\/kibrisdakik.com\/wp-content\/uploads\/2024\/05\/IMG-20240515-WA0042-740x420.jpg","width":1600,"height":807},{"@type":"BreadcrumbList","@id":"https:\/\/kibrisdakik.com\/?p=41774#breadcrumb","itemListElement":[{"@type":"ListItem","position":1,"name":"Home","item":"https:\/\/kibrisdakik.com\/"},{"@type":"ListItem","position":2,"name":"Cumhurba\u015fkan\u0131 Tatar, 15 May\u0131s Hava \u015eehitlerini Anma G\u00fcn\u00fc dolay\u0131s\u0131yla emekli pilot Ali Kara\u00e7oban\u2019\u0131 kabul ederek g\u00f6r\u00fc\u015ft\u00fc"}]},{"@type":"WebSite","@id":"https:\/\/kibrisdakik.com\/#website","url":"https:\/\/kibrisdakik.com\/","name":"","description":"Tam vaktinde haber","potentialAction":[{"@type":"SearchAction","target":{"@type":"EntryPoint","urlTemplate":"https:\/\/kibrisdakik.com\/?s={search_term_string}"},"query-input":{"@type":"PropertyValueSpecification","valueRequired":true,"valueName":"search_term_string"}}],"inLanguage":"tr"},{"@type":"Person","@id":"https:\/\/kibrisdakik.com\/#\/schema\/person\/9cd9d437bbb44f72b73ba127e06d8e79","name":"admin","image":{"@type":"ImageObject","inLanguage":"tr","@id":"https:\/\/secure.gravatar.com\/avatar\/ccc17943b9d660506c869530f897617f7cb1c21a4bf30023f252596d83e1f007?s=96&d=mm&r=g","url":"https:\/\/secure.gravatar.com\/avatar\/ccc17943b9d660506c869530f897617f7cb1c21a4bf30023f252596d83e1f007?s=96&d=mm&r=g","contentUrl":"https:\/\/secure.gravatar.com\/avatar\/ccc17943b9d660506c869530f897617f7cb1c21a4bf30023f252596d83e1f007?s=96&d=mm&r=g","caption":"admin"},"sameAs":["https:\/\/kibrisdakik.com"],"url":"https:\/\/kibrisdakik.com\/?author=1"}]}},"_links":{"self":[{"href":"https:\/\/kibrisdakik.com\/index.php?rest_route=\/wp\/v2\/posts\/41774","targetHints":{"allow":["GET"]}}],"collection":[{"href":"https:\/\/kibrisdakik.com\/index.php?rest_route=\/wp\/v2\/posts"}],"about":[{"href":"https:\/\/kibrisdakik.com\/index.php?rest_route=\/wp\/v2\/types\/post"}],"author":[{"embeddable":true,"href":"https:\/\/kibrisdakik.com\/index.php?rest_route=\/wp\/v2\/users\/1"}],"replies":[{"embeddable":true,"href":"https:\/\/kibrisdakik.com\/index.php?rest_route=%2Fwp%2Fv2%2Fcomments&post=41774"}],"version-history":[{"count":0,"href":"https:\/\/kibrisdakik.com\/index.php?rest_route=\/wp\/v2\/posts\/41774\/revisions"}],"wp:featuredmedia":[{"embeddable":true,"href":"https:\/\/kibrisdakik.com\/index.php?rest_route=\/wp\/v2\/media\/41775"}],"wp:attachment":[{"href":"https:\/\/kibrisdakik.com\/index.php?rest_route=%2Fwp%2Fv2%2Fmedia&parent=41774"}],"wp:term":[{"taxonomy":"category","embeddable":true,"href":"https:\/\/kibrisdakik.com\/index.php?rest_route=%2Fwp%2Fv2%2Fcategories&post=41774"},{"taxonomy":"post_tag","embeddable":true,"href":"https:\/\/kibrisdakik.com\/index.php?rest_route=%2Fwp%2Fv2%2Ftags&post=41774"}],"curies":[{"name":"wp","href":"https:\/\/api.w.org\/{rel}","templated":true}]}}