{"id":41825,"date":"2024-05-15T17:06:00","date_gmt":"2024-05-15T17:06:00","guid":{"rendered":"https:\/\/kibrisdakik.com\/index.php\/2024\/05\/15\/disisleri-arnavut-camii-saldirisini-kinadi\/"},"modified":"2024-05-15T17:06:00","modified_gmt":"2024-05-15T17:06:00","slug":"disisleri-arnavut-camii-saldirisini-kinadi","status":"publish","type":"post","link":"https:\/\/kibrisdakik.com\/?p=41825","title":{"rendered":"D\u0131\u015fi\u015fleri, Arnavut Camii sald\u0131r\u0131s\u0131n\u0131 k\u0131nad\u0131"},"content":{"rendered":"<p><img decoding=\"async\" src=\"https:\/\/www.kibristurk.com\/images\/haberler\/2024\/05\/disisleri-arnavut-camii-saldirisini-kinadi-1715792828.webp\" \/><\/p>\n<p style=\"text-align:left\"><span style=\"font-size:16px\"><span style=\"font-family:Merriweather,serif !important\"><span style=\"color:#000000\"><span style=\"background-color:#ffffff\">Rum Y\u00f6netimi&#8217;nin G\u00fcney\u2019deki camilere yap\u0131lan sald\u0131r\u0131lar\u0131 cezas\u0131z b\u0131rakt\u0131\u011f\u0131n\u0131n, su\u00e7lar\u0131n bu nedenle tekrarland\u0131\u011f\u0131n\u0131n ifade edildi\u011fi D\u0131\u015fi\u015fleri Bakanl\u0131\u011f\u0131 a\u00e7\u0131klamas\u0131nda, K\u0131br\u0131s T\u00fcrk halk\u0131n\u0131n k\u00fclt\u00fcrel ve dini miras\u0131na yap\u0131lan sald\u0131r\u0131n\u0131n cezas\u0131z kalmamas\u0131, faillerin en k\u0131sa zamanda tespit edilerek cezaland\u0131r\u0131lmas\u0131 talep edildi.<\/span><\/span><\/span><\/span><\/p>\n<p style=\"text-align:left\"><span style=\"font-size:16px\"><span style=\"font-family:Merriweather,serif !important\"><span style=\"color:#000000\"><span style=\"background-color:#ffffff\">Bakanl\u0131\u011f\u0131n a\u00e7\u0131klamas\u0131nda, duvarlar\u0131na yaz\u0131lar yazarak tahribata u\u011frat\u0131lan Arnavut Camii\u2019ne yap\u0131lanlar\u0131n G\u00fcney K\u0131br\u0131s\u2019taki \u0130brahima\u011fa K\u00f6pr\u00fcl\u00fc Camii, Larnaka B\u00fcy\u00fck Camii, Denya Camii gibi bir\u00e7ok tarihi camiye yap\u0131lanlardan ba\u011f\u0131ms\u0131z yorumlanamayaca\u011f\u0131n\u0131 da vurguland\u0131.<\/span><\/span><\/span><\/span><\/p>\n<p style=\"text-align:left\"><span style=\"font-size:16px\"><span style=\"font-family:Merriweather,serif !important\"><span style=\"color:#000000\"><span style=\"background-color:#ffffff\">\u201cBu y\u00f6ndeki sald\u0131r\u0131lar\u0131n devaml\u0131l\u0131\u011f\u0131, G\u00fcney\u2019deki \u0131rk\u00e7\u0131 zihniyetin, T\u00fcrk ve \u0130slam varl\u0131\u011f\u0131na kar\u015f\u0131 beslenen tahamm\u00fcls\u00fczl\u00fc\u011f\u00fcn tezah\u00fcr\u00fcd\u00fcr\u201d denilen D\u0131\u015fi\u015fleri Bakanl\u0131\u011f\u0131 a\u00e7\u0131klamas\u0131 \u015f\u00f6yle:<\/span><\/span><\/span><\/span><\/p>\n<p style=\"text-align:left\"><span style=\"font-size:16px\"><span style=\"font-family:Merriweather,serif !important\"><span style=\"color:#000000\"><span style=\"background-color:#ffffff\">\u201cG\u00fcney K\u0131br\u0131s\u2019ta ikamet eden Rumlara her ay d\u00fczenli olarak, farkl\u0131 \u015fehirlerimizdeki kiliselerde kendi se\u00e7tikleri papazlar \u00f6nderli\u011finde y\u0131llard\u0131r toplu ibadet izni veriliyor. Bu toplu ibadet izinlerine ra\u011fmen 2019 y\u0131l\u0131ndan bu yana G\u00fcney K\u0131br\u0131s Rum Y\u00f6netimi\u2019nde bulunan cami ve tekkelere toplu ziyaret taleplerimizin sadece birine, bu y\u0131l olumlu yan\u0131t al\u0131nm\u0131\u015f ve bu ziyarette de kendi se\u00e7ti\u011fimiz imamlar\u0131m\u0131zla ibadet etmemize izin verilmemi\u015ftir.<\/span><\/span><\/span><\/span><\/p>\n<p style=\"text-align:left\"><span style=\"font-size:16px\"><span style=\"font-family:Merriweather,serif !important\"><span style=\"color:#000000\"><span style=\"background-color:#ffffff\">Devletimizin K\u0131br\u0131sl\u0131 Rumlar\u0131n din ve ibadet \u00f6zg\u00fcrl\u00fc\u011f\u00fcne g\u00f6sterdi\u011fi ho\u015fg\u00f6r\u00fcye ra\u011fmen vatanda\u015flar\u0131m\u0131z\u0131n dini \u00f6zg\u00fcrl\u00fcklerine getirilen bu k\u0131s\u0131tlamalar, camilerimize y\u0131llard\u0131r yap\u0131lan d\u00fczenli sald\u0131r\u0131lar ve bu sald\u0131r\u0131lar\u0131n cezas\u0131z b\u0131rak\u0131lmas\u0131, iki taraf aras\u0131ndaki vizyon farkl\u0131l\u0131\u011f\u0131n\u0131, taraflar\u0131n dini \u00f6zg\u00fcrl\u00fcklere y\u00f6nelik tolerans ve ho\u015fg\u00f6r\u00fcs\u00fcn\u00fc, iki taraf\u0131n konuya yakla\u015f\u0131m\u0131ndaki dengesizli\u011fi a\u00e7\u0131k\u00e7a g\u00f6zler \u00f6n\u00fcne sermektedir.&nbsp;<\/span><\/span><\/span><\/span><\/p>\n<p style=\"text-align:left\"><span style=\"font-size:16px\"><span style=\"font-family:Merriweather,serif !important\"><span style=\"color:#000000\"><span style=\"background-color:#ffffff\">G\u00fcney K\u0131br\u0131s Rum Y\u00f6netimi\u2019ndeki camilerimize yap\u0131lan sald\u0131r\u0131lar y\u0131llar i\u00e7erisinde cezas\u0131z b\u0131rak\u0131lmakta ve b\u00f6ylelikle bu su\u00e7lara yenilerinin eklenmesine Rum y\u00f6netimince \u00e7anak tutulmaktad\u0131r. Rum y\u00f6netimini bu kez k\u00fclt\u00fcrel ve dini miras\u0131m\u0131za yap\u0131lan bu sald\u0131r\u0131y\u0131 cezas\u0131z b\u0131rakmamaya, sald\u0131r\u0131n\u0131n faillerini en k\u0131sa zamanda tespit ederek cezaland\u0131rmaya ve bu t\u00fcr sald\u0131r\u0131lar\u0131n tekrarlanmamas\u0131 i\u00e7in gerekli t\u00fcm \u00f6nlemleri almaya davet ediyoruz.\u201d<\/span><\/span><\/span><\/span><\/p>\n","protected":false},"excerpt":{"rendered":"<p>Rum Y\u00f6netimi&#8217;nin G\u00fcney\u2019deki camilere yap\u0131lan sald\u0131r\u0131lar\u0131 cezas\u0131z b\u0131rakt\u0131\u011f\u0131n\u0131n, su\u00e7lar\u0131n bu nedenle tekrarland\u0131\u011f\u0131n\u0131n ifade edildi\u011fi D\u0131\u015fi\u015fleri Bakanl\u0131\u011f\u0131 a\u00e7\u0131klamas\u0131nda, K\u0131br\u0131s T\u00fcrk halk\u0131n\u0131n k\u00fclt\u00fcrel ve dini miras\u0131na yap\u0131lan sald\u0131r\u0131n\u0131n cezas\u0131z kalmamas\u0131, faillerin en k\u0131sa zamanda tespit edilerek cezaland\u0131r\u0131lmas\u0131 talep edildi. Bakanl\u0131\u011f\u0131n a\u00e7\u0131klamas\u0131nda, duvarlar\u0131na yaz\u0131lar yazarak tahribata u\u011frat\u0131lan Arnavut Camii\u2019ne yap\u0131lanlar\u0131n G\u00fcney K\u0131br\u0131s\u2019taki \u0130brahima\u011fa K\u00f6pr\u00fcl\u00fc Camii, Larnaka B\u00fcy\u00fck Camii,<\/p>\n","protected":false},"author":1,"featured_media":41826,"comment_status":"open","ping_status":"open","sticky":false,"template":"","format":"standard","meta":{"footnotes":""},"categories":[1],"tags":[],"class_list":["post-41825","post","type-post","status-publish","format-standard","has-post-thumbnail","hentry","category-gundem"],"yoast_head":"<!-- This site is optimized with the Yoast SEO plugin v27.5 - https:\/\/yoast.com\/product\/yoast-seo-wordpress\/ -->\n<title>D\u0131\u015fi\u015fleri, Arnavut Camii sald\u0131r\u0131s\u0131n\u0131 k\u0131nad\u0131 -<\/title>\n<meta name=\"robots\" content=\"index, follow, max-snippet:-1, max-image-preview:large, max-video-preview:-1\" \/>\n<link rel=\"canonical\" href=\"https:\/\/kibrisdakik.com\/?p=41825\" \/>\n<meta property=\"og:locale\" content=\"tr_TR\" \/>\n<meta property=\"og:type\" content=\"article\" \/>\n<meta property=\"og:title\" content=\"D\u0131\u015fi\u015fleri, Arnavut Camii sald\u0131r\u0131s\u0131n\u0131 k\u0131nad\u0131 -\" \/>\n<meta property=\"og:description\" content=\"Rum Y\u00f6netimi&#8217;nin G\u00fcney\u2019deki camilere yap\u0131lan sald\u0131r\u0131lar\u0131 cezas\u0131z b\u0131rakt\u0131\u011f\u0131n\u0131n, su\u00e7lar\u0131n bu nedenle tekrarland\u0131\u011f\u0131n\u0131n ifade edildi\u011fi D\u0131\u015fi\u015fleri Bakanl\u0131\u011f\u0131 a\u00e7\u0131klamas\u0131nda, K\u0131br\u0131s T\u00fcrk halk\u0131n\u0131n k\u00fclt\u00fcrel ve dini miras\u0131na yap\u0131lan sald\u0131r\u0131n\u0131n cezas\u0131z kalmamas\u0131, faillerin en k\u0131sa zamanda tespit edilerek cezaland\u0131r\u0131lmas\u0131 talep edildi. Bakanl\u0131\u011f\u0131n a\u00e7\u0131klamas\u0131nda, duvarlar\u0131na yaz\u0131lar yazarak tahribata u\u011frat\u0131lan Arnavut Camii\u2019ne yap\u0131lanlar\u0131n G\u00fcney K\u0131br\u0131s\u2019taki \u0130brahima\u011fa K\u00f6pr\u00fcl\u00fc Camii, Larnaka B\u00fcy\u00fck Camii,\" \/>\n<meta property=\"og:url\" content=\"https:\/\/kibrisdakik.com\/?p=41825\" \/>\n<meta property=\"article:published_time\" content=\"2024-05-15T17:06:00+00:00\" \/>\n<meta property=\"og:image\" content=\"https:\/\/kibrisdakik.com\/wp-content\/uploads\/2024\/05\/disisleri-arnavut-camii-saldirisini-kinadi-1715792828.webp.webp\" \/>\n\t<meta property=\"og:image:width\" content=\"710\" \/>\n\t<meta property=\"og:image:height\" content=\"370\" \/>\n\t<meta property=\"og:image:type\" content=\"image\/webp\" \/>\n<meta name=\"author\" content=\"admin\" \/>\n<meta name=\"twitter:card\" content=\"summary_large_image\" \/>\n<meta name=\"twitter:label1\" content=\"Yazan:\" \/>\n\t<meta name=\"twitter:data1\" content=\"admin\" \/>\n\t<meta name=\"twitter:label2\" content=\"Tahmini okuma s\u00fcresi\" \/>\n\t<meta name=\"twitter:data2\" content=\"2 dakika\" \/>\n<script type=\"application\/ld+json\" class=\"yoast-schema-graph\">{\"@context\":\"https:\\\/\\\/schema.org\",\"@graph\":[{\"@type\":\"Article\",\"@id\":\"https:\\\/\\\/kibrisdakik.com\\\/?p=41825#article\",\"isPartOf\":{\"@id\":\"https:\\\/\\\/kibrisdakik.com\\\/?p=41825\"},\"author\":{\"name\":\"admin\",\"@id\":\"https:\\\/\\\/kibrisdakik.com\\\/#\\\/schema\\\/person\\\/9cd9d437bbb44f72b73ba127e06d8e79\"},\"headline\":\"D\u0131\u015fi\u015fleri, Arnavut Camii sald\u0131r\u0131s\u0131n\u0131 k\u0131nad\u0131\",\"datePublished\":\"2024-05-15T17:06:00+00:00\",\"mainEntityOfPage\":{\"@id\":\"https:\\\/\\\/kibrisdakik.com\\\/?p=41825\"},\"wordCount\":447,\"commentCount\":0,\"image\":{\"@id\":\"https:\\\/\\\/kibrisdakik.com\\\/?p=41825#primaryimage\"},\"thumbnailUrl\":\"https:\\\/\\\/kibrisdakik.com\\\/wp-content\\\/uploads\\\/2024\\\/05\\\/disisleri-arnavut-camii-saldirisini-kinadi-1715792828.webp.webp\",\"articleSection\":[\"G\u00fcndem\"],\"inLanguage\":\"tr\",\"potentialAction\":[{\"@type\":\"CommentAction\",\"name\":\"Comment\",\"target\":[\"https:\\\/\\\/kibrisdakik.com\\\/?p=41825#respond\"]}]},{\"@type\":\"WebPage\",\"@id\":\"https:\\\/\\\/kibrisdakik.com\\\/?p=41825\",\"url\":\"https:\\\/\\\/kibrisdakik.com\\\/?p=41825\",\"name\":\"D\u0131\u015fi\u015fleri, Arnavut Camii sald\u0131r\u0131s\u0131n\u0131 k\u0131nad\u0131 -\",\"isPartOf\":{\"@id\":\"https:\\\/\\\/kibrisdakik.com\\\/#website\"},\"primaryImageOfPage\":{\"@id\":\"https:\\\/\\\/kibrisdakik.com\\\/?p=41825#primaryimage\"},\"image\":{\"@id\":\"https:\\\/\\\/kibrisdakik.com\\\/?p=41825#primaryimage\"},\"thumbnailUrl\":\"https:\\\/\\\/kibrisdakik.com\\\/wp-content\\\/uploads\\\/2024\\\/05\\\/disisleri-arnavut-camii-saldirisini-kinadi-1715792828.webp.webp\",\"datePublished\":\"2024-05-15T17:06:00+00:00\",\"author\":{\"@id\":\"https:\\\/\\\/kibrisdakik.com\\\/#\\\/schema\\\/person\\\/9cd9d437bbb44f72b73ba127e06d8e79\"},\"breadcrumb\":{\"@id\":\"https:\\\/\\\/kibrisdakik.com\\\/?p=41825#breadcrumb\"},\"inLanguage\":\"tr\",\"potentialAction\":[{\"@type\":\"ReadAction\",\"target\":[\"https:\\\/\\\/kibrisdakik.com\\\/?p=41825\"]}]},{\"@type\":\"ImageObject\",\"inLanguage\":\"tr\",\"@id\":\"https:\\\/\\\/kibrisdakik.com\\\/?p=41825#primaryimage\",\"url\":\"https:\\\/\\\/kibrisdakik.com\\\/wp-content\\\/uploads\\\/2024\\\/05\\\/disisleri-arnavut-camii-saldirisini-kinadi-1715792828.webp.webp\",\"contentUrl\":\"https:\\\/\\\/kibrisdakik.com\\\/wp-content\\\/uploads\\\/2024\\\/05\\\/disisleri-arnavut-camii-saldirisini-kinadi-1715792828.webp.webp\",\"width\":710,\"height\":370},{\"@type\":\"BreadcrumbList\",\"@id\":\"https:\\\/\\\/kibrisdakik.com\\\/?p=41825#breadcrumb\",\"itemListElement\":[{\"@type\":\"ListItem\",\"position\":1,\"name\":\"Home\",\"item\":\"https:\\\/\\\/kibrisdakik.com\\\/\"},{\"@type\":\"ListItem\",\"position\":2,\"name\":\"D\u0131\u015fi\u015fleri, Arnavut Camii sald\u0131r\u0131s\u0131n\u0131 k\u0131nad\u0131\"}]},{\"@type\":\"WebSite\",\"@id\":\"https:\\\/\\\/kibrisdakik.com\\\/#website\",\"url\":\"https:\\\/\\\/kibrisdakik.com\\\/\",\"name\":\"\",\"description\":\"Tam vaktinde haber\",\"potentialAction\":[{\"@type\":\"SearchAction\",\"target\":{\"@type\":\"EntryPoint\",\"urlTemplate\":\"https:\\\/\\\/kibrisdakik.com\\\/?s={search_term_string}\"},\"query-input\":{\"@type\":\"PropertyValueSpecification\",\"valueRequired\":true,\"valueName\":\"search_term_string\"}}],\"inLanguage\":\"tr\"},{\"@type\":\"Person\",\"@id\":\"https:\\\/\\\/kibrisdakik.com\\\/#\\\/schema\\\/person\\\/9cd9d437bbb44f72b73ba127e06d8e79\",\"name\":\"admin\",\"image\":{\"@type\":\"ImageObject\",\"inLanguage\":\"tr\",\"@id\":\"https:\\\/\\\/secure.gravatar.com\\\/avatar\\\/ccc17943b9d660506c869530f897617f7cb1c21a4bf30023f252596d83e1f007?s=96&d=mm&r=g\",\"url\":\"https:\\\/\\\/secure.gravatar.com\\\/avatar\\\/ccc17943b9d660506c869530f897617f7cb1c21a4bf30023f252596d83e1f007?s=96&d=mm&r=g\",\"contentUrl\":\"https:\\\/\\\/secure.gravatar.com\\\/avatar\\\/ccc17943b9d660506c869530f897617f7cb1c21a4bf30023f252596d83e1f007?s=96&d=mm&r=g\",\"caption\":\"admin\"},\"sameAs\":[\"https:\\\/\\\/kibrisdakik.com\"],\"url\":\"https:\\\/\\\/kibrisdakik.com\\\/?author=1\"}]}<\/script>\n<!-- \/ Yoast SEO plugin. -->","yoast_head_json":{"title":"D\u0131\u015fi\u015fleri, Arnavut Camii sald\u0131r\u0131s\u0131n\u0131 k\u0131nad\u0131 -","robots":{"index":"index","follow":"follow","max-snippet":"max-snippet:-1","max-image-preview":"max-image-preview:large","max-video-preview":"max-video-preview:-1"},"canonical":"https:\/\/kibrisdakik.com\/?p=41825","og_locale":"tr_TR","og_type":"article","og_title":"D\u0131\u015fi\u015fleri, Arnavut Camii sald\u0131r\u0131s\u0131n\u0131 k\u0131nad\u0131 -","og_description":"Rum Y\u00f6netimi&#8217;nin G\u00fcney\u2019deki camilere yap\u0131lan sald\u0131r\u0131lar\u0131 cezas\u0131z b\u0131rakt\u0131\u011f\u0131n\u0131n, su\u00e7lar\u0131n bu nedenle tekrarland\u0131\u011f\u0131n\u0131n ifade edildi\u011fi D\u0131\u015fi\u015fleri Bakanl\u0131\u011f\u0131 a\u00e7\u0131klamas\u0131nda, K\u0131br\u0131s T\u00fcrk halk\u0131n\u0131n k\u00fclt\u00fcrel ve dini miras\u0131na yap\u0131lan sald\u0131r\u0131n\u0131n cezas\u0131z kalmamas\u0131, faillerin en k\u0131sa zamanda tespit edilerek cezaland\u0131r\u0131lmas\u0131 talep edildi. Bakanl\u0131\u011f\u0131n a\u00e7\u0131klamas\u0131nda, duvarlar\u0131na yaz\u0131lar yazarak tahribata u\u011frat\u0131lan Arnavut Camii\u2019ne yap\u0131lanlar\u0131n G\u00fcney K\u0131br\u0131s\u2019taki \u0130brahima\u011fa K\u00f6pr\u00fcl\u00fc Camii, Larnaka B\u00fcy\u00fck Camii,","og_url":"https:\/\/kibrisdakik.com\/?p=41825","article_published_time":"2024-05-15T17:06:00+00:00","og_image":[{"width":710,"height":370,"url":"https:\/\/kibrisdakik.com\/wp-content\/uploads\/2024\/05\/disisleri-arnavut-camii-saldirisini-kinadi-1715792828.webp.webp","type":"image\/webp"}],"author":"admin","twitter_card":"summary_large_image","twitter_misc":{"Yazan:":"admin","Tahmini okuma s\u00fcresi":"2 dakika"},"schema":{"@context":"https:\/\/schema.org","@graph":[{"@type":"Article","@id":"https:\/\/kibrisdakik.com\/?p=41825#article","isPartOf":{"@id":"https:\/\/kibrisdakik.com\/?p=41825"},"author":{"name":"admin","@id":"https:\/\/kibrisdakik.com\/#\/schema\/person\/9cd9d437bbb44f72b73ba127e06d8e79"},"headline":"D\u0131\u015fi\u015fleri, Arnavut Camii sald\u0131r\u0131s\u0131n\u0131 k\u0131nad\u0131","datePublished":"2024-05-15T17:06:00+00:00","mainEntityOfPage":{"@id":"https:\/\/kibrisdakik.com\/?p=41825"},"wordCount":447,"commentCount":0,"image":{"@id":"https:\/\/kibrisdakik.com\/?p=41825#primaryimage"},"thumbnailUrl":"https:\/\/kibrisdakik.com\/wp-content\/uploads\/2024\/05\/disisleri-arnavut-camii-saldirisini-kinadi-1715792828.webp.webp","articleSection":["G\u00fcndem"],"inLanguage":"tr","potentialAction":[{"@type":"CommentAction","name":"Comment","target":["https:\/\/kibrisdakik.com\/?p=41825#respond"]}]},{"@type":"WebPage","@id":"https:\/\/kibrisdakik.com\/?p=41825","url":"https:\/\/kibrisdakik.com\/?p=41825","name":"D\u0131\u015fi\u015fleri, Arnavut Camii sald\u0131r\u0131s\u0131n\u0131 k\u0131nad\u0131 -","isPartOf":{"@id":"https:\/\/kibrisdakik.com\/#website"},"primaryImageOfPage":{"@id":"https:\/\/kibrisdakik.com\/?p=41825#primaryimage"},"image":{"@id":"https:\/\/kibrisdakik.com\/?p=41825#primaryimage"},"thumbnailUrl":"https:\/\/kibrisdakik.com\/wp-content\/uploads\/2024\/05\/disisleri-arnavut-camii-saldirisini-kinadi-1715792828.webp.webp","datePublished":"2024-05-15T17:06:00+00:00","author":{"@id":"https:\/\/kibrisdakik.com\/#\/schema\/person\/9cd9d437bbb44f72b73ba127e06d8e79"},"breadcrumb":{"@id":"https:\/\/kibrisdakik.com\/?p=41825#breadcrumb"},"inLanguage":"tr","potentialAction":[{"@type":"ReadAction","target":["https:\/\/kibrisdakik.com\/?p=41825"]}]},{"@type":"ImageObject","inLanguage":"tr","@id":"https:\/\/kibrisdakik.com\/?p=41825#primaryimage","url":"https:\/\/kibrisdakik.com\/wp-content\/uploads\/2024\/05\/disisleri-arnavut-camii-saldirisini-kinadi-1715792828.webp.webp","contentUrl":"https:\/\/kibrisdakik.com\/wp-content\/uploads\/2024\/05\/disisleri-arnavut-camii-saldirisini-kinadi-1715792828.webp.webp","width":710,"height":370},{"@type":"BreadcrumbList","@id":"https:\/\/kibrisdakik.com\/?p=41825#breadcrumb","itemListElement":[{"@type":"ListItem","position":1,"name":"Home","item":"https:\/\/kibrisdakik.com\/"},{"@type":"ListItem","position":2,"name":"D\u0131\u015fi\u015fleri, Arnavut Camii sald\u0131r\u0131s\u0131n\u0131 k\u0131nad\u0131"}]},{"@type":"WebSite","@id":"https:\/\/kibrisdakik.com\/#website","url":"https:\/\/kibrisdakik.com\/","name":"","description":"Tam vaktinde haber","potentialAction":[{"@type":"SearchAction","target":{"@type":"EntryPoint","urlTemplate":"https:\/\/kibrisdakik.com\/?s={search_term_string}"},"query-input":{"@type":"PropertyValueSpecification","valueRequired":true,"valueName":"search_term_string"}}],"inLanguage":"tr"},{"@type":"Person","@id":"https:\/\/kibrisdakik.com\/#\/schema\/person\/9cd9d437bbb44f72b73ba127e06d8e79","name":"admin","image":{"@type":"ImageObject","inLanguage":"tr","@id":"https:\/\/secure.gravatar.com\/avatar\/ccc17943b9d660506c869530f897617f7cb1c21a4bf30023f252596d83e1f007?s=96&d=mm&r=g","url":"https:\/\/secure.gravatar.com\/avatar\/ccc17943b9d660506c869530f897617f7cb1c21a4bf30023f252596d83e1f007?s=96&d=mm&r=g","contentUrl":"https:\/\/secure.gravatar.com\/avatar\/ccc17943b9d660506c869530f897617f7cb1c21a4bf30023f252596d83e1f007?s=96&d=mm&r=g","caption":"admin"},"sameAs":["https:\/\/kibrisdakik.com"],"url":"https:\/\/kibrisdakik.com\/?author=1"}]}},"_links":{"self":[{"href":"https:\/\/kibrisdakik.com\/index.php?rest_route=\/wp\/v2\/posts\/41825","targetHints":{"allow":["GET"]}}],"collection":[{"href":"https:\/\/kibrisdakik.com\/index.php?rest_route=\/wp\/v2\/posts"}],"about":[{"href":"https:\/\/kibrisdakik.com\/index.php?rest_route=\/wp\/v2\/types\/post"}],"author":[{"embeddable":true,"href":"https:\/\/kibrisdakik.com\/index.php?rest_route=\/wp\/v2\/users\/1"}],"replies":[{"embeddable":true,"href":"https:\/\/kibrisdakik.com\/index.php?rest_route=%2Fwp%2Fv2%2Fcomments&post=41825"}],"version-history":[{"count":0,"href":"https:\/\/kibrisdakik.com\/index.php?rest_route=\/wp\/v2\/posts\/41825\/revisions"}],"wp:featuredmedia":[{"embeddable":true,"href":"https:\/\/kibrisdakik.com\/index.php?rest_route=\/wp\/v2\/media\/41826"}],"wp:attachment":[{"href":"https:\/\/kibrisdakik.com\/index.php?rest_route=%2Fwp%2Fv2%2Fmedia&parent=41825"}],"wp:term":[{"taxonomy":"category","embeddable":true,"href":"https:\/\/kibrisdakik.com\/index.php?rest_route=%2Fwp%2Fv2%2Fcategories&post=41825"},{"taxonomy":"post_tag","embeddable":true,"href":"https:\/\/kibrisdakik.com\/index.php?rest_route=%2Fwp%2Fv2%2Ftags&post=41825"}],"curies":[{"name":"wp","href":"https:\/\/api.w.org\/{rel}","templated":true}]}}