{"id":41992,"date":"2024-05-16T23:07:53","date_gmt":"2024-05-16T23:07:53","guid":{"rendered":"https:\/\/kibrisdakik.com\/index.php\/2024\/05\/16\/turkiye-taekwondo-federasyonu-baskani-metin-sahin-ile-gorustu\/"},"modified":"2024-05-16T23:07:53","modified_gmt":"2024-05-16T23:07:53","slug":"turkiye-taekwondo-federasyonu-baskani-metin-sahin-ile-gorustu","status":"publish","type":"post","link":"https:\/\/kibrisdakik.com\/?p=41992","title":{"rendered":"T\u00fcrkiye Taekwondo Federasyonu Ba\u015fkan\u0131 Metin \u015eahin ile g\u00f6r\u00fc\u015ft\u00fc"},"content":{"rendered":"<p><img decoding=\"async\" src=\"https:\/\/www.kibristurk.com\/images\/haberler\/2024\/05\/turkiye-taekwondo-federasyonu-baskani-metin-sahin-ile-gorustu-1715868820.webp\" \/><\/p>\n<p style=\"text-align:left\"><span style=\"font-size:16px\"><span style=\"font-family:Merriweather,serif !important\"><span style=\"color:#000000\"><span style=\"background-color:#ffffff\">Meclis \u015eeref Salonu\u2019ndaki kabulde konu\u015fan T\u00f6re, K\u0131br\u0131s T\u00fcrk halk\u0131n\u0131n spor alan\u0131nda da ambargolara maruz b\u0131rak\u0131ld\u0131\u011f\u0131n\u0131 ancak bu uygulaman\u0131n do\u011fru olmad\u0131\u011f\u0131n\u0131 belirtti.<\/span><\/span><\/span><\/span><\/p>\n<p style=\"text-align:left\"><span style=\"font-size:16px\"><span style=\"font-family:Merriweather,serif !important\"><span style=\"color:#000000\"><span style=\"background-color:#ffffff\">&nbsp;<\/span><\/span><\/span><\/span><\/p>\n<p style=\"text-align:left\"><span style=\"font-size:16px\"><span style=\"font-family:Merriweather,serif !important\"><span style=\"color:#000000\"><span style=\"background-color:#ffffff\">Meclis\u2019ten yap\u0131lan a\u00e7\u0131klamaya g\u00f6re, spor yapman\u0131n her bireyin ve her toplumun hakk\u0131 oldu\u011funu belirten T\u00f6re, K\u0131br\u0131s T\u00fcrk Halk\u0131\u2019na kar\u015f\u0131 kat\u0131 tutum sergileyen uluslararas\u0131 kurum ve kurulu\u015flara sempati duymalar\u0131n\u0131n m\u00fcmk\u00fcn olmad\u0131\u011f\u0131n\u0131 ifade etti.<\/span><\/span><\/span><\/span><\/p>\n<p style=\"text-align:left\"><span style=\"font-size:16px\"><span style=\"font-family:Merriweather,serif !important\"><span style=\"color:#000000\"><span style=\"background-color:#ffffff\">&nbsp;<\/span><\/span><\/span><\/span><\/p>\n<p style=\"text-align:left\"><span style=\"font-size:16px\"><span style=\"font-family:Merriweather,serif !important\"><span style=\"color:#000000\"><span style=\"background-color:#ffffff\">T\u00f6re, T\u00fcrkiye Taekwondo Federasyonu\u2019nun uluslararas\u0131 arenada kazanm\u0131\u015f oldu\u011fu ba\u015far\u0131lar\u0131n kendilerini mutlu etti\u011fini ve KKTC\u2019nin \u201cT\u00fcrk\u00fcm\u201d diyen herkesin \u015femsiyesi oldu\u011funu kaydetti.<\/span><\/span><\/span><\/span><\/p>\n<p style=\"text-align:left\"><span style=\"font-size:16px\"><span style=\"font-family:Merriweather,serif !important\"><span style=\"color:#000000\"><span style=\"background-color:#ffffff\">&nbsp;<\/span><\/span><\/span><\/span><\/p>\n<p style=\"text-align:left\"><span style=\"font-size:16px\"><span style=\"font-family:Merriweather,serif !important\"><span style=\"color:#000000\"><span style=\"background-color:#ffffff\">Cumhuriyet Meclisi Ba\u015fkan\u0131 Zorlu T\u00f6re, duyarl\u0131 davran\u0131\u015f\u0131ndan dolay\u0131 T\u00fcrkiye Taekwondo Federasyonu Ba\u015fkan\u0131 Metin \u015eahin ve federasyon yetkililerine te\u015fekk\u00fcr etti.<\/span><\/span><\/span><\/span><\/p>\n<p style=\"text-align:left\"><span style=\"font-size:16px\"><span style=\"font-family:Merriweather,serif !important\"><span style=\"color:#000000\"><span style=\"background-color:#ffffff\">&nbsp;<\/span><\/span><\/span><\/span><\/p>\n<p style=\"text-align:left\"><span style=\"font-size:16px\"><span style=\"font-family:Merriweather,serif !important\"><span style=\"color:#000000\"><span style=\"background-color:#ffffff\">T\u00fcrkiye Taekwondo Federasyonu Ba\u015fkan\u0131 Metin \u015eahin de, KKTC\u2019de kat\u0131ld\u0131\u011f\u0131 iki uluslararas\u0131 turnuvada \u015fampiyon oldu\u011funu an\u0131msatt\u0131. \u015eahin, ge\u00e7mi\u015f y\u0131llarda KKTC Taekwonda Tak\u0131m\u0131\u2019n\u0131n uluslararas\u0131 turnuvalara kat\u0131labildi\u011fini ancak sonraki senelerde spor ambargolar\u0131 nedeniyle KKTC\u2019nin temsil edilemedi\u011fini belirtti. D\u00fcnya Taekwonda Federasyonu\u2019nda y\u00f6netim kurulu \u00fcyesi oldu\u011funu kaydeden \u015eahin, KKTC\u2019nin yeniden \u00fcye olmas\u0131 i\u00e7in yo\u011fun \u00e7aba sarf ettiklerini kaydetti.<\/span><\/span><\/span><\/span><\/p>\n<p style=\"text-align:left\"><span style=\"font-size:16px\"><span style=\"font-family:Merriweather,serif !important\"><span style=\"color:#000000\"><span style=\"background-color:#ffffff\">&nbsp;<\/span><\/span><\/span><\/span><\/p>\n<p style=\"text-align:left\"><span style=\"font-size:16px\"><span style=\"font-family:Merriweather,serif !important\"><span style=\"color:#000000\"><span style=\"background-color:#ffffff\">Konu\u015fmalar\u0131n ard\u0131ndan T\u00fcrkiye Taekwondo Federasyonu Ba\u015fkan\u0131 Metin \u015eahin, Cumhuriyet Meclisi Ba\u015fkan\u0131 Zorlu T\u00f6re\u2019ye T\u00fcrkiye Milli Tak\u0131m\u0131 formas\u0131n\u0131 arma\u011fan etti.<\/span><\/span><\/span><\/span><\/p>\n","protected":false},"excerpt":{"rendered":"<p>Meclis \u015eeref Salonu\u2019ndaki kabulde konu\u015fan T\u00f6re, K\u0131br\u0131s T\u00fcrk halk\u0131n\u0131n spor alan\u0131nda da ambargolara maruz b\u0131rak\u0131ld\u0131\u011f\u0131n\u0131 ancak bu uygulaman\u0131n do\u011fru olmad\u0131\u011f\u0131n\u0131 belirtti. &nbsp; Meclis\u2019ten yap\u0131lan a\u00e7\u0131klamaya g\u00f6re, spor yapman\u0131n her bireyin ve her toplumun hakk\u0131 oldu\u011funu belirten T\u00f6re, K\u0131br\u0131s T\u00fcrk Halk\u0131\u2019na kar\u015f\u0131 kat\u0131 tutum sergileyen uluslararas\u0131 kurum ve kurulu\u015flara sempati duymalar\u0131n\u0131n m\u00fcmk\u00fcn olmad\u0131\u011f\u0131n\u0131 ifade etti. &nbsp;<\/p>\n","protected":false},"author":1,"featured_media":41993,"comment_status":"open","ping_status":"open","sticky":false,"template":"","format":"standard","meta":{"footnotes":""},"categories":[79],"tags":[],"class_list":["post-41992","post","type-post","status-publish","format-standard","has-post-thumbnail","hentry","category-ekonomi"],"yoast_head":"<!-- This site is optimized with the Yoast SEO plugin v27.5 - https:\/\/yoast.com\/product\/yoast-seo-wordpress\/ -->\n<title>T\u00fcrkiye Taekwondo Federasyonu Ba\u015fkan\u0131 Metin \u015eahin ile g\u00f6r\u00fc\u015ft\u00fc -<\/title>\n<meta name=\"robots\" content=\"index, follow, max-snippet:-1, max-image-preview:large, max-video-preview:-1\" \/>\n<link rel=\"canonical\" href=\"https:\/\/kibrisdakik.com\/?p=41992\" \/>\n<meta property=\"og:locale\" content=\"tr_TR\" \/>\n<meta property=\"og:type\" content=\"article\" \/>\n<meta property=\"og:title\" content=\"T\u00fcrkiye Taekwondo Federasyonu Ba\u015fkan\u0131 Metin \u015eahin ile g\u00f6r\u00fc\u015ft\u00fc -\" \/>\n<meta property=\"og:description\" content=\"Meclis \u015eeref Salonu\u2019ndaki kabulde konu\u015fan T\u00f6re, K\u0131br\u0131s T\u00fcrk halk\u0131n\u0131n spor alan\u0131nda da ambargolara maruz b\u0131rak\u0131ld\u0131\u011f\u0131n\u0131 ancak bu uygulaman\u0131n do\u011fru olmad\u0131\u011f\u0131n\u0131 belirtti. &nbsp; Meclis\u2019ten yap\u0131lan a\u00e7\u0131klamaya g\u00f6re, spor yapman\u0131n her bireyin ve her toplumun hakk\u0131 oldu\u011funu belirten T\u00f6re, K\u0131br\u0131s T\u00fcrk Halk\u0131\u2019na kar\u015f\u0131 kat\u0131 tutum sergileyen uluslararas\u0131 kurum ve kurulu\u015flara sempati duymalar\u0131n\u0131n m\u00fcmk\u00fcn olmad\u0131\u011f\u0131n\u0131 ifade etti. &nbsp;\" \/>\n<meta property=\"og:url\" content=\"https:\/\/kibrisdakik.com\/?p=41992\" \/>\n<meta property=\"article:published_time\" content=\"2024-05-16T23:07:53+00:00\" \/>\n<meta property=\"og:image\" content=\"https:\/\/kibrisdakik.com\/wp-content\/uploads\/2024\/05\/turkiye-taekwondo-federasyonu-baskani-metin-sahin-ile-gorustu-1715868820.webp.webp\" \/>\n\t<meta property=\"og:image:width\" content=\"710\" \/>\n\t<meta property=\"og:image:height\" content=\"370\" \/>\n\t<meta property=\"og:image:type\" content=\"image\/webp\" \/>\n<meta name=\"author\" content=\"admin\" \/>\n<meta name=\"twitter:card\" content=\"summary_large_image\" \/>\n<meta name=\"twitter:label1\" content=\"Yazan:\" \/>\n\t<meta name=\"twitter:data1\" content=\"admin\" \/>\n\t<meta name=\"twitter:label2\" content=\"Tahmini okuma s\u00fcresi\" \/>\n\t<meta name=\"twitter:data2\" content=\"1 dakika\" \/>\n<script type=\"application\/ld+json\" class=\"yoast-schema-graph\">{\"@context\":\"https:\\\/\\\/schema.org\",\"@graph\":[{\"@type\":\"Article\",\"@id\":\"https:\\\/\\\/kibrisdakik.com\\\/?p=41992#article\",\"isPartOf\":{\"@id\":\"https:\\\/\\\/kibrisdakik.com\\\/?p=41992\"},\"author\":{\"name\":\"admin\",\"@id\":\"https:\\\/\\\/kibrisdakik.com\\\/#\\\/schema\\\/person\\\/9cd9d437bbb44f72b73ba127e06d8e79\"},\"headline\":\"T\u00fcrkiye Taekwondo Federasyonu Ba\u015fkan\u0131 Metin \u015eahin ile g\u00f6r\u00fc\u015ft\u00fc\",\"datePublished\":\"2024-05-16T23:07:53+00:00\",\"mainEntityOfPage\":{\"@id\":\"https:\\\/\\\/kibrisdakik.com\\\/?p=41992\"},\"wordCount\":266,\"commentCount\":0,\"image\":{\"@id\":\"https:\\\/\\\/kibrisdakik.com\\\/?p=41992#primaryimage\"},\"thumbnailUrl\":\"https:\\\/\\\/kibrisdakik.com\\\/wp-content\\\/uploads\\\/2024\\\/05\\\/turkiye-taekwondo-federasyonu-baskani-metin-sahin-ile-gorustu-1715868820.webp.webp\",\"articleSection\":[\"Ekonomi\"],\"inLanguage\":\"tr\",\"potentialAction\":[{\"@type\":\"CommentAction\",\"name\":\"Comment\",\"target\":[\"https:\\\/\\\/kibrisdakik.com\\\/?p=41992#respond\"]}]},{\"@type\":\"WebPage\",\"@id\":\"https:\\\/\\\/kibrisdakik.com\\\/?p=41992\",\"url\":\"https:\\\/\\\/kibrisdakik.com\\\/?p=41992\",\"name\":\"T\u00fcrkiye Taekwondo Federasyonu Ba\u015fkan\u0131 Metin \u015eahin ile g\u00f6r\u00fc\u015ft\u00fc -\",\"isPartOf\":{\"@id\":\"https:\\\/\\\/kibrisdakik.com\\\/#website\"},\"primaryImageOfPage\":{\"@id\":\"https:\\\/\\\/kibrisdakik.com\\\/?p=41992#primaryimage\"},\"image\":{\"@id\":\"https:\\\/\\\/kibrisdakik.com\\\/?p=41992#primaryimage\"},\"thumbnailUrl\":\"https:\\\/\\\/kibrisdakik.com\\\/wp-content\\\/uploads\\\/2024\\\/05\\\/turkiye-taekwondo-federasyonu-baskani-metin-sahin-ile-gorustu-1715868820.webp.webp\",\"datePublished\":\"2024-05-16T23:07:53+00:00\",\"author\":{\"@id\":\"https:\\\/\\\/kibrisdakik.com\\\/#\\\/schema\\\/person\\\/9cd9d437bbb44f72b73ba127e06d8e79\"},\"breadcrumb\":{\"@id\":\"https:\\\/\\\/kibrisdakik.com\\\/?p=41992#breadcrumb\"},\"inLanguage\":\"tr\",\"potentialAction\":[{\"@type\":\"ReadAction\",\"target\":[\"https:\\\/\\\/kibrisdakik.com\\\/?p=41992\"]}]},{\"@type\":\"ImageObject\",\"inLanguage\":\"tr\",\"@id\":\"https:\\\/\\\/kibrisdakik.com\\\/?p=41992#primaryimage\",\"url\":\"https:\\\/\\\/kibrisdakik.com\\\/wp-content\\\/uploads\\\/2024\\\/05\\\/turkiye-taekwondo-federasyonu-baskani-metin-sahin-ile-gorustu-1715868820.webp.webp\",\"contentUrl\":\"https:\\\/\\\/kibrisdakik.com\\\/wp-content\\\/uploads\\\/2024\\\/05\\\/turkiye-taekwondo-federasyonu-baskani-metin-sahin-ile-gorustu-1715868820.webp.webp\",\"width\":710,\"height\":370},{\"@type\":\"BreadcrumbList\",\"@id\":\"https:\\\/\\\/kibrisdakik.com\\\/?p=41992#breadcrumb\",\"itemListElement\":[{\"@type\":\"ListItem\",\"position\":1,\"name\":\"Home\",\"item\":\"https:\\\/\\\/kibrisdakik.com\\\/\"},{\"@type\":\"ListItem\",\"position\":2,\"name\":\"T\u00fcrkiye Taekwondo Federasyonu Ba\u015fkan\u0131 Metin \u015eahin ile g\u00f6r\u00fc\u015ft\u00fc\"}]},{\"@type\":\"WebSite\",\"@id\":\"https:\\\/\\\/kibrisdakik.com\\\/#website\",\"url\":\"https:\\\/\\\/kibrisdakik.com\\\/\",\"name\":\"\",\"description\":\"Tam vaktinde haber\",\"potentialAction\":[{\"@type\":\"SearchAction\",\"target\":{\"@type\":\"EntryPoint\",\"urlTemplate\":\"https:\\\/\\\/kibrisdakik.com\\\/?s={search_term_string}\"},\"query-input\":{\"@type\":\"PropertyValueSpecification\",\"valueRequired\":true,\"valueName\":\"search_term_string\"}}],\"inLanguage\":\"tr\"},{\"@type\":\"Person\",\"@id\":\"https:\\\/\\\/kibrisdakik.com\\\/#\\\/schema\\\/person\\\/9cd9d437bbb44f72b73ba127e06d8e79\",\"name\":\"admin\",\"image\":{\"@type\":\"ImageObject\",\"inLanguage\":\"tr\",\"@id\":\"https:\\\/\\\/secure.gravatar.com\\\/avatar\\\/ccc17943b9d660506c869530f897617f7cb1c21a4bf30023f252596d83e1f007?s=96&d=mm&r=g\",\"url\":\"https:\\\/\\\/secure.gravatar.com\\\/avatar\\\/ccc17943b9d660506c869530f897617f7cb1c21a4bf30023f252596d83e1f007?s=96&d=mm&r=g\",\"contentUrl\":\"https:\\\/\\\/secure.gravatar.com\\\/avatar\\\/ccc17943b9d660506c869530f897617f7cb1c21a4bf30023f252596d83e1f007?s=96&d=mm&r=g\",\"caption\":\"admin\"},\"sameAs\":[\"https:\\\/\\\/kibrisdakik.com\"],\"url\":\"https:\\\/\\\/kibrisdakik.com\\\/?author=1\"}]}<\/script>\n<!-- \/ Yoast SEO plugin. -->","yoast_head_json":{"title":"T\u00fcrkiye Taekwondo Federasyonu Ba\u015fkan\u0131 Metin \u015eahin ile g\u00f6r\u00fc\u015ft\u00fc -","robots":{"index":"index","follow":"follow","max-snippet":"max-snippet:-1","max-image-preview":"max-image-preview:large","max-video-preview":"max-video-preview:-1"},"canonical":"https:\/\/kibrisdakik.com\/?p=41992","og_locale":"tr_TR","og_type":"article","og_title":"T\u00fcrkiye Taekwondo Federasyonu Ba\u015fkan\u0131 Metin \u015eahin ile g\u00f6r\u00fc\u015ft\u00fc -","og_description":"Meclis \u015eeref Salonu\u2019ndaki kabulde konu\u015fan T\u00f6re, K\u0131br\u0131s T\u00fcrk halk\u0131n\u0131n spor alan\u0131nda da ambargolara maruz b\u0131rak\u0131ld\u0131\u011f\u0131n\u0131 ancak bu uygulaman\u0131n do\u011fru olmad\u0131\u011f\u0131n\u0131 belirtti. &nbsp; Meclis\u2019ten yap\u0131lan a\u00e7\u0131klamaya g\u00f6re, spor yapman\u0131n her bireyin ve her toplumun hakk\u0131 oldu\u011funu belirten T\u00f6re, K\u0131br\u0131s T\u00fcrk Halk\u0131\u2019na kar\u015f\u0131 kat\u0131 tutum sergileyen uluslararas\u0131 kurum ve kurulu\u015flara sempati duymalar\u0131n\u0131n m\u00fcmk\u00fcn olmad\u0131\u011f\u0131n\u0131 ifade etti. &nbsp;","og_url":"https:\/\/kibrisdakik.com\/?p=41992","article_published_time":"2024-05-16T23:07:53+00:00","og_image":[{"width":710,"height":370,"url":"https:\/\/kibrisdakik.com\/wp-content\/uploads\/2024\/05\/turkiye-taekwondo-federasyonu-baskani-metin-sahin-ile-gorustu-1715868820.webp.webp","type":"image\/webp"}],"author":"admin","twitter_card":"summary_large_image","twitter_misc":{"Yazan:":"admin","Tahmini okuma s\u00fcresi":"1 dakika"},"schema":{"@context":"https:\/\/schema.org","@graph":[{"@type":"Article","@id":"https:\/\/kibrisdakik.com\/?p=41992#article","isPartOf":{"@id":"https:\/\/kibrisdakik.com\/?p=41992"},"author":{"name":"admin","@id":"https:\/\/kibrisdakik.com\/#\/schema\/person\/9cd9d437bbb44f72b73ba127e06d8e79"},"headline":"T\u00fcrkiye Taekwondo Federasyonu Ba\u015fkan\u0131 Metin \u015eahin ile g\u00f6r\u00fc\u015ft\u00fc","datePublished":"2024-05-16T23:07:53+00:00","mainEntityOfPage":{"@id":"https:\/\/kibrisdakik.com\/?p=41992"},"wordCount":266,"commentCount":0,"image":{"@id":"https:\/\/kibrisdakik.com\/?p=41992#primaryimage"},"thumbnailUrl":"https:\/\/kibrisdakik.com\/wp-content\/uploads\/2024\/05\/turkiye-taekwondo-federasyonu-baskani-metin-sahin-ile-gorustu-1715868820.webp.webp","articleSection":["Ekonomi"],"inLanguage":"tr","potentialAction":[{"@type":"CommentAction","name":"Comment","target":["https:\/\/kibrisdakik.com\/?p=41992#respond"]}]},{"@type":"WebPage","@id":"https:\/\/kibrisdakik.com\/?p=41992","url":"https:\/\/kibrisdakik.com\/?p=41992","name":"T\u00fcrkiye Taekwondo Federasyonu Ba\u015fkan\u0131 Metin \u015eahin ile g\u00f6r\u00fc\u015ft\u00fc -","isPartOf":{"@id":"https:\/\/kibrisdakik.com\/#website"},"primaryImageOfPage":{"@id":"https:\/\/kibrisdakik.com\/?p=41992#primaryimage"},"image":{"@id":"https:\/\/kibrisdakik.com\/?p=41992#primaryimage"},"thumbnailUrl":"https:\/\/kibrisdakik.com\/wp-content\/uploads\/2024\/05\/turkiye-taekwondo-federasyonu-baskani-metin-sahin-ile-gorustu-1715868820.webp.webp","datePublished":"2024-05-16T23:07:53+00:00","author":{"@id":"https:\/\/kibrisdakik.com\/#\/schema\/person\/9cd9d437bbb44f72b73ba127e06d8e79"},"breadcrumb":{"@id":"https:\/\/kibrisdakik.com\/?p=41992#breadcrumb"},"inLanguage":"tr","potentialAction":[{"@type":"ReadAction","target":["https:\/\/kibrisdakik.com\/?p=41992"]}]},{"@type":"ImageObject","inLanguage":"tr","@id":"https:\/\/kibrisdakik.com\/?p=41992#primaryimage","url":"https:\/\/kibrisdakik.com\/wp-content\/uploads\/2024\/05\/turkiye-taekwondo-federasyonu-baskani-metin-sahin-ile-gorustu-1715868820.webp.webp","contentUrl":"https:\/\/kibrisdakik.com\/wp-content\/uploads\/2024\/05\/turkiye-taekwondo-federasyonu-baskani-metin-sahin-ile-gorustu-1715868820.webp.webp","width":710,"height":370},{"@type":"BreadcrumbList","@id":"https:\/\/kibrisdakik.com\/?p=41992#breadcrumb","itemListElement":[{"@type":"ListItem","position":1,"name":"Home","item":"https:\/\/kibrisdakik.com\/"},{"@type":"ListItem","position":2,"name":"T\u00fcrkiye Taekwondo Federasyonu Ba\u015fkan\u0131 Metin \u015eahin ile g\u00f6r\u00fc\u015ft\u00fc"}]},{"@type":"WebSite","@id":"https:\/\/kibrisdakik.com\/#website","url":"https:\/\/kibrisdakik.com\/","name":"","description":"Tam vaktinde haber","potentialAction":[{"@type":"SearchAction","target":{"@type":"EntryPoint","urlTemplate":"https:\/\/kibrisdakik.com\/?s={search_term_string}"},"query-input":{"@type":"PropertyValueSpecification","valueRequired":true,"valueName":"search_term_string"}}],"inLanguage":"tr"},{"@type":"Person","@id":"https:\/\/kibrisdakik.com\/#\/schema\/person\/9cd9d437bbb44f72b73ba127e06d8e79","name":"admin","image":{"@type":"ImageObject","inLanguage":"tr","@id":"https:\/\/secure.gravatar.com\/avatar\/ccc17943b9d660506c869530f897617f7cb1c21a4bf30023f252596d83e1f007?s=96&d=mm&r=g","url":"https:\/\/secure.gravatar.com\/avatar\/ccc17943b9d660506c869530f897617f7cb1c21a4bf30023f252596d83e1f007?s=96&d=mm&r=g","contentUrl":"https:\/\/secure.gravatar.com\/avatar\/ccc17943b9d660506c869530f897617f7cb1c21a4bf30023f252596d83e1f007?s=96&d=mm&r=g","caption":"admin"},"sameAs":["https:\/\/kibrisdakik.com"],"url":"https:\/\/kibrisdakik.com\/?author=1"}]}},"_links":{"self":[{"href":"https:\/\/kibrisdakik.com\/index.php?rest_route=\/wp\/v2\/posts\/41992","targetHints":{"allow":["GET"]}}],"collection":[{"href":"https:\/\/kibrisdakik.com\/index.php?rest_route=\/wp\/v2\/posts"}],"about":[{"href":"https:\/\/kibrisdakik.com\/index.php?rest_route=\/wp\/v2\/types\/post"}],"author":[{"embeddable":true,"href":"https:\/\/kibrisdakik.com\/index.php?rest_route=\/wp\/v2\/users\/1"}],"replies":[{"embeddable":true,"href":"https:\/\/kibrisdakik.com\/index.php?rest_route=%2Fwp%2Fv2%2Fcomments&post=41992"}],"version-history":[{"count":0,"href":"https:\/\/kibrisdakik.com\/index.php?rest_route=\/wp\/v2\/posts\/41992\/revisions"}],"wp:featuredmedia":[{"embeddable":true,"href":"https:\/\/kibrisdakik.com\/index.php?rest_route=\/wp\/v2\/media\/41993"}],"wp:attachment":[{"href":"https:\/\/kibrisdakik.com\/index.php?rest_route=%2Fwp%2Fv2%2Fmedia&parent=41992"}],"wp:term":[{"taxonomy":"category","embeddable":true,"href":"https:\/\/kibrisdakik.com\/index.php?rest_route=%2Fwp%2Fv2%2Fcategories&post=41992"},{"taxonomy":"post_tag","embeddable":true,"href":"https:\/\/kibrisdakik.com\/index.php?rest_route=%2Fwp%2Fv2%2Ftags&post=41992"}],"curies":[{"name":"wp","href":"https:\/\/api.w.org\/{rel}","templated":true}]}}