{"id":4205,"date":"2023-03-29T23:27:25","date_gmt":"2023-03-29T23:27:25","guid":{"rendered":"https:\/\/kibrisdakik.com\/index.php\/2023\/03\/29\/ataoglundan-cumhurbaskani-ersin-tatara-karsi-yapilan-protestoya-tepki\/"},"modified":"2023-03-29T23:27:25","modified_gmt":"2023-03-29T23:27:25","slug":"ataoglundan-cumhurbaskani-ersin-tatara-karsi-yapilan-protestoya-tepki","status":"publish","type":"post","link":"https:\/\/kibrisdakik.com\/?p=4205","title":{"rendered":"Atao\u011flu\u2019ndan Cumhurba\u015fkan\u0131 Ersin Tatar\u2019a kar\u015f\u0131 yap\u0131lan protestoya tepki"},"content":{"rendered":"<p><\/p>\n<div>\n<div class=\"mariselle-image-container center\">\n                <img width=\"2560\" height=\"1439\" class=\"lazy-image\" alt=\"\" decoding=\"async\" loading=\"lazy\" sizes=\"auto, (max-width: 2560px) 100vw, 2560px\" src=\"https:\/\/brtk.net\/wp-content\/uploads\/2023\/03\/29\/InShot_20230329_234213620-scaled.jpg?ver=01cd0bc5e3bb3256b3095f74e17b5440\" srcset=\"https:\/\/brtk.net\/wp-content\/uploads\/2023\/03\/29\/InShot_20230329_234213620-scaled.jpg?ver=01cd0bc5e3bb3256b3095f74e17b5440 2560w, https:\/\/brtk.net\/wp-content\/uploads\/2023\/03\/29\/InShot_20230329_234213620-300x169.jpg?ver=01cd0bc5e3bb3256b3095f74e17b5440 300w, https:\/\/brtk.net\/wp-content\/uploads\/2023\/03\/29\/InShot_20230329_234213620-1024x576.jpg?ver=465edc2dd3e7a4d471b275a33b05d1d9 1024w, https:\/\/brtk.net\/wp-content\/uploads\/2023\/03\/29\/InShot_20230329_234213620-768x432.jpg?ver=694fa8eb9a3a72b71b78b80640f00c59 768w, https:\/\/brtk.net\/wp-content\/uploads\/2023\/03\/29\/InShot_20230329_234213620-1536x863.jpg?ver=694fa8eb9a3a72b71b78b80640f00c59 1536w, https:\/\/brtk.net\/wp-content\/uploads\/2023\/03\/29\/InShot_20230329_234213620-2048x1151.jpg?ver=e92f4c97b709dadd2771c8d41256f452 2048w\"\/>                            <\/div>\n<p>Ba\u015fbakan Yard\u0131mc\u0131s\u0131, Turizm, K\u00fclt\u00fcr, Gen\u00e7lik ve \u00c7evre Bakan\u0131 Fikri Atao\u011flu, \u0130ngiltere\u2019de temaslar\u0131n\u0131 s\u00fcrd\u00fcren Cumhurba\u015fkan\u0131 <a href=\"https:\/\/brtk.net\/\" target=\"_blank\" rel=\"noopener\"><a href=\"https:\/\/brtk.net\/\" target=\"_blank\" rel=\"noopener\">Ersin <\/a><a href=\"https:\/\/brtk.net\/\">Tatar<\/a>\u2018a yap\u0131lan \u00e7irkin sald\u0131r\u0131 nedeni ile a\u00e7\u0131klamada bulundu.<\/p>\n<p>Atao\u011flu, \u201cCumhurba\u015fkan\u0131 Say\u0131n <a href=\"https:\/\/brtk.net\/\" target=\"_blank\" rel=\"noopener\"><a href=\"https:\/\/brtk.net\/\" target=\"_blank\" rel=\"noopener\">Ersin <\/a><a href=\"https:\/\/brtk.net\/\">Tatar<\/a>\u2018\u0131n K\u0131br\u0131s konusuyla ilgili olarak konferans vermek i\u00e7in gitti\u011fi Londra Kings College \u00f6n\u00fcnde Rum ve Yunanl\u0131 \u00f6\u011frenciler taraf\u0131ndan s\u00f6zl\u00fc sald\u0131r\u0131ya u\u011framas\u0131 tamam\u0131yla sayg\u0131s\u0131zl\u0131k ve hadsizliktir\u201d dedi.<\/p>\n<p>Bakan Atao\u011flu, \u201cK\u0131br\u0131s T\u00fcrk\u00fcn\u00fc hi\u00e7bir ortamda kabul etmeyen bu zihniyetle \u0130ki toplumlu federasyon temelinde bir anla\u015fman\u0131n olmayaca\u011f\u0131 a\u00e7\u0131k\u00e7a g\u00f6r\u00fclmektedir. Bu nedenle iki devletli bir \u00e7\u00f6z\u00fcm i\u00e7in emin ad\u0131mlarla y\u00fcr\u00fcmeye devam edece\u011fiz\u201d ifadelerini kulland\u0131.<\/p>\n<p>Atao\u011flu, \u201cRum taraf\u0131n\u0131n bu yap\u0131lanlar kar\u015f\u0131s\u0131nda izleyece\u011fi tutumun da yak\u0131n takip\u00e7isi olaca\u011f\u0131z\u201d a\u00e7\u0131klamas\u0131n\u0131 yapt\u0131<\/p>\n<\/p><\/div>\n<p><script async\n                    defer\n                    crossorigin=\"anonymous\"\n                    src=\"https:\/\/connect.facebook.net\/tr_TR\/sdk.js#xfbml=1&#038;version=v3.3\"\n            ><\/script><\/p>\n","protected":false},"excerpt":{"rendered":"<p>Ba\u015fbakan Yard\u0131mc\u0131s\u0131, Turizm, K\u00fclt\u00fcr, Gen\u00e7lik ve \u00c7evre Bakan\u0131 Fikri Atao\u011flu, \u0130ngiltere\u2019de temaslar\u0131n\u0131 s\u00fcrd\u00fcren Cumhurba\u015fkan\u0131 Ersin Tatar\u2018a yap\u0131lan \u00e7irkin sald\u0131r\u0131 nedeni ile a\u00e7\u0131klamada bulundu. Atao\u011flu, \u201cCumhurba\u015fkan\u0131 Say\u0131n Ersin Tatar\u2018\u0131n K\u0131br\u0131s konusuyla ilgili olarak konferans vermek i\u00e7in gitti\u011fi Londra Kings College \u00f6n\u00fcnde Rum ve Yunanl\u0131 \u00f6\u011frenciler taraf\u0131ndan s\u00f6zl\u00fc sald\u0131r\u0131ya u\u011framas\u0131 tamam\u0131yla sayg\u0131s\u0131zl\u0131k ve hadsizliktir\u201d dedi. Bakan Atao\u011flu,<\/p>\n","protected":false},"author":1,"featured_media":4206,"comment_status":"open","ping_status":"open","sticky":false,"template":"","format":"standard","meta":{"footnotes":""},"categories":[1],"tags":[],"class_list":["post-4205","post","type-post","status-publish","format-standard","has-post-thumbnail","hentry","category-gundem"],"yoast_head":"<!-- This site is optimized with the Yoast SEO plugin v27.4 - https:\/\/yoast.com\/product\/yoast-seo-wordpress\/ -->\n<title>Atao\u011flu\u2019ndan Cumhurba\u015fkan\u0131 Ersin Tatar\u2019a kar\u015f\u0131 yap\u0131lan protestoya tepki -<\/title>\n<meta name=\"robots\" content=\"index, follow, max-snippet:-1, max-image-preview:large, max-video-preview:-1\" \/>\n<link rel=\"canonical\" href=\"https:\/\/kibrisdakik.com\/?p=4205\" \/>\n<meta property=\"og:locale\" content=\"tr_TR\" \/>\n<meta property=\"og:type\" content=\"article\" \/>\n<meta property=\"og:title\" content=\"Atao\u011flu\u2019ndan Cumhurba\u015fkan\u0131 Ersin Tatar\u2019a kar\u015f\u0131 yap\u0131lan protestoya tepki -\" \/>\n<meta property=\"og:description\" content=\"Ba\u015fbakan Yard\u0131mc\u0131s\u0131, Turizm, K\u00fclt\u00fcr, Gen\u00e7lik ve \u00c7evre Bakan\u0131 Fikri Atao\u011flu, \u0130ngiltere\u2019de temaslar\u0131n\u0131 s\u00fcrd\u00fcren Cumhurba\u015fkan\u0131 Ersin Tatar\u2018a yap\u0131lan \u00e7irkin sald\u0131r\u0131 nedeni ile a\u00e7\u0131klamada bulundu. Atao\u011flu, \u201cCumhurba\u015fkan\u0131 Say\u0131n Ersin Tatar\u2018\u0131n K\u0131br\u0131s konusuyla ilgili olarak konferans vermek i\u00e7in gitti\u011fi Londra Kings College \u00f6n\u00fcnde Rum ve Yunanl\u0131 \u00f6\u011frenciler taraf\u0131ndan s\u00f6zl\u00fc sald\u0131r\u0131ya u\u011framas\u0131 tamam\u0131yla sayg\u0131s\u0131zl\u0131k ve hadsizliktir\u201d dedi. Bakan Atao\u011flu,\" \/>\n<meta property=\"og:url\" content=\"https:\/\/kibrisdakik.com\/?p=4205\" \/>\n<meta property=\"article:published_time\" content=\"2023-03-29T23:27:25+00:00\" \/>\n<meta property=\"og:image\" content=\"https:\/\/kibrisdakik.com\/wp-content\/uploads\/2023\/03\/InShot_20230329_234213620-scaled-740x420.jpg\" \/>\n\t<meta property=\"og:image:width\" content=\"2560\" \/>\n\t<meta property=\"og:image:height\" content=\"1439\" \/>\n\t<meta property=\"og:image:type\" content=\"image\/jpeg\" \/>\n<meta name=\"author\" content=\"admin\" \/>\n<meta name=\"twitter:card\" content=\"summary_large_image\" \/>\n<meta name=\"twitter:label1\" content=\"Yazan:\" \/>\n\t<meta name=\"twitter:data1\" content=\"admin\" \/>\n\t<meta name=\"twitter:label2\" content=\"Tahmini okuma s\u00fcresi\" \/>\n\t<meta name=\"twitter:data2\" content=\"1 dakika\" \/>\n<script type=\"application\/ld+json\" class=\"yoast-schema-graph\">{\"@context\":\"https:\\\/\\\/schema.org\",\"@graph\":[{\"@type\":\"Article\",\"@id\":\"https:\\\/\\\/kibrisdakik.com\\\/?p=4205#article\",\"isPartOf\":{\"@id\":\"https:\\\/\\\/kibrisdakik.com\\\/?p=4205\"},\"author\":{\"name\":\"admin\",\"@id\":\"https:\\\/\\\/kibrisdakik.com\\\/#\\\/schema\\\/person\\\/9cd9d437bbb44f72b73ba127e06d8e79\"},\"headline\":\"Atao\u011flu\u2019ndan Cumhurba\u015fkan\u0131 Ersin Tatar\u2019a kar\u015f\u0131 yap\u0131lan protestoya tepki\",\"datePublished\":\"2023-03-29T23:27:25+00:00\",\"mainEntityOfPage\":{\"@id\":\"https:\\\/\\\/kibrisdakik.com\\\/?p=4205\"},\"wordCount\":177,\"commentCount\":0,\"image\":{\"@id\":\"https:\\\/\\\/kibrisdakik.com\\\/?p=4205#primaryimage\"},\"thumbnailUrl\":\"https:\\\/\\\/kibrisdakik.com\\\/wp-content\\\/uploads\\\/2023\\\/03\\\/InShot_20230329_234213620-scaled-740x420.jpg\",\"articleSection\":[\"G\u00fcndem\"],\"inLanguage\":\"tr\",\"potentialAction\":[{\"@type\":\"CommentAction\",\"name\":\"Comment\",\"target\":[\"https:\\\/\\\/kibrisdakik.com\\\/?p=4205#respond\"]}]},{\"@type\":\"WebPage\",\"@id\":\"https:\\\/\\\/kibrisdakik.com\\\/?p=4205\",\"url\":\"https:\\\/\\\/kibrisdakik.com\\\/?p=4205\",\"name\":\"Atao\u011flu\u2019ndan Cumhurba\u015fkan\u0131 Ersin Tatar\u2019a kar\u015f\u0131 yap\u0131lan protestoya tepki -\",\"isPartOf\":{\"@id\":\"https:\\\/\\\/kibrisdakik.com\\\/#website\"},\"primaryImageOfPage\":{\"@id\":\"https:\\\/\\\/kibrisdakik.com\\\/?p=4205#primaryimage\"},\"image\":{\"@id\":\"https:\\\/\\\/kibrisdakik.com\\\/?p=4205#primaryimage\"},\"thumbnailUrl\":\"https:\\\/\\\/kibrisdakik.com\\\/wp-content\\\/uploads\\\/2023\\\/03\\\/InShot_20230329_234213620-scaled-740x420.jpg\",\"datePublished\":\"2023-03-29T23:27:25+00:00\",\"author\":{\"@id\":\"https:\\\/\\\/kibrisdakik.com\\\/#\\\/schema\\\/person\\\/9cd9d437bbb44f72b73ba127e06d8e79\"},\"breadcrumb\":{\"@id\":\"https:\\\/\\\/kibrisdakik.com\\\/?p=4205#breadcrumb\"},\"inLanguage\":\"tr\",\"potentialAction\":[{\"@type\":\"ReadAction\",\"target\":[\"https:\\\/\\\/kibrisdakik.com\\\/?p=4205\"]}]},{\"@type\":\"ImageObject\",\"inLanguage\":\"tr\",\"@id\":\"https:\\\/\\\/kibrisdakik.com\\\/?p=4205#primaryimage\",\"url\":\"https:\\\/\\\/kibrisdakik.com\\\/wp-content\\\/uploads\\\/2023\\\/03\\\/InShot_20230329_234213620-scaled-740x420.jpg\",\"contentUrl\":\"https:\\\/\\\/kibrisdakik.com\\\/wp-content\\\/uploads\\\/2023\\\/03\\\/InShot_20230329_234213620-scaled-740x420.jpg\",\"width\":2560,\"height\":1439},{\"@type\":\"BreadcrumbList\",\"@id\":\"https:\\\/\\\/kibrisdakik.com\\\/?p=4205#breadcrumb\",\"itemListElement\":[{\"@type\":\"ListItem\",\"position\":1,\"name\":\"Home\",\"item\":\"https:\\\/\\\/kibrisdakik.com\\\/\"},{\"@type\":\"ListItem\",\"position\":2,\"name\":\"Atao\u011flu\u2019ndan Cumhurba\u015fkan\u0131 Ersin Tatar\u2019a kar\u015f\u0131 yap\u0131lan protestoya tepki\"}]},{\"@type\":\"WebSite\",\"@id\":\"https:\\\/\\\/kibrisdakik.com\\\/#website\",\"url\":\"https:\\\/\\\/kibrisdakik.com\\\/\",\"name\":\"\",\"description\":\"Tam vaktinde haber\",\"potentialAction\":[{\"@type\":\"SearchAction\",\"target\":{\"@type\":\"EntryPoint\",\"urlTemplate\":\"https:\\\/\\\/kibrisdakik.com\\\/?s={search_term_string}\"},\"query-input\":{\"@type\":\"PropertyValueSpecification\",\"valueRequired\":true,\"valueName\":\"search_term_string\"}}],\"inLanguage\":\"tr\"},{\"@type\":\"Person\",\"@id\":\"https:\\\/\\\/kibrisdakik.com\\\/#\\\/schema\\\/person\\\/9cd9d437bbb44f72b73ba127e06d8e79\",\"name\":\"admin\",\"image\":{\"@type\":\"ImageObject\",\"inLanguage\":\"tr\",\"@id\":\"https:\\\/\\\/secure.gravatar.com\\\/avatar\\\/ccc17943b9d660506c869530f897617f7cb1c21a4bf30023f252596d83e1f007?s=96&d=mm&r=g\",\"url\":\"https:\\\/\\\/secure.gravatar.com\\\/avatar\\\/ccc17943b9d660506c869530f897617f7cb1c21a4bf30023f252596d83e1f007?s=96&d=mm&r=g\",\"contentUrl\":\"https:\\\/\\\/secure.gravatar.com\\\/avatar\\\/ccc17943b9d660506c869530f897617f7cb1c21a4bf30023f252596d83e1f007?s=96&d=mm&r=g\",\"caption\":\"admin\"},\"sameAs\":[\"https:\\\/\\\/kibrisdakik.com\"],\"url\":\"https:\\\/\\\/kibrisdakik.com\\\/?author=1\"}]}<\/script>\n<!-- \/ Yoast SEO plugin. -->","yoast_head_json":{"title":"Atao\u011flu\u2019ndan Cumhurba\u015fkan\u0131 Ersin Tatar\u2019a kar\u015f\u0131 yap\u0131lan protestoya tepki -","robots":{"index":"index","follow":"follow","max-snippet":"max-snippet:-1","max-image-preview":"max-image-preview:large","max-video-preview":"max-video-preview:-1"},"canonical":"https:\/\/kibrisdakik.com\/?p=4205","og_locale":"tr_TR","og_type":"article","og_title":"Atao\u011flu\u2019ndan Cumhurba\u015fkan\u0131 Ersin Tatar\u2019a kar\u015f\u0131 yap\u0131lan protestoya tepki -","og_description":"Ba\u015fbakan Yard\u0131mc\u0131s\u0131, Turizm, K\u00fclt\u00fcr, Gen\u00e7lik ve \u00c7evre Bakan\u0131 Fikri Atao\u011flu, \u0130ngiltere\u2019de temaslar\u0131n\u0131 s\u00fcrd\u00fcren Cumhurba\u015fkan\u0131 Ersin Tatar\u2018a yap\u0131lan \u00e7irkin sald\u0131r\u0131 nedeni ile a\u00e7\u0131klamada bulundu. Atao\u011flu, \u201cCumhurba\u015fkan\u0131 Say\u0131n Ersin Tatar\u2018\u0131n K\u0131br\u0131s konusuyla ilgili olarak konferans vermek i\u00e7in gitti\u011fi Londra Kings College \u00f6n\u00fcnde Rum ve Yunanl\u0131 \u00f6\u011frenciler taraf\u0131ndan s\u00f6zl\u00fc sald\u0131r\u0131ya u\u011framas\u0131 tamam\u0131yla sayg\u0131s\u0131zl\u0131k ve hadsizliktir\u201d dedi. Bakan Atao\u011flu,","og_url":"https:\/\/kibrisdakik.com\/?p=4205","article_published_time":"2023-03-29T23:27:25+00:00","og_image":[{"width":2560,"height":1439,"url":"https:\/\/kibrisdakik.com\/wp-content\/uploads\/2023\/03\/InShot_20230329_234213620-scaled-740x420.jpg","type":"image\/jpeg"}],"author":"admin","twitter_card":"summary_large_image","twitter_misc":{"Yazan:":"admin","Tahmini okuma s\u00fcresi":"1 dakika"},"schema":{"@context":"https:\/\/schema.org","@graph":[{"@type":"Article","@id":"https:\/\/kibrisdakik.com\/?p=4205#article","isPartOf":{"@id":"https:\/\/kibrisdakik.com\/?p=4205"},"author":{"name":"admin","@id":"https:\/\/kibrisdakik.com\/#\/schema\/person\/9cd9d437bbb44f72b73ba127e06d8e79"},"headline":"Atao\u011flu\u2019ndan Cumhurba\u015fkan\u0131 Ersin Tatar\u2019a kar\u015f\u0131 yap\u0131lan protestoya tepki","datePublished":"2023-03-29T23:27:25+00:00","mainEntityOfPage":{"@id":"https:\/\/kibrisdakik.com\/?p=4205"},"wordCount":177,"commentCount":0,"image":{"@id":"https:\/\/kibrisdakik.com\/?p=4205#primaryimage"},"thumbnailUrl":"https:\/\/kibrisdakik.com\/wp-content\/uploads\/2023\/03\/InShot_20230329_234213620-scaled-740x420.jpg","articleSection":["G\u00fcndem"],"inLanguage":"tr","potentialAction":[{"@type":"CommentAction","name":"Comment","target":["https:\/\/kibrisdakik.com\/?p=4205#respond"]}]},{"@type":"WebPage","@id":"https:\/\/kibrisdakik.com\/?p=4205","url":"https:\/\/kibrisdakik.com\/?p=4205","name":"Atao\u011flu\u2019ndan Cumhurba\u015fkan\u0131 Ersin Tatar\u2019a kar\u015f\u0131 yap\u0131lan protestoya tepki -","isPartOf":{"@id":"https:\/\/kibrisdakik.com\/#website"},"primaryImageOfPage":{"@id":"https:\/\/kibrisdakik.com\/?p=4205#primaryimage"},"image":{"@id":"https:\/\/kibrisdakik.com\/?p=4205#primaryimage"},"thumbnailUrl":"https:\/\/kibrisdakik.com\/wp-content\/uploads\/2023\/03\/InShot_20230329_234213620-scaled-740x420.jpg","datePublished":"2023-03-29T23:27:25+00:00","author":{"@id":"https:\/\/kibrisdakik.com\/#\/schema\/person\/9cd9d437bbb44f72b73ba127e06d8e79"},"breadcrumb":{"@id":"https:\/\/kibrisdakik.com\/?p=4205#breadcrumb"},"inLanguage":"tr","potentialAction":[{"@type":"ReadAction","target":["https:\/\/kibrisdakik.com\/?p=4205"]}]},{"@type":"ImageObject","inLanguage":"tr","@id":"https:\/\/kibrisdakik.com\/?p=4205#primaryimage","url":"https:\/\/kibrisdakik.com\/wp-content\/uploads\/2023\/03\/InShot_20230329_234213620-scaled-740x420.jpg","contentUrl":"https:\/\/kibrisdakik.com\/wp-content\/uploads\/2023\/03\/InShot_20230329_234213620-scaled-740x420.jpg","width":2560,"height":1439},{"@type":"BreadcrumbList","@id":"https:\/\/kibrisdakik.com\/?p=4205#breadcrumb","itemListElement":[{"@type":"ListItem","position":1,"name":"Home","item":"https:\/\/kibrisdakik.com\/"},{"@type":"ListItem","position":2,"name":"Atao\u011flu\u2019ndan Cumhurba\u015fkan\u0131 Ersin Tatar\u2019a kar\u015f\u0131 yap\u0131lan protestoya tepki"}]},{"@type":"WebSite","@id":"https:\/\/kibrisdakik.com\/#website","url":"https:\/\/kibrisdakik.com\/","name":"","description":"Tam vaktinde haber","potentialAction":[{"@type":"SearchAction","target":{"@type":"EntryPoint","urlTemplate":"https:\/\/kibrisdakik.com\/?s={search_term_string}"},"query-input":{"@type":"PropertyValueSpecification","valueRequired":true,"valueName":"search_term_string"}}],"inLanguage":"tr"},{"@type":"Person","@id":"https:\/\/kibrisdakik.com\/#\/schema\/person\/9cd9d437bbb44f72b73ba127e06d8e79","name":"admin","image":{"@type":"ImageObject","inLanguage":"tr","@id":"https:\/\/secure.gravatar.com\/avatar\/ccc17943b9d660506c869530f897617f7cb1c21a4bf30023f252596d83e1f007?s=96&d=mm&r=g","url":"https:\/\/secure.gravatar.com\/avatar\/ccc17943b9d660506c869530f897617f7cb1c21a4bf30023f252596d83e1f007?s=96&d=mm&r=g","contentUrl":"https:\/\/secure.gravatar.com\/avatar\/ccc17943b9d660506c869530f897617f7cb1c21a4bf30023f252596d83e1f007?s=96&d=mm&r=g","caption":"admin"},"sameAs":["https:\/\/kibrisdakik.com"],"url":"https:\/\/kibrisdakik.com\/?author=1"}]}},"_links":{"self":[{"href":"https:\/\/kibrisdakik.com\/index.php?rest_route=\/wp\/v2\/posts\/4205","targetHints":{"allow":["GET"]}}],"collection":[{"href":"https:\/\/kibrisdakik.com\/index.php?rest_route=\/wp\/v2\/posts"}],"about":[{"href":"https:\/\/kibrisdakik.com\/index.php?rest_route=\/wp\/v2\/types\/post"}],"author":[{"embeddable":true,"href":"https:\/\/kibrisdakik.com\/index.php?rest_route=\/wp\/v2\/users\/1"}],"replies":[{"embeddable":true,"href":"https:\/\/kibrisdakik.com\/index.php?rest_route=%2Fwp%2Fv2%2Fcomments&post=4205"}],"version-history":[{"count":0,"href":"https:\/\/kibrisdakik.com\/index.php?rest_route=\/wp\/v2\/posts\/4205\/revisions"}],"wp:featuredmedia":[{"embeddable":true,"href":"https:\/\/kibrisdakik.com\/index.php?rest_route=\/wp\/v2\/media\/4206"}],"wp:attachment":[{"href":"https:\/\/kibrisdakik.com\/index.php?rest_route=%2Fwp%2Fv2%2Fmedia&parent=4205"}],"wp:term":[{"taxonomy":"category","embeddable":true,"href":"https:\/\/kibrisdakik.com\/index.php?rest_route=%2Fwp%2Fv2%2Fcategories&post=4205"},{"taxonomy":"post_tag","embeddable":true,"href":"https:\/\/kibrisdakik.com\/index.php?rest_route=%2Fwp%2Fv2%2Ftags&post=4205"}],"curies":[{"name":"wp","href":"https:\/\/api.w.org\/{rel}","templated":true}]}}