{"id":42054,"date":"2024-05-17T11:19:25","date_gmt":"2024-05-17T11:19:25","guid":{"rendered":"https:\/\/kibrisdakik.com\/index.php\/2024\/05\/17\/sanayi-odasindan-maliye-bakani-berovaya-tesekkur\/"},"modified":"2024-05-17T11:19:25","modified_gmt":"2024-05-17T11:19:25","slug":"sanayi-odasindan-maliye-bakani-berovaya-tesekkur","status":"publish","type":"post","link":"https:\/\/kibrisdakik.com\/?p=42054","title":{"rendered":"Sanayi Odas\u0131&#039;ndan Maliye Bakan\u0131 Berova\u2019ya te\u015fekk\u00fcr"},"content":{"rendered":"<p><img decoding=\"async\" src=\"https:\/\/www.kibristurk.com\/images\/haberler\/2024\/05\/sanayi-odasindan-maliye-bakani-berovaya-tesekkur-1715942858.webp\" \/><\/p>\n<p style=\"text-align:left\"><span style=\"font-size:16px\"><span style=\"font-family:Merriweather,serif !important\"><span style=\"color:#000000\"><span style=\"background-color:#ffffff\">Sanayi Odas\u0131 yapt\u0131\u011f\u0131 a\u00e7\u0131klamada, bu ve buna benzer resmi ziyaretlerde KKTC\u2019deki odalar\u0131n s\u00f6z konusu heyetlere dahil edilmesinin \u00fclke ekonomisinin geli\u015fimi a\u00e7\u0131s\u0131ndan olduk\u00e7a \u00f6nemli oldu\u011funu kaydetti.<\/span><\/span><\/span><\/span><\/p>\n<p style=\"text-align:left\"><span style=\"font-size:16px\"><span style=\"font-family:Merriweather,serif !important\"><span style=\"color:#000000\"><span style=\"background-color:#ffffff\">15-16 May\u0131s tarihleri aras\u0131nda Ankara\u2019da KTSO-KTTO ve M\u00dcS\u0130AD olarak \u00e7ok verimli ziyaretler ve toplant\u0131lara kat\u0131lma f\u0131rsat\u0131 bulduklar\u0131n\u0131 dile getiren KTSO, Maliye Bakan\u0131 \u00d6zdemir Berova\u2019ya te\u015fekk\u00fcr ederek, \u00f6n\u00fcm\u00fczdeki s\u00fcre\u00e7te davet yap\u0131lmas\u0131 halinde payda\u015f bakanl\u0131klar\u0131n yapaca\u011f\u0131 yurt d\u0131\u015f\u0131 ziyaretlerde heyetlerde yer almak istediklerini belirtti.<\/span><\/span><\/span><\/span><\/p>\n<p style=\"text-align:left\"><span style=\"font-size:16px\"><span style=\"font-family:Merriweather,serif !important\"><span style=\"color:#000000\"><span style=\"background-color:#ffffff\">Sanayi Odas\u0131 a\u00e7\u0131klamas\u0131nda \u015fu ifadelere de yer verdi;<\/span><\/span><\/span><\/span><\/p>\n<p style=\"text-align:left\"><span style=\"font-size:16px\"><span style=\"font-family:Merriweather,serif !important\"><span style=\"color:#000000\"><span style=\"background-color:#ffffff\">\u201cUnutulmamal\u0131d\u0131r ki \u00dclkenin uluslararas\u0131 ekonomik ili\u015fkilerini g\u00fc\u00e7lendirmek ve ekonomik Kalk\u0131nma hedeflerine ula\u015fmak i\u00e7in payda\u015f sivil toplum \u00f6rg\u00fctlerinin yurt d\u0131\u015f\u0131 temaslarda yer almas\u0131 \u00f6nemli bir stratejidir. Bu t\u00fcr ziyaretler, bir \u00fclkenin ekonomik politikalar\u0131n\u0131 ve hedeflerini uluslararas\u0131 platformlarda tan\u0131tma f\u0131rsat\u0131 sunacak ve \u00fclkenin ekonomik kalk\u0131nma hedeflerine ula\u015fmas\u0131 i\u00e7in stratejik bir rol oynayacakt\u0131r\u201d.<\/span><\/span><\/span><\/span><\/p>\n","protected":false},"excerpt":{"rendered":"<p>Sanayi Odas\u0131 yapt\u0131\u011f\u0131 a\u00e7\u0131klamada, bu ve buna benzer resmi ziyaretlerde KKTC\u2019deki odalar\u0131n s\u00f6z konusu heyetlere dahil edilmesinin \u00fclke ekonomisinin geli\u015fimi a\u00e7\u0131s\u0131ndan olduk\u00e7a \u00f6nemli oldu\u011funu kaydetti. 15-16 May\u0131s tarihleri aras\u0131nda Ankara\u2019da KTSO-KTTO ve M\u00dcS\u0130AD olarak \u00e7ok verimli ziyaretler ve toplant\u0131lara kat\u0131lma f\u0131rsat\u0131 bulduklar\u0131n\u0131 dile getiren KTSO, Maliye Bakan\u0131 \u00d6zdemir Berova\u2019ya te\u015fekk\u00fcr ederek, \u00f6n\u00fcm\u00fczdeki s\u00fcre\u00e7te davet yap\u0131lmas\u0131<\/p>\n","protected":false},"author":1,"featured_media":42055,"comment_status":"open","ping_status":"open","sticky":false,"template":"","format":"standard","meta":{"footnotes":""},"categories":[79],"tags":[],"class_list":["post-42054","post","type-post","status-publish","format-standard","has-post-thumbnail","hentry","category-ekonomi"],"yoast_head":"<!-- This site is optimized with the Yoast SEO plugin v27.5 - https:\/\/yoast.com\/product\/yoast-seo-wordpress\/ -->\n<title>Sanayi Odas\u0131&#039;ndan Maliye Bakan\u0131 Berova\u2019ya te\u015fekk\u00fcr -<\/title>\n<meta name=\"robots\" content=\"index, follow, max-snippet:-1, max-image-preview:large, max-video-preview:-1\" \/>\n<link rel=\"canonical\" href=\"https:\/\/kibrisdakik.com\/?p=42054\" \/>\n<meta property=\"og:locale\" content=\"tr_TR\" \/>\n<meta property=\"og:type\" content=\"article\" \/>\n<meta property=\"og:title\" content=\"Sanayi Odas\u0131&#039;ndan Maliye Bakan\u0131 Berova\u2019ya te\u015fekk\u00fcr -\" \/>\n<meta property=\"og:description\" content=\"Sanayi Odas\u0131 yapt\u0131\u011f\u0131 a\u00e7\u0131klamada, bu ve buna benzer resmi ziyaretlerde KKTC\u2019deki odalar\u0131n s\u00f6z konusu heyetlere dahil edilmesinin \u00fclke ekonomisinin geli\u015fimi a\u00e7\u0131s\u0131ndan olduk\u00e7a \u00f6nemli oldu\u011funu kaydetti. 15-16 May\u0131s tarihleri aras\u0131nda Ankara\u2019da KTSO-KTTO ve M\u00dcS\u0130AD olarak \u00e7ok verimli ziyaretler ve toplant\u0131lara kat\u0131lma f\u0131rsat\u0131 bulduklar\u0131n\u0131 dile getiren KTSO, Maliye Bakan\u0131 \u00d6zdemir Berova\u2019ya te\u015fekk\u00fcr ederek, \u00f6n\u00fcm\u00fczdeki s\u00fcre\u00e7te davet yap\u0131lmas\u0131\" \/>\n<meta property=\"og:url\" content=\"https:\/\/kibrisdakik.com\/?p=42054\" \/>\n<meta property=\"article:published_time\" content=\"2024-05-17T11:19:25+00:00\" \/>\n<meta property=\"og:image\" content=\"https:\/\/kibrisdakik.com\/wp-content\/uploads\/2024\/05\/sanayi-odasindan-maliye-bakani-berovaya-tesekkur-1715942858.webp.webp\" \/>\n\t<meta property=\"og:image:width\" content=\"710\" \/>\n\t<meta property=\"og:image:height\" content=\"370\" \/>\n\t<meta property=\"og:image:type\" content=\"image\/webp\" \/>\n<meta name=\"author\" content=\"admin\" \/>\n<meta name=\"twitter:card\" content=\"summary_large_image\" \/>\n<meta name=\"twitter:label1\" content=\"Yazan:\" \/>\n\t<meta name=\"twitter:data1\" content=\"admin\" \/>\n\t<meta name=\"twitter:label2\" content=\"Tahmini okuma s\u00fcresi\" \/>\n\t<meta name=\"twitter:data2\" content=\"1 dakika\" \/>\n<script type=\"application\/ld+json\" class=\"yoast-schema-graph\">{\"@context\":\"https:\\\/\\\/schema.org\",\"@graph\":[{\"@type\":\"Article\",\"@id\":\"https:\\\/\\\/kibrisdakik.com\\\/?p=42054#article\",\"isPartOf\":{\"@id\":\"https:\\\/\\\/kibrisdakik.com\\\/?p=42054\"},\"author\":{\"name\":\"admin\",\"@id\":\"https:\\\/\\\/kibrisdakik.com\\\/#\\\/schema\\\/person\\\/9cd9d437bbb44f72b73ba127e06d8e79\"},\"headline\":\"Sanayi Odas\u0131&#039;ndan Maliye Bakan\u0131 Berova\u2019ya te\u015fekk\u00fcr\",\"datePublished\":\"2024-05-17T11:19:25+00:00\",\"mainEntityOfPage\":{\"@id\":\"https:\\\/\\\/kibrisdakik.com\\\/?p=42054\"},\"wordCount\":181,\"commentCount\":0,\"image\":{\"@id\":\"https:\\\/\\\/kibrisdakik.com\\\/?p=42054#primaryimage\"},\"thumbnailUrl\":\"https:\\\/\\\/kibrisdakik.com\\\/wp-content\\\/uploads\\\/2024\\\/05\\\/sanayi-odasindan-maliye-bakani-berovaya-tesekkur-1715942858.webp.webp\",\"articleSection\":[\"Ekonomi\"],\"inLanguage\":\"tr\",\"potentialAction\":[{\"@type\":\"CommentAction\",\"name\":\"Comment\",\"target\":[\"https:\\\/\\\/kibrisdakik.com\\\/?p=42054#respond\"]}]},{\"@type\":\"WebPage\",\"@id\":\"https:\\\/\\\/kibrisdakik.com\\\/?p=42054\",\"url\":\"https:\\\/\\\/kibrisdakik.com\\\/?p=42054\",\"name\":\"Sanayi Odas\u0131&#039;ndan Maliye Bakan\u0131 Berova\u2019ya te\u015fekk\u00fcr -\",\"isPartOf\":{\"@id\":\"https:\\\/\\\/kibrisdakik.com\\\/#website\"},\"primaryImageOfPage\":{\"@id\":\"https:\\\/\\\/kibrisdakik.com\\\/?p=42054#primaryimage\"},\"image\":{\"@id\":\"https:\\\/\\\/kibrisdakik.com\\\/?p=42054#primaryimage\"},\"thumbnailUrl\":\"https:\\\/\\\/kibrisdakik.com\\\/wp-content\\\/uploads\\\/2024\\\/05\\\/sanayi-odasindan-maliye-bakani-berovaya-tesekkur-1715942858.webp.webp\",\"datePublished\":\"2024-05-17T11:19:25+00:00\",\"author\":{\"@id\":\"https:\\\/\\\/kibrisdakik.com\\\/#\\\/schema\\\/person\\\/9cd9d437bbb44f72b73ba127e06d8e79\"},\"breadcrumb\":{\"@id\":\"https:\\\/\\\/kibrisdakik.com\\\/?p=42054#breadcrumb\"},\"inLanguage\":\"tr\",\"potentialAction\":[{\"@type\":\"ReadAction\",\"target\":[\"https:\\\/\\\/kibrisdakik.com\\\/?p=42054\"]}]},{\"@type\":\"ImageObject\",\"inLanguage\":\"tr\",\"@id\":\"https:\\\/\\\/kibrisdakik.com\\\/?p=42054#primaryimage\",\"url\":\"https:\\\/\\\/kibrisdakik.com\\\/wp-content\\\/uploads\\\/2024\\\/05\\\/sanayi-odasindan-maliye-bakani-berovaya-tesekkur-1715942858.webp.webp\",\"contentUrl\":\"https:\\\/\\\/kibrisdakik.com\\\/wp-content\\\/uploads\\\/2024\\\/05\\\/sanayi-odasindan-maliye-bakani-berovaya-tesekkur-1715942858.webp.webp\",\"width\":710,\"height\":370},{\"@type\":\"BreadcrumbList\",\"@id\":\"https:\\\/\\\/kibrisdakik.com\\\/?p=42054#breadcrumb\",\"itemListElement\":[{\"@type\":\"ListItem\",\"position\":1,\"name\":\"Home\",\"item\":\"https:\\\/\\\/kibrisdakik.com\\\/\"},{\"@type\":\"ListItem\",\"position\":2,\"name\":\"Sanayi Odas\u0131&#039;ndan Maliye Bakan\u0131 Berova\u2019ya te\u015fekk\u00fcr\"}]},{\"@type\":\"WebSite\",\"@id\":\"https:\\\/\\\/kibrisdakik.com\\\/#website\",\"url\":\"https:\\\/\\\/kibrisdakik.com\\\/\",\"name\":\"\",\"description\":\"Tam vaktinde haber\",\"potentialAction\":[{\"@type\":\"SearchAction\",\"target\":{\"@type\":\"EntryPoint\",\"urlTemplate\":\"https:\\\/\\\/kibrisdakik.com\\\/?s={search_term_string}\"},\"query-input\":{\"@type\":\"PropertyValueSpecification\",\"valueRequired\":true,\"valueName\":\"search_term_string\"}}],\"inLanguage\":\"tr\"},{\"@type\":\"Person\",\"@id\":\"https:\\\/\\\/kibrisdakik.com\\\/#\\\/schema\\\/person\\\/9cd9d437bbb44f72b73ba127e06d8e79\",\"name\":\"admin\",\"image\":{\"@type\":\"ImageObject\",\"inLanguage\":\"tr\",\"@id\":\"https:\\\/\\\/secure.gravatar.com\\\/avatar\\\/ccc17943b9d660506c869530f897617f7cb1c21a4bf30023f252596d83e1f007?s=96&d=mm&r=g\",\"url\":\"https:\\\/\\\/secure.gravatar.com\\\/avatar\\\/ccc17943b9d660506c869530f897617f7cb1c21a4bf30023f252596d83e1f007?s=96&d=mm&r=g\",\"contentUrl\":\"https:\\\/\\\/secure.gravatar.com\\\/avatar\\\/ccc17943b9d660506c869530f897617f7cb1c21a4bf30023f252596d83e1f007?s=96&d=mm&r=g\",\"caption\":\"admin\"},\"sameAs\":[\"https:\\\/\\\/kibrisdakik.com\"],\"url\":\"https:\\\/\\\/kibrisdakik.com\\\/?author=1\"}]}<\/script>\n<!-- \/ Yoast SEO plugin. -->","yoast_head_json":{"title":"Sanayi Odas\u0131&#039;ndan Maliye Bakan\u0131 Berova\u2019ya te\u015fekk\u00fcr -","robots":{"index":"index","follow":"follow","max-snippet":"max-snippet:-1","max-image-preview":"max-image-preview:large","max-video-preview":"max-video-preview:-1"},"canonical":"https:\/\/kibrisdakik.com\/?p=42054","og_locale":"tr_TR","og_type":"article","og_title":"Sanayi Odas\u0131&#039;ndan Maliye Bakan\u0131 Berova\u2019ya te\u015fekk\u00fcr -","og_description":"Sanayi Odas\u0131 yapt\u0131\u011f\u0131 a\u00e7\u0131klamada, bu ve buna benzer resmi ziyaretlerde KKTC\u2019deki odalar\u0131n s\u00f6z konusu heyetlere dahil edilmesinin \u00fclke ekonomisinin geli\u015fimi a\u00e7\u0131s\u0131ndan olduk\u00e7a \u00f6nemli oldu\u011funu kaydetti. 15-16 May\u0131s tarihleri aras\u0131nda Ankara\u2019da KTSO-KTTO ve M\u00dcS\u0130AD olarak \u00e7ok verimli ziyaretler ve toplant\u0131lara kat\u0131lma f\u0131rsat\u0131 bulduklar\u0131n\u0131 dile getiren KTSO, Maliye Bakan\u0131 \u00d6zdemir Berova\u2019ya te\u015fekk\u00fcr ederek, \u00f6n\u00fcm\u00fczdeki s\u00fcre\u00e7te davet yap\u0131lmas\u0131","og_url":"https:\/\/kibrisdakik.com\/?p=42054","article_published_time":"2024-05-17T11:19:25+00:00","og_image":[{"width":710,"height":370,"url":"https:\/\/kibrisdakik.com\/wp-content\/uploads\/2024\/05\/sanayi-odasindan-maliye-bakani-berovaya-tesekkur-1715942858.webp.webp","type":"image\/webp"}],"author":"admin","twitter_card":"summary_large_image","twitter_misc":{"Yazan:":"admin","Tahmini okuma s\u00fcresi":"1 dakika"},"schema":{"@context":"https:\/\/schema.org","@graph":[{"@type":"Article","@id":"https:\/\/kibrisdakik.com\/?p=42054#article","isPartOf":{"@id":"https:\/\/kibrisdakik.com\/?p=42054"},"author":{"name":"admin","@id":"https:\/\/kibrisdakik.com\/#\/schema\/person\/9cd9d437bbb44f72b73ba127e06d8e79"},"headline":"Sanayi Odas\u0131&#039;ndan Maliye Bakan\u0131 Berova\u2019ya te\u015fekk\u00fcr","datePublished":"2024-05-17T11:19:25+00:00","mainEntityOfPage":{"@id":"https:\/\/kibrisdakik.com\/?p=42054"},"wordCount":181,"commentCount":0,"image":{"@id":"https:\/\/kibrisdakik.com\/?p=42054#primaryimage"},"thumbnailUrl":"https:\/\/kibrisdakik.com\/wp-content\/uploads\/2024\/05\/sanayi-odasindan-maliye-bakani-berovaya-tesekkur-1715942858.webp.webp","articleSection":["Ekonomi"],"inLanguage":"tr","potentialAction":[{"@type":"CommentAction","name":"Comment","target":["https:\/\/kibrisdakik.com\/?p=42054#respond"]}]},{"@type":"WebPage","@id":"https:\/\/kibrisdakik.com\/?p=42054","url":"https:\/\/kibrisdakik.com\/?p=42054","name":"Sanayi Odas\u0131&#039;ndan Maliye Bakan\u0131 Berova\u2019ya te\u015fekk\u00fcr -","isPartOf":{"@id":"https:\/\/kibrisdakik.com\/#website"},"primaryImageOfPage":{"@id":"https:\/\/kibrisdakik.com\/?p=42054#primaryimage"},"image":{"@id":"https:\/\/kibrisdakik.com\/?p=42054#primaryimage"},"thumbnailUrl":"https:\/\/kibrisdakik.com\/wp-content\/uploads\/2024\/05\/sanayi-odasindan-maliye-bakani-berovaya-tesekkur-1715942858.webp.webp","datePublished":"2024-05-17T11:19:25+00:00","author":{"@id":"https:\/\/kibrisdakik.com\/#\/schema\/person\/9cd9d437bbb44f72b73ba127e06d8e79"},"breadcrumb":{"@id":"https:\/\/kibrisdakik.com\/?p=42054#breadcrumb"},"inLanguage":"tr","potentialAction":[{"@type":"ReadAction","target":["https:\/\/kibrisdakik.com\/?p=42054"]}]},{"@type":"ImageObject","inLanguage":"tr","@id":"https:\/\/kibrisdakik.com\/?p=42054#primaryimage","url":"https:\/\/kibrisdakik.com\/wp-content\/uploads\/2024\/05\/sanayi-odasindan-maliye-bakani-berovaya-tesekkur-1715942858.webp.webp","contentUrl":"https:\/\/kibrisdakik.com\/wp-content\/uploads\/2024\/05\/sanayi-odasindan-maliye-bakani-berovaya-tesekkur-1715942858.webp.webp","width":710,"height":370},{"@type":"BreadcrumbList","@id":"https:\/\/kibrisdakik.com\/?p=42054#breadcrumb","itemListElement":[{"@type":"ListItem","position":1,"name":"Home","item":"https:\/\/kibrisdakik.com\/"},{"@type":"ListItem","position":2,"name":"Sanayi Odas\u0131&#039;ndan Maliye Bakan\u0131 Berova\u2019ya te\u015fekk\u00fcr"}]},{"@type":"WebSite","@id":"https:\/\/kibrisdakik.com\/#website","url":"https:\/\/kibrisdakik.com\/","name":"","description":"Tam vaktinde haber","potentialAction":[{"@type":"SearchAction","target":{"@type":"EntryPoint","urlTemplate":"https:\/\/kibrisdakik.com\/?s={search_term_string}"},"query-input":{"@type":"PropertyValueSpecification","valueRequired":true,"valueName":"search_term_string"}}],"inLanguage":"tr"},{"@type":"Person","@id":"https:\/\/kibrisdakik.com\/#\/schema\/person\/9cd9d437bbb44f72b73ba127e06d8e79","name":"admin","image":{"@type":"ImageObject","inLanguage":"tr","@id":"https:\/\/secure.gravatar.com\/avatar\/ccc17943b9d660506c869530f897617f7cb1c21a4bf30023f252596d83e1f007?s=96&d=mm&r=g","url":"https:\/\/secure.gravatar.com\/avatar\/ccc17943b9d660506c869530f897617f7cb1c21a4bf30023f252596d83e1f007?s=96&d=mm&r=g","contentUrl":"https:\/\/secure.gravatar.com\/avatar\/ccc17943b9d660506c869530f897617f7cb1c21a4bf30023f252596d83e1f007?s=96&d=mm&r=g","caption":"admin"},"sameAs":["https:\/\/kibrisdakik.com"],"url":"https:\/\/kibrisdakik.com\/?author=1"}]}},"_links":{"self":[{"href":"https:\/\/kibrisdakik.com\/index.php?rest_route=\/wp\/v2\/posts\/42054","targetHints":{"allow":["GET"]}}],"collection":[{"href":"https:\/\/kibrisdakik.com\/index.php?rest_route=\/wp\/v2\/posts"}],"about":[{"href":"https:\/\/kibrisdakik.com\/index.php?rest_route=\/wp\/v2\/types\/post"}],"author":[{"embeddable":true,"href":"https:\/\/kibrisdakik.com\/index.php?rest_route=\/wp\/v2\/users\/1"}],"replies":[{"embeddable":true,"href":"https:\/\/kibrisdakik.com\/index.php?rest_route=%2Fwp%2Fv2%2Fcomments&post=42054"}],"version-history":[{"count":0,"href":"https:\/\/kibrisdakik.com\/index.php?rest_route=\/wp\/v2\/posts\/42054\/revisions"}],"wp:featuredmedia":[{"embeddable":true,"href":"https:\/\/kibrisdakik.com\/index.php?rest_route=\/wp\/v2\/media\/42055"}],"wp:attachment":[{"href":"https:\/\/kibrisdakik.com\/index.php?rest_route=%2Fwp%2Fv2%2Fmedia&parent=42054"}],"wp:term":[{"taxonomy":"category","embeddable":true,"href":"https:\/\/kibrisdakik.com\/index.php?rest_route=%2Fwp%2Fv2%2Fcategories&post=42054"},{"taxonomy":"post_tag","embeddable":true,"href":"https:\/\/kibrisdakik.com\/index.php?rest_route=%2Fwp%2Fv2%2Ftags&post=42054"}],"curies":[{"name":"wp","href":"https:\/\/api.w.org\/{rel}","templated":true}]}}