{"id":42078,"date":"2024-05-17T14:25:59","date_gmt":"2024-05-17T14:25:59","guid":{"rendered":"https:\/\/kibrisdakik.com\/index.php\/2024\/05\/17\/akargol-ve-arslanin-yasa-disi-yollardan-kktcden-cikis-yaptigi-tespit-edildi\/"},"modified":"2024-05-17T14:25:59","modified_gmt":"2024-05-17T14:25:59","slug":"akargol-ve-arslanin-yasa-disi-yollardan-kktcden-cikis-yaptigi-tespit-edildi","status":"publish","type":"post","link":"https:\/\/kibrisdakik.com\/?p=42078","title":{"rendered":"Akarg\u00f6l ve Arslan\u2019\u0131n yasa d\u0131\u015f\u0131 yollardan KKTC\u2019den \u00e7\u0131k\u0131\u015f yapt\u0131\u011f\u0131 tespit edildi"},"content":{"rendered":"<p><\/p>\n<div>\n<div class=\"mariselle-image-container center\">\n                <img loading=\"lazy\" decoding=\"async\" width=\"706\" height=\"397\" class=\"lazy-image\" alt=\"\" sizes=\"auto, (max-width: 706px) 100vw, 706px\" src=\"https:\/\/brtk.net\/wp-content\/uploads\/2024\/03\/21\/POLISS.jpg?ver=e5228d2e144c3080ab464cb6349cacd1\" srcset=\"https:\/\/brtk.net\/wp-content\/uploads\/2024\/03\/21\/POLISS.jpg?ver=e5228d2e144c3080ab464cb6349cacd1 706w, https:\/\/brtk.net\/wp-content\/uploads\/2024\/03\/21\/POLISS-300x169.jpg?ver=e5228d2e144c3080ab464cb6349cacd1 300w\"\/>                            <\/div>\n<p>\u00a0<\/p>\n<p>Polis, 10 May\u0131s\u2019ta Kumyal\u0131 Bal\u0131k\u00e7\u0131 Bar\u0131na\u011f\u0131\u2019ndan tekne ile ayr\u0131lan ve geri d\u00f6nmeyen S\u0131tk\u0131 Akarg\u00f6l ve Emre Arslan\u2019\u0131n yasa d\u0131\u015f\u0131 yollardan <a href=\"https:\/\/brtk.net\/\">KKTC<\/a>\u2019den \u00e7\u0131k\u0131\u015f yapt\u0131\u011f\u0131n\u0131n tespit edildi\u011fini duyurdu. <\/p>\n<p>Polis Bas\u0131n Subayl\u0131\u011f\u0131ndan yap\u0131lan a\u00e7\u0131klamaya g\u00f6re, konuyla ilgili y\u00fcr\u00fct\u00fclen soru\u015fturma kapsam\u0131nda, meselede zanl\u0131 olarak g\u00f6r\u00fclen 48 ya\u015f\u0131ndaki Y.Y., 25 ya\u015f\u0131ndaki O.T.ve 44 ya\u015f\u0131ndaki D.\u00d6. tutukland\u0131.<\/p>\n<p>Soru\u015fturman\u0131n devam etti\u011fi kaydedildi<\/p>\n<\/p><\/div>\n<p><script async\n                    defer\n                    crossorigin=\"anonymous\"\n                    src=\"https:\/\/connect.facebook.net\/tr_TR\/sdk.js#xfbml=1&#038;version=v3.3\"\n            ><\/script><\/p>\n","protected":false},"excerpt":{"rendered":"<p>\u00a0 Polis, 10 May\u0131s\u2019ta Kumyal\u0131 Bal\u0131k\u00e7\u0131 Bar\u0131na\u011f\u0131\u2019ndan tekne ile ayr\u0131lan ve geri d\u00f6nmeyen S\u0131tk\u0131 Akarg\u00f6l ve Emre Arslan\u2019\u0131n yasa d\u0131\u015f\u0131 yollardan KKTC\u2019den \u00e7\u0131k\u0131\u015f yapt\u0131\u011f\u0131n\u0131n tespit edildi\u011fini duyurdu. Polis Bas\u0131n Subayl\u0131\u011f\u0131ndan yap\u0131lan a\u00e7\u0131klamaya g\u00f6re, konuyla ilgili y\u00fcr\u00fct\u00fclen soru\u015fturma kapsam\u0131nda, meselede zanl\u0131 olarak g\u00f6r\u00fclen 48 ya\u015f\u0131ndaki Y.Y., 25 ya\u015f\u0131ndaki O.T.ve 44 ya\u015f\u0131ndaki D.\u00d6. tutukland\u0131. Soru\u015fturman\u0131n devam etti\u011fi<\/p>\n","protected":false},"author":1,"featured_media":42079,"comment_status":"open","ping_status":"open","sticky":false,"template":"","format":"standard","meta":{"footnotes":""},"categories":[1],"tags":[],"class_list":["post-42078","post","type-post","status-publish","format-standard","has-post-thumbnail","hentry","category-gundem"],"yoast_head":"<!-- This site is optimized with the Yoast SEO plugin v27.4 - https:\/\/yoast.com\/product\/yoast-seo-wordpress\/ -->\n<title>Akarg\u00f6l ve Arslan\u2019\u0131n yasa d\u0131\u015f\u0131 yollardan KKTC\u2019den \u00e7\u0131k\u0131\u015f yapt\u0131\u011f\u0131 tespit edildi -<\/title>\n<meta name=\"robots\" content=\"index, follow, max-snippet:-1, max-image-preview:large, max-video-preview:-1\" \/>\n<link rel=\"canonical\" href=\"https:\/\/kibrisdakik.com\/?p=42078\" \/>\n<meta property=\"og:locale\" content=\"tr_TR\" \/>\n<meta property=\"og:type\" content=\"article\" \/>\n<meta property=\"og:title\" content=\"Akarg\u00f6l ve Arslan\u2019\u0131n yasa d\u0131\u015f\u0131 yollardan KKTC\u2019den \u00e7\u0131k\u0131\u015f yapt\u0131\u011f\u0131 tespit edildi -\" \/>\n<meta property=\"og:description\" content=\"\u00a0 Polis, 10 May\u0131s\u2019ta Kumyal\u0131 Bal\u0131k\u00e7\u0131 Bar\u0131na\u011f\u0131\u2019ndan tekne ile ayr\u0131lan ve geri d\u00f6nmeyen S\u0131tk\u0131 Akarg\u00f6l ve Emre Arslan\u2019\u0131n yasa d\u0131\u015f\u0131 yollardan KKTC\u2019den \u00e7\u0131k\u0131\u015f yapt\u0131\u011f\u0131n\u0131n tespit edildi\u011fini duyurdu. Polis Bas\u0131n Subayl\u0131\u011f\u0131ndan yap\u0131lan a\u00e7\u0131klamaya g\u00f6re, konuyla ilgili y\u00fcr\u00fct\u00fclen soru\u015fturma kapsam\u0131nda, meselede zanl\u0131 olarak g\u00f6r\u00fclen 48 ya\u015f\u0131ndaki Y.Y., 25 ya\u015f\u0131ndaki O.T.ve 44 ya\u015f\u0131ndaki D.\u00d6. tutukland\u0131. Soru\u015fturman\u0131n devam etti\u011fi\" \/>\n<meta property=\"og:url\" content=\"https:\/\/kibrisdakik.com\/?p=42078\" \/>\n<meta property=\"article:published_time\" content=\"2024-05-17T14:25:59+00:00\" \/>\n<meta property=\"og:image\" content=\"https:\/\/kibrisdakik.com\/wp-content\/uploads\/2024\/05\/POLISS.jpg\" \/>\n\t<meta property=\"og:image:width\" content=\"706\" \/>\n\t<meta property=\"og:image:height\" content=\"397\" \/>\n\t<meta property=\"og:image:type\" content=\"image\/jpeg\" \/>\n<meta name=\"author\" content=\"admin\" \/>\n<meta name=\"twitter:card\" content=\"summary_large_image\" \/>\n<meta name=\"twitter:label1\" content=\"Yazan:\" \/>\n\t<meta name=\"twitter:data1\" content=\"admin\" \/>\n<script type=\"application\/ld+json\" class=\"yoast-schema-graph\">{\"@context\":\"https:\\\/\\\/schema.org\",\"@graph\":[{\"@type\":\"Article\",\"@id\":\"https:\\\/\\\/kibrisdakik.com\\\/?p=42078#article\",\"isPartOf\":{\"@id\":\"https:\\\/\\\/kibrisdakik.com\\\/?p=42078\"},\"author\":{\"name\":\"admin\",\"@id\":\"https:\\\/\\\/kibrisdakik.com\\\/#\\\/schema\\\/person\\\/9cd9d437bbb44f72b73ba127e06d8e79\"},\"headline\":\"Akarg\u00f6l ve Arslan\u2019\u0131n yasa d\u0131\u015f\u0131 yollardan KKTC\u2019den \u00e7\u0131k\u0131\u015f yapt\u0131\u011f\u0131 tespit edildi\",\"datePublished\":\"2024-05-17T14:25:59+00:00\",\"mainEntityOfPage\":{\"@id\":\"https:\\\/\\\/kibrisdakik.com\\\/?p=42078\"},\"wordCount\":100,\"commentCount\":0,\"image\":{\"@id\":\"https:\\\/\\\/kibrisdakik.com\\\/?p=42078#primaryimage\"},\"thumbnailUrl\":\"https:\\\/\\\/kibrisdakik.com\\\/wp-content\\\/uploads\\\/2024\\\/05\\\/POLISS.jpg\",\"articleSection\":[\"G\u00fcndem\"],\"inLanguage\":\"tr\",\"potentialAction\":[{\"@type\":\"CommentAction\",\"name\":\"Comment\",\"target\":[\"https:\\\/\\\/kibrisdakik.com\\\/?p=42078#respond\"]}]},{\"@type\":\"WebPage\",\"@id\":\"https:\\\/\\\/kibrisdakik.com\\\/?p=42078\",\"url\":\"https:\\\/\\\/kibrisdakik.com\\\/?p=42078\",\"name\":\"Akarg\u00f6l ve Arslan\u2019\u0131n yasa d\u0131\u015f\u0131 yollardan KKTC\u2019den \u00e7\u0131k\u0131\u015f yapt\u0131\u011f\u0131 tespit edildi -\",\"isPartOf\":{\"@id\":\"https:\\\/\\\/kibrisdakik.com\\\/#website\"},\"primaryImageOfPage\":{\"@id\":\"https:\\\/\\\/kibrisdakik.com\\\/?p=42078#primaryimage\"},\"image\":{\"@id\":\"https:\\\/\\\/kibrisdakik.com\\\/?p=42078#primaryimage\"},\"thumbnailUrl\":\"https:\\\/\\\/kibrisdakik.com\\\/wp-content\\\/uploads\\\/2024\\\/05\\\/POLISS.jpg\",\"datePublished\":\"2024-05-17T14:25:59+00:00\",\"author\":{\"@id\":\"https:\\\/\\\/kibrisdakik.com\\\/#\\\/schema\\\/person\\\/9cd9d437bbb44f72b73ba127e06d8e79\"},\"breadcrumb\":{\"@id\":\"https:\\\/\\\/kibrisdakik.com\\\/?p=42078#breadcrumb\"},\"inLanguage\":\"tr\",\"potentialAction\":[{\"@type\":\"ReadAction\",\"target\":[\"https:\\\/\\\/kibrisdakik.com\\\/?p=42078\"]}]},{\"@type\":\"ImageObject\",\"inLanguage\":\"tr\",\"@id\":\"https:\\\/\\\/kibrisdakik.com\\\/?p=42078#primaryimage\",\"url\":\"https:\\\/\\\/kibrisdakik.com\\\/wp-content\\\/uploads\\\/2024\\\/05\\\/POLISS.jpg\",\"contentUrl\":\"https:\\\/\\\/kibrisdakik.com\\\/wp-content\\\/uploads\\\/2024\\\/05\\\/POLISS.jpg\",\"width\":706,\"height\":397},{\"@type\":\"BreadcrumbList\",\"@id\":\"https:\\\/\\\/kibrisdakik.com\\\/?p=42078#breadcrumb\",\"itemListElement\":[{\"@type\":\"ListItem\",\"position\":1,\"name\":\"Home\",\"item\":\"https:\\\/\\\/kibrisdakik.com\\\/\"},{\"@type\":\"ListItem\",\"position\":2,\"name\":\"Akarg\u00f6l ve Arslan\u2019\u0131n yasa d\u0131\u015f\u0131 yollardan KKTC\u2019den \u00e7\u0131k\u0131\u015f yapt\u0131\u011f\u0131 tespit edildi\"}]},{\"@type\":\"WebSite\",\"@id\":\"https:\\\/\\\/kibrisdakik.com\\\/#website\",\"url\":\"https:\\\/\\\/kibrisdakik.com\\\/\",\"name\":\"\",\"description\":\"Tam vaktinde haber\",\"potentialAction\":[{\"@type\":\"SearchAction\",\"target\":{\"@type\":\"EntryPoint\",\"urlTemplate\":\"https:\\\/\\\/kibrisdakik.com\\\/?s={search_term_string}\"},\"query-input\":{\"@type\":\"PropertyValueSpecification\",\"valueRequired\":true,\"valueName\":\"search_term_string\"}}],\"inLanguage\":\"tr\"},{\"@type\":\"Person\",\"@id\":\"https:\\\/\\\/kibrisdakik.com\\\/#\\\/schema\\\/person\\\/9cd9d437bbb44f72b73ba127e06d8e79\",\"name\":\"admin\",\"image\":{\"@type\":\"ImageObject\",\"inLanguage\":\"tr\",\"@id\":\"https:\\\/\\\/secure.gravatar.com\\\/avatar\\\/ccc17943b9d660506c869530f897617f7cb1c21a4bf30023f252596d83e1f007?s=96&d=mm&r=g\",\"url\":\"https:\\\/\\\/secure.gravatar.com\\\/avatar\\\/ccc17943b9d660506c869530f897617f7cb1c21a4bf30023f252596d83e1f007?s=96&d=mm&r=g\",\"contentUrl\":\"https:\\\/\\\/secure.gravatar.com\\\/avatar\\\/ccc17943b9d660506c869530f897617f7cb1c21a4bf30023f252596d83e1f007?s=96&d=mm&r=g\",\"caption\":\"admin\"},\"sameAs\":[\"https:\\\/\\\/kibrisdakik.com\"],\"url\":\"https:\\\/\\\/kibrisdakik.com\\\/?author=1\"}]}<\/script>\n<!-- \/ Yoast SEO plugin. -->","yoast_head_json":{"title":"Akarg\u00f6l ve Arslan\u2019\u0131n yasa d\u0131\u015f\u0131 yollardan KKTC\u2019den \u00e7\u0131k\u0131\u015f yapt\u0131\u011f\u0131 tespit edildi -","robots":{"index":"index","follow":"follow","max-snippet":"max-snippet:-1","max-image-preview":"max-image-preview:large","max-video-preview":"max-video-preview:-1"},"canonical":"https:\/\/kibrisdakik.com\/?p=42078","og_locale":"tr_TR","og_type":"article","og_title":"Akarg\u00f6l ve Arslan\u2019\u0131n yasa d\u0131\u015f\u0131 yollardan KKTC\u2019den \u00e7\u0131k\u0131\u015f yapt\u0131\u011f\u0131 tespit edildi -","og_description":"\u00a0 Polis, 10 May\u0131s\u2019ta Kumyal\u0131 Bal\u0131k\u00e7\u0131 Bar\u0131na\u011f\u0131\u2019ndan tekne ile ayr\u0131lan ve geri d\u00f6nmeyen S\u0131tk\u0131 Akarg\u00f6l ve Emre Arslan\u2019\u0131n yasa d\u0131\u015f\u0131 yollardan KKTC\u2019den \u00e7\u0131k\u0131\u015f yapt\u0131\u011f\u0131n\u0131n tespit edildi\u011fini duyurdu. Polis Bas\u0131n Subayl\u0131\u011f\u0131ndan yap\u0131lan a\u00e7\u0131klamaya g\u00f6re, konuyla ilgili y\u00fcr\u00fct\u00fclen soru\u015fturma kapsam\u0131nda, meselede zanl\u0131 olarak g\u00f6r\u00fclen 48 ya\u015f\u0131ndaki Y.Y., 25 ya\u015f\u0131ndaki O.T.ve 44 ya\u015f\u0131ndaki D.\u00d6. tutukland\u0131. Soru\u015fturman\u0131n devam etti\u011fi","og_url":"https:\/\/kibrisdakik.com\/?p=42078","article_published_time":"2024-05-17T14:25:59+00:00","og_image":[{"width":706,"height":397,"url":"https:\/\/kibrisdakik.com\/wp-content\/uploads\/2024\/05\/POLISS.jpg","type":"image\/jpeg"}],"author":"admin","twitter_card":"summary_large_image","twitter_misc":{"Yazan:":"admin"},"schema":{"@context":"https:\/\/schema.org","@graph":[{"@type":"Article","@id":"https:\/\/kibrisdakik.com\/?p=42078#article","isPartOf":{"@id":"https:\/\/kibrisdakik.com\/?p=42078"},"author":{"name":"admin","@id":"https:\/\/kibrisdakik.com\/#\/schema\/person\/9cd9d437bbb44f72b73ba127e06d8e79"},"headline":"Akarg\u00f6l ve Arslan\u2019\u0131n yasa d\u0131\u015f\u0131 yollardan KKTC\u2019den \u00e7\u0131k\u0131\u015f yapt\u0131\u011f\u0131 tespit edildi","datePublished":"2024-05-17T14:25:59+00:00","mainEntityOfPage":{"@id":"https:\/\/kibrisdakik.com\/?p=42078"},"wordCount":100,"commentCount":0,"image":{"@id":"https:\/\/kibrisdakik.com\/?p=42078#primaryimage"},"thumbnailUrl":"https:\/\/kibrisdakik.com\/wp-content\/uploads\/2024\/05\/POLISS.jpg","articleSection":["G\u00fcndem"],"inLanguage":"tr","potentialAction":[{"@type":"CommentAction","name":"Comment","target":["https:\/\/kibrisdakik.com\/?p=42078#respond"]}]},{"@type":"WebPage","@id":"https:\/\/kibrisdakik.com\/?p=42078","url":"https:\/\/kibrisdakik.com\/?p=42078","name":"Akarg\u00f6l ve Arslan\u2019\u0131n yasa d\u0131\u015f\u0131 yollardan KKTC\u2019den \u00e7\u0131k\u0131\u015f yapt\u0131\u011f\u0131 tespit edildi -","isPartOf":{"@id":"https:\/\/kibrisdakik.com\/#website"},"primaryImageOfPage":{"@id":"https:\/\/kibrisdakik.com\/?p=42078#primaryimage"},"image":{"@id":"https:\/\/kibrisdakik.com\/?p=42078#primaryimage"},"thumbnailUrl":"https:\/\/kibrisdakik.com\/wp-content\/uploads\/2024\/05\/POLISS.jpg","datePublished":"2024-05-17T14:25:59+00:00","author":{"@id":"https:\/\/kibrisdakik.com\/#\/schema\/person\/9cd9d437bbb44f72b73ba127e06d8e79"},"breadcrumb":{"@id":"https:\/\/kibrisdakik.com\/?p=42078#breadcrumb"},"inLanguage":"tr","potentialAction":[{"@type":"ReadAction","target":["https:\/\/kibrisdakik.com\/?p=42078"]}]},{"@type":"ImageObject","inLanguage":"tr","@id":"https:\/\/kibrisdakik.com\/?p=42078#primaryimage","url":"https:\/\/kibrisdakik.com\/wp-content\/uploads\/2024\/05\/POLISS.jpg","contentUrl":"https:\/\/kibrisdakik.com\/wp-content\/uploads\/2024\/05\/POLISS.jpg","width":706,"height":397},{"@type":"BreadcrumbList","@id":"https:\/\/kibrisdakik.com\/?p=42078#breadcrumb","itemListElement":[{"@type":"ListItem","position":1,"name":"Home","item":"https:\/\/kibrisdakik.com\/"},{"@type":"ListItem","position":2,"name":"Akarg\u00f6l ve Arslan\u2019\u0131n yasa d\u0131\u015f\u0131 yollardan KKTC\u2019den \u00e7\u0131k\u0131\u015f yapt\u0131\u011f\u0131 tespit edildi"}]},{"@type":"WebSite","@id":"https:\/\/kibrisdakik.com\/#website","url":"https:\/\/kibrisdakik.com\/","name":"","description":"Tam vaktinde haber","potentialAction":[{"@type":"SearchAction","target":{"@type":"EntryPoint","urlTemplate":"https:\/\/kibrisdakik.com\/?s={search_term_string}"},"query-input":{"@type":"PropertyValueSpecification","valueRequired":true,"valueName":"search_term_string"}}],"inLanguage":"tr"},{"@type":"Person","@id":"https:\/\/kibrisdakik.com\/#\/schema\/person\/9cd9d437bbb44f72b73ba127e06d8e79","name":"admin","image":{"@type":"ImageObject","inLanguage":"tr","@id":"https:\/\/secure.gravatar.com\/avatar\/ccc17943b9d660506c869530f897617f7cb1c21a4bf30023f252596d83e1f007?s=96&d=mm&r=g","url":"https:\/\/secure.gravatar.com\/avatar\/ccc17943b9d660506c869530f897617f7cb1c21a4bf30023f252596d83e1f007?s=96&d=mm&r=g","contentUrl":"https:\/\/secure.gravatar.com\/avatar\/ccc17943b9d660506c869530f897617f7cb1c21a4bf30023f252596d83e1f007?s=96&d=mm&r=g","caption":"admin"},"sameAs":["https:\/\/kibrisdakik.com"],"url":"https:\/\/kibrisdakik.com\/?author=1"}]}},"_links":{"self":[{"href":"https:\/\/kibrisdakik.com\/index.php?rest_route=\/wp\/v2\/posts\/42078","targetHints":{"allow":["GET"]}}],"collection":[{"href":"https:\/\/kibrisdakik.com\/index.php?rest_route=\/wp\/v2\/posts"}],"about":[{"href":"https:\/\/kibrisdakik.com\/index.php?rest_route=\/wp\/v2\/types\/post"}],"author":[{"embeddable":true,"href":"https:\/\/kibrisdakik.com\/index.php?rest_route=\/wp\/v2\/users\/1"}],"replies":[{"embeddable":true,"href":"https:\/\/kibrisdakik.com\/index.php?rest_route=%2Fwp%2Fv2%2Fcomments&post=42078"}],"version-history":[{"count":0,"href":"https:\/\/kibrisdakik.com\/index.php?rest_route=\/wp\/v2\/posts\/42078\/revisions"}],"wp:featuredmedia":[{"embeddable":true,"href":"https:\/\/kibrisdakik.com\/index.php?rest_route=\/wp\/v2\/media\/42079"}],"wp:attachment":[{"href":"https:\/\/kibrisdakik.com\/index.php?rest_route=%2Fwp%2Fv2%2Fmedia&parent=42078"}],"wp:term":[{"taxonomy":"category","embeddable":true,"href":"https:\/\/kibrisdakik.com\/index.php?rest_route=%2Fwp%2Fv2%2Fcategories&post=42078"},{"taxonomy":"post_tag","embeddable":true,"href":"https:\/\/kibrisdakik.com\/index.php?rest_route=%2Fwp%2Fv2%2Ftags&post=42078"}],"curies":[{"name":"wp","href":"https:\/\/api.w.org\/{rel}","templated":true}]}}