{"id":42115,"date":"2024-05-17T18:35:56","date_gmt":"2024-05-17T18:35:56","guid":{"rendered":"https:\/\/kibrisdakik.com\/index.php\/2024\/05\/17\/kibris-turk-ortopedik-ozurluler-derneginden-bir-heyet-dincyureki-ziyaret-etti\/"},"modified":"2024-05-17T18:35:56","modified_gmt":"2024-05-17T18:35:56","slug":"kibris-turk-ortopedik-ozurluler-derneginden-bir-heyet-dincyureki-ziyaret-etti","status":"publish","type":"post","link":"https:\/\/kibrisdakik.com\/?p=42115","title":{"rendered":"K\u0131br\u0131s T\u00fcrk Ortopedik \u00d6z\u00fcrl\u00fcler Derne\u011fi\u2019nden bir heyet  Din\u00e7y\u00fcrek\u2019i ziyaret etti"},"content":{"rendered":"<p><\/p>\n<div>\n<div class=\"mariselle-image-container center\">\n                <img loading=\"lazy\" decoding=\"async\" width=\"1600\" height=\"876\" class=\"lazy-image\" alt=\"\" sizes=\"auto, (max-width: 1600px) 100vw, 1600px\" src=\"https:\/\/brtk.net\/wp-content\/uploads\/2024\/05\/17\/aqwp.jpg?ver=0e5785a7b8d62c980cbf8b982441e845\" srcset=\"https:\/\/brtk.net\/wp-content\/uploads\/2024\/05\/17\/aqwp.jpg?ver=0e5785a7b8d62c980cbf8b982441e845 1600w, https:\/\/brtk.net\/wp-content\/uploads\/2024\/05\/17\/aqwp-300x164.jpg?ver=2074bee28f4221c52d28a5f330d37864 300w, https:\/\/brtk.net\/wp-content\/uploads\/2024\/05\/17\/aqwp-1024x561.jpg?ver=21d08de42cad26bea4526c3a065af4d1 1024w, https:\/\/brtk.net\/wp-content\/uploads\/2024\/05\/17\/aqwp-768x420.jpg?ver=21d08de42cad26bea4526c3a065af4d1 768w, https:\/\/brtk.net\/wp-content\/uploads\/2024\/05\/17\/aqwp-1536x841.jpg?ver=38036750aa4e67bcf19d43b86b5524ae 1536w\"\/>                            <\/div>\n<p> K\u0131br\u0131s T\u00fcrk Ortopedik \u00d6z\u00fcrl\u00fcler Derne\u011fi\u2019nden bir heyet Engelliler Haftas\u0131 nedeniyle Sa\u011fl\u0131k Bakan\u0131 Dr. Hakan Din\u00e7y\u00fcrek\u2019i ziyaret etti.<\/p>\n<p>Bakanl\u0131k\u2019tan verilen bilgiye g\u00f6re, Din\u00e7y\u00fcrek, bug\u00fcn yap\u0131lan g\u00f6r\u00fc\u015fmede dernek temsilcilerinin beklentilerini  dinledi\u011fini kaydetti. Acil olan sorunlar\u0131n \u00e7\u00f6z\u00fcm\u00fc i\u00e7in hemen harekete ge\u00e7tiklerini ifade eden Din\u00e7y\u00fcrek, engelsiz bir ya\u015fam ve sa\u011fl\u0131\u011fa eri\u015fimdeki engelleri ortadan kald\u0131rmak i\u00e7in t\u00fcm g\u00fc\u00e7leriyle \u00e7al\u0131\u015fmaya devam edeceklerini belirtti.<\/p>\n<p>Din\u00e7y\u00fcrek, bu y\u0131l Sa\u011fl\u0131k Bakanl\u0131\u011f\u0131\u2019nda engelli bireylerin sa\u011fl\u0131\u011fa eri\u015fimini kolayla\u015ft\u0131rmak amac\u0131yla bir komite kuruldu\u011funu ve komitenin d\u00fczenli olarak topland\u0131\u011f\u0131n\u0131 belirtti. <\/p>\n<p>K\u0131br\u0131s T\u00fcrk Ortopedik \u00d6z\u00fcrl\u00fcler Derne\u011fi  Ba\u015fkan\u0131 G\u00fcnay Kibrit de, Engelliler Haftas\u0131 nedeniyle Sa\u011fl\u0131k Bakan\u0131 Dr. Hakan Din\u00e7y\u00fcrek\u2019i ziyaret ettiklerini kaydetti. Din\u00e7y\u00fcrek\u2019in hekimli\u011fi ve milletvekilli\u011fi d\u00f6neminde her zaman yanlar\u0131nda oldu\u011funu dile getiren Kibrit,  bakanl\u0131\u011f\u0131 d\u00f6neminde de sorunlara an\u0131nda reaksiyon g\u00f6stererek, \u00e7\u00f6z\u00fcm odakl\u0131 yakla\u015ft\u0131\u011f\u0131n\u0131 belirtti.<\/p>\n<p>Kibrit, engelli bireylerin sa\u011fl\u0131\u011fa eri\u015fimini kolayla\u015ft\u0131rmak amac\u0131yla Sa\u011fl\u0131k Bakanl\u0131\u011f\u0131\u2019nda  olu\u015fturulan komitenin  \u00e7al\u0131\u015fmalar\u0131n\u0131 desteklediklerini de vurgulad\u0131<\/p>\n<\/p><\/div>\n<p><script async\n                    defer\n                    crossorigin=\"anonymous\"\n                    src=\"https:\/\/connect.facebook.net\/tr_TR\/sdk.js#xfbml=1&#038;version=v3.3\"\n            ><\/script><\/p>\n","protected":false},"excerpt":{"rendered":"<p>K\u0131br\u0131s T\u00fcrk Ortopedik \u00d6z\u00fcrl\u00fcler Derne\u011fi\u2019nden bir heyet Engelliler Haftas\u0131 nedeniyle Sa\u011fl\u0131k Bakan\u0131 Dr. Hakan Din\u00e7y\u00fcrek\u2019i ziyaret etti. Bakanl\u0131k\u2019tan verilen bilgiye g\u00f6re, Din\u00e7y\u00fcrek, bug\u00fcn yap\u0131lan g\u00f6r\u00fc\u015fmede dernek temsilcilerinin beklentilerini dinledi\u011fini kaydetti. Acil olan sorunlar\u0131n \u00e7\u00f6z\u00fcm\u00fc i\u00e7in hemen harekete ge\u00e7tiklerini ifade eden Din\u00e7y\u00fcrek, engelsiz bir ya\u015fam ve sa\u011fl\u0131\u011fa eri\u015fimdeki engelleri ortadan kald\u0131rmak i\u00e7in t\u00fcm g\u00fc\u00e7leriyle \u00e7al\u0131\u015fmaya devam<\/p>\n","protected":false},"author":1,"featured_media":42116,"comment_status":"open","ping_status":"open","sticky":false,"template":"","format":"standard","meta":{"footnotes":""},"categories":[1],"tags":[],"class_list":["post-42115","post","type-post","status-publish","format-standard","has-post-thumbnail","hentry","category-gundem"],"yoast_head":"<!-- This site is optimized with the Yoast SEO plugin v27.4 - https:\/\/yoast.com\/product\/yoast-seo-wordpress\/ -->\n<title>K\u0131br\u0131s T\u00fcrk Ortopedik \u00d6z\u00fcrl\u00fcler Derne\u011fi\u2019nden bir heyet Din\u00e7y\u00fcrek\u2019i ziyaret etti -<\/title>\n<meta name=\"robots\" content=\"index, follow, max-snippet:-1, max-image-preview:large, max-video-preview:-1\" \/>\n<link rel=\"canonical\" href=\"https:\/\/kibrisdakik.com\/?p=42115\" \/>\n<meta property=\"og:locale\" content=\"tr_TR\" \/>\n<meta property=\"og:type\" content=\"article\" \/>\n<meta property=\"og:title\" content=\"K\u0131br\u0131s T\u00fcrk Ortopedik \u00d6z\u00fcrl\u00fcler Derne\u011fi\u2019nden bir heyet Din\u00e7y\u00fcrek\u2019i ziyaret etti -\" \/>\n<meta property=\"og:description\" content=\"K\u0131br\u0131s T\u00fcrk Ortopedik \u00d6z\u00fcrl\u00fcler Derne\u011fi\u2019nden bir heyet Engelliler Haftas\u0131 nedeniyle Sa\u011fl\u0131k Bakan\u0131 Dr. Hakan Din\u00e7y\u00fcrek\u2019i ziyaret etti. Bakanl\u0131k\u2019tan verilen bilgiye g\u00f6re, Din\u00e7y\u00fcrek, bug\u00fcn yap\u0131lan g\u00f6r\u00fc\u015fmede dernek temsilcilerinin beklentilerini dinledi\u011fini kaydetti. Acil olan sorunlar\u0131n \u00e7\u00f6z\u00fcm\u00fc i\u00e7in hemen harekete ge\u00e7tiklerini ifade eden Din\u00e7y\u00fcrek, engelsiz bir ya\u015fam ve sa\u011fl\u0131\u011fa eri\u015fimdeki engelleri ortadan kald\u0131rmak i\u00e7in t\u00fcm g\u00fc\u00e7leriyle \u00e7al\u0131\u015fmaya devam\" \/>\n<meta property=\"og:url\" content=\"https:\/\/kibrisdakik.com\/?p=42115\" \/>\n<meta property=\"article:published_time\" content=\"2024-05-17T18:35:56+00:00\" \/>\n<meta property=\"og:image\" content=\"https:\/\/kibrisdakik.com\/wp-content\/uploads\/2024\/05\/aqwp-740x420.jpg\" \/>\n\t<meta property=\"og:image:width\" content=\"1600\" \/>\n\t<meta property=\"og:image:height\" content=\"876\" \/>\n\t<meta property=\"og:image:type\" content=\"image\/jpeg\" \/>\n<meta name=\"author\" content=\"admin\" \/>\n<meta name=\"twitter:card\" content=\"summary_large_image\" \/>\n<meta name=\"twitter:label1\" content=\"Yazan:\" \/>\n\t<meta name=\"twitter:data1\" content=\"admin\" \/>\n\t<meta name=\"twitter:label2\" content=\"Tahmini okuma s\u00fcresi\" \/>\n\t<meta name=\"twitter:data2\" content=\"1 dakika\" \/>\n<script type=\"application\/ld+json\" class=\"yoast-schema-graph\">{\"@context\":\"https:\\\/\\\/schema.org\",\"@graph\":[{\"@type\":\"Article\",\"@id\":\"https:\\\/\\\/kibrisdakik.com\\\/?p=42115#article\",\"isPartOf\":{\"@id\":\"https:\\\/\\\/kibrisdakik.com\\\/?p=42115\"},\"author\":{\"name\":\"admin\",\"@id\":\"https:\\\/\\\/kibrisdakik.com\\\/#\\\/schema\\\/person\\\/9cd9d437bbb44f72b73ba127e06d8e79\"},\"headline\":\"K\u0131br\u0131s T\u00fcrk Ortopedik \u00d6z\u00fcrl\u00fcler Derne\u011fi\u2019nden bir heyet Din\u00e7y\u00fcrek\u2019i ziyaret etti\",\"datePublished\":\"2024-05-17T18:35:56+00:00\",\"mainEntityOfPage\":{\"@id\":\"https:\\\/\\\/kibrisdakik.com\\\/?p=42115\"},\"wordCount\":246,\"commentCount\":0,\"image\":{\"@id\":\"https:\\\/\\\/kibrisdakik.com\\\/?p=42115#primaryimage\"},\"thumbnailUrl\":\"https:\\\/\\\/kibrisdakik.com\\\/wp-content\\\/uploads\\\/2024\\\/05\\\/aqwp-740x420.jpg\",\"articleSection\":[\"G\u00fcndem\"],\"inLanguage\":\"tr\",\"potentialAction\":[{\"@type\":\"CommentAction\",\"name\":\"Comment\",\"target\":[\"https:\\\/\\\/kibrisdakik.com\\\/?p=42115#respond\"]}]},{\"@type\":\"WebPage\",\"@id\":\"https:\\\/\\\/kibrisdakik.com\\\/?p=42115\",\"url\":\"https:\\\/\\\/kibrisdakik.com\\\/?p=42115\",\"name\":\"K\u0131br\u0131s T\u00fcrk Ortopedik \u00d6z\u00fcrl\u00fcler Derne\u011fi\u2019nden bir heyet Din\u00e7y\u00fcrek\u2019i ziyaret etti -\",\"isPartOf\":{\"@id\":\"https:\\\/\\\/kibrisdakik.com\\\/#website\"},\"primaryImageOfPage\":{\"@id\":\"https:\\\/\\\/kibrisdakik.com\\\/?p=42115#primaryimage\"},\"image\":{\"@id\":\"https:\\\/\\\/kibrisdakik.com\\\/?p=42115#primaryimage\"},\"thumbnailUrl\":\"https:\\\/\\\/kibrisdakik.com\\\/wp-content\\\/uploads\\\/2024\\\/05\\\/aqwp-740x420.jpg\",\"datePublished\":\"2024-05-17T18:35:56+00:00\",\"author\":{\"@id\":\"https:\\\/\\\/kibrisdakik.com\\\/#\\\/schema\\\/person\\\/9cd9d437bbb44f72b73ba127e06d8e79\"},\"breadcrumb\":{\"@id\":\"https:\\\/\\\/kibrisdakik.com\\\/?p=42115#breadcrumb\"},\"inLanguage\":\"tr\",\"potentialAction\":[{\"@type\":\"ReadAction\",\"target\":[\"https:\\\/\\\/kibrisdakik.com\\\/?p=42115\"]}]},{\"@type\":\"ImageObject\",\"inLanguage\":\"tr\",\"@id\":\"https:\\\/\\\/kibrisdakik.com\\\/?p=42115#primaryimage\",\"url\":\"https:\\\/\\\/kibrisdakik.com\\\/wp-content\\\/uploads\\\/2024\\\/05\\\/aqwp-740x420.jpg\",\"contentUrl\":\"https:\\\/\\\/kibrisdakik.com\\\/wp-content\\\/uploads\\\/2024\\\/05\\\/aqwp-740x420.jpg\",\"width\":1600,\"height\":876},{\"@type\":\"BreadcrumbList\",\"@id\":\"https:\\\/\\\/kibrisdakik.com\\\/?p=42115#breadcrumb\",\"itemListElement\":[{\"@type\":\"ListItem\",\"position\":1,\"name\":\"Home\",\"item\":\"https:\\\/\\\/kibrisdakik.com\\\/\"},{\"@type\":\"ListItem\",\"position\":2,\"name\":\"K\u0131br\u0131s T\u00fcrk Ortopedik \u00d6z\u00fcrl\u00fcler Derne\u011fi\u2019nden bir heyet Din\u00e7y\u00fcrek\u2019i ziyaret etti\"}]},{\"@type\":\"WebSite\",\"@id\":\"https:\\\/\\\/kibrisdakik.com\\\/#website\",\"url\":\"https:\\\/\\\/kibrisdakik.com\\\/\",\"name\":\"\",\"description\":\"Tam vaktinde haber\",\"potentialAction\":[{\"@type\":\"SearchAction\",\"target\":{\"@type\":\"EntryPoint\",\"urlTemplate\":\"https:\\\/\\\/kibrisdakik.com\\\/?s={search_term_string}\"},\"query-input\":{\"@type\":\"PropertyValueSpecification\",\"valueRequired\":true,\"valueName\":\"search_term_string\"}}],\"inLanguage\":\"tr\"},{\"@type\":\"Person\",\"@id\":\"https:\\\/\\\/kibrisdakik.com\\\/#\\\/schema\\\/person\\\/9cd9d437bbb44f72b73ba127e06d8e79\",\"name\":\"admin\",\"image\":{\"@type\":\"ImageObject\",\"inLanguage\":\"tr\",\"@id\":\"https:\\\/\\\/secure.gravatar.com\\\/avatar\\\/ccc17943b9d660506c869530f897617f7cb1c21a4bf30023f252596d83e1f007?s=96&d=mm&r=g\",\"url\":\"https:\\\/\\\/secure.gravatar.com\\\/avatar\\\/ccc17943b9d660506c869530f897617f7cb1c21a4bf30023f252596d83e1f007?s=96&d=mm&r=g\",\"contentUrl\":\"https:\\\/\\\/secure.gravatar.com\\\/avatar\\\/ccc17943b9d660506c869530f897617f7cb1c21a4bf30023f252596d83e1f007?s=96&d=mm&r=g\",\"caption\":\"admin\"},\"sameAs\":[\"https:\\\/\\\/kibrisdakik.com\"],\"url\":\"https:\\\/\\\/kibrisdakik.com\\\/?author=1\"}]}<\/script>\n<!-- \/ Yoast SEO plugin. -->","yoast_head_json":{"title":"K\u0131br\u0131s T\u00fcrk Ortopedik \u00d6z\u00fcrl\u00fcler Derne\u011fi\u2019nden bir heyet Din\u00e7y\u00fcrek\u2019i ziyaret etti -","robots":{"index":"index","follow":"follow","max-snippet":"max-snippet:-1","max-image-preview":"max-image-preview:large","max-video-preview":"max-video-preview:-1"},"canonical":"https:\/\/kibrisdakik.com\/?p=42115","og_locale":"tr_TR","og_type":"article","og_title":"K\u0131br\u0131s T\u00fcrk Ortopedik \u00d6z\u00fcrl\u00fcler Derne\u011fi\u2019nden bir heyet Din\u00e7y\u00fcrek\u2019i ziyaret etti -","og_description":"K\u0131br\u0131s T\u00fcrk Ortopedik \u00d6z\u00fcrl\u00fcler Derne\u011fi\u2019nden bir heyet Engelliler Haftas\u0131 nedeniyle Sa\u011fl\u0131k Bakan\u0131 Dr. Hakan Din\u00e7y\u00fcrek\u2019i ziyaret etti. Bakanl\u0131k\u2019tan verilen bilgiye g\u00f6re, Din\u00e7y\u00fcrek, bug\u00fcn yap\u0131lan g\u00f6r\u00fc\u015fmede dernek temsilcilerinin beklentilerini dinledi\u011fini kaydetti. Acil olan sorunlar\u0131n \u00e7\u00f6z\u00fcm\u00fc i\u00e7in hemen harekete ge\u00e7tiklerini ifade eden Din\u00e7y\u00fcrek, engelsiz bir ya\u015fam ve sa\u011fl\u0131\u011fa eri\u015fimdeki engelleri ortadan kald\u0131rmak i\u00e7in t\u00fcm g\u00fc\u00e7leriyle \u00e7al\u0131\u015fmaya devam","og_url":"https:\/\/kibrisdakik.com\/?p=42115","article_published_time":"2024-05-17T18:35:56+00:00","og_image":[{"width":1600,"height":876,"url":"https:\/\/kibrisdakik.com\/wp-content\/uploads\/2024\/05\/aqwp-740x420.jpg","type":"image\/jpeg"}],"author":"admin","twitter_card":"summary_large_image","twitter_misc":{"Yazan:":"admin","Tahmini okuma s\u00fcresi":"1 dakika"},"schema":{"@context":"https:\/\/schema.org","@graph":[{"@type":"Article","@id":"https:\/\/kibrisdakik.com\/?p=42115#article","isPartOf":{"@id":"https:\/\/kibrisdakik.com\/?p=42115"},"author":{"name":"admin","@id":"https:\/\/kibrisdakik.com\/#\/schema\/person\/9cd9d437bbb44f72b73ba127e06d8e79"},"headline":"K\u0131br\u0131s T\u00fcrk Ortopedik \u00d6z\u00fcrl\u00fcler Derne\u011fi\u2019nden bir heyet Din\u00e7y\u00fcrek\u2019i ziyaret etti","datePublished":"2024-05-17T18:35:56+00:00","mainEntityOfPage":{"@id":"https:\/\/kibrisdakik.com\/?p=42115"},"wordCount":246,"commentCount":0,"image":{"@id":"https:\/\/kibrisdakik.com\/?p=42115#primaryimage"},"thumbnailUrl":"https:\/\/kibrisdakik.com\/wp-content\/uploads\/2024\/05\/aqwp-740x420.jpg","articleSection":["G\u00fcndem"],"inLanguage":"tr","potentialAction":[{"@type":"CommentAction","name":"Comment","target":["https:\/\/kibrisdakik.com\/?p=42115#respond"]}]},{"@type":"WebPage","@id":"https:\/\/kibrisdakik.com\/?p=42115","url":"https:\/\/kibrisdakik.com\/?p=42115","name":"K\u0131br\u0131s T\u00fcrk Ortopedik \u00d6z\u00fcrl\u00fcler Derne\u011fi\u2019nden bir heyet Din\u00e7y\u00fcrek\u2019i ziyaret etti -","isPartOf":{"@id":"https:\/\/kibrisdakik.com\/#website"},"primaryImageOfPage":{"@id":"https:\/\/kibrisdakik.com\/?p=42115#primaryimage"},"image":{"@id":"https:\/\/kibrisdakik.com\/?p=42115#primaryimage"},"thumbnailUrl":"https:\/\/kibrisdakik.com\/wp-content\/uploads\/2024\/05\/aqwp-740x420.jpg","datePublished":"2024-05-17T18:35:56+00:00","author":{"@id":"https:\/\/kibrisdakik.com\/#\/schema\/person\/9cd9d437bbb44f72b73ba127e06d8e79"},"breadcrumb":{"@id":"https:\/\/kibrisdakik.com\/?p=42115#breadcrumb"},"inLanguage":"tr","potentialAction":[{"@type":"ReadAction","target":["https:\/\/kibrisdakik.com\/?p=42115"]}]},{"@type":"ImageObject","inLanguage":"tr","@id":"https:\/\/kibrisdakik.com\/?p=42115#primaryimage","url":"https:\/\/kibrisdakik.com\/wp-content\/uploads\/2024\/05\/aqwp-740x420.jpg","contentUrl":"https:\/\/kibrisdakik.com\/wp-content\/uploads\/2024\/05\/aqwp-740x420.jpg","width":1600,"height":876},{"@type":"BreadcrumbList","@id":"https:\/\/kibrisdakik.com\/?p=42115#breadcrumb","itemListElement":[{"@type":"ListItem","position":1,"name":"Home","item":"https:\/\/kibrisdakik.com\/"},{"@type":"ListItem","position":2,"name":"K\u0131br\u0131s T\u00fcrk Ortopedik \u00d6z\u00fcrl\u00fcler Derne\u011fi\u2019nden bir heyet Din\u00e7y\u00fcrek\u2019i ziyaret etti"}]},{"@type":"WebSite","@id":"https:\/\/kibrisdakik.com\/#website","url":"https:\/\/kibrisdakik.com\/","name":"","description":"Tam vaktinde haber","potentialAction":[{"@type":"SearchAction","target":{"@type":"EntryPoint","urlTemplate":"https:\/\/kibrisdakik.com\/?s={search_term_string}"},"query-input":{"@type":"PropertyValueSpecification","valueRequired":true,"valueName":"search_term_string"}}],"inLanguage":"tr"},{"@type":"Person","@id":"https:\/\/kibrisdakik.com\/#\/schema\/person\/9cd9d437bbb44f72b73ba127e06d8e79","name":"admin","image":{"@type":"ImageObject","inLanguage":"tr","@id":"https:\/\/secure.gravatar.com\/avatar\/ccc17943b9d660506c869530f897617f7cb1c21a4bf30023f252596d83e1f007?s=96&d=mm&r=g","url":"https:\/\/secure.gravatar.com\/avatar\/ccc17943b9d660506c869530f897617f7cb1c21a4bf30023f252596d83e1f007?s=96&d=mm&r=g","contentUrl":"https:\/\/secure.gravatar.com\/avatar\/ccc17943b9d660506c869530f897617f7cb1c21a4bf30023f252596d83e1f007?s=96&d=mm&r=g","caption":"admin"},"sameAs":["https:\/\/kibrisdakik.com"],"url":"https:\/\/kibrisdakik.com\/?author=1"}]}},"_links":{"self":[{"href":"https:\/\/kibrisdakik.com\/index.php?rest_route=\/wp\/v2\/posts\/42115","targetHints":{"allow":["GET"]}}],"collection":[{"href":"https:\/\/kibrisdakik.com\/index.php?rest_route=\/wp\/v2\/posts"}],"about":[{"href":"https:\/\/kibrisdakik.com\/index.php?rest_route=\/wp\/v2\/types\/post"}],"author":[{"embeddable":true,"href":"https:\/\/kibrisdakik.com\/index.php?rest_route=\/wp\/v2\/users\/1"}],"replies":[{"embeddable":true,"href":"https:\/\/kibrisdakik.com\/index.php?rest_route=%2Fwp%2Fv2%2Fcomments&post=42115"}],"version-history":[{"count":0,"href":"https:\/\/kibrisdakik.com\/index.php?rest_route=\/wp\/v2\/posts\/42115\/revisions"}],"wp:featuredmedia":[{"embeddable":true,"href":"https:\/\/kibrisdakik.com\/index.php?rest_route=\/wp\/v2\/media\/42116"}],"wp:attachment":[{"href":"https:\/\/kibrisdakik.com\/index.php?rest_route=%2Fwp%2Fv2%2Fmedia&parent=42115"}],"wp:term":[{"taxonomy":"category","embeddable":true,"href":"https:\/\/kibrisdakik.com\/index.php?rest_route=%2Fwp%2Fv2%2Fcategories&post=42115"},{"taxonomy":"post_tag","embeddable":true,"href":"https:\/\/kibrisdakik.com\/index.php?rest_route=%2Fwp%2Fv2%2Ftags&post=42115"}],"curies":[{"name":"wp","href":"https:\/\/api.w.org\/{rel}","templated":true}]}}