{"id":42137,"date":"2024-05-17T22:28:52","date_gmt":"2024-05-17T22:28:52","guid":{"rendered":"https:\/\/kibrisdakik.com\/index.php\/2024\/05\/17\/yanlis-diplomatik-hamlelerin-kabul-edilmemesinden-bmyi-sorumlu-tutmak-kabul-edilemez\/"},"modified":"2024-05-17T22:28:52","modified_gmt":"2024-05-17T22:28:52","slug":"yanlis-diplomatik-hamlelerin-kabul-edilmemesinden-bmyi-sorumlu-tutmak-kabul-edilemez","status":"publish","type":"post","link":"https:\/\/kibrisdakik.com\/?p=42137","title":{"rendered":"\u201cYanl\u0131\u015f diplomatik hamlelerin kabul edilmemesinden BM\u2019yi sorumlu tutmak kabul edilemez\u201d"},"content":{"rendered":"<p><img decoding=\"async\" src=\"https:\/\/www.kibristurk.com\/images\/haberler\/2024\/05\/yanlis-diplomatik-hamlelerin-kabul-edilmemesinden-bmyi-sorumlu-tutmak-kabul-edilemez-1715958273.webp\" \/><\/p>\n<p>CTP\u2019den yap\u0131lan a\u00e7\u0131klamada, \u00fclkede \u201c\u00e7\u00f6z\u00fcms\u00fczl\u00fck \u00e7\u00f6z\u00fcmd\u00fcr\u201d anlay\u0131\u015f\u0131 g\u00fcd\u00fcld\u00fc\u011f\u00fcn\u00fc ve bu anlay\u0131\u015f\u0131n\u0131n temsilcilerinin kendi ba\u015far\u0131s\u0131zl\u0131klar\u0131n\u0131 BM yetkililerini su\u00e7layarak hakl\u0131 \u00e7\u0131karmaya \u00e7al\u0131\u015ft\u0131\u011f\u0131n\u0131, uluslararas\u0131 hukuk nezdinde anla\u015f\u0131lmas\u0131 ve kabul\u00fc m\u00fcmk\u00fcn olmayan maksimalist \u00f6nerileri me\u015frula\u015ft\u0131rma giri\u015fiminde bulunuldu\u011fu savunuldu.<\/p>\n<p>&nbsp;<\/p>\n<p>A\u00e7\u0131klamada, kal\u0131c\u0131, kapsaml\u0131 ve kar\u015f\u0131l\u0131kl\u0131 kabul edilebilir, s\u00fcrd\u00fcr\u00fclebilir, g\u00fcvenli ve toplumlar\u0131n kabul edebilece\u011fi yegane ger\u00e7ek\u00e7i \u00e7\u00f6z\u00fcm modelinin iki toplumlu, iki b\u00f6lgeli ve siyasi e\u015fitli\u011fe dayal\u0131 federasyon oldu\u011fu dile getirildi.&nbsp;<\/p>\n<p>&nbsp;<\/p>\n<p>&#8211; \u201cSu\u00e7lamalar K\u0131br\u0131s T\u00fcrk halk\u0131na ve siyasetine zarar vericidir\u201d<\/p>\n<p>&nbsp;<\/p>\n<p>BM Genel Sekreteri Antonio Guterres\u2019in Ki\u015fisel Temsilcisi Holguin\u2019in taraflar aras\u0131nda ortak zemin aray\u0131\u015f\u0131 hedefi ile ocak ay\u0131 itibar\u0131yla g\u00f6reve ba\u015flad\u0131\u011f\u0131 ve K\u0131br\u0131s\u2019a yapt\u0131\u011f\u0131 3 ziyarette, her iki toplum liderinin yan\u0131nda, sivil toplum \u00f6rg\u00fctleri, kanaat \u00f6nderleri, i\u015f d\u00fcnyas\u0131 temsilcisi \u00f6rg\u00fctler ve siyasi partilerle de g\u00f6r\u00fc\u015ft\u00fc\u011f\u00fc hat\u0131rlat\u0131lan a\u00e7\u0131klamada, Holguin\u2019in bu ziyaretlerinde BM\u2019nin rol\u00fcn\u00fcn liderleri cesaretlendirmek, var olan durumu saptamak ve s\u00fcrecin ilerlemesinde kolayla\u015ft\u0131r\u0131c\u0131 olmak oldu\u011funu belirtti\u011fi kaydedildi.<\/p>\n<p>&nbsp;<\/p>\n<p>A\u00e7\u0131klamada, 13 Mart\u2019ta Holguin\u2019in CTP\u2019ye de bir ziyaret yapt\u0131\u011f\u0131na i\u015faret edilerek, bu ziyarette herhangi bir g\u00f6r\u00fc\u015f payla\u015fmaktan \u00f6te CTP\u2019nin g\u00f6r\u00fc\u015flerini dinlemeyi tercih etti\u011fi, \u00e7e\u015fitli sorular y\u00f6nelterek var olan t\u0131kan\u0131kl\u0131klar\u0131n a\u015f\u0131lmas\u0131 noktas\u0131nda Birle\u015fmi\u015f Milletlerin nas\u0131l katk\u0131 koyabilece\u011fini anlamaya \u00e7al\u0131\u015ft\u0131\u011f\u0131 belirtildi.<\/p>\n<p>&nbsp;<\/p>\n<p>Holguin\u2019e y\u00f6nelik \u201cprovokasyon yapmak, k\u0131\u015fk\u0131rt\u0131c\u0131 faaliyetlerde bulunmak, haddini a\u015fmak, 5. kol faaliyeti y\u00fcr\u00fctmek\u201d gibi ifadelerde bulunuldu\u011fu belirtilen a\u00e7\u0131klamada,&nbsp; bu t\u00fcr su\u00e7lamalar\u0131n K\u0131br\u0131s T\u00fcrk halk\u0131na ve siyasetine zarar verici oldu\u011fu ifade edildi.<\/p>\n<p>&nbsp;<\/p>\n<p>&#8211; \u201cKal\u0131c\u0131 \u00e7\u00f6z\u00fcm sadece BMGK kararlar\u0131nda belirtildi\u011fi \u00e7er\u00e7evede ger\u00e7ekle\u015febilir\u201d<\/p>\n<p>&nbsp;<\/p>\n<p>Adadaki de\u011fi\u015fimin ve kal\u0131c\u0131 \u00e7\u00f6z\u00fcm\u00fcn sadece Birle\u015fmi\u015f Milletler G\u00fcvenlik Konseyinin kapsaml\u0131 \u00e7\u00f6z\u00fcm ile ilgili kararlar\u0131nda belirtildi\u011fi \u00e7er\u00e7evede ger\u00e7ekle\u015febilece\u011fi vurgusu yap\u0131lan a\u00e7\u0131klamada, \u015funlar kaydedildi:<\/p>\n<p>&nbsp;<\/p>\n<p>\u201cSonu\u00e7 odakl\u0131, belirli bir zaman diliminde tamamlanacak, siyasi e\u015fitli\u011fin pazarl\u0131k konusu yap\u0131lmad\u0131\u011f\u0131, bir kez daha K\u0131br\u0131s Rum Liderli\u011finin ayak s\u00fcr\u00fcmesi neticesinde ba\u015far\u0131s\u0131zl\u0131kla kar\u015f\u0131la\u015f\u0131lmas\u0131 durumunda stat\u00fckoya geri d\u00f6n\u00fclmeyece\u011finin ba\u015ftan g\u00fcvence alt\u0131na al\u0131nd\u0131\u011f\u0131, metodolojisi iyi kurgulanm\u0131\u015f bir m\u00fczakere s\u00fcrecine ihtiya\u00e7 vard\u0131r.&nbsp;<\/p>\n<p>&nbsp;<\/p>\n<p>CTP olarak, iki b\u00f6lgeli, iki toplumlu ve siyasi e\u015fitli\u011fe dayal\u0131 federasyon temelinden ayr\u0131lman\u0131n \u00e7\u00f6z\u00fcms\u00fczl\u00fc\u011f\u00fcn devam\u0131na ve sonu\u00e7lar\u0131na mahkum olmak anlam\u0131na geldi\u011fini belirtir, \u00e7\u00f6z\u00fcm y\u00f6n\u00fcndeki m\u00fccadelemizin kararl\u0131l\u0131kla devam edece\u011fini belirtiriz.\u201d<\/p>\n","protected":false},"excerpt":{"rendered":"<p>CTP\u2019den yap\u0131lan a\u00e7\u0131klamada, \u00fclkede \u201c\u00e7\u00f6z\u00fcms\u00fczl\u00fck \u00e7\u00f6z\u00fcmd\u00fcr\u201d anlay\u0131\u015f\u0131 g\u00fcd\u00fcld\u00fc\u011f\u00fcn\u00fc ve bu anlay\u0131\u015f\u0131n\u0131n temsilcilerinin kendi ba\u015far\u0131s\u0131zl\u0131klar\u0131n\u0131 BM yetkililerini su\u00e7layarak hakl\u0131 \u00e7\u0131karmaya \u00e7al\u0131\u015ft\u0131\u011f\u0131n\u0131, uluslararas\u0131 hukuk nezdinde anla\u015f\u0131lmas\u0131 ve kabul\u00fc m\u00fcmk\u00fcn olmayan maksimalist \u00f6nerileri me\u015frula\u015ft\u0131rma giri\u015fiminde bulunuldu\u011fu savunuldu. &nbsp; A\u00e7\u0131klamada, kal\u0131c\u0131, kapsaml\u0131 ve kar\u015f\u0131l\u0131kl\u0131 kabul edilebilir, s\u00fcrd\u00fcr\u00fclebilir, g\u00fcvenli ve toplumlar\u0131n kabul edebilece\u011fi yegane ger\u00e7ek\u00e7i \u00e7\u00f6z\u00fcm modelinin iki toplumlu, iki<\/p>\n","protected":false},"author":1,"featured_media":42138,"comment_status":"open","ping_status":"open","sticky":false,"template":"","format":"standard","meta":{"footnotes":""},"categories":[85],"tags":[],"class_list":["post-42137","post","type-post","status-publish","format-standard","has-post-thumbnail","hentry","category-spor"],"yoast_head":"<!-- This site is optimized with the Yoast SEO plugin v27.4 - https:\/\/yoast.com\/product\/yoast-seo-wordpress\/ -->\n<title>\u201cYanl\u0131\u015f diplomatik hamlelerin kabul edilmemesinden BM\u2019yi sorumlu tutmak kabul edilemez\u201d -<\/title>\n<meta name=\"robots\" content=\"index, follow, max-snippet:-1, max-image-preview:large, max-video-preview:-1\" \/>\n<link rel=\"canonical\" href=\"https:\/\/kibrisdakik.com\/?p=42137\" \/>\n<meta property=\"og:locale\" content=\"tr_TR\" \/>\n<meta property=\"og:type\" content=\"article\" \/>\n<meta property=\"og:title\" content=\"\u201cYanl\u0131\u015f diplomatik hamlelerin kabul edilmemesinden BM\u2019yi sorumlu tutmak kabul edilemez\u201d -\" \/>\n<meta property=\"og:description\" content=\"CTP\u2019den yap\u0131lan a\u00e7\u0131klamada, \u00fclkede \u201c\u00e7\u00f6z\u00fcms\u00fczl\u00fck \u00e7\u00f6z\u00fcmd\u00fcr\u201d anlay\u0131\u015f\u0131 g\u00fcd\u00fcld\u00fc\u011f\u00fcn\u00fc ve bu anlay\u0131\u015f\u0131n\u0131n temsilcilerinin kendi ba\u015far\u0131s\u0131zl\u0131klar\u0131n\u0131 BM yetkililerini su\u00e7layarak hakl\u0131 \u00e7\u0131karmaya \u00e7al\u0131\u015ft\u0131\u011f\u0131n\u0131, uluslararas\u0131 hukuk nezdinde anla\u015f\u0131lmas\u0131 ve kabul\u00fc m\u00fcmk\u00fcn olmayan maksimalist \u00f6nerileri me\u015frula\u015ft\u0131rma giri\u015fiminde bulunuldu\u011fu savunuldu. &nbsp; A\u00e7\u0131klamada, kal\u0131c\u0131, kapsaml\u0131 ve kar\u015f\u0131l\u0131kl\u0131 kabul edilebilir, s\u00fcrd\u00fcr\u00fclebilir, g\u00fcvenli ve toplumlar\u0131n kabul edebilece\u011fi yegane ger\u00e7ek\u00e7i \u00e7\u00f6z\u00fcm modelinin iki toplumlu, iki\" \/>\n<meta property=\"og:url\" content=\"https:\/\/kibrisdakik.com\/?p=42137\" \/>\n<meta property=\"article:published_time\" content=\"2024-05-17T22:28:52+00:00\" \/>\n<meta property=\"og:image\" content=\"https:\/\/kibrisdakik.com\/wp-content\/uploads\/2024\/05\/yanlis-diplomatik-hamlelerin-kabul-edilmemesinden-bmyi-sorumlu-tutmak-kabul-edilemez-1715958273.webp.webp\" \/>\n\t<meta property=\"og:image:width\" content=\"710\" \/>\n\t<meta property=\"og:image:height\" content=\"370\" \/>\n\t<meta property=\"og:image:type\" content=\"image\/webp\" \/>\n<meta name=\"author\" content=\"admin\" \/>\n<meta name=\"twitter:card\" content=\"summary_large_image\" \/>\n<meta name=\"twitter:label1\" content=\"Yazan:\" \/>\n\t<meta name=\"twitter:data1\" content=\"admin\" \/>\n\t<meta name=\"twitter:label2\" content=\"Tahmini okuma s\u00fcresi\" \/>\n\t<meta name=\"twitter:data2\" content=\"3 dakika\" \/>\n<script type=\"application\/ld+json\" class=\"yoast-schema-graph\">{\"@context\":\"https:\\\/\\\/schema.org\",\"@graph\":[{\"@type\":\"Article\",\"@id\":\"https:\\\/\\\/kibrisdakik.com\\\/?p=42137#article\",\"isPartOf\":{\"@id\":\"https:\\\/\\\/kibrisdakik.com\\\/?p=42137\"},\"author\":{\"name\":\"admin\",\"@id\":\"https:\\\/\\\/kibrisdakik.com\\\/#\\\/schema\\\/person\\\/9cd9d437bbb44f72b73ba127e06d8e79\"},\"headline\":\"\u201cYanl\u0131\u015f diplomatik hamlelerin kabul edilmemesinden BM\u2019yi sorumlu tutmak kabul edilemez\u201d\",\"datePublished\":\"2024-05-17T22:28:52+00:00\",\"mainEntityOfPage\":{\"@id\":\"https:\\\/\\\/kibrisdakik.com\\\/?p=42137\"},\"wordCount\":518,\"commentCount\":0,\"image\":{\"@id\":\"https:\\\/\\\/kibrisdakik.com\\\/?p=42137#primaryimage\"},\"thumbnailUrl\":\"https:\\\/\\\/kibrisdakik.com\\\/wp-content\\\/uploads\\\/2024\\\/05\\\/yanlis-diplomatik-hamlelerin-kabul-edilmemesinden-bmyi-sorumlu-tutmak-kabul-edilemez-1715958273.webp.webp\",\"articleSection\":[\"Spor\"],\"inLanguage\":\"tr\",\"potentialAction\":[{\"@type\":\"CommentAction\",\"name\":\"Comment\",\"target\":[\"https:\\\/\\\/kibrisdakik.com\\\/?p=42137#respond\"]}]},{\"@type\":\"WebPage\",\"@id\":\"https:\\\/\\\/kibrisdakik.com\\\/?p=42137\",\"url\":\"https:\\\/\\\/kibrisdakik.com\\\/?p=42137\",\"name\":\"\u201cYanl\u0131\u015f diplomatik hamlelerin kabul edilmemesinden BM\u2019yi sorumlu tutmak kabul edilemez\u201d -\",\"isPartOf\":{\"@id\":\"https:\\\/\\\/kibrisdakik.com\\\/#website\"},\"primaryImageOfPage\":{\"@id\":\"https:\\\/\\\/kibrisdakik.com\\\/?p=42137#primaryimage\"},\"image\":{\"@id\":\"https:\\\/\\\/kibrisdakik.com\\\/?p=42137#primaryimage\"},\"thumbnailUrl\":\"https:\\\/\\\/kibrisdakik.com\\\/wp-content\\\/uploads\\\/2024\\\/05\\\/yanlis-diplomatik-hamlelerin-kabul-edilmemesinden-bmyi-sorumlu-tutmak-kabul-edilemez-1715958273.webp.webp\",\"datePublished\":\"2024-05-17T22:28:52+00:00\",\"author\":{\"@id\":\"https:\\\/\\\/kibrisdakik.com\\\/#\\\/schema\\\/person\\\/9cd9d437bbb44f72b73ba127e06d8e79\"},\"breadcrumb\":{\"@id\":\"https:\\\/\\\/kibrisdakik.com\\\/?p=42137#breadcrumb\"},\"inLanguage\":\"tr\",\"potentialAction\":[{\"@type\":\"ReadAction\",\"target\":[\"https:\\\/\\\/kibrisdakik.com\\\/?p=42137\"]}]},{\"@type\":\"ImageObject\",\"inLanguage\":\"tr\",\"@id\":\"https:\\\/\\\/kibrisdakik.com\\\/?p=42137#primaryimage\",\"url\":\"https:\\\/\\\/kibrisdakik.com\\\/wp-content\\\/uploads\\\/2024\\\/05\\\/yanlis-diplomatik-hamlelerin-kabul-edilmemesinden-bmyi-sorumlu-tutmak-kabul-edilemez-1715958273.webp.webp\",\"contentUrl\":\"https:\\\/\\\/kibrisdakik.com\\\/wp-content\\\/uploads\\\/2024\\\/05\\\/yanlis-diplomatik-hamlelerin-kabul-edilmemesinden-bmyi-sorumlu-tutmak-kabul-edilemez-1715958273.webp.webp\",\"width\":710,\"height\":370},{\"@type\":\"BreadcrumbList\",\"@id\":\"https:\\\/\\\/kibrisdakik.com\\\/?p=42137#breadcrumb\",\"itemListElement\":[{\"@type\":\"ListItem\",\"position\":1,\"name\":\"Home\",\"item\":\"https:\\\/\\\/kibrisdakik.com\\\/\"},{\"@type\":\"ListItem\",\"position\":2,\"name\":\"\u201cYanl\u0131\u015f diplomatik hamlelerin kabul edilmemesinden BM\u2019yi sorumlu tutmak kabul edilemez\u201d\"}]},{\"@type\":\"WebSite\",\"@id\":\"https:\\\/\\\/kibrisdakik.com\\\/#website\",\"url\":\"https:\\\/\\\/kibrisdakik.com\\\/\",\"name\":\"\",\"description\":\"Tam vaktinde haber\",\"potentialAction\":[{\"@type\":\"SearchAction\",\"target\":{\"@type\":\"EntryPoint\",\"urlTemplate\":\"https:\\\/\\\/kibrisdakik.com\\\/?s={search_term_string}\"},\"query-input\":{\"@type\":\"PropertyValueSpecification\",\"valueRequired\":true,\"valueName\":\"search_term_string\"}}],\"inLanguage\":\"tr\"},{\"@type\":\"Person\",\"@id\":\"https:\\\/\\\/kibrisdakik.com\\\/#\\\/schema\\\/person\\\/9cd9d437bbb44f72b73ba127e06d8e79\",\"name\":\"admin\",\"image\":{\"@type\":\"ImageObject\",\"inLanguage\":\"tr\",\"@id\":\"https:\\\/\\\/secure.gravatar.com\\\/avatar\\\/ccc17943b9d660506c869530f897617f7cb1c21a4bf30023f252596d83e1f007?s=96&d=mm&r=g\",\"url\":\"https:\\\/\\\/secure.gravatar.com\\\/avatar\\\/ccc17943b9d660506c869530f897617f7cb1c21a4bf30023f252596d83e1f007?s=96&d=mm&r=g\",\"contentUrl\":\"https:\\\/\\\/secure.gravatar.com\\\/avatar\\\/ccc17943b9d660506c869530f897617f7cb1c21a4bf30023f252596d83e1f007?s=96&d=mm&r=g\",\"caption\":\"admin\"},\"sameAs\":[\"https:\\\/\\\/kibrisdakik.com\"],\"url\":\"https:\\\/\\\/kibrisdakik.com\\\/?author=1\"}]}<\/script>\n<!-- \/ Yoast SEO plugin. -->","yoast_head_json":{"title":"\u201cYanl\u0131\u015f diplomatik hamlelerin kabul edilmemesinden BM\u2019yi sorumlu tutmak kabul edilemez\u201d -","robots":{"index":"index","follow":"follow","max-snippet":"max-snippet:-1","max-image-preview":"max-image-preview:large","max-video-preview":"max-video-preview:-1"},"canonical":"https:\/\/kibrisdakik.com\/?p=42137","og_locale":"tr_TR","og_type":"article","og_title":"\u201cYanl\u0131\u015f diplomatik hamlelerin kabul edilmemesinden BM\u2019yi sorumlu tutmak kabul edilemez\u201d -","og_description":"CTP\u2019den yap\u0131lan a\u00e7\u0131klamada, \u00fclkede \u201c\u00e7\u00f6z\u00fcms\u00fczl\u00fck \u00e7\u00f6z\u00fcmd\u00fcr\u201d anlay\u0131\u015f\u0131 g\u00fcd\u00fcld\u00fc\u011f\u00fcn\u00fc ve bu anlay\u0131\u015f\u0131n\u0131n temsilcilerinin kendi ba\u015far\u0131s\u0131zl\u0131klar\u0131n\u0131 BM yetkililerini su\u00e7layarak hakl\u0131 \u00e7\u0131karmaya \u00e7al\u0131\u015ft\u0131\u011f\u0131n\u0131, uluslararas\u0131 hukuk nezdinde anla\u015f\u0131lmas\u0131 ve kabul\u00fc m\u00fcmk\u00fcn olmayan maksimalist \u00f6nerileri me\u015frula\u015ft\u0131rma giri\u015fiminde bulunuldu\u011fu savunuldu. &nbsp; A\u00e7\u0131klamada, kal\u0131c\u0131, kapsaml\u0131 ve kar\u015f\u0131l\u0131kl\u0131 kabul edilebilir, s\u00fcrd\u00fcr\u00fclebilir, g\u00fcvenli ve toplumlar\u0131n kabul edebilece\u011fi yegane ger\u00e7ek\u00e7i \u00e7\u00f6z\u00fcm modelinin iki toplumlu, iki","og_url":"https:\/\/kibrisdakik.com\/?p=42137","article_published_time":"2024-05-17T22:28:52+00:00","og_image":[{"width":710,"height":370,"url":"https:\/\/kibrisdakik.com\/wp-content\/uploads\/2024\/05\/yanlis-diplomatik-hamlelerin-kabul-edilmemesinden-bmyi-sorumlu-tutmak-kabul-edilemez-1715958273.webp.webp","type":"image\/webp"}],"author":"admin","twitter_card":"summary_large_image","twitter_misc":{"Yazan:":"admin","Tahmini okuma s\u00fcresi":"3 dakika"},"schema":{"@context":"https:\/\/schema.org","@graph":[{"@type":"Article","@id":"https:\/\/kibrisdakik.com\/?p=42137#article","isPartOf":{"@id":"https:\/\/kibrisdakik.com\/?p=42137"},"author":{"name":"admin","@id":"https:\/\/kibrisdakik.com\/#\/schema\/person\/9cd9d437bbb44f72b73ba127e06d8e79"},"headline":"\u201cYanl\u0131\u015f diplomatik hamlelerin kabul edilmemesinden BM\u2019yi sorumlu tutmak kabul edilemez\u201d","datePublished":"2024-05-17T22:28:52+00:00","mainEntityOfPage":{"@id":"https:\/\/kibrisdakik.com\/?p=42137"},"wordCount":518,"commentCount":0,"image":{"@id":"https:\/\/kibrisdakik.com\/?p=42137#primaryimage"},"thumbnailUrl":"https:\/\/kibrisdakik.com\/wp-content\/uploads\/2024\/05\/yanlis-diplomatik-hamlelerin-kabul-edilmemesinden-bmyi-sorumlu-tutmak-kabul-edilemez-1715958273.webp.webp","articleSection":["Spor"],"inLanguage":"tr","potentialAction":[{"@type":"CommentAction","name":"Comment","target":["https:\/\/kibrisdakik.com\/?p=42137#respond"]}]},{"@type":"WebPage","@id":"https:\/\/kibrisdakik.com\/?p=42137","url":"https:\/\/kibrisdakik.com\/?p=42137","name":"\u201cYanl\u0131\u015f diplomatik hamlelerin kabul edilmemesinden BM\u2019yi sorumlu tutmak kabul edilemez\u201d -","isPartOf":{"@id":"https:\/\/kibrisdakik.com\/#website"},"primaryImageOfPage":{"@id":"https:\/\/kibrisdakik.com\/?p=42137#primaryimage"},"image":{"@id":"https:\/\/kibrisdakik.com\/?p=42137#primaryimage"},"thumbnailUrl":"https:\/\/kibrisdakik.com\/wp-content\/uploads\/2024\/05\/yanlis-diplomatik-hamlelerin-kabul-edilmemesinden-bmyi-sorumlu-tutmak-kabul-edilemez-1715958273.webp.webp","datePublished":"2024-05-17T22:28:52+00:00","author":{"@id":"https:\/\/kibrisdakik.com\/#\/schema\/person\/9cd9d437bbb44f72b73ba127e06d8e79"},"breadcrumb":{"@id":"https:\/\/kibrisdakik.com\/?p=42137#breadcrumb"},"inLanguage":"tr","potentialAction":[{"@type":"ReadAction","target":["https:\/\/kibrisdakik.com\/?p=42137"]}]},{"@type":"ImageObject","inLanguage":"tr","@id":"https:\/\/kibrisdakik.com\/?p=42137#primaryimage","url":"https:\/\/kibrisdakik.com\/wp-content\/uploads\/2024\/05\/yanlis-diplomatik-hamlelerin-kabul-edilmemesinden-bmyi-sorumlu-tutmak-kabul-edilemez-1715958273.webp.webp","contentUrl":"https:\/\/kibrisdakik.com\/wp-content\/uploads\/2024\/05\/yanlis-diplomatik-hamlelerin-kabul-edilmemesinden-bmyi-sorumlu-tutmak-kabul-edilemez-1715958273.webp.webp","width":710,"height":370},{"@type":"BreadcrumbList","@id":"https:\/\/kibrisdakik.com\/?p=42137#breadcrumb","itemListElement":[{"@type":"ListItem","position":1,"name":"Home","item":"https:\/\/kibrisdakik.com\/"},{"@type":"ListItem","position":2,"name":"\u201cYanl\u0131\u015f diplomatik hamlelerin kabul edilmemesinden BM\u2019yi sorumlu tutmak kabul edilemez\u201d"}]},{"@type":"WebSite","@id":"https:\/\/kibrisdakik.com\/#website","url":"https:\/\/kibrisdakik.com\/","name":"","description":"Tam vaktinde haber","potentialAction":[{"@type":"SearchAction","target":{"@type":"EntryPoint","urlTemplate":"https:\/\/kibrisdakik.com\/?s={search_term_string}"},"query-input":{"@type":"PropertyValueSpecification","valueRequired":true,"valueName":"search_term_string"}}],"inLanguage":"tr"},{"@type":"Person","@id":"https:\/\/kibrisdakik.com\/#\/schema\/person\/9cd9d437bbb44f72b73ba127e06d8e79","name":"admin","image":{"@type":"ImageObject","inLanguage":"tr","@id":"https:\/\/secure.gravatar.com\/avatar\/ccc17943b9d660506c869530f897617f7cb1c21a4bf30023f252596d83e1f007?s=96&d=mm&r=g","url":"https:\/\/secure.gravatar.com\/avatar\/ccc17943b9d660506c869530f897617f7cb1c21a4bf30023f252596d83e1f007?s=96&d=mm&r=g","contentUrl":"https:\/\/secure.gravatar.com\/avatar\/ccc17943b9d660506c869530f897617f7cb1c21a4bf30023f252596d83e1f007?s=96&d=mm&r=g","caption":"admin"},"sameAs":["https:\/\/kibrisdakik.com"],"url":"https:\/\/kibrisdakik.com\/?author=1"}]}},"_links":{"self":[{"href":"https:\/\/kibrisdakik.com\/index.php?rest_route=\/wp\/v2\/posts\/42137","targetHints":{"allow":["GET"]}}],"collection":[{"href":"https:\/\/kibrisdakik.com\/index.php?rest_route=\/wp\/v2\/posts"}],"about":[{"href":"https:\/\/kibrisdakik.com\/index.php?rest_route=\/wp\/v2\/types\/post"}],"author":[{"embeddable":true,"href":"https:\/\/kibrisdakik.com\/index.php?rest_route=\/wp\/v2\/users\/1"}],"replies":[{"embeddable":true,"href":"https:\/\/kibrisdakik.com\/index.php?rest_route=%2Fwp%2Fv2%2Fcomments&post=42137"}],"version-history":[{"count":0,"href":"https:\/\/kibrisdakik.com\/index.php?rest_route=\/wp\/v2\/posts\/42137\/revisions"}],"wp:featuredmedia":[{"embeddable":true,"href":"https:\/\/kibrisdakik.com\/index.php?rest_route=\/wp\/v2\/media\/42138"}],"wp:attachment":[{"href":"https:\/\/kibrisdakik.com\/index.php?rest_route=%2Fwp%2Fv2%2Fmedia&parent=42137"}],"wp:term":[{"taxonomy":"category","embeddable":true,"href":"https:\/\/kibrisdakik.com\/index.php?rest_route=%2Fwp%2Fv2%2Fcategories&post=42137"},{"taxonomy":"post_tag","embeddable":true,"href":"https:\/\/kibrisdakik.com\/index.php?rest_route=%2Fwp%2Fv2%2Ftags&post=42137"}],"curies":[{"name":"wp","href":"https:\/\/api.w.org\/{rel}","templated":true}]}}