{"id":42331,"date":"2024-05-19T08:01:51","date_gmt":"2024-05-19T08:01:51","guid":{"rendered":"https:\/\/kibrisdakik.com\/index.php\/2024\/05\/19\/bakan-ataoglu-19-mayis-etkinliklerine-katildi\/"},"modified":"2024-05-19T08:01:51","modified_gmt":"2024-05-19T08:01:51","slug":"bakan-ataoglu-19-mayis-etkinliklerine-katildi","status":"publish","type":"post","link":"https:\/\/kibrisdakik.com\/?p=42331","title":{"rendered":"Bakan Atao\u011flu, 19 May\u0131s etkinliklerine kat\u0131ld\u0131"},"content":{"rendered":"<p><img decoding=\"async\" src=\"https:\/\/www.kibristurk.com\/images\/haberler\/2024\/05\/bakan-ataoglu-19-mayis-etkinliklerine-katildi-1716102475.webp\" \/><\/p>\n<p>Ba\u015fbakan Yard\u0131mc\u0131s\u0131 Turizm K\u00fclt\u00fcr Gen\u00e7lik ve \u00c7evre Bakan\u0131 Fikri Atao\u011flu, Lefko\u015fa Atat\u00fcrk An\u0131t\u0131 \u00f6n\u00fcnde d\u00fczenlenen 19 May\u0131s Atat\u00fcrk\u2019\u00fc Anma, Gen\u00e7lik ve Spor Bayram\u0131 Devlet T\u00f6renine kat\u0131ld\u0131.<\/p>\n<p>T\u00f6renin ard\u0131ndan kutlamalar \u00e7er\u00e7evesinde Lefko\u015fa merkez okullar\u0131ndan gelen \u00f6\u011frencilerle birlikte \u201c105. Y\u0131l Korteji\u201d y\u00fcr\u00fcy\u00fc\u015f\u00fc d\u00fczenlendi.<\/p>\n","protected":false},"excerpt":{"rendered":"<p>Ba\u015fbakan Yard\u0131mc\u0131s\u0131 Turizm K\u00fclt\u00fcr Gen\u00e7lik ve \u00c7evre Bakan\u0131 Fikri Atao\u011flu, Lefko\u015fa Atat\u00fcrk An\u0131t\u0131 \u00f6n\u00fcnde d\u00fczenlenen 19 May\u0131s Atat\u00fcrk\u2019\u00fc Anma, Gen\u00e7lik ve Spor Bayram\u0131 Devlet T\u00f6renine kat\u0131ld\u0131. T\u00f6renin ard\u0131ndan kutlamalar \u00e7er\u00e7evesinde Lefko\u015fa merkez okullar\u0131ndan gelen \u00f6\u011frencilerle birlikte \u201c105. Y\u0131l Korteji\u201d y\u00fcr\u00fcy\u00fc\u015f\u00fc d\u00fczenlendi.<\/p>\n","protected":false},"author":1,"featured_media":42332,"comment_status":"open","ping_status":"open","sticky":false,"template":"","format":"standard","meta":{"footnotes":""},"categories":[85],"tags":[],"class_list":["post-42331","post","type-post","status-publish","format-standard","has-post-thumbnail","hentry","category-spor"],"yoast_head":"<!-- This site is optimized with the Yoast SEO plugin v27.4 - https:\/\/yoast.com\/product\/yoast-seo-wordpress\/ -->\n<title>Bakan Atao\u011flu, 19 May\u0131s etkinliklerine kat\u0131ld\u0131 -<\/title>\n<meta name=\"robots\" content=\"index, follow, max-snippet:-1, max-image-preview:large, max-video-preview:-1\" \/>\n<link rel=\"canonical\" href=\"https:\/\/kibrisdakik.com\/?p=42331\" \/>\n<meta property=\"og:locale\" content=\"tr_TR\" \/>\n<meta property=\"og:type\" content=\"article\" \/>\n<meta property=\"og:title\" content=\"Bakan Atao\u011flu, 19 May\u0131s etkinliklerine kat\u0131ld\u0131 -\" \/>\n<meta property=\"og:description\" content=\"Ba\u015fbakan Yard\u0131mc\u0131s\u0131 Turizm K\u00fclt\u00fcr Gen\u00e7lik ve \u00c7evre Bakan\u0131 Fikri Atao\u011flu, Lefko\u015fa Atat\u00fcrk An\u0131t\u0131 \u00f6n\u00fcnde d\u00fczenlenen 19 May\u0131s Atat\u00fcrk\u2019\u00fc Anma, Gen\u00e7lik ve Spor Bayram\u0131 Devlet T\u00f6renine kat\u0131ld\u0131. T\u00f6renin ard\u0131ndan kutlamalar \u00e7er\u00e7evesinde Lefko\u015fa merkez okullar\u0131ndan gelen \u00f6\u011frencilerle birlikte \u201c105. Y\u0131l Korteji\u201d y\u00fcr\u00fcy\u00fc\u015f\u00fc d\u00fczenlendi.\" \/>\n<meta property=\"og:url\" content=\"https:\/\/kibrisdakik.com\/?p=42331\" \/>\n<meta property=\"article:published_time\" content=\"2024-05-19T08:01:51+00:00\" \/>\n<meta property=\"og:image\" content=\"https:\/\/kibrisdakik.com\/wp-content\/uploads\/2024\/05\/bakan-ataoglu-19-mayis-etkinliklerine-katildi-1716102475.webp.webp\" \/>\n\t<meta property=\"og:image:width\" content=\"710\" \/>\n\t<meta property=\"og:image:height\" content=\"370\" \/>\n\t<meta property=\"og:image:type\" content=\"image\/webp\" \/>\n<meta name=\"author\" content=\"admin\" \/>\n<meta name=\"twitter:card\" content=\"summary_large_image\" \/>\n<meta name=\"twitter:label1\" content=\"Yazan:\" \/>\n\t<meta name=\"twitter:data1\" content=\"admin\" \/>\n<script type=\"application\/ld+json\" class=\"yoast-schema-graph\">{\"@context\":\"https:\\\/\\\/schema.org\",\"@graph\":[{\"@type\":\"Article\",\"@id\":\"https:\\\/\\\/kibrisdakik.com\\\/?p=42331#article\",\"isPartOf\":{\"@id\":\"https:\\\/\\\/kibrisdakik.com\\\/?p=42331\"},\"author\":{\"name\":\"admin\",\"@id\":\"https:\\\/\\\/kibrisdakik.com\\\/#\\\/schema\\\/person\\\/9cd9d437bbb44f72b73ba127e06d8e79\"},\"headline\":\"Bakan Atao\u011flu, 19 May\u0131s etkinliklerine kat\u0131ld\u0131\",\"datePublished\":\"2024-05-19T08:01:51+00:00\",\"mainEntityOfPage\":{\"@id\":\"https:\\\/\\\/kibrisdakik.com\\\/?p=42331\"},\"wordCount\":73,\"commentCount\":0,\"image\":{\"@id\":\"https:\\\/\\\/kibrisdakik.com\\\/?p=42331#primaryimage\"},\"thumbnailUrl\":\"https:\\\/\\\/kibrisdakik.com\\\/wp-content\\\/uploads\\\/2024\\\/05\\\/bakan-ataoglu-19-mayis-etkinliklerine-katildi-1716102475.webp.webp\",\"articleSection\":[\"Spor\"],\"inLanguage\":\"tr\",\"potentialAction\":[{\"@type\":\"CommentAction\",\"name\":\"Comment\",\"target\":[\"https:\\\/\\\/kibrisdakik.com\\\/?p=42331#respond\"]}]},{\"@type\":\"WebPage\",\"@id\":\"https:\\\/\\\/kibrisdakik.com\\\/?p=42331\",\"url\":\"https:\\\/\\\/kibrisdakik.com\\\/?p=42331\",\"name\":\"Bakan Atao\u011flu, 19 May\u0131s etkinliklerine kat\u0131ld\u0131 -\",\"isPartOf\":{\"@id\":\"https:\\\/\\\/kibrisdakik.com\\\/#website\"},\"primaryImageOfPage\":{\"@id\":\"https:\\\/\\\/kibrisdakik.com\\\/?p=42331#primaryimage\"},\"image\":{\"@id\":\"https:\\\/\\\/kibrisdakik.com\\\/?p=42331#primaryimage\"},\"thumbnailUrl\":\"https:\\\/\\\/kibrisdakik.com\\\/wp-content\\\/uploads\\\/2024\\\/05\\\/bakan-ataoglu-19-mayis-etkinliklerine-katildi-1716102475.webp.webp\",\"datePublished\":\"2024-05-19T08:01:51+00:00\",\"author\":{\"@id\":\"https:\\\/\\\/kibrisdakik.com\\\/#\\\/schema\\\/person\\\/9cd9d437bbb44f72b73ba127e06d8e79\"},\"breadcrumb\":{\"@id\":\"https:\\\/\\\/kibrisdakik.com\\\/?p=42331#breadcrumb\"},\"inLanguage\":\"tr\",\"potentialAction\":[{\"@type\":\"ReadAction\",\"target\":[\"https:\\\/\\\/kibrisdakik.com\\\/?p=42331\"]}]},{\"@type\":\"ImageObject\",\"inLanguage\":\"tr\",\"@id\":\"https:\\\/\\\/kibrisdakik.com\\\/?p=42331#primaryimage\",\"url\":\"https:\\\/\\\/kibrisdakik.com\\\/wp-content\\\/uploads\\\/2024\\\/05\\\/bakan-ataoglu-19-mayis-etkinliklerine-katildi-1716102475.webp.webp\",\"contentUrl\":\"https:\\\/\\\/kibrisdakik.com\\\/wp-content\\\/uploads\\\/2024\\\/05\\\/bakan-ataoglu-19-mayis-etkinliklerine-katildi-1716102475.webp.webp\",\"width\":710,\"height\":370},{\"@type\":\"BreadcrumbList\",\"@id\":\"https:\\\/\\\/kibrisdakik.com\\\/?p=42331#breadcrumb\",\"itemListElement\":[{\"@type\":\"ListItem\",\"position\":1,\"name\":\"Home\",\"item\":\"https:\\\/\\\/kibrisdakik.com\\\/\"},{\"@type\":\"ListItem\",\"position\":2,\"name\":\"Bakan Atao\u011flu, 19 May\u0131s etkinliklerine kat\u0131ld\u0131\"}]},{\"@type\":\"WebSite\",\"@id\":\"https:\\\/\\\/kibrisdakik.com\\\/#website\",\"url\":\"https:\\\/\\\/kibrisdakik.com\\\/\",\"name\":\"\",\"description\":\"Tam vaktinde haber\",\"potentialAction\":[{\"@type\":\"SearchAction\",\"target\":{\"@type\":\"EntryPoint\",\"urlTemplate\":\"https:\\\/\\\/kibrisdakik.com\\\/?s={search_term_string}\"},\"query-input\":{\"@type\":\"PropertyValueSpecification\",\"valueRequired\":true,\"valueName\":\"search_term_string\"}}],\"inLanguage\":\"tr\"},{\"@type\":\"Person\",\"@id\":\"https:\\\/\\\/kibrisdakik.com\\\/#\\\/schema\\\/person\\\/9cd9d437bbb44f72b73ba127e06d8e79\",\"name\":\"admin\",\"image\":{\"@type\":\"ImageObject\",\"inLanguage\":\"tr\",\"@id\":\"https:\\\/\\\/secure.gravatar.com\\\/avatar\\\/ccc17943b9d660506c869530f897617f7cb1c21a4bf30023f252596d83e1f007?s=96&d=mm&r=g\",\"url\":\"https:\\\/\\\/secure.gravatar.com\\\/avatar\\\/ccc17943b9d660506c869530f897617f7cb1c21a4bf30023f252596d83e1f007?s=96&d=mm&r=g\",\"contentUrl\":\"https:\\\/\\\/secure.gravatar.com\\\/avatar\\\/ccc17943b9d660506c869530f897617f7cb1c21a4bf30023f252596d83e1f007?s=96&d=mm&r=g\",\"caption\":\"admin\"},\"sameAs\":[\"https:\\\/\\\/kibrisdakik.com\"],\"url\":\"https:\\\/\\\/kibrisdakik.com\\\/?author=1\"}]}<\/script>\n<!-- \/ Yoast SEO plugin. -->","yoast_head_json":{"title":"Bakan Atao\u011flu, 19 May\u0131s etkinliklerine kat\u0131ld\u0131 -","robots":{"index":"index","follow":"follow","max-snippet":"max-snippet:-1","max-image-preview":"max-image-preview:large","max-video-preview":"max-video-preview:-1"},"canonical":"https:\/\/kibrisdakik.com\/?p=42331","og_locale":"tr_TR","og_type":"article","og_title":"Bakan Atao\u011flu, 19 May\u0131s etkinliklerine kat\u0131ld\u0131 -","og_description":"Ba\u015fbakan Yard\u0131mc\u0131s\u0131 Turizm K\u00fclt\u00fcr Gen\u00e7lik ve \u00c7evre Bakan\u0131 Fikri Atao\u011flu, Lefko\u015fa Atat\u00fcrk An\u0131t\u0131 \u00f6n\u00fcnde d\u00fczenlenen 19 May\u0131s Atat\u00fcrk\u2019\u00fc Anma, Gen\u00e7lik ve Spor Bayram\u0131 Devlet T\u00f6renine kat\u0131ld\u0131. T\u00f6renin ard\u0131ndan kutlamalar \u00e7er\u00e7evesinde Lefko\u015fa merkez okullar\u0131ndan gelen \u00f6\u011frencilerle birlikte \u201c105. Y\u0131l Korteji\u201d y\u00fcr\u00fcy\u00fc\u015f\u00fc d\u00fczenlendi.","og_url":"https:\/\/kibrisdakik.com\/?p=42331","article_published_time":"2024-05-19T08:01:51+00:00","og_image":[{"width":710,"height":370,"url":"https:\/\/kibrisdakik.com\/wp-content\/uploads\/2024\/05\/bakan-ataoglu-19-mayis-etkinliklerine-katildi-1716102475.webp.webp","type":"image\/webp"}],"author":"admin","twitter_card":"summary_large_image","twitter_misc":{"Yazan:":"admin"},"schema":{"@context":"https:\/\/schema.org","@graph":[{"@type":"Article","@id":"https:\/\/kibrisdakik.com\/?p=42331#article","isPartOf":{"@id":"https:\/\/kibrisdakik.com\/?p=42331"},"author":{"name":"admin","@id":"https:\/\/kibrisdakik.com\/#\/schema\/person\/9cd9d437bbb44f72b73ba127e06d8e79"},"headline":"Bakan Atao\u011flu, 19 May\u0131s etkinliklerine kat\u0131ld\u0131","datePublished":"2024-05-19T08:01:51+00:00","mainEntityOfPage":{"@id":"https:\/\/kibrisdakik.com\/?p=42331"},"wordCount":73,"commentCount":0,"image":{"@id":"https:\/\/kibrisdakik.com\/?p=42331#primaryimage"},"thumbnailUrl":"https:\/\/kibrisdakik.com\/wp-content\/uploads\/2024\/05\/bakan-ataoglu-19-mayis-etkinliklerine-katildi-1716102475.webp.webp","articleSection":["Spor"],"inLanguage":"tr","potentialAction":[{"@type":"CommentAction","name":"Comment","target":["https:\/\/kibrisdakik.com\/?p=42331#respond"]}]},{"@type":"WebPage","@id":"https:\/\/kibrisdakik.com\/?p=42331","url":"https:\/\/kibrisdakik.com\/?p=42331","name":"Bakan Atao\u011flu, 19 May\u0131s etkinliklerine kat\u0131ld\u0131 -","isPartOf":{"@id":"https:\/\/kibrisdakik.com\/#website"},"primaryImageOfPage":{"@id":"https:\/\/kibrisdakik.com\/?p=42331#primaryimage"},"image":{"@id":"https:\/\/kibrisdakik.com\/?p=42331#primaryimage"},"thumbnailUrl":"https:\/\/kibrisdakik.com\/wp-content\/uploads\/2024\/05\/bakan-ataoglu-19-mayis-etkinliklerine-katildi-1716102475.webp.webp","datePublished":"2024-05-19T08:01:51+00:00","author":{"@id":"https:\/\/kibrisdakik.com\/#\/schema\/person\/9cd9d437bbb44f72b73ba127e06d8e79"},"breadcrumb":{"@id":"https:\/\/kibrisdakik.com\/?p=42331#breadcrumb"},"inLanguage":"tr","potentialAction":[{"@type":"ReadAction","target":["https:\/\/kibrisdakik.com\/?p=42331"]}]},{"@type":"ImageObject","inLanguage":"tr","@id":"https:\/\/kibrisdakik.com\/?p=42331#primaryimage","url":"https:\/\/kibrisdakik.com\/wp-content\/uploads\/2024\/05\/bakan-ataoglu-19-mayis-etkinliklerine-katildi-1716102475.webp.webp","contentUrl":"https:\/\/kibrisdakik.com\/wp-content\/uploads\/2024\/05\/bakan-ataoglu-19-mayis-etkinliklerine-katildi-1716102475.webp.webp","width":710,"height":370},{"@type":"BreadcrumbList","@id":"https:\/\/kibrisdakik.com\/?p=42331#breadcrumb","itemListElement":[{"@type":"ListItem","position":1,"name":"Home","item":"https:\/\/kibrisdakik.com\/"},{"@type":"ListItem","position":2,"name":"Bakan Atao\u011flu, 19 May\u0131s etkinliklerine kat\u0131ld\u0131"}]},{"@type":"WebSite","@id":"https:\/\/kibrisdakik.com\/#website","url":"https:\/\/kibrisdakik.com\/","name":"","description":"Tam vaktinde haber","potentialAction":[{"@type":"SearchAction","target":{"@type":"EntryPoint","urlTemplate":"https:\/\/kibrisdakik.com\/?s={search_term_string}"},"query-input":{"@type":"PropertyValueSpecification","valueRequired":true,"valueName":"search_term_string"}}],"inLanguage":"tr"},{"@type":"Person","@id":"https:\/\/kibrisdakik.com\/#\/schema\/person\/9cd9d437bbb44f72b73ba127e06d8e79","name":"admin","image":{"@type":"ImageObject","inLanguage":"tr","@id":"https:\/\/secure.gravatar.com\/avatar\/ccc17943b9d660506c869530f897617f7cb1c21a4bf30023f252596d83e1f007?s=96&d=mm&r=g","url":"https:\/\/secure.gravatar.com\/avatar\/ccc17943b9d660506c869530f897617f7cb1c21a4bf30023f252596d83e1f007?s=96&d=mm&r=g","contentUrl":"https:\/\/secure.gravatar.com\/avatar\/ccc17943b9d660506c869530f897617f7cb1c21a4bf30023f252596d83e1f007?s=96&d=mm&r=g","caption":"admin"},"sameAs":["https:\/\/kibrisdakik.com"],"url":"https:\/\/kibrisdakik.com\/?author=1"}]}},"_links":{"self":[{"href":"https:\/\/kibrisdakik.com\/index.php?rest_route=\/wp\/v2\/posts\/42331","targetHints":{"allow":["GET"]}}],"collection":[{"href":"https:\/\/kibrisdakik.com\/index.php?rest_route=\/wp\/v2\/posts"}],"about":[{"href":"https:\/\/kibrisdakik.com\/index.php?rest_route=\/wp\/v2\/types\/post"}],"author":[{"embeddable":true,"href":"https:\/\/kibrisdakik.com\/index.php?rest_route=\/wp\/v2\/users\/1"}],"replies":[{"embeddable":true,"href":"https:\/\/kibrisdakik.com\/index.php?rest_route=%2Fwp%2Fv2%2Fcomments&post=42331"}],"version-history":[{"count":0,"href":"https:\/\/kibrisdakik.com\/index.php?rest_route=\/wp\/v2\/posts\/42331\/revisions"}],"wp:featuredmedia":[{"embeddable":true,"href":"https:\/\/kibrisdakik.com\/index.php?rest_route=\/wp\/v2\/media\/42332"}],"wp:attachment":[{"href":"https:\/\/kibrisdakik.com\/index.php?rest_route=%2Fwp%2Fv2%2Fmedia&parent=42331"}],"wp:term":[{"taxonomy":"category","embeddable":true,"href":"https:\/\/kibrisdakik.com\/index.php?rest_route=%2Fwp%2Fv2%2Fcategories&post=42331"},{"taxonomy":"post_tag","embeddable":true,"href":"https:\/\/kibrisdakik.com\/index.php?rest_route=%2Fwp%2Fv2%2Ftags&post=42331"}],"curies":[{"name":"wp","href":"https:\/\/api.w.org\/{rel}","templated":true}]}}