{"id":42333,"date":"2024-05-19T08:05:51","date_gmt":"2024-05-19T08:05:51","guid":{"rendered":"https:\/\/kibrisdakik.com\/index.php\/2024\/05\/19\/kktcden-guney-kibrisa-yapilan-satislar-yuzde-5-artti\/"},"modified":"2024-05-19T08:05:51","modified_gmt":"2024-05-19T08:05:51","slug":"kktcden-guney-kibrisa-yapilan-satislar-yuzde-5-artti","status":"publish","type":"post","link":"https:\/\/kibrisdakik.com\/?p=42333","title":{"rendered":"KKTC\u2019den G\u00fcney K\u0131br\u0131s\u2019a yap\u0131lan sat\u0131\u015flar y\u00fczde 5 artt\u0131"},"content":{"rendered":"<p><img decoding=\"async\" src=\"https:\/\/www.kibristurk.com\/images\/haberler\/2024\/05\/kktcden-guney-kibrisa-yapilan-satislar-yuzde-5-artti-1716026798.webp\" \/><\/p>\n<p>Ye\u015fil Hat T\u00fcz\u00fc\u011f\u00fc kapsam\u0131nda 2023 y\u0131l\u0131nda KKTC\u2019den G\u00fcney K\u0131br\u0131s\u2019a yap\u0131lan sat\u0131\u015flar 15 milyon Euro\u2019yu a\u015ft\u0131.<\/p>\n<p>Ge\u00e7ti\u011fimiz y\u0131l bir \u00f6nceki y\u0131l olan 2022 y\u0131l\u0131na k\u0131yasla g\u00fcneye ihra\u00e7 edilen 13 \u00fcr\u00fcn grubunun sat\u0131\u015f\u0131 artarken; 5 \u00fcr\u00fcn grubunun sat\u0131\u015f\u0131 azald\u0131. Bir \u00f6nceki y\u0131la k\u0131yasla ge\u00e7ti\u011fimiz y\u0131l reklam panolar\u0131 ve dezenfektanlar da ihra\u00e7 edildi.<\/p>\n<p>Listenin ilk onunda yer alan; prefabrik konteyner, in\u015faat malzemeleri, ah\u015fap mobilya,&nbsp; plastik \u00fcr\u00fcnler, at\u0131k\/hurda \u00fcr\u00fcnler, taze bal\u0131k, \u015filte, ka\u011f\u0131t ve kartondan \u00fcr\u00fcnler, meyve ve sebze ve patatesin, toplam sat\u0131\u015f tutar\u0131 2023 y\u0131l\u0131nda 15 milyon 465 bin 641,53 Euro olarak ger\u00e7ekle\u015fti.<\/p>\n<p>K\u0131br\u0131s T\u00fcrk Ticaret Odas\u0131\u2019n\u0131n (KTTO) verilerine g\u00f6re, Ye\u015fil Hat T\u00fcz\u00fc\u011f\u00fc kapsam\u0131nda G\u00fcney K\u0131br\u0131s\u2019a yap\u0131lan sat\u0131\u015flar 2022 y\u0131l\u0131nda 14 milyon 765 bin 462,59 Euro olarak ger\u00e7ekle\u015fmi\u015fti.<\/p>\n<p>Buna g\u00f6re, ge\u00e7ti\u011fimiz y\u0131l yap\u0131lan sat\u0131\u015flar bir \u00f6nceki y\u0131la k\u0131yasla y\u00fczde 5 oran\u0131nda artt\u0131. Bir y\u0131l i\u00e7erisindeki de\u011fi\u015fim 700 bin 178,94 Euro olarak kay\u0131tlara ge\u00e7ti.<\/p>\n<p>&nbsp;<\/p>\n<p><strong>\u0130lk be\u015f kategori i\u00e7in 13 milyon Euro sat\u0131\u015f geliri var<\/strong><\/p>\n<p><strong>&nbsp;<\/strong><\/p>\n<p>Ge\u00e7ti\u011fimiz y\u0131l Ye\u015fil Hat T\u00fcz\u00fc\u011f\u00fc kapsam\u0131nda G\u00fcney K\u0131br\u0131s\u2019a sat\u0131\u015f\u0131 yap\u0131lan ilk 10 \u00fcr\u00fcn aras\u0131nda y\u00fczde 25\u2019lik paya sahip olan prefabrik konteyner i\u00e7in 3 milyon 790 bin 159,07 Euro sat\u0131\u015f geliri elde edildi.<\/p>\n<p>Sat\u0131\u015f yap\u0131lan ilk 10 \u00fcr\u00fcn aras\u0131nda y\u00fczde 24 oran\u0131nda pay\u0131 olan \u0130n\u015faat malzemeleri sat\u0131\u015f\u0131 3 milyon 674 bin 288,22 Euro oldu.<\/p>\n<p>Ah\u015fap mobilya 3 milyon 10 bin 209,87 Euro de\u011ferindeki sat\u0131\u015f ile 2023 y\u0131l\u0131nda en \u00e7ok sat\u0131\u015f\u0131 yap\u0131lan \u00fcr\u00fcnler aras\u0131nda y\u00fczde 19 oran\u0131nda paya sahip.<\/p>\n<p>G\u00fcney K\u0131br\u0131s\u2019a en \u00e7ok sat\u0131\u015f\u0131 yap\u0131lan \u00fcr\u00fcnler aras\u0131nda y\u00fczde 15\u2019lik oran\u0131 olan plastik \u00fcr\u00fcnler 2 milyon 243 bin 634,31 Euro sat\u0131\u015f tutar\u0131 ile ge\u00e7ti\u011fimiz y\u0131l en \u00e7ok sat\u0131\u015f\u0131 yap\u0131lan \u00fcr\u00fcnler aras\u0131nda 4. s\u0131rada yer ald\u0131.<\/p>\n<p>At\u0131k\/hurda \u00fcr\u00fcnlerin sat\u0131\u015f oranlar\u0131 ise ilk 10 listesinde y\u00fczde 5\u2019lik pay oran\u0131 ile 712 bin 624,94 Euro de\u011ferinde ger\u00e7ekle\u015fti.<\/p>\n<p>2023 y\u0131l\u0131nda en \u00e7ok sat\u0131\u015f\u0131 yap\u0131lan ilk 5 \u00fcr\u00fcn\u00fcn, en \u00e7ok sat\u0131\u015f\u0131 yap\u0131lan \u00fcr\u00fcnler aras\u0131nda pay\u0131 y\u00fczde 87 oran ile toplam 13 milyon 430 bin 916,41 Euro olarak ger\u00e7ekle\u015fti.<\/p>\n<p>&nbsp;<\/p>\n<p><strong>Bal\u0131k, sebze meyve ve patates de ilk 10\u2019da<\/strong><\/p>\n<p>&nbsp;<\/p>\n<p>KKTC\u2019den G\u00fcney K\u0131br\u0131s\u2019a Ye\u015fil Hat T\u00fcz\u00fc\u011f\u00fc kapsam\u0131nda 2023 y\u0131l\u0131nda yap\u0131lan sat\u0131\u015flarda 6. s\u0131rada yer alan taze bal\u0131k y\u00fczde 5\u2019lik pay oran\u0131 ile 788 bin 74,06 Euro oldu.<\/p>\n<p>Ye\u015fil Hat T\u00fcz\u00fc\u011f\u00fc kapsam\u0131nda G\u00fcney K\u0131br\u0131s\u2019a yap\u0131lan sat\u0131\u015flarda ilk 10 aras\u0131nda y\u00fczde 4 pay oran\u0131 ve 630 bin 818,44 Euro ile 7. s\u0131raya yerle\u015fen \u015filte sat\u0131\u015flar\u0131n\u0131, 198 bin 462,23 Euro sat\u0131\u015f ile ka\u011f\u0131t ve kartondan \u00fcr\u00fcnler takip etti.<\/p>\n<p>Meyve ve sebze sat\u0131\u015f\u0131 81 bin 509,75 Euro ile 9. s\u0131rada yer al\u0131rken, yine ayn\u0131 d\u00f6nemde Ye\u015fil Hat T\u00fcz\u00fc\u011f\u00fc kapsam\u0131nda g\u00fcneye 68 bin 341 Euro de\u011ferinde patates ihra\u00e7 edildi.<\/p>\n<p>Bu ba\u011flamda listedeki ilk 10 \u00fcr\u00fcn y\u00fczde 98\u2019lik paya sahip olurken, toplam sat\u0131\u015f tutar\u0131 15 milyon 198 bin 121,89 Euro olarak ger\u00e7ekle\u015fti.<\/p>\n<p>&nbsp;<\/p>\n<p><strong>Plastik sat\u0131\u015f\u0131nda art\u0131\u015f<\/strong><\/p>\n<p><strong>&nbsp;<\/strong><\/p>\n<p><strong>&nbsp;&nbsp;&nbsp;<\/strong>Ye\u015fil Hat T\u00fcz\u00fc\u011f\u00fc kapsam\u0131nda ge\u00e7ti\u011fimiz y\u0131l g\u00fcneye ihra\u00e7 edilen 13 \u00fcr\u00fcn grubunun sat\u0131\u015f tutar\u0131 bir \u00f6nceki y\u0131la g\u00f6re artt\u0131.<\/p>\n<p>2023 y\u0131l\u0131nda sat\u0131\u015f tutar\u0131 artan \u00fcr\u00fcnler; in\u015faat malzemeleri, plastik \u00fcr\u00fcnler, at\u0131k\/hurda \u00fcr\u00fcnler, \u015filte, ka\u011f\u0131t ve kartondan \u00fcr\u00fcnler, meyve ve sebze, patates, perde\/zebra perde\/i\u00e7 mekan stor, tekstil \u00fcr\u00fcnleri, minder\/yast\u0131k ve puf, sepet ve has\u0131r i\u015fi, i\u015flenmi\u015f g\u0131da, seramik hediyelik e\u015fya olarak kay\u0131tlara ge\u00e7ti.<\/p>\n<p>\u0130n\u015faat malzemeleri sat\u0131\u015flar\u0131 ge\u00e7ti\u011fimiz y\u0131l bir \u00f6nceki y\u0131la k\u0131yasla y\u00fczde 2,45 artarak 87 bin 837,94 Euro daha fazla ger\u00e7ekle\u015fti.<\/p>\n<p>Plastik \u00fcr\u00fcn sat\u0131\u015flar\u0131 y\u00fczde 25,99 y\u00fckselerek bir \u00f6nceki y\u0131la g\u00f6re 462 bin 895,77 Euro artt\u0131, at\u0131k\/hurda \u00fcr\u00fcnlerin sat\u0131\u015flar\u0131 y\u00fczde 31,36 oran\u0131nda y\u00fckseldi. Bir y\u0131l ara ile sat\u0131\u015flarda ya\u015fanan art\u0131\u015f\u0131n tutar olarak de\u011fi\u015fimi 170 bin 131,84 Euro oldu.<\/p>\n<p>G\u00fcneye ger\u00e7ekle\u015ftirilen \u015filte sat\u0131\u015flar\u0131 ise ge\u00e7ti\u011fimiz y\u0131l bir \u00f6nceki y\u0131la k\u0131yasla y\u00fczde 12,31 y\u00fckseldi. \u015eilte sat\u0131\u015flar\u0131 2023 y\u0131l\u0131nda 69 bin 125,52 Euro daha fazla ger\u00e7ekle\u015fti.<\/p>\n<p>Ka\u011f\u0131t ve kartondan \u00fcr\u00fcnlerin sat\u0131\u015flar\u0131nda bir \u00f6nceki y\u0131la oranla y\u00fczde 228,82\u2019lik bir de\u011fi\u015fim ya\u015fad\u0131. Bu de\u011fi\u015fimle birlikte ka\u011f\u0131t ve kartondan \u00fcr\u00fcnlerin sat\u0131\u015f tutar\u0131 bir \u00f6nceki y\u0131la k\u0131yasla ge\u00e7ti\u011fimiz y\u0131l 138 bin 107,23 Euro artt\u0131.<\/p>\n<p>Y\u00fczde 3375,90 oran\u0131ndaki art\u0131\u015f ile meyve ve sebze sat\u0131\u015flar\u0131ndaki de\u011fi\u015fim ge\u00e7ti\u011fimiz y\u0131l 79 bin 164,75 Euro daha fazla ger\u00e7ekle\u015fti.<\/p>\n<p>G\u00fcneye ihra\u00e7 edilen ve en \u00e7ok sat\u0131\u015f\u0131 yap\u0131lan \u00fcr\u00fcnler aras\u0131nda 10. s\u0131rada yer alan patatesin, bir \u00f6nceki y\u0131la k\u0131yasla 2023 y\u0131l\u0131ndaki sat\u0131\u015flar\u0131 48 bin 157 Euro daha fazla ger\u00e7ekle\u015fti. Bu fark\u0131n de\u011fi\u015fimi y\u00fczde 238,59 oran\u0131nda ya\u015fand\u0131.<\/p>\n<p>Perde\/zebra perde\/i\u00e7 mekan stor sat\u0131\u015flar\u0131 ile 11. S\u0131rada yer alan \u00fcr\u00fcn grubundaki de\u011fi\u015fim bir \u00f6nceki y\u0131la g\u00f6re y\u00fczde 22 artarak bir y\u0131lda 66 bin 626 Euro sat\u0131\u015f geliri elde edildi.<\/p>\n<p>Tekstil \u00fcr\u00fcnlerinin sat\u0131\u015f\u0131nda bir \u00f6nceki y\u0131la k\u0131yasla ge\u00e7ti\u011fimiz y\u0131l y\u00fczde 124,84\u2019l\u00fck art\u0131\u015f ya\u015fand\u0131. Bu art\u0131\u015f ile birlikte ge\u00e7ti\u011fimiz y\u0131l tekstil \u00fcr\u00fcnlerinden elde edilen sat\u0131\u015f tutar\u0131 25 bin 592,29 Euro oldu.<\/p>\n<p>Minder\/yast\u0131k ve puf ihracat\u0131nda bir \u00f6nceki y\u0131la g\u00f6re 2023 y\u0131l\u0131nda sat\u0131\u015flar y\u00fczde 21,31 oran\u0131nda artarak<\/p>\n<p>38 bin 93,32 Euro olarak ger\u00e7ekle\u015fti.<\/p>\n<p>Sepet ve has\u0131r i\u015fi sat\u0131\u015flar\u0131 bir y\u0131lda y\u00fczde 25,62 artt\u0131. 4 bin 958 Euro artan sat\u0131\u015f geliri ile birlikte toplam elde edilen sat\u0131\u015f miktar\u0131 24 bin 311 Euro oldu.<\/p>\n<p>&nbsp;<\/p>\n<p><strong>\u0130\u015flenmi\u015f g\u0131dada patlama<\/strong><\/p>\n<p><strong>&nbsp;<\/strong><\/p>\n<p>En y\u00fcksek de\u011fi\u015fimin ya\u015fand\u0131\u011f\u0131 \u00fcr\u00fcn grubu ise y\u00fczde 1186,89 ile i\u015flenmi\u015f g\u0131da oldu. 2022 y\u0131l\u0131nda bin 4,56 Euro sat\u0131\u015f geliri elde edilirken; ge\u00e7ti\u011fimiz y\u0131l 11 bin 923 Euro daha fazla sat\u0131\u015f yap\u0131ld\u0131, toplam tutar 12 bin 927,60 Euro oldu.<\/p>\n<p>Seramik hediyelik e\u015fya sat\u0131\u015f\u0131nda da ge\u00e7ti\u011fimiz y\u0131l y\u00fczde 108,69 art\u0131\u015f ya\u015fand\u0131. Bu de\u011fi\u015fimle birlikte toplam sat\u0131\u015f tutar\u0131 12 bin 388 Euro olarak kay\u0131tlara ge\u00e7ti.<\/p>\n<p>&nbsp;<\/p>\n<p><strong>Sat\u0131\u015f\u0131 azalan \u00fcr\u00fcnler<\/strong><\/p>\n<p><strong>&nbsp;<\/strong><\/p>\n<p><strong>&nbsp;&nbsp;&nbsp;<\/strong>KKTC\u2019den Ye\u015fil Hat T\u00fcz\u00fc\u011f\u00fc kapsam\u0131nda G\u00fcney K\u0131br\u0131s\u2019a yap\u0131lan sat\u0131\u015flarda ge\u00e7ti\u011fimiz y\u0131l bir \u00f6nceki y\u0131la k\u0131yasla; prefabrik konteyner, ah\u015fap mobilya, taze bal\u0131k, paslanmaz \u00e7elik end\u00fcstriyel mutfak tezgah\u0131 ve aletleri, otel terli\u011fi olmak \u00fczere 5 \u00fcr\u00fcn grubunun sat\u0131\u015f\u0131 azald\u0131.<\/p>\n<p>Buna g\u00f6re prefabrik konteyner sat\u0131\u015flar\u0131 ge\u00e7ti\u011fimiz y\u0131l 2022 y\u0131l\u0131na k\u0131yasla y\u00fczde 1,89 oran\u0131nda geriledi, bu gerilemenin tutar olarak de\u011fi\u015fimi 73 bin 23,08 Euro olarak kay\u0131tlara ge\u00e7ti.<\/p>\n<p>Ah\u015fap mobilya sat\u0131\u015flar\u0131 ise ge\u00e7ti\u011fimiz y\u0131l bir \u00f6nceki y\u0131la k\u0131yasla y\u00fczde 2,44 de\u011fi\u015fimle 75 bin 170,11 Euro azald\u0131.<\/p>\n<p>Taze bal\u0131k sat\u0131\u015flar\u0131 bir \u00f6nceki y\u0131la k\u0131yasla y\u00fczde 3,38 geriledi. Bu gerilemenin tutar olarak de\u011fi\u015fimi ise 27 bin 554,39 Euro oldu.<\/p>\n<p>Paslanmaz \u00e7elik end\u00fcstriyel mutfak tezgah\u0131 ve aletlerinde g\u00fcneye yap\u0131lan sat\u0131\u015flar bir \u00f6nceki y\u0131la g\u00f6re y\u00fczde 3,51 oran\u0131nda azalarak bin 513,32 Euro daha az ger\u00e7ekle\u015fti.<\/p>\n<p>Otel terli\u011fi sat\u0131\u015flar\u0131 ise y\u00fczde 19,28\u2019lik gerileme ile sat\u0131\u015f\u0131 azalan \u00fcr\u00fcnler aras\u0131nda en fazla gerileyen \u00fcr\u00fcn grubu oldu. Bu gerilemenin tutar olarak yans\u0131mas\u0131 ise 6 bin 992 Euro olarak kay\u0131tlara ge\u00e7ti.<\/p>\n<p><strong>&nbsp;<\/strong><\/p>\n<p><strong>Bir y\u0131l arayla yeniden ihra\u00e7 edilen \u00fcr\u00fcnler<\/strong><\/p>\n<p><strong>&nbsp;<\/strong><\/p>\n<p>G\u00fcney K\u0131br\u0131s\u2019a sat\u0131\u015f\u0131 ger\u00e7ekle\u015ftirilen \u00fcr\u00fcnler aras\u0131na bir \u00f6nceki y\u0131la k\u0131yasla ge\u00e7ti\u011fimiz y\u0131l reklam panolar\u0131 ve dezenfektanlar olmak \u00fczere iki yeni \u00fcr\u00fcn grubu daha girdi.<\/p>\n<p>Ge\u00e7ti\u011fimiz y\u0131l g\u00fcneye ihra\u00e7 edilen reklam panolar\u0131n\u0131n sat\u0131\u015f tutar\u0131 12 bin 390 Euro olarak ger\u00e7ekle\u015firken, dezenfektan sat\u0131\u015flar\u0131 2 bin 613,52 Euro de\u011ferinde ger\u00e7ekle\u015fti.<\/p>\n","protected":false},"excerpt":{"rendered":"<p>Ye\u015fil Hat T\u00fcz\u00fc\u011f\u00fc kapsam\u0131nda 2023 y\u0131l\u0131nda KKTC\u2019den G\u00fcney K\u0131br\u0131s\u2019a yap\u0131lan sat\u0131\u015flar 15 milyon Euro\u2019yu a\u015ft\u0131. Ge\u00e7ti\u011fimiz y\u0131l bir \u00f6nceki y\u0131l olan 2022 y\u0131l\u0131na k\u0131yasla g\u00fcneye ihra\u00e7 edilen 13 \u00fcr\u00fcn grubunun sat\u0131\u015f\u0131 artarken; 5 \u00fcr\u00fcn grubunun sat\u0131\u015f\u0131 azald\u0131. Bir \u00f6nceki y\u0131la k\u0131yasla ge\u00e7ti\u011fimiz y\u0131l reklam panolar\u0131 ve dezenfektanlar da ihra\u00e7 edildi. Listenin ilk onunda yer alan;<\/p>\n","protected":false},"author":1,"featured_media":42334,"comment_status":"open","ping_status":"open","sticky":false,"template":"","format":"standard","meta":{"footnotes":""},"categories":[79],"tags":[],"class_list":["post-42333","post","type-post","status-publish","format-standard","has-post-thumbnail","hentry","category-ekonomi"],"yoast_head":"<!-- This site is optimized with the Yoast SEO plugin v27.5 - https:\/\/yoast.com\/product\/yoast-seo-wordpress\/ -->\n<title>KKTC\u2019den G\u00fcney K\u0131br\u0131s\u2019a yap\u0131lan sat\u0131\u015flar y\u00fczde 5 artt\u0131 -<\/title>\n<meta name=\"robots\" content=\"index, follow, max-snippet:-1, max-image-preview:large, max-video-preview:-1\" \/>\n<link rel=\"canonical\" href=\"https:\/\/kibrisdakik.com\/?p=42333\" \/>\n<meta property=\"og:locale\" content=\"tr_TR\" \/>\n<meta property=\"og:type\" content=\"article\" \/>\n<meta property=\"og:title\" content=\"KKTC\u2019den G\u00fcney K\u0131br\u0131s\u2019a yap\u0131lan sat\u0131\u015flar y\u00fczde 5 artt\u0131 -\" \/>\n<meta property=\"og:description\" content=\"Ye\u015fil Hat T\u00fcz\u00fc\u011f\u00fc kapsam\u0131nda 2023 y\u0131l\u0131nda KKTC\u2019den G\u00fcney K\u0131br\u0131s\u2019a yap\u0131lan sat\u0131\u015flar 15 milyon Euro\u2019yu a\u015ft\u0131. Ge\u00e7ti\u011fimiz y\u0131l bir \u00f6nceki y\u0131l olan 2022 y\u0131l\u0131na k\u0131yasla g\u00fcneye ihra\u00e7 edilen 13 \u00fcr\u00fcn grubunun sat\u0131\u015f\u0131 artarken; 5 \u00fcr\u00fcn grubunun sat\u0131\u015f\u0131 azald\u0131. Bir \u00f6nceki y\u0131la k\u0131yasla ge\u00e7ti\u011fimiz y\u0131l reklam panolar\u0131 ve dezenfektanlar da ihra\u00e7 edildi. Listenin ilk onunda yer alan;\" \/>\n<meta property=\"og:url\" content=\"https:\/\/kibrisdakik.com\/?p=42333\" \/>\n<meta property=\"article:published_time\" content=\"2024-05-19T08:05:51+00:00\" \/>\n<meta property=\"og:image\" content=\"https:\/\/kibrisdakik.com\/wp-content\/uploads\/2024\/05\/kktcden-guney-kibrisa-yapilan-satislar-yuzde-5-artti-1716026798.webp.webp\" \/>\n\t<meta property=\"og:image:width\" content=\"710\" \/>\n\t<meta property=\"og:image:height\" content=\"370\" \/>\n\t<meta property=\"og:image:type\" content=\"image\/webp\" \/>\n<meta name=\"author\" content=\"admin\" \/>\n<meta name=\"twitter:card\" content=\"summary_large_image\" \/>\n<meta name=\"twitter:label1\" content=\"Yazan:\" \/>\n\t<meta name=\"twitter:data1\" content=\"admin\" \/>\n\t<meta name=\"twitter:label2\" content=\"Tahmini okuma s\u00fcresi\" \/>\n\t<meta name=\"twitter:data2\" content=\"7 dakika\" \/>\n<script type=\"application\/ld+json\" class=\"yoast-schema-graph\">{\"@context\":\"https:\\\/\\\/schema.org\",\"@graph\":[{\"@type\":\"Article\",\"@id\":\"https:\\\/\\\/kibrisdakik.com\\\/?p=42333#article\",\"isPartOf\":{\"@id\":\"https:\\\/\\\/kibrisdakik.com\\\/?p=42333\"},\"author\":{\"name\":\"admin\",\"@id\":\"https:\\\/\\\/kibrisdakik.com\\\/#\\\/schema\\\/person\\\/9cd9d437bbb44f72b73ba127e06d8e79\"},\"headline\":\"KKTC\u2019den G\u00fcney K\u0131br\u0131s\u2019a yap\u0131lan sat\u0131\u015flar y\u00fczde 5 artt\u0131\",\"datePublished\":\"2024-05-19T08:05:51+00:00\",\"mainEntityOfPage\":{\"@id\":\"https:\\\/\\\/kibrisdakik.com\\\/?p=42333\"},\"wordCount\":1440,\"commentCount\":0,\"image\":{\"@id\":\"https:\\\/\\\/kibrisdakik.com\\\/?p=42333#primaryimage\"},\"thumbnailUrl\":\"https:\\\/\\\/kibrisdakik.com\\\/wp-content\\\/uploads\\\/2024\\\/05\\\/kktcden-guney-kibrisa-yapilan-satislar-yuzde-5-artti-1716026798.webp.webp\",\"articleSection\":[\"Ekonomi\"],\"inLanguage\":\"tr\",\"potentialAction\":[{\"@type\":\"CommentAction\",\"name\":\"Comment\",\"target\":[\"https:\\\/\\\/kibrisdakik.com\\\/?p=42333#respond\"]}]},{\"@type\":\"WebPage\",\"@id\":\"https:\\\/\\\/kibrisdakik.com\\\/?p=42333\",\"url\":\"https:\\\/\\\/kibrisdakik.com\\\/?p=42333\",\"name\":\"KKTC\u2019den G\u00fcney K\u0131br\u0131s\u2019a yap\u0131lan sat\u0131\u015flar y\u00fczde 5 artt\u0131 -\",\"isPartOf\":{\"@id\":\"https:\\\/\\\/kibrisdakik.com\\\/#website\"},\"primaryImageOfPage\":{\"@id\":\"https:\\\/\\\/kibrisdakik.com\\\/?p=42333#primaryimage\"},\"image\":{\"@id\":\"https:\\\/\\\/kibrisdakik.com\\\/?p=42333#primaryimage\"},\"thumbnailUrl\":\"https:\\\/\\\/kibrisdakik.com\\\/wp-content\\\/uploads\\\/2024\\\/05\\\/kktcden-guney-kibrisa-yapilan-satislar-yuzde-5-artti-1716026798.webp.webp\",\"datePublished\":\"2024-05-19T08:05:51+00:00\",\"author\":{\"@id\":\"https:\\\/\\\/kibrisdakik.com\\\/#\\\/schema\\\/person\\\/9cd9d437bbb44f72b73ba127e06d8e79\"},\"breadcrumb\":{\"@id\":\"https:\\\/\\\/kibrisdakik.com\\\/?p=42333#breadcrumb\"},\"inLanguage\":\"tr\",\"potentialAction\":[{\"@type\":\"ReadAction\",\"target\":[\"https:\\\/\\\/kibrisdakik.com\\\/?p=42333\"]}]},{\"@type\":\"ImageObject\",\"inLanguage\":\"tr\",\"@id\":\"https:\\\/\\\/kibrisdakik.com\\\/?p=42333#primaryimage\",\"url\":\"https:\\\/\\\/kibrisdakik.com\\\/wp-content\\\/uploads\\\/2024\\\/05\\\/kktcden-guney-kibrisa-yapilan-satislar-yuzde-5-artti-1716026798.webp.webp\",\"contentUrl\":\"https:\\\/\\\/kibrisdakik.com\\\/wp-content\\\/uploads\\\/2024\\\/05\\\/kktcden-guney-kibrisa-yapilan-satislar-yuzde-5-artti-1716026798.webp.webp\",\"width\":710,\"height\":370},{\"@type\":\"BreadcrumbList\",\"@id\":\"https:\\\/\\\/kibrisdakik.com\\\/?p=42333#breadcrumb\",\"itemListElement\":[{\"@type\":\"ListItem\",\"position\":1,\"name\":\"Home\",\"item\":\"https:\\\/\\\/kibrisdakik.com\\\/\"},{\"@type\":\"ListItem\",\"position\":2,\"name\":\"KKTC\u2019den G\u00fcney K\u0131br\u0131s\u2019a yap\u0131lan sat\u0131\u015flar y\u00fczde 5 artt\u0131\"}]},{\"@type\":\"WebSite\",\"@id\":\"https:\\\/\\\/kibrisdakik.com\\\/#website\",\"url\":\"https:\\\/\\\/kibrisdakik.com\\\/\",\"name\":\"\",\"description\":\"Tam vaktinde haber\",\"potentialAction\":[{\"@type\":\"SearchAction\",\"target\":{\"@type\":\"EntryPoint\",\"urlTemplate\":\"https:\\\/\\\/kibrisdakik.com\\\/?s={search_term_string}\"},\"query-input\":{\"@type\":\"PropertyValueSpecification\",\"valueRequired\":true,\"valueName\":\"search_term_string\"}}],\"inLanguage\":\"tr\"},{\"@type\":\"Person\",\"@id\":\"https:\\\/\\\/kibrisdakik.com\\\/#\\\/schema\\\/person\\\/9cd9d437bbb44f72b73ba127e06d8e79\",\"name\":\"admin\",\"image\":{\"@type\":\"ImageObject\",\"inLanguage\":\"tr\",\"@id\":\"https:\\\/\\\/secure.gravatar.com\\\/avatar\\\/ccc17943b9d660506c869530f897617f7cb1c21a4bf30023f252596d83e1f007?s=96&d=mm&r=g\",\"url\":\"https:\\\/\\\/secure.gravatar.com\\\/avatar\\\/ccc17943b9d660506c869530f897617f7cb1c21a4bf30023f252596d83e1f007?s=96&d=mm&r=g\",\"contentUrl\":\"https:\\\/\\\/secure.gravatar.com\\\/avatar\\\/ccc17943b9d660506c869530f897617f7cb1c21a4bf30023f252596d83e1f007?s=96&d=mm&r=g\",\"caption\":\"admin\"},\"sameAs\":[\"https:\\\/\\\/kibrisdakik.com\"],\"url\":\"https:\\\/\\\/kibrisdakik.com\\\/?author=1\"}]}<\/script>\n<!-- \/ Yoast SEO plugin. -->","yoast_head_json":{"title":"KKTC\u2019den G\u00fcney K\u0131br\u0131s\u2019a yap\u0131lan sat\u0131\u015flar y\u00fczde 5 artt\u0131 -","robots":{"index":"index","follow":"follow","max-snippet":"max-snippet:-1","max-image-preview":"max-image-preview:large","max-video-preview":"max-video-preview:-1"},"canonical":"https:\/\/kibrisdakik.com\/?p=42333","og_locale":"tr_TR","og_type":"article","og_title":"KKTC\u2019den G\u00fcney K\u0131br\u0131s\u2019a yap\u0131lan sat\u0131\u015flar y\u00fczde 5 artt\u0131 -","og_description":"Ye\u015fil Hat T\u00fcz\u00fc\u011f\u00fc kapsam\u0131nda 2023 y\u0131l\u0131nda KKTC\u2019den G\u00fcney K\u0131br\u0131s\u2019a yap\u0131lan sat\u0131\u015flar 15 milyon Euro\u2019yu a\u015ft\u0131. Ge\u00e7ti\u011fimiz y\u0131l bir \u00f6nceki y\u0131l olan 2022 y\u0131l\u0131na k\u0131yasla g\u00fcneye ihra\u00e7 edilen 13 \u00fcr\u00fcn grubunun sat\u0131\u015f\u0131 artarken; 5 \u00fcr\u00fcn grubunun sat\u0131\u015f\u0131 azald\u0131. Bir \u00f6nceki y\u0131la k\u0131yasla ge\u00e7ti\u011fimiz y\u0131l reklam panolar\u0131 ve dezenfektanlar da ihra\u00e7 edildi. Listenin ilk onunda yer alan;","og_url":"https:\/\/kibrisdakik.com\/?p=42333","article_published_time":"2024-05-19T08:05:51+00:00","og_image":[{"width":710,"height":370,"url":"https:\/\/kibrisdakik.com\/wp-content\/uploads\/2024\/05\/kktcden-guney-kibrisa-yapilan-satislar-yuzde-5-artti-1716026798.webp.webp","type":"image\/webp"}],"author":"admin","twitter_card":"summary_large_image","twitter_misc":{"Yazan:":"admin","Tahmini okuma s\u00fcresi":"7 dakika"},"schema":{"@context":"https:\/\/schema.org","@graph":[{"@type":"Article","@id":"https:\/\/kibrisdakik.com\/?p=42333#article","isPartOf":{"@id":"https:\/\/kibrisdakik.com\/?p=42333"},"author":{"name":"admin","@id":"https:\/\/kibrisdakik.com\/#\/schema\/person\/9cd9d437bbb44f72b73ba127e06d8e79"},"headline":"KKTC\u2019den G\u00fcney K\u0131br\u0131s\u2019a yap\u0131lan sat\u0131\u015flar y\u00fczde 5 artt\u0131","datePublished":"2024-05-19T08:05:51+00:00","mainEntityOfPage":{"@id":"https:\/\/kibrisdakik.com\/?p=42333"},"wordCount":1440,"commentCount":0,"image":{"@id":"https:\/\/kibrisdakik.com\/?p=42333#primaryimage"},"thumbnailUrl":"https:\/\/kibrisdakik.com\/wp-content\/uploads\/2024\/05\/kktcden-guney-kibrisa-yapilan-satislar-yuzde-5-artti-1716026798.webp.webp","articleSection":["Ekonomi"],"inLanguage":"tr","potentialAction":[{"@type":"CommentAction","name":"Comment","target":["https:\/\/kibrisdakik.com\/?p=42333#respond"]}]},{"@type":"WebPage","@id":"https:\/\/kibrisdakik.com\/?p=42333","url":"https:\/\/kibrisdakik.com\/?p=42333","name":"KKTC\u2019den G\u00fcney K\u0131br\u0131s\u2019a yap\u0131lan sat\u0131\u015flar y\u00fczde 5 artt\u0131 -","isPartOf":{"@id":"https:\/\/kibrisdakik.com\/#website"},"primaryImageOfPage":{"@id":"https:\/\/kibrisdakik.com\/?p=42333#primaryimage"},"image":{"@id":"https:\/\/kibrisdakik.com\/?p=42333#primaryimage"},"thumbnailUrl":"https:\/\/kibrisdakik.com\/wp-content\/uploads\/2024\/05\/kktcden-guney-kibrisa-yapilan-satislar-yuzde-5-artti-1716026798.webp.webp","datePublished":"2024-05-19T08:05:51+00:00","author":{"@id":"https:\/\/kibrisdakik.com\/#\/schema\/person\/9cd9d437bbb44f72b73ba127e06d8e79"},"breadcrumb":{"@id":"https:\/\/kibrisdakik.com\/?p=42333#breadcrumb"},"inLanguage":"tr","potentialAction":[{"@type":"ReadAction","target":["https:\/\/kibrisdakik.com\/?p=42333"]}]},{"@type":"ImageObject","inLanguage":"tr","@id":"https:\/\/kibrisdakik.com\/?p=42333#primaryimage","url":"https:\/\/kibrisdakik.com\/wp-content\/uploads\/2024\/05\/kktcden-guney-kibrisa-yapilan-satislar-yuzde-5-artti-1716026798.webp.webp","contentUrl":"https:\/\/kibrisdakik.com\/wp-content\/uploads\/2024\/05\/kktcden-guney-kibrisa-yapilan-satislar-yuzde-5-artti-1716026798.webp.webp","width":710,"height":370},{"@type":"BreadcrumbList","@id":"https:\/\/kibrisdakik.com\/?p=42333#breadcrumb","itemListElement":[{"@type":"ListItem","position":1,"name":"Home","item":"https:\/\/kibrisdakik.com\/"},{"@type":"ListItem","position":2,"name":"KKTC\u2019den G\u00fcney K\u0131br\u0131s\u2019a yap\u0131lan sat\u0131\u015flar y\u00fczde 5 artt\u0131"}]},{"@type":"WebSite","@id":"https:\/\/kibrisdakik.com\/#website","url":"https:\/\/kibrisdakik.com\/","name":"","description":"Tam vaktinde haber","potentialAction":[{"@type":"SearchAction","target":{"@type":"EntryPoint","urlTemplate":"https:\/\/kibrisdakik.com\/?s={search_term_string}"},"query-input":{"@type":"PropertyValueSpecification","valueRequired":true,"valueName":"search_term_string"}}],"inLanguage":"tr"},{"@type":"Person","@id":"https:\/\/kibrisdakik.com\/#\/schema\/person\/9cd9d437bbb44f72b73ba127e06d8e79","name":"admin","image":{"@type":"ImageObject","inLanguage":"tr","@id":"https:\/\/secure.gravatar.com\/avatar\/ccc17943b9d660506c869530f897617f7cb1c21a4bf30023f252596d83e1f007?s=96&d=mm&r=g","url":"https:\/\/secure.gravatar.com\/avatar\/ccc17943b9d660506c869530f897617f7cb1c21a4bf30023f252596d83e1f007?s=96&d=mm&r=g","contentUrl":"https:\/\/secure.gravatar.com\/avatar\/ccc17943b9d660506c869530f897617f7cb1c21a4bf30023f252596d83e1f007?s=96&d=mm&r=g","caption":"admin"},"sameAs":["https:\/\/kibrisdakik.com"],"url":"https:\/\/kibrisdakik.com\/?author=1"}]}},"_links":{"self":[{"href":"https:\/\/kibrisdakik.com\/index.php?rest_route=\/wp\/v2\/posts\/42333","targetHints":{"allow":["GET"]}}],"collection":[{"href":"https:\/\/kibrisdakik.com\/index.php?rest_route=\/wp\/v2\/posts"}],"about":[{"href":"https:\/\/kibrisdakik.com\/index.php?rest_route=\/wp\/v2\/types\/post"}],"author":[{"embeddable":true,"href":"https:\/\/kibrisdakik.com\/index.php?rest_route=\/wp\/v2\/users\/1"}],"replies":[{"embeddable":true,"href":"https:\/\/kibrisdakik.com\/index.php?rest_route=%2Fwp%2Fv2%2Fcomments&post=42333"}],"version-history":[{"count":0,"href":"https:\/\/kibrisdakik.com\/index.php?rest_route=\/wp\/v2\/posts\/42333\/revisions"}],"wp:featuredmedia":[{"embeddable":true,"href":"https:\/\/kibrisdakik.com\/index.php?rest_route=\/wp\/v2\/media\/42334"}],"wp:attachment":[{"href":"https:\/\/kibrisdakik.com\/index.php?rest_route=%2Fwp%2Fv2%2Fmedia&parent=42333"}],"wp:term":[{"taxonomy":"category","embeddable":true,"href":"https:\/\/kibrisdakik.com\/index.php?rest_route=%2Fwp%2Fv2%2Fcategories&post=42333"},{"taxonomy":"post_tag","embeddable":true,"href":"https:\/\/kibrisdakik.com\/index.php?rest_route=%2Fwp%2Fv2%2Ftags&post=42333"}],"curies":[{"name":"wp","href":"https:\/\/api.w.org\/{rel}","templated":true}]}}