{"id":42343,"date":"2024-05-19T09:15:50","date_gmt":"2024-05-19T09:15:50","guid":{"rendered":"https:\/\/kibrisdakik.com\/index.php\/2024\/05\/19\/ozcinar-19-mayis-ataturku-anma-genclik-ve-spor-bayrami-torenine-katildi\/"},"modified":"2024-05-19T09:15:50","modified_gmt":"2024-05-19T09:15:50","slug":"ozcinar-19-mayis-ataturku-anma-genclik-ve-spor-bayrami-torenine-katildi","status":"publish","type":"post","link":"https:\/\/kibrisdakik.com\/?p=42343","title":{"rendered":"\u00d6z\u00e7\u0131nar 19 May\u0131s Atat\u00fcrk\u2019\u00fc Anma Gen\u00e7lik ve Spor Bayram\u0131 t\u00f6renine kat\u0131ld\u0131"},"content":{"rendered":"<p><\/p>\n<div>\n<div class=\"mariselle-image-container center\">\n                <img loading=\"lazy\" decoding=\"async\" width=\"2560\" height=\"1700\" class=\"lazy-image\" alt=\"\" sizes=\"auto, (max-width: 2560px) 100vw, 2560px\" src=\"https:\/\/brtk.net\/wp-content\/uploads\/2024\/05\/19\/guzelyurt-belediyesi-1-1-scaled.jpg?ver=f667c0b5ac0c54c569f43e03bc57410a\" srcset=\"https:\/\/brtk.net\/wp-content\/uploads\/2024\/05\/19\/guzelyurt-belediyesi-1-1-scaled.jpg?ver=f667c0b5ac0c54c569f43e03bc57410a 2560w, https:\/\/brtk.net\/wp-content\/uploads\/2024\/05\/19\/guzelyurt-belediyesi-1-1-300x199.jpg?ver=f667c0b5ac0c54c569f43e03bc57410a 300w, https:\/\/brtk.net\/wp-content\/uploads\/2024\/05\/19\/guzelyurt-belediyesi-1-1-1024x680.jpg?ver=9a00e5c06a8e8d88d95a6662129a05cc 1024w, https:\/\/brtk.net\/wp-content\/uploads\/2024\/05\/19\/guzelyurt-belediyesi-1-1-768x510.jpg?ver=05b169a89794efd80eb09fe9c63731c0 768w, https:\/\/brtk.net\/wp-content\/uploads\/2024\/05\/19\/guzelyurt-belediyesi-1-1-1536x1020.jpg?ver=f64d96bb75183777089458e7382d3faa 1536w, https:\/\/brtk.net\/wp-content\/uploads\/2024\/05\/19\/guzelyurt-belediyesi-1-1-2048x1360.jpg?ver=38e8b7f9ae227c83df9cd142a86360e1 2048w\"\/>                            <\/div>\n<p>G\u00fczelyurt Belediye Ba\u015fkan\u0131 Mahmut \u00d6z\u00e7\u0131nar bug\u00fcn saat 09.00\u2019da G\u00fczelyurt Atat\u00fcrk An\u0131t\u0131 \u00f6n\u00fcnde d\u00fczenlenen 19 May\u0131s Atat\u00fcrk\u2019\u00fc Anma Gen\u00e7lik ve Spor Bayram\u0131\u2019n\u0131n 105. y\u0131l kutlama t\u00f6renine kat\u0131ld\u0131. T\u00f6rene Belediye Meclis \u00dcyelerinden Cemal \u0130neci, Kemal Sayg\u0131l\u0131 ve Hasan Alt\u0131nmakas da yer ald\u0131.<\/p>\n<p>Protokol s\u0131ras\u0131na g\u00f6re an\u0131ta \u00e7elenklerin konulmas\u0131yla ba\u015flayan t\u00f6rende 1 dakikal\u0131k sayg\u0131 duru\u015funun ard\u0131ndan, \u0130stiklal Mar\u015f\u0131 e\u015fli\u011finde bayraklar g\u00f6ndere \u00e7ekildi. <\/p>\n<p>Kaymakaml\u0131k ad\u0131na G\u00fczelyurt Meslek Lisesi M\u00fcd\u00fcr Muavini \u015eeng\u00fcl Ak\u00e7ebel \u015eahin g\u00fcn\u00fcn anlam ve \u00f6nemini belirten bir konu\u015fma yaparak, Atat\u00fcrk\u2019\u00fcn Samsun\u2019a \u00e7\u0131k\u0131\u015f\u0131n\u0131n tarihsel s\u00fcrecini anlatt\u0131. 19 May\u0131s\u2019\u0131n Anadoluda g\u00f6n\u00fclden g\u00f6n\u00fcle dola\u015fmas\u0131n\u0131n bug\u00fcn 105. y\u0131l\u0131n\u0131n kutland\u0131\u011f\u0131n\u0131 belirten Ak\u00e7ebel,  Atat\u00fcrk\u2019\u00fcn Samsun\u2019a \u00e7\u0131k\u0131\u015f\u0131n\u0131n ba\u011f\u0131ms\u0131zl\u0131k ve \u00f6zg\u00fcrl\u00fck m\u00fccadelesinin ba\u015flang\u0131c\u0131 oldu\u011funu vurgulad\u0131. ,Atat\u00fcrk\u2019\u00fcn Cumhuriyeti ve onu sonsuza kadar koruma g\u00f6revini gen\u00e7lere emanet etti\u011fini an\u0131msatan \u015eeng\u00fcl Ak\u00e7ebel \u015eahin, gen\u00e7lerin bayram\u0131n\u0131 kutlad\u0131. <\/p>\n<p>T\u00f6ren, Meslek Lisesi \u00f6\u011frencilerinden Burhan Son\u0131\u015f\u0131k\u2019\u0131n \u201cMustafa Kemal\u2019i D\u00fc\u015f\u00fcn\u00fcyorum\u201d,  S\u00fcheyla K\u0131z\u0131ly\u00fcrek\u2019inde  \u201cBenim \u0130ki Bayra\u011f\u0131m Var \u201c adl\u0131 \u015fiiri okumas\u0131yla sona erdi.<\/p>\n<\/p><\/div>\n<p><script async\n                    defer\n                    crossorigin=\"anonymous\"\n                    src=\"https:\/\/connect.facebook.net\/tr_TR\/sdk.js#xfbml=1&#038;version=v3.3\"\n            ><\/script><\/p>\n","protected":false},"excerpt":{"rendered":"<p>G\u00fczelyurt Belediye Ba\u015fkan\u0131 Mahmut \u00d6z\u00e7\u0131nar bug\u00fcn saat 09.00\u2019da G\u00fczelyurt Atat\u00fcrk An\u0131t\u0131 \u00f6n\u00fcnde d\u00fczenlenen 19 May\u0131s Atat\u00fcrk\u2019\u00fc Anma Gen\u00e7lik ve Spor Bayram\u0131\u2019n\u0131n 105. y\u0131l kutlama t\u00f6renine kat\u0131ld\u0131. T\u00f6rene Belediye Meclis \u00dcyelerinden Cemal \u0130neci, Kemal Sayg\u0131l\u0131 ve Hasan Alt\u0131nmakas da yer ald\u0131. Protokol s\u0131ras\u0131na g\u00f6re an\u0131ta \u00e7elenklerin konulmas\u0131yla ba\u015flayan t\u00f6rende 1 dakikal\u0131k sayg\u0131 duru\u015funun ard\u0131ndan, \u0130stiklal Mar\u015f\u0131<\/p>\n","protected":false},"author":1,"featured_media":42344,"comment_status":"open","ping_status":"open","sticky":false,"template":"","format":"standard","meta":{"footnotes":""},"categories":[1],"tags":[],"class_list":["post-42343","post","type-post","status-publish","format-standard","has-post-thumbnail","hentry","category-gundem"],"yoast_head":"<!-- This site is optimized with the Yoast SEO plugin v27.4 - https:\/\/yoast.com\/product\/yoast-seo-wordpress\/ -->\n<title>\u00d6z\u00e7\u0131nar 19 May\u0131s Atat\u00fcrk\u2019\u00fc Anma Gen\u00e7lik ve Spor Bayram\u0131 t\u00f6renine kat\u0131ld\u0131 -<\/title>\n<meta name=\"robots\" content=\"index, follow, max-snippet:-1, max-image-preview:large, max-video-preview:-1\" \/>\n<link rel=\"canonical\" href=\"https:\/\/kibrisdakik.com\/?p=42343\" \/>\n<meta property=\"og:locale\" content=\"tr_TR\" \/>\n<meta property=\"og:type\" content=\"article\" \/>\n<meta property=\"og:title\" content=\"\u00d6z\u00e7\u0131nar 19 May\u0131s Atat\u00fcrk\u2019\u00fc Anma Gen\u00e7lik ve Spor Bayram\u0131 t\u00f6renine kat\u0131ld\u0131 -\" \/>\n<meta property=\"og:description\" content=\"G\u00fczelyurt Belediye Ba\u015fkan\u0131 Mahmut \u00d6z\u00e7\u0131nar bug\u00fcn saat 09.00\u2019da G\u00fczelyurt Atat\u00fcrk An\u0131t\u0131 \u00f6n\u00fcnde d\u00fczenlenen 19 May\u0131s Atat\u00fcrk\u2019\u00fc Anma Gen\u00e7lik ve Spor Bayram\u0131\u2019n\u0131n 105. y\u0131l kutlama t\u00f6renine kat\u0131ld\u0131. T\u00f6rene Belediye Meclis \u00dcyelerinden Cemal \u0130neci, Kemal Sayg\u0131l\u0131 ve Hasan Alt\u0131nmakas da yer ald\u0131. Protokol s\u0131ras\u0131na g\u00f6re an\u0131ta \u00e7elenklerin konulmas\u0131yla ba\u015flayan t\u00f6rende 1 dakikal\u0131k sayg\u0131 duru\u015funun ard\u0131ndan, \u0130stiklal Mar\u015f\u0131\" \/>\n<meta property=\"og:url\" content=\"https:\/\/kibrisdakik.com\/?p=42343\" \/>\n<meta property=\"article:published_time\" content=\"2024-05-19T09:15:50+00:00\" \/>\n<meta property=\"og:image\" content=\"https:\/\/kibrisdakik.com\/wp-content\/uploads\/2024\/05\/guzelyurt-belediyesi-1-1-scaled-740x420.jpg\" \/>\n\t<meta property=\"og:image:width\" content=\"2560\" \/>\n\t<meta property=\"og:image:height\" content=\"1700\" \/>\n\t<meta property=\"og:image:type\" content=\"image\/jpeg\" \/>\n<meta name=\"author\" content=\"admin\" \/>\n<meta name=\"twitter:card\" content=\"summary_large_image\" \/>\n<meta name=\"twitter:label1\" content=\"Yazan:\" \/>\n\t<meta name=\"twitter:data1\" content=\"admin\" \/>\n\t<meta name=\"twitter:label2\" content=\"Tahmini okuma s\u00fcresi\" \/>\n\t<meta name=\"twitter:data2\" content=\"1 dakika\" \/>\n<script type=\"application\/ld+json\" class=\"yoast-schema-graph\">{\"@context\":\"https:\\\/\\\/schema.org\",\"@graph\":[{\"@type\":\"Article\",\"@id\":\"https:\\\/\\\/kibrisdakik.com\\\/?p=42343#article\",\"isPartOf\":{\"@id\":\"https:\\\/\\\/kibrisdakik.com\\\/?p=42343\"},\"author\":{\"name\":\"admin\",\"@id\":\"https:\\\/\\\/kibrisdakik.com\\\/#\\\/schema\\\/person\\\/9cd9d437bbb44f72b73ba127e06d8e79\"},\"headline\":\"\u00d6z\u00e7\u0131nar 19 May\u0131s Atat\u00fcrk\u2019\u00fc Anma Gen\u00e7lik ve Spor Bayram\u0131 t\u00f6renine kat\u0131ld\u0131\",\"datePublished\":\"2024-05-19T09:15:50+00:00\",\"mainEntityOfPage\":{\"@id\":\"https:\\\/\\\/kibrisdakik.com\\\/?p=42343\"},\"wordCount\":255,\"commentCount\":0,\"image\":{\"@id\":\"https:\\\/\\\/kibrisdakik.com\\\/?p=42343#primaryimage\"},\"thumbnailUrl\":\"https:\\\/\\\/kibrisdakik.com\\\/wp-content\\\/uploads\\\/2024\\\/05\\\/guzelyurt-belediyesi-1-1-scaled-740x420.jpg\",\"articleSection\":[\"G\u00fcndem\"],\"inLanguage\":\"tr\",\"potentialAction\":[{\"@type\":\"CommentAction\",\"name\":\"Comment\",\"target\":[\"https:\\\/\\\/kibrisdakik.com\\\/?p=42343#respond\"]}]},{\"@type\":\"WebPage\",\"@id\":\"https:\\\/\\\/kibrisdakik.com\\\/?p=42343\",\"url\":\"https:\\\/\\\/kibrisdakik.com\\\/?p=42343\",\"name\":\"\u00d6z\u00e7\u0131nar 19 May\u0131s Atat\u00fcrk\u2019\u00fc Anma Gen\u00e7lik ve Spor Bayram\u0131 t\u00f6renine kat\u0131ld\u0131 -\",\"isPartOf\":{\"@id\":\"https:\\\/\\\/kibrisdakik.com\\\/#website\"},\"primaryImageOfPage\":{\"@id\":\"https:\\\/\\\/kibrisdakik.com\\\/?p=42343#primaryimage\"},\"image\":{\"@id\":\"https:\\\/\\\/kibrisdakik.com\\\/?p=42343#primaryimage\"},\"thumbnailUrl\":\"https:\\\/\\\/kibrisdakik.com\\\/wp-content\\\/uploads\\\/2024\\\/05\\\/guzelyurt-belediyesi-1-1-scaled-740x420.jpg\",\"datePublished\":\"2024-05-19T09:15:50+00:00\",\"author\":{\"@id\":\"https:\\\/\\\/kibrisdakik.com\\\/#\\\/schema\\\/person\\\/9cd9d437bbb44f72b73ba127e06d8e79\"},\"breadcrumb\":{\"@id\":\"https:\\\/\\\/kibrisdakik.com\\\/?p=42343#breadcrumb\"},\"inLanguage\":\"tr\",\"potentialAction\":[{\"@type\":\"ReadAction\",\"target\":[\"https:\\\/\\\/kibrisdakik.com\\\/?p=42343\"]}]},{\"@type\":\"ImageObject\",\"inLanguage\":\"tr\",\"@id\":\"https:\\\/\\\/kibrisdakik.com\\\/?p=42343#primaryimage\",\"url\":\"https:\\\/\\\/kibrisdakik.com\\\/wp-content\\\/uploads\\\/2024\\\/05\\\/guzelyurt-belediyesi-1-1-scaled-740x420.jpg\",\"contentUrl\":\"https:\\\/\\\/kibrisdakik.com\\\/wp-content\\\/uploads\\\/2024\\\/05\\\/guzelyurt-belediyesi-1-1-scaled-740x420.jpg\",\"width\":2560,\"height\":1700},{\"@type\":\"BreadcrumbList\",\"@id\":\"https:\\\/\\\/kibrisdakik.com\\\/?p=42343#breadcrumb\",\"itemListElement\":[{\"@type\":\"ListItem\",\"position\":1,\"name\":\"Home\",\"item\":\"https:\\\/\\\/kibrisdakik.com\\\/\"},{\"@type\":\"ListItem\",\"position\":2,\"name\":\"\u00d6z\u00e7\u0131nar 19 May\u0131s Atat\u00fcrk\u2019\u00fc Anma Gen\u00e7lik ve Spor Bayram\u0131 t\u00f6renine kat\u0131ld\u0131\"}]},{\"@type\":\"WebSite\",\"@id\":\"https:\\\/\\\/kibrisdakik.com\\\/#website\",\"url\":\"https:\\\/\\\/kibrisdakik.com\\\/\",\"name\":\"\",\"description\":\"Tam vaktinde haber\",\"potentialAction\":[{\"@type\":\"SearchAction\",\"target\":{\"@type\":\"EntryPoint\",\"urlTemplate\":\"https:\\\/\\\/kibrisdakik.com\\\/?s={search_term_string}\"},\"query-input\":{\"@type\":\"PropertyValueSpecification\",\"valueRequired\":true,\"valueName\":\"search_term_string\"}}],\"inLanguage\":\"tr\"},{\"@type\":\"Person\",\"@id\":\"https:\\\/\\\/kibrisdakik.com\\\/#\\\/schema\\\/person\\\/9cd9d437bbb44f72b73ba127e06d8e79\",\"name\":\"admin\",\"image\":{\"@type\":\"ImageObject\",\"inLanguage\":\"tr\",\"@id\":\"https:\\\/\\\/secure.gravatar.com\\\/avatar\\\/ccc17943b9d660506c869530f897617f7cb1c21a4bf30023f252596d83e1f007?s=96&d=mm&r=g\",\"url\":\"https:\\\/\\\/secure.gravatar.com\\\/avatar\\\/ccc17943b9d660506c869530f897617f7cb1c21a4bf30023f252596d83e1f007?s=96&d=mm&r=g\",\"contentUrl\":\"https:\\\/\\\/secure.gravatar.com\\\/avatar\\\/ccc17943b9d660506c869530f897617f7cb1c21a4bf30023f252596d83e1f007?s=96&d=mm&r=g\",\"caption\":\"admin\"},\"sameAs\":[\"https:\\\/\\\/kibrisdakik.com\"],\"url\":\"https:\\\/\\\/kibrisdakik.com\\\/?author=1\"}]}<\/script>\n<!-- \/ Yoast SEO plugin. -->","yoast_head_json":{"title":"\u00d6z\u00e7\u0131nar 19 May\u0131s Atat\u00fcrk\u2019\u00fc Anma Gen\u00e7lik ve Spor Bayram\u0131 t\u00f6renine kat\u0131ld\u0131 -","robots":{"index":"index","follow":"follow","max-snippet":"max-snippet:-1","max-image-preview":"max-image-preview:large","max-video-preview":"max-video-preview:-1"},"canonical":"https:\/\/kibrisdakik.com\/?p=42343","og_locale":"tr_TR","og_type":"article","og_title":"\u00d6z\u00e7\u0131nar 19 May\u0131s Atat\u00fcrk\u2019\u00fc Anma Gen\u00e7lik ve Spor Bayram\u0131 t\u00f6renine kat\u0131ld\u0131 -","og_description":"G\u00fczelyurt Belediye Ba\u015fkan\u0131 Mahmut \u00d6z\u00e7\u0131nar bug\u00fcn saat 09.00\u2019da G\u00fczelyurt Atat\u00fcrk An\u0131t\u0131 \u00f6n\u00fcnde d\u00fczenlenen 19 May\u0131s Atat\u00fcrk\u2019\u00fc Anma Gen\u00e7lik ve Spor Bayram\u0131\u2019n\u0131n 105. y\u0131l kutlama t\u00f6renine kat\u0131ld\u0131. T\u00f6rene Belediye Meclis \u00dcyelerinden Cemal \u0130neci, Kemal Sayg\u0131l\u0131 ve Hasan Alt\u0131nmakas da yer ald\u0131. Protokol s\u0131ras\u0131na g\u00f6re an\u0131ta \u00e7elenklerin konulmas\u0131yla ba\u015flayan t\u00f6rende 1 dakikal\u0131k sayg\u0131 duru\u015funun ard\u0131ndan, \u0130stiklal Mar\u015f\u0131","og_url":"https:\/\/kibrisdakik.com\/?p=42343","article_published_time":"2024-05-19T09:15:50+00:00","og_image":[{"width":2560,"height":1700,"url":"https:\/\/kibrisdakik.com\/wp-content\/uploads\/2024\/05\/guzelyurt-belediyesi-1-1-scaled-740x420.jpg","type":"image\/jpeg"}],"author":"admin","twitter_card":"summary_large_image","twitter_misc":{"Yazan:":"admin","Tahmini okuma s\u00fcresi":"1 dakika"},"schema":{"@context":"https:\/\/schema.org","@graph":[{"@type":"Article","@id":"https:\/\/kibrisdakik.com\/?p=42343#article","isPartOf":{"@id":"https:\/\/kibrisdakik.com\/?p=42343"},"author":{"name":"admin","@id":"https:\/\/kibrisdakik.com\/#\/schema\/person\/9cd9d437bbb44f72b73ba127e06d8e79"},"headline":"\u00d6z\u00e7\u0131nar 19 May\u0131s Atat\u00fcrk\u2019\u00fc Anma Gen\u00e7lik ve Spor Bayram\u0131 t\u00f6renine kat\u0131ld\u0131","datePublished":"2024-05-19T09:15:50+00:00","mainEntityOfPage":{"@id":"https:\/\/kibrisdakik.com\/?p=42343"},"wordCount":255,"commentCount":0,"image":{"@id":"https:\/\/kibrisdakik.com\/?p=42343#primaryimage"},"thumbnailUrl":"https:\/\/kibrisdakik.com\/wp-content\/uploads\/2024\/05\/guzelyurt-belediyesi-1-1-scaled-740x420.jpg","articleSection":["G\u00fcndem"],"inLanguage":"tr","potentialAction":[{"@type":"CommentAction","name":"Comment","target":["https:\/\/kibrisdakik.com\/?p=42343#respond"]}]},{"@type":"WebPage","@id":"https:\/\/kibrisdakik.com\/?p=42343","url":"https:\/\/kibrisdakik.com\/?p=42343","name":"\u00d6z\u00e7\u0131nar 19 May\u0131s Atat\u00fcrk\u2019\u00fc Anma Gen\u00e7lik ve Spor Bayram\u0131 t\u00f6renine kat\u0131ld\u0131 -","isPartOf":{"@id":"https:\/\/kibrisdakik.com\/#website"},"primaryImageOfPage":{"@id":"https:\/\/kibrisdakik.com\/?p=42343#primaryimage"},"image":{"@id":"https:\/\/kibrisdakik.com\/?p=42343#primaryimage"},"thumbnailUrl":"https:\/\/kibrisdakik.com\/wp-content\/uploads\/2024\/05\/guzelyurt-belediyesi-1-1-scaled-740x420.jpg","datePublished":"2024-05-19T09:15:50+00:00","author":{"@id":"https:\/\/kibrisdakik.com\/#\/schema\/person\/9cd9d437bbb44f72b73ba127e06d8e79"},"breadcrumb":{"@id":"https:\/\/kibrisdakik.com\/?p=42343#breadcrumb"},"inLanguage":"tr","potentialAction":[{"@type":"ReadAction","target":["https:\/\/kibrisdakik.com\/?p=42343"]}]},{"@type":"ImageObject","inLanguage":"tr","@id":"https:\/\/kibrisdakik.com\/?p=42343#primaryimage","url":"https:\/\/kibrisdakik.com\/wp-content\/uploads\/2024\/05\/guzelyurt-belediyesi-1-1-scaled-740x420.jpg","contentUrl":"https:\/\/kibrisdakik.com\/wp-content\/uploads\/2024\/05\/guzelyurt-belediyesi-1-1-scaled-740x420.jpg","width":2560,"height":1700},{"@type":"BreadcrumbList","@id":"https:\/\/kibrisdakik.com\/?p=42343#breadcrumb","itemListElement":[{"@type":"ListItem","position":1,"name":"Home","item":"https:\/\/kibrisdakik.com\/"},{"@type":"ListItem","position":2,"name":"\u00d6z\u00e7\u0131nar 19 May\u0131s Atat\u00fcrk\u2019\u00fc Anma Gen\u00e7lik ve Spor Bayram\u0131 t\u00f6renine kat\u0131ld\u0131"}]},{"@type":"WebSite","@id":"https:\/\/kibrisdakik.com\/#website","url":"https:\/\/kibrisdakik.com\/","name":"","description":"Tam vaktinde haber","potentialAction":[{"@type":"SearchAction","target":{"@type":"EntryPoint","urlTemplate":"https:\/\/kibrisdakik.com\/?s={search_term_string}"},"query-input":{"@type":"PropertyValueSpecification","valueRequired":true,"valueName":"search_term_string"}}],"inLanguage":"tr"},{"@type":"Person","@id":"https:\/\/kibrisdakik.com\/#\/schema\/person\/9cd9d437bbb44f72b73ba127e06d8e79","name":"admin","image":{"@type":"ImageObject","inLanguage":"tr","@id":"https:\/\/secure.gravatar.com\/avatar\/ccc17943b9d660506c869530f897617f7cb1c21a4bf30023f252596d83e1f007?s=96&d=mm&r=g","url":"https:\/\/secure.gravatar.com\/avatar\/ccc17943b9d660506c869530f897617f7cb1c21a4bf30023f252596d83e1f007?s=96&d=mm&r=g","contentUrl":"https:\/\/secure.gravatar.com\/avatar\/ccc17943b9d660506c869530f897617f7cb1c21a4bf30023f252596d83e1f007?s=96&d=mm&r=g","caption":"admin"},"sameAs":["https:\/\/kibrisdakik.com"],"url":"https:\/\/kibrisdakik.com\/?author=1"}]}},"_links":{"self":[{"href":"https:\/\/kibrisdakik.com\/index.php?rest_route=\/wp\/v2\/posts\/42343","targetHints":{"allow":["GET"]}}],"collection":[{"href":"https:\/\/kibrisdakik.com\/index.php?rest_route=\/wp\/v2\/posts"}],"about":[{"href":"https:\/\/kibrisdakik.com\/index.php?rest_route=\/wp\/v2\/types\/post"}],"author":[{"embeddable":true,"href":"https:\/\/kibrisdakik.com\/index.php?rest_route=\/wp\/v2\/users\/1"}],"replies":[{"embeddable":true,"href":"https:\/\/kibrisdakik.com\/index.php?rest_route=%2Fwp%2Fv2%2Fcomments&post=42343"}],"version-history":[{"count":0,"href":"https:\/\/kibrisdakik.com\/index.php?rest_route=\/wp\/v2\/posts\/42343\/revisions"}],"wp:featuredmedia":[{"embeddable":true,"href":"https:\/\/kibrisdakik.com\/index.php?rest_route=\/wp\/v2\/media\/42344"}],"wp:attachment":[{"href":"https:\/\/kibrisdakik.com\/index.php?rest_route=%2Fwp%2Fv2%2Fmedia&parent=42343"}],"wp:term":[{"taxonomy":"category","embeddable":true,"href":"https:\/\/kibrisdakik.com\/index.php?rest_route=%2Fwp%2Fv2%2Fcategories&post=42343"},{"taxonomy":"post_tag","embeddable":true,"href":"https:\/\/kibrisdakik.com\/index.php?rest_route=%2Fwp%2Fv2%2Ftags&post=42343"}],"curies":[{"name":"wp","href":"https:\/\/api.w.org\/{rel}","templated":true}]}}