{"id":42392,"date":"2024-05-19T16:11:10","date_gmt":"2024-05-19T16:11:10","guid":{"rendered":"https:\/\/kibrisdakik.com\/index.php\/2024\/05\/19\/cumhurbaskani-tatar-milli-mucadele-vakfi-baskani-gulbahar-ve-vakif-yonetimini-kabul-etti\/"},"modified":"2024-05-19T16:11:10","modified_gmt":"2024-05-19T16:11:10","slug":"cumhurbaskani-tatar-milli-mucadele-vakfi-baskani-gulbahar-ve-vakif-yonetimini-kabul-etti","status":"publish","type":"post","link":"https:\/\/kibrisdakik.com\/?p=42392","title":{"rendered":"Cumhurba\u015fkan\u0131 Tatar, Milli M\u00fccadele Vakf\u0131 Ba\u015fkan\u0131 G\u00fclbahar ve vak\u0131f y\u00f6netimini kabul etti"},"content":{"rendered":"<p><img decoding=\"async\" src=\"https:\/\/www.kibristurk.com\/images\/haberler\/2024\/05\/cumhurbaskani-tatar-milli-mucadele-vakfi-baskani-gulbahar-ve-vakif-yonetimini-kabul-etti-1716014745.webp\" \/><\/p>\n<p style=\"text-align:left\"><span style=\"font-size:16px\"><span style=\"font-family:Merriweather,serif !important\"><span style=\"color:#000000\"><span style=\"background-color:#ffffff\">Cumhurba\u015fkan\u0131 Ersin Tatar kabulde, Milli M\u00fccadele Vakf\u0131 ve y\u00fcr\u00fct\u00fclecek faaliyetleri ile ilgili bilgi ald\u0131.<\/span><\/span><\/span><\/span><\/p>\n<p style=\"text-align:left\"><span style=\"font-size:16px\"><span style=\"font-family:Merriweather,serif !important\"><span style=\"color:#000000\"><span style=\"background-color:#ffffff\">Cumhurba\u015fkanl\u0131\u011f\u0131\u2019ndan verilen bilgiye g\u00f6re Tatar, Milli M\u00fccadele Vakf\u0131 y\u00f6netimindeki de\u011ferli ki\u015filerin bir \u00e7at\u0131 alt\u0131nda toplanmas\u0131 ve yeniden vakf\u0131n faaliyete ge\u00e7mesinin \u00fcmit verici oldu\u011funu ifade ederek, y\u00fcr\u00fct\u00fclecek farkl\u0131 \u00e7al\u0131\u015fmalar\u0131n milli m\u00fccadeleye ve milli davaya b\u00fcy\u00fck katk\u0131 yapaca\u011f\u0131na inan\u00e7 belirtti. 20 Temmuz K\u0131br\u0131s Bar\u0131\u015f Harekat\u0131\u2019n\u0131n bu y\u0131l 50. y\u0131l d\u00f6n\u00fcm\u00fcn\u00fcn kutlanaca\u011f\u0131n\u0131 an\u0131msatan Cumhurba\u015fkan\u0131 Tatar, art\u0131k geriye d\u00f6n\u00fc\u015f\u00fcn olmayaca\u011f\u0131n\u0131, T\u00fcrkiye\u2019nin yeni milli siyasetlerine tam destek verdi\u011fini s\u00f6yledi. 60 y\u0131ld\u0131r K\u0131br\u0131s T\u00fcrk\u00fc\u2019ne yap\u0131lan haks\u0131zl\u0131klar\u0131n sona ermesi i\u00e7in yeni bir yola girilmesi gerekti\u011fini ve bu yeni yolda egemen e\u015fitlik ve e\u015fit uluslararas\u0131 stat\u00fcn\u00fcn kabul\u00fc i\u00e7in \u00e7al\u0131\u015ft\u0131klar\u0131n\u0131 s\u00f6yledi.<\/span><\/span><\/span><\/span><\/p>\n<p style=\"text-align:left\"><span style=\"font-size:16px\"><span style=\"font-family:Merriweather,serif !important\"><span style=\"color:#000000\"><span style=\"background-color:#ffffff\">\u201cRumlar ne kadar egemense biz de o kadar egemeniz\u201d diyen Cumhurba\u015fkan\u0131 Tatar, K\u0131br\u0131s\u2019ta adil ve s\u00fcrd\u00fcr\u00fclebilir bir \u00e7\u00f6z\u00fcm i\u00e7in K\u0131br\u0131s\u2019\u0131n ger\u00e7eklerine bak\u0131lmas\u0131 gerekti\u011fini vurgulad\u0131. Uluslararas\u0131 birtak\u0131m bask\u0131lara ra\u011fmen milli siyaseti s\u00fcrd\u00fcrmeye devam edeceklerini ve T\u00fcrkiye Cumhuriyeti\u2019nin de bu siyasete tam destek vermeye devam etti\u011fini belirten Cumhurba\u015fkan\u0131 Tatar, BM Genel Sekreteri\u2019nin Ki\u015fisel Temsilcisi Holguin\u2019in ortak zemin aray\u0131\u015f\u0131n\u0131n 5 ayd\u0131r s\u00fcrd\u00fc\u011f\u00fcn\u00fc ve ortak zeminin olu\u015fmad\u0131\u011f\u0131n\u0131n g\u00f6r\u00fcld\u00fc\u011f\u00fcn\u00fc s\u00f6yledi.<\/span><\/span><\/span><\/span><\/p>\n<p style=\"text-align:left\"><span style=\"font-size:16px\"><span style=\"font-family:Merriweather,serif !important\"><span style=\"color:#000000\"><span style=\"background-color:#ffffff\">Milli M\u00fccadele Vakf\u0131 Ba\u015fkan\u0131 Aziz G\u00fclbahar da, Cumhurba\u015fkan\u0131 Tatar\u2019a vak\u0131f y\u00f6netimini kabul etti\u011fi i\u00e7in te\u015fekk\u00fcr ederek, vakf\u0131n 2001 y\u0131l\u0131nda kuruldu\u011funu bir s\u00fcre faaliyetsiz kalan vakf\u0131n yeniden faaliyete ge\u00e7ti\u011fini s\u00f6yledi. Vakf\u0131n amac\u0131n\u0131n T\u00fcrkiye Cumhuriyeti\u2019nin destekledi\u011fi milli davaya destek verip milli \u015fuuru yaymak oldu\u011funu ifade eden G\u00fclbahar, iki devletli politikan\u0131n devam\u0131 i\u00e7in destek verdiklerini kaydetti.<\/span><\/span><\/span><\/span><\/p>\n<p style=\"text-align:left\"><span style=\"font-size:16px\"><span style=\"font-family:Merriweather,serif !important\"><span style=\"color:#000000\"><span style=\"background-color:#ffffff\">G\u00fclbahar, \u201cKKTC&#8217;nin varl\u0131\u011f\u0131 ve K\u0131br\u0131s T\u00fcrk halk\u0131n\u0131n Anavatan T\u00fcrkiye ile olan ba\u011flar\u0131n\u0131 hedef alan i\u00e7 ve d\u0131\u015f tehditlere, alg\u0131 operasyonlar\u0131na ve \u00e7irkin sald\u0131r\u0131lara kar\u015f\u0131 \u00f6nlemlerin al\u0131nmas\u0131n\u0131\u201d da istedi. Milli \u015fuurun ve tarih bilincinin de \u00f6nemine vurgu yapan G\u00fclbahar, bu do\u011frultuda da ad\u0131mlar at\u0131lmas\u0131 gerekti\u011fini belirterek, bu konular\u0131 i\u00e7eren bir mektubu Cumhurba\u015fkan\u0131 Ersin Tatar&#8217;a sundu.<\/span><\/span><\/span><\/span><\/p>\n","protected":false},"excerpt":{"rendered":"<p>Cumhurba\u015fkan\u0131 Ersin Tatar kabulde, Milli M\u00fccadele Vakf\u0131 ve y\u00fcr\u00fct\u00fclecek faaliyetleri ile ilgili bilgi ald\u0131. Cumhurba\u015fkanl\u0131\u011f\u0131\u2019ndan verilen bilgiye g\u00f6re Tatar, Milli M\u00fccadele Vakf\u0131 y\u00f6netimindeki de\u011ferli ki\u015filerin bir \u00e7at\u0131 alt\u0131nda toplanmas\u0131 ve yeniden vakf\u0131n faaliyete ge\u00e7mesinin \u00fcmit verici oldu\u011funu ifade ederek, y\u00fcr\u00fct\u00fclecek farkl\u0131 \u00e7al\u0131\u015fmalar\u0131n milli m\u00fccadeleye ve milli davaya b\u00fcy\u00fck katk\u0131 yapaca\u011f\u0131na inan\u00e7 belirtti. 20 Temmuz K\u0131br\u0131s<\/p>\n","protected":false},"author":1,"featured_media":42393,"comment_status":"open","ping_status":"open","sticky":false,"template":"","format":"standard","meta":{"footnotes":""},"categories":[85],"tags":[],"class_list":["post-42392","post","type-post","status-publish","format-standard","has-post-thumbnail","hentry","category-spor"],"yoast_head":"<!-- This site is optimized with the Yoast SEO plugin v27.5 - https:\/\/yoast.com\/product\/yoast-seo-wordpress\/ -->\n<title>Cumhurba\u015fkan\u0131 Tatar, Milli M\u00fccadele Vakf\u0131 Ba\u015fkan\u0131 G\u00fclbahar ve vak\u0131f y\u00f6netimini kabul etti -<\/title>\n<meta name=\"robots\" content=\"index, follow, max-snippet:-1, max-image-preview:large, max-video-preview:-1\" \/>\n<link rel=\"canonical\" href=\"https:\/\/kibrisdakik.com\/?p=42392\" \/>\n<meta property=\"og:locale\" content=\"tr_TR\" \/>\n<meta property=\"og:type\" content=\"article\" \/>\n<meta property=\"og:title\" content=\"Cumhurba\u015fkan\u0131 Tatar, Milli M\u00fccadele Vakf\u0131 Ba\u015fkan\u0131 G\u00fclbahar ve vak\u0131f y\u00f6netimini kabul etti -\" \/>\n<meta property=\"og:description\" content=\"Cumhurba\u015fkan\u0131 Ersin Tatar kabulde, Milli M\u00fccadele Vakf\u0131 ve y\u00fcr\u00fct\u00fclecek faaliyetleri ile ilgili bilgi ald\u0131. Cumhurba\u015fkanl\u0131\u011f\u0131\u2019ndan verilen bilgiye g\u00f6re Tatar, Milli M\u00fccadele Vakf\u0131 y\u00f6netimindeki de\u011ferli ki\u015filerin bir \u00e7at\u0131 alt\u0131nda toplanmas\u0131 ve yeniden vakf\u0131n faaliyete ge\u00e7mesinin \u00fcmit verici oldu\u011funu ifade ederek, y\u00fcr\u00fct\u00fclecek farkl\u0131 \u00e7al\u0131\u015fmalar\u0131n milli m\u00fccadeleye ve milli davaya b\u00fcy\u00fck katk\u0131 yapaca\u011f\u0131na inan\u00e7 belirtti. 20 Temmuz K\u0131br\u0131s\" \/>\n<meta property=\"og:url\" content=\"https:\/\/kibrisdakik.com\/?p=42392\" \/>\n<meta property=\"article:published_time\" content=\"2024-05-19T16:11:10+00:00\" \/>\n<meta property=\"og:image\" content=\"https:\/\/kibrisdakik.com\/wp-content\/uploads\/2024\/05\/cumhurbaskani-tatar-milli-mucadele-vakfi-baskani-gulbahar-ve-vakif-yonetimini-kabul-etti-1716014745.webp.webp\" \/>\n\t<meta property=\"og:image:width\" content=\"710\" \/>\n\t<meta property=\"og:image:height\" content=\"370\" \/>\n\t<meta property=\"og:image:type\" content=\"image\/webp\" \/>\n<meta name=\"author\" content=\"admin\" \/>\n<meta name=\"twitter:card\" content=\"summary_large_image\" \/>\n<meta name=\"twitter:label1\" content=\"Yazan:\" \/>\n\t<meta name=\"twitter:data1\" content=\"admin\" \/>\n\t<meta name=\"twitter:label2\" content=\"Tahmini okuma s\u00fcresi\" \/>\n\t<meta name=\"twitter:data2\" content=\"2 dakika\" \/>\n<script type=\"application\/ld+json\" class=\"yoast-schema-graph\">{\"@context\":\"https:\\\/\\\/schema.org\",\"@graph\":[{\"@type\":\"Article\",\"@id\":\"https:\\\/\\\/kibrisdakik.com\\\/?p=42392#article\",\"isPartOf\":{\"@id\":\"https:\\\/\\\/kibrisdakik.com\\\/?p=42392\"},\"author\":{\"name\":\"admin\",\"@id\":\"https:\\\/\\\/kibrisdakik.com\\\/#\\\/schema\\\/person\\\/9cd9d437bbb44f72b73ba127e06d8e79\"},\"headline\":\"Cumhurba\u015fkan\u0131 Tatar, Milli M\u00fccadele Vakf\u0131 Ba\u015fkan\u0131 G\u00fclbahar ve vak\u0131f y\u00f6netimini kabul etti\",\"datePublished\":\"2024-05-19T16:11:10+00:00\",\"mainEntityOfPage\":{\"@id\":\"https:\\\/\\\/kibrisdakik.com\\\/?p=42392\"},\"wordCount\":448,\"commentCount\":0,\"image\":{\"@id\":\"https:\\\/\\\/kibrisdakik.com\\\/?p=42392#primaryimage\"},\"thumbnailUrl\":\"https:\\\/\\\/kibrisdakik.com\\\/wp-content\\\/uploads\\\/2024\\\/05\\\/cumhurbaskani-tatar-milli-mucadele-vakfi-baskani-gulbahar-ve-vakif-yonetimini-kabul-etti-1716014745.webp.webp\",\"articleSection\":[\"Spor\"],\"inLanguage\":\"tr\",\"potentialAction\":[{\"@type\":\"CommentAction\",\"name\":\"Comment\",\"target\":[\"https:\\\/\\\/kibrisdakik.com\\\/?p=42392#respond\"]}]},{\"@type\":\"WebPage\",\"@id\":\"https:\\\/\\\/kibrisdakik.com\\\/?p=42392\",\"url\":\"https:\\\/\\\/kibrisdakik.com\\\/?p=42392\",\"name\":\"Cumhurba\u015fkan\u0131 Tatar, Milli M\u00fccadele Vakf\u0131 Ba\u015fkan\u0131 G\u00fclbahar ve vak\u0131f y\u00f6netimini kabul etti -\",\"isPartOf\":{\"@id\":\"https:\\\/\\\/kibrisdakik.com\\\/#website\"},\"primaryImageOfPage\":{\"@id\":\"https:\\\/\\\/kibrisdakik.com\\\/?p=42392#primaryimage\"},\"image\":{\"@id\":\"https:\\\/\\\/kibrisdakik.com\\\/?p=42392#primaryimage\"},\"thumbnailUrl\":\"https:\\\/\\\/kibrisdakik.com\\\/wp-content\\\/uploads\\\/2024\\\/05\\\/cumhurbaskani-tatar-milli-mucadele-vakfi-baskani-gulbahar-ve-vakif-yonetimini-kabul-etti-1716014745.webp.webp\",\"datePublished\":\"2024-05-19T16:11:10+00:00\",\"author\":{\"@id\":\"https:\\\/\\\/kibrisdakik.com\\\/#\\\/schema\\\/person\\\/9cd9d437bbb44f72b73ba127e06d8e79\"},\"breadcrumb\":{\"@id\":\"https:\\\/\\\/kibrisdakik.com\\\/?p=42392#breadcrumb\"},\"inLanguage\":\"tr\",\"potentialAction\":[{\"@type\":\"ReadAction\",\"target\":[\"https:\\\/\\\/kibrisdakik.com\\\/?p=42392\"]}]},{\"@type\":\"ImageObject\",\"inLanguage\":\"tr\",\"@id\":\"https:\\\/\\\/kibrisdakik.com\\\/?p=42392#primaryimage\",\"url\":\"https:\\\/\\\/kibrisdakik.com\\\/wp-content\\\/uploads\\\/2024\\\/05\\\/cumhurbaskani-tatar-milli-mucadele-vakfi-baskani-gulbahar-ve-vakif-yonetimini-kabul-etti-1716014745.webp.webp\",\"contentUrl\":\"https:\\\/\\\/kibrisdakik.com\\\/wp-content\\\/uploads\\\/2024\\\/05\\\/cumhurbaskani-tatar-milli-mucadele-vakfi-baskani-gulbahar-ve-vakif-yonetimini-kabul-etti-1716014745.webp.webp\",\"width\":710,\"height\":370},{\"@type\":\"BreadcrumbList\",\"@id\":\"https:\\\/\\\/kibrisdakik.com\\\/?p=42392#breadcrumb\",\"itemListElement\":[{\"@type\":\"ListItem\",\"position\":1,\"name\":\"Home\",\"item\":\"https:\\\/\\\/kibrisdakik.com\\\/\"},{\"@type\":\"ListItem\",\"position\":2,\"name\":\"Cumhurba\u015fkan\u0131 Tatar, Milli M\u00fccadele Vakf\u0131 Ba\u015fkan\u0131 G\u00fclbahar ve vak\u0131f y\u00f6netimini kabul etti\"}]},{\"@type\":\"WebSite\",\"@id\":\"https:\\\/\\\/kibrisdakik.com\\\/#website\",\"url\":\"https:\\\/\\\/kibrisdakik.com\\\/\",\"name\":\"\",\"description\":\"Tam vaktinde haber\",\"potentialAction\":[{\"@type\":\"SearchAction\",\"target\":{\"@type\":\"EntryPoint\",\"urlTemplate\":\"https:\\\/\\\/kibrisdakik.com\\\/?s={search_term_string}\"},\"query-input\":{\"@type\":\"PropertyValueSpecification\",\"valueRequired\":true,\"valueName\":\"search_term_string\"}}],\"inLanguage\":\"tr\"},{\"@type\":\"Person\",\"@id\":\"https:\\\/\\\/kibrisdakik.com\\\/#\\\/schema\\\/person\\\/9cd9d437bbb44f72b73ba127e06d8e79\",\"name\":\"admin\",\"image\":{\"@type\":\"ImageObject\",\"inLanguage\":\"tr\",\"@id\":\"https:\\\/\\\/secure.gravatar.com\\\/avatar\\\/ccc17943b9d660506c869530f897617f7cb1c21a4bf30023f252596d83e1f007?s=96&d=mm&r=g\",\"url\":\"https:\\\/\\\/secure.gravatar.com\\\/avatar\\\/ccc17943b9d660506c869530f897617f7cb1c21a4bf30023f252596d83e1f007?s=96&d=mm&r=g\",\"contentUrl\":\"https:\\\/\\\/secure.gravatar.com\\\/avatar\\\/ccc17943b9d660506c869530f897617f7cb1c21a4bf30023f252596d83e1f007?s=96&d=mm&r=g\",\"caption\":\"admin\"},\"sameAs\":[\"https:\\\/\\\/kibrisdakik.com\"],\"url\":\"https:\\\/\\\/kibrisdakik.com\\\/?author=1\"}]}<\/script>\n<!-- \/ Yoast SEO plugin. -->","yoast_head_json":{"title":"Cumhurba\u015fkan\u0131 Tatar, Milli M\u00fccadele Vakf\u0131 Ba\u015fkan\u0131 G\u00fclbahar ve vak\u0131f y\u00f6netimini kabul etti -","robots":{"index":"index","follow":"follow","max-snippet":"max-snippet:-1","max-image-preview":"max-image-preview:large","max-video-preview":"max-video-preview:-1"},"canonical":"https:\/\/kibrisdakik.com\/?p=42392","og_locale":"tr_TR","og_type":"article","og_title":"Cumhurba\u015fkan\u0131 Tatar, Milli M\u00fccadele Vakf\u0131 Ba\u015fkan\u0131 G\u00fclbahar ve vak\u0131f y\u00f6netimini kabul etti -","og_description":"Cumhurba\u015fkan\u0131 Ersin Tatar kabulde, Milli M\u00fccadele Vakf\u0131 ve y\u00fcr\u00fct\u00fclecek faaliyetleri ile ilgili bilgi ald\u0131. Cumhurba\u015fkanl\u0131\u011f\u0131\u2019ndan verilen bilgiye g\u00f6re Tatar, Milli M\u00fccadele Vakf\u0131 y\u00f6netimindeki de\u011ferli ki\u015filerin bir \u00e7at\u0131 alt\u0131nda toplanmas\u0131 ve yeniden vakf\u0131n faaliyete ge\u00e7mesinin \u00fcmit verici oldu\u011funu ifade ederek, y\u00fcr\u00fct\u00fclecek farkl\u0131 \u00e7al\u0131\u015fmalar\u0131n milli m\u00fccadeleye ve milli davaya b\u00fcy\u00fck katk\u0131 yapaca\u011f\u0131na inan\u00e7 belirtti. 20 Temmuz K\u0131br\u0131s","og_url":"https:\/\/kibrisdakik.com\/?p=42392","article_published_time":"2024-05-19T16:11:10+00:00","og_image":[{"width":710,"height":370,"url":"https:\/\/kibrisdakik.com\/wp-content\/uploads\/2024\/05\/cumhurbaskani-tatar-milli-mucadele-vakfi-baskani-gulbahar-ve-vakif-yonetimini-kabul-etti-1716014745.webp.webp","type":"image\/webp"}],"author":"admin","twitter_card":"summary_large_image","twitter_misc":{"Yazan:":"admin","Tahmini okuma s\u00fcresi":"2 dakika"},"schema":{"@context":"https:\/\/schema.org","@graph":[{"@type":"Article","@id":"https:\/\/kibrisdakik.com\/?p=42392#article","isPartOf":{"@id":"https:\/\/kibrisdakik.com\/?p=42392"},"author":{"name":"admin","@id":"https:\/\/kibrisdakik.com\/#\/schema\/person\/9cd9d437bbb44f72b73ba127e06d8e79"},"headline":"Cumhurba\u015fkan\u0131 Tatar, Milli M\u00fccadele Vakf\u0131 Ba\u015fkan\u0131 G\u00fclbahar ve vak\u0131f y\u00f6netimini kabul etti","datePublished":"2024-05-19T16:11:10+00:00","mainEntityOfPage":{"@id":"https:\/\/kibrisdakik.com\/?p=42392"},"wordCount":448,"commentCount":0,"image":{"@id":"https:\/\/kibrisdakik.com\/?p=42392#primaryimage"},"thumbnailUrl":"https:\/\/kibrisdakik.com\/wp-content\/uploads\/2024\/05\/cumhurbaskani-tatar-milli-mucadele-vakfi-baskani-gulbahar-ve-vakif-yonetimini-kabul-etti-1716014745.webp.webp","articleSection":["Spor"],"inLanguage":"tr","potentialAction":[{"@type":"CommentAction","name":"Comment","target":["https:\/\/kibrisdakik.com\/?p=42392#respond"]}]},{"@type":"WebPage","@id":"https:\/\/kibrisdakik.com\/?p=42392","url":"https:\/\/kibrisdakik.com\/?p=42392","name":"Cumhurba\u015fkan\u0131 Tatar, Milli M\u00fccadele Vakf\u0131 Ba\u015fkan\u0131 G\u00fclbahar ve vak\u0131f y\u00f6netimini kabul etti -","isPartOf":{"@id":"https:\/\/kibrisdakik.com\/#website"},"primaryImageOfPage":{"@id":"https:\/\/kibrisdakik.com\/?p=42392#primaryimage"},"image":{"@id":"https:\/\/kibrisdakik.com\/?p=42392#primaryimage"},"thumbnailUrl":"https:\/\/kibrisdakik.com\/wp-content\/uploads\/2024\/05\/cumhurbaskani-tatar-milli-mucadele-vakfi-baskani-gulbahar-ve-vakif-yonetimini-kabul-etti-1716014745.webp.webp","datePublished":"2024-05-19T16:11:10+00:00","author":{"@id":"https:\/\/kibrisdakik.com\/#\/schema\/person\/9cd9d437bbb44f72b73ba127e06d8e79"},"breadcrumb":{"@id":"https:\/\/kibrisdakik.com\/?p=42392#breadcrumb"},"inLanguage":"tr","potentialAction":[{"@type":"ReadAction","target":["https:\/\/kibrisdakik.com\/?p=42392"]}]},{"@type":"ImageObject","inLanguage":"tr","@id":"https:\/\/kibrisdakik.com\/?p=42392#primaryimage","url":"https:\/\/kibrisdakik.com\/wp-content\/uploads\/2024\/05\/cumhurbaskani-tatar-milli-mucadele-vakfi-baskani-gulbahar-ve-vakif-yonetimini-kabul-etti-1716014745.webp.webp","contentUrl":"https:\/\/kibrisdakik.com\/wp-content\/uploads\/2024\/05\/cumhurbaskani-tatar-milli-mucadele-vakfi-baskani-gulbahar-ve-vakif-yonetimini-kabul-etti-1716014745.webp.webp","width":710,"height":370},{"@type":"BreadcrumbList","@id":"https:\/\/kibrisdakik.com\/?p=42392#breadcrumb","itemListElement":[{"@type":"ListItem","position":1,"name":"Home","item":"https:\/\/kibrisdakik.com\/"},{"@type":"ListItem","position":2,"name":"Cumhurba\u015fkan\u0131 Tatar, Milli M\u00fccadele Vakf\u0131 Ba\u015fkan\u0131 G\u00fclbahar ve vak\u0131f y\u00f6netimini kabul etti"}]},{"@type":"WebSite","@id":"https:\/\/kibrisdakik.com\/#website","url":"https:\/\/kibrisdakik.com\/","name":"","description":"Tam vaktinde haber","potentialAction":[{"@type":"SearchAction","target":{"@type":"EntryPoint","urlTemplate":"https:\/\/kibrisdakik.com\/?s={search_term_string}"},"query-input":{"@type":"PropertyValueSpecification","valueRequired":true,"valueName":"search_term_string"}}],"inLanguage":"tr"},{"@type":"Person","@id":"https:\/\/kibrisdakik.com\/#\/schema\/person\/9cd9d437bbb44f72b73ba127e06d8e79","name":"admin","image":{"@type":"ImageObject","inLanguage":"tr","@id":"https:\/\/secure.gravatar.com\/avatar\/ccc17943b9d660506c869530f897617f7cb1c21a4bf30023f252596d83e1f007?s=96&d=mm&r=g","url":"https:\/\/secure.gravatar.com\/avatar\/ccc17943b9d660506c869530f897617f7cb1c21a4bf30023f252596d83e1f007?s=96&d=mm&r=g","contentUrl":"https:\/\/secure.gravatar.com\/avatar\/ccc17943b9d660506c869530f897617f7cb1c21a4bf30023f252596d83e1f007?s=96&d=mm&r=g","caption":"admin"},"sameAs":["https:\/\/kibrisdakik.com"],"url":"https:\/\/kibrisdakik.com\/?author=1"}]}},"_links":{"self":[{"href":"https:\/\/kibrisdakik.com\/index.php?rest_route=\/wp\/v2\/posts\/42392","targetHints":{"allow":["GET"]}}],"collection":[{"href":"https:\/\/kibrisdakik.com\/index.php?rest_route=\/wp\/v2\/posts"}],"about":[{"href":"https:\/\/kibrisdakik.com\/index.php?rest_route=\/wp\/v2\/types\/post"}],"author":[{"embeddable":true,"href":"https:\/\/kibrisdakik.com\/index.php?rest_route=\/wp\/v2\/users\/1"}],"replies":[{"embeddable":true,"href":"https:\/\/kibrisdakik.com\/index.php?rest_route=%2Fwp%2Fv2%2Fcomments&post=42392"}],"version-history":[{"count":0,"href":"https:\/\/kibrisdakik.com\/index.php?rest_route=\/wp\/v2\/posts\/42392\/revisions"}],"wp:featuredmedia":[{"embeddable":true,"href":"https:\/\/kibrisdakik.com\/index.php?rest_route=\/wp\/v2\/media\/42393"}],"wp:attachment":[{"href":"https:\/\/kibrisdakik.com\/index.php?rest_route=%2Fwp%2Fv2%2Fmedia&parent=42392"}],"wp:term":[{"taxonomy":"category","embeddable":true,"href":"https:\/\/kibrisdakik.com\/index.php?rest_route=%2Fwp%2Fv2%2Fcategories&post=42392"},{"taxonomy":"post_tag","embeddable":true,"href":"https:\/\/kibrisdakik.com\/index.php?rest_route=%2Fwp%2Fv2%2Ftags&post=42392"}],"curies":[{"name":"wp","href":"https:\/\/api.w.org\/{rel}","templated":true}]}}