{"id":42426,"date":"2024-05-20T08:29:45","date_gmt":"2024-05-20T08:29:45","guid":{"rendered":"https:\/\/kibrisdakik.com\/index.php\/2024\/05\/20\/turkiye-cumhurbaskani-erdogan-iranin-yaninda-olacagiz\/"},"modified":"2024-05-20T08:29:45","modified_gmt":"2024-05-20T08:29:45","slug":"turkiye-cumhurbaskani-erdogan-iranin-yaninda-olacagiz","status":"publish","type":"post","link":"https:\/\/kibrisdakik.com\/?p=42426","title":{"rendered":"T\u00fcrkiye Cumhurba\u015fkan\u0131 Erdo\u011fan: \u0130ran\u2019\u0131n yan\u0131nda olaca\u011f\u0131z"},"content":{"rendered":"<p><img decoding=\"async\" src=\"https:\/\/www.kibristurk.com\/images\/haberler\/2024\/05\/turkiye-cumhurbaskani-erdogan-iranin-yaninda-olacagiz-1716192788.webp\" \/><\/p>\n<p>T\u00fcrkiye Cumhurba\u015fkan\u0131 Recep Tayyip Erdo\u011fan,&nbsp;\u0130ran Cumhurba\u015fkan\u0131 \u0130brahim Reisi&#8217;nin helikopter kazas\u0131nda hayat\u0131n\u0131 kaybetmesiyle ilgili taziye mesaj\u0131 yay\u0131nlad\u0131.<\/p>\n<p>Erdo\u011fan payla\u015f\u0131m\u0131nda \u015fu ifadeleri kulland\u0131:<\/p>\n<p>&#8220;Ge\u00e7irdi\u011fi helikopter kazas\u0131nda maalesef vefat etti\u011fini \u00f6\u011frendi\u011fimiz, de\u011ferli mevkida\u015f\u0131m, karde\u015fim, \u0130ran \u0130slam Cumhuriyeti Cumhurba\u015fkan\u0131 Say\u0131n \u0130brahim Reisi\u2019ye Cenab-\u0131 Allah\u2019tan rahmet niyaz ediyorum. Merhum Reisi ile ayn\u0131 helikopterde hayat\u0131n\u0131 kaybeden \u0130ran D\u0131\u015fi\u015fleri Bakan\u0131 ve di\u011fer ki\u015filere de Allah\u2019tan rahmet diliyorum. Ba\u015fta \u0130ran \u0130slam Cumhuriyeti\u2019nin Din\u00ee Lideri Say\u0131n Ali Hamaney olmak \u00fczere, dost ve karde\u015f \u0130ran halk\u0131na, h\u00fck\u00fbmetine, Say\u0131n Reisi\u2019nin ve di\u011fer merhumlar\u0131n ailelerine en derin taziyelerimi iletiyorum.<\/p>\n<p>G\u00f6revde oldu\u011fu s\u00fcre boyunca \u0130ran halk\u0131n\u0131n ve b\u00f6lgemizin huzuru i\u00e7in verdi\u011fi \u00e7abalara bizzat \u015fahitlik eden bir mevkida\u015f\u0131 olarak, Say\u0131n Reisi\u2019yi sayg\u0131yla ve minnetle y\u00e2d ediyorum. T\u00fcrkiye olarak pek \u00e7ok kez oldu\u011fu gibi bu zor ve m\u00fcessif g\u00fcnlerinde de kom\u015fumuz \u0130ran\u2019\u0131n yan\u0131nda olaca\u011f\u0131z.&#8221;<\/p>\n","protected":false},"excerpt":{"rendered":"<p>T\u00fcrkiye Cumhurba\u015fkan\u0131 Recep Tayyip Erdo\u011fan,&nbsp;\u0130ran Cumhurba\u015fkan\u0131 \u0130brahim Reisi&#8217;nin helikopter kazas\u0131nda hayat\u0131n\u0131 kaybetmesiyle ilgili taziye mesaj\u0131 yay\u0131nlad\u0131. Erdo\u011fan payla\u015f\u0131m\u0131nda \u015fu ifadeleri kulland\u0131: &#8220;Ge\u00e7irdi\u011fi helikopter kazas\u0131nda maalesef vefat etti\u011fini \u00f6\u011frendi\u011fimiz, de\u011ferli mevkida\u015f\u0131m, karde\u015fim, \u0130ran \u0130slam Cumhuriyeti Cumhurba\u015fkan\u0131 Say\u0131n \u0130brahim Reisi\u2019ye Cenab-\u0131 Allah\u2019tan rahmet niyaz ediyorum. Merhum Reisi ile ayn\u0131 helikopterde hayat\u0131n\u0131 kaybeden \u0130ran D\u0131\u015fi\u015fleri Bakan\u0131 ve di\u011fer<\/p>\n","protected":false},"author":1,"featured_media":42427,"comment_status":"open","ping_status":"open","sticky":false,"template":"","format":"standard","meta":{"footnotes":""},"categories":[85],"tags":[],"class_list":["post-42426","post","type-post","status-publish","format-standard","has-post-thumbnail","hentry","category-spor"],"yoast_head":"<!-- This site is optimized with the Yoast SEO plugin v27.4 - https:\/\/yoast.com\/product\/yoast-seo-wordpress\/ -->\n<title>T\u00fcrkiye Cumhurba\u015fkan\u0131 Erdo\u011fan: \u0130ran\u2019\u0131n yan\u0131nda olaca\u011f\u0131z -<\/title>\n<meta name=\"robots\" content=\"index, follow, max-snippet:-1, max-image-preview:large, max-video-preview:-1\" \/>\n<link rel=\"canonical\" href=\"https:\/\/kibrisdakik.com\/?p=42426\" \/>\n<meta property=\"og:locale\" content=\"tr_TR\" \/>\n<meta property=\"og:type\" content=\"article\" \/>\n<meta property=\"og:title\" content=\"T\u00fcrkiye Cumhurba\u015fkan\u0131 Erdo\u011fan: \u0130ran\u2019\u0131n yan\u0131nda olaca\u011f\u0131z -\" \/>\n<meta property=\"og:description\" content=\"T\u00fcrkiye Cumhurba\u015fkan\u0131 Recep Tayyip Erdo\u011fan,&nbsp;\u0130ran Cumhurba\u015fkan\u0131 \u0130brahim Reisi&#8217;nin helikopter kazas\u0131nda hayat\u0131n\u0131 kaybetmesiyle ilgili taziye mesaj\u0131 yay\u0131nlad\u0131. Erdo\u011fan payla\u015f\u0131m\u0131nda \u015fu ifadeleri kulland\u0131: &#8220;Ge\u00e7irdi\u011fi helikopter kazas\u0131nda maalesef vefat etti\u011fini \u00f6\u011frendi\u011fimiz, de\u011ferli mevkida\u015f\u0131m, karde\u015fim, \u0130ran \u0130slam Cumhuriyeti Cumhurba\u015fkan\u0131 Say\u0131n \u0130brahim Reisi\u2019ye Cenab-\u0131 Allah\u2019tan rahmet niyaz ediyorum. Merhum Reisi ile ayn\u0131 helikopterde hayat\u0131n\u0131 kaybeden \u0130ran D\u0131\u015fi\u015fleri Bakan\u0131 ve di\u011fer\" \/>\n<meta property=\"og:url\" content=\"https:\/\/kibrisdakik.com\/?p=42426\" \/>\n<meta property=\"article:published_time\" content=\"2024-05-20T08:29:45+00:00\" \/>\n<meta property=\"og:image\" content=\"https:\/\/kibrisdakik.com\/wp-content\/uploads\/2024\/05\/turkiye-cumhurbaskani-erdogan-iranin-yaninda-olacagiz-1716192788.webp.webp\" \/>\n\t<meta property=\"og:image:width\" content=\"710\" \/>\n\t<meta property=\"og:image:height\" content=\"370\" \/>\n\t<meta property=\"og:image:type\" content=\"image\/webp\" \/>\n<meta name=\"author\" content=\"admin\" \/>\n<meta name=\"twitter:card\" content=\"summary_large_image\" \/>\n<meta name=\"twitter:label1\" content=\"Yazan:\" \/>\n\t<meta name=\"twitter:data1\" content=\"admin\" \/>\n\t<meta name=\"twitter:label2\" content=\"Tahmini okuma s\u00fcresi\" \/>\n\t<meta name=\"twitter:data2\" content=\"1 dakika\" \/>\n<script type=\"application\/ld+json\" class=\"yoast-schema-graph\">{\"@context\":\"https:\\\/\\\/schema.org\",\"@graph\":[{\"@type\":\"Article\",\"@id\":\"https:\\\/\\\/kibrisdakik.com\\\/?p=42426#article\",\"isPartOf\":{\"@id\":\"https:\\\/\\\/kibrisdakik.com\\\/?p=42426\"},\"author\":{\"name\":\"admin\",\"@id\":\"https:\\\/\\\/kibrisdakik.com\\\/#\\\/schema\\\/person\\\/9cd9d437bbb44f72b73ba127e06d8e79\"},\"headline\":\"T\u00fcrkiye Cumhurba\u015fkan\u0131 Erdo\u011fan: \u0130ran\u2019\u0131n yan\u0131nda olaca\u011f\u0131z\",\"datePublished\":\"2024-05-20T08:29:45+00:00\",\"mainEntityOfPage\":{\"@id\":\"https:\\\/\\\/kibrisdakik.com\\\/?p=42426\"},\"wordCount\":201,\"commentCount\":0,\"image\":{\"@id\":\"https:\\\/\\\/kibrisdakik.com\\\/?p=42426#primaryimage\"},\"thumbnailUrl\":\"https:\\\/\\\/kibrisdakik.com\\\/wp-content\\\/uploads\\\/2024\\\/05\\\/turkiye-cumhurbaskani-erdogan-iranin-yaninda-olacagiz-1716192788.webp.webp\",\"articleSection\":[\"Spor\"],\"inLanguage\":\"tr\",\"potentialAction\":[{\"@type\":\"CommentAction\",\"name\":\"Comment\",\"target\":[\"https:\\\/\\\/kibrisdakik.com\\\/?p=42426#respond\"]}]},{\"@type\":\"WebPage\",\"@id\":\"https:\\\/\\\/kibrisdakik.com\\\/?p=42426\",\"url\":\"https:\\\/\\\/kibrisdakik.com\\\/?p=42426\",\"name\":\"T\u00fcrkiye Cumhurba\u015fkan\u0131 Erdo\u011fan: \u0130ran\u2019\u0131n yan\u0131nda olaca\u011f\u0131z -\",\"isPartOf\":{\"@id\":\"https:\\\/\\\/kibrisdakik.com\\\/#website\"},\"primaryImageOfPage\":{\"@id\":\"https:\\\/\\\/kibrisdakik.com\\\/?p=42426#primaryimage\"},\"image\":{\"@id\":\"https:\\\/\\\/kibrisdakik.com\\\/?p=42426#primaryimage\"},\"thumbnailUrl\":\"https:\\\/\\\/kibrisdakik.com\\\/wp-content\\\/uploads\\\/2024\\\/05\\\/turkiye-cumhurbaskani-erdogan-iranin-yaninda-olacagiz-1716192788.webp.webp\",\"datePublished\":\"2024-05-20T08:29:45+00:00\",\"author\":{\"@id\":\"https:\\\/\\\/kibrisdakik.com\\\/#\\\/schema\\\/person\\\/9cd9d437bbb44f72b73ba127e06d8e79\"},\"breadcrumb\":{\"@id\":\"https:\\\/\\\/kibrisdakik.com\\\/?p=42426#breadcrumb\"},\"inLanguage\":\"tr\",\"potentialAction\":[{\"@type\":\"ReadAction\",\"target\":[\"https:\\\/\\\/kibrisdakik.com\\\/?p=42426\"]}]},{\"@type\":\"ImageObject\",\"inLanguage\":\"tr\",\"@id\":\"https:\\\/\\\/kibrisdakik.com\\\/?p=42426#primaryimage\",\"url\":\"https:\\\/\\\/kibrisdakik.com\\\/wp-content\\\/uploads\\\/2024\\\/05\\\/turkiye-cumhurbaskani-erdogan-iranin-yaninda-olacagiz-1716192788.webp.webp\",\"contentUrl\":\"https:\\\/\\\/kibrisdakik.com\\\/wp-content\\\/uploads\\\/2024\\\/05\\\/turkiye-cumhurbaskani-erdogan-iranin-yaninda-olacagiz-1716192788.webp.webp\",\"width\":710,\"height\":370},{\"@type\":\"BreadcrumbList\",\"@id\":\"https:\\\/\\\/kibrisdakik.com\\\/?p=42426#breadcrumb\",\"itemListElement\":[{\"@type\":\"ListItem\",\"position\":1,\"name\":\"Home\",\"item\":\"https:\\\/\\\/kibrisdakik.com\\\/\"},{\"@type\":\"ListItem\",\"position\":2,\"name\":\"T\u00fcrkiye Cumhurba\u015fkan\u0131 Erdo\u011fan: \u0130ran\u2019\u0131n yan\u0131nda olaca\u011f\u0131z\"}]},{\"@type\":\"WebSite\",\"@id\":\"https:\\\/\\\/kibrisdakik.com\\\/#website\",\"url\":\"https:\\\/\\\/kibrisdakik.com\\\/\",\"name\":\"\",\"description\":\"Tam vaktinde haber\",\"potentialAction\":[{\"@type\":\"SearchAction\",\"target\":{\"@type\":\"EntryPoint\",\"urlTemplate\":\"https:\\\/\\\/kibrisdakik.com\\\/?s={search_term_string}\"},\"query-input\":{\"@type\":\"PropertyValueSpecification\",\"valueRequired\":true,\"valueName\":\"search_term_string\"}}],\"inLanguage\":\"tr\"},{\"@type\":\"Person\",\"@id\":\"https:\\\/\\\/kibrisdakik.com\\\/#\\\/schema\\\/person\\\/9cd9d437bbb44f72b73ba127e06d8e79\",\"name\":\"admin\",\"image\":{\"@type\":\"ImageObject\",\"inLanguage\":\"tr\",\"@id\":\"https:\\\/\\\/secure.gravatar.com\\\/avatar\\\/ccc17943b9d660506c869530f897617f7cb1c21a4bf30023f252596d83e1f007?s=96&d=mm&r=g\",\"url\":\"https:\\\/\\\/secure.gravatar.com\\\/avatar\\\/ccc17943b9d660506c869530f897617f7cb1c21a4bf30023f252596d83e1f007?s=96&d=mm&r=g\",\"contentUrl\":\"https:\\\/\\\/secure.gravatar.com\\\/avatar\\\/ccc17943b9d660506c869530f897617f7cb1c21a4bf30023f252596d83e1f007?s=96&d=mm&r=g\",\"caption\":\"admin\"},\"sameAs\":[\"https:\\\/\\\/kibrisdakik.com\"],\"url\":\"https:\\\/\\\/kibrisdakik.com\\\/?author=1\"}]}<\/script>\n<!-- \/ Yoast SEO plugin. -->","yoast_head_json":{"title":"T\u00fcrkiye Cumhurba\u015fkan\u0131 Erdo\u011fan: \u0130ran\u2019\u0131n yan\u0131nda olaca\u011f\u0131z -","robots":{"index":"index","follow":"follow","max-snippet":"max-snippet:-1","max-image-preview":"max-image-preview:large","max-video-preview":"max-video-preview:-1"},"canonical":"https:\/\/kibrisdakik.com\/?p=42426","og_locale":"tr_TR","og_type":"article","og_title":"T\u00fcrkiye Cumhurba\u015fkan\u0131 Erdo\u011fan: \u0130ran\u2019\u0131n yan\u0131nda olaca\u011f\u0131z -","og_description":"T\u00fcrkiye Cumhurba\u015fkan\u0131 Recep Tayyip Erdo\u011fan,&nbsp;\u0130ran Cumhurba\u015fkan\u0131 \u0130brahim Reisi&#8217;nin helikopter kazas\u0131nda hayat\u0131n\u0131 kaybetmesiyle ilgili taziye mesaj\u0131 yay\u0131nlad\u0131. Erdo\u011fan payla\u015f\u0131m\u0131nda \u015fu ifadeleri kulland\u0131: &#8220;Ge\u00e7irdi\u011fi helikopter kazas\u0131nda maalesef vefat etti\u011fini \u00f6\u011frendi\u011fimiz, de\u011ferli mevkida\u015f\u0131m, karde\u015fim, \u0130ran \u0130slam Cumhuriyeti Cumhurba\u015fkan\u0131 Say\u0131n \u0130brahim Reisi\u2019ye Cenab-\u0131 Allah\u2019tan rahmet niyaz ediyorum. Merhum Reisi ile ayn\u0131 helikopterde hayat\u0131n\u0131 kaybeden \u0130ran D\u0131\u015fi\u015fleri Bakan\u0131 ve di\u011fer","og_url":"https:\/\/kibrisdakik.com\/?p=42426","article_published_time":"2024-05-20T08:29:45+00:00","og_image":[{"width":710,"height":370,"url":"https:\/\/kibrisdakik.com\/wp-content\/uploads\/2024\/05\/turkiye-cumhurbaskani-erdogan-iranin-yaninda-olacagiz-1716192788.webp.webp","type":"image\/webp"}],"author":"admin","twitter_card":"summary_large_image","twitter_misc":{"Yazan:":"admin","Tahmini okuma s\u00fcresi":"1 dakika"},"schema":{"@context":"https:\/\/schema.org","@graph":[{"@type":"Article","@id":"https:\/\/kibrisdakik.com\/?p=42426#article","isPartOf":{"@id":"https:\/\/kibrisdakik.com\/?p=42426"},"author":{"name":"admin","@id":"https:\/\/kibrisdakik.com\/#\/schema\/person\/9cd9d437bbb44f72b73ba127e06d8e79"},"headline":"T\u00fcrkiye Cumhurba\u015fkan\u0131 Erdo\u011fan: \u0130ran\u2019\u0131n yan\u0131nda olaca\u011f\u0131z","datePublished":"2024-05-20T08:29:45+00:00","mainEntityOfPage":{"@id":"https:\/\/kibrisdakik.com\/?p=42426"},"wordCount":201,"commentCount":0,"image":{"@id":"https:\/\/kibrisdakik.com\/?p=42426#primaryimage"},"thumbnailUrl":"https:\/\/kibrisdakik.com\/wp-content\/uploads\/2024\/05\/turkiye-cumhurbaskani-erdogan-iranin-yaninda-olacagiz-1716192788.webp.webp","articleSection":["Spor"],"inLanguage":"tr","potentialAction":[{"@type":"CommentAction","name":"Comment","target":["https:\/\/kibrisdakik.com\/?p=42426#respond"]}]},{"@type":"WebPage","@id":"https:\/\/kibrisdakik.com\/?p=42426","url":"https:\/\/kibrisdakik.com\/?p=42426","name":"T\u00fcrkiye Cumhurba\u015fkan\u0131 Erdo\u011fan: \u0130ran\u2019\u0131n yan\u0131nda olaca\u011f\u0131z -","isPartOf":{"@id":"https:\/\/kibrisdakik.com\/#website"},"primaryImageOfPage":{"@id":"https:\/\/kibrisdakik.com\/?p=42426#primaryimage"},"image":{"@id":"https:\/\/kibrisdakik.com\/?p=42426#primaryimage"},"thumbnailUrl":"https:\/\/kibrisdakik.com\/wp-content\/uploads\/2024\/05\/turkiye-cumhurbaskani-erdogan-iranin-yaninda-olacagiz-1716192788.webp.webp","datePublished":"2024-05-20T08:29:45+00:00","author":{"@id":"https:\/\/kibrisdakik.com\/#\/schema\/person\/9cd9d437bbb44f72b73ba127e06d8e79"},"breadcrumb":{"@id":"https:\/\/kibrisdakik.com\/?p=42426#breadcrumb"},"inLanguage":"tr","potentialAction":[{"@type":"ReadAction","target":["https:\/\/kibrisdakik.com\/?p=42426"]}]},{"@type":"ImageObject","inLanguage":"tr","@id":"https:\/\/kibrisdakik.com\/?p=42426#primaryimage","url":"https:\/\/kibrisdakik.com\/wp-content\/uploads\/2024\/05\/turkiye-cumhurbaskani-erdogan-iranin-yaninda-olacagiz-1716192788.webp.webp","contentUrl":"https:\/\/kibrisdakik.com\/wp-content\/uploads\/2024\/05\/turkiye-cumhurbaskani-erdogan-iranin-yaninda-olacagiz-1716192788.webp.webp","width":710,"height":370},{"@type":"BreadcrumbList","@id":"https:\/\/kibrisdakik.com\/?p=42426#breadcrumb","itemListElement":[{"@type":"ListItem","position":1,"name":"Home","item":"https:\/\/kibrisdakik.com\/"},{"@type":"ListItem","position":2,"name":"T\u00fcrkiye Cumhurba\u015fkan\u0131 Erdo\u011fan: \u0130ran\u2019\u0131n yan\u0131nda olaca\u011f\u0131z"}]},{"@type":"WebSite","@id":"https:\/\/kibrisdakik.com\/#website","url":"https:\/\/kibrisdakik.com\/","name":"","description":"Tam vaktinde haber","potentialAction":[{"@type":"SearchAction","target":{"@type":"EntryPoint","urlTemplate":"https:\/\/kibrisdakik.com\/?s={search_term_string}"},"query-input":{"@type":"PropertyValueSpecification","valueRequired":true,"valueName":"search_term_string"}}],"inLanguage":"tr"},{"@type":"Person","@id":"https:\/\/kibrisdakik.com\/#\/schema\/person\/9cd9d437bbb44f72b73ba127e06d8e79","name":"admin","image":{"@type":"ImageObject","inLanguage":"tr","@id":"https:\/\/secure.gravatar.com\/avatar\/ccc17943b9d660506c869530f897617f7cb1c21a4bf30023f252596d83e1f007?s=96&d=mm&r=g","url":"https:\/\/secure.gravatar.com\/avatar\/ccc17943b9d660506c869530f897617f7cb1c21a4bf30023f252596d83e1f007?s=96&d=mm&r=g","contentUrl":"https:\/\/secure.gravatar.com\/avatar\/ccc17943b9d660506c869530f897617f7cb1c21a4bf30023f252596d83e1f007?s=96&d=mm&r=g","caption":"admin"},"sameAs":["https:\/\/kibrisdakik.com"],"url":"https:\/\/kibrisdakik.com\/?author=1"}]}},"_links":{"self":[{"href":"https:\/\/kibrisdakik.com\/index.php?rest_route=\/wp\/v2\/posts\/42426","targetHints":{"allow":["GET"]}}],"collection":[{"href":"https:\/\/kibrisdakik.com\/index.php?rest_route=\/wp\/v2\/posts"}],"about":[{"href":"https:\/\/kibrisdakik.com\/index.php?rest_route=\/wp\/v2\/types\/post"}],"author":[{"embeddable":true,"href":"https:\/\/kibrisdakik.com\/index.php?rest_route=\/wp\/v2\/users\/1"}],"replies":[{"embeddable":true,"href":"https:\/\/kibrisdakik.com\/index.php?rest_route=%2Fwp%2Fv2%2Fcomments&post=42426"}],"version-history":[{"count":0,"href":"https:\/\/kibrisdakik.com\/index.php?rest_route=\/wp\/v2\/posts\/42426\/revisions"}],"wp:featuredmedia":[{"embeddable":true,"href":"https:\/\/kibrisdakik.com\/index.php?rest_route=\/wp\/v2\/media\/42427"}],"wp:attachment":[{"href":"https:\/\/kibrisdakik.com\/index.php?rest_route=%2Fwp%2Fv2%2Fmedia&parent=42426"}],"wp:term":[{"taxonomy":"category","embeddable":true,"href":"https:\/\/kibrisdakik.com\/index.php?rest_route=%2Fwp%2Fv2%2Fcategories&post=42426"},{"taxonomy":"post_tag","embeddable":true,"href":"https:\/\/kibrisdakik.com\/index.php?rest_route=%2Fwp%2Fv2%2Ftags&post=42426"}],"curies":[{"name":"wp","href":"https:\/\/api.w.org\/{rel}","templated":true}]}}