{"id":42461,"date":"2024-05-20T12:54:00","date_gmt":"2024-05-20T12:54:00","guid":{"rendered":"https:\/\/kibrisdakik.com\/index.php\/2024\/05\/20\/mecliste-et-konusu-tartisildi-2\/"},"modified":"2024-05-20T12:54:00","modified_gmt":"2024-05-20T12:54:00","slug":"mecliste-et-konusu-tartisildi-2","status":"publish","type":"post","link":"https:\/\/kibrisdakik.com\/?p=42461","title":{"rendered":"Mecliste et konusu tart\u0131\u015f\u0131ld\u0131"},"content":{"rendered":"<p><img decoding=\"async\" src=\"https:\/\/www.kibristurk.com\/images\/haberler\/2024\/05\/mecliste-et-konusu-tartisildi-1716209716.webp\" \/><\/p>\n<p style=\"text-align:left\"><span style=\"font-size:16px\"><span style=\"font-family:Merriweather,serif !important\"><span style=\"color:#000000\"><span style=\"background-color:#ffffff\"><span style=\"font-size:16px !important\"><span style=\"font-family:Merriweather,serif !important\"><span style=\"color:#000000 !important\">CTP Genel Ba\u015fkan\u0131 Tufan Erh\u00fcrman, Meclis Genel Kurulunda s\u00f6z ald\u0131. Et konusunda konu\u015fan Erh\u00fcrman, hayvanc\u0131, kasap, t\u00fcketici ve ekonomiyi ilgilendiren et konusuyla ilgili hayvanc\u0131lar birli\u011finin eylem yapt\u0131\u011f\u0131n\u0131 ifade etti, h\u00fck\u00fcmete ele\u015ftirilerde bulundu.<\/span><\/span><\/span><\/span><\/span><\/span><\/span><\/p>\n<p style=\"text-align:left\"><span style=\"font-size:16px\"><span style=\"font-family:Merriweather,serif !important\"><span style=\"color:#000000\"><span style=\"background-color:#ffffff\"><span style=\"font-size:16px !important\"><span style=\"font-family:Merriweather,serif !important\"><span style=\"color:#000000 !important\">Erh\u00fcrman, bu konuda uzun bir s\u00fcre\u00e7 ya\u015fand\u0131\u011f\u0131n\u0131 ve \u00e7\u00f6z\u00fcm\u00fcn bulunmu\u015f olmas\u0131 gerekti\u011fini, ancak bu i\u015fin gelinen noktada gerginli\u011fe d\u00f6n\u00fc\u015ft\u00fc\u011f\u00fcn\u00fc ve al\u0131nmas\u0131 gereken do\u011fru kararlar\u0131n al\u0131namad\u0131\u011f\u0131n\u0131 s\u00f6yledi.<\/span><\/span><\/span><\/span><\/span><\/span><\/span><\/p>\n<p style=\"text-align:left\"><span style=\"font-size:16px\"><span style=\"font-family:Merriweather,serif !important\"><span style=\"color:#000000\"><span style=\"background-color:#ffffff\"><span style=\"font-size:16px !important\"><span style=\"font-family:Merriweather,serif !important\"><span style=\"color:#000000 !important\">Hayvanc\u0131 ile kasaplar\u0131n birbirine k\u0131rd\u0131r\u0131ld\u0131\u011f\u0131n\u0131, ancak h\u00fck\u00fcmetin ald\u0131\u011f\u0131 donmu\u015f et ithaline izin veren karara iki taraf\u0131n da kar\u015f\u0131 \u00e7\u0131kt\u0131\u011f\u0131n\u0131 ifade eden Erh\u00fcrman, h\u00fck\u00fcmetin karar\u0131n\u0131n sa\u011fl\u0131kl\u0131 et konusunda endi\u015feleri de beraberinde getirdi\u011fini kaydetti.<\/span><\/span><\/span><\/span><\/span><\/span><\/span><\/p>\n<p style=\"text-align:left\"><span style=\"font-size:16px\"><span style=\"font-family:Merriweather,serif !important\"><span style=\"color:#000000\"><span style=\"background-color:#ffffff\"><span style=\"font-size:16px !important\"><span style=\"font-family:Merriweather,serif !important\"><span style=\"color:#000000 !important\">Erh\u00fcrman, ilk olarak verilerin bilinmesinin \u00f6nemine i\u015faret ederek, \u00fclkede et ihtiyac\u0131, hayvan varl\u0131\u011f\u0131, n\u00fcfus bilinmeden hareket edilmeye \u00e7al\u0131\u015f\u0131ld\u0131\u011f\u0131n\u0131 kaydetti, \u00e7\u00f6z\u00fcm \u00fczerine \u00f6nerilerde bulundu.<\/span><\/span><\/span><\/span><\/span><\/span><\/span><\/p>\n<p style=\"text-align:left\"><span style=\"font-size:16px\"><span style=\"font-family:Merriweather,serif !important\"><span style=\"color:#000000\"><span style=\"background-color:#ffffff\"><span style=\"font-size:16px !important\"><span style=\"font-family:Merriweather,serif !important\"><span style=\"color:#000000 !important\">Ger\u00e7ek verilere ula\u015f\u0131lmas\u0131n\u0131n \u00f6nem ta\u015f\u0131d\u0131\u011f\u0131n\u0131 ifade eden Erh\u00fcrman, donmu\u015f et ile ilgili plan\u0131n ne oldu\u011funu, ka\u00e7 ay daha getirilece\u011fini sordu, sa\u011fl\u0131kl\u0131 ger\u00e7ek verilerle bunun belirlenebilece\u011fini s\u00f6yledi.<\/span><\/span><\/span><\/span><\/span><\/span><\/span><\/p>\n<p style=\"text-align:left\"><span style=\"font-size:16px\"><span style=\"font-family:Merriweather,serif !important\"><span style=\"color:#000000\"><span style=\"background-color:#ffffff\"><span style=\"font-size:16px !important\"><span style=\"font-family:Merriweather,serif !important\"><span style=\"color:#000000 !important\">Erh\u00fcrman, kasaplar\u0131n, hayvanc\u0131n\u0131n bundan memnun olmad\u0131\u011f\u0131n\u0131, t\u00fcketicinin de sadece fiyat de\u011fil, sa\u011fl\u0131kl\u0131 et a\u00e7\u0131s\u0131ndan memnun olmad\u0131\u011f\u0131n\u0131 ifade ederek, g\u0131daya g\u00fcven olmay\u0131nca G\u00fcneye ka\u00e7\u0131\u015f ihtimalinin y\u00fckseldi\u011fini kaydetti ve bunun ekonomiye zarar verece\u011fine i\u015faret etti. &nbsp;&nbsp;&nbsp;<\/span><\/span><\/span><\/span><\/span><\/span><\/span><\/p>\n<p style=\"text-align:left\"><span style=\"font-size:16px\"><span style=\"font-family:Merriweather,serif !important\"><span style=\"color:#000000\"><span style=\"background-color:#ffffff\"><span style=\"font-size:16px !important\"><span style=\"font-family:Merriweather,serif !important\"><span style=\"color:#000000 !important\">Et ile ilgili endi\u015felerin dikkate al\u0131nmas\u0131 gerekti\u011fini belirten Erh\u00fcrman, bir plan i\u00e7inde bu s\u00fcrecin y\u00fcr\u00fct\u00fclmesinin \u00f6nemine vurgu yapt\u0131, sorunlar\u0131n sonucunun ciddiyetle ve \u00f6ng\u00f6r\u00fcyle sa\u011flanabilece\u011fini s\u00f6yledi.<\/span><\/span><\/span><\/span><\/span><\/span><\/span><\/p>\n<p style=\"text-align:left\"><span style=\"font-size:16px\"><span style=\"font-family:Merriweather,serif !important\"><span style=\"color:#000000\"><span style=\"background-color:#ffffff\"><span style=\"font-size:16px !important\"><span style=\"font-family:Merriweather,serif !important\"><span style=\"color:#000000 !important\">T\u00fcketicinin de kendini rahat hissedece\u011fi bir yere y\u00f6nelece\u011fini, kasap ve hayvanc\u0131n\u0131n da buna kar\u015f\u0131 ne yapaca\u011f\u0131n\u0131n \u00f6nem ta\u015f\u0131d\u0131\u011f\u0131n\u0131 ifade eden Erh\u00fcrman, bu sorunlar\u0131n \u00e7\u00f6z\u00fcm\u00fc i\u00e7in t\u00fcm taraflarla bir araya gelip, g\u00fcven olu\u015facak bir ortam yarat\u0131lmas\u0131 gerekti\u011fini kaydetti.<\/span><\/span><\/span><\/span><\/span><\/span><\/span><\/p>\n<p style=\"text-align:left\"><span style=\"font-size:16px\"><span style=\"font-family:Merriweather,serif !important\"><span style=\"color:#000000\"><span style=\"background-color:#ffffff\"><span style=\"font-size:16px !important\"><span style=\"font-family:Merriweather,serif !important\"><span style=\"color:#000000 !important\">Et t\u00fcketilirken g\u00fcven kayb\u0131 olmamas\u0131n\u0131n \u00f6nemine vurgu yapan Erh\u00fcrman, yerli \u00fcretimin korunmas\u0131n\u0131n, t\u00fcketicinin rahat olmas\u0131 ve s\u00fcrd\u00fcr\u00fclebilir bir ekonomi i\u00e7in gerekli oldu\u011funu belirtti.<\/span><\/span><\/span><\/span><\/span><\/span><\/span><\/p>\n<p style=\"text-align:left\"><span style=\"font-size:16px\"><span style=\"font-family:Merriweather,serif !important\"><span style=\"color:#000000\"><span style=\"background-color:#ffffff\"><span style=\"font-size:16px !important\"><span style=\"font-family:Merriweather,serif !important\"><span style=\"color:#000000 !important\">T\u00fcm bu alanlar\u0131n al\u0131nan et karar\u0131yla riske at\u0131ld\u0131\u011f\u0131n\u0131 ve bunun kabul edilebilir olmad\u0131\u011f\u0131n\u0131 ifade eden Erh\u00fcrman, narenciyede yarat\u0131lan belirsizli\u011fin, et konusunda da yarat\u0131ld\u0131\u011f\u0131n\u0131; belirsiz, s\u00fcrd\u00fcr\u00fclebilir olmayan bir durum yarat\u0131ld\u0131\u011f\u0131n\u0131 s\u00f6yledi.<\/span><\/span><\/span><\/span><\/span><\/span><\/span><\/p>\n<p style=\"text-align:left\"><span style=\"font-size:16px\"><span style=\"font-family:Merriweather,serif !important\"><span style=\"color:#000000\"><span style=\"background-color:#ffffff\"><span style=\"font-size:16px !important\"><span style=\"font-family:Merriweather,serif !important\"><span style=\"color:#000000 !important\">Erh\u00fcrman, et konusunda planlaman\u0131n ne oldu\u011funu, verilerle birlikte duymak istediklerini kaydetti.<\/span><\/span><\/span><\/span><\/span><\/span><\/span><\/p>\n<p style=\"text-align:left\"><span style=\"font-size:16px\"><span style=\"font-family:Merriweather,serif !important\"><span style=\"color:#000000\"><span style=\"background-color:#ffffff\"><span style=\"font-size:16px !important\"><span style=\"font-family:Merriweather,serif !important\"><span style=\"color:#000000 !important\">-K\u0131br\u0131s konusunda ola\u011fan\u00fcst\u00fc birle\u015fim \u00f6nergesi<\/span><\/span><\/span><\/span><\/span><\/span><\/span><\/p>\n<p style=\"text-align:left\"><span style=\"font-size:16px\"><span style=\"font-family:Merriweather,serif !important\"><span style=\"color:#000000\"><span style=\"background-color:#ffffff\"><span style=\"font-size:16px !important\"><span style=\"font-family:Merriweather,serif !important\"><span style=\"color:#000000 !important\">CTP Genel Ba\u015fkan\u0131 Erh\u00fcrman, K\u0131br\u0131s sorunu konusuna da de\u011finerek, bu konuda bir hareketlenme oldu\u011funu ancak Cumhurba\u015fkan\u0131 Ersin Tatar\u2019dan bilgilendirme olmad\u0131\u011f\u0131n\u0131 ifade etti. Bu \u00e7er\u00e7evede parti ba\u015fkanlar\u0131n\u0131n de\u011fil, Meclisin bilgilendirilmesinin uygun olaca\u011f\u0131n\u0131 d\u00fc\u015f\u00fcnd\u00fcklerini ifade eden Erh\u00fcrman, Meclis Ba\u015fkanl\u0131\u011f\u0131na, 6 Haziran Per\u015fembe g\u00fcn\u00fc ola\u011fan\u00fcst\u00fc birle\u015fim yap\u0131lmas\u0131 i\u00e7in \u00f6nerge sundu. &nbsp;<\/span><\/span><\/span><\/span><\/span><\/span><\/span><\/p>\n<p style=\"text-align:left\"><span style=\"font-size:16px\"><span style=\"font-family:Merriweather,serif !important\"><span style=\"color:#000000\"><span style=\"background-color:#ffffff\"><span style=\"font-size:16px !important\"><span style=\"font-family:Merriweather,serif !important\"><span style=\"color:#000000 !important\">-\u00c7avu\u015f<\/span><\/span><\/span><\/span><\/span><\/span><\/span><\/p>\n<p style=\"text-align:left\"><span style=\"font-size:16px\"><span style=\"font-family:Merriweather,serif !important\"><span style=\"color:#000000\"><span style=\"background-color:#ffffff\"><span style=\"font-size:16px !important\"><span style=\"font-family:Merriweather,serif !important\"><span style=\"color:#000000 !important\">Tar\u0131m ve Do\u011fal Kaynaklar Bakan\u0131 H\u00fcseyin \u00c7avu\u015f da, \u00fcretime, \u00fcreticiye ve t\u00fcketiciye g\u00fcven vermek amac\u0131yla \u00e7al\u0131\u015ft\u0131klar\u0131n\u0131 s\u00f6yledi, ayda 240 denetim yapt\u0131klar\u0131n\u0131 kaydetti.<\/span><\/span><\/span><\/span><\/span><\/span><\/span><\/p>\n<p style=\"text-align:left\"><span style=\"font-size:16px\"><span style=\"font-family:Merriweather,serif !important\"><span style=\"color:#000000\"><span style=\"background-color:#ffffff\"><span style=\"font-size:16px !important\"><span style=\"font-family:Merriweather,serif !important\"><span style=\"color:#000000 !important\">B\u00fcy\u00fcme odakl\u0131 hareket ettiklerini ve destekleri art\u0131rd\u0131klar\u0131n\u0131 anlatan \u00c7avu\u015f, bu destekleri rakamlarla okudu, tar\u0131ma, hayvanc\u0131l\u0131\u011fa verdikleri desteklerin \u00f6nemine vurgu yapt\u0131.<\/span><\/span><\/span><\/span><\/span><\/span><\/span><\/p>\n<p style=\"text-align:left\"><span style=\"font-size:16px\"><span style=\"font-family:Merriweather,serif !important\"><span style=\"color:#000000\"><span style=\"background-color:#ffffff\"><span style=\"font-size:16px !important\"><span style=\"font-family:Merriweather,serif !important\"><span style=\"color:#000000 !important\">\u00c7avu\u015f, art\u0131\u015flar\u0131n, desteklerin ge\u00e7mi\u015f y\u0131la g\u00f6re y\u00fczde y\u00fcz\u00fcn \u00fczerinde oldu\u011funu rakamlarla a\u00e7\u0131klayarak, \u00f6zellikle bu y\u0131l deste\u011fin en y\u00fcksek seviyeye \u00e7\u0131kt\u0131\u011f\u0131n\u0131 vurgulad\u0131.<\/span><\/span><\/span><\/span><\/span><\/span><\/span><\/p>\n<p style=\"text-align:left\"><span style=\"font-size:16px\"><span style=\"font-family:Merriweather,serif !important\"><span style=\"color:#000000\"><span style=\"background-color:#ffffff\"><span style=\"font-size:16px !important\"><span style=\"font-family:Merriweather,serif !important\"><span style=\"color:#000000 !important\">\u00d6zellikle k\u00fc\u00e7\u00fckba\u015fa verilen deste\u011fin y\u00fczde iki y\u00fcz k\u0131rk dokuz art\u0131\u015f g\u00f6sterdi\u011fini ifade eden \u00c7avu\u015f, \u00fcretimdeki t\u00fcm risklerin \u00fcstlenildi\u011fini, \u00fcretime ve \u00fcreticiye g\u00fcvende olmas\u0131 i\u00e7in de desteklerin verildi\u011fini s\u00f6yledi.<\/span><\/span><\/span><\/span><\/span><\/span><\/span><\/p>\n<p style=\"text-align:left\"><span style=\"font-size:16px\"><span style=\"font-family:Merriweather,serif !important\"><span style=\"color:#000000\"><span style=\"background-color:#ffffff\"><span style=\"font-size:16px !important\"><span style=\"font-family:Merriweather,serif !important\"><span style=\"color:#000000 !important\">\u00dcretimin s\u00fcrd\u00fcr\u00fclebilir olmas\u0131 i\u00e7in gereken ad\u0131mlar\u0131n at\u0131ld\u0131\u011f\u0131n\u0131 belirten \u00c7avu\u015f, \u00fcretim ve \u00fcreticinin yan\u0131nda durduklar\u0131n\u0131, girdi maliyetlerini d\u00fc\u015f\u00fcrmek i\u00e7in \u00e7al\u0131\u015ft\u0131klar\u0131n\u0131, yem s\u00fct paritesini koruduklar\u0131n\u0131, h\u00fck\u00fcmetin verdi\u011fi t\u00fcm s\u00f6zleri yerine getirdi\u011fini, destek \u00f6demelerini zaman\u0131nda yapt\u0131\u011f\u0131n\u0131, g\u00fcveni her zaman korumak amac\u0131yla \u00e7al\u0131\u015ft\u0131klar\u0131n\u0131 anlatt\u0131.<\/span><\/span><\/span><\/span><\/span><\/span><\/span><\/p>\n<p style=\"text-align:left\"><span style=\"font-size:16px\"><span style=\"font-family:Merriweather,serif !important\"><span style=\"color:#000000\"><span style=\"background-color:#ffffff\"><span style=\"font-size:16px !important\"><span style=\"font-family:Merriweather,serif !important\"><span style=\"color:#000000 !important\">\u00c7avu\u015f, hedefin, amac\u0131n, s\u00fct d\u00f6ng\u00fcs\u00fcn\u00fcn sa\u011flanmas\u0131, etin de s\u00fctten \u00e7\u0131kt\u0131\u011f\u0131n\u0131, bu ama\u00e7la desteklerle bu planlamay\u0131 yapt\u0131klar\u0131n\u0131 s\u00f6yledi, \u0131slah projesini hayata koyduklar\u0131n\u0131, hayvan varl\u0131\u011f\u0131 konusunda yanl\u0131\u015f bilgi veya belge vermelerinin s\u00f6z konusu olamayaca\u011f\u0131n\u0131 kaydetti.<\/span><\/span><\/span><\/span><\/span><\/span><\/span><\/p>\n<p style=\"text-align:left\"><span style=\"font-size:16px\"><span style=\"font-family:Merriweather,serif !important\"><span style=\"color:#000000\"><span style=\"background-color:#ffffff\"><span style=\"font-size:16px !important\"><span style=\"font-family:Merriweather,serif !important\"><span style=\"color:#000000 !important\">Kulak numaralar\u0131 konusunda da gereken ad\u0131mlar\u0131n at\u0131ld\u0131\u011f\u0131n\u0131, hayvan kesimlerinde, s\u00fct evlerinde hijyenin sa\u011fland\u0131\u011f\u0131n\u0131, s\u00fct depolar\u0131n\u0131n a\u00e7\u0131ld\u0131\u011f\u0131n\u0131 ve a\u00e7\u0131lmaya devam edece\u011fini ifade eden \u00c7avu\u015f, t\u00fcm bunlar\u0131n t\u00fcketime ve \u00fcretim ile \u00fcreticiye g\u00fcven sa\u011flamak ad\u0131na yap\u0131ld\u0131\u011f\u0131n\u0131 anlatt\u0131.<\/span><\/span><\/span><\/span><\/span><\/span><\/span><\/p>\n<p style=\"text-align:left\"><span style=\"font-size:16px\"><span style=\"font-family:Merriweather,serif !important\"><span style=\"color:#000000\"><span style=\"background-color:#ffffff\"><span style=\"font-size:16px !important\"><span style=\"font-family:Merriweather,serif !important\"><span style=\"color:#000000 !important\">\u00c7avu\u015f, t\u00fcm \u00f6demelerin de zaman\u0131nda yap\u0131ld\u0131\u011f\u0131n\u0131 belirterek, \u00fcretim ve \u00fcreticinin yan\u0131nda olmaya devam ettiklerini s\u00f6yledi.<\/span><\/span><\/span><\/span><\/span><\/span><\/span><\/p>\n<p style=\"text-align:left\"><span style=\"font-size:16px\"><span style=\"font-family:Merriweather,serif !important\"><span style=\"color:#000000\"><span style=\"background-color:#ffffff\"><span style=\"font-size:16px !important\"><span style=\"font-family:Merriweather,serif !important\"><span style=\"color:#000000 !important\">Et konusuna da de\u011finen \u00c7avu\u015f, giderlerin, pazarlaman\u0131n \u00f6nemli oldu\u011funu, \u00fclkede g\u00fcnl\u00fck 520 ton s\u00fct \u00e7\u0131kt\u0131\u011f\u0131n\u0131 ancak bunun hi\u00e7 kalmad\u0131\u011f\u0131n\u0131 \u00e7\u00fcnk\u00fc imalat\u00e7\u0131n\u0131n da desteklendi\u011fini, kendisinin de bir \u00fcretici oldu\u011funu ve ger\u00e7ek rakamlar \u00fczerinden en iyi planlamalar\u0131 yapacaklar\u0131n\u0131 kaydetti.<\/span><\/span><\/span><\/span><\/span><\/span><\/span><\/p>\n<p style=\"text-align:left\"><span style=\"font-size:16px\"><span style=\"font-family:Merriweather,serif !important\"><span style=\"color:#000000\"><span style=\"background-color:#ffffff\"><span style=\"font-size:16px !important\"><span style=\"font-family:Merriweather,serif !important\"><span style=\"color:#000000 !important\">Kasaplarla ilgili d\u00fcnyada uygulanan bir hesaplama \u00fczerinden \u00e7al\u0131\u015fma yapt\u0131klar\u0131n\u0131, kasaplar\u0131n da bunu kabul etti\u011fini ifade eden \u00c7avu\u015f, \u00fcretimi b\u00fcy\u00fctmek amac\u0131yla \u00fcretimin desteklendi\u011fini, t\u00fcketicinin de 550 TL\u2019ye et alabilmesi amac\u0131yla destekleri art\u0131rd\u0131klar\u0131n\u0131 anlatt\u0131.<\/span><\/span><\/span><\/span><\/span><\/span><\/span><\/p>\n<p style=\"text-align:left\"><span style=\"font-size:16px\"><span style=\"font-family:Merriweather,serif !important\"><span style=\"color:#000000\"><span style=\"background-color:#ffffff\"><span style=\"font-size:16px !important\"><span style=\"font-family:Merriweather,serif !important\"><span style=\"color:#000000 !important\">\u00c7avu\u015f, hayvanc\u0131l\u0131\u011f\u0131n desteklenmesi ad\u0131na yap\u0131lan \u00e7al\u0131\u015fmalar\u0131 da anlatarak, h\u00fck\u00fcmet olarak et karar\u0131n\u0131 19 Haziran\u2019a kadar ald\u0131klar\u0131n\u0131 \u00e7\u00fcnk\u00fc sonras\u0131nda hayvan \u00fcretimi ve sat\u0131\u015flar\u0131n artaca\u011f\u0131na inand\u0131klar\u0131n\u0131, piyasan\u0131n rahatlayaca\u011f\u0131n\u0131 s\u00f6yledi.<\/span><\/span><\/span><\/span><\/span><\/span><\/span><\/p>\n<p style=\"text-align:left\"><span style=\"font-size:16px\"><span style=\"font-family:Merriweather,serif !important\"><span style=\"color:#000000\"><span style=\"background-color:#ffffff\"><span style=\"font-size:16px !important\"><span style=\"font-family:Merriweather,serif !important\"><span style=\"color:#000000 !important\">G\u00fcney ile Kuzeyi rakamlarla k\u0131yaslayan \u00c7avu\u015f, \u00fclkedeki i\u015fletme say\u0131s\u0131 rakamlar\u0131n\u0131n y\u00fcksekli\u011fine i\u015faret etti, ger\u00e7ek anlamda bir planlama ile bunu d\u00fczelteceklerini, g\u00fcven duygusunu da y\u00fckselteceklerini kaydetti.<\/span><\/span><\/span><\/span><\/span><\/span><\/span><\/p>\n<p style=\"text-align:left\"><span style=\"font-size:16px\"><span style=\"font-family:Merriweather,serif !important\"><span style=\"color:#000000\"><span style=\"background-color:#ffffff\"><span style=\"font-size:16px !important\"><span style=\"font-family:Merriweather,serif !important\"><span style=\"color:#000000 !important\">H\u00fck\u00fcmetin \u00fcreticinin yan\u0131nda oldu\u011funu verdi\u011fi desteklerle g\u00f6sterdi\u011fini ifade eden \u00c7avu\u015f, G\u00fcney&#8217;den daha fazla destek verdiklerini de s\u00f6yledi.<\/span><\/span><\/span><\/span><\/span><\/span><\/span><\/p>\n<p style=\"text-align:left\"><span style=\"font-size:16px\"><span style=\"font-family:Merriweather,serif !important\"><span style=\"color:#000000\"><span style=\"background-color:#ffffff\"><span style=\"font-size:16px !important\"><span style=\"font-family:Merriweather,serif !important\"><span style=\"color:#000000 !important\">Et ithalinin 19 Haziran\u2019da son bulaca\u011f\u0131n\u0131 ancak bu karar uzat\u0131lacaksa taraflarla payla\u015f\u0131laca\u011f\u0131n\u0131 ifade eden \u00c7avu\u015f, hayvanc\u0131n\u0131n elindeki hayvan\u0131 satmad\u0131\u011f\u0131n\u0131, bayramda de\u011ferlendirmek istedi\u011fini kaydetti ve bu \u00f6ng\u00f6r\u00fclerek bu tarihin ortaya \u00e7\u0131kt\u0131\u011f\u0131n\u0131 kaydetti.<\/span><\/span><\/span><\/span><\/span><\/span><\/span><\/p>\n<p style=\"text-align:left\"><span style=\"font-size:16px\"><span style=\"font-family:Merriweather,serif !important\"><span style=\"color:#000000\"><span style=\"background-color:#ffffff\"><span style=\"font-size:16px !important\"><span style=\"font-family:Merriweather,serif !important\"><span style=\"color:#000000 !important\">Narenciye konusunda yap\u0131lan \u00e7al\u0131\u015fmalar\u0131 da anlatan \u00c7avu\u015f, zararl\u0131 b\u00f6ceklerle m\u00fccadelenin s\u00fcrd\u00fc\u011f\u00fcn\u00fc, gelecek&nbsp; hafta da T\u00fcrkiye\u2019den uzmanlarla g\u00f6r\u00fc\u015feceklerini ve gerekli m\u00fccadele yan\u0131nda planlamalar\u0131n yap\u0131laca\u011f\u0131n\u0131 s\u00f6yledi.<\/span><\/span><\/span><\/span><\/span><\/span><\/span><\/p>\n<p style=\"text-align:left\"><span style=\"font-size:16px\"><span style=\"font-family:Merriweather,serif !important\"><span style=\"color:#000000\"><span style=\"background-color:#ffffff\">&nbsp;<\/span><\/span><\/span><\/span><\/p>\n<p style=\"text-align:left\"><span style=\"font-size:16px\"><span style=\"font-family:Merriweather,serif !important\"><span style=\"color:#000000\"><span style=\"background-color:#ffffff\"><span style=\"font-size:16px !important\"><span style=\"font-family:Merriweather,serif !important\"><span style=\"color:#000000 !important\">\u00dcreticilerden sab\u0131r ve anlay\u0131\u015f bekledi\u011fini ifade eden \u00c7avu\u015f, bu yolu ge\u00e7mi\u015fte oldu\u011fu gibi \u015fimdi de \u00fcreticilerle birlikte y\u00fcr\u00fcyeceklerini kaydetti.<\/span><\/span><\/span><\/span><\/span><\/span><\/span><\/p>\n<p style=\"text-align:left\"><span style=\"font-size:16px\"><span style=\"font-family:Merriweather,serif !important\"><span style=\"color:#000000\"><span style=\"background-color:#ffffff\"><span style=\"font-size:16px !important\"><span style=\"font-family:Merriweather,serif !important\"><span style=\"color:#000000 !important\">\u00dcreticinin \u00f6demelerinin g\u00fcn\u00fc g\u00fcn\u00fcne yap\u0131ld\u0131\u011f\u0131n\u0131, devletten alaca\u011f\u0131 olmad\u0131\u011f\u0131n\u0131 ve bu \u00f6demelerin s\u00fcrece\u011fini ifade eden \u00c7avu\u015f, sorular\u0131 da yan\u0131tlad\u0131. \u00dcretimi siyasetten ay\u0131rd\u0131klar\u0131n\u0131 ifade eden \u00c7avu\u015f, siyaset yapmayacaklar\u0131n\u0131, yapmad\u0131klar\u0131n\u0131; \u00fcretimde siyaset olamayaca\u011f\u0131 bilinciyle hareket ettiklerini s\u00f6yledi. Dal\u0131nda kalan narenciyeyi de \u00f6deyeceklerini s\u00f6yleyen \u00c7avu\u015f, \u00fclkede 264 bin k\u00fc\u00e7\u00fckba\u015f hayvan oldu\u011funu ve nisan ay\u0131na kadar 11 bin civar\u0131 kesim oldu\u011funu s\u00f6yledi.<\/span><\/span><\/span><\/span><\/span><\/span><\/span><\/p>\n","protected":false},"excerpt":{"rendered":"<p>CTP Genel Ba\u015fkan\u0131 Tufan Erh\u00fcrman, Meclis Genel Kurulunda s\u00f6z ald\u0131. Et konusunda konu\u015fan Erh\u00fcrman, hayvanc\u0131, kasap, t\u00fcketici ve ekonomiyi ilgilendiren et konusuyla ilgili hayvanc\u0131lar birli\u011finin eylem yapt\u0131\u011f\u0131n\u0131 ifade etti, h\u00fck\u00fcmete ele\u015ftirilerde bulundu. Erh\u00fcrman, bu konuda uzun bir s\u00fcre\u00e7 ya\u015fand\u0131\u011f\u0131n\u0131 ve \u00e7\u00f6z\u00fcm\u00fcn bulunmu\u015f olmas\u0131 gerekti\u011fini, ancak bu i\u015fin gelinen noktada gerginli\u011fe d\u00f6n\u00fc\u015ft\u00fc\u011f\u00fcn\u00fc ve al\u0131nmas\u0131 gereken do\u011fru<\/p>\n","protected":false},"author":1,"featured_media":42462,"comment_status":"open","ping_status":"open","sticky":false,"template":"","format":"standard","meta":{"footnotes":""},"categories":[1],"tags":[],"class_list":["post-42461","post","type-post","status-publish","format-standard","has-post-thumbnail","hentry","category-gundem"],"yoast_head":"<!-- This site is optimized with the Yoast SEO plugin v27.5 - https:\/\/yoast.com\/product\/yoast-seo-wordpress\/ -->\n<title>Mecliste et konusu tart\u0131\u015f\u0131ld\u0131 -<\/title>\n<meta name=\"robots\" content=\"index, follow, max-snippet:-1, max-image-preview:large, max-video-preview:-1\" \/>\n<link rel=\"canonical\" href=\"https:\/\/kibrisdakik.com\/?p=42461\" \/>\n<meta property=\"og:locale\" content=\"tr_TR\" \/>\n<meta property=\"og:type\" content=\"article\" \/>\n<meta property=\"og:title\" content=\"Mecliste et konusu tart\u0131\u015f\u0131ld\u0131 -\" \/>\n<meta property=\"og:description\" content=\"CTP Genel Ba\u015fkan\u0131 Tufan Erh\u00fcrman, Meclis Genel Kurulunda s\u00f6z ald\u0131. Et konusunda konu\u015fan Erh\u00fcrman, hayvanc\u0131, kasap, t\u00fcketici ve ekonomiyi ilgilendiren et konusuyla ilgili hayvanc\u0131lar birli\u011finin eylem yapt\u0131\u011f\u0131n\u0131 ifade etti, h\u00fck\u00fcmete ele\u015ftirilerde bulundu. Erh\u00fcrman, bu konuda uzun bir s\u00fcre\u00e7 ya\u015fand\u0131\u011f\u0131n\u0131 ve \u00e7\u00f6z\u00fcm\u00fcn bulunmu\u015f olmas\u0131 gerekti\u011fini, ancak bu i\u015fin gelinen noktada gerginli\u011fe d\u00f6n\u00fc\u015ft\u00fc\u011f\u00fcn\u00fc ve al\u0131nmas\u0131 gereken do\u011fru\" \/>\n<meta property=\"og:url\" content=\"https:\/\/kibrisdakik.com\/?p=42461\" \/>\n<meta property=\"article:published_time\" content=\"2024-05-20T12:54:00+00:00\" \/>\n<meta property=\"og:image\" content=\"https:\/\/kibrisdakik.com\/wp-content\/uploads\/2024\/05\/mecliste-et-konusu-tartisildi-1716209716.webp.webp\" \/>\n\t<meta property=\"og:image:width\" content=\"710\" \/>\n\t<meta property=\"og:image:height\" content=\"370\" \/>\n\t<meta property=\"og:image:type\" content=\"image\/webp\" \/>\n<meta name=\"author\" content=\"admin\" \/>\n<meta name=\"twitter:card\" content=\"summary_large_image\" \/>\n<meta name=\"twitter:label1\" content=\"Yazan:\" \/>\n\t<meta name=\"twitter:data1\" content=\"admin\" \/>\n\t<meta name=\"twitter:label2\" content=\"Tahmini okuma s\u00fcresi\" \/>\n\t<meta name=\"twitter:data2\" content=\"6 dakika\" \/>\n<script type=\"application\/ld+json\" class=\"yoast-schema-graph\">{\"@context\":\"https:\\\/\\\/schema.org\",\"@graph\":[{\"@type\":\"Article\",\"@id\":\"https:\\\/\\\/kibrisdakik.com\\\/?p=42461#article\",\"isPartOf\":{\"@id\":\"https:\\\/\\\/kibrisdakik.com\\\/?p=42461\"},\"author\":{\"name\":\"admin\",\"@id\":\"https:\\\/\\\/kibrisdakik.com\\\/#\\\/schema\\\/person\\\/9cd9d437bbb44f72b73ba127e06d8e79\"},\"headline\":\"Mecliste et konusu tart\u0131\u015f\u0131ld\u0131\",\"datePublished\":\"2024-05-20T12:54:00+00:00\",\"mainEntityOfPage\":{\"@id\":\"https:\\\/\\\/kibrisdakik.com\\\/?p=42461\"},\"wordCount\":1280,\"commentCount\":0,\"image\":{\"@id\":\"https:\\\/\\\/kibrisdakik.com\\\/?p=42461#primaryimage\"},\"thumbnailUrl\":\"https:\\\/\\\/kibrisdakik.com\\\/wp-content\\\/uploads\\\/2024\\\/05\\\/mecliste-et-konusu-tartisildi-1716209716.webp.webp\",\"articleSection\":[\"G\u00fcndem\"],\"inLanguage\":\"tr\",\"potentialAction\":[{\"@type\":\"CommentAction\",\"name\":\"Comment\",\"target\":[\"https:\\\/\\\/kibrisdakik.com\\\/?p=42461#respond\"]}]},{\"@type\":\"WebPage\",\"@id\":\"https:\\\/\\\/kibrisdakik.com\\\/?p=42461\",\"url\":\"https:\\\/\\\/kibrisdakik.com\\\/?p=42461\",\"name\":\"Mecliste et konusu tart\u0131\u015f\u0131ld\u0131 -\",\"isPartOf\":{\"@id\":\"https:\\\/\\\/kibrisdakik.com\\\/#website\"},\"primaryImageOfPage\":{\"@id\":\"https:\\\/\\\/kibrisdakik.com\\\/?p=42461#primaryimage\"},\"image\":{\"@id\":\"https:\\\/\\\/kibrisdakik.com\\\/?p=42461#primaryimage\"},\"thumbnailUrl\":\"https:\\\/\\\/kibrisdakik.com\\\/wp-content\\\/uploads\\\/2024\\\/05\\\/mecliste-et-konusu-tartisildi-1716209716.webp.webp\",\"datePublished\":\"2024-05-20T12:54:00+00:00\",\"author\":{\"@id\":\"https:\\\/\\\/kibrisdakik.com\\\/#\\\/schema\\\/person\\\/9cd9d437bbb44f72b73ba127e06d8e79\"},\"breadcrumb\":{\"@id\":\"https:\\\/\\\/kibrisdakik.com\\\/?p=42461#breadcrumb\"},\"inLanguage\":\"tr\",\"potentialAction\":[{\"@type\":\"ReadAction\",\"target\":[\"https:\\\/\\\/kibrisdakik.com\\\/?p=42461\"]}]},{\"@type\":\"ImageObject\",\"inLanguage\":\"tr\",\"@id\":\"https:\\\/\\\/kibrisdakik.com\\\/?p=42461#primaryimage\",\"url\":\"https:\\\/\\\/kibrisdakik.com\\\/wp-content\\\/uploads\\\/2024\\\/05\\\/mecliste-et-konusu-tartisildi-1716209716.webp.webp\",\"contentUrl\":\"https:\\\/\\\/kibrisdakik.com\\\/wp-content\\\/uploads\\\/2024\\\/05\\\/mecliste-et-konusu-tartisildi-1716209716.webp.webp\",\"width\":710,\"height\":370},{\"@type\":\"BreadcrumbList\",\"@id\":\"https:\\\/\\\/kibrisdakik.com\\\/?p=42461#breadcrumb\",\"itemListElement\":[{\"@type\":\"ListItem\",\"position\":1,\"name\":\"Home\",\"item\":\"https:\\\/\\\/kibrisdakik.com\\\/\"},{\"@type\":\"ListItem\",\"position\":2,\"name\":\"Mecliste et konusu tart\u0131\u015f\u0131ld\u0131\"}]},{\"@type\":\"WebSite\",\"@id\":\"https:\\\/\\\/kibrisdakik.com\\\/#website\",\"url\":\"https:\\\/\\\/kibrisdakik.com\\\/\",\"name\":\"\",\"description\":\"Tam vaktinde haber\",\"potentialAction\":[{\"@type\":\"SearchAction\",\"target\":{\"@type\":\"EntryPoint\",\"urlTemplate\":\"https:\\\/\\\/kibrisdakik.com\\\/?s={search_term_string}\"},\"query-input\":{\"@type\":\"PropertyValueSpecification\",\"valueRequired\":true,\"valueName\":\"search_term_string\"}}],\"inLanguage\":\"tr\"},{\"@type\":\"Person\",\"@id\":\"https:\\\/\\\/kibrisdakik.com\\\/#\\\/schema\\\/person\\\/9cd9d437bbb44f72b73ba127e06d8e79\",\"name\":\"admin\",\"image\":{\"@type\":\"ImageObject\",\"inLanguage\":\"tr\",\"@id\":\"https:\\\/\\\/secure.gravatar.com\\\/avatar\\\/ccc17943b9d660506c869530f897617f7cb1c21a4bf30023f252596d83e1f007?s=96&d=mm&r=g\",\"url\":\"https:\\\/\\\/secure.gravatar.com\\\/avatar\\\/ccc17943b9d660506c869530f897617f7cb1c21a4bf30023f252596d83e1f007?s=96&d=mm&r=g\",\"contentUrl\":\"https:\\\/\\\/secure.gravatar.com\\\/avatar\\\/ccc17943b9d660506c869530f897617f7cb1c21a4bf30023f252596d83e1f007?s=96&d=mm&r=g\",\"caption\":\"admin\"},\"sameAs\":[\"https:\\\/\\\/kibrisdakik.com\"],\"url\":\"https:\\\/\\\/kibrisdakik.com\\\/?author=1\"}]}<\/script>\n<!-- \/ Yoast SEO plugin. -->","yoast_head_json":{"title":"Mecliste et konusu tart\u0131\u015f\u0131ld\u0131 -","robots":{"index":"index","follow":"follow","max-snippet":"max-snippet:-1","max-image-preview":"max-image-preview:large","max-video-preview":"max-video-preview:-1"},"canonical":"https:\/\/kibrisdakik.com\/?p=42461","og_locale":"tr_TR","og_type":"article","og_title":"Mecliste et konusu tart\u0131\u015f\u0131ld\u0131 -","og_description":"CTP Genel Ba\u015fkan\u0131 Tufan Erh\u00fcrman, Meclis Genel Kurulunda s\u00f6z ald\u0131. Et konusunda konu\u015fan Erh\u00fcrman, hayvanc\u0131, kasap, t\u00fcketici ve ekonomiyi ilgilendiren et konusuyla ilgili hayvanc\u0131lar birli\u011finin eylem yapt\u0131\u011f\u0131n\u0131 ifade etti, h\u00fck\u00fcmete ele\u015ftirilerde bulundu. Erh\u00fcrman, bu konuda uzun bir s\u00fcre\u00e7 ya\u015fand\u0131\u011f\u0131n\u0131 ve \u00e7\u00f6z\u00fcm\u00fcn bulunmu\u015f olmas\u0131 gerekti\u011fini, ancak bu i\u015fin gelinen noktada gerginli\u011fe d\u00f6n\u00fc\u015ft\u00fc\u011f\u00fcn\u00fc ve al\u0131nmas\u0131 gereken do\u011fru","og_url":"https:\/\/kibrisdakik.com\/?p=42461","article_published_time":"2024-05-20T12:54:00+00:00","og_image":[{"width":710,"height":370,"url":"https:\/\/kibrisdakik.com\/wp-content\/uploads\/2024\/05\/mecliste-et-konusu-tartisildi-1716209716.webp.webp","type":"image\/webp"}],"author":"admin","twitter_card":"summary_large_image","twitter_misc":{"Yazan:":"admin","Tahmini okuma s\u00fcresi":"6 dakika"},"schema":{"@context":"https:\/\/schema.org","@graph":[{"@type":"Article","@id":"https:\/\/kibrisdakik.com\/?p=42461#article","isPartOf":{"@id":"https:\/\/kibrisdakik.com\/?p=42461"},"author":{"name":"admin","@id":"https:\/\/kibrisdakik.com\/#\/schema\/person\/9cd9d437bbb44f72b73ba127e06d8e79"},"headline":"Mecliste et konusu tart\u0131\u015f\u0131ld\u0131","datePublished":"2024-05-20T12:54:00+00:00","mainEntityOfPage":{"@id":"https:\/\/kibrisdakik.com\/?p=42461"},"wordCount":1280,"commentCount":0,"image":{"@id":"https:\/\/kibrisdakik.com\/?p=42461#primaryimage"},"thumbnailUrl":"https:\/\/kibrisdakik.com\/wp-content\/uploads\/2024\/05\/mecliste-et-konusu-tartisildi-1716209716.webp.webp","articleSection":["G\u00fcndem"],"inLanguage":"tr","potentialAction":[{"@type":"CommentAction","name":"Comment","target":["https:\/\/kibrisdakik.com\/?p=42461#respond"]}]},{"@type":"WebPage","@id":"https:\/\/kibrisdakik.com\/?p=42461","url":"https:\/\/kibrisdakik.com\/?p=42461","name":"Mecliste et konusu tart\u0131\u015f\u0131ld\u0131 -","isPartOf":{"@id":"https:\/\/kibrisdakik.com\/#website"},"primaryImageOfPage":{"@id":"https:\/\/kibrisdakik.com\/?p=42461#primaryimage"},"image":{"@id":"https:\/\/kibrisdakik.com\/?p=42461#primaryimage"},"thumbnailUrl":"https:\/\/kibrisdakik.com\/wp-content\/uploads\/2024\/05\/mecliste-et-konusu-tartisildi-1716209716.webp.webp","datePublished":"2024-05-20T12:54:00+00:00","author":{"@id":"https:\/\/kibrisdakik.com\/#\/schema\/person\/9cd9d437bbb44f72b73ba127e06d8e79"},"breadcrumb":{"@id":"https:\/\/kibrisdakik.com\/?p=42461#breadcrumb"},"inLanguage":"tr","potentialAction":[{"@type":"ReadAction","target":["https:\/\/kibrisdakik.com\/?p=42461"]}]},{"@type":"ImageObject","inLanguage":"tr","@id":"https:\/\/kibrisdakik.com\/?p=42461#primaryimage","url":"https:\/\/kibrisdakik.com\/wp-content\/uploads\/2024\/05\/mecliste-et-konusu-tartisildi-1716209716.webp.webp","contentUrl":"https:\/\/kibrisdakik.com\/wp-content\/uploads\/2024\/05\/mecliste-et-konusu-tartisildi-1716209716.webp.webp","width":710,"height":370},{"@type":"BreadcrumbList","@id":"https:\/\/kibrisdakik.com\/?p=42461#breadcrumb","itemListElement":[{"@type":"ListItem","position":1,"name":"Home","item":"https:\/\/kibrisdakik.com\/"},{"@type":"ListItem","position":2,"name":"Mecliste et konusu tart\u0131\u015f\u0131ld\u0131"}]},{"@type":"WebSite","@id":"https:\/\/kibrisdakik.com\/#website","url":"https:\/\/kibrisdakik.com\/","name":"","description":"Tam vaktinde haber","potentialAction":[{"@type":"SearchAction","target":{"@type":"EntryPoint","urlTemplate":"https:\/\/kibrisdakik.com\/?s={search_term_string}"},"query-input":{"@type":"PropertyValueSpecification","valueRequired":true,"valueName":"search_term_string"}}],"inLanguage":"tr"},{"@type":"Person","@id":"https:\/\/kibrisdakik.com\/#\/schema\/person\/9cd9d437bbb44f72b73ba127e06d8e79","name":"admin","image":{"@type":"ImageObject","inLanguage":"tr","@id":"https:\/\/secure.gravatar.com\/avatar\/ccc17943b9d660506c869530f897617f7cb1c21a4bf30023f252596d83e1f007?s=96&d=mm&r=g","url":"https:\/\/secure.gravatar.com\/avatar\/ccc17943b9d660506c869530f897617f7cb1c21a4bf30023f252596d83e1f007?s=96&d=mm&r=g","contentUrl":"https:\/\/secure.gravatar.com\/avatar\/ccc17943b9d660506c869530f897617f7cb1c21a4bf30023f252596d83e1f007?s=96&d=mm&r=g","caption":"admin"},"sameAs":["https:\/\/kibrisdakik.com"],"url":"https:\/\/kibrisdakik.com\/?author=1"}]}},"_links":{"self":[{"href":"https:\/\/kibrisdakik.com\/index.php?rest_route=\/wp\/v2\/posts\/42461","targetHints":{"allow":["GET"]}}],"collection":[{"href":"https:\/\/kibrisdakik.com\/index.php?rest_route=\/wp\/v2\/posts"}],"about":[{"href":"https:\/\/kibrisdakik.com\/index.php?rest_route=\/wp\/v2\/types\/post"}],"author":[{"embeddable":true,"href":"https:\/\/kibrisdakik.com\/index.php?rest_route=\/wp\/v2\/users\/1"}],"replies":[{"embeddable":true,"href":"https:\/\/kibrisdakik.com\/index.php?rest_route=%2Fwp%2Fv2%2Fcomments&post=42461"}],"version-history":[{"count":0,"href":"https:\/\/kibrisdakik.com\/index.php?rest_route=\/wp\/v2\/posts\/42461\/revisions"}],"wp:featuredmedia":[{"embeddable":true,"href":"https:\/\/kibrisdakik.com\/index.php?rest_route=\/wp\/v2\/media\/42462"}],"wp:attachment":[{"href":"https:\/\/kibrisdakik.com\/index.php?rest_route=%2Fwp%2Fv2%2Fmedia&parent=42461"}],"wp:term":[{"taxonomy":"category","embeddable":true,"href":"https:\/\/kibrisdakik.com\/index.php?rest_route=%2Fwp%2Fv2%2Fcategories&post=42461"},{"taxonomy":"post_tag","embeddable":true,"href":"https:\/\/kibrisdakik.com\/index.php?rest_route=%2Fwp%2Fv2%2Ftags&post=42461"}],"curies":[{"name":"wp","href":"https:\/\/api.w.org\/{rel}","templated":true}]}}