{"id":42475,"date":"2024-05-20T14:48:55","date_gmt":"2024-05-20T14:48:55","guid":{"rendered":"https:\/\/kibrisdakik.com\/index.php\/2024\/05\/20\/2024-mali-yili-genel-butce-degisiklik-no-2-yasa-tasarisi-oycokluguyla-kabul-edildi\/"},"modified":"2024-05-20T14:48:55","modified_gmt":"2024-05-20T14:48:55","slug":"2024-mali-yili-genel-butce-degisiklik-no-2-yasa-tasarisi-oycokluguyla-kabul-edildi","status":"publish","type":"post","link":"https:\/\/kibrisdakik.com\/?p=42475","title":{"rendered":"2024 Mali Y\u0131l\u0131 Genel B\u00fct\u00e7e (de\u011fi\u015fiklik No.2) Yasa Tasar\u0131s\u0131 oy\u00e7oklu\u011fuyla kabul edildi"},"content":{"rendered":"<p><\/p>\n<div>\n<div class=\"mariselle-image-container center\">\n                <img loading=\"lazy\" decoding=\"async\" width=\"1600\" height=\"1067\" class=\"lazy-image\" alt=\"\" sizes=\"auto, (max-width: 1600px) 100vw, 1600px\" src=\"https:\/\/brtk.net\/wp-content\/uploads\/2024\/05\/20\/8cb7f3dd-0ca4-454b-89f8-2aacb49176943.jpg?ver=9a6c8dab7847973e4c0165eba90783cc\" srcset=\"https:\/\/brtk.net\/wp-content\/uploads\/2024\/05\/20\/8cb7f3dd-0ca4-454b-89f8-2aacb49176943.jpg?ver=9a6c8dab7847973e4c0165eba90783cc 1600w, https:\/\/brtk.net\/wp-content\/uploads\/2024\/05\/20\/8cb7f3dd-0ca4-454b-89f8-2aacb49176943-300x200.jpg?ver=18500db3083101a6ff1eaba55c6dba2a 300w, https:\/\/brtk.net\/wp-content\/uploads\/2024\/05\/20\/8cb7f3dd-0ca4-454b-89f8-2aacb49176943-1024x683.jpg?ver=18500db3083101a6ff1eaba55c6dba2a 1024w, https:\/\/brtk.net\/wp-content\/uploads\/2024\/05\/20\/8cb7f3dd-0ca4-454b-89f8-2aacb49176943-768x512.jpg?ver=18500db3083101a6ff1eaba55c6dba2a 768w, https:\/\/brtk.net\/wp-content\/uploads\/2024\/05\/20\/8cb7f3dd-0ca4-454b-89f8-2aacb49176943-1536x1024.jpg?ver=31fe625982a0305babd990c8178bd206 1536w\"\/>                            <\/div>\n<p>\nMeclis Genel Kurulu\u2019nda s\u00f6z alan <a href=\"https:\/\/brtk.net\/\"\/><a href=\"https:\/\/brtk.net\/\">CTP<\/a> Genel Ba\u015fkan\u0131 Tufan Erh\u00fcrman  h\u00fck\u00fcmetin hayvanc\u0131l\u0131k alan\u0131na destek verdi\u011fini belirten s\u00f6ylemlerine dikkat \u00e7ekerek, bu alana destek veriliyorsa maliyetin y\u00fcksek olmamas\u0131 gerekti\u011fini kaydetti ve bunun a\u00e7\u0131klanmas\u0131n\u0131 istedi.<\/p>\n<p>Narh\u0131n kasab\u0131n sat\u0131\u015f\u0131 \u00fczerinden kondu\u011funu anlad\u0131\u011f\u0131n\u0131 dile getiren Erh\u00fcrman, hayvanc\u0131ya destek verilmesinin ard\u0131ndan ithalat kap\u0131s\u0131n\u0131n a\u00e7\u0131larak fiyatlar\u0131n d\u00fc\u015fmesinin sa\u011flanmas\u0131n\u0131n mant\u0131ksal olarak nereye ta\u015f\u0131nd\u0131\u011f\u0131n\u0131 sordu.<\/p>\n<p>Yap\u0131lan uygulamalar\u0131n bir plan do\u011frultusunda olmad\u0131\u011f\u0131n\u0131 dile getiren Erh\u00fcrman, rakamsal olarak s\u00f6ylenenin sahada \u00e7ok fazla bir manas\u0131 olmad\u0131\u011f\u0131n\u0131 d\u00fc\u015f\u00fcnd\u00fc\u011f\u00fcn\u00fc kaydetti.<\/p>\n<p>Donmu\u015f etin neden ithal edildi\u011fini soran Erh\u00fcrman, \u201cAt\u0131lan ta\u015f \u00fcrk\u00fctt\u00fc\u011f\u00fcn\u00fcz kurba\u011faya de\u011fer mi?\u201d diye sordu.<\/p>\n<p>Narenciye \u00fcreticileri birli\u011finin, vekt\u00f6r b\u00f6cek hakk\u0131nda bir profes\u00f6r\u00fcn bilimsel yaz\u0131s\u0131n\u0131 payla\u015fmas\u0131n\u0131 de\u011ferlendiren Erh\u00fcrman, bu b\u00f6ce\u011fin G\u00fcney K\u0131br\u0131s\u2019ta da g\u00f6r\u00fcld\u00fc\u011f\u00fcn\u00fc fakat \u00fcr\u00fcn\u00fcn ihra\u00e7 edildi\u011fini kaydetti.<\/p>\n<p>Ya\u015f meyve ihracat\u0131ndan vaz m\u0131 ge\u00e7ildi\u011fini soran Erh\u00fcrman, neden vekt\u00f6r b\u00f6cek var diye ihracat kap\u0131lar\u0131n\u0131n kapat\u0131ld\u0131\u011f\u0131n\u0131 da sorarak, G\u00fcney K\u0131br\u0131s\u2019\u0131n bu b\u00f6cek olmas\u0131na ra\u011fmen ihracat yapt\u0131\u011f\u0131n\u0131 belirtti.<\/p>\n<p>Meyvenin konsantre olarak kullan\u0131lmas\u0131n\u0131n \u00fcretimi bitirece\u011fini dile getiren Erh\u00fcrman, vekt\u00f6r b\u00f6ce\u011finin t\u00fckenmesi halinde mi ihracat yap\u0131laca\u011f\u0131n\u0131 sordu.<\/p>\n<p>\u00dcreticinin \u00fcretime devam edip edemeyece\u011fi endi\u015fesiyle ya\u015famaya devam etti\u011fini belirten Erh\u00fcrman, \u00f6ng\u00f6r\u00fclemezdik halinin \u00fclkeyi bitirece\u011fini kaydederek,  b\u00f6yle bir yap\u0131da ne \u00fcretim ne de ekonomi olamayaca\u011f\u0131n\u0131 s\u00f6yledi.<\/p>\n<p>Genel Kurul\u2019da daha sonra, Ekonomi, Maliye, B\u00fct\u00e7e ve Plan Komite Ba\u015fkan\u0131 Resmiye Canaltay, 2024 Mali Y\u0131l\u0131 Genel B\u00fct\u00e7e (de\u011fi\u015fiklik No.2) Yasa Tasar\u0131s\u0131\u2019na ili\u015fkin rapor okundu.  <\/p>\n<p>-Bar\u00e7\u0131n<\/p>\n<p><a href=\"https:\/\/brtk.net\/\"\/><a href=\"https:\/\/brtk.net\/\">CTP<\/a> Milletvekili Devrim Bar\u00e7\u0131n, DA\u00dc\u2019n\u00fcn i\u00e7inde bulundu\u011fu durumdan \u00e7\u0131karmak ad\u0131na yap\u0131lan \u00e7al\u0131\u015fmalar\u0131 takip etti\u011fini kaydetti.<\/p>\n<p>DA\u00dc\u2019n\u00fcn <a href=\"https:\/\/brtk.net\/\">dolar<\/a> bazl\u0131 bor\u00e7land\u0131r\u0131ld\u0131\u011f\u0131n\u0131 dile getiren Bar\u00e7\u0131n, bu borcun nas\u0131l \u00f6denece\u011fini sordu ve bu \u00f6demenin hangi gelir kaynaklar\u0131 ile yap\u0131laca\u011f\u0131n\u0131n a\u00e7\u0131klanmas\u0131 gerekti\u011fini kaydetti.<\/p>\n<p>Baz\u0131 Cypruvex personelinin bakanl\u0131klarda \u00e7al\u0131\u015ft\u0131\u011f\u0131n\u0131 dile getiren Bar\u00e7\u0131n, bu \u00e7al\u0131\u015fanlar\u0131n maa\u015f\u0131n\u0131n Maliye Bakanl\u0131\u011f\u0131\u2019nca \u00f6demesine ra\u011fmen Cypruvex Y\u00f6netim Kurulu\u2019nun \u00e7al\u0131\u015fanlar\u0131n sigortalar\u0131n\u0131 yat\u0131rmad\u0131\u011f\u0131n\u0131 ve \u00e7al\u0131\u015fanlar\u0131n sigortas\u0131z \u00e7al\u0131\u015ft\u0131r\u0131larak ka\u00e7ak durumuna d\u00fc\u015f\u00fcr\u00fcld\u00fc\u011f\u00fcn\u00fc belirtti.<\/p>\n<p>-\u015eahali<\/p>\n<p><a href=\"https:\/\/brtk.net\/\"\/><a href=\"https:\/\/brtk.net\/\">CTP<\/a> Milletvekili Erkut \u015eahali de, 2024 y\u0131l\u0131 b\u00fct\u00e7e rakamlar\u0131n\u0131n g\u00fcncellenmesine ihtiya\u00e7 oldu\u011funu kaydetti.<\/p>\n<p>DA\u00dc\u2019n\u00fcn \u00e7ok b\u00fcy\u00fck bir \u00e7\u0131kmaza s\u00fcr\u00fcklendi\u011fini dile getiren \u015eahali, DA\u00dc\u2019de yap\u0131lacak mali planlama \u00e7al\u0131\u015fmalar\u0131nda kendilerinin de ellerini ta\u015f\u0131n alt\u0131na koyduklar\u0131n\u0131 belirtti.<\/p>\n<p>DA\u00dc\u2019n\u00fcn y\u00f6netsel s\u0131k\u0131nt\u0131lardan dolay\u0131 zor duruma d\u00fc\u015f\u00fcr\u00fcld\u00fc\u011f\u00fcn\u00fc belirten \u015eahali, DA\u00dc Vak\u0131f Y\u00f6neticiler kurulu ba\u015fkan\u0131n\u0131n halen g\u00f6reve devam etmesini ele\u015ftirerek, \u201cDA\u00dc\u2019y\u00fc bat\u0131ran kadrolarla y\u00f6netsel g\u00fcven sa\u011flanamayaca\u011f\u0131n\u0131\u201d savundu.<\/p>\n<p>H\u00fck\u00fcmetin yeni kadro atama konusunda ad\u0131m at\u0131p atmayaca\u011f\u0131n\u0131 soran \u015eahali, DA\u00dc\u2019n\u00fcn ya\u015fad\u0131\u011f\u0131 mali sorunun Vak\u0131f Y\u00f6neticiler Kurulu\u2019nun yanl\u0131\u015f y\u00f6netimleri sonucunda olu\u015ftu\u011funu ileri s\u00fcrd\u00fc.<\/p>\n<p>DA\u00dc\u2019y\u00fc bat\u0131ranlarla kurtarmaya \u00e7al\u0131\u015fman\u0131n g\u00fcn\u00fcn sorunda faturay\u0131 \u00e7al\u0131\u015fanlara kesmek demek oldu\u011funu belirten \u015eahali, DA\u00dc\u2019n\u00fcn hak etti\u011fi de\u011feri yeniden kazanmas\u0131n\u0131n sa\u011flamas\u0131 gerekti\u011fini s\u00f6yledi, h\u00fck\u00fcmeti bu konuda ad\u0131m atmaya \u00e7a\u011f\u0131rd\u0131.<\/p>\n<p>-Gardiyano\u011flu<\/p>\n<p>\u00c7al\u0131\u015fma ve Sosyal G\u00fcvenlik Bakan\u0131 Sad\u0131k Gardiyano\u011flu, Cypruvex \u00e7al\u0131\u015fanlar\u0131n\u0131n d\u00f6rt ayl\u0131k bir prim borcu oldu\u011funu ve \u00e7al\u0131\u015fanlar\u0131n sistemin d\u0131\u015f\u0131nda olmad\u0131\u011f\u0131n\u0131 ve her t\u00fcrl\u00fc haktan yararlanabilece\u011fini kaydetti.<\/p>\n<p>Sosyal Sigortal\u0131 \u00e7al\u0131\u015fanlar\u0131n sa\u011fl\u0131k alan\u0131 d\u0131\u015f\u0131nda kalmamas\u0131 konusunda \u00e7ok hassas davrand\u0131klar\u0131n\u0131 dile getiren Gardiyano\u011flu, bu konuda gerekenin yap\u0131laca\u011f\u0131n\u0131 kaydetti.<\/p>\n<p>-Berova<\/p>\n<p>Maliye Bakan\u0131 \u00d6zdemir Berova\u2019da konu\u015fmas\u0131nda, DA\u00dc\u2019n\u00fcn mali s\u00fcrd\u00fcr\u00fclebilir bir yap\u0131ya kavu\u015fmas\u0131 i\u00e7in h\u00fck\u00fcmetin uzun ve zorlu bir \u00e7al\u0131\u015fma yapt\u0131\u011f\u0131n\u0131 belirtti.<\/p>\n<p>DA\u00dc Rekt\u00f6rl\u00fc\u011f\u00fc ve Vak\u0131flar Y\u00f6netim Kurulu ile protokole imza at\u0131ld\u0131\u011f\u0131n\u0131 ve bu protokolle DA\u00dc\u2019n\u00fcn 4 y\u0131ll\u0131k bir s\u00fcre i\u00e7erisinde d\u00fcze \u00e7\u0131kar\u0131lmas\u0131 i\u00e7in gerekli ad\u0131mlar\u0131n at\u0131ld\u0131\u011f\u0131n\u0131 s\u00f6yleyen Berova, protokol \u00e7er\u00e7evesinde \u00e7al\u0131\u015fanlar\u0131n ve devletin fedakarl\u0131k g\u00f6sterdi\u011fini kaydetti.<\/p>\n<p>Devlet ad\u0131na y\u00fck\u00fcml\u00fcl\u00fck alt\u0131na girdikleri ve b\u00fct\u00e7e i\u00e7erisinde 4 milyon TL\u2019lik yard\u0131m yap\u0131laca\u011f\u0131n\u0131 dile getiren Berova, DA\u00dc\u2019de <a href=\"https:\/\/brtk.net\/\">dolar<\/a> cinsinden yap\u0131lan \u00f6deme hakk\u0131nda bilgi verdi.<\/p>\n<p>K\u0131dem tazminatlar\u0131 konusunun DA\u00dc\u2019n\u00fcn \u00fczerinde olan en b\u00fcy\u00fck kamburlardan biri oldu\u011funu dile getiren Berova, bu ad\u0131m\u0131n at\u0131lmamas\u0131 halinde bu kamburun y\u00fczde 20 daha fazla artaca\u011f\u0131n\u0131 kaydetti.<\/p>\n<p>Y\u0131llard\u0131r yap\u0131lmas\u0131 gerekenlerin \u00f6telendi\u011fini, h\u00fck\u00fcmetin ad\u0131m atarak k\u0131dem tazminat konusunu sona erdirdi\u011fini ve bu konunun da art\u0131k sorun olmayaca\u011f\u0131n\u0131 dile getiren Berova, DA\u00dc\u2019deki \u00f6deme kalemlerini anlatarak, \u00fc\u00e7\u00fcnc\u00fc \u00fclke \u00f6\u011frencilerinin e\u011fitim gelirlerinin d\u00f6viz \u00fczerinden olmas\u0131ndan dolay\u0131 bor\u00e7lanman\u0131n d\u00f6viz \u00fczerinden olmas\u0131 karar\u0131 verildi\u011fini belirtti.<\/p>\n<p>Okulun normal geli\u015fim s\u00fcreciyle borcun rahatl\u0131kla \u00f6denebilece\u011fini dile getiren Berova, Aral\u0131k ay\u0131 sonuna kadar 400 milyon TL\u2019lik katk\u0131 yapmay\u0131 taahh\u00fct ettiklerini, hi\u00e7bir kuruma bu denli yard\u0131m yap\u0131lmad\u0131\u011f\u0131n\u0131 kaydederek, herkesin amac\u0131n\u0131n DA\u00dc\u2019n\u00fcn 4 y\u0131lda mali yap\u0131s\u0131n\u0131n d\u00fczeltilerek yap\u0131s\u0131n\u0131 korumas\u0131 oldu\u011funu belirtti.<\/p>\n<p>DA\u00dc\u2019n\u00fcn 4 y\u0131l sonra ayaklar\u0131 \u00fczerinde duran bir yap\u0131ya kavu\u015faca\u011f\u0131n\u0131 dile getiren Berova, b\u00fct\u00e7e ile ilgi t\u00fcm \u00e7al\u0131\u015fmalar\u0131n ilgili yasan\u0131n t\u00fcm maddelerine harfiyen uyularak yap\u0131ld\u0131\u011f\u0131n\u0131 belirtti.<\/p>\n<p>Konu\u015fmalar\u0131n ard\u0131ndan, 2024 Mali Y\u0131l\u0131 Genel B\u00fct\u00e7e (de\u011fi\u015fiklik No.2) Yasa Tasar\u0131s\u0131 26 kabul, 10 ret oyuyla oy\u00e7oklu\u011fuyla kabul edildi.<\/p>\n<p>tak<\/p>\n<\/p><\/div>\n<p><script async\n                    defer\n                    crossorigin=\"anonymous\"\n                    src=\"https:\/\/connect.facebook.net\/tr_TR\/sdk.js#xfbml=1&#038;version=v3.3\"\n            ><\/script><\/p>\n","protected":false},"excerpt":{"rendered":"<p>Meclis Genel Kurulu\u2019nda s\u00f6z alan CTP Genel Ba\u015fkan\u0131 Tufan Erh\u00fcrman h\u00fck\u00fcmetin hayvanc\u0131l\u0131k alan\u0131na destek verdi\u011fini belirten s\u00f6ylemlerine dikkat \u00e7ekerek, bu alana destek veriliyorsa maliyetin y\u00fcksek olmamas\u0131 gerekti\u011fini kaydetti ve bunun a\u00e7\u0131klanmas\u0131n\u0131 istedi. Narh\u0131n kasab\u0131n sat\u0131\u015f\u0131 \u00fczerinden kondu\u011funu anlad\u0131\u011f\u0131n\u0131 dile getiren Erh\u00fcrman, hayvanc\u0131ya destek verilmesinin ard\u0131ndan ithalat kap\u0131s\u0131n\u0131n a\u00e7\u0131larak fiyatlar\u0131n d\u00fc\u015fmesinin sa\u011flanmas\u0131n\u0131n mant\u0131ksal olarak nereye ta\u015f\u0131nd\u0131\u011f\u0131n\u0131<\/p>\n","protected":false},"author":1,"featured_media":42476,"comment_status":"open","ping_status":"open","sticky":false,"template":"","format":"standard","meta":{"footnotes":""},"categories":[1],"tags":[],"class_list":["post-42475","post","type-post","status-publish","format-standard","has-post-thumbnail","hentry","category-gundem"],"yoast_head":"<!-- This site is optimized with the Yoast SEO plugin v27.5 - https:\/\/yoast.com\/product\/yoast-seo-wordpress\/ -->\n<title>2024 Mali Y\u0131l\u0131 Genel B\u00fct\u00e7e (de\u011fi\u015fiklik No.2) Yasa Tasar\u0131s\u0131 oy\u00e7oklu\u011fuyla kabul edildi -<\/title>\n<meta name=\"robots\" content=\"index, follow, max-snippet:-1, max-image-preview:large, max-video-preview:-1\" \/>\n<link rel=\"canonical\" href=\"https:\/\/kibrisdakik.com\/?p=42475\" \/>\n<meta property=\"og:locale\" content=\"tr_TR\" \/>\n<meta property=\"og:type\" content=\"article\" \/>\n<meta property=\"og:title\" content=\"2024 Mali Y\u0131l\u0131 Genel B\u00fct\u00e7e (de\u011fi\u015fiklik No.2) Yasa Tasar\u0131s\u0131 oy\u00e7oklu\u011fuyla kabul edildi -\" \/>\n<meta property=\"og:description\" content=\"Meclis Genel Kurulu\u2019nda s\u00f6z alan CTP Genel Ba\u015fkan\u0131 Tufan Erh\u00fcrman h\u00fck\u00fcmetin hayvanc\u0131l\u0131k alan\u0131na destek verdi\u011fini belirten s\u00f6ylemlerine dikkat \u00e7ekerek, bu alana destek veriliyorsa maliyetin y\u00fcksek olmamas\u0131 gerekti\u011fini kaydetti ve bunun a\u00e7\u0131klanmas\u0131n\u0131 istedi. Narh\u0131n kasab\u0131n sat\u0131\u015f\u0131 \u00fczerinden kondu\u011funu anlad\u0131\u011f\u0131n\u0131 dile getiren Erh\u00fcrman, hayvanc\u0131ya destek verilmesinin ard\u0131ndan ithalat kap\u0131s\u0131n\u0131n a\u00e7\u0131larak fiyatlar\u0131n d\u00fc\u015fmesinin sa\u011flanmas\u0131n\u0131n mant\u0131ksal olarak nereye ta\u015f\u0131nd\u0131\u011f\u0131n\u0131\" \/>\n<meta property=\"og:url\" content=\"https:\/\/kibrisdakik.com\/?p=42475\" \/>\n<meta property=\"article:published_time\" content=\"2024-05-20T14:48:55+00:00\" \/>\n<meta property=\"og:image\" content=\"https:\/\/kibrisdakik.com\/wp-content\/uploads\/2024\/05\/8cb7f3dd-0ca4-454b-89f8-2aacb49176943-740x420.jpg\" \/>\n\t<meta property=\"og:image:width\" content=\"1600\" \/>\n\t<meta property=\"og:image:height\" content=\"1067\" \/>\n\t<meta property=\"og:image:type\" content=\"image\/jpeg\" \/>\n<meta name=\"author\" content=\"admin\" \/>\n<meta name=\"twitter:card\" content=\"summary_large_image\" \/>\n<meta name=\"twitter:label1\" content=\"Yazan:\" \/>\n\t<meta name=\"twitter:data1\" content=\"admin\" \/>\n\t<meta name=\"twitter:label2\" content=\"Tahmini okuma s\u00fcresi\" \/>\n\t<meta name=\"twitter:data2\" content=\"5 dakika\" \/>\n<script type=\"application\/ld+json\" class=\"yoast-schema-graph\">{\"@context\":\"https:\\\/\\\/schema.org\",\"@graph\":[{\"@type\":\"Article\",\"@id\":\"https:\\\/\\\/kibrisdakik.com\\\/?p=42475#article\",\"isPartOf\":{\"@id\":\"https:\\\/\\\/kibrisdakik.com\\\/?p=42475\"},\"author\":{\"name\":\"admin\",\"@id\":\"https:\\\/\\\/kibrisdakik.com\\\/#\\\/schema\\\/person\\\/9cd9d437bbb44f72b73ba127e06d8e79\"},\"headline\":\"2024 Mali Y\u0131l\u0131 Genel B\u00fct\u00e7e (de\u011fi\u015fiklik No.2) Yasa Tasar\u0131s\u0131 oy\u00e7oklu\u011fuyla kabul edildi\",\"datePublished\":\"2024-05-20T14:48:55+00:00\",\"mainEntityOfPage\":{\"@id\":\"https:\\\/\\\/kibrisdakik.com\\\/?p=42475\"},\"wordCount\":1100,\"commentCount\":0,\"image\":{\"@id\":\"https:\\\/\\\/kibrisdakik.com\\\/?p=42475#primaryimage\"},\"thumbnailUrl\":\"https:\\\/\\\/kibrisdakik.com\\\/wp-content\\\/uploads\\\/2024\\\/05\\\/8cb7f3dd-0ca4-454b-89f8-2aacb49176943-740x420.jpg\",\"articleSection\":[\"G\u00fcndem\"],\"inLanguage\":\"tr\",\"potentialAction\":[{\"@type\":\"CommentAction\",\"name\":\"Comment\",\"target\":[\"https:\\\/\\\/kibrisdakik.com\\\/?p=42475#respond\"]}]},{\"@type\":\"WebPage\",\"@id\":\"https:\\\/\\\/kibrisdakik.com\\\/?p=42475\",\"url\":\"https:\\\/\\\/kibrisdakik.com\\\/?p=42475\",\"name\":\"2024 Mali Y\u0131l\u0131 Genel B\u00fct\u00e7e (de\u011fi\u015fiklik No.2) Yasa Tasar\u0131s\u0131 oy\u00e7oklu\u011fuyla kabul edildi -\",\"isPartOf\":{\"@id\":\"https:\\\/\\\/kibrisdakik.com\\\/#website\"},\"primaryImageOfPage\":{\"@id\":\"https:\\\/\\\/kibrisdakik.com\\\/?p=42475#primaryimage\"},\"image\":{\"@id\":\"https:\\\/\\\/kibrisdakik.com\\\/?p=42475#primaryimage\"},\"thumbnailUrl\":\"https:\\\/\\\/kibrisdakik.com\\\/wp-content\\\/uploads\\\/2024\\\/05\\\/8cb7f3dd-0ca4-454b-89f8-2aacb49176943-740x420.jpg\",\"datePublished\":\"2024-05-20T14:48:55+00:00\",\"author\":{\"@id\":\"https:\\\/\\\/kibrisdakik.com\\\/#\\\/schema\\\/person\\\/9cd9d437bbb44f72b73ba127e06d8e79\"},\"breadcrumb\":{\"@id\":\"https:\\\/\\\/kibrisdakik.com\\\/?p=42475#breadcrumb\"},\"inLanguage\":\"tr\",\"potentialAction\":[{\"@type\":\"ReadAction\",\"target\":[\"https:\\\/\\\/kibrisdakik.com\\\/?p=42475\"]}]},{\"@type\":\"ImageObject\",\"inLanguage\":\"tr\",\"@id\":\"https:\\\/\\\/kibrisdakik.com\\\/?p=42475#primaryimage\",\"url\":\"https:\\\/\\\/kibrisdakik.com\\\/wp-content\\\/uploads\\\/2024\\\/05\\\/8cb7f3dd-0ca4-454b-89f8-2aacb49176943-740x420.jpg\",\"contentUrl\":\"https:\\\/\\\/kibrisdakik.com\\\/wp-content\\\/uploads\\\/2024\\\/05\\\/8cb7f3dd-0ca4-454b-89f8-2aacb49176943-740x420.jpg\",\"width\":1600,\"height\":1067},{\"@type\":\"BreadcrumbList\",\"@id\":\"https:\\\/\\\/kibrisdakik.com\\\/?p=42475#breadcrumb\",\"itemListElement\":[{\"@type\":\"ListItem\",\"position\":1,\"name\":\"Home\",\"item\":\"https:\\\/\\\/kibrisdakik.com\\\/\"},{\"@type\":\"ListItem\",\"position\":2,\"name\":\"2024 Mali Y\u0131l\u0131 Genel B\u00fct\u00e7e (de\u011fi\u015fiklik No.2) Yasa Tasar\u0131s\u0131 oy\u00e7oklu\u011fuyla kabul edildi\"}]},{\"@type\":\"WebSite\",\"@id\":\"https:\\\/\\\/kibrisdakik.com\\\/#website\",\"url\":\"https:\\\/\\\/kibrisdakik.com\\\/\",\"name\":\"\",\"description\":\"Tam vaktinde haber\",\"potentialAction\":[{\"@type\":\"SearchAction\",\"target\":{\"@type\":\"EntryPoint\",\"urlTemplate\":\"https:\\\/\\\/kibrisdakik.com\\\/?s={search_term_string}\"},\"query-input\":{\"@type\":\"PropertyValueSpecification\",\"valueRequired\":true,\"valueName\":\"search_term_string\"}}],\"inLanguage\":\"tr\"},{\"@type\":\"Person\",\"@id\":\"https:\\\/\\\/kibrisdakik.com\\\/#\\\/schema\\\/person\\\/9cd9d437bbb44f72b73ba127e06d8e79\",\"name\":\"admin\",\"image\":{\"@type\":\"ImageObject\",\"inLanguage\":\"tr\",\"@id\":\"https:\\\/\\\/secure.gravatar.com\\\/avatar\\\/ccc17943b9d660506c869530f897617f7cb1c21a4bf30023f252596d83e1f007?s=96&d=mm&r=g\",\"url\":\"https:\\\/\\\/secure.gravatar.com\\\/avatar\\\/ccc17943b9d660506c869530f897617f7cb1c21a4bf30023f252596d83e1f007?s=96&d=mm&r=g\",\"contentUrl\":\"https:\\\/\\\/secure.gravatar.com\\\/avatar\\\/ccc17943b9d660506c869530f897617f7cb1c21a4bf30023f252596d83e1f007?s=96&d=mm&r=g\",\"caption\":\"admin\"},\"sameAs\":[\"https:\\\/\\\/kibrisdakik.com\"],\"url\":\"https:\\\/\\\/kibrisdakik.com\\\/?author=1\"}]}<\/script>\n<!-- \/ Yoast SEO plugin. -->","yoast_head_json":{"title":"2024 Mali Y\u0131l\u0131 Genel B\u00fct\u00e7e (de\u011fi\u015fiklik No.2) Yasa Tasar\u0131s\u0131 oy\u00e7oklu\u011fuyla kabul edildi -","robots":{"index":"index","follow":"follow","max-snippet":"max-snippet:-1","max-image-preview":"max-image-preview:large","max-video-preview":"max-video-preview:-1"},"canonical":"https:\/\/kibrisdakik.com\/?p=42475","og_locale":"tr_TR","og_type":"article","og_title":"2024 Mali Y\u0131l\u0131 Genel B\u00fct\u00e7e (de\u011fi\u015fiklik No.2) Yasa Tasar\u0131s\u0131 oy\u00e7oklu\u011fuyla kabul edildi -","og_description":"Meclis Genel Kurulu\u2019nda s\u00f6z alan CTP Genel Ba\u015fkan\u0131 Tufan Erh\u00fcrman h\u00fck\u00fcmetin hayvanc\u0131l\u0131k alan\u0131na destek verdi\u011fini belirten s\u00f6ylemlerine dikkat \u00e7ekerek, bu alana destek veriliyorsa maliyetin y\u00fcksek olmamas\u0131 gerekti\u011fini kaydetti ve bunun a\u00e7\u0131klanmas\u0131n\u0131 istedi. Narh\u0131n kasab\u0131n sat\u0131\u015f\u0131 \u00fczerinden kondu\u011funu anlad\u0131\u011f\u0131n\u0131 dile getiren Erh\u00fcrman, hayvanc\u0131ya destek verilmesinin ard\u0131ndan ithalat kap\u0131s\u0131n\u0131n a\u00e7\u0131larak fiyatlar\u0131n d\u00fc\u015fmesinin sa\u011flanmas\u0131n\u0131n mant\u0131ksal olarak nereye ta\u015f\u0131nd\u0131\u011f\u0131n\u0131","og_url":"https:\/\/kibrisdakik.com\/?p=42475","article_published_time":"2024-05-20T14:48:55+00:00","og_image":[{"width":1600,"height":1067,"url":"https:\/\/kibrisdakik.com\/wp-content\/uploads\/2024\/05\/8cb7f3dd-0ca4-454b-89f8-2aacb49176943-740x420.jpg","type":"image\/jpeg"}],"author":"admin","twitter_card":"summary_large_image","twitter_misc":{"Yazan:":"admin","Tahmini okuma s\u00fcresi":"5 dakika"},"schema":{"@context":"https:\/\/schema.org","@graph":[{"@type":"Article","@id":"https:\/\/kibrisdakik.com\/?p=42475#article","isPartOf":{"@id":"https:\/\/kibrisdakik.com\/?p=42475"},"author":{"name":"admin","@id":"https:\/\/kibrisdakik.com\/#\/schema\/person\/9cd9d437bbb44f72b73ba127e06d8e79"},"headline":"2024 Mali Y\u0131l\u0131 Genel B\u00fct\u00e7e (de\u011fi\u015fiklik No.2) Yasa Tasar\u0131s\u0131 oy\u00e7oklu\u011fuyla kabul edildi","datePublished":"2024-05-20T14:48:55+00:00","mainEntityOfPage":{"@id":"https:\/\/kibrisdakik.com\/?p=42475"},"wordCount":1100,"commentCount":0,"image":{"@id":"https:\/\/kibrisdakik.com\/?p=42475#primaryimage"},"thumbnailUrl":"https:\/\/kibrisdakik.com\/wp-content\/uploads\/2024\/05\/8cb7f3dd-0ca4-454b-89f8-2aacb49176943-740x420.jpg","articleSection":["G\u00fcndem"],"inLanguage":"tr","potentialAction":[{"@type":"CommentAction","name":"Comment","target":["https:\/\/kibrisdakik.com\/?p=42475#respond"]}]},{"@type":"WebPage","@id":"https:\/\/kibrisdakik.com\/?p=42475","url":"https:\/\/kibrisdakik.com\/?p=42475","name":"2024 Mali Y\u0131l\u0131 Genel B\u00fct\u00e7e (de\u011fi\u015fiklik No.2) Yasa Tasar\u0131s\u0131 oy\u00e7oklu\u011fuyla kabul edildi -","isPartOf":{"@id":"https:\/\/kibrisdakik.com\/#website"},"primaryImageOfPage":{"@id":"https:\/\/kibrisdakik.com\/?p=42475#primaryimage"},"image":{"@id":"https:\/\/kibrisdakik.com\/?p=42475#primaryimage"},"thumbnailUrl":"https:\/\/kibrisdakik.com\/wp-content\/uploads\/2024\/05\/8cb7f3dd-0ca4-454b-89f8-2aacb49176943-740x420.jpg","datePublished":"2024-05-20T14:48:55+00:00","author":{"@id":"https:\/\/kibrisdakik.com\/#\/schema\/person\/9cd9d437bbb44f72b73ba127e06d8e79"},"breadcrumb":{"@id":"https:\/\/kibrisdakik.com\/?p=42475#breadcrumb"},"inLanguage":"tr","potentialAction":[{"@type":"ReadAction","target":["https:\/\/kibrisdakik.com\/?p=42475"]}]},{"@type":"ImageObject","inLanguage":"tr","@id":"https:\/\/kibrisdakik.com\/?p=42475#primaryimage","url":"https:\/\/kibrisdakik.com\/wp-content\/uploads\/2024\/05\/8cb7f3dd-0ca4-454b-89f8-2aacb49176943-740x420.jpg","contentUrl":"https:\/\/kibrisdakik.com\/wp-content\/uploads\/2024\/05\/8cb7f3dd-0ca4-454b-89f8-2aacb49176943-740x420.jpg","width":1600,"height":1067},{"@type":"BreadcrumbList","@id":"https:\/\/kibrisdakik.com\/?p=42475#breadcrumb","itemListElement":[{"@type":"ListItem","position":1,"name":"Home","item":"https:\/\/kibrisdakik.com\/"},{"@type":"ListItem","position":2,"name":"2024 Mali Y\u0131l\u0131 Genel B\u00fct\u00e7e (de\u011fi\u015fiklik No.2) Yasa Tasar\u0131s\u0131 oy\u00e7oklu\u011fuyla kabul edildi"}]},{"@type":"WebSite","@id":"https:\/\/kibrisdakik.com\/#website","url":"https:\/\/kibrisdakik.com\/","name":"","description":"Tam vaktinde haber","potentialAction":[{"@type":"SearchAction","target":{"@type":"EntryPoint","urlTemplate":"https:\/\/kibrisdakik.com\/?s={search_term_string}"},"query-input":{"@type":"PropertyValueSpecification","valueRequired":true,"valueName":"search_term_string"}}],"inLanguage":"tr"},{"@type":"Person","@id":"https:\/\/kibrisdakik.com\/#\/schema\/person\/9cd9d437bbb44f72b73ba127e06d8e79","name":"admin","image":{"@type":"ImageObject","inLanguage":"tr","@id":"https:\/\/secure.gravatar.com\/avatar\/ccc17943b9d660506c869530f897617f7cb1c21a4bf30023f252596d83e1f007?s=96&d=mm&r=g","url":"https:\/\/secure.gravatar.com\/avatar\/ccc17943b9d660506c869530f897617f7cb1c21a4bf30023f252596d83e1f007?s=96&d=mm&r=g","contentUrl":"https:\/\/secure.gravatar.com\/avatar\/ccc17943b9d660506c869530f897617f7cb1c21a4bf30023f252596d83e1f007?s=96&d=mm&r=g","caption":"admin"},"sameAs":["https:\/\/kibrisdakik.com"],"url":"https:\/\/kibrisdakik.com\/?author=1"}]}},"_links":{"self":[{"href":"https:\/\/kibrisdakik.com\/index.php?rest_route=\/wp\/v2\/posts\/42475","targetHints":{"allow":["GET"]}}],"collection":[{"href":"https:\/\/kibrisdakik.com\/index.php?rest_route=\/wp\/v2\/posts"}],"about":[{"href":"https:\/\/kibrisdakik.com\/index.php?rest_route=\/wp\/v2\/types\/post"}],"author":[{"embeddable":true,"href":"https:\/\/kibrisdakik.com\/index.php?rest_route=\/wp\/v2\/users\/1"}],"replies":[{"embeddable":true,"href":"https:\/\/kibrisdakik.com\/index.php?rest_route=%2Fwp%2Fv2%2Fcomments&post=42475"}],"version-history":[{"count":0,"href":"https:\/\/kibrisdakik.com\/index.php?rest_route=\/wp\/v2\/posts\/42475\/revisions"}],"wp:featuredmedia":[{"embeddable":true,"href":"https:\/\/kibrisdakik.com\/index.php?rest_route=\/wp\/v2\/media\/42476"}],"wp:attachment":[{"href":"https:\/\/kibrisdakik.com\/index.php?rest_route=%2Fwp%2Fv2%2Fmedia&parent=42475"}],"wp:term":[{"taxonomy":"category","embeddable":true,"href":"https:\/\/kibrisdakik.com\/index.php?rest_route=%2Fwp%2Fv2%2Fcategories&post=42475"},{"taxonomy":"post_tag","embeddable":true,"href":"https:\/\/kibrisdakik.com\/index.php?rest_route=%2Fwp%2Fv2%2Ftags&post=42475"}],"curies":[{"name":"wp","href":"https:\/\/api.w.org\/{rel}","templated":true}]}}