{"id":42518,"date":"2024-05-20T20:46:49","date_gmt":"2024-05-20T20:46:49","guid":{"rendered":"https:\/\/kibrisdakik.com\/index.php\/2024\/05\/20\/kerem-akturkoglundan-mert-hakana-sert-tepki\/"},"modified":"2024-05-20T20:46:49","modified_gmt":"2024-05-20T20:46:49","slug":"kerem-akturkoglundan-mert-hakana-sert-tepki","status":"publish","type":"post","link":"https:\/\/kibrisdakik.com\/?p=42518","title":{"rendered":"Kerem Akt\u00fcrko\u011flu&#039;ndan Mert Hakan&#039;a sert tepki"},"content":{"rendered":"<p><\/p>\n<p>Trendyol S\u00fcper Lig&#8217;in 37. haftas\u0131nda Fenerbah\u00e7e&#8217;ye kendi taraftar\u0131 \u00f6n\u00fcnde 1-0 ma\u011flup olan Galatasaray&#8217;da Kerem Akt\u00fcrko\u011flu sosyal medya hesab\u0131ndan bir payla\u015f\u0131mda bulundu.<\/p>\n<p>Sar\u0131-k\u0131rm\u0131z\u0131l\u0131 taraftarlara \u015fampiyonlu\u011fu bir hafta \u00f6nce ya\u015fatamad\u0131klar\u0131 i\u00e7in \u00fczg\u00fcn olduklar\u0131n\u0131 belirten Akt\u00fcrko\u011flu, ma\u00e7 sonu ya\u015fanan olaylara da de\u011findi.<\/p>\n<h3>&#8220;GALATASARAY KAPTANI ONLARIN SEV\u0130YES\u0130NE \u0130NMEZ!&#8221;<\/h3>\n<p>Kerem Akt\u00fcrko\u011flu&#8217;nun sosyal medya arac\u0131l\u0131\u011f\u0131 ile payla\u015ft\u0131\u011f\u0131 a\u00e7\u0131klama \u015fu \u015fekilde;<\/p>\n<p>&#8220;Galatasaray taraftar\u0131na hak etti\u011fi \u015fampiyonlu\u011fu bir hafta \u00f6ncesinden ya\u015fatamad\u0131\u011f\u0131m\u0131z i\u00e7in \u00fczg\u00fcn\u00fcz. Evimizde, taraftar\u0131m\u0131zla birlikte, t\u0131pk\u0131 ge\u00e7en sezonki gibi bir final yapmak istiyorduk; ama olmad\u0131. Maalesef bu ini\u015f ve \u00e7\u0131k\u0131\u015flar, mutluluklar ve hayal k\u0131r\u0131kl\u0131klar\u0131, hayat\u0131n kendisi. Ancak Galatasaray, tarihi boyunca her zaman her zorluktan geri d\u00f6nmeyi ba\u015farm\u0131\u015ft\u0131r. Biz de t\u00fcm sezon emek verdi\u011fimiz, hakk\u0131m\u0131z olan \u015fampiyonlu\u011fu kazanabilmek ad\u0131na, sezonun son haftas\u0131nda her \u015feyimizi verece\u011fiz. \u015eunun bilinmesini isterim ki;&nbsp;<strong>Galatasaray Kaptan\u0131, varl\u0131\u011f\u0131n\u0131 saha d\u0131\u015f\u0131 olaylara bor\u00e7lu olanlara gerekli \u00f6l\u00e7\u00fcde, hak ettikleri \u015fekilde cevap verir; ancak onlar\u0131n seviyesine inmez<\/strong>. Yapmam\u0131z gerekenin ne oldu\u011funu biliyoruz. Tam konsantrasyonla, \u0130stanbul&#8217;a 24. kez \u015fampiyon d\u00f6nmek i\u00e7in sonuna kadar m\u00fccadele edece\u011fiz.&#8221;<\/p>\n<h3><strong><img decoding=\"async\" alt=\"Kerem Akt\u00fcrko\u011flu'ndan Mert Hakan'a sert tepki: \" src=\"https:\/\/i.tgrthaber.com\/images\/haberler\/24-05\/20\/kerem-akturkoglundan-mert-hakana-sert-tepki-galatasaray-kaptani-onlarin-seviyesine-inmez-17162236117793_1.jpg\" \/><\/strong><\/h3>\n<h3><strong>TARTI\u015eMA MA\u00c7 \u00d6NCES\u0130 BA\u015eLADI<\/strong><\/h3>\n<p>Galatasaray&#8217;\u0131n Fenerbah\u00e7e&#8217;ye 1-0 ma\u011flup oldu\u011fu dev derbiden \u00f6nce tansiyon \u00e7ok y\u00fckselmi\u015fti. Zemin kontrol\u00fc i\u00e7in sahaya \u00e7\u0131kan Mert Hakan Yanda\u015f&#8217;\u0131n sar\u0131-k\u0131rm\u0131z\u0131l\u0131 taraftarlara formas\u0131nda bulunan armay\u0131 g\u00f6stermesi Kerem Akt\u00fcrko\u011flu&#8217;nun tepkisini \u00e7ekmi\u015fti.<\/p>\n<p>Kerem Akt\u00fcrko\u011flu, Abd\u00fclkerim Bardakc\u0131 ve Mert Hakan Yanda\u015f aras\u0131ndaki tart\u0131\u015fma uzun s\u00fcre devam etmi\u015f, olaylara di\u011fer futbolcular da dahil olmu\u015ftu.<\/p>\n","protected":false},"excerpt":{"rendered":"<p>Trendyol S\u00fcper Lig&#8217;in 37. haftas\u0131nda Fenerbah\u00e7e&#8217;ye kendi taraftar\u0131 \u00f6n\u00fcnde 1-0 ma\u011flup olan Galatasaray&#8217;da Kerem Akt\u00fcrko\u011flu sosyal medya hesab\u0131ndan bir payla\u015f\u0131mda bulundu. Sar\u0131-k\u0131rm\u0131z\u0131l\u0131 taraftarlara \u015fampiyonlu\u011fu bir hafta \u00f6nce ya\u015fatamad\u0131klar\u0131 i\u00e7in \u00fczg\u00fcn olduklar\u0131n\u0131 belirten Akt\u00fcrko\u011flu, ma\u00e7 sonu ya\u015fanan olaylara da de\u011findi. &#8220;GALATASARAY KAPTANI ONLARIN SEV\u0130YES\u0130NE \u0130NMEZ!&#8221; Kerem Akt\u00fcrko\u011flu&#8217;nun sosyal medya arac\u0131l\u0131\u011f\u0131 ile payla\u015ft\u0131\u011f\u0131 a\u00e7\u0131klama \u015fu \u015fekilde; &#8220;Galatasaray<\/p>\n","protected":false},"author":1,"featured_media":42519,"comment_status":"open","ping_status":"open","sticky":false,"template":"","format":"standard","meta":{"footnotes":""},"categories":[79],"tags":[],"class_list":["post-42518","post","type-post","status-publish","format-standard","has-post-thumbnail","hentry","category-ekonomi"],"yoast_head":"<!-- This site is optimized with the Yoast SEO plugin v27.4 - https:\/\/yoast.com\/product\/yoast-seo-wordpress\/ -->\n<title>Kerem Akt\u00fcrko\u011flu&#039;ndan Mert Hakan&#039;a sert tepki -<\/title>\n<meta name=\"robots\" content=\"index, follow, max-snippet:-1, max-image-preview:large, max-video-preview:-1\" \/>\n<link rel=\"canonical\" href=\"https:\/\/kibrisdakik.com\/?p=42518\" \/>\n<meta property=\"og:locale\" content=\"tr_TR\" \/>\n<meta property=\"og:type\" content=\"article\" \/>\n<meta property=\"og:title\" content=\"Kerem Akt\u00fcrko\u011flu&#039;ndan Mert Hakan&#039;a sert tepki -\" \/>\n<meta property=\"og:description\" content=\"Trendyol S\u00fcper Lig&#8217;in 37. haftas\u0131nda Fenerbah\u00e7e&#8217;ye kendi taraftar\u0131 \u00f6n\u00fcnde 1-0 ma\u011flup olan Galatasaray&#8217;da Kerem Akt\u00fcrko\u011flu sosyal medya hesab\u0131ndan bir payla\u015f\u0131mda bulundu. Sar\u0131-k\u0131rm\u0131z\u0131l\u0131 taraftarlara \u015fampiyonlu\u011fu bir hafta \u00f6nce ya\u015fatamad\u0131klar\u0131 i\u00e7in \u00fczg\u00fcn olduklar\u0131n\u0131 belirten Akt\u00fcrko\u011flu, ma\u00e7 sonu ya\u015fanan olaylara da de\u011findi. &#8220;GALATASARAY KAPTANI ONLARIN SEV\u0130YES\u0130NE \u0130NMEZ!&#8221; Kerem Akt\u00fcrko\u011flu&#8217;nun sosyal medya arac\u0131l\u0131\u011f\u0131 ile payla\u015ft\u0131\u011f\u0131 a\u00e7\u0131klama \u015fu \u015fekilde; &#8220;Galatasaray\" \/>\n<meta property=\"og:url\" content=\"https:\/\/kibrisdakik.com\/?p=42518\" \/>\n<meta property=\"article:published_time\" content=\"2024-05-20T20:46:49+00:00\" \/>\n<meta property=\"og:image\" content=\"https:\/\/kibrisdakik.com\/wp-content\/uploads\/2024\/05\/kerem-akturkoglundan-mert-hakana-sert-tepki-galatasaray-kaptani-onlarin-seviyesine-inmez-17162236117793_1-740x420.jpg\" \/>\n\t<meta property=\"og:image:width\" content=\"1280\" \/>\n\t<meta property=\"og:image:height\" content=\"720\" \/>\n\t<meta property=\"og:image:type\" content=\"image\/jpeg\" \/>\n<meta name=\"author\" content=\"admin\" \/>\n<meta name=\"twitter:card\" content=\"summary_large_image\" \/>\n<meta name=\"twitter:label1\" content=\"Yazan:\" \/>\n\t<meta name=\"twitter:data1\" content=\"admin\" \/>\n\t<meta name=\"twitter:label2\" content=\"Tahmini okuma s\u00fcresi\" \/>\n\t<meta name=\"twitter:data2\" content=\"2 dakika\" \/>\n<script type=\"application\/ld+json\" class=\"yoast-schema-graph\">{\"@context\":\"https:\\\/\\\/schema.org\",\"@graph\":[{\"@type\":\"Article\",\"@id\":\"https:\\\/\\\/kibrisdakik.com\\\/?p=42518#article\",\"isPartOf\":{\"@id\":\"https:\\\/\\\/kibrisdakik.com\\\/?p=42518\"},\"author\":{\"name\":\"admin\",\"@id\":\"https:\\\/\\\/kibrisdakik.com\\\/#\\\/schema\\\/person\\\/9cd9d437bbb44f72b73ba127e06d8e79\"},\"headline\":\"Kerem Akt\u00fcrko\u011flu&#039;ndan Mert Hakan&#039;a sert tepki\",\"datePublished\":\"2024-05-20T20:46:49+00:00\",\"mainEntityOfPage\":{\"@id\":\"https:\\\/\\\/kibrisdakik.com\\\/?p=42518\"},\"wordCount\":317,\"commentCount\":0,\"image\":{\"@id\":\"https:\\\/\\\/kibrisdakik.com\\\/?p=42518#primaryimage\"},\"thumbnailUrl\":\"https:\\\/\\\/kibrisdakik.com\\\/wp-content\\\/uploads\\\/2024\\\/05\\\/kerem-akturkoglundan-mert-hakana-sert-tepki-galatasaray-kaptani-onlarin-seviyesine-inmez-17162236117793_1-740x420.jpg\",\"articleSection\":[\"Ekonomi\"],\"inLanguage\":\"tr\",\"potentialAction\":[{\"@type\":\"CommentAction\",\"name\":\"Comment\",\"target\":[\"https:\\\/\\\/kibrisdakik.com\\\/?p=42518#respond\"]}]},{\"@type\":\"WebPage\",\"@id\":\"https:\\\/\\\/kibrisdakik.com\\\/?p=42518\",\"url\":\"https:\\\/\\\/kibrisdakik.com\\\/?p=42518\",\"name\":\"Kerem Akt\u00fcrko\u011flu&#039;ndan Mert Hakan&#039;a sert tepki -\",\"isPartOf\":{\"@id\":\"https:\\\/\\\/kibrisdakik.com\\\/#website\"},\"primaryImageOfPage\":{\"@id\":\"https:\\\/\\\/kibrisdakik.com\\\/?p=42518#primaryimage\"},\"image\":{\"@id\":\"https:\\\/\\\/kibrisdakik.com\\\/?p=42518#primaryimage\"},\"thumbnailUrl\":\"https:\\\/\\\/kibrisdakik.com\\\/wp-content\\\/uploads\\\/2024\\\/05\\\/kerem-akturkoglundan-mert-hakana-sert-tepki-galatasaray-kaptani-onlarin-seviyesine-inmez-17162236117793_1-740x420.jpg\",\"datePublished\":\"2024-05-20T20:46:49+00:00\",\"author\":{\"@id\":\"https:\\\/\\\/kibrisdakik.com\\\/#\\\/schema\\\/person\\\/9cd9d437bbb44f72b73ba127e06d8e79\"},\"breadcrumb\":{\"@id\":\"https:\\\/\\\/kibrisdakik.com\\\/?p=42518#breadcrumb\"},\"inLanguage\":\"tr\",\"potentialAction\":[{\"@type\":\"ReadAction\",\"target\":[\"https:\\\/\\\/kibrisdakik.com\\\/?p=42518\"]}]},{\"@type\":\"ImageObject\",\"inLanguage\":\"tr\",\"@id\":\"https:\\\/\\\/kibrisdakik.com\\\/?p=42518#primaryimage\",\"url\":\"https:\\\/\\\/kibrisdakik.com\\\/wp-content\\\/uploads\\\/2024\\\/05\\\/kerem-akturkoglundan-mert-hakana-sert-tepki-galatasaray-kaptani-onlarin-seviyesine-inmez-17162236117793_1-740x420.jpg\",\"contentUrl\":\"https:\\\/\\\/kibrisdakik.com\\\/wp-content\\\/uploads\\\/2024\\\/05\\\/kerem-akturkoglundan-mert-hakana-sert-tepki-galatasaray-kaptani-onlarin-seviyesine-inmez-17162236117793_1-740x420.jpg\",\"width\":1280,\"height\":720},{\"@type\":\"BreadcrumbList\",\"@id\":\"https:\\\/\\\/kibrisdakik.com\\\/?p=42518#breadcrumb\",\"itemListElement\":[{\"@type\":\"ListItem\",\"position\":1,\"name\":\"Home\",\"item\":\"https:\\\/\\\/kibrisdakik.com\\\/\"},{\"@type\":\"ListItem\",\"position\":2,\"name\":\"Kerem Akt\u00fcrko\u011flu&#039;ndan Mert Hakan&#039;a sert tepki\"}]},{\"@type\":\"WebSite\",\"@id\":\"https:\\\/\\\/kibrisdakik.com\\\/#website\",\"url\":\"https:\\\/\\\/kibrisdakik.com\\\/\",\"name\":\"\",\"description\":\"Tam vaktinde haber\",\"potentialAction\":[{\"@type\":\"SearchAction\",\"target\":{\"@type\":\"EntryPoint\",\"urlTemplate\":\"https:\\\/\\\/kibrisdakik.com\\\/?s={search_term_string}\"},\"query-input\":{\"@type\":\"PropertyValueSpecification\",\"valueRequired\":true,\"valueName\":\"search_term_string\"}}],\"inLanguage\":\"tr\"},{\"@type\":\"Person\",\"@id\":\"https:\\\/\\\/kibrisdakik.com\\\/#\\\/schema\\\/person\\\/9cd9d437bbb44f72b73ba127e06d8e79\",\"name\":\"admin\",\"image\":{\"@type\":\"ImageObject\",\"inLanguage\":\"tr\",\"@id\":\"https:\\\/\\\/secure.gravatar.com\\\/avatar\\\/ccc17943b9d660506c869530f897617f7cb1c21a4bf30023f252596d83e1f007?s=96&d=mm&r=g\",\"url\":\"https:\\\/\\\/secure.gravatar.com\\\/avatar\\\/ccc17943b9d660506c869530f897617f7cb1c21a4bf30023f252596d83e1f007?s=96&d=mm&r=g\",\"contentUrl\":\"https:\\\/\\\/secure.gravatar.com\\\/avatar\\\/ccc17943b9d660506c869530f897617f7cb1c21a4bf30023f252596d83e1f007?s=96&d=mm&r=g\",\"caption\":\"admin\"},\"sameAs\":[\"https:\\\/\\\/kibrisdakik.com\"],\"url\":\"https:\\\/\\\/kibrisdakik.com\\\/?author=1\"}]}<\/script>\n<!-- \/ Yoast SEO plugin. -->","yoast_head_json":{"title":"Kerem Akt\u00fcrko\u011flu&#039;ndan Mert Hakan&#039;a sert tepki -","robots":{"index":"index","follow":"follow","max-snippet":"max-snippet:-1","max-image-preview":"max-image-preview:large","max-video-preview":"max-video-preview:-1"},"canonical":"https:\/\/kibrisdakik.com\/?p=42518","og_locale":"tr_TR","og_type":"article","og_title":"Kerem Akt\u00fcrko\u011flu&#039;ndan Mert Hakan&#039;a sert tepki -","og_description":"Trendyol S\u00fcper Lig&#8217;in 37. haftas\u0131nda Fenerbah\u00e7e&#8217;ye kendi taraftar\u0131 \u00f6n\u00fcnde 1-0 ma\u011flup olan Galatasaray&#8217;da Kerem Akt\u00fcrko\u011flu sosyal medya hesab\u0131ndan bir payla\u015f\u0131mda bulundu. Sar\u0131-k\u0131rm\u0131z\u0131l\u0131 taraftarlara \u015fampiyonlu\u011fu bir hafta \u00f6nce ya\u015fatamad\u0131klar\u0131 i\u00e7in \u00fczg\u00fcn olduklar\u0131n\u0131 belirten Akt\u00fcrko\u011flu, ma\u00e7 sonu ya\u015fanan olaylara da de\u011findi. &#8220;GALATASARAY KAPTANI ONLARIN SEV\u0130YES\u0130NE \u0130NMEZ!&#8221; Kerem Akt\u00fcrko\u011flu&#8217;nun sosyal medya arac\u0131l\u0131\u011f\u0131 ile payla\u015ft\u0131\u011f\u0131 a\u00e7\u0131klama \u015fu \u015fekilde; &#8220;Galatasaray","og_url":"https:\/\/kibrisdakik.com\/?p=42518","article_published_time":"2024-05-20T20:46:49+00:00","og_image":[{"width":1280,"height":720,"url":"https:\/\/kibrisdakik.com\/wp-content\/uploads\/2024\/05\/kerem-akturkoglundan-mert-hakana-sert-tepki-galatasaray-kaptani-onlarin-seviyesine-inmez-17162236117793_1-740x420.jpg","type":"image\/jpeg"}],"author":"admin","twitter_card":"summary_large_image","twitter_misc":{"Yazan:":"admin","Tahmini okuma s\u00fcresi":"2 dakika"},"schema":{"@context":"https:\/\/schema.org","@graph":[{"@type":"Article","@id":"https:\/\/kibrisdakik.com\/?p=42518#article","isPartOf":{"@id":"https:\/\/kibrisdakik.com\/?p=42518"},"author":{"name":"admin","@id":"https:\/\/kibrisdakik.com\/#\/schema\/person\/9cd9d437bbb44f72b73ba127e06d8e79"},"headline":"Kerem Akt\u00fcrko\u011flu&#039;ndan Mert Hakan&#039;a sert tepki","datePublished":"2024-05-20T20:46:49+00:00","mainEntityOfPage":{"@id":"https:\/\/kibrisdakik.com\/?p=42518"},"wordCount":317,"commentCount":0,"image":{"@id":"https:\/\/kibrisdakik.com\/?p=42518#primaryimage"},"thumbnailUrl":"https:\/\/kibrisdakik.com\/wp-content\/uploads\/2024\/05\/kerem-akturkoglundan-mert-hakana-sert-tepki-galatasaray-kaptani-onlarin-seviyesine-inmez-17162236117793_1-740x420.jpg","articleSection":["Ekonomi"],"inLanguage":"tr","potentialAction":[{"@type":"CommentAction","name":"Comment","target":["https:\/\/kibrisdakik.com\/?p=42518#respond"]}]},{"@type":"WebPage","@id":"https:\/\/kibrisdakik.com\/?p=42518","url":"https:\/\/kibrisdakik.com\/?p=42518","name":"Kerem Akt\u00fcrko\u011flu&#039;ndan Mert Hakan&#039;a sert tepki -","isPartOf":{"@id":"https:\/\/kibrisdakik.com\/#website"},"primaryImageOfPage":{"@id":"https:\/\/kibrisdakik.com\/?p=42518#primaryimage"},"image":{"@id":"https:\/\/kibrisdakik.com\/?p=42518#primaryimage"},"thumbnailUrl":"https:\/\/kibrisdakik.com\/wp-content\/uploads\/2024\/05\/kerem-akturkoglundan-mert-hakana-sert-tepki-galatasaray-kaptani-onlarin-seviyesine-inmez-17162236117793_1-740x420.jpg","datePublished":"2024-05-20T20:46:49+00:00","author":{"@id":"https:\/\/kibrisdakik.com\/#\/schema\/person\/9cd9d437bbb44f72b73ba127e06d8e79"},"breadcrumb":{"@id":"https:\/\/kibrisdakik.com\/?p=42518#breadcrumb"},"inLanguage":"tr","potentialAction":[{"@type":"ReadAction","target":["https:\/\/kibrisdakik.com\/?p=42518"]}]},{"@type":"ImageObject","inLanguage":"tr","@id":"https:\/\/kibrisdakik.com\/?p=42518#primaryimage","url":"https:\/\/kibrisdakik.com\/wp-content\/uploads\/2024\/05\/kerem-akturkoglundan-mert-hakana-sert-tepki-galatasaray-kaptani-onlarin-seviyesine-inmez-17162236117793_1-740x420.jpg","contentUrl":"https:\/\/kibrisdakik.com\/wp-content\/uploads\/2024\/05\/kerem-akturkoglundan-mert-hakana-sert-tepki-galatasaray-kaptani-onlarin-seviyesine-inmez-17162236117793_1-740x420.jpg","width":1280,"height":720},{"@type":"BreadcrumbList","@id":"https:\/\/kibrisdakik.com\/?p=42518#breadcrumb","itemListElement":[{"@type":"ListItem","position":1,"name":"Home","item":"https:\/\/kibrisdakik.com\/"},{"@type":"ListItem","position":2,"name":"Kerem Akt\u00fcrko\u011flu&#039;ndan Mert Hakan&#039;a sert tepki"}]},{"@type":"WebSite","@id":"https:\/\/kibrisdakik.com\/#website","url":"https:\/\/kibrisdakik.com\/","name":"","description":"Tam vaktinde haber","potentialAction":[{"@type":"SearchAction","target":{"@type":"EntryPoint","urlTemplate":"https:\/\/kibrisdakik.com\/?s={search_term_string}"},"query-input":{"@type":"PropertyValueSpecification","valueRequired":true,"valueName":"search_term_string"}}],"inLanguage":"tr"},{"@type":"Person","@id":"https:\/\/kibrisdakik.com\/#\/schema\/person\/9cd9d437bbb44f72b73ba127e06d8e79","name":"admin","image":{"@type":"ImageObject","inLanguage":"tr","@id":"https:\/\/secure.gravatar.com\/avatar\/ccc17943b9d660506c869530f897617f7cb1c21a4bf30023f252596d83e1f007?s=96&d=mm&r=g","url":"https:\/\/secure.gravatar.com\/avatar\/ccc17943b9d660506c869530f897617f7cb1c21a4bf30023f252596d83e1f007?s=96&d=mm&r=g","contentUrl":"https:\/\/secure.gravatar.com\/avatar\/ccc17943b9d660506c869530f897617f7cb1c21a4bf30023f252596d83e1f007?s=96&d=mm&r=g","caption":"admin"},"sameAs":["https:\/\/kibrisdakik.com"],"url":"https:\/\/kibrisdakik.com\/?author=1"}]}},"_links":{"self":[{"href":"https:\/\/kibrisdakik.com\/index.php?rest_route=\/wp\/v2\/posts\/42518","targetHints":{"allow":["GET"]}}],"collection":[{"href":"https:\/\/kibrisdakik.com\/index.php?rest_route=\/wp\/v2\/posts"}],"about":[{"href":"https:\/\/kibrisdakik.com\/index.php?rest_route=\/wp\/v2\/types\/post"}],"author":[{"embeddable":true,"href":"https:\/\/kibrisdakik.com\/index.php?rest_route=\/wp\/v2\/users\/1"}],"replies":[{"embeddable":true,"href":"https:\/\/kibrisdakik.com\/index.php?rest_route=%2Fwp%2Fv2%2Fcomments&post=42518"}],"version-history":[{"count":0,"href":"https:\/\/kibrisdakik.com\/index.php?rest_route=\/wp\/v2\/posts\/42518\/revisions"}],"wp:featuredmedia":[{"embeddable":true,"href":"https:\/\/kibrisdakik.com\/index.php?rest_route=\/wp\/v2\/media\/42519"}],"wp:attachment":[{"href":"https:\/\/kibrisdakik.com\/index.php?rest_route=%2Fwp%2Fv2%2Fmedia&parent=42518"}],"wp:term":[{"taxonomy":"category","embeddable":true,"href":"https:\/\/kibrisdakik.com\/index.php?rest_route=%2Fwp%2Fv2%2Fcategories&post=42518"},{"taxonomy":"post_tag","embeddable":true,"href":"https:\/\/kibrisdakik.com\/index.php?rest_route=%2Fwp%2Fv2%2Ftags&post=42518"}],"curies":[{"name":"wp","href":"https:\/\/api.w.org\/{rel}","templated":true}]}}