{"id":42530,"date":"2024-05-20T22:57:54","date_gmt":"2024-05-20T22:57:54","guid":{"rendered":"https:\/\/kibrisdakik.com\/index.php\/2024\/05\/20\/hayvan-ureticileri-ve-yetistiricileri-birliginin-basbakanlik-onundeki-eylemi-devam-ediyor\/"},"modified":"2024-05-20T22:57:54","modified_gmt":"2024-05-20T22:57:54","slug":"hayvan-ureticileri-ve-yetistiricileri-birliginin-basbakanlik-onundeki-eylemi-devam-ediyor","status":"publish","type":"post","link":"https:\/\/kibrisdakik.com\/?p=42530","title":{"rendered":"Hayvan \u00dcreticileri ve Yeti\u015ftiricileri Birli\u011fi\u2019nin Ba\u015fbakanl\u0131k \u00f6n\u00fcndeki eylemi devam ediyor"},"content":{"rendered":"<p><\/p>\n<div>\n<div class=\"mariselle-image-container center\">\n                <img loading=\"lazy\" decoding=\"async\" width=\"2480\" height=\"1656\" class=\"lazy-image\" alt=\"\" sizes=\"auto, (max-width: 2480px) 100vw, 2480px\" src=\"https:\/\/brtk.net\/wp-content\/uploads\/2024\/05\/20\/hayvan-ureticileri-eylem-1-so.jpg?ver=aaac6917db947bfe0e4199a3bcbc974b\" srcset=\"https:\/\/brtk.net\/wp-content\/uploads\/2024\/05\/20\/hayvan-ureticileri-eylem-1-so.jpg?ver=aaac6917db947bfe0e4199a3bcbc974b 2480w, https:\/\/brtk.net\/wp-content\/uploads\/2024\/05\/20\/hayvan-ureticileri-eylem-1-so-300x200.jpg?ver=7406eb77cd19515a9da6ef64874c4ca2 300w, https:\/\/brtk.net\/wp-content\/uploads\/2024\/05\/20\/hayvan-ureticileri-eylem-1-so-1024x684.jpg?ver=7406eb77cd19515a9da6ef64874c4ca2 1024w, https:\/\/brtk.net\/wp-content\/uploads\/2024\/05\/20\/hayvan-ureticileri-eylem-1-so-768x513.jpg?ver=41363c498934118ebc399ba3d28250d6 768w, https:\/\/brtk.net\/wp-content\/uploads\/2024\/05\/20\/hayvan-ureticileri-eylem-1-so-1536x1026.jpg?ver=e7e919eb9617d2f1986dac3236c66062 1536w, https:\/\/brtk.net\/wp-content\/uploads\/2024\/05\/20\/hayvan-ureticileri-eylem-1-so-2048x1368.jpg?ver=0f9a1ed7772993bea9a9606ae4e94d08 2048w\"\/>                            <\/div>\n<p>Hayvan \u00fcreticileri, h\u00fck\u00fcmetin hayvanc\u0131l\u0131k politikalar\u0131n\u0131 protesto etmek i\u00e7in Lefko\u015fa\u2019da ara\u00e7l\u0131 eylem yap\u0131yor.<br \/>Hamitk\u00f6y \u00c7emberi ve G\u00f6nyeli \u00c7emberinde toplanan \u00fcreticiler, \u00f6nce Tar\u0131m ve Do\u011fal Kaynaklar Bakanl\u0131\u011f\u0131\u2019na giderek Bakanl\u0131k \u00f6n\u00fcne trakt\u00f6r b\u0131rakt\u0131.<\/p>\n<p>Hayvan \u00fcreticileri buradan Meclis \u00f6n\u00fcne gitti.<\/p>\n<p>Hayvan \u00dcreticileri ve Yeti\u015ftiricileri Birli\u011fi Ba\u015fkan\u0131 Mustafa Naimo\u011fullar\u0131, Meclis \u00f6n\u00fcnde yapt\u0131\u011f\u0131 a\u00e7\u0131klamada bu saatten sonra muhataplar\u0131n\u0131n Ba\u015fbakan \u00dcnal \u00dcstel oldu\u011funu belirterek, \u201c\u00dcretici daha son s\u00f6z\u00fcn\u00fc s\u00f6ylemedi\u201d dedi.<br \/>Meclis\u2019in bah\u00e7e kap\u0131s\u0131n\u0131 k\u0131ran eylemciler buradan Ba\u015fbakanl\u0131k \u00f6n\u00fcne giderek taleplerini dile getirdi.<br \/>Naimo\u011fullar\u0131, Ba\u015fbakanl\u0131k \u00f6n\u00fcnde yapt\u0131\u011f\u0131 a\u00e7\u0131klamada da h\u00fck\u00fcmetin derdinin ithal et getirmek de\u011fil, \u00fcreticinin elektri\u011fini, mazotunu ve yemini ucuzlatmak olmas\u0131 gerekti\u011fini s\u00f6yledi. <\/p>\n<p>\u00dcreticiler, Ba\u015fbakanl\u0131k \u00f6n\u00fcnde polisle kar\u015f\u0131 kar\u015f\u0131ya geldi. Ya\u015fanan arbede nedeniyle 5 eylemci g\u00f6zetim alt\u0131na al\u0131nd\u0131, ard\u0131ndan serbest b\u0131rak\u0131ld\u0131.<\/p>\n<p>Hayvan \u00fcreticileri Ba\u015fbakanla g\u00f6r\u00fc\u015fmek istedi ancak Ba\u015fbakan Meclis\u2019te oldu\u011fu i\u00e7in g\u00f6r\u00fc\u015fme ger\u00e7ekle\u015ftiremedi.<br \/>Birlik Ba\u015fkan\u0131 Naimo\u011flullar\u0131, sonu\u00e7 al\u0131ncaya kadar eylemlerinin artarak devam edece\u011fini s\u00f6yledi.<\/p>\n<p>\tPolisin geni\u015f g\u00fcvenlik \u00f6nlemi ald\u0131\u011f\u0131 eylem s\u0131ras\u0131nda hayvan \u00fcreticileri Ba\u015fbakanl\u0131k \u00f6n\u00fcnde balya yakt\u0131 ve trakt\u00f6rlerle Ba\u015fbakanl\u0131k bah\u00e7e kap\u0131s\u0131n\u0131 k\u0131rma giri\u015fiminde bulundu.<\/p>\n<\/p><\/div>\n<p><script async\n                    defer\n                    crossorigin=\"anonymous\"\n                    src=\"https:\/\/connect.facebook.net\/tr_TR\/sdk.js#xfbml=1&#038;version=v3.3\"\n            ><\/script><\/p>\n","protected":false},"excerpt":{"rendered":"<p>Hayvan \u00fcreticileri, h\u00fck\u00fcmetin hayvanc\u0131l\u0131k politikalar\u0131n\u0131 protesto etmek i\u00e7in Lefko\u015fa\u2019da ara\u00e7l\u0131 eylem yap\u0131yor.Hamitk\u00f6y \u00c7emberi ve G\u00f6nyeli \u00c7emberinde toplanan \u00fcreticiler, \u00f6nce Tar\u0131m ve Do\u011fal Kaynaklar Bakanl\u0131\u011f\u0131\u2019na giderek Bakanl\u0131k \u00f6n\u00fcne trakt\u00f6r b\u0131rakt\u0131. Hayvan \u00fcreticileri buradan Meclis \u00f6n\u00fcne gitti. Hayvan \u00dcreticileri ve Yeti\u015ftiricileri Birli\u011fi Ba\u015fkan\u0131 Mustafa Naimo\u011fullar\u0131, Meclis \u00f6n\u00fcnde yapt\u0131\u011f\u0131 a\u00e7\u0131klamada bu saatten sonra muhataplar\u0131n\u0131n Ba\u015fbakan \u00dcnal \u00dcstel oldu\u011funu<\/p>\n","protected":false},"author":1,"featured_media":42531,"comment_status":"open","ping_status":"open","sticky":false,"template":"","format":"standard","meta":{"footnotes":""},"categories":[1],"tags":[],"class_list":["post-42530","post","type-post","status-publish","format-standard","has-post-thumbnail","hentry","category-gundem"],"yoast_head":"<!-- This site is optimized with the Yoast SEO plugin v27.4 - https:\/\/yoast.com\/product\/yoast-seo-wordpress\/ -->\n<title>Hayvan \u00dcreticileri ve Yeti\u015ftiricileri Birli\u011fi\u2019nin Ba\u015fbakanl\u0131k \u00f6n\u00fcndeki eylemi devam ediyor -<\/title>\n<meta name=\"robots\" content=\"index, follow, max-snippet:-1, max-image-preview:large, max-video-preview:-1\" \/>\n<link rel=\"canonical\" href=\"https:\/\/kibrisdakik.com\/?p=42530\" \/>\n<meta property=\"og:locale\" content=\"tr_TR\" \/>\n<meta property=\"og:type\" content=\"article\" \/>\n<meta property=\"og:title\" content=\"Hayvan \u00dcreticileri ve Yeti\u015ftiricileri Birli\u011fi\u2019nin Ba\u015fbakanl\u0131k \u00f6n\u00fcndeki eylemi devam ediyor -\" \/>\n<meta property=\"og:description\" content=\"Hayvan \u00fcreticileri, h\u00fck\u00fcmetin hayvanc\u0131l\u0131k politikalar\u0131n\u0131 protesto etmek i\u00e7in Lefko\u015fa\u2019da ara\u00e7l\u0131 eylem yap\u0131yor.Hamitk\u00f6y \u00c7emberi ve G\u00f6nyeli \u00c7emberinde toplanan \u00fcreticiler, \u00f6nce Tar\u0131m ve Do\u011fal Kaynaklar Bakanl\u0131\u011f\u0131\u2019na giderek Bakanl\u0131k \u00f6n\u00fcne trakt\u00f6r b\u0131rakt\u0131. Hayvan \u00fcreticileri buradan Meclis \u00f6n\u00fcne gitti. Hayvan \u00dcreticileri ve Yeti\u015ftiricileri Birli\u011fi Ba\u015fkan\u0131 Mustafa Naimo\u011fullar\u0131, Meclis \u00f6n\u00fcnde yapt\u0131\u011f\u0131 a\u00e7\u0131klamada bu saatten sonra muhataplar\u0131n\u0131n Ba\u015fbakan \u00dcnal \u00dcstel oldu\u011funu\" \/>\n<meta property=\"og:url\" content=\"https:\/\/kibrisdakik.com\/?p=42530\" \/>\n<meta property=\"article:published_time\" content=\"2024-05-20T22:57:54+00:00\" \/>\n<meta property=\"og:image\" content=\"https:\/\/kibrisdakik.com\/wp-content\/uploads\/2024\/05\/hayvan-ureticileri-eylem-1-so-740x420.jpg\" \/>\n\t<meta property=\"og:image:width\" content=\"2480\" \/>\n\t<meta property=\"og:image:height\" content=\"1656\" \/>\n\t<meta property=\"og:image:type\" content=\"image\/jpeg\" \/>\n<meta name=\"author\" content=\"admin\" \/>\n<meta name=\"twitter:card\" content=\"summary_large_image\" \/>\n<meta name=\"twitter:label1\" content=\"Yazan:\" \/>\n\t<meta name=\"twitter:data1\" content=\"admin\" \/>\n\t<meta name=\"twitter:label2\" content=\"Tahmini okuma s\u00fcresi\" \/>\n\t<meta name=\"twitter:data2\" content=\"1 dakika\" \/>\n<script type=\"application\/ld+json\" class=\"yoast-schema-graph\">{\"@context\":\"https:\\\/\\\/schema.org\",\"@graph\":[{\"@type\":\"Article\",\"@id\":\"https:\\\/\\\/kibrisdakik.com\\\/?p=42530#article\",\"isPartOf\":{\"@id\":\"https:\\\/\\\/kibrisdakik.com\\\/?p=42530\"},\"author\":{\"name\":\"admin\",\"@id\":\"https:\\\/\\\/kibrisdakik.com\\\/#\\\/schema\\\/person\\\/9cd9d437bbb44f72b73ba127e06d8e79\"},\"headline\":\"Hayvan \u00dcreticileri ve Yeti\u015ftiricileri Birli\u011fi\u2019nin Ba\u015fbakanl\u0131k \u00f6n\u00fcndeki eylemi devam ediyor\",\"datePublished\":\"2024-05-20T22:57:54+00:00\",\"mainEntityOfPage\":{\"@id\":\"https:\\\/\\\/kibrisdakik.com\\\/?p=42530\"},\"wordCount\":266,\"commentCount\":0,\"image\":{\"@id\":\"https:\\\/\\\/kibrisdakik.com\\\/?p=42530#primaryimage\"},\"thumbnailUrl\":\"https:\\\/\\\/kibrisdakik.com\\\/wp-content\\\/uploads\\\/2024\\\/05\\\/hayvan-ureticileri-eylem-1-so-740x420.jpg\",\"articleSection\":[\"G\u00fcndem\"],\"inLanguage\":\"tr\",\"potentialAction\":[{\"@type\":\"CommentAction\",\"name\":\"Comment\",\"target\":[\"https:\\\/\\\/kibrisdakik.com\\\/?p=42530#respond\"]}]},{\"@type\":\"WebPage\",\"@id\":\"https:\\\/\\\/kibrisdakik.com\\\/?p=42530\",\"url\":\"https:\\\/\\\/kibrisdakik.com\\\/?p=42530\",\"name\":\"Hayvan \u00dcreticileri ve Yeti\u015ftiricileri Birli\u011fi\u2019nin Ba\u015fbakanl\u0131k \u00f6n\u00fcndeki eylemi devam ediyor -\",\"isPartOf\":{\"@id\":\"https:\\\/\\\/kibrisdakik.com\\\/#website\"},\"primaryImageOfPage\":{\"@id\":\"https:\\\/\\\/kibrisdakik.com\\\/?p=42530#primaryimage\"},\"image\":{\"@id\":\"https:\\\/\\\/kibrisdakik.com\\\/?p=42530#primaryimage\"},\"thumbnailUrl\":\"https:\\\/\\\/kibrisdakik.com\\\/wp-content\\\/uploads\\\/2024\\\/05\\\/hayvan-ureticileri-eylem-1-so-740x420.jpg\",\"datePublished\":\"2024-05-20T22:57:54+00:00\",\"author\":{\"@id\":\"https:\\\/\\\/kibrisdakik.com\\\/#\\\/schema\\\/person\\\/9cd9d437bbb44f72b73ba127e06d8e79\"},\"breadcrumb\":{\"@id\":\"https:\\\/\\\/kibrisdakik.com\\\/?p=42530#breadcrumb\"},\"inLanguage\":\"tr\",\"potentialAction\":[{\"@type\":\"ReadAction\",\"target\":[\"https:\\\/\\\/kibrisdakik.com\\\/?p=42530\"]}]},{\"@type\":\"ImageObject\",\"inLanguage\":\"tr\",\"@id\":\"https:\\\/\\\/kibrisdakik.com\\\/?p=42530#primaryimage\",\"url\":\"https:\\\/\\\/kibrisdakik.com\\\/wp-content\\\/uploads\\\/2024\\\/05\\\/hayvan-ureticileri-eylem-1-so-740x420.jpg\",\"contentUrl\":\"https:\\\/\\\/kibrisdakik.com\\\/wp-content\\\/uploads\\\/2024\\\/05\\\/hayvan-ureticileri-eylem-1-so-740x420.jpg\",\"width\":2480,\"height\":1656},{\"@type\":\"BreadcrumbList\",\"@id\":\"https:\\\/\\\/kibrisdakik.com\\\/?p=42530#breadcrumb\",\"itemListElement\":[{\"@type\":\"ListItem\",\"position\":1,\"name\":\"Home\",\"item\":\"https:\\\/\\\/kibrisdakik.com\\\/\"},{\"@type\":\"ListItem\",\"position\":2,\"name\":\"Hayvan \u00dcreticileri ve Yeti\u015ftiricileri Birli\u011fi\u2019nin Ba\u015fbakanl\u0131k \u00f6n\u00fcndeki eylemi devam ediyor\"}]},{\"@type\":\"WebSite\",\"@id\":\"https:\\\/\\\/kibrisdakik.com\\\/#website\",\"url\":\"https:\\\/\\\/kibrisdakik.com\\\/\",\"name\":\"\",\"description\":\"Tam vaktinde haber\",\"potentialAction\":[{\"@type\":\"SearchAction\",\"target\":{\"@type\":\"EntryPoint\",\"urlTemplate\":\"https:\\\/\\\/kibrisdakik.com\\\/?s={search_term_string}\"},\"query-input\":{\"@type\":\"PropertyValueSpecification\",\"valueRequired\":true,\"valueName\":\"search_term_string\"}}],\"inLanguage\":\"tr\"},{\"@type\":\"Person\",\"@id\":\"https:\\\/\\\/kibrisdakik.com\\\/#\\\/schema\\\/person\\\/9cd9d437bbb44f72b73ba127e06d8e79\",\"name\":\"admin\",\"image\":{\"@type\":\"ImageObject\",\"inLanguage\":\"tr\",\"@id\":\"https:\\\/\\\/secure.gravatar.com\\\/avatar\\\/ccc17943b9d660506c869530f897617f7cb1c21a4bf30023f252596d83e1f007?s=96&d=mm&r=g\",\"url\":\"https:\\\/\\\/secure.gravatar.com\\\/avatar\\\/ccc17943b9d660506c869530f897617f7cb1c21a4bf30023f252596d83e1f007?s=96&d=mm&r=g\",\"contentUrl\":\"https:\\\/\\\/secure.gravatar.com\\\/avatar\\\/ccc17943b9d660506c869530f897617f7cb1c21a4bf30023f252596d83e1f007?s=96&d=mm&r=g\",\"caption\":\"admin\"},\"sameAs\":[\"https:\\\/\\\/kibrisdakik.com\"],\"url\":\"https:\\\/\\\/kibrisdakik.com\\\/?author=1\"}]}<\/script>\n<!-- \/ Yoast SEO plugin. -->","yoast_head_json":{"title":"Hayvan \u00dcreticileri ve Yeti\u015ftiricileri Birli\u011fi\u2019nin Ba\u015fbakanl\u0131k \u00f6n\u00fcndeki eylemi devam ediyor -","robots":{"index":"index","follow":"follow","max-snippet":"max-snippet:-1","max-image-preview":"max-image-preview:large","max-video-preview":"max-video-preview:-1"},"canonical":"https:\/\/kibrisdakik.com\/?p=42530","og_locale":"tr_TR","og_type":"article","og_title":"Hayvan \u00dcreticileri ve Yeti\u015ftiricileri Birli\u011fi\u2019nin Ba\u015fbakanl\u0131k \u00f6n\u00fcndeki eylemi devam ediyor -","og_description":"Hayvan \u00fcreticileri, h\u00fck\u00fcmetin hayvanc\u0131l\u0131k politikalar\u0131n\u0131 protesto etmek i\u00e7in Lefko\u015fa\u2019da ara\u00e7l\u0131 eylem yap\u0131yor.Hamitk\u00f6y \u00c7emberi ve G\u00f6nyeli \u00c7emberinde toplanan \u00fcreticiler, \u00f6nce Tar\u0131m ve Do\u011fal Kaynaklar Bakanl\u0131\u011f\u0131\u2019na giderek Bakanl\u0131k \u00f6n\u00fcne trakt\u00f6r b\u0131rakt\u0131. Hayvan \u00fcreticileri buradan Meclis \u00f6n\u00fcne gitti. Hayvan \u00dcreticileri ve Yeti\u015ftiricileri Birli\u011fi Ba\u015fkan\u0131 Mustafa Naimo\u011fullar\u0131, Meclis \u00f6n\u00fcnde yapt\u0131\u011f\u0131 a\u00e7\u0131klamada bu saatten sonra muhataplar\u0131n\u0131n Ba\u015fbakan \u00dcnal \u00dcstel oldu\u011funu","og_url":"https:\/\/kibrisdakik.com\/?p=42530","article_published_time":"2024-05-20T22:57:54+00:00","og_image":[{"width":2480,"height":1656,"url":"https:\/\/kibrisdakik.com\/wp-content\/uploads\/2024\/05\/hayvan-ureticileri-eylem-1-so-740x420.jpg","type":"image\/jpeg"}],"author":"admin","twitter_card":"summary_large_image","twitter_misc":{"Yazan:":"admin","Tahmini okuma s\u00fcresi":"1 dakika"},"schema":{"@context":"https:\/\/schema.org","@graph":[{"@type":"Article","@id":"https:\/\/kibrisdakik.com\/?p=42530#article","isPartOf":{"@id":"https:\/\/kibrisdakik.com\/?p=42530"},"author":{"name":"admin","@id":"https:\/\/kibrisdakik.com\/#\/schema\/person\/9cd9d437bbb44f72b73ba127e06d8e79"},"headline":"Hayvan \u00dcreticileri ve Yeti\u015ftiricileri Birli\u011fi\u2019nin Ba\u015fbakanl\u0131k \u00f6n\u00fcndeki eylemi devam ediyor","datePublished":"2024-05-20T22:57:54+00:00","mainEntityOfPage":{"@id":"https:\/\/kibrisdakik.com\/?p=42530"},"wordCount":266,"commentCount":0,"image":{"@id":"https:\/\/kibrisdakik.com\/?p=42530#primaryimage"},"thumbnailUrl":"https:\/\/kibrisdakik.com\/wp-content\/uploads\/2024\/05\/hayvan-ureticileri-eylem-1-so-740x420.jpg","articleSection":["G\u00fcndem"],"inLanguage":"tr","potentialAction":[{"@type":"CommentAction","name":"Comment","target":["https:\/\/kibrisdakik.com\/?p=42530#respond"]}]},{"@type":"WebPage","@id":"https:\/\/kibrisdakik.com\/?p=42530","url":"https:\/\/kibrisdakik.com\/?p=42530","name":"Hayvan \u00dcreticileri ve Yeti\u015ftiricileri Birli\u011fi\u2019nin Ba\u015fbakanl\u0131k \u00f6n\u00fcndeki eylemi devam ediyor -","isPartOf":{"@id":"https:\/\/kibrisdakik.com\/#website"},"primaryImageOfPage":{"@id":"https:\/\/kibrisdakik.com\/?p=42530#primaryimage"},"image":{"@id":"https:\/\/kibrisdakik.com\/?p=42530#primaryimage"},"thumbnailUrl":"https:\/\/kibrisdakik.com\/wp-content\/uploads\/2024\/05\/hayvan-ureticileri-eylem-1-so-740x420.jpg","datePublished":"2024-05-20T22:57:54+00:00","author":{"@id":"https:\/\/kibrisdakik.com\/#\/schema\/person\/9cd9d437bbb44f72b73ba127e06d8e79"},"breadcrumb":{"@id":"https:\/\/kibrisdakik.com\/?p=42530#breadcrumb"},"inLanguage":"tr","potentialAction":[{"@type":"ReadAction","target":["https:\/\/kibrisdakik.com\/?p=42530"]}]},{"@type":"ImageObject","inLanguage":"tr","@id":"https:\/\/kibrisdakik.com\/?p=42530#primaryimage","url":"https:\/\/kibrisdakik.com\/wp-content\/uploads\/2024\/05\/hayvan-ureticileri-eylem-1-so-740x420.jpg","contentUrl":"https:\/\/kibrisdakik.com\/wp-content\/uploads\/2024\/05\/hayvan-ureticileri-eylem-1-so-740x420.jpg","width":2480,"height":1656},{"@type":"BreadcrumbList","@id":"https:\/\/kibrisdakik.com\/?p=42530#breadcrumb","itemListElement":[{"@type":"ListItem","position":1,"name":"Home","item":"https:\/\/kibrisdakik.com\/"},{"@type":"ListItem","position":2,"name":"Hayvan \u00dcreticileri ve Yeti\u015ftiricileri Birli\u011fi\u2019nin Ba\u015fbakanl\u0131k \u00f6n\u00fcndeki eylemi devam ediyor"}]},{"@type":"WebSite","@id":"https:\/\/kibrisdakik.com\/#website","url":"https:\/\/kibrisdakik.com\/","name":"","description":"Tam vaktinde haber","potentialAction":[{"@type":"SearchAction","target":{"@type":"EntryPoint","urlTemplate":"https:\/\/kibrisdakik.com\/?s={search_term_string}"},"query-input":{"@type":"PropertyValueSpecification","valueRequired":true,"valueName":"search_term_string"}}],"inLanguage":"tr"},{"@type":"Person","@id":"https:\/\/kibrisdakik.com\/#\/schema\/person\/9cd9d437bbb44f72b73ba127e06d8e79","name":"admin","image":{"@type":"ImageObject","inLanguage":"tr","@id":"https:\/\/secure.gravatar.com\/avatar\/ccc17943b9d660506c869530f897617f7cb1c21a4bf30023f252596d83e1f007?s=96&d=mm&r=g","url":"https:\/\/secure.gravatar.com\/avatar\/ccc17943b9d660506c869530f897617f7cb1c21a4bf30023f252596d83e1f007?s=96&d=mm&r=g","contentUrl":"https:\/\/secure.gravatar.com\/avatar\/ccc17943b9d660506c869530f897617f7cb1c21a4bf30023f252596d83e1f007?s=96&d=mm&r=g","caption":"admin"},"sameAs":["https:\/\/kibrisdakik.com"],"url":"https:\/\/kibrisdakik.com\/?author=1"}]}},"_links":{"self":[{"href":"https:\/\/kibrisdakik.com\/index.php?rest_route=\/wp\/v2\/posts\/42530","targetHints":{"allow":["GET"]}}],"collection":[{"href":"https:\/\/kibrisdakik.com\/index.php?rest_route=\/wp\/v2\/posts"}],"about":[{"href":"https:\/\/kibrisdakik.com\/index.php?rest_route=\/wp\/v2\/types\/post"}],"author":[{"embeddable":true,"href":"https:\/\/kibrisdakik.com\/index.php?rest_route=\/wp\/v2\/users\/1"}],"replies":[{"embeddable":true,"href":"https:\/\/kibrisdakik.com\/index.php?rest_route=%2Fwp%2Fv2%2Fcomments&post=42530"}],"version-history":[{"count":0,"href":"https:\/\/kibrisdakik.com\/index.php?rest_route=\/wp\/v2\/posts\/42530\/revisions"}],"wp:featuredmedia":[{"embeddable":true,"href":"https:\/\/kibrisdakik.com\/index.php?rest_route=\/wp\/v2\/media\/42531"}],"wp:attachment":[{"href":"https:\/\/kibrisdakik.com\/index.php?rest_route=%2Fwp%2Fv2%2Fmedia&parent=42530"}],"wp:term":[{"taxonomy":"category","embeddable":true,"href":"https:\/\/kibrisdakik.com\/index.php?rest_route=%2Fwp%2Fv2%2Fcategories&post=42530"},{"taxonomy":"post_tag","embeddable":true,"href":"https:\/\/kibrisdakik.com\/index.php?rest_route=%2Fwp%2Fv2%2Ftags&post=42530"}],"curies":[{"name":"wp","href":"https:\/\/api.w.org\/{rel}","templated":true}]}}