{"id":42544,"date":"2024-05-21T01:52:40","date_gmt":"2024-05-21T01:52:40","guid":{"rendered":"https:\/\/kibrisdakik.com\/index.php\/2024\/05\/21\/magusanin-flamingolari-fotograf-yarismasi-sonuclandi\/"},"modified":"2024-05-21T01:52:40","modified_gmt":"2024-05-21T01:52:40","slug":"magusanin-flamingolari-fotograf-yarismasi-sonuclandi","status":"publish","type":"post","link":"https:\/\/kibrisdakik.com\/?p=42544","title":{"rendered":"\u2018\u2019Ma\u011fusa\u2019n\u0131n Flamingolar\u0131 Foto\u011fraf Yar\u0131\u015fmas\u0131\u201d sonu\u00e7land\u0131"},"content":{"rendered":"<p><img decoding=\"async\" src=\"https:\/\/www.kibristurk.com\/images\/haberler\/2024\/05\/magusanin-flamingolari-fotograf-yarismasi-sonuclandi-1716212009.webp\" \/><\/p>\n<p style=\"text-align:left\"><span style=\"font-size:16px\"><span style=\"font-family:Merriweather,serif !important\"><span style=\"color:#000000\"><span style=\"background-color:#ffffff\">Yar\u0131\u015fman\u0131n \u00f6d\u00fcl t\u00f6reni ve sergisi 3 Haziran Pazartesi g\u00fcn\u00fc&nbsp;&nbsp;saat 19.00\u2019da Gazima\u011fusa Bandabuliya\u2019da yer alacak.&nbsp;&nbsp;<\/span><\/span><\/span><\/span><\/p>\n<p style=\"text-align:left\"><span style=\"font-size:16px\"><span style=\"font-family:Merriweather,serif !important\"><span style=\"color:#000000\"><span style=\"background-color:#ffffff\">Belediyeden yap\u0131lan a\u00e7\u0131klamaya g\u00f6re, yar\u0131\u015fmada Gazima\u011fusa Belediyesi s\u0131n\u0131rlar\u0131 i\u00e7erisindeki sulak alanlarda bulunan Flamingolar\u0131n ya\u015famlar\u0131n\u0131 g\u00f6steren 104 eser ve foto\u011fraf yar\u0131\u015ft\u0131.<\/span><\/span><\/span><\/span><\/p>\n<p style=\"text-align:left\"><span style=\"font-size:16px\"><span style=\"font-family:Merriweather,serif !important\"><span style=\"color:#000000\"><span style=\"background-color:#ffffff\">Yrd. Do\u00e7. Dr. \u0130smail G\u00f6k\u00e7e (Foto\u011fraf Sanat\u00e7\u0131s\u0131\/Akademisyen), Kadir Kaba (Foto\u011fraf Sanat\u00e7\u0131s\u0131\/Ara\u015ft\u0131rmac\u0131), Hasan Ba\u011flar (Foto\u011fraf Sanat\u00e7\u0131s\u0131), Dr. Asuman Koruko\u011flu Kuyucu (\u00c7evre E\u011fitimi ve Y\u00f6netimi Uzman\u0131- Ku\u015f G\u00f6zlemcisi), Onursal Akdeniz\u2019in (Gazima\u011fusa Belediyesi K\u00fclt\u00fcr \u015eube Amiri) Se\u00e7ici Kurul olarak g\u00f6rev ald\u0131\u011f\u0131 yar\u0131\u015fmada 61 foto\u011fraf sergilenmeye hak kazand\u0131.&nbsp;<\/span><\/span><\/span><\/span><\/p>\n<p style=\"text-align:left\"><span style=\"font-size:16px\"><span style=\"font-family:Merriweather,serif !important\"><span style=\"color:#000000\"><span style=\"background-color:#ffffff\">Sergilenmeye hak kazanan 61 foto\u011fraf\u0131n sanat\u00e7\u0131s\u0131 ile yar\u0131\u015fmada 4 dalda dereceye girenlerin isimleri derece belirtilmeden \u015f\u00f6yle listelendi:<\/span><\/span><\/span><\/span><\/p>\n<p style=\"text-align:left\"><span style=\"font-size:16px\"><span style=\"font-family:Merriweather,serif !important\"><span style=\"color:#000000\"><span style=\"background-color:#ffffff\">\u201cDo\u011fukan G\u00fclakdeniz, Hatice Bayram, G\u00fclden Ye\u015fildall\u0131, Ey\u00fcp Tamer H\u00fcdaverdio\u011flu, \u00d6zg\u00fcr \u00d6zsayg\u0131n \u0130smail Bozat, Mehmet Ali Karahasan, Serhat Karaderi, Mustafa Karahasan, Yunus Toygarca, \u015eifa Bahal\u0131, Engin Kunt, Y\u0131lmaz Y\u00fcksek, Veysi Canate\u015f, Kutlay Muazzez Halkseven, Cem Cengiz, Sami Gencel, Mustafa Alhadi, Sera Yenig\u00fcl.\u201d<\/span><\/span><\/span><\/span><\/p>\n","protected":false},"excerpt":{"rendered":"<p>Yar\u0131\u015fman\u0131n \u00f6d\u00fcl t\u00f6reni ve sergisi 3 Haziran Pazartesi g\u00fcn\u00fc&nbsp;&nbsp;saat 19.00\u2019da Gazima\u011fusa Bandabuliya\u2019da yer alacak.&nbsp;&nbsp; Belediyeden yap\u0131lan a\u00e7\u0131klamaya g\u00f6re, yar\u0131\u015fmada Gazima\u011fusa Belediyesi s\u0131n\u0131rlar\u0131 i\u00e7erisindeki sulak alanlarda bulunan Flamingolar\u0131n ya\u015famlar\u0131n\u0131 g\u00f6steren 104 eser ve foto\u011fraf yar\u0131\u015ft\u0131. Yrd. Do\u00e7. Dr. \u0130smail G\u00f6k\u00e7e (Foto\u011fraf Sanat\u00e7\u0131s\u0131\/Akademisyen), Kadir Kaba (Foto\u011fraf Sanat\u00e7\u0131s\u0131\/Ara\u015ft\u0131rmac\u0131), Hasan Ba\u011flar (Foto\u011fraf Sanat\u00e7\u0131s\u0131), Dr. Asuman Koruko\u011flu Kuyucu (\u00c7evre E\u011fitimi<\/p>\n","protected":false},"author":1,"featured_media":42545,"comment_status":"open","ping_status":"open","sticky":false,"template":"","format":"standard","meta":{"footnotes":""},"categories":[79],"tags":[],"class_list":["post-42544","post","type-post","status-publish","format-standard","has-post-thumbnail","hentry","category-ekonomi"],"yoast_head":"<!-- This site is optimized with the Yoast SEO plugin v27.4 - https:\/\/yoast.com\/product\/yoast-seo-wordpress\/ -->\n<title>\u2018\u2019Ma\u011fusa\u2019n\u0131n Flamingolar\u0131 Foto\u011fraf Yar\u0131\u015fmas\u0131\u201d sonu\u00e7land\u0131 -<\/title>\n<meta name=\"robots\" content=\"index, follow, max-snippet:-1, max-image-preview:large, max-video-preview:-1\" \/>\n<link rel=\"canonical\" href=\"https:\/\/kibrisdakik.com\/?p=42544\" \/>\n<meta property=\"og:locale\" content=\"tr_TR\" \/>\n<meta property=\"og:type\" content=\"article\" \/>\n<meta property=\"og:title\" content=\"\u2018\u2019Ma\u011fusa\u2019n\u0131n Flamingolar\u0131 Foto\u011fraf Yar\u0131\u015fmas\u0131\u201d sonu\u00e7land\u0131 -\" \/>\n<meta property=\"og:description\" content=\"Yar\u0131\u015fman\u0131n \u00f6d\u00fcl t\u00f6reni ve sergisi 3 Haziran Pazartesi g\u00fcn\u00fc&nbsp;&nbsp;saat 19.00\u2019da Gazima\u011fusa Bandabuliya\u2019da yer alacak.&nbsp;&nbsp; Belediyeden yap\u0131lan a\u00e7\u0131klamaya g\u00f6re, yar\u0131\u015fmada Gazima\u011fusa Belediyesi s\u0131n\u0131rlar\u0131 i\u00e7erisindeki sulak alanlarda bulunan Flamingolar\u0131n ya\u015famlar\u0131n\u0131 g\u00f6steren 104 eser ve foto\u011fraf yar\u0131\u015ft\u0131. Yrd. Do\u00e7. Dr. \u0130smail G\u00f6k\u00e7e (Foto\u011fraf Sanat\u00e7\u0131s\u0131\/Akademisyen), Kadir Kaba (Foto\u011fraf Sanat\u00e7\u0131s\u0131\/Ara\u015ft\u0131rmac\u0131), Hasan Ba\u011flar (Foto\u011fraf Sanat\u00e7\u0131s\u0131), Dr. Asuman Koruko\u011flu Kuyucu (\u00c7evre E\u011fitimi\" \/>\n<meta property=\"og:url\" content=\"https:\/\/kibrisdakik.com\/?p=42544\" \/>\n<meta property=\"article:published_time\" content=\"2024-05-21T01:52:40+00:00\" \/>\n<meta property=\"og:image\" content=\"https:\/\/kibrisdakik.com\/wp-content\/uploads\/2024\/05\/magusanin-flamingolari-fotograf-yarismasi-sonuclandi-1716212009.webp.webp\" \/>\n\t<meta property=\"og:image:width\" content=\"710\" \/>\n\t<meta property=\"og:image:height\" content=\"370\" \/>\n\t<meta property=\"og:image:type\" content=\"image\/webp\" \/>\n<meta name=\"author\" content=\"admin\" \/>\n<meta name=\"twitter:card\" content=\"summary_large_image\" \/>\n<meta name=\"twitter:label1\" content=\"Yazan:\" \/>\n\t<meta name=\"twitter:data1\" content=\"admin\" \/>\n\t<meta name=\"twitter:label2\" content=\"Tahmini okuma s\u00fcresi\" \/>\n\t<meta name=\"twitter:data2\" content=\"1 dakika\" \/>\n<script type=\"application\/ld+json\" class=\"yoast-schema-graph\">{\"@context\":\"https:\\\/\\\/schema.org\",\"@graph\":[{\"@type\":\"Article\",\"@id\":\"https:\\\/\\\/kibrisdakik.com\\\/?p=42544#article\",\"isPartOf\":{\"@id\":\"https:\\\/\\\/kibrisdakik.com\\\/?p=42544\"},\"author\":{\"name\":\"admin\",\"@id\":\"https:\\\/\\\/kibrisdakik.com\\\/#\\\/schema\\\/person\\\/9cd9d437bbb44f72b73ba127e06d8e79\"},\"headline\":\"\u2018\u2019Ma\u011fusa\u2019n\u0131n Flamingolar\u0131 Foto\u011fraf Yar\u0131\u015fmas\u0131\u201d sonu\u00e7land\u0131\",\"datePublished\":\"2024-05-21T01:52:40+00:00\",\"mainEntityOfPage\":{\"@id\":\"https:\\\/\\\/kibrisdakik.com\\\/?p=42544\"},\"wordCount\":211,\"commentCount\":0,\"image\":{\"@id\":\"https:\\\/\\\/kibrisdakik.com\\\/?p=42544#primaryimage\"},\"thumbnailUrl\":\"https:\\\/\\\/kibrisdakik.com\\\/wp-content\\\/uploads\\\/2024\\\/05\\\/magusanin-flamingolari-fotograf-yarismasi-sonuclandi-1716212009.webp.webp\",\"articleSection\":[\"Ekonomi\"],\"inLanguage\":\"tr\",\"potentialAction\":[{\"@type\":\"CommentAction\",\"name\":\"Comment\",\"target\":[\"https:\\\/\\\/kibrisdakik.com\\\/?p=42544#respond\"]}]},{\"@type\":\"WebPage\",\"@id\":\"https:\\\/\\\/kibrisdakik.com\\\/?p=42544\",\"url\":\"https:\\\/\\\/kibrisdakik.com\\\/?p=42544\",\"name\":\"\u2018\u2019Ma\u011fusa\u2019n\u0131n Flamingolar\u0131 Foto\u011fraf Yar\u0131\u015fmas\u0131\u201d sonu\u00e7land\u0131 -\",\"isPartOf\":{\"@id\":\"https:\\\/\\\/kibrisdakik.com\\\/#website\"},\"primaryImageOfPage\":{\"@id\":\"https:\\\/\\\/kibrisdakik.com\\\/?p=42544#primaryimage\"},\"image\":{\"@id\":\"https:\\\/\\\/kibrisdakik.com\\\/?p=42544#primaryimage\"},\"thumbnailUrl\":\"https:\\\/\\\/kibrisdakik.com\\\/wp-content\\\/uploads\\\/2024\\\/05\\\/magusanin-flamingolari-fotograf-yarismasi-sonuclandi-1716212009.webp.webp\",\"datePublished\":\"2024-05-21T01:52:40+00:00\",\"author\":{\"@id\":\"https:\\\/\\\/kibrisdakik.com\\\/#\\\/schema\\\/person\\\/9cd9d437bbb44f72b73ba127e06d8e79\"},\"breadcrumb\":{\"@id\":\"https:\\\/\\\/kibrisdakik.com\\\/?p=42544#breadcrumb\"},\"inLanguage\":\"tr\",\"potentialAction\":[{\"@type\":\"ReadAction\",\"target\":[\"https:\\\/\\\/kibrisdakik.com\\\/?p=42544\"]}]},{\"@type\":\"ImageObject\",\"inLanguage\":\"tr\",\"@id\":\"https:\\\/\\\/kibrisdakik.com\\\/?p=42544#primaryimage\",\"url\":\"https:\\\/\\\/kibrisdakik.com\\\/wp-content\\\/uploads\\\/2024\\\/05\\\/magusanin-flamingolari-fotograf-yarismasi-sonuclandi-1716212009.webp.webp\",\"contentUrl\":\"https:\\\/\\\/kibrisdakik.com\\\/wp-content\\\/uploads\\\/2024\\\/05\\\/magusanin-flamingolari-fotograf-yarismasi-sonuclandi-1716212009.webp.webp\",\"width\":710,\"height\":370},{\"@type\":\"BreadcrumbList\",\"@id\":\"https:\\\/\\\/kibrisdakik.com\\\/?p=42544#breadcrumb\",\"itemListElement\":[{\"@type\":\"ListItem\",\"position\":1,\"name\":\"Home\",\"item\":\"https:\\\/\\\/kibrisdakik.com\\\/\"},{\"@type\":\"ListItem\",\"position\":2,\"name\":\"\u2018\u2019Ma\u011fusa\u2019n\u0131n Flamingolar\u0131 Foto\u011fraf Yar\u0131\u015fmas\u0131\u201d sonu\u00e7land\u0131\"}]},{\"@type\":\"WebSite\",\"@id\":\"https:\\\/\\\/kibrisdakik.com\\\/#website\",\"url\":\"https:\\\/\\\/kibrisdakik.com\\\/\",\"name\":\"\",\"description\":\"Tam vaktinde haber\",\"potentialAction\":[{\"@type\":\"SearchAction\",\"target\":{\"@type\":\"EntryPoint\",\"urlTemplate\":\"https:\\\/\\\/kibrisdakik.com\\\/?s={search_term_string}\"},\"query-input\":{\"@type\":\"PropertyValueSpecification\",\"valueRequired\":true,\"valueName\":\"search_term_string\"}}],\"inLanguage\":\"tr\"},{\"@type\":\"Person\",\"@id\":\"https:\\\/\\\/kibrisdakik.com\\\/#\\\/schema\\\/person\\\/9cd9d437bbb44f72b73ba127e06d8e79\",\"name\":\"admin\",\"image\":{\"@type\":\"ImageObject\",\"inLanguage\":\"tr\",\"@id\":\"https:\\\/\\\/secure.gravatar.com\\\/avatar\\\/ccc17943b9d660506c869530f897617f7cb1c21a4bf30023f252596d83e1f007?s=96&d=mm&r=g\",\"url\":\"https:\\\/\\\/secure.gravatar.com\\\/avatar\\\/ccc17943b9d660506c869530f897617f7cb1c21a4bf30023f252596d83e1f007?s=96&d=mm&r=g\",\"contentUrl\":\"https:\\\/\\\/secure.gravatar.com\\\/avatar\\\/ccc17943b9d660506c869530f897617f7cb1c21a4bf30023f252596d83e1f007?s=96&d=mm&r=g\",\"caption\":\"admin\"},\"sameAs\":[\"https:\\\/\\\/kibrisdakik.com\"],\"url\":\"https:\\\/\\\/kibrisdakik.com\\\/?author=1\"}]}<\/script>\n<!-- \/ Yoast SEO plugin. -->","yoast_head_json":{"title":"\u2018\u2019Ma\u011fusa\u2019n\u0131n Flamingolar\u0131 Foto\u011fraf Yar\u0131\u015fmas\u0131\u201d sonu\u00e7land\u0131 -","robots":{"index":"index","follow":"follow","max-snippet":"max-snippet:-1","max-image-preview":"max-image-preview:large","max-video-preview":"max-video-preview:-1"},"canonical":"https:\/\/kibrisdakik.com\/?p=42544","og_locale":"tr_TR","og_type":"article","og_title":"\u2018\u2019Ma\u011fusa\u2019n\u0131n Flamingolar\u0131 Foto\u011fraf Yar\u0131\u015fmas\u0131\u201d sonu\u00e7land\u0131 -","og_description":"Yar\u0131\u015fman\u0131n \u00f6d\u00fcl t\u00f6reni ve sergisi 3 Haziran Pazartesi g\u00fcn\u00fc&nbsp;&nbsp;saat 19.00\u2019da Gazima\u011fusa Bandabuliya\u2019da yer alacak.&nbsp;&nbsp; Belediyeden yap\u0131lan a\u00e7\u0131klamaya g\u00f6re, yar\u0131\u015fmada Gazima\u011fusa Belediyesi s\u0131n\u0131rlar\u0131 i\u00e7erisindeki sulak alanlarda bulunan Flamingolar\u0131n ya\u015famlar\u0131n\u0131 g\u00f6steren 104 eser ve foto\u011fraf yar\u0131\u015ft\u0131. Yrd. Do\u00e7. Dr. \u0130smail G\u00f6k\u00e7e (Foto\u011fraf Sanat\u00e7\u0131s\u0131\/Akademisyen), Kadir Kaba (Foto\u011fraf Sanat\u00e7\u0131s\u0131\/Ara\u015ft\u0131rmac\u0131), Hasan Ba\u011flar (Foto\u011fraf Sanat\u00e7\u0131s\u0131), Dr. Asuman Koruko\u011flu Kuyucu (\u00c7evre E\u011fitimi","og_url":"https:\/\/kibrisdakik.com\/?p=42544","article_published_time":"2024-05-21T01:52:40+00:00","og_image":[{"width":710,"height":370,"url":"https:\/\/kibrisdakik.com\/wp-content\/uploads\/2024\/05\/magusanin-flamingolari-fotograf-yarismasi-sonuclandi-1716212009.webp.webp","type":"image\/webp"}],"author":"admin","twitter_card":"summary_large_image","twitter_misc":{"Yazan:":"admin","Tahmini okuma s\u00fcresi":"1 dakika"},"schema":{"@context":"https:\/\/schema.org","@graph":[{"@type":"Article","@id":"https:\/\/kibrisdakik.com\/?p=42544#article","isPartOf":{"@id":"https:\/\/kibrisdakik.com\/?p=42544"},"author":{"name":"admin","@id":"https:\/\/kibrisdakik.com\/#\/schema\/person\/9cd9d437bbb44f72b73ba127e06d8e79"},"headline":"\u2018\u2019Ma\u011fusa\u2019n\u0131n Flamingolar\u0131 Foto\u011fraf Yar\u0131\u015fmas\u0131\u201d sonu\u00e7land\u0131","datePublished":"2024-05-21T01:52:40+00:00","mainEntityOfPage":{"@id":"https:\/\/kibrisdakik.com\/?p=42544"},"wordCount":211,"commentCount":0,"image":{"@id":"https:\/\/kibrisdakik.com\/?p=42544#primaryimage"},"thumbnailUrl":"https:\/\/kibrisdakik.com\/wp-content\/uploads\/2024\/05\/magusanin-flamingolari-fotograf-yarismasi-sonuclandi-1716212009.webp.webp","articleSection":["Ekonomi"],"inLanguage":"tr","potentialAction":[{"@type":"CommentAction","name":"Comment","target":["https:\/\/kibrisdakik.com\/?p=42544#respond"]}]},{"@type":"WebPage","@id":"https:\/\/kibrisdakik.com\/?p=42544","url":"https:\/\/kibrisdakik.com\/?p=42544","name":"\u2018\u2019Ma\u011fusa\u2019n\u0131n Flamingolar\u0131 Foto\u011fraf Yar\u0131\u015fmas\u0131\u201d sonu\u00e7land\u0131 -","isPartOf":{"@id":"https:\/\/kibrisdakik.com\/#website"},"primaryImageOfPage":{"@id":"https:\/\/kibrisdakik.com\/?p=42544#primaryimage"},"image":{"@id":"https:\/\/kibrisdakik.com\/?p=42544#primaryimage"},"thumbnailUrl":"https:\/\/kibrisdakik.com\/wp-content\/uploads\/2024\/05\/magusanin-flamingolari-fotograf-yarismasi-sonuclandi-1716212009.webp.webp","datePublished":"2024-05-21T01:52:40+00:00","author":{"@id":"https:\/\/kibrisdakik.com\/#\/schema\/person\/9cd9d437bbb44f72b73ba127e06d8e79"},"breadcrumb":{"@id":"https:\/\/kibrisdakik.com\/?p=42544#breadcrumb"},"inLanguage":"tr","potentialAction":[{"@type":"ReadAction","target":["https:\/\/kibrisdakik.com\/?p=42544"]}]},{"@type":"ImageObject","inLanguage":"tr","@id":"https:\/\/kibrisdakik.com\/?p=42544#primaryimage","url":"https:\/\/kibrisdakik.com\/wp-content\/uploads\/2024\/05\/magusanin-flamingolari-fotograf-yarismasi-sonuclandi-1716212009.webp.webp","contentUrl":"https:\/\/kibrisdakik.com\/wp-content\/uploads\/2024\/05\/magusanin-flamingolari-fotograf-yarismasi-sonuclandi-1716212009.webp.webp","width":710,"height":370},{"@type":"BreadcrumbList","@id":"https:\/\/kibrisdakik.com\/?p=42544#breadcrumb","itemListElement":[{"@type":"ListItem","position":1,"name":"Home","item":"https:\/\/kibrisdakik.com\/"},{"@type":"ListItem","position":2,"name":"\u2018\u2019Ma\u011fusa\u2019n\u0131n Flamingolar\u0131 Foto\u011fraf Yar\u0131\u015fmas\u0131\u201d sonu\u00e7land\u0131"}]},{"@type":"WebSite","@id":"https:\/\/kibrisdakik.com\/#website","url":"https:\/\/kibrisdakik.com\/","name":"","description":"Tam vaktinde haber","potentialAction":[{"@type":"SearchAction","target":{"@type":"EntryPoint","urlTemplate":"https:\/\/kibrisdakik.com\/?s={search_term_string}"},"query-input":{"@type":"PropertyValueSpecification","valueRequired":true,"valueName":"search_term_string"}}],"inLanguage":"tr"},{"@type":"Person","@id":"https:\/\/kibrisdakik.com\/#\/schema\/person\/9cd9d437bbb44f72b73ba127e06d8e79","name":"admin","image":{"@type":"ImageObject","inLanguage":"tr","@id":"https:\/\/secure.gravatar.com\/avatar\/ccc17943b9d660506c869530f897617f7cb1c21a4bf30023f252596d83e1f007?s=96&d=mm&r=g","url":"https:\/\/secure.gravatar.com\/avatar\/ccc17943b9d660506c869530f897617f7cb1c21a4bf30023f252596d83e1f007?s=96&d=mm&r=g","contentUrl":"https:\/\/secure.gravatar.com\/avatar\/ccc17943b9d660506c869530f897617f7cb1c21a4bf30023f252596d83e1f007?s=96&d=mm&r=g","caption":"admin"},"sameAs":["https:\/\/kibrisdakik.com"],"url":"https:\/\/kibrisdakik.com\/?author=1"}]}},"_links":{"self":[{"href":"https:\/\/kibrisdakik.com\/index.php?rest_route=\/wp\/v2\/posts\/42544","targetHints":{"allow":["GET"]}}],"collection":[{"href":"https:\/\/kibrisdakik.com\/index.php?rest_route=\/wp\/v2\/posts"}],"about":[{"href":"https:\/\/kibrisdakik.com\/index.php?rest_route=\/wp\/v2\/types\/post"}],"author":[{"embeddable":true,"href":"https:\/\/kibrisdakik.com\/index.php?rest_route=\/wp\/v2\/users\/1"}],"replies":[{"embeddable":true,"href":"https:\/\/kibrisdakik.com\/index.php?rest_route=%2Fwp%2Fv2%2Fcomments&post=42544"}],"version-history":[{"count":0,"href":"https:\/\/kibrisdakik.com\/index.php?rest_route=\/wp\/v2\/posts\/42544\/revisions"}],"wp:featuredmedia":[{"embeddable":true,"href":"https:\/\/kibrisdakik.com\/index.php?rest_route=\/wp\/v2\/media\/42545"}],"wp:attachment":[{"href":"https:\/\/kibrisdakik.com\/index.php?rest_route=%2Fwp%2Fv2%2Fmedia&parent=42544"}],"wp:term":[{"taxonomy":"category","embeddable":true,"href":"https:\/\/kibrisdakik.com\/index.php?rest_route=%2Fwp%2Fv2%2Fcategories&post=42544"},{"taxonomy":"post_tag","embeddable":true,"href":"https:\/\/kibrisdakik.com\/index.php?rest_route=%2Fwp%2Fv2%2Ftags&post=42544"}],"curies":[{"name":"wp","href":"https:\/\/api.w.org\/{rel}","templated":true}]}}