{"id":42570,"date":"2024-05-21T07:51:27","date_gmt":"2024-05-21T07:51:27","guid":{"rendered":"https:\/\/kibrisdakik.com\/index.php\/2024\/05\/21\/sehit-aileleri-ve-malul-gaziler-derneginden-azerbaycana-kardes-dernek-ziyareti\/"},"modified":"2024-05-21T07:51:27","modified_gmt":"2024-05-21T07:51:27","slug":"sehit-aileleri-ve-malul-gaziler-derneginden-azerbaycana-kardes-dernek-ziyareti","status":"publish","type":"post","link":"https:\/\/kibrisdakik.com\/?p=42570","title":{"rendered":"\u015eehit Aileleri ve Mal\u00fcl Gaziler Derne\u011fi\u2019nden Azerbaycan\u2019a \u201ckarde\u015f dernek\u201d ziyareti"},"content":{"rendered":"<p><img decoding=\"async\" src=\"https:\/\/www.kibristurk.com\/images\/haberler\/2024\/05\/sehit-aileleri-ve-malul-gaziler-derneginden-azerbaycana-kardes-dernek-ziyareti-1716276667.webp\" \/><\/p>\n<p style=\"text-align:left\"><span style=\"font-size:14px\"><span style=\"font-family:Arial,Helvetica,sans-serif\"><span style=\"color:#000000\"><span style=\"background-color:#ffffff\">Karde\u015f dernek protokol\u00fcn\u00fcn imza ve teati t\u00f6renleri ger\u00e7ekle\u015ftirilmesi i\u00e7in&nbsp;&nbsp; KKTC \u015eehit Aileleri ve Mal\u00fcl Gaziler Derne\u011fi heyeti ve akademisyenlerden olu\u015fan 20 ki\u015filik bir heyet&nbsp; 21 \u2013 24 May\u0131s 2024&nbsp; tarihlerinde Azerbaycan\u2019\u0131n Ba\u015fkenti Bak\u00fc\u2019y\u00fc ziyaret edecek.<\/span><\/span><\/span><\/span><\/p>\n<p style=\"text-align:left\"><span style=\"font-size:14px\"><span style=\"font-family:Arial,Helvetica,sans-serif\"><span style=\"color:#000000\"><span style=\"background-color:#ffffff\">\u015eehit Aileleri ve Mal\u00fcl Gaziler Derne\u011fi\u2019nden yap\u0131lan a\u00e7\u0131klamaya g\u00f6re, Azerbaycan Cumhurba\u015fkan\u0131 \u0130lham Aliyev\u2019in \u00f6zel davetiyle ger\u00e7ekle\u015fen ziyaret, T\u00fcrk Devletleri Te\u015fkilat\u0131 \u00e7er\u00e7evesinde T\u00fcrk d\u00fcnyas\u0131n\u0131n \u015fehit aileleri aras\u0131nda ili\u015fkilerin ve birli\u011fin g\u00fc\u00e7lendirilmesini, ortak de\u011ferlerin tan\u0131t\u0131lmas\u0131n\u0131, Azerbaycan ve Kuzey K\u0131br\u0131s T\u00fcrk Cumhuriyeti aras\u0131ndaki ili\u015fkilerinin her alanda daha da geli\u015ftirilmesini ama\u00e7l\u0131yor.<\/span><\/span><\/span><\/span><\/p>\n","protected":false},"excerpt":{"rendered":"<p>Karde\u015f dernek protokol\u00fcn\u00fcn imza ve teati t\u00f6renleri ger\u00e7ekle\u015ftirilmesi i\u00e7in&nbsp;&nbsp; KKTC \u015eehit Aileleri ve Mal\u00fcl Gaziler Derne\u011fi heyeti ve akademisyenlerden olu\u015fan 20 ki\u015filik bir heyet&nbsp; 21 \u2013 24 May\u0131s 2024&nbsp; tarihlerinde Azerbaycan\u2019\u0131n Ba\u015fkenti Bak\u00fc\u2019y\u00fc ziyaret edecek. \u015eehit Aileleri ve Mal\u00fcl Gaziler Derne\u011fi\u2019nden yap\u0131lan a\u00e7\u0131klamaya g\u00f6re, Azerbaycan Cumhurba\u015fkan\u0131 \u0130lham Aliyev\u2019in \u00f6zel davetiyle ger\u00e7ekle\u015fen ziyaret, T\u00fcrk Devletleri Te\u015fkilat\u0131<\/p>\n","protected":false},"author":1,"featured_media":42571,"comment_status":"open","ping_status":"open","sticky":false,"template":"","format":"standard","meta":{"footnotes":""},"categories":[85],"tags":[],"class_list":["post-42570","post","type-post","status-publish","format-standard","has-post-thumbnail","hentry","category-spor"],"yoast_head":"<!-- This site is optimized with the Yoast SEO plugin v27.5 - https:\/\/yoast.com\/product\/yoast-seo-wordpress\/ -->\n<title>\u015eehit Aileleri ve Mal\u00fcl Gaziler Derne\u011fi\u2019nden Azerbaycan\u2019a \u201ckarde\u015f dernek\u201d ziyareti -<\/title>\n<meta name=\"robots\" content=\"index, follow, max-snippet:-1, max-image-preview:large, max-video-preview:-1\" \/>\n<link rel=\"canonical\" href=\"https:\/\/kibrisdakik.com\/?p=42570\" \/>\n<meta property=\"og:locale\" content=\"tr_TR\" \/>\n<meta property=\"og:type\" content=\"article\" \/>\n<meta property=\"og:title\" content=\"\u015eehit Aileleri ve Mal\u00fcl Gaziler Derne\u011fi\u2019nden Azerbaycan\u2019a \u201ckarde\u015f dernek\u201d ziyareti -\" \/>\n<meta property=\"og:description\" content=\"Karde\u015f dernek protokol\u00fcn\u00fcn imza ve teati t\u00f6renleri ger\u00e7ekle\u015ftirilmesi i\u00e7in&nbsp;&nbsp; KKTC \u015eehit Aileleri ve Mal\u00fcl Gaziler Derne\u011fi heyeti ve akademisyenlerden olu\u015fan 20 ki\u015filik bir heyet&nbsp; 21 \u2013 24 May\u0131s 2024&nbsp; tarihlerinde Azerbaycan\u2019\u0131n Ba\u015fkenti Bak\u00fc\u2019y\u00fc ziyaret edecek. \u015eehit Aileleri ve Mal\u00fcl Gaziler Derne\u011fi\u2019nden yap\u0131lan a\u00e7\u0131klamaya g\u00f6re, Azerbaycan Cumhurba\u015fkan\u0131 \u0130lham Aliyev\u2019in \u00f6zel davetiyle ger\u00e7ekle\u015fen ziyaret, T\u00fcrk Devletleri Te\u015fkilat\u0131\" \/>\n<meta property=\"og:url\" content=\"https:\/\/kibrisdakik.com\/?p=42570\" \/>\n<meta property=\"article:published_time\" content=\"2024-05-21T07:51:27+00:00\" \/>\n<meta property=\"og:image\" content=\"https:\/\/kibrisdakik.com\/wp-content\/uploads\/2024\/05\/sehit-aileleri-ve-malul-gaziler-derneginden-azerbaycana-kardes-dernek-ziyareti-1716276667.webp.webp\" \/>\n\t<meta property=\"og:image:width\" content=\"710\" \/>\n\t<meta property=\"og:image:height\" content=\"370\" \/>\n\t<meta property=\"og:image:type\" content=\"image\/webp\" \/>\n<meta name=\"author\" content=\"admin\" \/>\n<meta name=\"twitter:card\" content=\"summary_large_image\" \/>\n<meta name=\"twitter:label1\" content=\"Yazan:\" \/>\n\t<meta name=\"twitter:data1\" content=\"admin\" \/>\n\t<meta name=\"twitter:label2\" content=\"Tahmini okuma s\u00fcresi\" \/>\n\t<meta name=\"twitter:data2\" content=\"1 dakika\" \/>\n<script type=\"application\/ld+json\" class=\"yoast-schema-graph\">{\"@context\":\"https:\\\/\\\/schema.org\",\"@graph\":[{\"@type\":\"Article\",\"@id\":\"https:\\\/\\\/kibrisdakik.com\\\/?p=42570#article\",\"isPartOf\":{\"@id\":\"https:\\\/\\\/kibrisdakik.com\\\/?p=42570\"},\"author\":{\"name\":\"admin\",\"@id\":\"https:\\\/\\\/kibrisdakik.com\\\/#\\\/schema\\\/person\\\/9cd9d437bbb44f72b73ba127e06d8e79\"},\"headline\":\"\u015eehit Aileleri ve Mal\u00fcl Gaziler Derne\u011fi\u2019nden Azerbaycan\u2019a \u201ckarde\u015f dernek\u201d ziyareti\",\"datePublished\":\"2024-05-21T07:51:27+00:00\",\"mainEntityOfPage\":{\"@id\":\"https:\\\/\\\/kibrisdakik.com\\\/?p=42570\"},\"wordCount\":142,\"commentCount\":0,\"image\":{\"@id\":\"https:\\\/\\\/kibrisdakik.com\\\/?p=42570#primaryimage\"},\"thumbnailUrl\":\"https:\\\/\\\/kibrisdakik.com\\\/wp-content\\\/uploads\\\/2024\\\/05\\\/sehit-aileleri-ve-malul-gaziler-derneginden-azerbaycana-kardes-dernek-ziyareti-1716276667.webp.webp\",\"articleSection\":[\"Spor\"],\"inLanguage\":\"tr\",\"potentialAction\":[{\"@type\":\"CommentAction\",\"name\":\"Comment\",\"target\":[\"https:\\\/\\\/kibrisdakik.com\\\/?p=42570#respond\"]}]},{\"@type\":\"WebPage\",\"@id\":\"https:\\\/\\\/kibrisdakik.com\\\/?p=42570\",\"url\":\"https:\\\/\\\/kibrisdakik.com\\\/?p=42570\",\"name\":\"\u015eehit Aileleri ve Mal\u00fcl Gaziler Derne\u011fi\u2019nden Azerbaycan\u2019a \u201ckarde\u015f dernek\u201d ziyareti -\",\"isPartOf\":{\"@id\":\"https:\\\/\\\/kibrisdakik.com\\\/#website\"},\"primaryImageOfPage\":{\"@id\":\"https:\\\/\\\/kibrisdakik.com\\\/?p=42570#primaryimage\"},\"image\":{\"@id\":\"https:\\\/\\\/kibrisdakik.com\\\/?p=42570#primaryimage\"},\"thumbnailUrl\":\"https:\\\/\\\/kibrisdakik.com\\\/wp-content\\\/uploads\\\/2024\\\/05\\\/sehit-aileleri-ve-malul-gaziler-derneginden-azerbaycana-kardes-dernek-ziyareti-1716276667.webp.webp\",\"datePublished\":\"2024-05-21T07:51:27+00:00\",\"author\":{\"@id\":\"https:\\\/\\\/kibrisdakik.com\\\/#\\\/schema\\\/person\\\/9cd9d437bbb44f72b73ba127e06d8e79\"},\"breadcrumb\":{\"@id\":\"https:\\\/\\\/kibrisdakik.com\\\/?p=42570#breadcrumb\"},\"inLanguage\":\"tr\",\"potentialAction\":[{\"@type\":\"ReadAction\",\"target\":[\"https:\\\/\\\/kibrisdakik.com\\\/?p=42570\"]}]},{\"@type\":\"ImageObject\",\"inLanguage\":\"tr\",\"@id\":\"https:\\\/\\\/kibrisdakik.com\\\/?p=42570#primaryimage\",\"url\":\"https:\\\/\\\/kibrisdakik.com\\\/wp-content\\\/uploads\\\/2024\\\/05\\\/sehit-aileleri-ve-malul-gaziler-derneginden-azerbaycana-kardes-dernek-ziyareti-1716276667.webp.webp\",\"contentUrl\":\"https:\\\/\\\/kibrisdakik.com\\\/wp-content\\\/uploads\\\/2024\\\/05\\\/sehit-aileleri-ve-malul-gaziler-derneginden-azerbaycana-kardes-dernek-ziyareti-1716276667.webp.webp\",\"width\":710,\"height\":370},{\"@type\":\"BreadcrumbList\",\"@id\":\"https:\\\/\\\/kibrisdakik.com\\\/?p=42570#breadcrumb\",\"itemListElement\":[{\"@type\":\"ListItem\",\"position\":1,\"name\":\"Home\",\"item\":\"https:\\\/\\\/kibrisdakik.com\\\/\"},{\"@type\":\"ListItem\",\"position\":2,\"name\":\"\u015eehit Aileleri ve Mal\u00fcl Gaziler Derne\u011fi\u2019nden Azerbaycan\u2019a \u201ckarde\u015f dernek\u201d ziyareti\"}]},{\"@type\":\"WebSite\",\"@id\":\"https:\\\/\\\/kibrisdakik.com\\\/#website\",\"url\":\"https:\\\/\\\/kibrisdakik.com\\\/\",\"name\":\"\",\"description\":\"Tam vaktinde haber\",\"potentialAction\":[{\"@type\":\"SearchAction\",\"target\":{\"@type\":\"EntryPoint\",\"urlTemplate\":\"https:\\\/\\\/kibrisdakik.com\\\/?s={search_term_string}\"},\"query-input\":{\"@type\":\"PropertyValueSpecification\",\"valueRequired\":true,\"valueName\":\"search_term_string\"}}],\"inLanguage\":\"tr\"},{\"@type\":\"Person\",\"@id\":\"https:\\\/\\\/kibrisdakik.com\\\/#\\\/schema\\\/person\\\/9cd9d437bbb44f72b73ba127e06d8e79\",\"name\":\"admin\",\"image\":{\"@type\":\"ImageObject\",\"inLanguage\":\"tr\",\"@id\":\"https:\\\/\\\/secure.gravatar.com\\\/avatar\\\/ccc17943b9d660506c869530f897617f7cb1c21a4bf30023f252596d83e1f007?s=96&d=mm&r=g\",\"url\":\"https:\\\/\\\/secure.gravatar.com\\\/avatar\\\/ccc17943b9d660506c869530f897617f7cb1c21a4bf30023f252596d83e1f007?s=96&d=mm&r=g\",\"contentUrl\":\"https:\\\/\\\/secure.gravatar.com\\\/avatar\\\/ccc17943b9d660506c869530f897617f7cb1c21a4bf30023f252596d83e1f007?s=96&d=mm&r=g\",\"caption\":\"admin\"},\"sameAs\":[\"https:\\\/\\\/kibrisdakik.com\"],\"url\":\"https:\\\/\\\/kibrisdakik.com\\\/?author=1\"}]}<\/script>\n<!-- \/ Yoast SEO plugin. -->","yoast_head_json":{"title":"\u015eehit Aileleri ve Mal\u00fcl Gaziler Derne\u011fi\u2019nden Azerbaycan\u2019a \u201ckarde\u015f dernek\u201d ziyareti -","robots":{"index":"index","follow":"follow","max-snippet":"max-snippet:-1","max-image-preview":"max-image-preview:large","max-video-preview":"max-video-preview:-1"},"canonical":"https:\/\/kibrisdakik.com\/?p=42570","og_locale":"tr_TR","og_type":"article","og_title":"\u015eehit Aileleri ve Mal\u00fcl Gaziler Derne\u011fi\u2019nden Azerbaycan\u2019a \u201ckarde\u015f dernek\u201d ziyareti -","og_description":"Karde\u015f dernek protokol\u00fcn\u00fcn imza ve teati t\u00f6renleri ger\u00e7ekle\u015ftirilmesi i\u00e7in&nbsp;&nbsp; KKTC \u015eehit Aileleri ve Mal\u00fcl Gaziler Derne\u011fi heyeti ve akademisyenlerden olu\u015fan 20 ki\u015filik bir heyet&nbsp; 21 \u2013 24 May\u0131s 2024&nbsp; tarihlerinde Azerbaycan\u2019\u0131n Ba\u015fkenti Bak\u00fc\u2019y\u00fc ziyaret edecek. \u015eehit Aileleri ve Mal\u00fcl Gaziler Derne\u011fi\u2019nden yap\u0131lan a\u00e7\u0131klamaya g\u00f6re, Azerbaycan Cumhurba\u015fkan\u0131 \u0130lham Aliyev\u2019in \u00f6zel davetiyle ger\u00e7ekle\u015fen ziyaret, T\u00fcrk Devletleri Te\u015fkilat\u0131","og_url":"https:\/\/kibrisdakik.com\/?p=42570","article_published_time":"2024-05-21T07:51:27+00:00","og_image":[{"width":710,"height":370,"url":"https:\/\/kibrisdakik.com\/wp-content\/uploads\/2024\/05\/sehit-aileleri-ve-malul-gaziler-derneginden-azerbaycana-kardes-dernek-ziyareti-1716276667.webp.webp","type":"image\/webp"}],"author":"admin","twitter_card":"summary_large_image","twitter_misc":{"Yazan:":"admin","Tahmini okuma s\u00fcresi":"1 dakika"},"schema":{"@context":"https:\/\/schema.org","@graph":[{"@type":"Article","@id":"https:\/\/kibrisdakik.com\/?p=42570#article","isPartOf":{"@id":"https:\/\/kibrisdakik.com\/?p=42570"},"author":{"name":"admin","@id":"https:\/\/kibrisdakik.com\/#\/schema\/person\/9cd9d437bbb44f72b73ba127e06d8e79"},"headline":"\u015eehit Aileleri ve Mal\u00fcl Gaziler Derne\u011fi\u2019nden Azerbaycan\u2019a \u201ckarde\u015f dernek\u201d ziyareti","datePublished":"2024-05-21T07:51:27+00:00","mainEntityOfPage":{"@id":"https:\/\/kibrisdakik.com\/?p=42570"},"wordCount":142,"commentCount":0,"image":{"@id":"https:\/\/kibrisdakik.com\/?p=42570#primaryimage"},"thumbnailUrl":"https:\/\/kibrisdakik.com\/wp-content\/uploads\/2024\/05\/sehit-aileleri-ve-malul-gaziler-derneginden-azerbaycana-kardes-dernek-ziyareti-1716276667.webp.webp","articleSection":["Spor"],"inLanguage":"tr","potentialAction":[{"@type":"CommentAction","name":"Comment","target":["https:\/\/kibrisdakik.com\/?p=42570#respond"]}]},{"@type":"WebPage","@id":"https:\/\/kibrisdakik.com\/?p=42570","url":"https:\/\/kibrisdakik.com\/?p=42570","name":"\u015eehit Aileleri ve Mal\u00fcl Gaziler Derne\u011fi\u2019nden Azerbaycan\u2019a \u201ckarde\u015f dernek\u201d ziyareti -","isPartOf":{"@id":"https:\/\/kibrisdakik.com\/#website"},"primaryImageOfPage":{"@id":"https:\/\/kibrisdakik.com\/?p=42570#primaryimage"},"image":{"@id":"https:\/\/kibrisdakik.com\/?p=42570#primaryimage"},"thumbnailUrl":"https:\/\/kibrisdakik.com\/wp-content\/uploads\/2024\/05\/sehit-aileleri-ve-malul-gaziler-derneginden-azerbaycana-kardes-dernek-ziyareti-1716276667.webp.webp","datePublished":"2024-05-21T07:51:27+00:00","author":{"@id":"https:\/\/kibrisdakik.com\/#\/schema\/person\/9cd9d437bbb44f72b73ba127e06d8e79"},"breadcrumb":{"@id":"https:\/\/kibrisdakik.com\/?p=42570#breadcrumb"},"inLanguage":"tr","potentialAction":[{"@type":"ReadAction","target":["https:\/\/kibrisdakik.com\/?p=42570"]}]},{"@type":"ImageObject","inLanguage":"tr","@id":"https:\/\/kibrisdakik.com\/?p=42570#primaryimage","url":"https:\/\/kibrisdakik.com\/wp-content\/uploads\/2024\/05\/sehit-aileleri-ve-malul-gaziler-derneginden-azerbaycana-kardes-dernek-ziyareti-1716276667.webp.webp","contentUrl":"https:\/\/kibrisdakik.com\/wp-content\/uploads\/2024\/05\/sehit-aileleri-ve-malul-gaziler-derneginden-azerbaycana-kardes-dernek-ziyareti-1716276667.webp.webp","width":710,"height":370},{"@type":"BreadcrumbList","@id":"https:\/\/kibrisdakik.com\/?p=42570#breadcrumb","itemListElement":[{"@type":"ListItem","position":1,"name":"Home","item":"https:\/\/kibrisdakik.com\/"},{"@type":"ListItem","position":2,"name":"\u015eehit Aileleri ve Mal\u00fcl Gaziler Derne\u011fi\u2019nden Azerbaycan\u2019a \u201ckarde\u015f dernek\u201d ziyareti"}]},{"@type":"WebSite","@id":"https:\/\/kibrisdakik.com\/#website","url":"https:\/\/kibrisdakik.com\/","name":"","description":"Tam vaktinde haber","potentialAction":[{"@type":"SearchAction","target":{"@type":"EntryPoint","urlTemplate":"https:\/\/kibrisdakik.com\/?s={search_term_string}"},"query-input":{"@type":"PropertyValueSpecification","valueRequired":true,"valueName":"search_term_string"}}],"inLanguage":"tr"},{"@type":"Person","@id":"https:\/\/kibrisdakik.com\/#\/schema\/person\/9cd9d437bbb44f72b73ba127e06d8e79","name":"admin","image":{"@type":"ImageObject","inLanguage":"tr","@id":"https:\/\/secure.gravatar.com\/avatar\/ccc17943b9d660506c869530f897617f7cb1c21a4bf30023f252596d83e1f007?s=96&d=mm&r=g","url":"https:\/\/secure.gravatar.com\/avatar\/ccc17943b9d660506c869530f897617f7cb1c21a4bf30023f252596d83e1f007?s=96&d=mm&r=g","contentUrl":"https:\/\/secure.gravatar.com\/avatar\/ccc17943b9d660506c869530f897617f7cb1c21a4bf30023f252596d83e1f007?s=96&d=mm&r=g","caption":"admin"},"sameAs":["https:\/\/kibrisdakik.com"],"url":"https:\/\/kibrisdakik.com\/?author=1"}]}},"_links":{"self":[{"href":"https:\/\/kibrisdakik.com\/index.php?rest_route=\/wp\/v2\/posts\/42570","targetHints":{"allow":["GET"]}}],"collection":[{"href":"https:\/\/kibrisdakik.com\/index.php?rest_route=\/wp\/v2\/posts"}],"about":[{"href":"https:\/\/kibrisdakik.com\/index.php?rest_route=\/wp\/v2\/types\/post"}],"author":[{"embeddable":true,"href":"https:\/\/kibrisdakik.com\/index.php?rest_route=\/wp\/v2\/users\/1"}],"replies":[{"embeddable":true,"href":"https:\/\/kibrisdakik.com\/index.php?rest_route=%2Fwp%2Fv2%2Fcomments&post=42570"}],"version-history":[{"count":0,"href":"https:\/\/kibrisdakik.com\/index.php?rest_route=\/wp\/v2\/posts\/42570\/revisions"}],"wp:featuredmedia":[{"embeddable":true,"href":"https:\/\/kibrisdakik.com\/index.php?rest_route=\/wp\/v2\/media\/42571"}],"wp:attachment":[{"href":"https:\/\/kibrisdakik.com\/index.php?rest_route=%2Fwp%2Fv2%2Fmedia&parent=42570"}],"wp:term":[{"taxonomy":"category","embeddable":true,"href":"https:\/\/kibrisdakik.com\/index.php?rest_route=%2Fwp%2Fv2%2Fcategories&post=42570"},{"taxonomy":"post_tag","embeddable":true,"href":"https:\/\/kibrisdakik.com\/index.php?rest_route=%2Fwp%2Fv2%2Ftags&post=42570"}],"curies":[{"name":"wp","href":"https:\/\/api.w.org\/{rel}","templated":true}]}}