{"id":4259,"date":"2023-03-30T16:51:47","date_gmt":"2023-03-30T16:51:47","guid":{"rendered":"https:\/\/kibrisdakik.com\/index.php\/2023\/03\/30\/tc-emniyet-genel-mudurlugu-polis-ozel-harekat-mudurlugune-arac-gerec-ve-malzeme-hibe-etti\/"},"modified":"2023-03-30T16:51:47","modified_gmt":"2023-03-30T16:51:47","slug":"tc-emniyet-genel-mudurlugu-polis-ozel-harekat-mudurlugune-arac-gerec-ve-malzeme-hibe-etti","status":"publish","type":"post","link":"https:\/\/kibrisdakik.com\/?p=4259","title":{"rendered":"TC Emniyet Genel M\u00fcd\u00fcrl\u00fc\u011f\u00fc, Polis \u00d6zel Harekat M\u00fcd\u00fcrl\u00fc\u011f\u00fc\u2019ne ara\u00e7, gere\u00e7 ve malzeme hibe etti"},"content":{"rendered":"<p><\/p>\n<div>\n<div class=\"mariselle-image-container center\">\n                <img width=\"1080\" height=\"570\" class=\"lazy-image\" alt=\"\" decoding=\"async\" loading=\"lazy\" sizes=\"auto, (max-width: 1080px) 100vw, 1080px\" src=\"https:\/\/brtk.net\/wp-content\/uploads\/2023\/03\/30\/FB_IMG_1680188674560.jpg?ver=35ac32092bfff68529696c5f4ec8db6e\" srcset=\"https:\/\/brtk.net\/wp-content\/uploads\/2023\/03\/30\/FB_IMG_1680188674560.jpg?ver=35ac32092bfff68529696c5f4ec8db6e 1080w, https:\/\/brtk.net\/wp-content\/uploads\/2023\/03\/30\/FB_IMG_1680188674560-300x158.jpg?ver=35ac32092bfff68529696c5f4ec8db6e 300w, https:\/\/brtk.net\/wp-content\/uploads\/2023\/03\/30\/FB_IMG_1680188674560-1024x540.jpg?ver=35ac32092bfff68529696c5f4ec8db6e 1024w, https:\/\/brtk.net\/wp-content\/uploads\/2023\/03\/30\/FB_IMG_1680188674560-768x405.jpg?ver=35ac32092bfff68529696c5f4ec8db6e 768w\"\/>                            <\/div>\n<p>\nT\u00fcrkiye Cumhuriyeti Emniyet Genel M\u00fcd\u00fcrl\u00fc\u011f\u00fc taraf\u0131ndan Polis Genel M\u00fcd\u00fcrl\u00fc\u011f\u00fc\u2019ne ara\u00e7, gere\u00e7 ve malzeme hibe edildi. <\/p>\n<p>Polis Genel M\u00fcd\u00fcrl\u00fc\u011f\u00fc\u2019n\u00fc g\u00fcn\u00fcn ko\u015fullar\u0131na uygun, daha modern hale getirmek amac\u0131yla haz\u0131rlanan T\u00fcrkiye ve <a href=\"https:\/\/brtk.net\/\"\/><a href=\"https:\/\/brtk.net\/\"\/><a href=\"https:\/\/brtk.net\/\">KKTC<\/a> i\u015fbirli\u011fi eylem plan\u0131 \u00e7er\u00e7evesinde hibe edilen ara\u00e7, gere\u00e7 ve malzemelerin teslimi, Polis Genel M\u00fcd\u00fcrl\u00fc\u011f\u00fc bah\u00e7esinde d\u00fczenlenen t\u00f6renle ger\u00e7ekle\u015ftirildi.<\/p>\n<p>T\u00f6rene T\u00fcrkiye\u2019nin Lefko\u015fa B\u00fcy\u00fckel\u00e7isi Metin Feyzio\u011flu, G\u00fcvenlik Kuvvetleri Komutan\u0131 T\u00fcmgeneral Zorlu Topalo\u011flu ve Polis Genel M\u00fcd\u00fcr vekili Kas\u0131m Kuni de kat\u0131ld\u0131\u2026<\/p>\n<p>T\u00f6ren sayg\u0131 duru\u015funda bulunulmas\u0131 ve \u0130stiklal Mar\u015f\u0131\u2019n\u0131n okunmas\u0131yla ba\u015flad\u0131.<\/p>\n<p>T\u00fcrkiye Emniyet Genel M\u00fcd\u00fcrl\u00fc\u011f\u00fc \u00d6zel Harekat Ba\u015fkan\u0131 Selami T\u00fcrker, <a href=\"https:\/\/brtk.net\/\"\/><a href=\"https:\/\/brtk.net\/\"\/><a href=\"https:\/\/brtk.net\/\">KKTC<\/a> ile t\u00fcm alanlarda kapsaml\u0131 i\u015fbirli\u011fi yap\u0131ld\u0131\u011f\u0131n\u0131 s\u00f6yledi\u2026<\/p>\n<p>T\u00fcrker, \u201c\u00d6zel Harekat Ba\u015fkanl\u0131\u011f\u0131 olarak 2001 y\u0131l\u0131ndan g\u00fcn\u00fcm\u00fcze kadar karde\u015f <a href=\"https:\/\/brtk.net\/\"\/><a href=\"https:\/\/brtk.net\/\"\/><a href=\"https:\/\/brtk.net\/\">KKTC<\/a> \u00d6zel Harekat personeli ile e\u011fitim i\u015fbirli\u011fi kapsam\u0131nda temel \u00f6zel harekat kursu ba\u015fta olmak \u00fczere 15 farkl\u0131 alanda e\u011fitim \u00e7al\u0131\u015fmas\u0131 yapm\u0131\u015f bulunmaktay\u0131z. Ge\u00e7mi\u015fte oldu\u011fu gibi bug\u00fcn de i\u015fbirli\u011fi ve uyum i\u00e7inde birlikte \u00e7al\u0131\u015fmaya haz\u0131r oldu\u011fumuzu vurguluyorum\u201d dedi.<\/p>\n<p>Polis Genel M\u00fcd\u00fcr Vekili Kas\u0131m Kuni de \u00f6ncelikli g\u00f6revleri aras\u0131nda polisi ara\u00e7, gere\u00e7 ve teknik donan\u0131mla \u00e7a\u011f\u0131n gereklerine uygun olarak donatmak ve d\u00fcnyadaki polis te\u015fkilatlar\u0131 ile yar\u0131\u015f\u0131r hale getirmenin de bulundu\u011funu s\u00f6yledi.<\/p>\n<p>Kuni, \u201cPolis Te\u015fkilat\u0131 olarak bizler, bu konuda \u00e7ok \u015fansl\u0131y\u0131z. Anavatan\u0131m\u0131z,  Emniyet Genel M\u00fcd\u00fcrl\u00fc\u011f\u00fc ba\u015fta olmak \u00fczere t\u00fcm kurumlar\u0131 ile her ko\u015fulda yan\u0131m\u0131zda olmaya devam ederek, halk\u0131m\u0131z\u0131n huzur ve g\u00fcvenli\u011finin en iyi \u015fekilde sa\u011flanmas\u0131 ve  Polis Te\u015fkilat\u0131n\u0131n g\u00fc\u00e7lenmesi i\u00e7in her t\u00fcrl\u00fc katk\u0131y\u0131 bizden esirgememektedir\u201d dedi.<\/p>\n<p>Polis Genel M\u00fcd\u00fcr Vekili Kuni, polis te\u015fkilat\u0131n\u0131n sa\u011flam bir teknik donan\u0131ma sahip olmas\u0131n\u0131n, polisi su\u00e7la m\u00fccadelede hep bir ad\u0131m \u00f6nde tuttu\u011funu s\u00f6yledi.<\/p>\n<div class=\"mariselle-image-container center\">\n                <img width=\"1080\" height=\"608\" class=\"lazy-image\" alt=\"\" decoding=\"async\" loading=\"lazy\" sizes=\"auto, (max-width: 1080px) 100vw, 1080px\" src=\"https:\/\/brtk.net\/wp-content\/uploads\/2023\/03\/30\/FB_IMG_1680188680465.jpg?ver=3680e19eb54ddf1117a398ba020c02a5\" srcset=\"https:\/\/brtk.net\/wp-content\/uploads\/2023\/03\/30\/FB_IMG_1680188680465.jpg?ver=3680e19eb54ddf1117a398ba020c02a5 1080w, https:\/\/brtk.net\/wp-content\/uploads\/2023\/03\/30\/FB_IMG_1680188680465-300x169.jpg?ver=3680e19eb54ddf1117a398ba020c02a5 300w, https:\/\/brtk.net\/wp-content\/uploads\/2023\/03\/30\/FB_IMG_1680188680465-1024x576.jpg?ver=21045058ded8795be43e4ef352b31c67 1024w, https:\/\/brtk.net\/wp-content\/uploads\/2023\/03\/30\/FB_IMG_1680188680465-768x432.jpg?ver=21045058ded8795be43e4ef352b31c67 768w\"\/>                            <\/div>\n<p>T\u00fcrkiye\u2019nin Lefko\u015fa B\u00fcy\u00fckel\u00e7isi Metin Feyzio\u011flu da g\u00fc\u00e7l\u00fc bir polis te\u015fkilat\u0131n\u0131n, vatanda\u015flar\u0131n temel hak ve \u00f6zg\u00fcrl\u00fcklerinin korunmas\u0131 i\u00e7in gerekli oldu\u011funu s\u00f6yledi.<\/p>\n<p>Feyzio\u011flu, \u201cG\u00fc\u00e7l\u00fc bir polis te\u015fkilat\u0131 rahats\u0131z olunacak, ele\u015ftirilecek bir durum de\u011fil, tam aksine insanlar\u0131n huzur ve g\u00fcvenlik i\u00e7erisinde ya\u015famlar\u0131n\u0131 sa\u011flamalar\u0131 i\u00e7in zorunlu bir te\u015fkilatt\u0131r. T\u00fcrkiye olarak <a href=\"https:\/\/brtk.net\/\"\/><a href=\"https:\/\/brtk.net\/\"\/><a href=\"https:\/\/brtk.net\/\">KKTC<\/a> ile her alanda kusursuz bir i\u015fbirli\u011fi i\u00e7inde oldu\u011fumuz gibi, polis te\u015fkilat\u0131n\u0131n da burada g\u00fc\u00e7lenmesi i\u00e7in \u00fcst\u00fcm\u00fcze d\u00fc\u015feni yapaca\u011f\u0131z\u201d dedi\u2026<\/p>\n<p>Konu\u015fmalar\u0131n ard\u0131ndan, devir teslim protokol\u00fc T\u00fcrkiye Emniyet Genel M\u00fcd\u00fcrl\u00fc\u011f\u00fc \u00d6zel Harekat Ba\u015fkan\u0131 Selami T\u00fcrker ile Polis Genel M\u00fcd\u00fcr Vekili Kas\u0131m Kuni aras\u0131nda imzaland\u0131. <\/p>\n<div class=\"mariselle-image-container center\">\n                <img width=\"960\" height=\"540\" class=\"lazy-image\" alt=\"\" decoding=\"async\" loading=\"lazy\" sizes=\"auto, (max-width: 960px) 100vw, 960px\" src=\"https:\/\/brtk.net\/wp-content\/uploads\/2023\/03\/30\/338442163_212169421497567_2560904899932770565_n.jpg?ver=b83784015adb3a447fdddffd0f46ff17\" srcset=\"https:\/\/brtk.net\/wp-content\/uploads\/2023\/03\/30\/338442163_212169421497567_2560904899932770565_n.jpg?ver=b83784015adb3a447fdddffd0f46ff17 960w, https:\/\/brtk.net\/wp-content\/uploads\/2023\/03\/30\/338442163_212169421497567_2560904899932770565_n-300x169.jpg?ver=f90925cbcac61500bbd419af64562b9f 300w, https:\/\/brtk.net\/wp-content\/uploads\/2023\/03\/30\/338442163_212169421497567_2560904899932770565_n-768x432.jpg?ver=f90925cbcac61500bbd419af64562b9f 768w\"\/>                            <\/div>\n<p>T\u00f6ren hibe edilen malzemelerin tan\u0131t\u0131m\u0131 ile son buldu. <\/p>\n<p><a href=\"https:\/\/brtk.net\/\">BRT<\/a><\/p>\n<\/p><\/div>\n<p><script async\n                    defer\n                    crossorigin=\"anonymous\"\n                    src=\"https:\/\/connect.facebook.net\/tr_TR\/sdk.js#xfbml=1&#038;version=v3.3\"\n            ><\/script><\/p>\n","protected":false},"excerpt":{"rendered":"<p>T\u00fcrkiye Cumhuriyeti Emniyet Genel M\u00fcd\u00fcrl\u00fc\u011f\u00fc taraf\u0131ndan Polis Genel M\u00fcd\u00fcrl\u00fc\u011f\u00fc\u2019ne ara\u00e7, gere\u00e7 ve malzeme hibe edildi. Polis Genel M\u00fcd\u00fcrl\u00fc\u011f\u00fc\u2019n\u00fc g\u00fcn\u00fcn ko\u015fullar\u0131na uygun, daha modern hale getirmek amac\u0131yla haz\u0131rlanan T\u00fcrkiye ve KKTC i\u015fbirli\u011fi eylem plan\u0131 \u00e7er\u00e7evesinde hibe edilen ara\u00e7, gere\u00e7 ve malzemelerin teslimi, Polis Genel M\u00fcd\u00fcrl\u00fc\u011f\u00fc bah\u00e7esinde d\u00fczenlenen t\u00f6renle ger\u00e7ekle\u015ftirildi. T\u00f6rene T\u00fcrkiye\u2019nin Lefko\u015fa B\u00fcy\u00fckel\u00e7isi Metin Feyzio\u011flu, G\u00fcvenlik<\/p>\n","protected":false},"author":1,"featured_media":4260,"comment_status":"open","ping_status":"open","sticky":false,"template":"","format":"standard","meta":{"footnotes":""},"categories":[1],"tags":[],"class_list":["post-4259","post","type-post","status-publish","format-standard","has-post-thumbnail","hentry","category-gundem"],"yoast_head":"<!-- This site is optimized with the Yoast SEO plugin v27.5 - https:\/\/yoast.com\/product\/yoast-seo-wordpress\/ -->\n<title>TC Emniyet Genel M\u00fcd\u00fcrl\u00fc\u011f\u00fc, Polis \u00d6zel Harekat M\u00fcd\u00fcrl\u00fc\u011f\u00fc\u2019ne ara\u00e7, gere\u00e7 ve malzeme hibe etti -<\/title>\n<meta name=\"robots\" content=\"index, follow, max-snippet:-1, max-image-preview:large, max-video-preview:-1\" \/>\n<link rel=\"canonical\" href=\"https:\/\/kibrisdakik.com\/?p=4259\" \/>\n<meta property=\"og:locale\" content=\"tr_TR\" \/>\n<meta property=\"og:type\" content=\"article\" \/>\n<meta property=\"og:title\" content=\"TC Emniyet Genel M\u00fcd\u00fcrl\u00fc\u011f\u00fc, Polis \u00d6zel Harekat M\u00fcd\u00fcrl\u00fc\u011f\u00fc\u2019ne ara\u00e7, gere\u00e7 ve malzeme hibe etti -\" \/>\n<meta property=\"og:description\" content=\"T\u00fcrkiye Cumhuriyeti Emniyet Genel M\u00fcd\u00fcrl\u00fc\u011f\u00fc taraf\u0131ndan Polis Genel M\u00fcd\u00fcrl\u00fc\u011f\u00fc\u2019ne ara\u00e7, gere\u00e7 ve malzeme hibe edildi. Polis Genel M\u00fcd\u00fcrl\u00fc\u011f\u00fc\u2019n\u00fc g\u00fcn\u00fcn ko\u015fullar\u0131na uygun, daha modern hale getirmek amac\u0131yla haz\u0131rlanan T\u00fcrkiye ve KKTC i\u015fbirli\u011fi eylem plan\u0131 \u00e7er\u00e7evesinde hibe edilen ara\u00e7, gere\u00e7 ve malzemelerin teslimi, Polis Genel M\u00fcd\u00fcrl\u00fc\u011f\u00fc bah\u00e7esinde d\u00fczenlenen t\u00f6renle ger\u00e7ekle\u015ftirildi. T\u00f6rene T\u00fcrkiye\u2019nin Lefko\u015fa B\u00fcy\u00fckel\u00e7isi Metin Feyzio\u011flu, G\u00fcvenlik\" \/>\n<meta property=\"og:url\" content=\"https:\/\/kibrisdakik.com\/?p=4259\" \/>\n<meta property=\"article:published_time\" content=\"2023-03-30T16:51:47+00:00\" \/>\n<meta property=\"og:image\" content=\"https:\/\/kibrisdakik.com\/wp-content\/uploads\/2023\/03\/InShot_20230330_180544744-scaled-740x420.jpg\" \/>\n\t<meta property=\"og:image:width\" content=\"2560\" \/>\n\t<meta property=\"og:image:height\" content=\"1439\" \/>\n\t<meta property=\"og:image:type\" content=\"image\/jpeg\" \/>\n<meta name=\"author\" content=\"admin\" \/>\n<meta name=\"twitter:card\" content=\"summary_large_image\" \/>\n<meta name=\"twitter:label1\" content=\"Yazan:\" \/>\n\t<meta name=\"twitter:data1\" content=\"admin\" \/>\n\t<meta name=\"twitter:label2\" content=\"Tahmini okuma s\u00fcresi\" \/>\n\t<meta name=\"twitter:data2\" content=\"3 dakika\" \/>\n<script type=\"application\/ld+json\" class=\"yoast-schema-graph\">{\"@context\":\"https:\\\/\\\/schema.org\",\"@graph\":[{\"@type\":\"Article\",\"@id\":\"https:\\\/\\\/kibrisdakik.com\\\/?p=4259#article\",\"isPartOf\":{\"@id\":\"https:\\\/\\\/kibrisdakik.com\\\/?p=4259\"},\"author\":{\"name\":\"admin\",\"@id\":\"https:\\\/\\\/kibrisdakik.com\\\/#\\\/schema\\\/person\\\/9cd9d437bbb44f72b73ba127e06d8e79\"},\"headline\":\"TC Emniyet Genel M\u00fcd\u00fcrl\u00fc\u011f\u00fc, Polis \u00d6zel Harekat M\u00fcd\u00fcrl\u00fc\u011f\u00fc\u2019ne ara\u00e7, gere\u00e7 ve malzeme hibe etti\",\"datePublished\":\"2023-03-30T16:51:47+00:00\",\"mainEntityOfPage\":{\"@id\":\"https:\\\/\\\/kibrisdakik.com\\\/?p=4259\"},\"wordCount\":552,\"commentCount\":0,\"image\":{\"@id\":\"https:\\\/\\\/kibrisdakik.com\\\/?p=4259#primaryimage\"},\"thumbnailUrl\":\"https:\\\/\\\/kibrisdakik.com\\\/wp-content\\\/uploads\\\/2023\\\/03\\\/InShot_20230330_180544744-scaled-740x420.jpg\",\"articleSection\":[\"G\u00fcndem\"],\"inLanguage\":\"tr\",\"potentialAction\":[{\"@type\":\"CommentAction\",\"name\":\"Comment\",\"target\":[\"https:\\\/\\\/kibrisdakik.com\\\/?p=4259#respond\"]}]},{\"@type\":\"WebPage\",\"@id\":\"https:\\\/\\\/kibrisdakik.com\\\/?p=4259\",\"url\":\"https:\\\/\\\/kibrisdakik.com\\\/?p=4259\",\"name\":\"TC Emniyet Genel M\u00fcd\u00fcrl\u00fc\u011f\u00fc, Polis \u00d6zel Harekat M\u00fcd\u00fcrl\u00fc\u011f\u00fc\u2019ne ara\u00e7, gere\u00e7 ve malzeme hibe etti -\",\"isPartOf\":{\"@id\":\"https:\\\/\\\/kibrisdakik.com\\\/#website\"},\"primaryImageOfPage\":{\"@id\":\"https:\\\/\\\/kibrisdakik.com\\\/?p=4259#primaryimage\"},\"image\":{\"@id\":\"https:\\\/\\\/kibrisdakik.com\\\/?p=4259#primaryimage\"},\"thumbnailUrl\":\"https:\\\/\\\/kibrisdakik.com\\\/wp-content\\\/uploads\\\/2023\\\/03\\\/InShot_20230330_180544744-scaled-740x420.jpg\",\"datePublished\":\"2023-03-30T16:51:47+00:00\",\"author\":{\"@id\":\"https:\\\/\\\/kibrisdakik.com\\\/#\\\/schema\\\/person\\\/9cd9d437bbb44f72b73ba127e06d8e79\"},\"breadcrumb\":{\"@id\":\"https:\\\/\\\/kibrisdakik.com\\\/?p=4259#breadcrumb\"},\"inLanguage\":\"tr\",\"potentialAction\":[{\"@type\":\"ReadAction\",\"target\":[\"https:\\\/\\\/kibrisdakik.com\\\/?p=4259\"]}]},{\"@type\":\"ImageObject\",\"inLanguage\":\"tr\",\"@id\":\"https:\\\/\\\/kibrisdakik.com\\\/?p=4259#primaryimage\",\"url\":\"https:\\\/\\\/kibrisdakik.com\\\/wp-content\\\/uploads\\\/2023\\\/03\\\/InShot_20230330_180544744-scaled-740x420.jpg\",\"contentUrl\":\"https:\\\/\\\/kibrisdakik.com\\\/wp-content\\\/uploads\\\/2023\\\/03\\\/InShot_20230330_180544744-scaled-740x420.jpg\",\"width\":2560,\"height\":1439},{\"@type\":\"BreadcrumbList\",\"@id\":\"https:\\\/\\\/kibrisdakik.com\\\/?p=4259#breadcrumb\",\"itemListElement\":[{\"@type\":\"ListItem\",\"position\":1,\"name\":\"Home\",\"item\":\"https:\\\/\\\/kibrisdakik.com\\\/\"},{\"@type\":\"ListItem\",\"position\":2,\"name\":\"TC Emniyet Genel M\u00fcd\u00fcrl\u00fc\u011f\u00fc, Polis \u00d6zel Harekat M\u00fcd\u00fcrl\u00fc\u011f\u00fc\u2019ne ara\u00e7, gere\u00e7 ve malzeme hibe etti\"}]},{\"@type\":\"WebSite\",\"@id\":\"https:\\\/\\\/kibrisdakik.com\\\/#website\",\"url\":\"https:\\\/\\\/kibrisdakik.com\\\/\",\"name\":\"\",\"description\":\"Tam vaktinde haber\",\"potentialAction\":[{\"@type\":\"SearchAction\",\"target\":{\"@type\":\"EntryPoint\",\"urlTemplate\":\"https:\\\/\\\/kibrisdakik.com\\\/?s={search_term_string}\"},\"query-input\":{\"@type\":\"PropertyValueSpecification\",\"valueRequired\":true,\"valueName\":\"search_term_string\"}}],\"inLanguage\":\"tr\"},{\"@type\":\"Person\",\"@id\":\"https:\\\/\\\/kibrisdakik.com\\\/#\\\/schema\\\/person\\\/9cd9d437bbb44f72b73ba127e06d8e79\",\"name\":\"admin\",\"image\":{\"@type\":\"ImageObject\",\"inLanguage\":\"tr\",\"@id\":\"https:\\\/\\\/secure.gravatar.com\\\/avatar\\\/ccc17943b9d660506c869530f897617f7cb1c21a4bf30023f252596d83e1f007?s=96&d=mm&r=g\",\"url\":\"https:\\\/\\\/secure.gravatar.com\\\/avatar\\\/ccc17943b9d660506c869530f897617f7cb1c21a4bf30023f252596d83e1f007?s=96&d=mm&r=g\",\"contentUrl\":\"https:\\\/\\\/secure.gravatar.com\\\/avatar\\\/ccc17943b9d660506c869530f897617f7cb1c21a4bf30023f252596d83e1f007?s=96&d=mm&r=g\",\"caption\":\"admin\"},\"sameAs\":[\"https:\\\/\\\/kibrisdakik.com\"],\"url\":\"https:\\\/\\\/kibrisdakik.com\\\/?author=1\"}]}<\/script>\n<!-- \/ Yoast SEO plugin. -->","yoast_head_json":{"title":"TC Emniyet Genel M\u00fcd\u00fcrl\u00fc\u011f\u00fc, Polis \u00d6zel Harekat M\u00fcd\u00fcrl\u00fc\u011f\u00fc\u2019ne ara\u00e7, gere\u00e7 ve malzeme hibe etti -","robots":{"index":"index","follow":"follow","max-snippet":"max-snippet:-1","max-image-preview":"max-image-preview:large","max-video-preview":"max-video-preview:-1"},"canonical":"https:\/\/kibrisdakik.com\/?p=4259","og_locale":"tr_TR","og_type":"article","og_title":"TC Emniyet Genel M\u00fcd\u00fcrl\u00fc\u011f\u00fc, Polis \u00d6zel Harekat M\u00fcd\u00fcrl\u00fc\u011f\u00fc\u2019ne ara\u00e7, gere\u00e7 ve malzeme hibe etti -","og_description":"T\u00fcrkiye Cumhuriyeti Emniyet Genel M\u00fcd\u00fcrl\u00fc\u011f\u00fc taraf\u0131ndan Polis Genel M\u00fcd\u00fcrl\u00fc\u011f\u00fc\u2019ne ara\u00e7, gere\u00e7 ve malzeme hibe edildi. Polis Genel M\u00fcd\u00fcrl\u00fc\u011f\u00fc\u2019n\u00fc g\u00fcn\u00fcn ko\u015fullar\u0131na uygun, daha modern hale getirmek amac\u0131yla haz\u0131rlanan T\u00fcrkiye ve KKTC i\u015fbirli\u011fi eylem plan\u0131 \u00e7er\u00e7evesinde hibe edilen ara\u00e7, gere\u00e7 ve malzemelerin teslimi, Polis Genel M\u00fcd\u00fcrl\u00fc\u011f\u00fc bah\u00e7esinde d\u00fczenlenen t\u00f6renle ger\u00e7ekle\u015ftirildi. T\u00f6rene T\u00fcrkiye\u2019nin Lefko\u015fa B\u00fcy\u00fckel\u00e7isi Metin Feyzio\u011flu, G\u00fcvenlik","og_url":"https:\/\/kibrisdakik.com\/?p=4259","article_published_time":"2023-03-30T16:51:47+00:00","og_image":[{"width":2560,"height":1439,"url":"https:\/\/kibrisdakik.com\/wp-content\/uploads\/2023\/03\/InShot_20230330_180544744-scaled-740x420.jpg","type":"image\/jpeg"}],"author":"admin","twitter_card":"summary_large_image","twitter_misc":{"Yazan:":"admin","Tahmini okuma s\u00fcresi":"3 dakika"},"schema":{"@context":"https:\/\/schema.org","@graph":[{"@type":"Article","@id":"https:\/\/kibrisdakik.com\/?p=4259#article","isPartOf":{"@id":"https:\/\/kibrisdakik.com\/?p=4259"},"author":{"name":"admin","@id":"https:\/\/kibrisdakik.com\/#\/schema\/person\/9cd9d437bbb44f72b73ba127e06d8e79"},"headline":"TC Emniyet Genel M\u00fcd\u00fcrl\u00fc\u011f\u00fc, Polis \u00d6zel Harekat M\u00fcd\u00fcrl\u00fc\u011f\u00fc\u2019ne ara\u00e7, gere\u00e7 ve malzeme hibe etti","datePublished":"2023-03-30T16:51:47+00:00","mainEntityOfPage":{"@id":"https:\/\/kibrisdakik.com\/?p=4259"},"wordCount":552,"commentCount":0,"image":{"@id":"https:\/\/kibrisdakik.com\/?p=4259#primaryimage"},"thumbnailUrl":"https:\/\/kibrisdakik.com\/wp-content\/uploads\/2023\/03\/InShot_20230330_180544744-scaled-740x420.jpg","articleSection":["G\u00fcndem"],"inLanguage":"tr","potentialAction":[{"@type":"CommentAction","name":"Comment","target":["https:\/\/kibrisdakik.com\/?p=4259#respond"]}]},{"@type":"WebPage","@id":"https:\/\/kibrisdakik.com\/?p=4259","url":"https:\/\/kibrisdakik.com\/?p=4259","name":"TC Emniyet Genel M\u00fcd\u00fcrl\u00fc\u011f\u00fc, Polis \u00d6zel Harekat M\u00fcd\u00fcrl\u00fc\u011f\u00fc\u2019ne ara\u00e7, gere\u00e7 ve malzeme hibe etti -","isPartOf":{"@id":"https:\/\/kibrisdakik.com\/#website"},"primaryImageOfPage":{"@id":"https:\/\/kibrisdakik.com\/?p=4259#primaryimage"},"image":{"@id":"https:\/\/kibrisdakik.com\/?p=4259#primaryimage"},"thumbnailUrl":"https:\/\/kibrisdakik.com\/wp-content\/uploads\/2023\/03\/InShot_20230330_180544744-scaled-740x420.jpg","datePublished":"2023-03-30T16:51:47+00:00","author":{"@id":"https:\/\/kibrisdakik.com\/#\/schema\/person\/9cd9d437bbb44f72b73ba127e06d8e79"},"breadcrumb":{"@id":"https:\/\/kibrisdakik.com\/?p=4259#breadcrumb"},"inLanguage":"tr","potentialAction":[{"@type":"ReadAction","target":["https:\/\/kibrisdakik.com\/?p=4259"]}]},{"@type":"ImageObject","inLanguage":"tr","@id":"https:\/\/kibrisdakik.com\/?p=4259#primaryimage","url":"https:\/\/kibrisdakik.com\/wp-content\/uploads\/2023\/03\/InShot_20230330_180544744-scaled-740x420.jpg","contentUrl":"https:\/\/kibrisdakik.com\/wp-content\/uploads\/2023\/03\/InShot_20230330_180544744-scaled-740x420.jpg","width":2560,"height":1439},{"@type":"BreadcrumbList","@id":"https:\/\/kibrisdakik.com\/?p=4259#breadcrumb","itemListElement":[{"@type":"ListItem","position":1,"name":"Home","item":"https:\/\/kibrisdakik.com\/"},{"@type":"ListItem","position":2,"name":"TC Emniyet Genel M\u00fcd\u00fcrl\u00fc\u011f\u00fc, Polis \u00d6zel Harekat M\u00fcd\u00fcrl\u00fc\u011f\u00fc\u2019ne ara\u00e7, gere\u00e7 ve malzeme hibe etti"}]},{"@type":"WebSite","@id":"https:\/\/kibrisdakik.com\/#website","url":"https:\/\/kibrisdakik.com\/","name":"","description":"Tam vaktinde haber","potentialAction":[{"@type":"SearchAction","target":{"@type":"EntryPoint","urlTemplate":"https:\/\/kibrisdakik.com\/?s={search_term_string}"},"query-input":{"@type":"PropertyValueSpecification","valueRequired":true,"valueName":"search_term_string"}}],"inLanguage":"tr"},{"@type":"Person","@id":"https:\/\/kibrisdakik.com\/#\/schema\/person\/9cd9d437bbb44f72b73ba127e06d8e79","name":"admin","image":{"@type":"ImageObject","inLanguage":"tr","@id":"https:\/\/secure.gravatar.com\/avatar\/ccc17943b9d660506c869530f897617f7cb1c21a4bf30023f252596d83e1f007?s=96&d=mm&r=g","url":"https:\/\/secure.gravatar.com\/avatar\/ccc17943b9d660506c869530f897617f7cb1c21a4bf30023f252596d83e1f007?s=96&d=mm&r=g","contentUrl":"https:\/\/secure.gravatar.com\/avatar\/ccc17943b9d660506c869530f897617f7cb1c21a4bf30023f252596d83e1f007?s=96&d=mm&r=g","caption":"admin"},"sameAs":["https:\/\/kibrisdakik.com"],"url":"https:\/\/kibrisdakik.com\/?author=1"}]}},"_links":{"self":[{"href":"https:\/\/kibrisdakik.com\/index.php?rest_route=\/wp\/v2\/posts\/4259","targetHints":{"allow":["GET"]}}],"collection":[{"href":"https:\/\/kibrisdakik.com\/index.php?rest_route=\/wp\/v2\/posts"}],"about":[{"href":"https:\/\/kibrisdakik.com\/index.php?rest_route=\/wp\/v2\/types\/post"}],"author":[{"embeddable":true,"href":"https:\/\/kibrisdakik.com\/index.php?rest_route=\/wp\/v2\/users\/1"}],"replies":[{"embeddable":true,"href":"https:\/\/kibrisdakik.com\/index.php?rest_route=%2Fwp%2Fv2%2Fcomments&post=4259"}],"version-history":[{"count":0,"href":"https:\/\/kibrisdakik.com\/index.php?rest_route=\/wp\/v2\/posts\/4259\/revisions"}],"wp:featuredmedia":[{"embeddable":true,"href":"https:\/\/kibrisdakik.com\/index.php?rest_route=\/wp\/v2\/media\/4260"}],"wp:attachment":[{"href":"https:\/\/kibrisdakik.com\/index.php?rest_route=%2Fwp%2Fv2%2Fmedia&parent=4259"}],"wp:term":[{"taxonomy":"category","embeddable":true,"href":"https:\/\/kibrisdakik.com\/index.php?rest_route=%2Fwp%2Fv2%2Fcategories&post=4259"},{"taxonomy":"post_tag","embeddable":true,"href":"https:\/\/kibrisdakik.com\/index.php?rest_route=%2Fwp%2Fv2%2Ftags&post=4259"}],"curies":[{"name":"wp","href":"https:\/\/api.w.org\/{rel}","templated":true}]}}