{"id":42613,"date":"2024-05-21T13:13:52","date_gmt":"2024-05-21T13:13:52","guid":{"rendered":"https:\/\/kibrisdakik.com\/index.php\/2024\/05\/21\/hayvan-ureticilerinin-eylemi-devam-ediyor\/"},"modified":"2024-05-21T13:13:52","modified_gmt":"2024-05-21T13:13:52","slug":"hayvan-ureticilerinin-eylemi-devam-ediyor","status":"publish","type":"post","link":"https:\/\/kibrisdakik.com\/?p=42613","title":{"rendered":"Hayvan \u00fcreticilerinin eylemi devam ediyor"},"content":{"rendered":"<p><\/p>\n<div>\n<div class=\"mariselle-image-container none\">\n                <img loading=\"lazy\" decoding=\"async\" width=\"1654\" height=\"1104\" class=\"lazy-image\" alt=\"\" sizes=\"auto, (max-width: 1654px) 100vw, 1654px\" src=\"https:\/\/brtk.net\/wp-content\/uploads\/2024\/05\/21\/hayvancilar-eylem-basbakanlik-tim-12-.jpg?ver=b4eea16b876b455f67488e7f23f2833a\" srcset=\"https:\/\/brtk.net\/wp-content\/uploads\/2024\/05\/21\/hayvancilar-eylem-basbakanlik-tim-12-.jpg?ver=b4eea16b876b455f67488e7f23f2833a 1654w, https:\/\/brtk.net\/wp-content\/uploads\/2024\/05\/21\/hayvancilar-eylem-basbakanlik-tim-12--300x200.jpg?ver=b4eea16b876b455f67488e7f23f2833a 300w, https:\/\/brtk.net\/wp-content\/uploads\/2024\/05\/21\/hayvancilar-eylem-basbakanlik-tim-12--1024x683.jpg?ver=a16f4db0435f3de160bba96d01b27eb6 1024w, https:\/\/brtk.net\/wp-content\/uploads\/2024\/05\/21\/hayvancilar-eylem-basbakanlik-tim-12--768x513.jpg?ver=a16f4db0435f3de160bba96d01b27eb6 768w, https:\/\/brtk.net\/wp-content\/uploads\/2024\/05\/21\/hayvancilar-eylem-basbakanlik-tim-12--1536x1025.jpg?ver=61258266f83333e47ef1913db038f1da 1536w\"\/>                            <\/div>\n<p>Hayvan \u00dcreticileri ve Yeti\u015ftiricileri Birli\u011fi\u2019nin Lefko\u015fa\u2019da ba\u015flatt\u0131\u011f\u0131 ara\u00e7l\u0131 eylemi ikinci g\u00fcn\u00fcnde devam ediyor.<\/p>\n<p>Eylemciler, Ba\u015fbakanl\u0131\u011f\u0131n demir bah\u00e7e parmakl\u0131klar\u0131n\u0131 ve ara\u00e7 giri\u015f kap\u0131s\u0131n\u0131 trakt\u00f6rle y\u0131kt\u0131. Eylemde arbede ya\u015fand\u0131 ve baz\u0131 eylemciler g\u00f6z alt\u0131na al\u0131nd\u0131.<\/p>\n<p>Hayvan \u00dcreticileri ve Yeti\u015ftiricileri Birli\u011fi Ba\u015fkan\u0131 Mustafa Naimo\u011fullar\u0131, eylemde 6 ki\u015finin tutukland\u0131\u011f\u0131n\u0131 savunarak,\u00a0 tutuklananlar\u0131n 15 dakika i\u00e7inde serbest kalmamas\u0131 halinde Ba\u015fbakanl\u0131k\u2019\u0131n duvarlar\u0131n\u0131 y\u0131kacaklar\u0131n\u0131 ifade etti.<\/p>\n<p>eylemciler, sloganlar atarak tepkilerini dile getirdi.<\/p>\n<p>Hayvan \u00dcreticileri ve Yeti\u015ftiricileri Birli\u011fi\u2019nin eylemine K\u0131br\u0131s T\u00fcrk \u00d6\u011fretmenler Sendikas\u0131 (KT\u00d6S), K\u0131br\u0131s T\u00fcrk Elektrik Kurumu \u00c7al\u0131\u015fanlar\u0131 Sendikas\u0131 (El-Sen), H\u00fcr-\u0130\u015f, Kasaplar Birli\u011fi ile Restoranc\u0131lar Birli\u011fi destek veriyor.<\/p>\n<p>Hayvan \u00dcreticileri ve Yeti\u015ftiricileri Birli\u011fi Ba\u015fkan\u0131 Mustafa Naimo\u011fullar\u0131, bir torba yemin d\u00fcn itibariyle 1000 TL oldu\u011funu ifade etti.<\/p>\n<p>Maliyetlerin artt\u0131\u011f\u0131na dikkat \u00e7eken Naimo\u011fullar\u0131, \u201cahkam\u201d kesildi\u011fini ileri s\u00fcrd\u00fc.<\/p>\n<p>Naimo\u011fullar\u0131, \u201cYava\u015f yava\u015f her yeri y\u0131kaca\u011f\u0131z. Bu bir tepkidir. Demokrasi katlediliyor. M\u00fccadele eden insanlar\u0131 tutuklayamazs\u0131n\u0131z\u201d ifadelerine yer verdi.<\/p>\n<p>\u201cHayvanc\u0131 bu ate\u015fi yakt\u0131. \u00dcreticiyi dikkate alacaks\u0131n\u0131z.\u201d \u015feklinde konu\u015fan Naimo\u011fullar\u0131, m\u00fccadelelerine devam edeceklerini s\u00f6yledi.<\/p>\n<p>TAK<\/p>\n<\/p><\/div>\n<p><script async\n                    defer\n                    crossorigin=\"anonymous\"\n                    src=\"https:\/\/connect.facebook.net\/tr_TR\/sdk.js#xfbml=1&#038;version=v3.3\"\n            ><\/script><\/p>\n","protected":false},"excerpt":{"rendered":"<p>Hayvan \u00dcreticileri ve Yeti\u015ftiricileri Birli\u011fi\u2019nin Lefko\u015fa\u2019da ba\u015flatt\u0131\u011f\u0131 ara\u00e7l\u0131 eylemi ikinci g\u00fcn\u00fcnde devam ediyor. Eylemciler, Ba\u015fbakanl\u0131\u011f\u0131n demir bah\u00e7e parmakl\u0131klar\u0131n\u0131 ve ara\u00e7 giri\u015f kap\u0131s\u0131n\u0131 trakt\u00f6rle y\u0131kt\u0131. Eylemde arbede ya\u015fand\u0131 ve baz\u0131 eylemciler g\u00f6z alt\u0131na al\u0131nd\u0131. Hayvan \u00dcreticileri ve Yeti\u015ftiricileri Birli\u011fi Ba\u015fkan\u0131 Mustafa Naimo\u011fullar\u0131, eylemde 6 ki\u015finin tutukland\u0131\u011f\u0131n\u0131 savunarak,\u00a0 tutuklananlar\u0131n 15 dakika i\u00e7inde serbest kalmamas\u0131 halinde Ba\u015fbakanl\u0131k\u2019\u0131n duvarlar\u0131n\u0131<\/p>\n","protected":false},"author":1,"featured_media":42614,"comment_status":"open","ping_status":"open","sticky":false,"template":"","format":"standard","meta":{"footnotes":""},"categories":[1],"tags":[],"class_list":["post-42613","post","type-post","status-publish","format-standard","has-post-thumbnail","hentry","category-gundem"],"yoast_head":"<!-- This site is optimized with the Yoast SEO plugin v27.4 - https:\/\/yoast.com\/product\/yoast-seo-wordpress\/ -->\n<title>Hayvan \u00fcreticilerinin eylemi devam ediyor -<\/title>\n<meta name=\"robots\" content=\"index, follow, max-snippet:-1, max-image-preview:large, max-video-preview:-1\" \/>\n<link rel=\"canonical\" href=\"https:\/\/kibrisdakik.com\/?p=42613\" \/>\n<meta property=\"og:locale\" content=\"tr_TR\" \/>\n<meta property=\"og:type\" content=\"article\" \/>\n<meta property=\"og:title\" content=\"Hayvan \u00fcreticilerinin eylemi devam ediyor -\" \/>\n<meta property=\"og:description\" content=\"Hayvan \u00dcreticileri ve Yeti\u015ftiricileri Birli\u011fi\u2019nin Lefko\u015fa\u2019da ba\u015flatt\u0131\u011f\u0131 ara\u00e7l\u0131 eylemi ikinci g\u00fcn\u00fcnde devam ediyor. Eylemciler, Ba\u015fbakanl\u0131\u011f\u0131n demir bah\u00e7e parmakl\u0131klar\u0131n\u0131 ve ara\u00e7 giri\u015f kap\u0131s\u0131n\u0131 trakt\u00f6rle y\u0131kt\u0131. Eylemde arbede ya\u015fand\u0131 ve baz\u0131 eylemciler g\u00f6z alt\u0131na al\u0131nd\u0131. Hayvan \u00dcreticileri ve Yeti\u015ftiricileri Birli\u011fi Ba\u015fkan\u0131 Mustafa Naimo\u011fullar\u0131, eylemde 6 ki\u015finin tutukland\u0131\u011f\u0131n\u0131 savunarak,\u00a0 tutuklananlar\u0131n 15 dakika i\u00e7inde serbest kalmamas\u0131 halinde Ba\u015fbakanl\u0131k\u2019\u0131n duvarlar\u0131n\u0131\" \/>\n<meta property=\"og:url\" content=\"https:\/\/kibrisdakik.com\/?p=42613\" \/>\n<meta property=\"article:published_time\" content=\"2024-05-21T13:13:52+00:00\" \/>\n<meta property=\"og:image\" content=\"https:\/\/kibrisdakik.com\/wp-content\/uploads\/2024\/05\/hayvancilar-eylem-basbakanlik-tim-12--740x420.jpg\" \/>\n\t<meta property=\"og:image:width\" content=\"1654\" \/>\n\t<meta property=\"og:image:height\" content=\"1104\" \/>\n\t<meta property=\"og:image:type\" content=\"image\/jpeg\" \/>\n<meta name=\"author\" content=\"admin\" \/>\n<meta name=\"twitter:card\" content=\"summary_large_image\" \/>\n<meta name=\"twitter:label1\" content=\"Yazan:\" \/>\n\t<meta name=\"twitter:data1\" content=\"admin\" \/>\n\t<meta name=\"twitter:label2\" content=\"Tahmini okuma s\u00fcresi\" \/>\n\t<meta name=\"twitter:data2\" content=\"1 dakika\" \/>\n<script type=\"application\/ld+json\" class=\"yoast-schema-graph\">{\"@context\":\"https:\\\/\\\/schema.org\",\"@graph\":[{\"@type\":\"Article\",\"@id\":\"https:\\\/\\\/kibrisdakik.com\\\/?p=42613#article\",\"isPartOf\":{\"@id\":\"https:\\\/\\\/kibrisdakik.com\\\/?p=42613\"},\"author\":{\"name\":\"admin\",\"@id\":\"https:\\\/\\\/kibrisdakik.com\\\/#\\\/schema\\\/person\\\/9cd9d437bbb44f72b73ba127e06d8e79\"},\"headline\":\"Hayvan \u00fcreticilerinin eylemi devam ediyor\",\"datePublished\":\"2024-05-21T13:13:52+00:00\",\"mainEntityOfPage\":{\"@id\":\"https:\\\/\\\/kibrisdakik.com\\\/?p=42613\"},\"wordCount\":226,\"commentCount\":0,\"image\":{\"@id\":\"https:\\\/\\\/kibrisdakik.com\\\/?p=42613#primaryimage\"},\"thumbnailUrl\":\"https:\\\/\\\/kibrisdakik.com\\\/wp-content\\\/uploads\\\/2024\\\/05\\\/hayvancilar-eylem-basbakanlik-tim-12--740x420.jpg\",\"articleSection\":[\"G\u00fcndem\"],\"inLanguage\":\"tr\",\"potentialAction\":[{\"@type\":\"CommentAction\",\"name\":\"Comment\",\"target\":[\"https:\\\/\\\/kibrisdakik.com\\\/?p=42613#respond\"]}]},{\"@type\":\"WebPage\",\"@id\":\"https:\\\/\\\/kibrisdakik.com\\\/?p=42613\",\"url\":\"https:\\\/\\\/kibrisdakik.com\\\/?p=42613\",\"name\":\"Hayvan \u00fcreticilerinin eylemi devam ediyor -\",\"isPartOf\":{\"@id\":\"https:\\\/\\\/kibrisdakik.com\\\/#website\"},\"primaryImageOfPage\":{\"@id\":\"https:\\\/\\\/kibrisdakik.com\\\/?p=42613#primaryimage\"},\"image\":{\"@id\":\"https:\\\/\\\/kibrisdakik.com\\\/?p=42613#primaryimage\"},\"thumbnailUrl\":\"https:\\\/\\\/kibrisdakik.com\\\/wp-content\\\/uploads\\\/2024\\\/05\\\/hayvancilar-eylem-basbakanlik-tim-12--740x420.jpg\",\"datePublished\":\"2024-05-21T13:13:52+00:00\",\"author\":{\"@id\":\"https:\\\/\\\/kibrisdakik.com\\\/#\\\/schema\\\/person\\\/9cd9d437bbb44f72b73ba127e06d8e79\"},\"breadcrumb\":{\"@id\":\"https:\\\/\\\/kibrisdakik.com\\\/?p=42613#breadcrumb\"},\"inLanguage\":\"tr\",\"potentialAction\":[{\"@type\":\"ReadAction\",\"target\":[\"https:\\\/\\\/kibrisdakik.com\\\/?p=42613\"]}]},{\"@type\":\"ImageObject\",\"inLanguage\":\"tr\",\"@id\":\"https:\\\/\\\/kibrisdakik.com\\\/?p=42613#primaryimage\",\"url\":\"https:\\\/\\\/kibrisdakik.com\\\/wp-content\\\/uploads\\\/2024\\\/05\\\/hayvancilar-eylem-basbakanlik-tim-12--740x420.jpg\",\"contentUrl\":\"https:\\\/\\\/kibrisdakik.com\\\/wp-content\\\/uploads\\\/2024\\\/05\\\/hayvancilar-eylem-basbakanlik-tim-12--740x420.jpg\",\"width\":1654,\"height\":1104},{\"@type\":\"BreadcrumbList\",\"@id\":\"https:\\\/\\\/kibrisdakik.com\\\/?p=42613#breadcrumb\",\"itemListElement\":[{\"@type\":\"ListItem\",\"position\":1,\"name\":\"Home\",\"item\":\"https:\\\/\\\/kibrisdakik.com\\\/\"},{\"@type\":\"ListItem\",\"position\":2,\"name\":\"Hayvan \u00fcreticilerinin eylemi devam ediyor\"}]},{\"@type\":\"WebSite\",\"@id\":\"https:\\\/\\\/kibrisdakik.com\\\/#website\",\"url\":\"https:\\\/\\\/kibrisdakik.com\\\/\",\"name\":\"\",\"description\":\"Tam vaktinde haber\",\"potentialAction\":[{\"@type\":\"SearchAction\",\"target\":{\"@type\":\"EntryPoint\",\"urlTemplate\":\"https:\\\/\\\/kibrisdakik.com\\\/?s={search_term_string}\"},\"query-input\":{\"@type\":\"PropertyValueSpecification\",\"valueRequired\":true,\"valueName\":\"search_term_string\"}}],\"inLanguage\":\"tr\"},{\"@type\":\"Person\",\"@id\":\"https:\\\/\\\/kibrisdakik.com\\\/#\\\/schema\\\/person\\\/9cd9d437bbb44f72b73ba127e06d8e79\",\"name\":\"admin\",\"image\":{\"@type\":\"ImageObject\",\"inLanguage\":\"tr\",\"@id\":\"https:\\\/\\\/secure.gravatar.com\\\/avatar\\\/ccc17943b9d660506c869530f897617f7cb1c21a4bf30023f252596d83e1f007?s=96&d=mm&r=g\",\"url\":\"https:\\\/\\\/secure.gravatar.com\\\/avatar\\\/ccc17943b9d660506c869530f897617f7cb1c21a4bf30023f252596d83e1f007?s=96&d=mm&r=g\",\"contentUrl\":\"https:\\\/\\\/secure.gravatar.com\\\/avatar\\\/ccc17943b9d660506c869530f897617f7cb1c21a4bf30023f252596d83e1f007?s=96&d=mm&r=g\",\"caption\":\"admin\"},\"sameAs\":[\"https:\\\/\\\/kibrisdakik.com\"],\"url\":\"https:\\\/\\\/kibrisdakik.com\\\/?author=1\"}]}<\/script>\n<!-- \/ Yoast SEO plugin. -->","yoast_head_json":{"title":"Hayvan \u00fcreticilerinin eylemi devam ediyor -","robots":{"index":"index","follow":"follow","max-snippet":"max-snippet:-1","max-image-preview":"max-image-preview:large","max-video-preview":"max-video-preview:-1"},"canonical":"https:\/\/kibrisdakik.com\/?p=42613","og_locale":"tr_TR","og_type":"article","og_title":"Hayvan \u00fcreticilerinin eylemi devam ediyor -","og_description":"Hayvan \u00dcreticileri ve Yeti\u015ftiricileri Birli\u011fi\u2019nin Lefko\u015fa\u2019da ba\u015flatt\u0131\u011f\u0131 ara\u00e7l\u0131 eylemi ikinci g\u00fcn\u00fcnde devam ediyor. Eylemciler, Ba\u015fbakanl\u0131\u011f\u0131n demir bah\u00e7e parmakl\u0131klar\u0131n\u0131 ve ara\u00e7 giri\u015f kap\u0131s\u0131n\u0131 trakt\u00f6rle y\u0131kt\u0131. Eylemde arbede ya\u015fand\u0131 ve baz\u0131 eylemciler g\u00f6z alt\u0131na al\u0131nd\u0131. Hayvan \u00dcreticileri ve Yeti\u015ftiricileri Birli\u011fi Ba\u015fkan\u0131 Mustafa Naimo\u011fullar\u0131, eylemde 6 ki\u015finin tutukland\u0131\u011f\u0131n\u0131 savunarak,\u00a0 tutuklananlar\u0131n 15 dakika i\u00e7inde serbest kalmamas\u0131 halinde Ba\u015fbakanl\u0131k\u2019\u0131n duvarlar\u0131n\u0131","og_url":"https:\/\/kibrisdakik.com\/?p=42613","article_published_time":"2024-05-21T13:13:52+00:00","og_image":[{"width":1654,"height":1104,"url":"https:\/\/kibrisdakik.com\/wp-content\/uploads\/2024\/05\/hayvancilar-eylem-basbakanlik-tim-12--740x420.jpg","type":"image\/jpeg"}],"author":"admin","twitter_card":"summary_large_image","twitter_misc":{"Yazan:":"admin","Tahmini okuma s\u00fcresi":"1 dakika"},"schema":{"@context":"https:\/\/schema.org","@graph":[{"@type":"Article","@id":"https:\/\/kibrisdakik.com\/?p=42613#article","isPartOf":{"@id":"https:\/\/kibrisdakik.com\/?p=42613"},"author":{"name":"admin","@id":"https:\/\/kibrisdakik.com\/#\/schema\/person\/9cd9d437bbb44f72b73ba127e06d8e79"},"headline":"Hayvan \u00fcreticilerinin eylemi devam ediyor","datePublished":"2024-05-21T13:13:52+00:00","mainEntityOfPage":{"@id":"https:\/\/kibrisdakik.com\/?p=42613"},"wordCount":226,"commentCount":0,"image":{"@id":"https:\/\/kibrisdakik.com\/?p=42613#primaryimage"},"thumbnailUrl":"https:\/\/kibrisdakik.com\/wp-content\/uploads\/2024\/05\/hayvancilar-eylem-basbakanlik-tim-12--740x420.jpg","articleSection":["G\u00fcndem"],"inLanguage":"tr","potentialAction":[{"@type":"CommentAction","name":"Comment","target":["https:\/\/kibrisdakik.com\/?p=42613#respond"]}]},{"@type":"WebPage","@id":"https:\/\/kibrisdakik.com\/?p=42613","url":"https:\/\/kibrisdakik.com\/?p=42613","name":"Hayvan \u00fcreticilerinin eylemi devam ediyor -","isPartOf":{"@id":"https:\/\/kibrisdakik.com\/#website"},"primaryImageOfPage":{"@id":"https:\/\/kibrisdakik.com\/?p=42613#primaryimage"},"image":{"@id":"https:\/\/kibrisdakik.com\/?p=42613#primaryimage"},"thumbnailUrl":"https:\/\/kibrisdakik.com\/wp-content\/uploads\/2024\/05\/hayvancilar-eylem-basbakanlik-tim-12--740x420.jpg","datePublished":"2024-05-21T13:13:52+00:00","author":{"@id":"https:\/\/kibrisdakik.com\/#\/schema\/person\/9cd9d437bbb44f72b73ba127e06d8e79"},"breadcrumb":{"@id":"https:\/\/kibrisdakik.com\/?p=42613#breadcrumb"},"inLanguage":"tr","potentialAction":[{"@type":"ReadAction","target":["https:\/\/kibrisdakik.com\/?p=42613"]}]},{"@type":"ImageObject","inLanguage":"tr","@id":"https:\/\/kibrisdakik.com\/?p=42613#primaryimage","url":"https:\/\/kibrisdakik.com\/wp-content\/uploads\/2024\/05\/hayvancilar-eylem-basbakanlik-tim-12--740x420.jpg","contentUrl":"https:\/\/kibrisdakik.com\/wp-content\/uploads\/2024\/05\/hayvancilar-eylem-basbakanlik-tim-12--740x420.jpg","width":1654,"height":1104},{"@type":"BreadcrumbList","@id":"https:\/\/kibrisdakik.com\/?p=42613#breadcrumb","itemListElement":[{"@type":"ListItem","position":1,"name":"Home","item":"https:\/\/kibrisdakik.com\/"},{"@type":"ListItem","position":2,"name":"Hayvan \u00fcreticilerinin eylemi devam ediyor"}]},{"@type":"WebSite","@id":"https:\/\/kibrisdakik.com\/#website","url":"https:\/\/kibrisdakik.com\/","name":"","description":"Tam vaktinde haber","potentialAction":[{"@type":"SearchAction","target":{"@type":"EntryPoint","urlTemplate":"https:\/\/kibrisdakik.com\/?s={search_term_string}"},"query-input":{"@type":"PropertyValueSpecification","valueRequired":true,"valueName":"search_term_string"}}],"inLanguage":"tr"},{"@type":"Person","@id":"https:\/\/kibrisdakik.com\/#\/schema\/person\/9cd9d437bbb44f72b73ba127e06d8e79","name":"admin","image":{"@type":"ImageObject","inLanguage":"tr","@id":"https:\/\/secure.gravatar.com\/avatar\/ccc17943b9d660506c869530f897617f7cb1c21a4bf30023f252596d83e1f007?s=96&d=mm&r=g","url":"https:\/\/secure.gravatar.com\/avatar\/ccc17943b9d660506c869530f897617f7cb1c21a4bf30023f252596d83e1f007?s=96&d=mm&r=g","contentUrl":"https:\/\/secure.gravatar.com\/avatar\/ccc17943b9d660506c869530f897617f7cb1c21a4bf30023f252596d83e1f007?s=96&d=mm&r=g","caption":"admin"},"sameAs":["https:\/\/kibrisdakik.com"],"url":"https:\/\/kibrisdakik.com\/?author=1"}]}},"_links":{"self":[{"href":"https:\/\/kibrisdakik.com\/index.php?rest_route=\/wp\/v2\/posts\/42613","targetHints":{"allow":["GET"]}}],"collection":[{"href":"https:\/\/kibrisdakik.com\/index.php?rest_route=\/wp\/v2\/posts"}],"about":[{"href":"https:\/\/kibrisdakik.com\/index.php?rest_route=\/wp\/v2\/types\/post"}],"author":[{"embeddable":true,"href":"https:\/\/kibrisdakik.com\/index.php?rest_route=\/wp\/v2\/users\/1"}],"replies":[{"embeddable":true,"href":"https:\/\/kibrisdakik.com\/index.php?rest_route=%2Fwp%2Fv2%2Fcomments&post=42613"}],"version-history":[{"count":0,"href":"https:\/\/kibrisdakik.com\/index.php?rest_route=\/wp\/v2\/posts\/42613\/revisions"}],"wp:featuredmedia":[{"embeddable":true,"href":"https:\/\/kibrisdakik.com\/index.php?rest_route=\/wp\/v2\/media\/42614"}],"wp:attachment":[{"href":"https:\/\/kibrisdakik.com\/index.php?rest_route=%2Fwp%2Fv2%2Fmedia&parent=42613"}],"wp:term":[{"taxonomy":"category","embeddable":true,"href":"https:\/\/kibrisdakik.com\/index.php?rest_route=%2Fwp%2Fv2%2Fcategories&post=42613"},{"taxonomy":"post_tag","embeddable":true,"href":"https:\/\/kibrisdakik.com\/index.php?rest_route=%2Fwp%2Fv2%2Ftags&post=42613"}],"curies":[{"name":"wp","href":"https:\/\/api.w.org\/{rel}","templated":true}]}}