{"id":42624,"date":"2024-05-21T14:14:57","date_gmt":"2024-05-21T14:14:57","guid":{"rendered":"https:\/\/kibrisdakik.com\/index.php\/2024\/05\/21\/hayvan-ureticileri-ve-yetistiricileri-birligi-eylem-boyutunun-degisecegi-uyarisinda-bulundu\/"},"modified":"2024-05-21T14:14:57","modified_gmt":"2024-05-21T14:14:57","slug":"hayvan-ureticileri-ve-yetistiricileri-birligi-eylem-boyutunun-degisecegi-uyarisinda-bulundu","status":"publish","type":"post","link":"https:\/\/kibrisdakik.com\/?p=42624","title":{"rendered":"Hayvan \u00dcreticileri ve Yeti\u015ftiricileri Birli\u011fi eylem boyutunun de\u011fi\u015fece\u011fi uyar\u0131s\u0131nda bulundu"},"content":{"rendered":"<p><\/p>\n<div>\n<div class=\"mariselle-image-container none\">\n                <img loading=\"lazy\" decoding=\"async\" width=\"1654\" height=\"1104\" class=\"lazy-image\" alt=\"\" sizes=\"auto, (max-width: 1654px) 100vw, 1654px\" src=\"https:\/\/brtk.net\/wp-content\/uploads\/2024\/05\/21\/hayvancilar-eylem-basbakanlik-tim-4-.jpg?ver=145cb12df707cdb4a9788c7f90dd16f1\" srcset=\"https:\/\/brtk.net\/wp-content\/uploads\/2024\/05\/21\/hayvancilar-eylem-basbakanlik-tim-4-.jpg?ver=145cb12df707cdb4a9788c7f90dd16f1 1654w, https:\/\/brtk.net\/wp-content\/uploads\/2024\/05\/21\/hayvancilar-eylem-basbakanlik-tim-4--300x200.jpg?ver=145cb12df707cdb4a9788c7f90dd16f1 300w, https:\/\/brtk.net\/wp-content\/uploads\/2024\/05\/21\/hayvancilar-eylem-basbakanlik-tim-4--1024x683.jpg?ver=4801340add1f7af430ed9c30e0fc619f 1024w, https:\/\/brtk.net\/wp-content\/uploads\/2024\/05\/21\/hayvancilar-eylem-basbakanlik-tim-4--768x513.jpg?ver=4801340add1f7af430ed9c30e0fc619f 768w, https:\/\/brtk.net\/wp-content\/uploads\/2024\/05\/21\/hayvancilar-eylem-basbakanlik-tim-4--1536x1025.jpg?ver=52c655b8bccb35e7422e6b8a949c7630 1536w\"\/>                            <\/div>\n<p>Hayvan \u00dcreticileri ve Yeti\u015ftiricileri Birli\u011fi\u00a0Mustafa Naimo\u011fullar\u0131,\u00a0yar\u0131n, eylem boyutunun daha b\u00fcy\u00fck olaca\u011f\u0131 uyar\u0131s\u0131nda bulundu.<\/p>\n<p>Ana muhalefet Cumhuriyet\u00e7i T\u00fcrk Partisi (<a href=\"https:\/\/brtk.net\/\">CTP<\/a>) Genel Ba\u015fkan\u0131 Tufan Erh\u00fcrman, Toplumcu Demokrasi Partisi (TDP) \u00a0Genel Ba\u015fkan\u0131 Zeki \u00c7eler ve baz\u0131 parti vekilleri eylem yerine gelerek destek verdi.<\/p>\n<p>Naimo\u011fular\u0131, bug\u00fcn 15:00 s\u0131ralar\u0131nda Ba\u015fbakanl\u0131k \u00f6n\u00fcnde bas\u0131na yapt\u0131\u011f\u0131 a\u00e7\u0131klamada, bug\u00fcn tutuklanan 6 eylemciden ikisinin serbest b\u0131rak\u0131ld\u0131\u011f\u0131n\u0131, bunun kar\u015f\u0131l\u0131\u011f\u0131nda da bug\u00fcn Ba\u015fbakanl\u0131k binas\u0131n\u0131n \u00e7evre duvarlar\u0131na zarar verilmeyece\u011fi s\u00f6z\u00fcn\u00fc verdi\u011fini kaydetti.<\/p>\n<p>Bug\u00fcn eylem esnas\u0131nda Ba\u015fbakanl\u0131k bah\u00e7e kap\u0131s\u0131 k\u0131r\u0131lm\u0131\u015ft\u0131.<\/p>\n<p>Mustafa Naimo\u011fullar\u0131,\u00a0Polisle yapt\u0131\u011f\u0131 g\u00f6r\u00fc\u015fmede \u201cYar\u0131n bu olaylar\u0131n daha farkl\u0131 boyutlara \u00e7\u0131kaca\u011f\u0131n\u0131 da izah ettim\u201d dedi.<\/p>\n<p>Polisin kendisine tutuklanan di\u011fer d\u00f6rt ki\u015finin de bu ak\u015fam, eylemciler da\u011f\u0131ld\u0131ktan sonra serbest b\u0131rak\u0131laca\u011f\u0131n\u0131 izah etti\u011fini kaydeden Naimo\u011fullar\u0131, \u201cBizim derdimiz, yar\u0131n yine gelece\u011fiz ama gelirken de \u00a0daha g\u00fc\u00e7l\u00fc gelece\u011fiz, bu i\u015f yar\u0131n \u00e7ok daha farkl\u0131 boyutlara \u00e7\u0131kabilir\u201d dedi.<\/p>\n<p>-Kasaplar da restoranc\u0131lar da kar\u015f\u0131<\/p>\n<p>Naimo\u011fullar\u0131, Kasaplar Birli\u011fi ve Restoranc\u0131lar Birli\u011fi temsilcilerinin de eylem yerine geldi\u011fini ve et ithalat\u0131na onlar\u0131n da kar\u015f\u0131 oldu\u011funu dile getirdi\u011fini kaydetti.<\/p>\n<p>Tar\u0131m ve do\u011fal Kaynaklar Bakan\u0131 H\u00fcseyin \u00c7avu\u015f\u2019un eylem yerine gelip eylemcilerle g\u00f6r\u00fc\u015fmemesinin nedeni ile ilgili Naimo\u011fullar\u0131, Bakan\u2019\u0131n utand\u0131\u011f\u0131n\u0131 savunarak, \u201cYanl\u0131\u015f yapt\u0131\u011f\u0131 i\u00e7in utan\u0131yor, bu insanlar daha \u00f6nce ba\u015fkanl\u0131k yapt\u0131\u011f\u0131 birli\u011fin \u00fcyeleridir\u201d dedi.<\/p>\n<p>Naimo\u011fullar\u0131, H\u00fck\u00fcmet zihniyetinin \u00fcreticiyi bat\u0131rmak oldu\u011funu, Koop-S\u00fct\u2019\u00fcn batmak \u00fczere oldu\u011funu \u00f6ne s\u00fcrd\u00fc.<\/p>\n<p>Et ithalat\u0131 karar\u0131na da de\u011finen Naimo\u011fullar\u0131, 20 tonun \u00e7ok k\u00fc\u00e7\u00fck bir miktar oldu\u011funu, esas endi\u015fe ettiklerinin zihniyet oldu\u011funu, zihniyetin hayvanc\u0131y\u0131 nere g\u00f6t\u00fcrece\u011finin belli olmad\u0131\u011f\u0131n\u0131 ifade etti.<\/p>\n<p>-Elimizde kay\u0131tlar var<\/p>\n<p>Naimo\u011fullar\u0131, \u201cKapal\u0131 kap\u0131lar arkas\u0131nda bu 20 ton birka\u00e7 ki\u015fiye verilecek. Kimin cebine gidecek. Kimlerin buraya geldi\u011fini biliyorum. Kimlerle g\u00f6r\u00fc\u015f\u00fcld\u00fc\u011f\u00fcn\u00fc de biliyorum. Bizde ses kay\u0131tlar\u0131 vard\u0131r\u2026 Bu etin kimlere verilece\u011fi\u2026 Ses kay\u0131tlar\u0131 vard\u0131r. G\u00fcn\u00fcn sonunda bunlar\u0131 da kamuoyu ile payla\u015faca\u011f\u0131z\u201d dedi. \u00a0<\/p>\n<p><a href=\"https:\/\/brtk.net\/\">CTP<\/a> Genel Ba\u015fkan\u0131 Tufan Erh\u00fcrman, aylard\u0131r Kasaplar Birli\u011fi ve Restoranc\u0131lar Birli\u011fi\u2019nin et ithalat\u0131n\u0131 savundu\u011fu \u015feklinde lanse edildi\u011fini, bug\u00fcn hayvanc\u0131 ve kasab\u0131n yan\u0131nda restoranc\u0131n\u0131n da et ithalat\u0131na kar\u015f\u0131 oldu\u011funu g\u00f6rd\u00fcklerini ifade etti.<\/p>\n<p>Erh\u00fcrman, \u201cD\u00fcnden beri bu arkada\u015flar burada ve hala daha bir diyalog ortam\u0131 kurulmuyor?\u201d dedi. Erh\u00fcrman, bu nedenle eylemde sinirlerin gerilmesinin ve polisle kar\u015f\u0131 kar\u015f\u0131ya kal\u0131nmas\u0131n\u0131n beklendik bir durum oldu\u011funu belirtti.<\/p>\n<p>Restoranc\u0131, kasap ve hayvanc\u0131 birliklerinin sorunlar\u0131 g\u00f6r\u00fc\u015fmek i\u00e7in bir araya gelebildi\u011fini ancak H\u00fck\u00fcmetin bu diyalogdan yararlanma niyetini g\u00f6stermedi\u011fini kaydeden Erh\u00fcrman, \u201c\u00dc\u00e7\u00fc burada ve onlarla diyalog f\u0131rsat\u0131n\u0131\u00a0 de\u011ferlendirmiyorsunuz\u2026\u201d dedi.<\/p>\n<p>Ayl\u0131k Et t\u00fcketiminin 600 ton oldu\u011funu H\u00fck\u00fcmetin de bir ayl\u0131\u011f\u0131na 20 ton et ithalat\u0131 i\u00e7in karar ald\u0131\u011f\u0131n\u0131 ifade eden Erh\u00fcrman, \u201cBu hi\u00e7bir sorunu \u00e7\u00f6zmeyecek\u201d dedi. Bu karar\u0131n sadece baz\u0131 sekt\u00f6rleri zarara sokaca\u011f\u0131n\u0131 kaydeden Tufan Erh\u00fcrman, \u201cEylem toplumsal bir eyleme d\u00f6nm\u00fc\u015f durumdad\u0131r\u201d dedi.<\/p>\n<p>Toplumcu Demokrasi Partisi Genel Ba\u015fkan\u0131 Zeki \u00c7eler, Birli\u011fin eylemine toplum olarak destek olmak gerekti\u011fini, h\u00fck\u00fcmetin eylemin sonlanmas\u0131 i\u00e7in do\u011fru ad\u0131mlar\u0131 atmas\u0131 gerekti\u011fini, esas yanl\u0131\u015f\u0131n devlet politikas\u0131n\u0131n olmamas\u0131 oldu\u011funu kaydetti.<\/p>\n<p>Et ve s\u00fcte olan arz ve talebin do\u011fru hesaplanamamas\u0131ndan dolay\u0131 pahal\u0131l\u0131\u011f\u0131n geldi\u011fini kaydeden \u00c7eler, girdi maliyetlerinin d\u00fc\u015f\u00fcr\u00fclmesi i\u00e7in tedbir al\u0131nmas\u0131 gerekti\u011fini ifade etti.<\/p>\n<p>TAK<\/p>\n<\/p><\/div>\n<p><script async\n                    defer\n                    crossorigin=\"anonymous\"\n                    src=\"https:\/\/connect.facebook.net\/tr_TR\/sdk.js#xfbml=1&#038;version=v3.3\"\n            ><\/script><\/p>\n","protected":false},"excerpt":{"rendered":"<p>Hayvan \u00dcreticileri ve Yeti\u015ftiricileri Birli\u011fi\u00a0Mustafa Naimo\u011fullar\u0131,\u00a0yar\u0131n, eylem boyutunun daha b\u00fcy\u00fck olaca\u011f\u0131 uyar\u0131s\u0131nda bulundu. Ana muhalefet Cumhuriyet\u00e7i T\u00fcrk Partisi (CTP) Genel Ba\u015fkan\u0131 Tufan Erh\u00fcrman, Toplumcu Demokrasi Partisi (TDP) \u00a0Genel Ba\u015fkan\u0131 Zeki \u00c7eler ve baz\u0131 parti vekilleri eylem yerine gelerek destek verdi. Naimo\u011fular\u0131, bug\u00fcn 15:00 s\u0131ralar\u0131nda Ba\u015fbakanl\u0131k \u00f6n\u00fcnde bas\u0131na yapt\u0131\u011f\u0131 a\u00e7\u0131klamada, bug\u00fcn tutuklanan 6 eylemciden ikisinin serbest<\/p>\n","protected":false},"author":1,"featured_media":42625,"comment_status":"open","ping_status":"open","sticky":false,"template":"","format":"standard","meta":{"footnotes":""},"categories":[1],"tags":[],"class_list":["post-42624","post","type-post","status-publish","format-standard","has-post-thumbnail","hentry","category-gundem"],"yoast_head":"<!-- This site is optimized with the Yoast SEO plugin v27.4 - https:\/\/yoast.com\/product\/yoast-seo-wordpress\/ -->\n<title>Hayvan \u00dcreticileri ve Yeti\u015ftiricileri Birli\u011fi eylem boyutunun de\u011fi\u015fece\u011fi uyar\u0131s\u0131nda bulundu -<\/title>\n<meta name=\"robots\" content=\"index, follow, max-snippet:-1, max-image-preview:large, max-video-preview:-1\" \/>\n<link rel=\"canonical\" href=\"https:\/\/kibrisdakik.com\/?p=42624\" \/>\n<meta property=\"og:locale\" content=\"tr_TR\" \/>\n<meta property=\"og:type\" content=\"article\" \/>\n<meta property=\"og:title\" content=\"Hayvan \u00dcreticileri ve Yeti\u015ftiricileri Birli\u011fi eylem boyutunun de\u011fi\u015fece\u011fi uyar\u0131s\u0131nda bulundu -\" \/>\n<meta property=\"og:description\" content=\"Hayvan \u00dcreticileri ve Yeti\u015ftiricileri Birli\u011fi\u00a0Mustafa Naimo\u011fullar\u0131,\u00a0yar\u0131n, eylem boyutunun daha b\u00fcy\u00fck olaca\u011f\u0131 uyar\u0131s\u0131nda bulundu. Ana muhalefet Cumhuriyet\u00e7i T\u00fcrk Partisi (CTP) Genel Ba\u015fkan\u0131 Tufan Erh\u00fcrman, Toplumcu Demokrasi Partisi (TDP) \u00a0Genel Ba\u015fkan\u0131 Zeki \u00c7eler ve baz\u0131 parti vekilleri eylem yerine gelerek destek verdi. Naimo\u011fular\u0131, bug\u00fcn 15:00 s\u0131ralar\u0131nda Ba\u015fbakanl\u0131k \u00f6n\u00fcnde bas\u0131na yapt\u0131\u011f\u0131 a\u00e7\u0131klamada, bug\u00fcn tutuklanan 6 eylemciden ikisinin serbest\" \/>\n<meta property=\"og:url\" content=\"https:\/\/kibrisdakik.com\/?p=42624\" \/>\n<meta property=\"article:published_time\" content=\"2024-05-21T14:14:57+00:00\" \/>\n<meta property=\"og:image\" content=\"https:\/\/kibrisdakik.com\/wp-content\/uploads\/2024\/05\/hayvancilar-eylem-basbakanlik-tim-4--740x420.jpg\" \/>\n\t<meta property=\"og:image:width\" content=\"1654\" \/>\n\t<meta property=\"og:image:height\" content=\"1104\" \/>\n\t<meta property=\"og:image:type\" content=\"image\/jpeg\" \/>\n<meta name=\"author\" content=\"admin\" \/>\n<meta name=\"twitter:card\" content=\"summary_large_image\" \/>\n<meta name=\"twitter:label1\" content=\"Yazan:\" \/>\n\t<meta name=\"twitter:data1\" content=\"admin\" \/>\n\t<meta name=\"twitter:label2\" content=\"Tahmini okuma s\u00fcresi\" \/>\n\t<meta name=\"twitter:data2\" content=\"3 dakika\" \/>\n<script type=\"application\/ld+json\" class=\"yoast-schema-graph\">{\"@context\":\"https:\\\/\\\/schema.org\",\"@graph\":[{\"@type\":\"Article\",\"@id\":\"https:\\\/\\\/kibrisdakik.com\\\/?p=42624#article\",\"isPartOf\":{\"@id\":\"https:\\\/\\\/kibrisdakik.com\\\/?p=42624\"},\"author\":{\"name\":\"admin\",\"@id\":\"https:\\\/\\\/kibrisdakik.com\\\/#\\\/schema\\\/person\\\/9cd9d437bbb44f72b73ba127e06d8e79\"},\"headline\":\"Hayvan \u00dcreticileri ve Yeti\u015ftiricileri Birli\u011fi eylem boyutunun de\u011fi\u015fece\u011fi uyar\u0131s\u0131nda bulundu\",\"datePublished\":\"2024-05-21T14:14:57+00:00\",\"mainEntityOfPage\":{\"@id\":\"https:\\\/\\\/kibrisdakik.com\\\/?p=42624\"},\"wordCount\":677,\"commentCount\":0,\"image\":{\"@id\":\"https:\\\/\\\/kibrisdakik.com\\\/?p=42624#primaryimage\"},\"thumbnailUrl\":\"https:\\\/\\\/kibrisdakik.com\\\/wp-content\\\/uploads\\\/2024\\\/05\\\/hayvancilar-eylem-basbakanlik-tim-4--740x420.jpg\",\"articleSection\":[\"G\u00fcndem\"],\"inLanguage\":\"tr\",\"potentialAction\":[{\"@type\":\"CommentAction\",\"name\":\"Comment\",\"target\":[\"https:\\\/\\\/kibrisdakik.com\\\/?p=42624#respond\"]}]},{\"@type\":\"WebPage\",\"@id\":\"https:\\\/\\\/kibrisdakik.com\\\/?p=42624\",\"url\":\"https:\\\/\\\/kibrisdakik.com\\\/?p=42624\",\"name\":\"Hayvan \u00dcreticileri ve Yeti\u015ftiricileri Birli\u011fi eylem boyutunun de\u011fi\u015fece\u011fi uyar\u0131s\u0131nda bulundu -\",\"isPartOf\":{\"@id\":\"https:\\\/\\\/kibrisdakik.com\\\/#website\"},\"primaryImageOfPage\":{\"@id\":\"https:\\\/\\\/kibrisdakik.com\\\/?p=42624#primaryimage\"},\"image\":{\"@id\":\"https:\\\/\\\/kibrisdakik.com\\\/?p=42624#primaryimage\"},\"thumbnailUrl\":\"https:\\\/\\\/kibrisdakik.com\\\/wp-content\\\/uploads\\\/2024\\\/05\\\/hayvancilar-eylem-basbakanlik-tim-4--740x420.jpg\",\"datePublished\":\"2024-05-21T14:14:57+00:00\",\"author\":{\"@id\":\"https:\\\/\\\/kibrisdakik.com\\\/#\\\/schema\\\/person\\\/9cd9d437bbb44f72b73ba127e06d8e79\"},\"breadcrumb\":{\"@id\":\"https:\\\/\\\/kibrisdakik.com\\\/?p=42624#breadcrumb\"},\"inLanguage\":\"tr\",\"potentialAction\":[{\"@type\":\"ReadAction\",\"target\":[\"https:\\\/\\\/kibrisdakik.com\\\/?p=42624\"]}]},{\"@type\":\"ImageObject\",\"inLanguage\":\"tr\",\"@id\":\"https:\\\/\\\/kibrisdakik.com\\\/?p=42624#primaryimage\",\"url\":\"https:\\\/\\\/kibrisdakik.com\\\/wp-content\\\/uploads\\\/2024\\\/05\\\/hayvancilar-eylem-basbakanlik-tim-4--740x420.jpg\",\"contentUrl\":\"https:\\\/\\\/kibrisdakik.com\\\/wp-content\\\/uploads\\\/2024\\\/05\\\/hayvancilar-eylem-basbakanlik-tim-4--740x420.jpg\",\"width\":1654,\"height\":1104},{\"@type\":\"BreadcrumbList\",\"@id\":\"https:\\\/\\\/kibrisdakik.com\\\/?p=42624#breadcrumb\",\"itemListElement\":[{\"@type\":\"ListItem\",\"position\":1,\"name\":\"Home\",\"item\":\"https:\\\/\\\/kibrisdakik.com\\\/\"},{\"@type\":\"ListItem\",\"position\":2,\"name\":\"Hayvan \u00dcreticileri ve Yeti\u015ftiricileri Birli\u011fi eylem boyutunun de\u011fi\u015fece\u011fi uyar\u0131s\u0131nda bulundu\"}]},{\"@type\":\"WebSite\",\"@id\":\"https:\\\/\\\/kibrisdakik.com\\\/#website\",\"url\":\"https:\\\/\\\/kibrisdakik.com\\\/\",\"name\":\"\",\"description\":\"Tam vaktinde haber\",\"potentialAction\":[{\"@type\":\"SearchAction\",\"target\":{\"@type\":\"EntryPoint\",\"urlTemplate\":\"https:\\\/\\\/kibrisdakik.com\\\/?s={search_term_string}\"},\"query-input\":{\"@type\":\"PropertyValueSpecification\",\"valueRequired\":true,\"valueName\":\"search_term_string\"}}],\"inLanguage\":\"tr\"},{\"@type\":\"Person\",\"@id\":\"https:\\\/\\\/kibrisdakik.com\\\/#\\\/schema\\\/person\\\/9cd9d437bbb44f72b73ba127e06d8e79\",\"name\":\"admin\",\"image\":{\"@type\":\"ImageObject\",\"inLanguage\":\"tr\",\"@id\":\"https:\\\/\\\/secure.gravatar.com\\\/avatar\\\/ccc17943b9d660506c869530f897617f7cb1c21a4bf30023f252596d83e1f007?s=96&d=mm&r=g\",\"url\":\"https:\\\/\\\/secure.gravatar.com\\\/avatar\\\/ccc17943b9d660506c869530f897617f7cb1c21a4bf30023f252596d83e1f007?s=96&d=mm&r=g\",\"contentUrl\":\"https:\\\/\\\/secure.gravatar.com\\\/avatar\\\/ccc17943b9d660506c869530f897617f7cb1c21a4bf30023f252596d83e1f007?s=96&d=mm&r=g\",\"caption\":\"admin\"},\"sameAs\":[\"https:\\\/\\\/kibrisdakik.com\"],\"url\":\"https:\\\/\\\/kibrisdakik.com\\\/?author=1\"}]}<\/script>\n<!-- \/ Yoast SEO plugin. -->","yoast_head_json":{"title":"Hayvan \u00dcreticileri ve Yeti\u015ftiricileri Birli\u011fi eylem boyutunun de\u011fi\u015fece\u011fi uyar\u0131s\u0131nda bulundu -","robots":{"index":"index","follow":"follow","max-snippet":"max-snippet:-1","max-image-preview":"max-image-preview:large","max-video-preview":"max-video-preview:-1"},"canonical":"https:\/\/kibrisdakik.com\/?p=42624","og_locale":"tr_TR","og_type":"article","og_title":"Hayvan \u00dcreticileri ve Yeti\u015ftiricileri Birli\u011fi eylem boyutunun de\u011fi\u015fece\u011fi uyar\u0131s\u0131nda bulundu -","og_description":"Hayvan \u00dcreticileri ve Yeti\u015ftiricileri Birli\u011fi\u00a0Mustafa Naimo\u011fullar\u0131,\u00a0yar\u0131n, eylem boyutunun daha b\u00fcy\u00fck olaca\u011f\u0131 uyar\u0131s\u0131nda bulundu. Ana muhalefet Cumhuriyet\u00e7i T\u00fcrk Partisi (CTP) Genel Ba\u015fkan\u0131 Tufan Erh\u00fcrman, Toplumcu Demokrasi Partisi (TDP) \u00a0Genel Ba\u015fkan\u0131 Zeki \u00c7eler ve baz\u0131 parti vekilleri eylem yerine gelerek destek verdi. Naimo\u011fular\u0131, bug\u00fcn 15:00 s\u0131ralar\u0131nda Ba\u015fbakanl\u0131k \u00f6n\u00fcnde bas\u0131na yapt\u0131\u011f\u0131 a\u00e7\u0131klamada, bug\u00fcn tutuklanan 6 eylemciden ikisinin serbest","og_url":"https:\/\/kibrisdakik.com\/?p=42624","article_published_time":"2024-05-21T14:14:57+00:00","og_image":[{"width":1654,"height":1104,"url":"https:\/\/kibrisdakik.com\/wp-content\/uploads\/2024\/05\/hayvancilar-eylem-basbakanlik-tim-4--740x420.jpg","type":"image\/jpeg"}],"author":"admin","twitter_card":"summary_large_image","twitter_misc":{"Yazan:":"admin","Tahmini okuma s\u00fcresi":"3 dakika"},"schema":{"@context":"https:\/\/schema.org","@graph":[{"@type":"Article","@id":"https:\/\/kibrisdakik.com\/?p=42624#article","isPartOf":{"@id":"https:\/\/kibrisdakik.com\/?p=42624"},"author":{"name":"admin","@id":"https:\/\/kibrisdakik.com\/#\/schema\/person\/9cd9d437bbb44f72b73ba127e06d8e79"},"headline":"Hayvan \u00dcreticileri ve Yeti\u015ftiricileri Birli\u011fi eylem boyutunun de\u011fi\u015fece\u011fi uyar\u0131s\u0131nda bulundu","datePublished":"2024-05-21T14:14:57+00:00","mainEntityOfPage":{"@id":"https:\/\/kibrisdakik.com\/?p=42624"},"wordCount":677,"commentCount":0,"image":{"@id":"https:\/\/kibrisdakik.com\/?p=42624#primaryimage"},"thumbnailUrl":"https:\/\/kibrisdakik.com\/wp-content\/uploads\/2024\/05\/hayvancilar-eylem-basbakanlik-tim-4--740x420.jpg","articleSection":["G\u00fcndem"],"inLanguage":"tr","potentialAction":[{"@type":"CommentAction","name":"Comment","target":["https:\/\/kibrisdakik.com\/?p=42624#respond"]}]},{"@type":"WebPage","@id":"https:\/\/kibrisdakik.com\/?p=42624","url":"https:\/\/kibrisdakik.com\/?p=42624","name":"Hayvan \u00dcreticileri ve Yeti\u015ftiricileri Birli\u011fi eylem boyutunun de\u011fi\u015fece\u011fi uyar\u0131s\u0131nda bulundu -","isPartOf":{"@id":"https:\/\/kibrisdakik.com\/#website"},"primaryImageOfPage":{"@id":"https:\/\/kibrisdakik.com\/?p=42624#primaryimage"},"image":{"@id":"https:\/\/kibrisdakik.com\/?p=42624#primaryimage"},"thumbnailUrl":"https:\/\/kibrisdakik.com\/wp-content\/uploads\/2024\/05\/hayvancilar-eylem-basbakanlik-tim-4--740x420.jpg","datePublished":"2024-05-21T14:14:57+00:00","author":{"@id":"https:\/\/kibrisdakik.com\/#\/schema\/person\/9cd9d437bbb44f72b73ba127e06d8e79"},"breadcrumb":{"@id":"https:\/\/kibrisdakik.com\/?p=42624#breadcrumb"},"inLanguage":"tr","potentialAction":[{"@type":"ReadAction","target":["https:\/\/kibrisdakik.com\/?p=42624"]}]},{"@type":"ImageObject","inLanguage":"tr","@id":"https:\/\/kibrisdakik.com\/?p=42624#primaryimage","url":"https:\/\/kibrisdakik.com\/wp-content\/uploads\/2024\/05\/hayvancilar-eylem-basbakanlik-tim-4--740x420.jpg","contentUrl":"https:\/\/kibrisdakik.com\/wp-content\/uploads\/2024\/05\/hayvancilar-eylem-basbakanlik-tim-4--740x420.jpg","width":1654,"height":1104},{"@type":"BreadcrumbList","@id":"https:\/\/kibrisdakik.com\/?p=42624#breadcrumb","itemListElement":[{"@type":"ListItem","position":1,"name":"Home","item":"https:\/\/kibrisdakik.com\/"},{"@type":"ListItem","position":2,"name":"Hayvan \u00dcreticileri ve Yeti\u015ftiricileri Birli\u011fi eylem boyutunun de\u011fi\u015fece\u011fi uyar\u0131s\u0131nda bulundu"}]},{"@type":"WebSite","@id":"https:\/\/kibrisdakik.com\/#website","url":"https:\/\/kibrisdakik.com\/","name":"","description":"Tam vaktinde haber","potentialAction":[{"@type":"SearchAction","target":{"@type":"EntryPoint","urlTemplate":"https:\/\/kibrisdakik.com\/?s={search_term_string}"},"query-input":{"@type":"PropertyValueSpecification","valueRequired":true,"valueName":"search_term_string"}}],"inLanguage":"tr"},{"@type":"Person","@id":"https:\/\/kibrisdakik.com\/#\/schema\/person\/9cd9d437bbb44f72b73ba127e06d8e79","name":"admin","image":{"@type":"ImageObject","inLanguage":"tr","@id":"https:\/\/secure.gravatar.com\/avatar\/ccc17943b9d660506c869530f897617f7cb1c21a4bf30023f252596d83e1f007?s=96&d=mm&r=g","url":"https:\/\/secure.gravatar.com\/avatar\/ccc17943b9d660506c869530f897617f7cb1c21a4bf30023f252596d83e1f007?s=96&d=mm&r=g","contentUrl":"https:\/\/secure.gravatar.com\/avatar\/ccc17943b9d660506c869530f897617f7cb1c21a4bf30023f252596d83e1f007?s=96&d=mm&r=g","caption":"admin"},"sameAs":["https:\/\/kibrisdakik.com"],"url":"https:\/\/kibrisdakik.com\/?author=1"}]}},"_links":{"self":[{"href":"https:\/\/kibrisdakik.com\/index.php?rest_route=\/wp\/v2\/posts\/42624","targetHints":{"allow":["GET"]}}],"collection":[{"href":"https:\/\/kibrisdakik.com\/index.php?rest_route=\/wp\/v2\/posts"}],"about":[{"href":"https:\/\/kibrisdakik.com\/index.php?rest_route=\/wp\/v2\/types\/post"}],"author":[{"embeddable":true,"href":"https:\/\/kibrisdakik.com\/index.php?rest_route=\/wp\/v2\/users\/1"}],"replies":[{"embeddable":true,"href":"https:\/\/kibrisdakik.com\/index.php?rest_route=%2Fwp%2Fv2%2Fcomments&post=42624"}],"version-history":[{"count":0,"href":"https:\/\/kibrisdakik.com\/index.php?rest_route=\/wp\/v2\/posts\/42624\/revisions"}],"wp:featuredmedia":[{"embeddable":true,"href":"https:\/\/kibrisdakik.com\/index.php?rest_route=\/wp\/v2\/media\/42625"}],"wp:attachment":[{"href":"https:\/\/kibrisdakik.com\/index.php?rest_route=%2Fwp%2Fv2%2Fmedia&parent=42624"}],"wp:term":[{"taxonomy":"category","embeddable":true,"href":"https:\/\/kibrisdakik.com\/index.php?rest_route=%2Fwp%2Fv2%2Fcategories&post=42624"},{"taxonomy":"post_tag","embeddable":true,"href":"https:\/\/kibrisdakik.com\/index.php?rest_route=%2Fwp%2Fv2%2Ftags&post=42624"}],"curies":[{"name":"wp","href":"https:\/\/api.w.org\/{rel}","templated":true}]}}