{"id":4267,"date":"2023-03-30T17:55:53","date_gmt":"2023-03-30T17:55:53","guid":{"rendered":"https:\/\/kibrisdakik.com\/index.php\/2023\/03\/30\/iskele-gazimagusa-anayolunda-kaza\/"},"modified":"2023-03-30T17:55:53","modified_gmt":"2023-03-30T17:55:53","slug":"iskele-gazimagusa-anayolunda-kaza","status":"publish","type":"post","link":"https:\/\/kibrisdakik.com\/?p=4267","title":{"rendered":"\u0130skele-Gazima\u011fusa anayolunda kaza"},"content":{"rendered":"<p><\/p>\n<div>\n<div class=\"mariselle-image-container center\">\n                <img width=\"1214\" height=\"720\" class=\"lazy-image\" alt=\"\" decoding=\"async\" loading=\"lazy\" sizes=\"auto, (max-width: 1214px) 100vw, 1214px\" src=\"https:\/\/brtk.net\/wp-content\/uploads\/2023\/03\/30\/850c29ad-7965-49c9-8d97-f0e30e68b337.jpg?ver=f957bc9cae48cb7da94d297f96fe41a3\" srcset=\"https:\/\/brtk.net\/wp-content\/uploads\/2023\/03\/30\/850c29ad-7965-49c9-8d97-f0e30e68b337.jpg?ver=f957bc9cae48cb7da94d297f96fe41a3 1214w, https:\/\/brtk.net\/wp-content\/uploads\/2023\/03\/30\/850c29ad-7965-49c9-8d97-f0e30e68b337-300x178.jpg?ver=f957bc9cae48cb7da94d297f96fe41a3 300w, https:\/\/brtk.net\/wp-content\/uploads\/2023\/03\/30\/850c29ad-7965-49c9-8d97-f0e30e68b337-1024x607.jpg?ver=f957bc9cae48cb7da94d297f96fe41a3 1024w, https:\/\/brtk.net\/wp-content\/uploads\/2023\/03\/30\/850c29ad-7965-49c9-8d97-f0e30e68b337-768x455.jpg?ver=3d5ba0ea25c78631c3fb4253fc46910e 768w\"\/>                            <\/div>\n<p>Polis Bas\u0131n  Subayl\u0131\u011f\u0131\u2019ndan verilen bilgiye g\u00f6re bug\u00fcn saat 15:30 raddelerinde, \u0130skele-Gazima\u011fusa anayolu \u00fczerinde Salamis Otel \u00e7emberi \u00f6nlerinde, Mert AKG\u00dcL(E-27) y\u00f6netimindeki FY 320 plakal\u0131 arac\u0131 ile \u0130skele istikametinden gelerek Gazima\u011fusa istikametine do\u011fru Salamis Otel \u00c7emberini dikkatsizce d\u00f6nd\u00fc\u011f\u00fc esnada direksiyon hakimiyetini kaybetmesi sonucu yolun geli\u015f ve gidi\u015fini ikiye ay\u0131ran ref\u00fcje \u00e7\u0131k\u0131p arac\u0131n\u0131n \u00f6n k\u0131sm\u0131 ile bilgi ve y\u00f6n verici levhaya \u00e7arpm\u0131\u015ft\u0131r. <\/p>\n<p>Kaza sonucu  yaralanan olmad\u0131. <\/p>\n<p>Polisin kazayla ilgili soru\u015fturmas\u0131 devam etmektedir.<\/p>\n<p>PGM\/<a href=\"https:\/\/brtk.net\/\">BRT<\/a><\/p>\n<\/p><\/div>\n<p><script async\n                    defer\n                    crossorigin=\"anonymous\"\n                    src=\"https:\/\/connect.facebook.net\/tr_TR\/sdk.js#xfbml=1&#038;version=v3.3\"\n            ><\/script><\/p>\n","protected":false},"excerpt":{"rendered":"<p>Polis Bas\u0131n Subayl\u0131\u011f\u0131\u2019ndan verilen bilgiye g\u00f6re bug\u00fcn saat 15:30 raddelerinde, \u0130skele-Gazima\u011fusa anayolu \u00fczerinde Salamis Otel \u00e7emberi \u00f6nlerinde, Mert AKG\u00dcL(E-27) y\u00f6netimindeki FY 320 plakal\u0131 arac\u0131 ile \u0130skele istikametinden gelerek Gazima\u011fusa istikametine do\u011fru Salamis Otel \u00c7emberini dikkatsizce d\u00f6nd\u00fc\u011f\u00fc esnada direksiyon hakimiyetini kaybetmesi sonucu yolun geli\u015f ve gidi\u015fini ikiye ay\u0131ran ref\u00fcje \u00e7\u0131k\u0131p arac\u0131n\u0131n \u00f6n k\u0131sm\u0131 ile bilgi ve<\/p>\n","protected":false},"author":1,"featured_media":4268,"comment_status":"open","ping_status":"open","sticky":false,"template":"","format":"standard","meta":{"footnotes":""},"categories":[1],"tags":[],"class_list":["post-4267","post","type-post","status-publish","format-standard","has-post-thumbnail","hentry","category-gundem"],"yoast_head":"<!-- This site is optimized with the Yoast SEO plugin v27.4 - https:\/\/yoast.com\/product\/yoast-seo-wordpress\/ -->\n<title>\u0130skele-Gazima\u011fusa anayolunda kaza -<\/title>\n<meta name=\"robots\" content=\"index, follow, max-snippet:-1, max-image-preview:large, max-video-preview:-1\" \/>\n<link rel=\"canonical\" href=\"https:\/\/kibrisdakik.com\/?p=4267\" \/>\n<meta property=\"og:locale\" content=\"tr_TR\" \/>\n<meta property=\"og:type\" content=\"article\" \/>\n<meta property=\"og:title\" content=\"\u0130skele-Gazima\u011fusa anayolunda kaza -\" \/>\n<meta property=\"og:description\" content=\"Polis Bas\u0131n Subayl\u0131\u011f\u0131\u2019ndan verilen bilgiye g\u00f6re bug\u00fcn saat 15:30 raddelerinde, \u0130skele-Gazima\u011fusa anayolu \u00fczerinde Salamis Otel \u00e7emberi \u00f6nlerinde, Mert AKG\u00dcL(E-27) y\u00f6netimindeki FY 320 plakal\u0131 arac\u0131 ile \u0130skele istikametinden gelerek Gazima\u011fusa istikametine do\u011fru Salamis Otel \u00c7emberini dikkatsizce d\u00f6nd\u00fc\u011f\u00fc esnada direksiyon hakimiyetini kaybetmesi sonucu yolun geli\u015f ve gidi\u015fini ikiye ay\u0131ran ref\u00fcje \u00e7\u0131k\u0131p arac\u0131n\u0131n \u00f6n k\u0131sm\u0131 ile bilgi ve\" \/>\n<meta property=\"og:url\" content=\"https:\/\/kibrisdakik.com\/?p=4267\" \/>\n<meta property=\"article:published_time\" content=\"2023-03-30T17:55:53+00:00\" \/>\n<meta property=\"og:image\" content=\"https:\/\/kibrisdakik.com\/wp-content\/uploads\/2023\/03\/850c29ad-7965-49c9-8d97-f0e30e68b337-740x420.jpg\" \/>\n\t<meta property=\"og:image:width\" content=\"1214\" \/>\n\t<meta property=\"og:image:height\" content=\"720\" \/>\n\t<meta property=\"og:image:type\" content=\"image\/jpeg\" \/>\n<meta name=\"author\" content=\"admin\" \/>\n<meta name=\"twitter:card\" content=\"summary_large_image\" \/>\n<meta name=\"twitter:label1\" content=\"Yazan:\" \/>\n\t<meta name=\"twitter:data1\" content=\"admin\" \/>\n<script type=\"application\/ld+json\" class=\"yoast-schema-graph\">{\"@context\":\"https:\\\/\\\/schema.org\",\"@graph\":[{\"@type\":\"Article\",\"@id\":\"https:\\\/\\\/kibrisdakik.com\\\/?p=4267#article\",\"isPartOf\":{\"@id\":\"https:\\\/\\\/kibrisdakik.com\\\/?p=4267\"},\"author\":{\"name\":\"admin\",\"@id\":\"https:\\\/\\\/kibrisdakik.com\\\/#\\\/schema\\\/person\\\/9cd9d437bbb44f72b73ba127e06d8e79\"},\"headline\":\"\u0130skele-Gazima\u011fusa anayolunda kaza\",\"datePublished\":\"2023-03-30T17:55:53+00:00\",\"mainEntityOfPage\":{\"@id\":\"https:\\\/\\\/kibrisdakik.com\\\/?p=4267\"},\"wordCount\":95,\"commentCount\":0,\"image\":{\"@id\":\"https:\\\/\\\/kibrisdakik.com\\\/?p=4267#primaryimage\"},\"thumbnailUrl\":\"https:\\\/\\\/kibrisdakik.com\\\/wp-content\\\/uploads\\\/2023\\\/03\\\/850c29ad-7965-49c9-8d97-f0e30e68b337-740x420.jpg\",\"articleSection\":[\"G\u00fcndem\"],\"inLanguage\":\"tr\",\"potentialAction\":[{\"@type\":\"CommentAction\",\"name\":\"Comment\",\"target\":[\"https:\\\/\\\/kibrisdakik.com\\\/?p=4267#respond\"]}]},{\"@type\":\"WebPage\",\"@id\":\"https:\\\/\\\/kibrisdakik.com\\\/?p=4267\",\"url\":\"https:\\\/\\\/kibrisdakik.com\\\/?p=4267\",\"name\":\"\u0130skele-Gazima\u011fusa anayolunda kaza -\",\"isPartOf\":{\"@id\":\"https:\\\/\\\/kibrisdakik.com\\\/#website\"},\"primaryImageOfPage\":{\"@id\":\"https:\\\/\\\/kibrisdakik.com\\\/?p=4267#primaryimage\"},\"image\":{\"@id\":\"https:\\\/\\\/kibrisdakik.com\\\/?p=4267#primaryimage\"},\"thumbnailUrl\":\"https:\\\/\\\/kibrisdakik.com\\\/wp-content\\\/uploads\\\/2023\\\/03\\\/850c29ad-7965-49c9-8d97-f0e30e68b337-740x420.jpg\",\"datePublished\":\"2023-03-30T17:55:53+00:00\",\"author\":{\"@id\":\"https:\\\/\\\/kibrisdakik.com\\\/#\\\/schema\\\/person\\\/9cd9d437bbb44f72b73ba127e06d8e79\"},\"breadcrumb\":{\"@id\":\"https:\\\/\\\/kibrisdakik.com\\\/?p=4267#breadcrumb\"},\"inLanguage\":\"tr\",\"potentialAction\":[{\"@type\":\"ReadAction\",\"target\":[\"https:\\\/\\\/kibrisdakik.com\\\/?p=4267\"]}]},{\"@type\":\"ImageObject\",\"inLanguage\":\"tr\",\"@id\":\"https:\\\/\\\/kibrisdakik.com\\\/?p=4267#primaryimage\",\"url\":\"https:\\\/\\\/kibrisdakik.com\\\/wp-content\\\/uploads\\\/2023\\\/03\\\/850c29ad-7965-49c9-8d97-f0e30e68b337-740x420.jpg\",\"contentUrl\":\"https:\\\/\\\/kibrisdakik.com\\\/wp-content\\\/uploads\\\/2023\\\/03\\\/850c29ad-7965-49c9-8d97-f0e30e68b337-740x420.jpg\",\"width\":1214,\"height\":720},{\"@type\":\"BreadcrumbList\",\"@id\":\"https:\\\/\\\/kibrisdakik.com\\\/?p=4267#breadcrumb\",\"itemListElement\":[{\"@type\":\"ListItem\",\"position\":1,\"name\":\"Home\",\"item\":\"https:\\\/\\\/kibrisdakik.com\\\/\"},{\"@type\":\"ListItem\",\"position\":2,\"name\":\"\u0130skele-Gazima\u011fusa anayolunda kaza\"}]},{\"@type\":\"WebSite\",\"@id\":\"https:\\\/\\\/kibrisdakik.com\\\/#website\",\"url\":\"https:\\\/\\\/kibrisdakik.com\\\/\",\"name\":\"\",\"description\":\"Tam vaktinde haber\",\"potentialAction\":[{\"@type\":\"SearchAction\",\"target\":{\"@type\":\"EntryPoint\",\"urlTemplate\":\"https:\\\/\\\/kibrisdakik.com\\\/?s={search_term_string}\"},\"query-input\":{\"@type\":\"PropertyValueSpecification\",\"valueRequired\":true,\"valueName\":\"search_term_string\"}}],\"inLanguage\":\"tr\"},{\"@type\":\"Person\",\"@id\":\"https:\\\/\\\/kibrisdakik.com\\\/#\\\/schema\\\/person\\\/9cd9d437bbb44f72b73ba127e06d8e79\",\"name\":\"admin\",\"image\":{\"@type\":\"ImageObject\",\"inLanguage\":\"tr\",\"@id\":\"https:\\\/\\\/secure.gravatar.com\\\/avatar\\\/ccc17943b9d660506c869530f897617f7cb1c21a4bf30023f252596d83e1f007?s=96&d=mm&r=g\",\"url\":\"https:\\\/\\\/secure.gravatar.com\\\/avatar\\\/ccc17943b9d660506c869530f897617f7cb1c21a4bf30023f252596d83e1f007?s=96&d=mm&r=g\",\"contentUrl\":\"https:\\\/\\\/secure.gravatar.com\\\/avatar\\\/ccc17943b9d660506c869530f897617f7cb1c21a4bf30023f252596d83e1f007?s=96&d=mm&r=g\",\"caption\":\"admin\"},\"sameAs\":[\"https:\\\/\\\/kibrisdakik.com\"],\"url\":\"https:\\\/\\\/kibrisdakik.com\\\/?author=1\"}]}<\/script>\n<!-- \/ Yoast SEO plugin. -->","yoast_head_json":{"title":"\u0130skele-Gazima\u011fusa anayolunda kaza -","robots":{"index":"index","follow":"follow","max-snippet":"max-snippet:-1","max-image-preview":"max-image-preview:large","max-video-preview":"max-video-preview:-1"},"canonical":"https:\/\/kibrisdakik.com\/?p=4267","og_locale":"tr_TR","og_type":"article","og_title":"\u0130skele-Gazima\u011fusa anayolunda kaza -","og_description":"Polis Bas\u0131n Subayl\u0131\u011f\u0131\u2019ndan verilen bilgiye g\u00f6re bug\u00fcn saat 15:30 raddelerinde, \u0130skele-Gazima\u011fusa anayolu \u00fczerinde Salamis Otel \u00e7emberi \u00f6nlerinde, Mert AKG\u00dcL(E-27) y\u00f6netimindeki FY 320 plakal\u0131 arac\u0131 ile \u0130skele istikametinden gelerek Gazima\u011fusa istikametine do\u011fru Salamis Otel \u00c7emberini dikkatsizce d\u00f6nd\u00fc\u011f\u00fc esnada direksiyon hakimiyetini kaybetmesi sonucu yolun geli\u015f ve gidi\u015fini ikiye ay\u0131ran ref\u00fcje \u00e7\u0131k\u0131p arac\u0131n\u0131n \u00f6n k\u0131sm\u0131 ile bilgi ve","og_url":"https:\/\/kibrisdakik.com\/?p=4267","article_published_time":"2023-03-30T17:55:53+00:00","og_image":[{"width":1214,"height":720,"url":"https:\/\/kibrisdakik.com\/wp-content\/uploads\/2023\/03\/850c29ad-7965-49c9-8d97-f0e30e68b337-740x420.jpg","type":"image\/jpeg"}],"author":"admin","twitter_card":"summary_large_image","twitter_misc":{"Yazan:":"admin"},"schema":{"@context":"https:\/\/schema.org","@graph":[{"@type":"Article","@id":"https:\/\/kibrisdakik.com\/?p=4267#article","isPartOf":{"@id":"https:\/\/kibrisdakik.com\/?p=4267"},"author":{"name":"admin","@id":"https:\/\/kibrisdakik.com\/#\/schema\/person\/9cd9d437bbb44f72b73ba127e06d8e79"},"headline":"\u0130skele-Gazima\u011fusa anayolunda kaza","datePublished":"2023-03-30T17:55:53+00:00","mainEntityOfPage":{"@id":"https:\/\/kibrisdakik.com\/?p=4267"},"wordCount":95,"commentCount":0,"image":{"@id":"https:\/\/kibrisdakik.com\/?p=4267#primaryimage"},"thumbnailUrl":"https:\/\/kibrisdakik.com\/wp-content\/uploads\/2023\/03\/850c29ad-7965-49c9-8d97-f0e30e68b337-740x420.jpg","articleSection":["G\u00fcndem"],"inLanguage":"tr","potentialAction":[{"@type":"CommentAction","name":"Comment","target":["https:\/\/kibrisdakik.com\/?p=4267#respond"]}]},{"@type":"WebPage","@id":"https:\/\/kibrisdakik.com\/?p=4267","url":"https:\/\/kibrisdakik.com\/?p=4267","name":"\u0130skele-Gazima\u011fusa anayolunda kaza -","isPartOf":{"@id":"https:\/\/kibrisdakik.com\/#website"},"primaryImageOfPage":{"@id":"https:\/\/kibrisdakik.com\/?p=4267#primaryimage"},"image":{"@id":"https:\/\/kibrisdakik.com\/?p=4267#primaryimage"},"thumbnailUrl":"https:\/\/kibrisdakik.com\/wp-content\/uploads\/2023\/03\/850c29ad-7965-49c9-8d97-f0e30e68b337-740x420.jpg","datePublished":"2023-03-30T17:55:53+00:00","author":{"@id":"https:\/\/kibrisdakik.com\/#\/schema\/person\/9cd9d437bbb44f72b73ba127e06d8e79"},"breadcrumb":{"@id":"https:\/\/kibrisdakik.com\/?p=4267#breadcrumb"},"inLanguage":"tr","potentialAction":[{"@type":"ReadAction","target":["https:\/\/kibrisdakik.com\/?p=4267"]}]},{"@type":"ImageObject","inLanguage":"tr","@id":"https:\/\/kibrisdakik.com\/?p=4267#primaryimage","url":"https:\/\/kibrisdakik.com\/wp-content\/uploads\/2023\/03\/850c29ad-7965-49c9-8d97-f0e30e68b337-740x420.jpg","contentUrl":"https:\/\/kibrisdakik.com\/wp-content\/uploads\/2023\/03\/850c29ad-7965-49c9-8d97-f0e30e68b337-740x420.jpg","width":1214,"height":720},{"@type":"BreadcrumbList","@id":"https:\/\/kibrisdakik.com\/?p=4267#breadcrumb","itemListElement":[{"@type":"ListItem","position":1,"name":"Home","item":"https:\/\/kibrisdakik.com\/"},{"@type":"ListItem","position":2,"name":"\u0130skele-Gazima\u011fusa anayolunda kaza"}]},{"@type":"WebSite","@id":"https:\/\/kibrisdakik.com\/#website","url":"https:\/\/kibrisdakik.com\/","name":"","description":"Tam vaktinde haber","potentialAction":[{"@type":"SearchAction","target":{"@type":"EntryPoint","urlTemplate":"https:\/\/kibrisdakik.com\/?s={search_term_string}"},"query-input":{"@type":"PropertyValueSpecification","valueRequired":true,"valueName":"search_term_string"}}],"inLanguage":"tr"},{"@type":"Person","@id":"https:\/\/kibrisdakik.com\/#\/schema\/person\/9cd9d437bbb44f72b73ba127e06d8e79","name":"admin","image":{"@type":"ImageObject","inLanguage":"tr","@id":"https:\/\/secure.gravatar.com\/avatar\/ccc17943b9d660506c869530f897617f7cb1c21a4bf30023f252596d83e1f007?s=96&d=mm&r=g","url":"https:\/\/secure.gravatar.com\/avatar\/ccc17943b9d660506c869530f897617f7cb1c21a4bf30023f252596d83e1f007?s=96&d=mm&r=g","contentUrl":"https:\/\/secure.gravatar.com\/avatar\/ccc17943b9d660506c869530f897617f7cb1c21a4bf30023f252596d83e1f007?s=96&d=mm&r=g","caption":"admin"},"sameAs":["https:\/\/kibrisdakik.com"],"url":"https:\/\/kibrisdakik.com\/?author=1"}]}},"_links":{"self":[{"href":"https:\/\/kibrisdakik.com\/index.php?rest_route=\/wp\/v2\/posts\/4267","targetHints":{"allow":["GET"]}}],"collection":[{"href":"https:\/\/kibrisdakik.com\/index.php?rest_route=\/wp\/v2\/posts"}],"about":[{"href":"https:\/\/kibrisdakik.com\/index.php?rest_route=\/wp\/v2\/types\/post"}],"author":[{"embeddable":true,"href":"https:\/\/kibrisdakik.com\/index.php?rest_route=\/wp\/v2\/users\/1"}],"replies":[{"embeddable":true,"href":"https:\/\/kibrisdakik.com\/index.php?rest_route=%2Fwp%2Fv2%2Fcomments&post=4267"}],"version-history":[{"count":0,"href":"https:\/\/kibrisdakik.com\/index.php?rest_route=\/wp\/v2\/posts\/4267\/revisions"}],"wp:featuredmedia":[{"embeddable":true,"href":"https:\/\/kibrisdakik.com\/index.php?rest_route=\/wp\/v2\/media\/4268"}],"wp:attachment":[{"href":"https:\/\/kibrisdakik.com\/index.php?rest_route=%2Fwp%2Fv2%2Fmedia&parent=4267"}],"wp:term":[{"taxonomy":"category","embeddable":true,"href":"https:\/\/kibrisdakik.com\/index.php?rest_route=%2Fwp%2Fv2%2Fcategories&post=4267"},{"taxonomy":"post_tag","embeddable":true,"href":"https:\/\/kibrisdakik.com\/index.php?rest_route=%2Fwp%2Fv2%2Ftags&post=4267"}],"curies":[{"name":"wp","href":"https:\/\/api.w.org\/{rel}","templated":true}]}}