{"id":42787,"date":"2024-05-22T16:46:46","date_gmt":"2024-05-22T16:46:46","guid":{"rendered":"https:\/\/kibrisdakik.com\/index.php\/2024\/05\/22\/sehit-aileleri-ve-malul-gaziler-dernegi-heyeti-azerbaycanda-temaslarda-bulunuyor-2\/"},"modified":"2024-05-22T16:46:46","modified_gmt":"2024-05-22T16:46:46","slug":"sehit-aileleri-ve-malul-gaziler-dernegi-heyeti-azerbaycanda-temaslarda-bulunuyor-2","status":"publish","type":"post","link":"https:\/\/kibrisdakik.com\/?p=42787","title":{"rendered":"\u015eehit Aileleri ve Mal\u00fcl Gaziler Derne\u011fi heyeti, Azerbaycan\u2019da temaslarda bulunuyor"},"content":{"rendered":"<p><\/p>\n<div>\n<div class=\"mariselle-image-container center\">\n                <img loading=\"lazy\" decoding=\"async\" width=\"1264\" height=\"1130\" class=\"lazy-image\" alt=\"\" sizes=\"auto, (max-width: 1264px) 100vw, 1264px\" src=\"https:\/\/brtk.net\/wp-content\/uploads\/2024\/05\/22\/baku-12.jpg?ver=f4b7da49ff05c8b978e0835b231a80c3\" srcset=\"https:\/\/brtk.net\/wp-content\/uploads\/2024\/05\/22\/baku-12.jpg?ver=f4b7da49ff05c8b978e0835b231a80c3 1264w, https:\/\/brtk.net\/wp-content\/uploads\/2024\/05\/22\/baku-12-300x268.jpg?ver=e739f7abaefb6f006c3cf154fe0ce066 300w, https:\/\/brtk.net\/wp-content\/uploads\/2024\/05\/22\/baku-12-1024x915.jpg?ver=e739f7abaefb6f006c3cf154fe0ce066 1024w, https:\/\/brtk.net\/wp-content\/uploads\/2024\/05\/22\/baku-12-768x687.jpg?ver=e739f7abaefb6f006c3cf154fe0ce066 768w\"\/>                            <\/div>\n<p>\u015eehit Aileleri ve Mal\u00fcl Gaziler Derne\u011fi, Azerbaycan\u2019a ger\u00e7ekle\u015ftirdikleri ziyaret kapsam\u0131nda Azerbaycan Cumhuriyeti Sivil Toplum Kurulu\u015flar\u0131na Destek Ajans\u0131\u2019n\u0131, Azerbaycan\u2019\u0131n ulusal lideri Haydar Aliyev\u2019in mezar\u0131n\u0131, Azerbaycan \u015eehitli\u011fi ve Bak\u00fc \u015eehitli\u011fi\u2019ni ziyaret etti.<\/p>\n<p>Bak\u00fc\u2019deki ziyaret s\u0131ras\u0131nda \u015eehit Aileleri ve Mal\u00fcl Gaziler Derne\u011fi Ba\u015fkan\u0131 G\u00fcrsel Benan, muhataplar\u0131na \u201c\u015eehitler \u00d6lmez Alb\u00fcm\u00fc\u201dn\u00fc takdim etti.<\/p>\n<p>Azerbaycan Cumhurba\u015fkan\u0131 \u0130lham Aliyev\u2019in \u00f6zel davetiyle ger\u00e7ekle\u015fen ziyaret, T\u00fcrk Devletleri Te\u015fkilat\u0131 \u00e7er\u00e7evesinde T\u00fcrk d\u00fcnyas\u0131n\u0131n \u015fehit aileleri aras\u0131nda ili\u015fkilerin ve birli\u011fin g\u00fc\u00e7lendirilmesini, ortak de\u011ferlerin tan\u0131t\u0131lmas\u0131n\u0131, Azerbaycan ve Kuzey K\u0131br\u0131s T\u00fcrk Cumhuriyeti aras\u0131ndaki ili\u015fkilerinin her alanda daha da geli\u015ftirilmesini ama\u00e7l\u0131yo<\/p>\n<\/p><\/div>\n<p><script async\n                    defer\n                    crossorigin=\"anonymous\"\n                    src=\"https:\/\/connect.facebook.net\/tr_TR\/sdk.js#xfbml=1&#038;version=v3.3\"\n            ><\/script><\/p>\n","protected":false},"excerpt":{"rendered":"<p>\u015eehit Aileleri ve Mal\u00fcl Gaziler Derne\u011fi, Azerbaycan\u2019a ger\u00e7ekle\u015ftirdikleri ziyaret kapsam\u0131nda Azerbaycan Cumhuriyeti Sivil Toplum Kurulu\u015flar\u0131na Destek Ajans\u0131\u2019n\u0131, Azerbaycan\u2019\u0131n ulusal lideri Haydar Aliyev\u2019in mezar\u0131n\u0131, Azerbaycan \u015eehitli\u011fi ve Bak\u00fc \u015eehitli\u011fi\u2019ni ziyaret etti. Bak\u00fc\u2019deki ziyaret s\u0131ras\u0131nda \u015eehit Aileleri ve Mal\u00fcl Gaziler Derne\u011fi Ba\u015fkan\u0131 G\u00fcrsel Benan, muhataplar\u0131na \u201c\u015eehitler \u00d6lmez Alb\u00fcm\u00fc\u201dn\u00fc takdim etti. Azerbaycan Cumhurba\u015fkan\u0131 \u0130lham Aliyev\u2019in \u00f6zel davetiyle ger\u00e7ekle\u015fen<\/p>\n","protected":false},"author":1,"featured_media":42788,"comment_status":"open","ping_status":"open","sticky":false,"template":"","format":"standard","meta":{"footnotes":""},"categories":[1],"tags":[],"class_list":["post-42787","post","type-post","status-publish","format-standard","has-post-thumbnail","hentry","category-gundem"],"yoast_head":"<!-- This site is optimized with the Yoast SEO plugin v27.5 - https:\/\/yoast.com\/product\/yoast-seo-wordpress\/ -->\n<title>\u015eehit Aileleri ve Mal\u00fcl Gaziler Derne\u011fi heyeti, Azerbaycan\u2019da temaslarda bulunuyor -<\/title>\n<meta name=\"robots\" content=\"index, follow, max-snippet:-1, max-image-preview:large, max-video-preview:-1\" \/>\n<link rel=\"canonical\" href=\"https:\/\/kibrisdakik.com\/?p=42787\" \/>\n<meta property=\"og:locale\" content=\"tr_TR\" \/>\n<meta property=\"og:type\" content=\"article\" \/>\n<meta property=\"og:title\" content=\"\u015eehit Aileleri ve Mal\u00fcl Gaziler Derne\u011fi heyeti, Azerbaycan\u2019da temaslarda bulunuyor -\" \/>\n<meta property=\"og:description\" content=\"\u015eehit Aileleri ve Mal\u00fcl Gaziler Derne\u011fi, Azerbaycan\u2019a ger\u00e7ekle\u015ftirdikleri ziyaret kapsam\u0131nda Azerbaycan Cumhuriyeti Sivil Toplum Kurulu\u015flar\u0131na Destek Ajans\u0131\u2019n\u0131, Azerbaycan\u2019\u0131n ulusal lideri Haydar Aliyev\u2019in mezar\u0131n\u0131, Azerbaycan \u015eehitli\u011fi ve Bak\u00fc \u015eehitli\u011fi\u2019ni ziyaret etti. Bak\u00fc\u2019deki ziyaret s\u0131ras\u0131nda \u015eehit Aileleri ve Mal\u00fcl Gaziler Derne\u011fi Ba\u015fkan\u0131 G\u00fcrsel Benan, muhataplar\u0131na \u201c\u015eehitler \u00d6lmez Alb\u00fcm\u00fc\u201dn\u00fc takdim etti. Azerbaycan Cumhurba\u015fkan\u0131 \u0130lham Aliyev\u2019in \u00f6zel davetiyle ger\u00e7ekle\u015fen\" \/>\n<meta property=\"og:url\" content=\"https:\/\/kibrisdakik.com\/?p=42787\" \/>\n<meta property=\"article:published_time\" content=\"2024-05-22T16:46:46+00:00\" \/>\n<meta property=\"og:image\" content=\"https:\/\/kibrisdakik.com\/wp-content\/uploads\/2024\/05\/baku-12-740x420.jpg\" \/>\n\t<meta property=\"og:image:width\" content=\"1264\" \/>\n\t<meta property=\"og:image:height\" content=\"1130\" \/>\n\t<meta property=\"og:image:type\" content=\"image\/jpeg\" \/>\n<meta name=\"author\" content=\"admin\" \/>\n<meta name=\"twitter:card\" content=\"summary_large_image\" \/>\n<meta name=\"twitter:label1\" content=\"Yazan:\" \/>\n\t<meta name=\"twitter:data1\" content=\"admin\" \/>\n\t<meta name=\"twitter:label2\" content=\"Tahmini okuma s\u00fcresi\" \/>\n\t<meta name=\"twitter:data2\" content=\"1 dakika\" \/>\n<script type=\"application\/ld+json\" class=\"yoast-schema-graph\">{\"@context\":\"https:\\\/\\\/schema.org\",\"@graph\":[{\"@type\":\"Article\",\"@id\":\"https:\\\/\\\/kibrisdakik.com\\\/?p=42787#article\",\"isPartOf\":{\"@id\":\"https:\\\/\\\/kibrisdakik.com\\\/?p=42787\"},\"author\":{\"name\":\"admin\",\"@id\":\"https:\\\/\\\/kibrisdakik.com\\\/#\\\/schema\\\/person\\\/9cd9d437bbb44f72b73ba127e06d8e79\"},\"headline\":\"\u015eehit Aileleri ve Mal\u00fcl Gaziler Derne\u011fi heyeti, Azerbaycan\u2019da temaslarda bulunuyor\",\"datePublished\":\"2024-05-22T16:46:46+00:00\",\"mainEntityOfPage\":{\"@id\":\"https:\\\/\\\/kibrisdakik.com\\\/?p=42787\"},\"wordCount\":151,\"commentCount\":0,\"image\":{\"@id\":\"https:\\\/\\\/kibrisdakik.com\\\/?p=42787#primaryimage\"},\"thumbnailUrl\":\"https:\\\/\\\/kibrisdakik.com\\\/wp-content\\\/uploads\\\/2024\\\/05\\\/baku-12-740x420.jpg\",\"articleSection\":[\"G\u00fcndem\"],\"inLanguage\":\"tr\",\"potentialAction\":[{\"@type\":\"CommentAction\",\"name\":\"Comment\",\"target\":[\"https:\\\/\\\/kibrisdakik.com\\\/?p=42787#respond\"]}]},{\"@type\":\"WebPage\",\"@id\":\"https:\\\/\\\/kibrisdakik.com\\\/?p=42787\",\"url\":\"https:\\\/\\\/kibrisdakik.com\\\/?p=42787\",\"name\":\"\u015eehit Aileleri ve Mal\u00fcl Gaziler Derne\u011fi heyeti, Azerbaycan\u2019da temaslarda bulunuyor -\",\"isPartOf\":{\"@id\":\"https:\\\/\\\/kibrisdakik.com\\\/#website\"},\"primaryImageOfPage\":{\"@id\":\"https:\\\/\\\/kibrisdakik.com\\\/?p=42787#primaryimage\"},\"image\":{\"@id\":\"https:\\\/\\\/kibrisdakik.com\\\/?p=42787#primaryimage\"},\"thumbnailUrl\":\"https:\\\/\\\/kibrisdakik.com\\\/wp-content\\\/uploads\\\/2024\\\/05\\\/baku-12-740x420.jpg\",\"datePublished\":\"2024-05-22T16:46:46+00:00\",\"author\":{\"@id\":\"https:\\\/\\\/kibrisdakik.com\\\/#\\\/schema\\\/person\\\/9cd9d437bbb44f72b73ba127e06d8e79\"},\"breadcrumb\":{\"@id\":\"https:\\\/\\\/kibrisdakik.com\\\/?p=42787#breadcrumb\"},\"inLanguage\":\"tr\",\"potentialAction\":[{\"@type\":\"ReadAction\",\"target\":[\"https:\\\/\\\/kibrisdakik.com\\\/?p=42787\"]}]},{\"@type\":\"ImageObject\",\"inLanguage\":\"tr\",\"@id\":\"https:\\\/\\\/kibrisdakik.com\\\/?p=42787#primaryimage\",\"url\":\"https:\\\/\\\/kibrisdakik.com\\\/wp-content\\\/uploads\\\/2024\\\/05\\\/baku-12-740x420.jpg\",\"contentUrl\":\"https:\\\/\\\/kibrisdakik.com\\\/wp-content\\\/uploads\\\/2024\\\/05\\\/baku-12-740x420.jpg\",\"width\":1264,\"height\":1130},{\"@type\":\"BreadcrumbList\",\"@id\":\"https:\\\/\\\/kibrisdakik.com\\\/?p=42787#breadcrumb\",\"itemListElement\":[{\"@type\":\"ListItem\",\"position\":1,\"name\":\"Home\",\"item\":\"https:\\\/\\\/kibrisdakik.com\\\/\"},{\"@type\":\"ListItem\",\"position\":2,\"name\":\"\u015eehit Aileleri ve Mal\u00fcl Gaziler Derne\u011fi heyeti, Azerbaycan\u2019da temaslarda bulunuyor\"}]},{\"@type\":\"WebSite\",\"@id\":\"https:\\\/\\\/kibrisdakik.com\\\/#website\",\"url\":\"https:\\\/\\\/kibrisdakik.com\\\/\",\"name\":\"\",\"description\":\"Tam vaktinde haber\",\"potentialAction\":[{\"@type\":\"SearchAction\",\"target\":{\"@type\":\"EntryPoint\",\"urlTemplate\":\"https:\\\/\\\/kibrisdakik.com\\\/?s={search_term_string}\"},\"query-input\":{\"@type\":\"PropertyValueSpecification\",\"valueRequired\":true,\"valueName\":\"search_term_string\"}}],\"inLanguage\":\"tr\"},{\"@type\":\"Person\",\"@id\":\"https:\\\/\\\/kibrisdakik.com\\\/#\\\/schema\\\/person\\\/9cd9d437bbb44f72b73ba127e06d8e79\",\"name\":\"admin\",\"image\":{\"@type\":\"ImageObject\",\"inLanguage\":\"tr\",\"@id\":\"https:\\\/\\\/secure.gravatar.com\\\/avatar\\\/ccc17943b9d660506c869530f897617f7cb1c21a4bf30023f252596d83e1f007?s=96&d=mm&r=g\",\"url\":\"https:\\\/\\\/secure.gravatar.com\\\/avatar\\\/ccc17943b9d660506c869530f897617f7cb1c21a4bf30023f252596d83e1f007?s=96&d=mm&r=g\",\"contentUrl\":\"https:\\\/\\\/secure.gravatar.com\\\/avatar\\\/ccc17943b9d660506c869530f897617f7cb1c21a4bf30023f252596d83e1f007?s=96&d=mm&r=g\",\"caption\":\"admin\"},\"sameAs\":[\"https:\\\/\\\/kibrisdakik.com\"],\"url\":\"https:\\\/\\\/kibrisdakik.com\\\/?author=1\"}]}<\/script>\n<!-- \/ Yoast SEO plugin. -->","yoast_head_json":{"title":"\u015eehit Aileleri ve Mal\u00fcl Gaziler Derne\u011fi heyeti, Azerbaycan\u2019da temaslarda bulunuyor -","robots":{"index":"index","follow":"follow","max-snippet":"max-snippet:-1","max-image-preview":"max-image-preview:large","max-video-preview":"max-video-preview:-1"},"canonical":"https:\/\/kibrisdakik.com\/?p=42787","og_locale":"tr_TR","og_type":"article","og_title":"\u015eehit Aileleri ve Mal\u00fcl Gaziler Derne\u011fi heyeti, Azerbaycan\u2019da temaslarda bulunuyor -","og_description":"\u015eehit Aileleri ve Mal\u00fcl Gaziler Derne\u011fi, Azerbaycan\u2019a ger\u00e7ekle\u015ftirdikleri ziyaret kapsam\u0131nda Azerbaycan Cumhuriyeti Sivil Toplum Kurulu\u015flar\u0131na Destek Ajans\u0131\u2019n\u0131, Azerbaycan\u2019\u0131n ulusal lideri Haydar Aliyev\u2019in mezar\u0131n\u0131, Azerbaycan \u015eehitli\u011fi ve Bak\u00fc \u015eehitli\u011fi\u2019ni ziyaret etti. Bak\u00fc\u2019deki ziyaret s\u0131ras\u0131nda \u015eehit Aileleri ve Mal\u00fcl Gaziler Derne\u011fi Ba\u015fkan\u0131 G\u00fcrsel Benan, muhataplar\u0131na \u201c\u015eehitler \u00d6lmez Alb\u00fcm\u00fc\u201dn\u00fc takdim etti. Azerbaycan Cumhurba\u015fkan\u0131 \u0130lham Aliyev\u2019in \u00f6zel davetiyle ger\u00e7ekle\u015fen","og_url":"https:\/\/kibrisdakik.com\/?p=42787","article_published_time":"2024-05-22T16:46:46+00:00","og_image":[{"width":1264,"height":1130,"url":"https:\/\/kibrisdakik.com\/wp-content\/uploads\/2024\/05\/baku-12-740x420.jpg","type":"image\/jpeg"}],"author":"admin","twitter_card":"summary_large_image","twitter_misc":{"Yazan:":"admin","Tahmini okuma s\u00fcresi":"1 dakika"},"schema":{"@context":"https:\/\/schema.org","@graph":[{"@type":"Article","@id":"https:\/\/kibrisdakik.com\/?p=42787#article","isPartOf":{"@id":"https:\/\/kibrisdakik.com\/?p=42787"},"author":{"name":"admin","@id":"https:\/\/kibrisdakik.com\/#\/schema\/person\/9cd9d437bbb44f72b73ba127e06d8e79"},"headline":"\u015eehit Aileleri ve Mal\u00fcl Gaziler Derne\u011fi heyeti, Azerbaycan\u2019da temaslarda bulunuyor","datePublished":"2024-05-22T16:46:46+00:00","mainEntityOfPage":{"@id":"https:\/\/kibrisdakik.com\/?p=42787"},"wordCount":151,"commentCount":0,"image":{"@id":"https:\/\/kibrisdakik.com\/?p=42787#primaryimage"},"thumbnailUrl":"https:\/\/kibrisdakik.com\/wp-content\/uploads\/2024\/05\/baku-12-740x420.jpg","articleSection":["G\u00fcndem"],"inLanguage":"tr","potentialAction":[{"@type":"CommentAction","name":"Comment","target":["https:\/\/kibrisdakik.com\/?p=42787#respond"]}]},{"@type":"WebPage","@id":"https:\/\/kibrisdakik.com\/?p=42787","url":"https:\/\/kibrisdakik.com\/?p=42787","name":"\u015eehit Aileleri ve Mal\u00fcl Gaziler Derne\u011fi heyeti, Azerbaycan\u2019da temaslarda bulunuyor -","isPartOf":{"@id":"https:\/\/kibrisdakik.com\/#website"},"primaryImageOfPage":{"@id":"https:\/\/kibrisdakik.com\/?p=42787#primaryimage"},"image":{"@id":"https:\/\/kibrisdakik.com\/?p=42787#primaryimage"},"thumbnailUrl":"https:\/\/kibrisdakik.com\/wp-content\/uploads\/2024\/05\/baku-12-740x420.jpg","datePublished":"2024-05-22T16:46:46+00:00","author":{"@id":"https:\/\/kibrisdakik.com\/#\/schema\/person\/9cd9d437bbb44f72b73ba127e06d8e79"},"breadcrumb":{"@id":"https:\/\/kibrisdakik.com\/?p=42787#breadcrumb"},"inLanguage":"tr","potentialAction":[{"@type":"ReadAction","target":["https:\/\/kibrisdakik.com\/?p=42787"]}]},{"@type":"ImageObject","inLanguage":"tr","@id":"https:\/\/kibrisdakik.com\/?p=42787#primaryimage","url":"https:\/\/kibrisdakik.com\/wp-content\/uploads\/2024\/05\/baku-12-740x420.jpg","contentUrl":"https:\/\/kibrisdakik.com\/wp-content\/uploads\/2024\/05\/baku-12-740x420.jpg","width":1264,"height":1130},{"@type":"BreadcrumbList","@id":"https:\/\/kibrisdakik.com\/?p=42787#breadcrumb","itemListElement":[{"@type":"ListItem","position":1,"name":"Home","item":"https:\/\/kibrisdakik.com\/"},{"@type":"ListItem","position":2,"name":"\u015eehit Aileleri ve Mal\u00fcl Gaziler Derne\u011fi heyeti, Azerbaycan\u2019da temaslarda bulunuyor"}]},{"@type":"WebSite","@id":"https:\/\/kibrisdakik.com\/#website","url":"https:\/\/kibrisdakik.com\/","name":"","description":"Tam vaktinde haber","potentialAction":[{"@type":"SearchAction","target":{"@type":"EntryPoint","urlTemplate":"https:\/\/kibrisdakik.com\/?s={search_term_string}"},"query-input":{"@type":"PropertyValueSpecification","valueRequired":true,"valueName":"search_term_string"}}],"inLanguage":"tr"},{"@type":"Person","@id":"https:\/\/kibrisdakik.com\/#\/schema\/person\/9cd9d437bbb44f72b73ba127e06d8e79","name":"admin","image":{"@type":"ImageObject","inLanguage":"tr","@id":"https:\/\/secure.gravatar.com\/avatar\/ccc17943b9d660506c869530f897617f7cb1c21a4bf30023f252596d83e1f007?s=96&d=mm&r=g","url":"https:\/\/secure.gravatar.com\/avatar\/ccc17943b9d660506c869530f897617f7cb1c21a4bf30023f252596d83e1f007?s=96&d=mm&r=g","contentUrl":"https:\/\/secure.gravatar.com\/avatar\/ccc17943b9d660506c869530f897617f7cb1c21a4bf30023f252596d83e1f007?s=96&d=mm&r=g","caption":"admin"},"sameAs":["https:\/\/kibrisdakik.com"],"url":"https:\/\/kibrisdakik.com\/?author=1"}]}},"_links":{"self":[{"href":"https:\/\/kibrisdakik.com\/index.php?rest_route=\/wp\/v2\/posts\/42787","targetHints":{"allow":["GET"]}}],"collection":[{"href":"https:\/\/kibrisdakik.com\/index.php?rest_route=\/wp\/v2\/posts"}],"about":[{"href":"https:\/\/kibrisdakik.com\/index.php?rest_route=\/wp\/v2\/types\/post"}],"author":[{"embeddable":true,"href":"https:\/\/kibrisdakik.com\/index.php?rest_route=\/wp\/v2\/users\/1"}],"replies":[{"embeddable":true,"href":"https:\/\/kibrisdakik.com\/index.php?rest_route=%2Fwp%2Fv2%2Fcomments&post=42787"}],"version-history":[{"count":0,"href":"https:\/\/kibrisdakik.com\/index.php?rest_route=\/wp\/v2\/posts\/42787\/revisions"}],"wp:featuredmedia":[{"embeddable":true,"href":"https:\/\/kibrisdakik.com\/index.php?rest_route=\/wp\/v2\/media\/42788"}],"wp:attachment":[{"href":"https:\/\/kibrisdakik.com\/index.php?rest_route=%2Fwp%2Fv2%2Fmedia&parent=42787"}],"wp:term":[{"taxonomy":"category","embeddable":true,"href":"https:\/\/kibrisdakik.com\/index.php?rest_route=%2Fwp%2Fv2%2Fcategories&post=42787"},{"taxonomy":"post_tag","embeddable":true,"href":"https:\/\/kibrisdakik.com\/index.php?rest_route=%2Fwp%2Fv2%2Ftags&post=42787"}],"curies":[{"name":"wp","href":"https:\/\/api.w.org\/{rel}","templated":true}]}}