{"id":42819,"date":"2024-05-22T20:52:52","date_gmt":"2024-05-22T20:52:52","guid":{"rendered":"https:\/\/kibrisdakik.com\/index.php\/2024\/05\/22\/et-ithali-karari-cumaya-kadar-geri-cekilmezse-pazartesi-genel-grev-yapilacak\/"},"modified":"2024-05-22T20:52:52","modified_gmt":"2024-05-22T20:52:52","slug":"et-ithali-karari-cumaya-kadar-geri-cekilmezse-pazartesi-genel-grev-yapilacak","status":"publish","type":"post","link":"https:\/\/kibrisdakik.com\/?p=42819","title":{"rendered":"\u201cEt ithali karar\u0131 Cuma\u2019ya kadar geri \u00e7ekilmezse Pazartesi genel grev yap\u0131lacak\u201d"},"content":{"rendered":"<p><\/p>\n<div>\n<div class=\"mariselle-image-container center\">\n                <img loading=\"lazy\" decoding=\"async\" width=\"1654\" height=\"1104\" class=\"lazy-image\" alt=\"\" sizes=\"auto, (max-width: 1654px) 100vw, 1654px\" src=\"https:\/\/brtk.net\/wp-content\/uploads\/2024\/05\/22\/sendikalar-eylem-tim-1-.jpg?ver=334468b7a7817e21d602ae0228c77d37\" srcset=\"https:\/\/brtk.net\/wp-content\/uploads\/2024\/05\/22\/sendikalar-eylem-tim-1-.jpg?ver=334468b7a7817e21d602ae0228c77d37 1654w, https:\/\/brtk.net\/wp-content\/uploads\/2024\/05\/22\/sendikalar-eylem-tim-1--300x200.jpg?ver=334468b7a7817e21d602ae0228c77d37 300w, https:\/\/brtk.net\/wp-content\/uploads\/2024\/05\/22\/sendikalar-eylem-tim-1--1024x683.jpg?ver=334468b7a7817e21d602ae0228c77d37 1024w, https:\/\/brtk.net\/wp-content\/uploads\/2024\/05\/22\/sendikalar-eylem-tim-1--768x513.jpg?ver=334468b7a7817e21d602ae0228c77d37 768w, https:\/\/brtk.net\/wp-content\/uploads\/2024\/05\/22\/sendikalar-eylem-tim-1--1536x1025.jpg?ver=93a7ffd2768347a6098a6c0b3620f784 1536w\"\/>                            <\/div>\n<p>Hayvan \u00dcreticileri ve Yeti\u015ftiricileri Birli\u011fi\u2019nin Lefko\u015fa\u2019daki ara\u00e7l\u0131 eyleminin \u00fc\u00e7\u00fcnc\u00fc g\u00fcn\u00fcnde eyleme kat\u0131lanlar sabah saatlerinde Ba\u015fbakanl\u0131k, ard\u0131ndan da Bay\u0131nd\u0131rl\u0131k ve Ula\u015ft\u0131rma Bakanl\u0131\u011f\u0131 \u00f6n\u00fcnde topland\u0131. <\/p>\n<p>Ba\u015fbakanl\u0131k ile Bay\u0131nd\u0131rl\u0131k ve Ula\u015ft\u0131rma Bakanl\u0131\u011f\u0131 \u00f6n\u00fcnde lastik yakan eylemciler, eylemin y\u00f6n\u00fcn\u00fc Bay\u0131nd\u0131rl\u0131k ve Ula\u015ft\u0131rma Bakanl\u0131\u011f\u0131\u2019na \u00e7evirdi. <\/p>\n<p>Polisin geni\u015f g\u00fcvenlik \u00f6nlemi ald\u0131\u011f\u0131 eylemde, Bay\u0131nd\u0131rl\u0131k ve Ula\u015ft\u0131rma Bakanl\u0131\u011f\u0131 bah\u00e7e kap\u0131s\u0131 s\u00f6k\u00fcld\u00fc. Eylemciler, Bakan Ar\u0131kl\u0131\u2019ya da istifa \u00e7a\u011fr\u0131s\u0131 yapt\u0131.<\/p>\n<p>G\u00fcn i\u00e7erisinde Ba\u015fbakanl\u0131k \u00f6n\u00fcnde lastik ve balya yakmaya devam eden eylemciler, Ba\u015fbakanl\u0131k ve Bay\u0131nd\u0131rl\u0131k ve Ula\u015ft\u0131rma Bakanl\u0131\u011f\u0131\u2019n\u0131n demir parmakl\u0131klar\u0131n\u0131 k\u0131rd\u0131. Bu s\u0131rada bir eylemci yaraland\u0131. Ba\u015fbakanl\u0131k binas\u0131na yumurta atan eylemciler, yola silaj da d\u00f6kt\u00fc.<\/p>\n<p>Hayvan \u00dcreticileri ve Yeti\u015ftiricileri Birli\u011fi yetkilileri ak\u015fam \u00fczeri ise eylemlerine destek veren Kasaplar Birli\u011fi, \u00c7ift\u00e7iler Birli\u011fi, T\u00dcRK-SEN, EL-SEN, H\u00dcR-\u0130\u015e, KOOP-SEN, KTAMS, BES, KT\u00d6S ve DEV-\u0130\u015e ile bir araya geldi.<\/p>\n<p>Toplant\u0131n\u0131n ard\u0131ndan Ba\u015fbakanl\u0131k \u00f6n\u00fcnde yap\u0131lan ortak a\u00e7\u0131klamada et ithali karar\u0131n\u0131n cuma g\u00fcn\u00fcne kadar geri \u00e7ekilmemesi haline Pazartesi g\u00fcn\u00fc genel grev yapma karar\u0131 al\u0131nd\u0131\u011f\u0131 belirtildi.<\/p>\n<\/p><\/div>\n<p><script async\n                    defer\n                    crossorigin=\"anonymous\"\n                    src=\"https:\/\/connect.facebook.net\/tr_TR\/sdk.js#xfbml=1&#038;version=v3.3\"\n            ><\/script><\/p>\n","protected":false},"excerpt":{"rendered":"<p>Hayvan \u00dcreticileri ve Yeti\u015ftiricileri Birli\u011fi\u2019nin Lefko\u015fa\u2019daki ara\u00e7l\u0131 eyleminin \u00fc\u00e7\u00fcnc\u00fc g\u00fcn\u00fcnde eyleme kat\u0131lanlar sabah saatlerinde Ba\u015fbakanl\u0131k, ard\u0131ndan da Bay\u0131nd\u0131rl\u0131k ve Ula\u015ft\u0131rma Bakanl\u0131\u011f\u0131 \u00f6n\u00fcnde topland\u0131. Ba\u015fbakanl\u0131k ile Bay\u0131nd\u0131rl\u0131k ve Ula\u015ft\u0131rma Bakanl\u0131\u011f\u0131 \u00f6n\u00fcnde lastik yakan eylemciler, eylemin y\u00f6n\u00fcn\u00fc Bay\u0131nd\u0131rl\u0131k ve Ula\u015ft\u0131rma Bakanl\u0131\u011f\u0131\u2019na \u00e7evirdi. Polisin geni\u015f g\u00fcvenlik \u00f6nlemi ald\u0131\u011f\u0131 eylemde, Bay\u0131nd\u0131rl\u0131k ve Ula\u015ft\u0131rma Bakanl\u0131\u011f\u0131 bah\u00e7e kap\u0131s\u0131 s\u00f6k\u00fcld\u00fc. Eylemciler, Bakan<\/p>\n","protected":false},"author":1,"featured_media":42820,"comment_status":"open","ping_status":"open","sticky":false,"template":"","format":"standard","meta":{"footnotes":""},"categories":[1],"tags":[],"class_list":["post-42819","post","type-post","status-publish","format-standard","has-post-thumbnail","hentry","category-gundem"],"yoast_head":"<!-- This site is optimized with the Yoast SEO plugin v27.4 - https:\/\/yoast.com\/product\/yoast-seo-wordpress\/ -->\n<title>\u201cEt ithali karar\u0131 Cuma\u2019ya kadar geri \u00e7ekilmezse Pazartesi genel grev yap\u0131lacak\u201d -<\/title>\n<meta name=\"robots\" content=\"index, follow, max-snippet:-1, max-image-preview:large, max-video-preview:-1\" \/>\n<link rel=\"canonical\" href=\"https:\/\/kibrisdakik.com\/?p=42819\" \/>\n<meta property=\"og:locale\" content=\"tr_TR\" \/>\n<meta property=\"og:type\" content=\"article\" \/>\n<meta property=\"og:title\" content=\"\u201cEt ithali karar\u0131 Cuma\u2019ya kadar geri \u00e7ekilmezse Pazartesi genel grev yap\u0131lacak\u201d -\" \/>\n<meta property=\"og:description\" content=\"Hayvan \u00dcreticileri ve Yeti\u015ftiricileri Birli\u011fi\u2019nin Lefko\u015fa\u2019daki ara\u00e7l\u0131 eyleminin \u00fc\u00e7\u00fcnc\u00fc g\u00fcn\u00fcnde eyleme kat\u0131lanlar sabah saatlerinde Ba\u015fbakanl\u0131k, ard\u0131ndan da Bay\u0131nd\u0131rl\u0131k ve Ula\u015ft\u0131rma Bakanl\u0131\u011f\u0131 \u00f6n\u00fcnde topland\u0131. Ba\u015fbakanl\u0131k ile Bay\u0131nd\u0131rl\u0131k ve Ula\u015ft\u0131rma Bakanl\u0131\u011f\u0131 \u00f6n\u00fcnde lastik yakan eylemciler, eylemin y\u00f6n\u00fcn\u00fc Bay\u0131nd\u0131rl\u0131k ve Ula\u015ft\u0131rma Bakanl\u0131\u011f\u0131\u2019na \u00e7evirdi. Polisin geni\u015f g\u00fcvenlik \u00f6nlemi ald\u0131\u011f\u0131 eylemde, Bay\u0131nd\u0131rl\u0131k ve Ula\u015ft\u0131rma Bakanl\u0131\u011f\u0131 bah\u00e7e kap\u0131s\u0131 s\u00f6k\u00fcld\u00fc. Eylemciler, Bakan\" \/>\n<meta property=\"og:url\" content=\"https:\/\/kibrisdakik.com\/?p=42819\" \/>\n<meta property=\"article:published_time\" content=\"2024-05-22T20:52:52+00:00\" \/>\n<meta property=\"og:image\" content=\"https:\/\/kibrisdakik.com\/wp-content\/uploads\/2024\/05\/sendikalar-eylem-tim-1--740x420.jpg\" \/>\n\t<meta property=\"og:image:width\" content=\"1654\" \/>\n\t<meta property=\"og:image:height\" content=\"1104\" \/>\n\t<meta property=\"og:image:type\" content=\"image\/jpeg\" \/>\n<meta name=\"author\" content=\"admin\" \/>\n<meta name=\"twitter:card\" content=\"summary_large_image\" \/>\n<meta name=\"twitter:label1\" content=\"Yazan:\" \/>\n\t<meta name=\"twitter:data1\" content=\"admin\" \/>\n\t<meta name=\"twitter:label2\" content=\"Tahmini okuma s\u00fcresi\" \/>\n\t<meta name=\"twitter:data2\" content=\"1 dakika\" \/>\n<script type=\"application\/ld+json\" class=\"yoast-schema-graph\">{\"@context\":\"https:\\\/\\\/schema.org\",\"@graph\":[{\"@type\":\"Article\",\"@id\":\"https:\\\/\\\/kibrisdakik.com\\\/?p=42819#article\",\"isPartOf\":{\"@id\":\"https:\\\/\\\/kibrisdakik.com\\\/?p=42819\"},\"author\":{\"name\":\"admin\",\"@id\":\"https:\\\/\\\/kibrisdakik.com\\\/#\\\/schema\\\/person\\\/9cd9d437bbb44f72b73ba127e06d8e79\"},\"headline\":\"\u201cEt ithali karar\u0131 Cuma\u2019ya kadar geri \u00e7ekilmezse Pazartesi genel grev yap\u0131lacak\u201d\",\"datePublished\":\"2024-05-22T20:52:52+00:00\",\"mainEntityOfPage\":{\"@id\":\"https:\\\/\\\/kibrisdakik.com\\\/?p=42819\"},\"wordCount\":253,\"commentCount\":0,\"image\":{\"@id\":\"https:\\\/\\\/kibrisdakik.com\\\/?p=42819#primaryimage\"},\"thumbnailUrl\":\"https:\\\/\\\/kibrisdakik.com\\\/wp-content\\\/uploads\\\/2024\\\/05\\\/sendikalar-eylem-tim-1--740x420.jpg\",\"articleSection\":[\"G\u00fcndem\"],\"inLanguage\":\"tr\",\"potentialAction\":[{\"@type\":\"CommentAction\",\"name\":\"Comment\",\"target\":[\"https:\\\/\\\/kibrisdakik.com\\\/?p=42819#respond\"]}]},{\"@type\":\"WebPage\",\"@id\":\"https:\\\/\\\/kibrisdakik.com\\\/?p=42819\",\"url\":\"https:\\\/\\\/kibrisdakik.com\\\/?p=42819\",\"name\":\"\u201cEt ithali karar\u0131 Cuma\u2019ya kadar geri \u00e7ekilmezse Pazartesi genel grev yap\u0131lacak\u201d -\",\"isPartOf\":{\"@id\":\"https:\\\/\\\/kibrisdakik.com\\\/#website\"},\"primaryImageOfPage\":{\"@id\":\"https:\\\/\\\/kibrisdakik.com\\\/?p=42819#primaryimage\"},\"image\":{\"@id\":\"https:\\\/\\\/kibrisdakik.com\\\/?p=42819#primaryimage\"},\"thumbnailUrl\":\"https:\\\/\\\/kibrisdakik.com\\\/wp-content\\\/uploads\\\/2024\\\/05\\\/sendikalar-eylem-tim-1--740x420.jpg\",\"datePublished\":\"2024-05-22T20:52:52+00:00\",\"author\":{\"@id\":\"https:\\\/\\\/kibrisdakik.com\\\/#\\\/schema\\\/person\\\/9cd9d437bbb44f72b73ba127e06d8e79\"},\"breadcrumb\":{\"@id\":\"https:\\\/\\\/kibrisdakik.com\\\/?p=42819#breadcrumb\"},\"inLanguage\":\"tr\",\"potentialAction\":[{\"@type\":\"ReadAction\",\"target\":[\"https:\\\/\\\/kibrisdakik.com\\\/?p=42819\"]}]},{\"@type\":\"ImageObject\",\"inLanguage\":\"tr\",\"@id\":\"https:\\\/\\\/kibrisdakik.com\\\/?p=42819#primaryimage\",\"url\":\"https:\\\/\\\/kibrisdakik.com\\\/wp-content\\\/uploads\\\/2024\\\/05\\\/sendikalar-eylem-tim-1--740x420.jpg\",\"contentUrl\":\"https:\\\/\\\/kibrisdakik.com\\\/wp-content\\\/uploads\\\/2024\\\/05\\\/sendikalar-eylem-tim-1--740x420.jpg\",\"width\":1654,\"height\":1104},{\"@type\":\"BreadcrumbList\",\"@id\":\"https:\\\/\\\/kibrisdakik.com\\\/?p=42819#breadcrumb\",\"itemListElement\":[{\"@type\":\"ListItem\",\"position\":1,\"name\":\"Home\",\"item\":\"https:\\\/\\\/kibrisdakik.com\\\/\"},{\"@type\":\"ListItem\",\"position\":2,\"name\":\"\u201cEt ithali karar\u0131 Cuma\u2019ya kadar geri \u00e7ekilmezse Pazartesi genel grev yap\u0131lacak\u201d\"}]},{\"@type\":\"WebSite\",\"@id\":\"https:\\\/\\\/kibrisdakik.com\\\/#website\",\"url\":\"https:\\\/\\\/kibrisdakik.com\\\/\",\"name\":\"\",\"description\":\"Tam vaktinde haber\",\"potentialAction\":[{\"@type\":\"SearchAction\",\"target\":{\"@type\":\"EntryPoint\",\"urlTemplate\":\"https:\\\/\\\/kibrisdakik.com\\\/?s={search_term_string}\"},\"query-input\":{\"@type\":\"PropertyValueSpecification\",\"valueRequired\":true,\"valueName\":\"search_term_string\"}}],\"inLanguage\":\"tr\"},{\"@type\":\"Person\",\"@id\":\"https:\\\/\\\/kibrisdakik.com\\\/#\\\/schema\\\/person\\\/9cd9d437bbb44f72b73ba127e06d8e79\",\"name\":\"admin\",\"image\":{\"@type\":\"ImageObject\",\"inLanguage\":\"tr\",\"@id\":\"https:\\\/\\\/secure.gravatar.com\\\/avatar\\\/ccc17943b9d660506c869530f897617f7cb1c21a4bf30023f252596d83e1f007?s=96&d=mm&r=g\",\"url\":\"https:\\\/\\\/secure.gravatar.com\\\/avatar\\\/ccc17943b9d660506c869530f897617f7cb1c21a4bf30023f252596d83e1f007?s=96&d=mm&r=g\",\"contentUrl\":\"https:\\\/\\\/secure.gravatar.com\\\/avatar\\\/ccc17943b9d660506c869530f897617f7cb1c21a4bf30023f252596d83e1f007?s=96&d=mm&r=g\",\"caption\":\"admin\"},\"sameAs\":[\"https:\\\/\\\/kibrisdakik.com\"],\"url\":\"https:\\\/\\\/kibrisdakik.com\\\/?author=1\"}]}<\/script>\n<!-- \/ Yoast SEO plugin. -->","yoast_head_json":{"title":"\u201cEt ithali karar\u0131 Cuma\u2019ya kadar geri \u00e7ekilmezse Pazartesi genel grev yap\u0131lacak\u201d -","robots":{"index":"index","follow":"follow","max-snippet":"max-snippet:-1","max-image-preview":"max-image-preview:large","max-video-preview":"max-video-preview:-1"},"canonical":"https:\/\/kibrisdakik.com\/?p=42819","og_locale":"tr_TR","og_type":"article","og_title":"\u201cEt ithali karar\u0131 Cuma\u2019ya kadar geri \u00e7ekilmezse Pazartesi genel grev yap\u0131lacak\u201d -","og_description":"Hayvan \u00dcreticileri ve Yeti\u015ftiricileri Birli\u011fi\u2019nin Lefko\u015fa\u2019daki ara\u00e7l\u0131 eyleminin \u00fc\u00e7\u00fcnc\u00fc g\u00fcn\u00fcnde eyleme kat\u0131lanlar sabah saatlerinde Ba\u015fbakanl\u0131k, ard\u0131ndan da Bay\u0131nd\u0131rl\u0131k ve Ula\u015ft\u0131rma Bakanl\u0131\u011f\u0131 \u00f6n\u00fcnde topland\u0131. Ba\u015fbakanl\u0131k ile Bay\u0131nd\u0131rl\u0131k ve Ula\u015ft\u0131rma Bakanl\u0131\u011f\u0131 \u00f6n\u00fcnde lastik yakan eylemciler, eylemin y\u00f6n\u00fcn\u00fc Bay\u0131nd\u0131rl\u0131k ve Ula\u015ft\u0131rma Bakanl\u0131\u011f\u0131\u2019na \u00e7evirdi. Polisin geni\u015f g\u00fcvenlik \u00f6nlemi ald\u0131\u011f\u0131 eylemde, Bay\u0131nd\u0131rl\u0131k ve Ula\u015ft\u0131rma Bakanl\u0131\u011f\u0131 bah\u00e7e kap\u0131s\u0131 s\u00f6k\u00fcld\u00fc. Eylemciler, Bakan","og_url":"https:\/\/kibrisdakik.com\/?p=42819","article_published_time":"2024-05-22T20:52:52+00:00","og_image":[{"width":1654,"height":1104,"url":"https:\/\/kibrisdakik.com\/wp-content\/uploads\/2024\/05\/sendikalar-eylem-tim-1--740x420.jpg","type":"image\/jpeg"}],"author":"admin","twitter_card":"summary_large_image","twitter_misc":{"Yazan:":"admin","Tahmini okuma s\u00fcresi":"1 dakika"},"schema":{"@context":"https:\/\/schema.org","@graph":[{"@type":"Article","@id":"https:\/\/kibrisdakik.com\/?p=42819#article","isPartOf":{"@id":"https:\/\/kibrisdakik.com\/?p=42819"},"author":{"name":"admin","@id":"https:\/\/kibrisdakik.com\/#\/schema\/person\/9cd9d437bbb44f72b73ba127e06d8e79"},"headline":"\u201cEt ithali karar\u0131 Cuma\u2019ya kadar geri \u00e7ekilmezse Pazartesi genel grev yap\u0131lacak\u201d","datePublished":"2024-05-22T20:52:52+00:00","mainEntityOfPage":{"@id":"https:\/\/kibrisdakik.com\/?p=42819"},"wordCount":253,"commentCount":0,"image":{"@id":"https:\/\/kibrisdakik.com\/?p=42819#primaryimage"},"thumbnailUrl":"https:\/\/kibrisdakik.com\/wp-content\/uploads\/2024\/05\/sendikalar-eylem-tim-1--740x420.jpg","articleSection":["G\u00fcndem"],"inLanguage":"tr","potentialAction":[{"@type":"CommentAction","name":"Comment","target":["https:\/\/kibrisdakik.com\/?p=42819#respond"]}]},{"@type":"WebPage","@id":"https:\/\/kibrisdakik.com\/?p=42819","url":"https:\/\/kibrisdakik.com\/?p=42819","name":"\u201cEt ithali karar\u0131 Cuma\u2019ya kadar geri \u00e7ekilmezse Pazartesi genel grev yap\u0131lacak\u201d -","isPartOf":{"@id":"https:\/\/kibrisdakik.com\/#website"},"primaryImageOfPage":{"@id":"https:\/\/kibrisdakik.com\/?p=42819#primaryimage"},"image":{"@id":"https:\/\/kibrisdakik.com\/?p=42819#primaryimage"},"thumbnailUrl":"https:\/\/kibrisdakik.com\/wp-content\/uploads\/2024\/05\/sendikalar-eylem-tim-1--740x420.jpg","datePublished":"2024-05-22T20:52:52+00:00","author":{"@id":"https:\/\/kibrisdakik.com\/#\/schema\/person\/9cd9d437bbb44f72b73ba127e06d8e79"},"breadcrumb":{"@id":"https:\/\/kibrisdakik.com\/?p=42819#breadcrumb"},"inLanguage":"tr","potentialAction":[{"@type":"ReadAction","target":["https:\/\/kibrisdakik.com\/?p=42819"]}]},{"@type":"ImageObject","inLanguage":"tr","@id":"https:\/\/kibrisdakik.com\/?p=42819#primaryimage","url":"https:\/\/kibrisdakik.com\/wp-content\/uploads\/2024\/05\/sendikalar-eylem-tim-1--740x420.jpg","contentUrl":"https:\/\/kibrisdakik.com\/wp-content\/uploads\/2024\/05\/sendikalar-eylem-tim-1--740x420.jpg","width":1654,"height":1104},{"@type":"BreadcrumbList","@id":"https:\/\/kibrisdakik.com\/?p=42819#breadcrumb","itemListElement":[{"@type":"ListItem","position":1,"name":"Home","item":"https:\/\/kibrisdakik.com\/"},{"@type":"ListItem","position":2,"name":"\u201cEt ithali karar\u0131 Cuma\u2019ya kadar geri \u00e7ekilmezse Pazartesi genel grev yap\u0131lacak\u201d"}]},{"@type":"WebSite","@id":"https:\/\/kibrisdakik.com\/#website","url":"https:\/\/kibrisdakik.com\/","name":"","description":"Tam vaktinde haber","potentialAction":[{"@type":"SearchAction","target":{"@type":"EntryPoint","urlTemplate":"https:\/\/kibrisdakik.com\/?s={search_term_string}"},"query-input":{"@type":"PropertyValueSpecification","valueRequired":true,"valueName":"search_term_string"}}],"inLanguage":"tr"},{"@type":"Person","@id":"https:\/\/kibrisdakik.com\/#\/schema\/person\/9cd9d437bbb44f72b73ba127e06d8e79","name":"admin","image":{"@type":"ImageObject","inLanguage":"tr","@id":"https:\/\/secure.gravatar.com\/avatar\/ccc17943b9d660506c869530f897617f7cb1c21a4bf30023f252596d83e1f007?s=96&d=mm&r=g","url":"https:\/\/secure.gravatar.com\/avatar\/ccc17943b9d660506c869530f897617f7cb1c21a4bf30023f252596d83e1f007?s=96&d=mm&r=g","contentUrl":"https:\/\/secure.gravatar.com\/avatar\/ccc17943b9d660506c869530f897617f7cb1c21a4bf30023f252596d83e1f007?s=96&d=mm&r=g","caption":"admin"},"sameAs":["https:\/\/kibrisdakik.com"],"url":"https:\/\/kibrisdakik.com\/?author=1"}]}},"_links":{"self":[{"href":"https:\/\/kibrisdakik.com\/index.php?rest_route=\/wp\/v2\/posts\/42819","targetHints":{"allow":["GET"]}}],"collection":[{"href":"https:\/\/kibrisdakik.com\/index.php?rest_route=\/wp\/v2\/posts"}],"about":[{"href":"https:\/\/kibrisdakik.com\/index.php?rest_route=\/wp\/v2\/types\/post"}],"author":[{"embeddable":true,"href":"https:\/\/kibrisdakik.com\/index.php?rest_route=\/wp\/v2\/users\/1"}],"replies":[{"embeddable":true,"href":"https:\/\/kibrisdakik.com\/index.php?rest_route=%2Fwp%2Fv2%2Fcomments&post=42819"}],"version-history":[{"count":0,"href":"https:\/\/kibrisdakik.com\/index.php?rest_route=\/wp\/v2\/posts\/42819\/revisions"}],"wp:featuredmedia":[{"embeddable":true,"href":"https:\/\/kibrisdakik.com\/index.php?rest_route=\/wp\/v2\/media\/42820"}],"wp:attachment":[{"href":"https:\/\/kibrisdakik.com\/index.php?rest_route=%2Fwp%2Fv2%2Fmedia&parent=42819"}],"wp:term":[{"taxonomy":"category","embeddable":true,"href":"https:\/\/kibrisdakik.com\/index.php?rest_route=%2Fwp%2Fv2%2Fcategories&post=42819"},{"taxonomy":"post_tag","embeddable":true,"href":"https:\/\/kibrisdakik.com\/index.php?rest_route=%2Fwp%2Fv2%2Ftags&post=42819"}],"curies":[{"name":"wp","href":"https:\/\/api.w.org\/{rel}","templated":true}]}}