{"id":42831,"date":"2024-05-22T22:54:55","date_gmt":"2024-05-22T22:54:55","guid":{"rendered":"https:\/\/kibrisdakik.com\/index.php\/2024\/05\/22\/cuma-gunu-dogu-kesimlerinde-hafif-yagmur-bekleniyor-sicaklik-33-36-derece-dolaylarinda-seyredecek\/"},"modified":"2024-05-22T22:54:55","modified_gmt":"2024-05-22T22:54:55","slug":"cuma-gunu-dogu-kesimlerinde-hafif-yagmur-bekleniyor-sicaklik-33-36-derece-dolaylarinda-seyredecek","status":"publish","type":"post","link":"https:\/\/kibrisdakik.com\/?p=42831","title":{"rendered":"Cuma g\u00fcn\u00fc do\u011fu kesimlerinde hafif ya\u011fmur bekleniyor\u2026 S\u0131cakl\u0131k 33-36 derece dolaylar\u0131nda seyredecek"},"content":{"rendered":"<p><\/p>\n<div>\n<div class=\"mariselle-image-container center\">\n                <img loading=\"lazy\" decoding=\"async\" width=\"650\" height=\"360\" class=\"lazy-image\" alt=\"\" sizes=\"auto, (max-width: 650px) 100vw, 650px\" src=\"https:\/\/brtk.net\/wp-content\/uploads\/2024\/05\/22\/hava-durumu-parcali-bulutlu22.jpg?ver=7f9fe07f17596dd65dbfcc2df06cd36e\" srcset=\"https:\/\/brtk.net\/wp-content\/uploads\/2024\/05\/22\/hava-durumu-parcali-bulutlu22.jpg?ver=7f9fe07f17596dd65dbfcc2df06cd36e 650w, https:\/\/brtk.net\/wp-content\/uploads\/2024\/05\/22\/hava-durumu-parcali-bulutlu22-300x166.jpg?ver=b4ac7e004a987d74e8c3489d861b78ec 300w\"\/>                            <\/div>\n<p>Cuma g\u00fcn\u00fc do\u011fu kesimlerinde hafif ya\u011fmur bekleniyor. Hava s\u0131cakl\u0131\u011f\u0131 33-36 derece dolaylar\u0131nda seyredecek.<\/p>\n<p>Meteoroloji Dairesi\u2019nin son tahminlerine g\u00f6re b\u00f6lge, 23-29 May\u0131s tarihleri aras\u0131nda, genellikle al\u00e7ak bas\u0131n\u00e7 sistemi ile s\u0131cak ve nispeten nemli, cuma g\u00fcn\u00fc serin ve nemli hava k\u00fctlesi etkisi alt\u0131nda kalacak.<\/p>\n<p>Hava yar\u0131n par\u00e7al\u0131 bulutlu, cuma par\u00e7al\u0131 bulutlu, do\u011fu kesimler hafif sa\u011fanak ya\u011fmurlu, cumartesi par\u00e7al\u0131 bulutlu di\u011fer g\u00fcnler par\u00e7al\u0131 ve az bulutlu ge\u00e7ecek.<\/p>\n<p>En y\u00fcksek hava s\u0131cakl\u0131\u011f\u0131 i\u00e7 kesimlerde genellikle 33-36 derece, cuma g\u00fcn\u00fc 29-32 derece, sahillerde ise periyod boyunca 28-31 derece dolaylar\u0131nda seyredecek.<\/p>\n<p>R\u00fczgar, kuzey ve bat\u0131 y\u00f6nlerden orta kuvvette zaman zaman kuvvetli olarak esecek.<\/p>\n<\/p><\/div>\n<p><script async\n                    defer\n                    crossorigin=\"anonymous\"\n                    src=\"https:\/\/connect.facebook.net\/tr_TR\/sdk.js#xfbml=1&#038;version=v3.3\"\n            ><\/script><\/p>\n","protected":false},"excerpt":{"rendered":"<p>Cuma g\u00fcn\u00fc do\u011fu kesimlerinde hafif ya\u011fmur bekleniyor. Hava s\u0131cakl\u0131\u011f\u0131 33-36 derece dolaylar\u0131nda seyredecek. Meteoroloji Dairesi\u2019nin son tahminlerine g\u00f6re b\u00f6lge, 23-29 May\u0131s tarihleri aras\u0131nda, genellikle al\u00e7ak bas\u0131n\u00e7 sistemi ile s\u0131cak ve nispeten nemli, cuma g\u00fcn\u00fc serin ve nemli hava k\u00fctlesi etkisi alt\u0131nda kalacak. Hava yar\u0131n par\u00e7al\u0131 bulutlu, cuma par\u00e7al\u0131 bulutlu, do\u011fu kesimler hafif sa\u011fanak ya\u011fmurlu, cumartesi<\/p>\n","protected":false},"author":1,"featured_media":42832,"comment_status":"open","ping_status":"open","sticky":false,"template":"","format":"standard","meta":{"footnotes":""},"categories":[1],"tags":[],"class_list":["post-42831","post","type-post","status-publish","format-standard","has-post-thumbnail","hentry","category-gundem"],"yoast_head":"<!-- This site is optimized with the Yoast SEO plugin v27.5 - https:\/\/yoast.com\/product\/yoast-seo-wordpress\/ -->\n<title>Cuma g\u00fcn\u00fc do\u011fu kesimlerinde hafif ya\u011fmur bekleniyor\u2026 S\u0131cakl\u0131k 33-36 derece dolaylar\u0131nda seyredecek -<\/title>\n<meta name=\"robots\" content=\"index, follow, max-snippet:-1, max-image-preview:large, max-video-preview:-1\" \/>\n<link rel=\"canonical\" href=\"https:\/\/kibrisdakik.com\/?p=42831\" \/>\n<meta property=\"og:locale\" content=\"tr_TR\" \/>\n<meta property=\"og:type\" content=\"article\" \/>\n<meta property=\"og:title\" content=\"Cuma g\u00fcn\u00fc do\u011fu kesimlerinde hafif ya\u011fmur bekleniyor\u2026 S\u0131cakl\u0131k 33-36 derece dolaylar\u0131nda seyredecek -\" \/>\n<meta property=\"og:description\" content=\"Cuma g\u00fcn\u00fc do\u011fu kesimlerinde hafif ya\u011fmur bekleniyor. Hava s\u0131cakl\u0131\u011f\u0131 33-36 derece dolaylar\u0131nda seyredecek. Meteoroloji Dairesi\u2019nin son tahminlerine g\u00f6re b\u00f6lge, 23-29 May\u0131s tarihleri aras\u0131nda, genellikle al\u00e7ak bas\u0131n\u00e7 sistemi ile s\u0131cak ve nispeten nemli, cuma g\u00fcn\u00fc serin ve nemli hava k\u00fctlesi etkisi alt\u0131nda kalacak. Hava yar\u0131n par\u00e7al\u0131 bulutlu, cuma par\u00e7al\u0131 bulutlu, do\u011fu kesimler hafif sa\u011fanak ya\u011fmurlu, cumartesi\" \/>\n<meta property=\"og:url\" content=\"https:\/\/kibrisdakik.com\/?p=42831\" \/>\n<meta property=\"article:published_time\" content=\"2024-05-22T22:54:55+00:00\" \/>\n<meta property=\"og:image\" content=\"https:\/\/kibrisdakik.com\/wp-content\/uploads\/2024\/05\/hava-durumu-parcali-bulutlu22.jpg\" \/>\n\t<meta property=\"og:image:width\" content=\"650\" \/>\n\t<meta property=\"og:image:height\" content=\"360\" \/>\n\t<meta property=\"og:image:type\" content=\"image\/jpeg\" \/>\n<meta name=\"author\" content=\"admin\" \/>\n<meta name=\"twitter:card\" content=\"summary_large_image\" \/>\n<meta name=\"twitter:label1\" content=\"Yazan:\" \/>\n\t<meta name=\"twitter:data1\" content=\"admin\" \/>\n\t<meta name=\"twitter:label2\" content=\"Tahmini okuma s\u00fcresi\" \/>\n\t<meta name=\"twitter:data2\" content=\"1 dakika\" \/>\n<script type=\"application\/ld+json\" class=\"yoast-schema-graph\">{\"@context\":\"https:\\\/\\\/schema.org\",\"@graph\":[{\"@type\":\"Article\",\"@id\":\"https:\\\/\\\/kibrisdakik.com\\\/?p=42831#article\",\"isPartOf\":{\"@id\":\"https:\\\/\\\/kibrisdakik.com\\\/?p=42831\"},\"author\":{\"name\":\"admin\",\"@id\":\"https:\\\/\\\/kibrisdakik.com\\\/#\\\/schema\\\/person\\\/9cd9d437bbb44f72b73ba127e06d8e79\"},\"headline\":\"Cuma g\u00fcn\u00fc do\u011fu kesimlerinde hafif ya\u011fmur bekleniyor\u2026 S\u0131cakl\u0131k 33-36 derece dolaylar\u0131nda seyredecek\",\"datePublished\":\"2024-05-22T22:54:55+00:00\",\"mainEntityOfPage\":{\"@id\":\"https:\\\/\\\/kibrisdakik.com\\\/?p=42831\"},\"wordCount\":148,\"commentCount\":0,\"image\":{\"@id\":\"https:\\\/\\\/kibrisdakik.com\\\/?p=42831#primaryimage\"},\"thumbnailUrl\":\"https:\\\/\\\/kibrisdakik.com\\\/wp-content\\\/uploads\\\/2024\\\/05\\\/hava-durumu-parcali-bulutlu22.jpg\",\"articleSection\":[\"G\u00fcndem\"],\"inLanguage\":\"tr\",\"potentialAction\":[{\"@type\":\"CommentAction\",\"name\":\"Comment\",\"target\":[\"https:\\\/\\\/kibrisdakik.com\\\/?p=42831#respond\"]}]},{\"@type\":\"WebPage\",\"@id\":\"https:\\\/\\\/kibrisdakik.com\\\/?p=42831\",\"url\":\"https:\\\/\\\/kibrisdakik.com\\\/?p=42831\",\"name\":\"Cuma g\u00fcn\u00fc do\u011fu kesimlerinde hafif ya\u011fmur bekleniyor\u2026 S\u0131cakl\u0131k 33-36 derece dolaylar\u0131nda seyredecek -\",\"isPartOf\":{\"@id\":\"https:\\\/\\\/kibrisdakik.com\\\/#website\"},\"primaryImageOfPage\":{\"@id\":\"https:\\\/\\\/kibrisdakik.com\\\/?p=42831#primaryimage\"},\"image\":{\"@id\":\"https:\\\/\\\/kibrisdakik.com\\\/?p=42831#primaryimage\"},\"thumbnailUrl\":\"https:\\\/\\\/kibrisdakik.com\\\/wp-content\\\/uploads\\\/2024\\\/05\\\/hava-durumu-parcali-bulutlu22.jpg\",\"datePublished\":\"2024-05-22T22:54:55+00:00\",\"author\":{\"@id\":\"https:\\\/\\\/kibrisdakik.com\\\/#\\\/schema\\\/person\\\/9cd9d437bbb44f72b73ba127e06d8e79\"},\"breadcrumb\":{\"@id\":\"https:\\\/\\\/kibrisdakik.com\\\/?p=42831#breadcrumb\"},\"inLanguage\":\"tr\",\"potentialAction\":[{\"@type\":\"ReadAction\",\"target\":[\"https:\\\/\\\/kibrisdakik.com\\\/?p=42831\"]}]},{\"@type\":\"ImageObject\",\"inLanguage\":\"tr\",\"@id\":\"https:\\\/\\\/kibrisdakik.com\\\/?p=42831#primaryimage\",\"url\":\"https:\\\/\\\/kibrisdakik.com\\\/wp-content\\\/uploads\\\/2024\\\/05\\\/hava-durumu-parcali-bulutlu22.jpg\",\"contentUrl\":\"https:\\\/\\\/kibrisdakik.com\\\/wp-content\\\/uploads\\\/2024\\\/05\\\/hava-durumu-parcali-bulutlu22.jpg\",\"width\":650,\"height\":360},{\"@type\":\"BreadcrumbList\",\"@id\":\"https:\\\/\\\/kibrisdakik.com\\\/?p=42831#breadcrumb\",\"itemListElement\":[{\"@type\":\"ListItem\",\"position\":1,\"name\":\"Home\",\"item\":\"https:\\\/\\\/kibrisdakik.com\\\/\"},{\"@type\":\"ListItem\",\"position\":2,\"name\":\"Cuma g\u00fcn\u00fc do\u011fu kesimlerinde hafif ya\u011fmur bekleniyor\u2026 S\u0131cakl\u0131k 33-36 derece dolaylar\u0131nda seyredecek\"}]},{\"@type\":\"WebSite\",\"@id\":\"https:\\\/\\\/kibrisdakik.com\\\/#website\",\"url\":\"https:\\\/\\\/kibrisdakik.com\\\/\",\"name\":\"\",\"description\":\"Tam vaktinde haber\",\"potentialAction\":[{\"@type\":\"SearchAction\",\"target\":{\"@type\":\"EntryPoint\",\"urlTemplate\":\"https:\\\/\\\/kibrisdakik.com\\\/?s={search_term_string}\"},\"query-input\":{\"@type\":\"PropertyValueSpecification\",\"valueRequired\":true,\"valueName\":\"search_term_string\"}}],\"inLanguage\":\"tr\"},{\"@type\":\"Person\",\"@id\":\"https:\\\/\\\/kibrisdakik.com\\\/#\\\/schema\\\/person\\\/9cd9d437bbb44f72b73ba127e06d8e79\",\"name\":\"admin\",\"image\":{\"@type\":\"ImageObject\",\"inLanguage\":\"tr\",\"@id\":\"https:\\\/\\\/secure.gravatar.com\\\/avatar\\\/ccc17943b9d660506c869530f897617f7cb1c21a4bf30023f252596d83e1f007?s=96&d=mm&r=g\",\"url\":\"https:\\\/\\\/secure.gravatar.com\\\/avatar\\\/ccc17943b9d660506c869530f897617f7cb1c21a4bf30023f252596d83e1f007?s=96&d=mm&r=g\",\"contentUrl\":\"https:\\\/\\\/secure.gravatar.com\\\/avatar\\\/ccc17943b9d660506c869530f897617f7cb1c21a4bf30023f252596d83e1f007?s=96&d=mm&r=g\",\"caption\":\"admin\"},\"sameAs\":[\"https:\\\/\\\/kibrisdakik.com\"],\"url\":\"https:\\\/\\\/kibrisdakik.com\\\/?author=1\"}]}<\/script>\n<!-- \/ Yoast SEO plugin. -->","yoast_head_json":{"title":"Cuma g\u00fcn\u00fc do\u011fu kesimlerinde hafif ya\u011fmur bekleniyor\u2026 S\u0131cakl\u0131k 33-36 derece dolaylar\u0131nda seyredecek -","robots":{"index":"index","follow":"follow","max-snippet":"max-snippet:-1","max-image-preview":"max-image-preview:large","max-video-preview":"max-video-preview:-1"},"canonical":"https:\/\/kibrisdakik.com\/?p=42831","og_locale":"tr_TR","og_type":"article","og_title":"Cuma g\u00fcn\u00fc do\u011fu kesimlerinde hafif ya\u011fmur bekleniyor\u2026 S\u0131cakl\u0131k 33-36 derece dolaylar\u0131nda seyredecek -","og_description":"Cuma g\u00fcn\u00fc do\u011fu kesimlerinde hafif ya\u011fmur bekleniyor. Hava s\u0131cakl\u0131\u011f\u0131 33-36 derece dolaylar\u0131nda seyredecek. Meteoroloji Dairesi\u2019nin son tahminlerine g\u00f6re b\u00f6lge, 23-29 May\u0131s tarihleri aras\u0131nda, genellikle al\u00e7ak bas\u0131n\u00e7 sistemi ile s\u0131cak ve nispeten nemli, cuma g\u00fcn\u00fc serin ve nemli hava k\u00fctlesi etkisi alt\u0131nda kalacak. Hava yar\u0131n par\u00e7al\u0131 bulutlu, cuma par\u00e7al\u0131 bulutlu, do\u011fu kesimler hafif sa\u011fanak ya\u011fmurlu, cumartesi","og_url":"https:\/\/kibrisdakik.com\/?p=42831","article_published_time":"2024-05-22T22:54:55+00:00","og_image":[{"width":650,"height":360,"url":"https:\/\/kibrisdakik.com\/wp-content\/uploads\/2024\/05\/hava-durumu-parcali-bulutlu22.jpg","type":"image\/jpeg"}],"author":"admin","twitter_card":"summary_large_image","twitter_misc":{"Yazan:":"admin","Tahmini okuma s\u00fcresi":"1 dakika"},"schema":{"@context":"https:\/\/schema.org","@graph":[{"@type":"Article","@id":"https:\/\/kibrisdakik.com\/?p=42831#article","isPartOf":{"@id":"https:\/\/kibrisdakik.com\/?p=42831"},"author":{"name":"admin","@id":"https:\/\/kibrisdakik.com\/#\/schema\/person\/9cd9d437bbb44f72b73ba127e06d8e79"},"headline":"Cuma g\u00fcn\u00fc do\u011fu kesimlerinde hafif ya\u011fmur bekleniyor\u2026 S\u0131cakl\u0131k 33-36 derece dolaylar\u0131nda seyredecek","datePublished":"2024-05-22T22:54:55+00:00","mainEntityOfPage":{"@id":"https:\/\/kibrisdakik.com\/?p=42831"},"wordCount":148,"commentCount":0,"image":{"@id":"https:\/\/kibrisdakik.com\/?p=42831#primaryimage"},"thumbnailUrl":"https:\/\/kibrisdakik.com\/wp-content\/uploads\/2024\/05\/hava-durumu-parcali-bulutlu22.jpg","articleSection":["G\u00fcndem"],"inLanguage":"tr","potentialAction":[{"@type":"CommentAction","name":"Comment","target":["https:\/\/kibrisdakik.com\/?p=42831#respond"]}]},{"@type":"WebPage","@id":"https:\/\/kibrisdakik.com\/?p=42831","url":"https:\/\/kibrisdakik.com\/?p=42831","name":"Cuma g\u00fcn\u00fc do\u011fu kesimlerinde hafif ya\u011fmur bekleniyor\u2026 S\u0131cakl\u0131k 33-36 derece dolaylar\u0131nda seyredecek -","isPartOf":{"@id":"https:\/\/kibrisdakik.com\/#website"},"primaryImageOfPage":{"@id":"https:\/\/kibrisdakik.com\/?p=42831#primaryimage"},"image":{"@id":"https:\/\/kibrisdakik.com\/?p=42831#primaryimage"},"thumbnailUrl":"https:\/\/kibrisdakik.com\/wp-content\/uploads\/2024\/05\/hava-durumu-parcali-bulutlu22.jpg","datePublished":"2024-05-22T22:54:55+00:00","author":{"@id":"https:\/\/kibrisdakik.com\/#\/schema\/person\/9cd9d437bbb44f72b73ba127e06d8e79"},"breadcrumb":{"@id":"https:\/\/kibrisdakik.com\/?p=42831#breadcrumb"},"inLanguage":"tr","potentialAction":[{"@type":"ReadAction","target":["https:\/\/kibrisdakik.com\/?p=42831"]}]},{"@type":"ImageObject","inLanguage":"tr","@id":"https:\/\/kibrisdakik.com\/?p=42831#primaryimage","url":"https:\/\/kibrisdakik.com\/wp-content\/uploads\/2024\/05\/hava-durumu-parcali-bulutlu22.jpg","contentUrl":"https:\/\/kibrisdakik.com\/wp-content\/uploads\/2024\/05\/hava-durumu-parcali-bulutlu22.jpg","width":650,"height":360},{"@type":"BreadcrumbList","@id":"https:\/\/kibrisdakik.com\/?p=42831#breadcrumb","itemListElement":[{"@type":"ListItem","position":1,"name":"Home","item":"https:\/\/kibrisdakik.com\/"},{"@type":"ListItem","position":2,"name":"Cuma g\u00fcn\u00fc do\u011fu kesimlerinde hafif ya\u011fmur bekleniyor\u2026 S\u0131cakl\u0131k 33-36 derece dolaylar\u0131nda seyredecek"}]},{"@type":"WebSite","@id":"https:\/\/kibrisdakik.com\/#website","url":"https:\/\/kibrisdakik.com\/","name":"","description":"Tam vaktinde haber","potentialAction":[{"@type":"SearchAction","target":{"@type":"EntryPoint","urlTemplate":"https:\/\/kibrisdakik.com\/?s={search_term_string}"},"query-input":{"@type":"PropertyValueSpecification","valueRequired":true,"valueName":"search_term_string"}}],"inLanguage":"tr"},{"@type":"Person","@id":"https:\/\/kibrisdakik.com\/#\/schema\/person\/9cd9d437bbb44f72b73ba127e06d8e79","name":"admin","image":{"@type":"ImageObject","inLanguage":"tr","@id":"https:\/\/secure.gravatar.com\/avatar\/ccc17943b9d660506c869530f897617f7cb1c21a4bf30023f252596d83e1f007?s=96&d=mm&r=g","url":"https:\/\/secure.gravatar.com\/avatar\/ccc17943b9d660506c869530f897617f7cb1c21a4bf30023f252596d83e1f007?s=96&d=mm&r=g","contentUrl":"https:\/\/secure.gravatar.com\/avatar\/ccc17943b9d660506c869530f897617f7cb1c21a4bf30023f252596d83e1f007?s=96&d=mm&r=g","caption":"admin"},"sameAs":["https:\/\/kibrisdakik.com"],"url":"https:\/\/kibrisdakik.com\/?author=1"}]}},"_links":{"self":[{"href":"https:\/\/kibrisdakik.com\/index.php?rest_route=\/wp\/v2\/posts\/42831","targetHints":{"allow":["GET"]}}],"collection":[{"href":"https:\/\/kibrisdakik.com\/index.php?rest_route=\/wp\/v2\/posts"}],"about":[{"href":"https:\/\/kibrisdakik.com\/index.php?rest_route=\/wp\/v2\/types\/post"}],"author":[{"embeddable":true,"href":"https:\/\/kibrisdakik.com\/index.php?rest_route=\/wp\/v2\/users\/1"}],"replies":[{"embeddable":true,"href":"https:\/\/kibrisdakik.com\/index.php?rest_route=%2Fwp%2Fv2%2Fcomments&post=42831"}],"version-history":[{"count":0,"href":"https:\/\/kibrisdakik.com\/index.php?rest_route=\/wp\/v2\/posts\/42831\/revisions"}],"wp:featuredmedia":[{"embeddable":true,"href":"https:\/\/kibrisdakik.com\/index.php?rest_route=\/wp\/v2\/media\/42832"}],"wp:attachment":[{"href":"https:\/\/kibrisdakik.com\/index.php?rest_route=%2Fwp%2Fv2%2Fmedia&parent=42831"}],"wp:term":[{"taxonomy":"category","embeddable":true,"href":"https:\/\/kibrisdakik.com\/index.php?rest_route=%2Fwp%2Fv2%2Fcategories&post=42831"},{"taxonomy":"post_tag","embeddable":true,"href":"https:\/\/kibrisdakik.com\/index.php?rest_route=%2Fwp%2Fv2%2Ftags&post=42831"}],"curies":[{"name":"wp","href":"https:\/\/api.w.org\/{rel}","templated":true}]}}