{"id":42873,"date":"2024-05-23T07:56:14","date_gmt":"2024-05-23T07:56:14","guid":{"rendered":"https:\/\/kibrisdakik.com\/index.php\/2024\/05\/23\/alevkayasindaki-yangin-sonduruldu-2\/"},"modified":"2024-05-23T07:56:14","modified_gmt":"2024-05-23T07:56:14","slug":"alevkayasindaki-yangin-sonduruldu-2","status":"publish","type":"post","link":"https:\/\/kibrisdakik.com\/?p=42873","title":{"rendered":"Alevkayas\u0131\u2019ndaki yang\u0131n s\u00f6nd\u00fcr\u00fcld\u00fc"},"content":{"rendered":"<p><\/p>\n<div>\n<div class=\"mariselle-image-container center\">\n                <img loading=\"lazy\" decoding=\"async\" width=\"1600\" height=\"900\" class=\"lazy-image\" alt=\"\" sizes=\"auto, (max-width: 1600px) 100vw, 1600px\" src=\"https:\/\/brtk.net\/wp-content\/uploads\/2024\/05\/23\/ssadlksaksa.jpeg?ver=c1ed88779007db836412893492a135ae\" srcset=\"https:\/\/brtk.net\/wp-content\/uploads\/2024\/05\/23\/ssadlksaksa.jpeg?ver=c1ed88779007db836412893492a135ae 1600w, https:\/\/brtk.net\/wp-content\/uploads\/2024\/05\/23\/ssadlksaksa-300x169.jpeg?ver=f431604ef6113f75b265722695beeb92 300w, https:\/\/brtk.net\/wp-content\/uploads\/2024\/05\/23\/ssadlksaksa-1024x576.jpeg?ver=f431604ef6113f75b265722695beeb92 1024w, https:\/\/brtk.net\/wp-content\/uploads\/2024\/05\/23\/ssadlksaksa-768x432.jpeg?ver=f431604ef6113f75b265722695beeb92 768w, https:\/\/brtk.net\/wp-content\/uploads\/2024\/05\/23\/ssadlksaksa-1536x864.jpeg?ver=20bc05b38a9c251b072665a2a234f66c 1536w\"\/>                            <\/div>\n<p>Alevkayas\u0131\u2019n\u0131n g\u00fcneyinde d\u00fcn \u00e7\u0131kan yang\u0131n\u0131n s\u00f6nd\u00fcr\u00fcld\u00fc\u011f\u00fc ve so\u011futma \u00e7al\u0131\u015fmalar\u0131n\u0131n devam etti\u011fi a\u00e7\u0131kland\u0131.<\/p>\n<p>Polisten 9.00 s\u0131ralar\u0131nda al\u0131nan bilgiye g\u00f6re, Alevkayas\u0131\u2019n\u0131n g\u00fcneyinde d\u00fcn 13.30 s\u0131ralar\u0131nda ba\u015flayan yang\u0131n, sarp ve dik yama\u00e7larda devam etti\u011finden s\u00f6nd\u00fcrme \u00e7al\u0131\u015fmalar\u0131 zaman ald\u0131.<\/p>\n<p>\u0130tfaiye, Orman Dairesi, Sivil Savunma Te\u015fkilat\u0131 ve b\u00f6lge belediyelerince y\u00fcr\u00fctt\u00fc\u011f\u00fc \u00e7al\u0131\u015fmalar sonunda s\u00f6nd\u00fcr\u00fclen yang\u0131nla ilgili so\u011futma \u00e7al\u0131\u015fmalar\u0131 devam ediyor.<\/p>\n<p>Yang\u0131ndan etkilenen 100 d\u00f6n\u00fcml\u00fck alan i\u00e7indeki maki bitki \u00f6rt\u00fcs\u00fc, kuru otlar ve muhtelif a\u011fa\u00e7lar zarar g\u00f6rd\u00fc.<\/p>\n<\/p><\/div>\n<p><script async\n                    defer\n                    crossorigin=\"anonymous\"\n                    src=\"https:\/\/connect.facebook.net\/tr_TR\/sdk.js#xfbml=1&#038;version=v3.3\"\n            ><\/script><\/p>\n","protected":false},"excerpt":{"rendered":"<p>Alevkayas\u0131\u2019n\u0131n g\u00fcneyinde d\u00fcn \u00e7\u0131kan yang\u0131n\u0131n s\u00f6nd\u00fcr\u00fcld\u00fc\u011f\u00fc ve so\u011futma \u00e7al\u0131\u015fmalar\u0131n\u0131n devam etti\u011fi a\u00e7\u0131kland\u0131. Polisten 9.00 s\u0131ralar\u0131nda al\u0131nan bilgiye g\u00f6re, Alevkayas\u0131\u2019n\u0131n g\u00fcneyinde d\u00fcn 13.30 s\u0131ralar\u0131nda ba\u015flayan yang\u0131n, sarp ve dik yama\u00e7larda devam etti\u011finden s\u00f6nd\u00fcrme \u00e7al\u0131\u015fmalar\u0131 zaman ald\u0131. \u0130tfaiye, Orman Dairesi, Sivil Savunma Te\u015fkilat\u0131 ve b\u00f6lge belediyelerince y\u00fcr\u00fctt\u00fc\u011f\u00fc \u00e7al\u0131\u015fmalar sonunda s\u00f6nd\u00fcr\u00fclen yang\u0131nla ilgili so\u011futma \u00e7al\u0131\u015fmalar\u0131 devam ediyor. Yang\u0131ndan<\/p>\n","protected":false},"author":1,"featured_media":42874,"comment_status":"open","ping_status":"open","sticky":false,"template":"","format":"standard","meta":{"footnotes":""},"categories":[1],"tags":[],"class_list":["post-42873","post","type-post","status-publish","format-standard","has-post-thumbnail","hentry","category-gundem"],"yoast_head":"<!-- This site is optimized with the Yoast SEO plugin v27.4 - https:\/\/yoast.com\/product\/yoast-seo-wordpress\/ -->\n<title>Alevkayas\u0131\u2019ndaki yang\u0131n s\u00f6nd\u00fcr\u00fcld\u00fc -<\/title>\n<meta name=\"robots\" content=\"index, follow, max-snippet:-1, max-image-preview:large, max-video-preview:-1\" \/>\n<link rel=\"canonical\" href=\"https:\/\/kibrisdakik.com\/?p=42873\" \/>\n<meta property=\"og:locale\" content=\"tr_TR\" \/>\n<meta property=\"og:type\" content=\"article\" \/>\n<meta property=\"og:title\" content=\"Alevkayas\u0131\u2019ndaki yang\u0131n s\u00f6nd\u00fcr\u00fcld\u00fc -\" \/>\n<meta property=\"og:description\" content=\"Alevkayas\u0131\u2019n\u0131n g\u00fcneyinde d\u00fcn \u00e7\u0131kan yang\u0131n\u0131n s\u00f6nd\u00fcr\u00fcld\u00fc\u011f\u00fc ve so\u011futma \u00e7al\u0131\u015fmalar\u0131n\u0131n devam etti\u011fi a\u00e7\u0131kland\u0131. Polisten 9.00 s\u0131ralar\u0131nda al\u0131nan bilgiye g\u00f6re, Alevkayas\u0131\u2019n\u0131n g\u00fcneyinde d\u00fcn 13.30 s\u0131ralar\u0131nda ba\u015flayan yang\u0131n, sarp ve dik yama\u00e7larda devam etti\u011finden s\u00f6nd\u00fcrme \u00e7al\u0131\u015fmalar\u0131 zaman ald\u0131. \u0130tfaiye, Orman Dairesi, Sivil Savunma Te\u015fkilat\u0131 ve b\u00f6lge belediyelerince y\u00fcr\u00fctt\u00fc\u011f\u00fc \u00e7al\u0131\u015fmalar sonunda s\u00f6nd\u00fcr\u00fclen yang\u0131nla ilgili so\u011futma \u00e7al\u0131\u015fmalar\u0131 devam ediyor. Yang\u0131ndan\" \/>\n<meta property=\"og:url\" content=\"https:\/\/kibrisdakik.com\/?p=42873\" \/>\n<meta property=\"article:published_time\" content=\"2024-05-23T07:56:14+00:00\" \/>\n<meta property=\"og:image\" content=\"https:\/\/kibrisdakik.com\/wp-content\/uploads\/2024\/05\/ssadlksaksa-740x420.jpeg\" \/>\n\t<meta property=\"og:image:width\" content=\"1600\" \/>\n\t<meta property=\"og:image:height\" content=\"900\" \/>\n\t<meta property=\"og:image:type\" content=\"image\/jpeg\" \/>\n<meta name=\"author\" content=\"admin\" \/>\n<meta name=\"twitter:card\" content=\"summary_large_image\" \/>\n<meta name=\"twitter:label1\" content=\"Yazan:\" \/>\n\t<meta name=\"twitter:data1\" content=\"admin\" \/>\n\t<meta name=\"twitter:label2\" content=\"Tahmini okuma s\u00fcresi\" \/>\n\t<meta name=\"twitter:data2\" content=\"1 dakika\" \/>\n<script type=\"application\/ld+json\" class=\"yoast-schema-graph\">{\"@context\":\"https:\\\/\\\/schema.org\",\"@graph\":[{\"@type\":\"Article\",\"@id\":\"https:\\\/\\\/kibrisdakik.com\\\/?p=42873#article\",\"isPartOf\":{\"@id\":\"https:\\\/\\\/kibrisdakik.com\\\/?p=42873\"},\"author\":{\"name\":\"admin\",\"@id\":\"https:\\\/\\\/kibrisdakik.com\\\/#\\\/schema\\\/person\\\/9cd9d437bbb44f72b73ba127e06d8e79\"},\"headline\":\"Alevkayas\u0131\u2019ndaki yang\u0131n s\u00f6nd\u00fcr\u00fcld\u00fc\",\"datePublished\":\"2024-05-23T07:56:14+00:00\",\"mainEntityOfPage\":{\"@id\":\"https:\\\/\\\/kibrisdakik.com\\\/?p=42873\"},\"wordCount\":127,\"commentCount\":0,\"image\":{\"@id\":\"https:\\\/\\\/kibrisdakik.com\\\/?p=42873#primaryimage\"},\"thumbnailUrl\":\"https:\\\/\\\/kibrisdakik.com\\\/wp-content\\\/uploads\\\/2024\\\/05\\\/ssadlksaksa-740x420.jpeg\",\"articleSection\":[\"G\u00fcndem\"],\"inLanguage\":\"tr\",\"potentialAction\":[{\"@type\":\"CommentAction\",\"name\":\"Comment\",\"target\":[\"https:\\\/\\\/kibrisdakik.com\\\/?p=42873#respond\"]}]},{\"@type\":\"WebPage\",\"@id\":\"https:\\\/\\\/kibrisdakik.com\\\/?p=42873\",\"url\":\"https:\\\/\\\/kibrisdakik.com\\\/?p=42873\",\"name\":\"Alevkayas\u0131\u2019ndaki yang\u0131n s\u00f6nd\u00fcr\u00fcld\u00fc -\",\"isPartOf\":{\"@id\":\"https:\\\/\\\/kibrisdakik.com\\\/#website\"},\"primaryImageOfPage\":{\"@id\":\"https:\\\/\\\/kibrisdakik.com\\\/?p=42873#primaryimage\"},\"image\":{\"@id\":\"https:\\\/\\\/kibrisdakik.com\\\/?p=42873#primaryimage\"},\"thumbnailUrl\":\"https:\\\/\\\/kibrisdakik.com\\\/wp-content\\\/uploads\\\/2024\\\/05\\\/ssadlksaksa-740x420.jpeg\",\"datePublished\":\"2024-05-23T07:56:14+00:00\",\"author\":{\"@id\":\"https:\\\/\\\/kibrisdakik.com\\\/#\\\/schema\\\/person\\\/9cd9d437bbb44f72b73ba127e06d8e79\"},\"breadcrumb\":{\"@id\":\"https:\\\/\\\/kibrisdakik.com\\\/?p=42873#breadcrumb\"},\"inLanguage\":\"tr\",\"potentialAction\":[{\"@type\":\"ReadAction\",\"target\":[\"https:\\\/\\\/kibrisdakik.com\\\/?p=42873\"]}]},{\"@type\":\"ImageObject\",\"inLanguage\":\"tr\",\"@id\":\"https:\\\/\\\/kibrisdakik.com\\\/?p=42873#primaryimage\",\"url\":\"https:\\\/\\\/kibrisdakik.com\\\/wp-content\\\/uploads\\\/2024\\\/05\\\/ssadlksaksa-740x420.jpeg\",\"contentUrl\":\"https:\\\/\\\/kibrisdakik.com\\\/wp-content\\\/uploads\\\/2024\\\/05\\\/ssadlksaksa-740x420.jpeg\",\"width\":1600,\"height\":900},{\"@type\":\"BreadcrumbList\",\"@id\":\"https:\\\/\\\/kibrisdakik.com\\\/?p=42873#breadcrumb\",\"itemListElement\":[{\"@type\":\"ListItem\",\"position\":1,\"name\":\"Home\",\"item\":\"https:\\\/\\\/kibrisdakik.com\\\/\"},{\"@type\":\"ListItem\",\"position\":2,\"name\":\"Alevkayas\u0131\u2019ndaki yang\u0131n s\u00f6nd\u00fcr\u00fcld\u00fc\"}]},{\"@type\":\"WebSite\",\"@id\":\"https:\\\/\\\/kibrisdakik.com\\\/#website\",\"url\":\"https:\\\/\\\/kibrisdakik.com\\\/\",\"name\":\"\",\"description\":\"Tam vaktinde haber\",\"potentialAction\":[{\"@type\":\"SearchAction\",\"target\":{\"@type\":\"EntryPoint\",\"urlTemplate\":\"https:\\\/\\\/kibrisdakik.com\\\/?s={search_term_string}\"},\"query-input\":{\"@type\":\"PropertyValueSpecification\",\"valueRequired\":true,\"valueName\":\"search_term_string\"}}],\"inLanguage\":\"tr\"},{\"@type\":\"Person\",\"@id\":\"https:\\\/\\\/kibrisdakik.com\\\/#\\\/schema\\\/person\\\/9cd9d437bbb44f72b73ba127e06d8e79\",\"name\":\"admin\",\"image\":{\"@type\":\"ImageObject\",\"inLanguage\":\"tr\",\"@id\":\"https:\\\/\\\/secure.gravatar.com\\\/avatar\\\/ccc17943b9d660506c869530f897617f7cb1c21a4bf30023f252596d83e1f007?s=96&d=mm&r=g\",\"url\":\"https:\\\/\\\/secure.gravatar.com\\\/avatar\\\/ccc17943b9d660506c869530f897617f7cb1c21a4bf30023f252596d83e1f007?s=96&d=mm&r=g\",\"contentUrl\":\"https:\\\/\\\/secure.gravatar.com\\\/avatar\\\/ccc17943b9d660506c869530f897617f7cb1c21a4bf30023f252596d83e1f007?s=96&d=mm&r=g\",\"caption\":\"admin\"},\"sameAs\":[\"https:\\\/\\\/kibrisdakik.com\"],\"url\":\"https:\\\/\\\/kibrisdakik.com\\\/?author=1\"}]}<\/script>\n<!-- \/ Yoast SEO plugin. -->","yoast_head_json":{"title":"Alevkayas\u0131\u2019ndaki yang\u0131n s\u00f6nd\u00fcr\u00fcld\u00fc -","robots":{"index":"index","follow":"follow","max-snippet":"max-snippet:-1","max-image-preview":"max-image-preview:large","max-video-preview":"max-video-preview:-1"},"canonical":"https:\/\/kibrisdakik.com\/?p=42873","og_locale":"tr_TR","og_type":"article","og_title":"Alevkayas\u0131\u2019ndaki yang\u0131n s\u00f6nd\u00fcr\u00fcld\u00fc -","og_description":"Alevkayas\u0131\u2019n\u0131n g\u00fcneyinde d\u00fcn \u00e7\u0131kan yang\u0131n\u0131n s\u00f6nd\u00fcr\u00fcld\u00fc\u011f\u00fc ve so\u011futma \u00e7al\u0131\u015fmalar\u0131n\u0131n devam etti\u011fi a\u00e7\u0131kland\u0131. Polisten 9.00 s\u0131ralar\u0131nda al\u0131nan bilgiye g\u00f6re, Alevkayas\u0131\u2019n\u0131n g\u00fcneyinde d\u00fcn 13.30 s\u0131ralar\u0131nda ba\u015flayan yang\u0131n, sarp ve dik yama\u00e7larda devam etti\u011finden s\u00f6nd\u00fcrme \u00e7al\u0131\u015fmalar\u0131 zaman ald\u0131. \u0130tfaiye, Orman Dairesi, Sivil Savunma Te\u015fkilat\u0131 ve b\u00f6lge belediyelerince y\u00fcr\u00fctt\u00fc\u011f\u00fc \u00e7al\u0131\u015fmalar sonunda s\u00f6nd\u00fcr\u00fclen yang\u0131nla ilgili so\u011futma \u00e7al\u0131\u015fmalar\u0131 devam ediyor. Yang\u0131ndan","og_url":"https:\/\/kibrisdakik.com\/?p=42873","article_published_time":"2024-05-23T07:56:14+00:00","og_image":[{"width":1600,"height":900,"url":"https:\/\/kibrisdakik.com\/wp-content\/uploads\/2024\/05\/ssadlksaksa-740x420.jpeg","type":"image\/jpeg"}],"author":"admin","twitter_card":"summary_large_image","twitter_misc":{"Yazan:":"admin","Tahmini okuma s\u00fcresi":"1 dakika"},"schema":{"@context":"https:\/\/schema.org","@graph":[{"@type":"Article","@id":"https:\/\/kibrisdakik.com\/?p=42873#article","isPartOf":{"@id":"https:\/\/kibrisdakik.com\/?p=42873"},"author":{"name":"admin","@id":"https:\/\/kibrisdakik.com\/#\/schema\/person\/9cd9d437bbb44f72b73ba127e06d8e79"},"headline":"Alevkayas\u0131\u2019ndaki yang\u0131n s\u00f6nd\u00fcr\u00fcld\u00fc","datePublished":"2024-05-23T07:56:14+00:00","mainEntityOfPage":{"@id":"https:\/\/kibrisdakik.com\/?p=42873"},"wordCount":127,"commentCount":0,"image":{"@id":"https:\/\/kibrisdakik.com\/?p=42873#primaryimage"},"thumbnailUrl":"https:\/\/kibrisdakik.com\/wp-content\/uploads\/2024\/05\/ssadlksaksa-740x420.jpeg","articleSection":["G\u00fcndem"],"inLanguage":"tr","potentialAction":[{"@type":"CommentAction","name":"Comment","target":["https:\/\/kibrisdakik.com\/?p=42873#respond"]}]},{"@type":"WebPage","@id":"https:\/\/kibrisdakik.com\/?p=42873","url":"https:\/\/kibrisdakik.com\/?p=42873","name":"Alevkayas\u0131\u2019ndaki yang\u0131n s\u00f6nd\u00fcr\u00fcld\u00fc -","isPartOf":{"@id":"https:\/\/kibrisdakik.com\/#website"},"primaryImageOfPage":{"@id":"https:\/\/kibrisdakik.com\/?p=42873#primaryimage"},"image":{"@id":"https:\/\/kibrisdakik.com\/?p=42873#primaryimage"},"thumbnailUrl":"https:\/\/kibrisdakik.com\/wp-content\/uploads\/2024\/05\/ssadlksaksa-740x420.jpeg","datePublished":"2024-05-23T07:56:14+00:00","author":{"@id":"https:\/\/kibrisdakik.com\/#\/schema\/person\/9cd9d437bbb44f72b73ba127e06d8e79"},"breadcrumb":{"@id":"https:\/\/kibrisdakik.com\/?p=42873#breadcrumb"},"inLanguage":"tr","potentialAction":[{"@type":"ReadAction","target":["https:\/\/kibrisdakik.com\/?p=42873"]}]},{"@type":"ImageObject","inLanguage":"tr","@id":"https:\/\/kibrisdakik.com\/?p=42873#primaryimage","url":"https:\/\/kibrisdakik.com\/wp-content\/uploads\/2024\/05\/ssadlksaksa-740x420.jpeg","contentUrl":"https:\/\/kibrisdakik.com\/wp-content\/uploads\/2024\/05\/ssadlksaksa-740x420.jpeg","width":1600,"height":900},{"@type":"BreadcrumbList","@id":"https:\/\/kibrisdakik.com\/?p=42873#breadcrumb","itemListElement":[{"@type":"ListItem","position":1,"name":"Home","item":"https:\/\/kibrisdakik.com\/"},{"@type":"ListItem","position":2,"name":"Alevkayas\u0131\u2019ndaki yang\u0131n s\u00f6nd\u00fcr\u00fcld\u00fc"}]},{"@type":"WebSite","@id":"https:\/\/kibrisdakik.com\/#website","url":"https:\/\/kibrisdakik.com\/","name":"","description":"Tam vaktinde haber","potentialAction":[{"@type":"SearchAction","target":{"@type":"EntryPoint","urlTemplate":"https:\/\/kibrisdakik.com\/?s={search_term_string}"},"query-input":{"@type":"PropertyValueSpecification","valueRequired":true,"valueName":"search_term_string"}}],"inLanguage":"tr"},{"@type":"Person","@id":"https:\/\/kibrisdakik.com\/#\/schema\/person\/9cd9d437bbb44f72b73ba127e06d8e79","name":"admin","image":{"@type":"ImageObject","inLanguage":"tr","@id":"https:\/\/secure.gravatar.com\/avatar\/ccc17943b9d660506c869530f897617f7cb1c21a4bf30023f252596d83e1f007?s=96&d=mm&r=g","url":"https:\/\/secure.gravatar.com\/avatar\/ccc17943b9d660506c869530f897617f7cb1c21a4bf30023f252596d83e1f007?s=96&d=mm&r=g","contentUrl":"https:\/\/secure.gravatar.com\/avatar\/ccc17943b9d660506c869530f897617f7cb1c21a4bf30023f252596d83e1f007?s=96&d=mm&r=g","caption":"admin"},"sameAs":["https:\/\/kibrisdakik.com"],"url":"https:\/\/kibrisdakik.com\/?author=1"}]}},"_links":{"self":[{"href":"https:\/\/kibrisdakik.com\/index.php?rest_route=\/wp\/v2\/posts\/42873","targetHints":{"allow":["GET"]}}],"collection":[{"href":"https:\/\/kibrisdakik.com\/index.php?rest_route=\/wp\/v2\/posts"}],"about":[{"href":"https:\/\/kibrisdakik.com\/index.php?rest_route=\/wp\/v2\/types\/post"}],"author":[{"embeddable":true,"href":"https:\/\/kibrisdakik.com\/index.php?rest_route=\/wp\/v2\/users\/1"}],"replies":[{"embeddable":true,"href":"https:\/\/kibrisdakik.com\/index.php?rest_route=%2Fwp%2Fv2%2Fcomments&post=42873"}],"version-history":[{"count":0,"href":"https:\/\/kibrisdakik.com\/index.php?rest_route=\/wp\/v2\/posts\/42873\/revisions"}],"wp:featuredmedia":[{"embeddable":true,"href":"https:\/\/kibrisdakik.com\/index.php?rest_route=\/wp\/v2\/media\/42874"}],"wp:attachment":[{"href":"https:\/\/kibrisdakik.com\/index.php?rest_route=%2Fwp%2Fv2%2Fmedia&parent=42873"}],"wp:term":[{"taxonomy":"category","embeddable":true,"href":"https:\/\/kibrisdakik.com\/index.php?rest_route=%2Fwp%2Fv2%2Fcategories&post=42873"},{"taxonomy":"post_tag","embeddable":true,"href":"https:\/\/kibrisdakik.com\/index.php?rest_route=%2Fwp%2Fv2%2Ftags&post=42873"}],"curies":[{"name":"wp","href":"https:\/\/api.w.org\/{rel}","templated":true}]}}