{"id":4295,"date":"2023-03-31T09:15:50","date_gmt":"2023-03-31T09:15:50","guid":{"rendered":"https:\/\/kibrisdakik.com\/index.php\/2023\/03\/31\/cumhurbaskani-tatar-garantor-ulke-olan-ingilterenin-sorumlulugundan-kacmamasi-gerekiyor\/"},"modified":"2023-03-31T09:15:50","modified_gmt":"2023-03-31T09:15:50","slug":"cumhurbaskani-tatar-garantor-ulke-olan-ingilterenin-sorumlulugundan-kacmamasi-gerekiyor","status":"publish","type":"post","link":"https:\/\/kibrisdakik.com\/?p=4295","title":{"rendered":"Cumhurba\u015fkan\u0131 Tatar: Garant\u00f6r \u00fclke olan \u0130ngiltere\u2019nin sorumlulu\u011fundan ka\u00e7mamas\u0131 gerekiyor"},"content":{"rendered":"<p><\/p>\n<div>\n<div class=\"mariselle-image-container center\">\n                <img width=\"805\" height=\"400\" class=\"lazy-image\" alt=\"\" decoding=\"async\" loading=\"lazy\" sizes=\"auto, (max-width: 805px) 100vw, 805px\" src=\"https:\/\/brtk.net\/wp-content\/uploads\/2023\/02\/19\/tatar36.jpg?ver=41489e665781a7064ae180aa541bb8b2\" srcset=\"https:\/\/brtk.net\/wp-content\/uploads\/2023\/02\/19\/tatar36.jpg?ver=41489e665781a7064ae180aa541bb8b2 805w, https:\/\/brtk.net\/wp-content\/uploads\/2023\/02\/19\/tatar36-300x149.jpg?ver=41489e665781a7064ae180aa541bb8b2 300w, https:\/\/brtk.net\/wp-content\/uploads\/2023\/02\/19\/tatar36-768x382.jpg?ver=41489e665781a7064ae180aa541bb8b2 768w\"\/>                            <\/div>\n<p>Konferans vermek \u00fczere Londra\u2019da King\u2019s Kolej\u2019e giden Cumhurba\u015fkan\u0131 <a href=\"https:\/\/brtk.net\/\"\/><a href=\"https:\/\/brtk.net\/\"\/><a href=\"https:\/\/brtk.net\/\"\/><a href=\"https:\/\/brtk.net\/\"\/><a href=\"https:\/\/brtk.net\/\"\/><a href=\"https:\/\/brtk.net\/\">Tatar<\/a>\u2019a Rum \u00f6\u011frenciler protesto eylemi yapm\u0131\u015ft\u0131. Cumhurba\u015fkan\u0131 <a href=\"https:\/\/brtk.net\/\"\/><a href=\"https:\/\/brtk.net\/\"\/><a href=\"https:\/\/brtk.net\/\"\/><a href=\"https:\/\/brtk.net\/\"\/><a href=\"https:\/\/brtk.net\/\"\/><a href=\"https:\/\/brtk.net\/\">Tatar<\/a> sald\u0131r\u0131 giri\u015fiminin ard\u0131nan <a href=\"https:\/\/brtk.net\/\">BRT<\/a>\u2019ye a\u00e7\u0131klamada bulundu.<\/p>\n<p>Cumhurba\u015fkan\u0131 konu\u015fmas\u0131nda, \u00e7ok say\u0131da ge\u00e7mi\u015f olsun mesaj\u0131 ald\u0131\u011f\u0131n\u0131 belirterek, \u201cT\u00fcrkiye Cumhuriyeti\u2019nin ve K\u0131br\u0131s T\u00fcrk halk\u0131n\u0131n yan\u0131m\u0131zda oldu\u011funu g\u00f6rd\u00fcm\u201d dedi.<\/p>\n<p>Davet i\u00e7in Londra\u2019ya gitti\u011fini an\u0131msatan <a href=\"https:\/\/brtk.net\/\"\/><a href=\"https:\/\/brtk.net\/\"\/><a href=\"https:\/\/brtk.net\/\"\/><a href=\"https:\/\/brtk.net\/\"\/><a href=\"https:\/\/brtk.net\/\"\/><a href=\"https:\/\/brtk.net\/\">Tatar<\/a>, \u00fcniversite y\u00f6netiminin bunu onaylad\u0131\u011f\u0131n\u0131 belirtti. <a href=\"https:\/\/brtk.net\/\"\/><a href=\"https:\/\/brtk.net\/\"\/><a href=\"https:\/\/brtk.net\/\"\/><a href=\"https:\/\/brtk.net\/\"\/><a href=\"https:\/\/brtk.net\/\"\/><a href=\"https:\/\/brtk.net\/\">Tatar<\/a> ya\u015fad\u0131klar\u0131n\u0131 \u015f\u00f6yle anlatt\u0131, \u201cBu ta\u015fk\u0131nl\u0131\u011fa ra\u011fmen ben konferansa girece\u011fim \u015feklinde mesaj ilettim engellenemez dedim, oraya varmadan \u00f6nce orada kalabal\u0131k vard\u0131, y\u00fcksek sesli konu\u015fmalar \u015fiddetini art\u0131rd\u0131, s\u00f6zl\u00fc sald\u0131r\u0131 yap\u0131ld\u0131. Orada K\u0131br\u0131s bayra\u011f\u0131 yoktu, hep Yunan bayra\u011f\u0131 vard\u0131. T\u00fcrk askeri d\u0131\u015far\u0131, i\u015fgale son ve <a href=\"https:\/\/brtk.net\/\"\/><a href=\"https:\/\/brtk.net\/\">KKTC<\/a> sahte devlettir \u015feklinde hakaret dolu sloganlar att\u0131lar. ve bunlar \u00f6zellikle londra gibi bir yerde bir \u00fcniversitede oluyor. Ben her\u015feye ra\u011fmen konferans\u0131 verdim\u201d dedi.<\/p>\n<p>Cumhurba\u015fkan\u0131 <a href=\"https:\/\/brtk.net\/\"\/><a href=\"https:\/\/brtk.net\/\"\/><a href=\"https:\/\/brtk.net\/\"\/><a href=\"https:\/\/brtk.net\/\"\/><a href=\"https:\/\/brtk.net\/\"\/><a href=\"https:\/\/brtk.net\/\">Tatar<\/a>, \u201c<a href=\"https:\/\/brtk.net\/\"\/><a href=\"https:\/\/brtk.net\/\">KKTC<\/a>\u2019nin se\u00e7ilmi\u015f cumhurba\u015fkan\u0131na kar\u015f\u0131 b\u00f6yle yapmalar\u0131 ve i\u015fi abartmalar\u0131 ve bunun ne kadar yak\u0131\u015f\u0131ks\u0131z oldu\u011funu g\u00f6rd\u00fcm, oradan ge\u00e7tim konferans\u0131 yapt\u0131m. \u00c7ok say\u0131da \u00f6\u011frenci de geldi beni dinledi. Bana soru iletsinler cevaplay\u0131m ama o yunanl\u0131 \u00f6\u011frenciler bunu de\u011fil protestoyu tercih etti. Zihniyetlerini belli ettiler\u201ddedi.<\/p>\n<p><a href=\"https:\/\/brtk.net\/\"\/><a href=\"https:\/\/brtk.net\/\"\/><a href=\"https:\/\/brtk.net\/\"\/><a href=\"https:\/\/brtk.net\/\"\/><a href=\"https:\/\/brtk.net\/\"\/><a href=\"https:\/\/brtk.net\/\">Tatar<\/a>, her t\u00fcrl\u00fc temasta ve toplant\u0131da, iki egemen e\u015fit devlet stat\u00fcs\u00fcn\u00fc, bu kadar y\u0131ld\u0131r neden anla\u015fama olamad\u0131\u011f\u0131n\u0131, bizleri engellemek i\u00e7in yap\u0131lanlar\u0131, detayl\u0131 bir \u015fekilde anlatmaya \u00e7al\u0131\u015ft\u0131\u011f\u0131n\u0131 ifade etti.<\/p>\n<p>Olay\u0131, oradaki <a href=\"https:\/\/brtk.net\/\"\/><a href=\"https:\/\/brtk.net\/\">KKTC<\/a> temsilcisi ile de\u011ferlendirmeye devam ettiklerini s\u00f6yleyen Cumhurba\u015fkan\u0131, \u201cK\u0131br\u0131s meselesi san\u0131ld\u0131\u011f\u0131 gibi de\u011fil, ingiltere \u00f6nemli bir \u00fclke, ba\u011f\u0131m\u0131z var. \u0130ngiltere garant\u00f6r \u00fclkeden bir tanesidir. Orada \u00e7ok say\u0131da hem K\u0131br\u0131sl\u0131 T\u00fcrk hem de K\u0131br\u0131sl\u0131 Rum ya\u015f\u0131yor. K\u0131br\u0131s meselesinde daha adaletli bir politika geli\u015ftirmesi gerekiyor\u201d dedi.<\/p>\n<p>\u0130ngiltere\u2019ye b\u00f6yle temaslarda ba\u015fvuru yapt\u0131klar\u0131n\u0131 dile getiren Cumhurba\u015fkan\u0131,  \u0130ngiltere\u2019nin sorumlulu\u011fundan ka\u00e7mamas\u0131 gerekti\u011fini vurgulad\u0131.<\/p>\n<p>Konu\u015fmas\u0131nda, \u201cK\u0131br\u0131s\u2019ta bir anla\u015fma olacaksa, egemen e\u015fitlik temelinde olmal\u0131d\u0131r\u201d vurgusu yapan <a href=\"https:\/\/brtk.net\/\"\/><a href=\"https:\/\/brtk.net\/\"\/><a href=\"https:\/\/brtk.net\/\"\/><a href=\"https:\/\/brtk.net\/\"\/><a href=\"https:\/\/brtk.net\/\"\/><a href=\"https:\/\/brtk.net\/\">Tatar<\/a>, \u201cK\u0131br\u0131sl\u0131 Rumlar K\u0131br\u0131sl\u0131 T\u00fcrkler\u2019den daha egemen de\u011fildir. Bizi yama etmeleri bizim taraf\u0131m\u0131zdan asla kabul g\u00f6rmeyecektir\u201d dedi. <\/p>\n<p><a href=\"https:\/\/brtk.net\/\">BRT<\/a><\/p>\n<\/p><\/div>\n<p><script async\n                    defer\n                    crossorigin=\"anonymous\"\n                    src=\"https:\/\/connect.facebook.net\/tr_TR\/sdk.js#xfbml=1&#038;version=v3.3\"\n            ><\/script><\/p>\n","protected":false},"excerpt":{"rendered":"<p>Konferans vermek \u00fczere Londra\u2019da King\u2019s Kolej\u2019e giden Cumhurba\u015fkan\u0131 Tatar\u2019a Rum \u00f6\u011frenciler protesto eylemi yapm\u0131\u015ft\u0131. Cumhurba\u015fkan\u0131 Tatar sald\u0131r\u0131 giri\u015fiminin ard\u0131nan BRT\u2019ye a\u00e7\u0131klamada bulundu. Cumhurba\u015fkan\u0131 konu\u015fmas\u0131nda, \u00e7ok say\u0131da ge\u00e7mi\u015f olsun mesaj\u0131 ald\u0131\u011f\u0131n\u0131 belirterek, \u201cT\u00fcrkiye Cumhuriyeti\u2019nin ve K\u0131br\u0131s T\u00fcrk halk\u0131n\u0131n yan\u0131m\u0131zda oldu\u011funu g\u00f6rd\u00fcm\u201d dedi. Davet i\u00e7in Londra\u2019ya gitti\u011fini an\u0131msatan Tatar, \u00fcniversite y\u00f6netiminin bunu onaylad\u0131\u011f\u0131n\u0131 belirtti. Tatar ya\u015fad\u0131klar\u0131n\u0131 \u015f\u00f6yle<\/p>\n","protected":false},"author":1,"featured_media":187,"comment_status":"open","ping_status":"open","sticky":false,"template":"","format":"standard","meta":{"footnotes":""},"categories":[1],"tags":[],"class_list":["post-4295","post","type-post","status-publish","format-standard","has-post-thumbnail","hentry","category-gundem"],"yoast_head":"<!-- This site is optimized with the Yoast SEO plugin v27.5 - https:\/\/yoast.com\/product\/yoast-seo-wordpress\/ -->\n<title>Cumhurba\u015fkan\u0131 Tatar: Garant\u00f6r \u00fclke olan \u0130ngiltere\u2019nin sorumlulu\u011fundan ka\u00e7mamas\u0131 gerekiyor -<\/title>\n<meta name=\"robots\" content=\"index, follow, max-snippet:-1, max-image-preview:large, max-video-preview:-1\" \/>\n<link rel=\"canonical\" href=\"https:\/\/kibrisdakik.com\/?p=4295\" \/>\n<meta property=\"og:locale\" content=\"tr_TR\" \/>\n<meta property=\"og:type\" content=\"article\" \/>\n<meta property=\"og:title\" content=\"Cumhurba\u015fkan\u0131 Tatar: Garant\u00f6r \u00fclke olan \u0130ngiltere\u2019nin sorumlulu\u011fundan ka\u00e7mamas\u0131 gerekiyor -\" \/>\n<meta property=\"og:description\" content=\"Konferans vermek \u00fczere Londra\u2019da King\u2019s Kolej\u2019e giden Cumhurba\u015fkan\u0131 Tatar\u2019a Rum \u00f6\u011frenciler protesto eylemi yapm\u0131\u015ft\u0131. Cumhurba\u015fkan\u0131 Tatar sald\u0131r\u0131 giri\u015fiminin ard\u0131nan BRT\u2019ye a\u00e7\u0131klamada bulundu. Cumhurba\u015fkan\u0131 konu\u015fmas\u0131nda, \u00e7ok say\u0131da ge\u00e7mi\u015f olsun mesaj\u0131 ald\u0131\u011f\u0131n\u0131 belirterek, \u201cT\u00fcrkiye Cumhuriyeti\u2019nin ve K\u0131br\u0131s T\u00fcrk halk\u0131n\u0131n yan\u0131m\u0131zda oldu\u011funu g\u00f6rd\u00fcm\u201d dedi. Davet i\u00e7in Londra\u2019ya gitti\u011fini an\u0131msatan Tatar, \u00fcniversite y\u00f6netiminin bunu onaylad\u0131\u011f\u0131n\u0131 belirtti. Tatar ya\u015fad\u0131klar\u0131n\u0131 \u015f\u00f6yle\" \/>\n<meta property=\"og:url\" content=\"https:\/\/kibrisdakik.com\/?p=4295\" \/>\n<meta property=\"article:published_time\" content=\"2023-03-31T09:15:50+00:00\" \/>\n<meta property=\"og:image\" content=\"https:\/\/kibrisdakik.com\/wp-content\/uploads\/2023\/02\/tatar36-740x400.jpg\" \/>\n\t<meta property=\"og:image:width\" content=\"805\" \/>\n\t<meta property=\"og:image:height\" content=\"400\" \/>\n\t<meta property=\"og:image:type\" content=\"image\/jpeg\" \/>\n<meta name=\"author\" content=\"admin\" \/>\n<meta name=\"twitter:card\" content=\"summary_large_image\" \/>\n<meta name=\"twitter:label1\" content=\"Yazan:\" \/>\n\t<meta name=\"twitter:data1\" content=\"admin\" \/>\n\t<meta name=\"twitter:label2\" content=\"Tahmini okuma s\u00fcresi\" \/>\n\t<meta name=\"twitter:data2\" content=\"2 dakika\" \/>\n<script type=\"application\/ld+json\" class=\"yoast-schema-graph\">{\"@context\":\"https:\\\/\\\/schema.org\",\"@graph\":[{\"@type\":\"Article\",\"@id\":\"https:\\\/\\\/kibrisdakik.com\\\/?p=4295#article\",\"isPartOf\":{\"@id\":\"https:\\\/\\\/kibrisdakik.com\\\/?p=4295\"},\"author\":{\"name\":\"admin\",\"@id\":\"https:\\\/\\\/kibrisdakik.com\\\/#\\\/schema\\\/person\\\/9cd9d437bbb44f72b73ba127e06d8e79\"},\"headline\":\"Cumhurba\u015fkan\u0131 Tatar: Garant\u00f6r \u00fclke olan \u0130ngiltere\u2019nin sorumlulu\u011fundan ka\u00e7mamas\u0131 gerekiyor\",\"datePublished\":\"2023-03-31T09:15:50+00:00\",\"mainEntityOfPage\":{\"@id\":\"https:\\\/\\\/kibrisdakik.com\\\/?p=4295\"},\"wordCount\":433,\"commentCount\":0,\"image\":{\"@id\":\"https:\\\/\\\/kibrisdakik.com\\\/?p=4295#primaryimage\"},\"thumbnailUrl\":\"https:\\\/\\\/kibrisdakik.com\\\/wp-content\\\/uploads\\\/2023\\\/02\\\/tatar36-740x400.jpg\",\"articleSection\":[\"G\u00fcndem\"],\"inLanguage\":\"tr\",\"potentialAction\":[{\"@type\":\"CommentAction\",\"name\":\"Comment\",\"target\":[\"https:\\\/\\\/kibrisdakik.com\\\/?p=4295#respond\"]}]},{\"@type\":\"WebPage\",\"@id\":\"https:\\\/\\\/kibrisdakik.com\\\/?p=4295\",\"url\":\"https:\\\/\\\/kibrisdakik.com\\\/?p=4295\",\"name\":\"Cumhurba\u015fkan\u0131 Tatar: Garant\u00f6r \u00fclke olan \u0130ngiltere\u2019nin sorumlulu\u011fundan ka\u00e7mamas\u0131 gerekiyor -\",\"isPartOf\":{\"@id\":\"https:\\\/\\\/kibrisdakik.com\\\/#website\"},\"primaryImageOfPage\":{\"@id\":\"https:\\\/\\\/kibrisdakik.com\\\/?p=4295#primaryimage\"},\"image\":{\"@id\":\"https:\\\/\\\/kibrisdakik.com\\\/?p=4295#primaryimage\"},\"thumbnailUrl\":\"https:\\\/\\\/kibrisdakik.com\\\/wp-content\\\/uploads\\\/2023\\\/02\\\/tatar36-740x400.jpg\",\"datePublished\":\"2023-03-31T09:15:50+00:00\",\"author\":{\"@id\":\"https:\\\/\\\/kibrisdakik.com\\\/#\\\/schema\\\/person\\\/9cd9d437bbb44f72b73ba127e06d8e79\"},\"breadcrumb\":{\"@id\":\"https:\\\/\\\/kibrisdakik.com\\\/?p=4295#breadcrumb\"},\"inLanguage\":\"tr\",\"potentialAction\":[{\"@type\":\"ReadAction\",\"target\":[\"https:\\\/\\\/kibrisdakik.com\\\/?p=4295\"]}]},{\"@type\":\"ImageObject\",\"inLanguage\":\"tr\",\"@id\":\"https:\\\/\\\/kibrisdakik.com\\\/?p=4295#primaryimage\",\"url\":\"https:\\\/\\\/kibrisdakik.com\\\/wp-content\\\/uploads\\\/2023\\\/02\\\/tatar36-740x400.jpg\",\"contentUrl\":\"https:\\\/\\\/kibrisdakik.com\\\/wp-content\\\/uploads\\\/2023\\\/02\\\/tatar36-740x400.jpg\",\"width\":805,\"height\":400},{\"@type\":\"BreadcrumbList\",\"@id\":\"https:\\\/\\\/kibrisdakik.com\\\/?p=4295#breadcrumb\",\"itemListElement\":[{\"@type\":\"ListItem\",\"position\":1,\"name\":\"Home\",\"item\":\"https:\\\/\\\/kibrisdakik.com\\\/\"},{\"@type\":\"ListItem\",\"position\":2,\"name\":\"Cumhurba\u015fkan\u0131 Tatar: Garant\u00f6r \u00fclke olan \u0130ngiltere\u2019nin sorumlulu\u011fundan ka\u00e7mamas\u0131 gerekiyor\"}]},{\"@type\":\"WebSite\",\"@id\":\"https:\\\/\\\/kibrisdakik.com\\\/#website\",\"url\":\"https:\\\/\\\/kibrisdakik.com\\\/\",\"name\":\"\",\"description\":\"Tam vaktinde haber\",\"potentialAction\":[{\"@type\":\"SearchAction\",\"target\":{\"@type\":\"EntryPoint\",\"urlTemplate\":\"https:\\\/\\\/kibrisdakik.com\\\/?s={search_term_string}\"},\"query-input\":{\"@type\":\"PropertyValueSpecification\",\"valueRequired\":true,\"valueName\":\"search_term_string\"}}],\"inLanguage\":\"tr\"},{\"@type\":\"Person\",\"@id\":\"https:\\\/\\\/kibrisdakik.com\\\/#\\\/schema\\\/person\\\/9cd9d437bbb44f72b73ba127e06d8e79\",\"name\":\"admin\",\"image\":{\"@type\":\"ImageObject\",\"inLanguage\":\"tr\",\"@id\":\"https:\\\/\\\/secure.gravatar.com\\\/avatar\\\/ccc17943b9d660506c869530f897617f7cb1c21a4bf30023f252596d83e1f007?s=96&d=mm&r=g\",\"url\":\"https:\\\/\\\/secure.gravatar.com\\\/avatar\\\/ccc17943b9d660506c869530f897617f7cb1c21a4bf30023f252596d83e1f007?s=96&d=mm&r=g\",\"contentUrl\":\"https:\\\/\\\/secure.gravatar.com\\\/avatar\\\/ccc17943b9d660506c869530f897617f7cb1c21a4bf30023f252596d83e1f007?s=96&d=mm&r=g\",\"caption\":\"admin\"},\"sameAs\":[\"https:\\\/\\\/kibrisdakik.com\"],\"url\":\"https:\\\/\\\/kibrisdakik.com\\\/?author=1\"}]}<\/script>\n<!-- \/ Yoast SEO plugin. -->","yoast_head_json":{"title":"Cumhurba\u015fkan\u0131 Tatar: Garant\u00f6r \u00fclke olan \u0130ngiltere\u2019nin sorumlulu\u011fundan ka\u00e7mamas\u0131 gerekiyor -","robots":{"index":"index","follow":"follow","max-snippet":"max-snippet:-1","max-image-preview":"max-image-preview:large","max-video-preview":"max-video-preview:-1"},"canonical":"https:\/\/kibrisdakik.com\/?p=4295","og_locale":"tr_TR","og_type":"article","og_title":"Cumhurba\u015fkan\u0131 Tatar: Garant\u00f6r \u00fclke olan \u0130ngiltere\u2019nin sorumlulu\u011fundan ka\u00e7mamas\u0131 gerekiyor -","og_description":"Konferans vermek \u00fczere Londra\u2019da King\u2019s Kolej\u2019e giden Cumhurba\u015fkan\u0131 Tatar\u2019a Rum \u00f6\u011frenciler protesto eylemi yapm\u0131\u015ft\u0131. Cumhurba\u015fkan\u0131 Tatar sald\u0131r\u0131 giri\u015fiminin ard\u0131nan BRT\u2019ye a\u00e7\u0131klamada bulundu. Cumhurba\u015fkan\u0131 konu\u015fmas\u0131nda, \u00e7ok say\u0131da ge\u00e7mi\u015f olsun mesaj\u0131 ald\u0131\u011f\u0131n\u0131 belirterek, \u201cT\u00fcrkiye Cumhuriyeti\u2019nin ve K\u0131br\u0131s T\u00fcrk halk\u0131n\u0131n yan\u0131m\u0131zda oldu\u011funu g\u00f6rd\u00fcm\u201d dedi. Davet i\u00e7in Londra\u2019ya gitti\u011fini an\u0131msatan Tatar, \u00fcniversite y\u00f6netiminin bunu onaylad\u0131\u011f\u0131n\u0131 belirtti. Tatar ya\u015fad\u0131klar\u0131n\u0131 \u015f\u00f6yle","og_url":"https:\/\/kibrisdakik.com\/?p=4295","article_published_time":"2023-03-31T09:15:50+00:00","og_image":[{"width":805,"height":400,"url":"https:\/\/kibrisdakik.com\/wp-content\/uploads\/2023\/02\/tatar36-740x400.jpg","type":"image\/jpeg"}],"author":"admin","twitter_card":"summary_large_image","twitter_misc":{"Yazan:":"admin","Tahmini okuma s\u00fcresi":"2 dakika"},"schema":{"@context":"https:\/\/schema.org","@graph":[{"@type":"Article","@id":"https:\/\/kibrisdakik.com\/?p=4295#article","isPartOf":{"@id":"https:\/\/kibrisdakik.com\/?p=4295"},"author":{"name":"admin","@id":"https:\/\/kibrisdakik.com\/#\/schema\/person\/9cd9d437bbb44f72b73ba127e06d8e79"},"headline":"Cumhurba\u015fkan\u0131 Tatar: Garant\u00f6r \u00fclke olan \u0130ngiltere\u2019nin sorumlulu\u011fundan ka\u00e7mamas\u0131 gerekiyor","datePublished":"2023-03-31T09:15:50+00:00","mainEntityOfPage":{"@id":"https:\/\/kibrisdakik.com\/?p=4295"},"wordCount":433,"commentCount":0,"image":{"@id":"https:\/\/kibrisdakik.com\/?p=4295#primaryimage"},"thumbnailUrl":"https:\/\/kibrisdakik.com\/wp-content\/uploads\/2023\/02\/tatar36-740x400.jpg","articleSection":["G\u00fcndem"],"inLanguage":"tr","potentialAction":[{"@type":"CommentAction","name":"Comment","target":["https:\/\/kibrisdakik.com\/?p=4295#respond"]}]},{"@type":"WebPage","@id":"https:\/\/kibrisdakik.com\/?p=4295","url":"https:\/\/kibrisdakik.com\/?p=4295","name":"Cumhurba\u015fkan\u0131 Tatar: Garant\u00f6r \u00fclke olan \u0130ngiltere\u2019nin sorumlulu\u011fundan ka\u00e7mamas\u0131 gerekiyor -","isPartOf":{"@id":"https:\/\/kibrisdakik.com\/#website"},"primaryImageOfPage":{"@id":"https:\/\/kibrisdakik.com\/?p=4295#primaryimage"},"image":{"@id":"https:\/\/kibrisdakik.com\/?p=4295#primaryimage"},"thumbnailUrl":"https:\/\/kibrisdakik.com\/wp-content\/uploads\/2023\/02\/tatar36-740x400.jpg","datePublished":"2023-03-31T09:15:50+00:00","author":{"@id":"https:\/\/kibrisdakik.com\/#\/schema\/person\/9cd9d437bbb44f72b73ba127e06d8e79"},"breadcrumb":{"@id":"https:\/\/kibrisdakik.com\/?p=4295#breadcrumb"},"inLanguage":"tr","potentialAction":[{"@type":"ReadAction","target":["https:\/\/kibrisdakik.com\/?p=4295"]}]},{"@type":"ImageObject","inLanguage":"tr","@id":"https:\/\/kibrisdakik.com\/?p=4295#primaryimage","url":"https:\/\/kibrisdakik.com\/wp-content\/uploads\/2023\/02\/tatar36-740x400.jpg","contentUrl":"https:\/\/kibrisdakik.com\/wp-content\/uploads\/2023\/02\/tatar36-740x400.jpg","width":805,"height":400},{"@type":"BreadcrumbList","@id":"https:\/\/kibrisdakik.com\/?p=4295#breadcrumb","itemListElement":[{"@type":"ListItem","position":1,"name":"Home","item":"https:\/\/kibrisdakik.com\/"},{"@type":"ListItem","position":2,"name":"Cumhurba\u015fkan\u0131 Tatar: Garant\u00f6r \u00fclke olan \u0130ngiltere\u2019nin sorumlulu\u011fundan ka\u00e7mamas\u0131 gerekiyor"}]},{"@type":"WebSite","@id":"https:\/\/kibrisdakik.com\/#website","url":"https:\/\/kibrisdakik.com\/","name":"","description":"Tam vaktinde haber","potentialAction":[{"@type":"SearchAction","target":{"@type":"EntryPoint","urlTemplate":"https:\/\/kibrisdakik.com\/?s={search_term_string}"},"query-input":{"@type":"PropertyValueSpecification","valueRequired":true,"valueName":"search_term_string"}}],"inLanguage":"tr"},{"@type":"Person","@id":"https:\/\/kibrisdakik.com\/#\/schema\/person\/9cd9d437bbb44f72b73ba127e06d8e79","name":"admin","image":{"@type":"ImageObject","inLanguage":"tr","@id":"https:\/\/secure.gravatar.com\/avatar\/ccc17943b9d660506c869530f897617f7cb1c21a4bf30023f252596d83e1f007?s=96&d=mm&r=g","url":"https:\/\/secure.gravatar.com\/avatar\/ccc17943b9d660506c869530f897617f7cb1c21a4bf30023f252596d83e1f007?s=96&d=mm&r=g","contentUrl":"https:\/\/secure.gravatar.com\/avatar\/ccc17943b9d660506c869530f897617f7cb1c21a4bf30023f252596d83e1f007?s=96&d=mm&r=g","caption":"admin"},"sameAs":["https:\/\/kibrisdakik.com"],"url":"https:\/\/kibrisdakik.com\/?author=1"}]}},"_links":{"self":[{"href":"https:\/\/kibrisdakik.com\/index.php?rest_route=\/wp\/v2\/posts\/4295","targetHints":{"allow":["GET"]}}],"collection":[{"href":"https:\/\/kibrisdakik.com\/index.php?rest_route=\/wp\/v2\/posts"}],"about":[{"href":"https:\/\/kibrisdakik.com\/index.php?rest_route=\/wp\/v2\/types\/post"}],"author":[{"embeddable":true,"href":"https:\/\/kibrisdakik.com\/index.php?rest_route=\/wp\/v2\/users\/1"}],"replies":[{"embeddable":true,"href":"https:\/\/kibrisdakik.com\/index.php?rest_route=%2Fwp%2Fv2%2Fcomments&post=4295"}],"version-history":[{"count":0,"href":"https:\/\/kibrisdakik.com\/index.php?rest_route=\/wp\/v2\/posts\/4295\/revisions"}],"wp:featuredmedia":[{"embeddable":true,"href":"https:\/\/kibrisdakik.com\/index.php?rest_route=\/wp\/v2\/media\/187"}],"wp:attachment":[{"href":"https:\/\/kibrisdakik.com\/index.php?rest_route=%2Fwp%2Fv2%2Fmedia&parent=4295"}],"wp:term":[{"taxonomy":"category","embeddable":true,"href":"https:\/\/kibrisdakik.com\/index.php?rest_route=%2Fwp%2Fv2%2Fcategories&post=4295"},{"taxonomy":"post_tag","embeddable":true,"href":"https:\/\/kibrisdakik.com\/index.php?rest_route=%2Fwp%2Fv2%2Ftags&post=4295"}],"curies":[{"name":"wp","href":"https:\/\/api.w.org\/{rel}","templated":true}]}}