{"id":42955,"date":"2024-05-23T20:05:51","date_gmt":"2024-05-23T20:05:51","guid":{"rendered":"https:\/\/kibrisdakik.com\/index.php\/2024\/05\/23\/son-dakika-pfdk-kararlari-aciklandi-fenerbahceye-ceza-yagdi\/"},"modified":"2024-05-23T20:05:51","modified_gmt":"2024-05-23T20:05:51","slug":"son-dakika-pfdk-kararlari-aciklandi-fenerbahceye-ceza-yagdi","status":"publish","type":"post","link":"https:\/\/kibrisdakik.com\/?p=42955","title":{"rendered":"Son dakika! PFDK kararlar\u0131 a\u00e7\u0131kland\u0131: Fenerbah\u00e7e&#039;ye ceza ya\u011fd\u0131!"},"content":{"rendered":"<p><img decoding=\"async\" src=\"https:\/\/www.kibristurk.com\/images\/haberler\/2024\/05\/son-dakika-pfdk-kararlari-aciklandi-fenerbahceye-ceza-yagdi-1716493136.webp\" \/><\/p>\n<p>PFDK, Galatasaray-Fenerbah\u00e7e derbisinin cezalar\u0131n\u0131 a\u00e7\u0131klad\u0131.<\/p>\n<p>Fenerbah\u00e7e Ba\u015fkan\u0131 Ali Ko\u00e7 90 g\u00fcn hak mahrumiyeti cezas\u0131 ald\u0131. Mert Hakan Yanda\u015f 5 ma\u00e7 ceza al\u0131rken; \u0130rfan Can E\u011fribayat 3 ma\u00e7 ceza ald\u0131. Jayden Oosterwolde ise 1 ma\u00e7 ceza ald\u0131. Emre Kartal ise 1 y\u0131l hak mahrumiyeti cezas\u0131 ald\u0131.<\/p>\n<p><strong><em>\u0130\u015fte PFDK kararlar\u0131:<\/em><\/strong><\/p>\n<p>&#8220;FENERBAH\u00c7E A.\u015e.\u2019nin, 19.05.2024 tarihinde oynanan GALATASARAY A.\u015e.-FENERBAH\u00c7E A.\u015e. Trendyol S\u00fcper Lig m\u00fcsabakas\u0131nda, taraftarlar\u0131n\u0131n neden oldu\u011fu \u00e7irkin ve k\u00f6t\u00fc tezah\u00fcrat nedeniyle ve bu eylemin ayn\u0131 sezon i\u00e7inde misafir kul\u00fcp oldu\u011fu m\u00fcsabakada 11. kez ger\u00e7ekle\u015ftirilmesinden dolay\u0131 620.000.-TL PARA CEZASI ile cezaland\u0131r\u0131lmas\u0131na, FDT\u2019nin 53\/3. maddesi uyar\u0131nca \u00e7irkin ve k\u00f6t\u00fc tezah\u00fcratta bulunan M\u0130SAF\u0130R TR\u0130B\u00dcN 418, 419, 420 numaral\u0131 bloklarda yer alan seyircilerin elektronik bilet kapsam\u0131ndaki kartlar\u0131n\u0131n bloke edilmesi suretiyle bir sonraki misafir kul\u00fcp oldu\u011fu m\u00fcsabakaya giri\u015flerinin engellenmesine,<\/p>\n<p>Ayn\u0131 m\u00fcsabakada FENERBAH\u00c7E A.\u015e.\u2019nin, taraftarlar\u0131n\u0131n ve mensubunun neden oldu\u011fu saha olaylar\u0131 nedeniyle 336.000.-TL PARA CEZASI ile cezaland\u0131r\u0131lmas\u0131na,<\/p>\n<p>Ayn\u0131 m\u00fcsabakada FENERBAH\u00c7E A.\u015e.\u2019nin, zaman \u00e7izelgesine uygun hareket edilmemesinden dolay\u0131 talimatlara ayk\u0131r\u0131l\u0131k nedeniyle 112.000.-TL PARA CEZASI ile cezaland\u0131r\u0131lmas\u0131na,<\/p>\n<p>Ayn\u0131 m\u00fcsabakada FENERBAH\u00c7E A.\u015e.\u2019nin, tak\u0131m halinde sportmenli\u011fe ayk\u0131r\u0131 hareketi nedeniyle 31.500.-TL PARA CEZASI ile cezaland\u0131r\u0131lmas\u0131na,<\/p>\n<p>Ayn\u0131 m\u00fcsabakada FENERBAH\u00c7E A.\u015e.\u2019nin, Antren\u00f6rlerin Stat\u00fcs\u00fc ve \u00c7al\u0131\u015fma Esaslar\u0131 Talimat\u0131na ayk\u0131r\u0131l\u0131k nedeniyle 250.000.-TL PARA CEZASI ile cezaland\u0131r\u0131lmas\u0131na,<\/p>\n<p>FENERBAH\u00c7E A.\u015e.\u2019nin, y\u00f6neticilerinin m\u00fcsabaka sonras\u0131 kul\u00fcp resmi sosyal medya hesab\u0131ndan (youtube) yapm\u0131\u015f olduklar\u0131 a\u00e7\u0131klamalarda yer alan sportmenli\u011fe ayk\u0131r\u0131 hareket nedeniyle 600.000.-TL PARA CEZASI ile cezaland\u0131r\u0131lmas\u0131,<\/p>\n<p>FENERBAH\u00c7E A.\u015e. Ba\u015fkan\u0131 YILDIRIM AL\u0130 KO\u00c7\u2019un, m\u00fcsabaka sonras\u0131 kul\u00fcp resmi sosyal medya hesab\u0131ndan (youtube) yapm\u0131\u015f oldu\u011fu beyanlar\u0131nda yer alan sportmenli\u011fe ayk\u0131r\u0131 hareket nedeniyle FDT\u2019nin 36\/1-b maddesi uyar\u0131nca ve FDT\u2019nin 11. maddesinin uygulanmas\u0131 suretiyle 90 G\u00dcN HAK MAHRUM\u0130YET\u0130 ve 780.000.-TL PARA CEZASI ile cezaland\u0131r\u0131lmas\u0131na,<\/p>\n<p>FENERBAH\u00c7E A.\u015e. idarecisi SELAHATT\u0130N BAK\u0130\u2019nin, m\u00fcsabaka sonras\u0131 kul\u00fcp resmi sosyal medya hesab\u0131ndan (youtube) yapm\u0131\u015f oldu\u011fu beyanlar\u0131nda yer alan sportmenli\u011fe ayk\u0131r\u0131 hareket nedeniyle FDT\u2019nin 36\/1-b maddesi uyar\u0131nca ve FDT\u2019nin 11. maddesinin uygulanmas\u0131 suretiyle 32 G\u00dcN HAK MAHRUM\u0130YET\u0130 ve 150.000.-TL PARA CEZASI ile cezaland\u0131r\u0131lmas\u0131na,<\/p>\n<p>Ayn\u0131 m\u00fcsabakada FENERBAH\u00c7E A.\u015e. sporcusu \u0130RFAN CAN E\u011eR\u0130BAYAT\u2019\u0131n, rakip tak\u0131m mensuplar\u0131na y\u00f6nelik hakareti nedeniyle 3 RESM\u0130 M\u00dcSABAKADAN MEN ve 58.500.-TL PARA CEZASI ile cezaland\u0131r\u0131lmas\u0131na,<\/p>\n<p>Ayn\u0131 m\u00fcsabakada FENERBAH\u00c7E A.\u015e. sporcusu MERT HAKAN YANDA\u015e\u2019\u0131n, rakip tak\u0131m mensubuna y\u00f6nelik sald\u0131r\u0131s\u0131 nedeniyle 5 RESM\u0130 M\u00dcSABAKADAN MEN ve 39.000.-TL PARA CEZASI ile cezaland\u0131r\u0131lmas\u0131na,<\/p>\n<p>Ayn\u0131 m\u00fcsabakada FENERBAH\u00c7E A.\u015e. doktoru ERTU\u011eRUL KARANLIK\u2019\u0131n, rakip tak\u0131m mensubuna y\u00f6nelik sald\u0131r\u0131s\u0131 nedeniyle 5 RESM\u0130 M\u00dcSABAKADA SOYUNMA ODASINA VE YEDEK KUL\u00dcBES\u0130NE G\u0130R\u0130\u015e YASA\u011eI ve 39.000.-TL PARA CEZASI ile cezaland\u0131r\u0131lmas\u0131na,<\/p>\n<p>Ayn\u0131 m\u00fcsabakada FENERBAH\u00c7E A.\u015e. g\u00f6revlisi EMRE KARTAL\u2019\u0131n, Antren\u00f6rlerin Stat\u00fcs\u00fc ve \u00c7al\u0131\u015fma Esaslar\u0131 Talimat\u0131na ayk\u0131r\u0131l\u0131k nedeniyle 1 YIL HAK MAHRUM\u0130YET\u0130 ve 100.000.-TL PARA CEZASI ile cezaland\u0131r\u0131lmas\u0131na,<\/p>\n<p>Ayn\u0131 m\u00fcsabakada FENERBAH\u00c7E A.\u015e. g\u00f6revlisi EMRE KARTAL\u2019\u0131n, rakip tak\u0131m mensubuna y\u00f6nelik sald\u0131r\u0131s\u0131 nedeniyle 90 G\u00dcN HAK MAHRUM\u0130YET\u0130 CEZASI ile cezaland\u0131r\u0131lmas\u0131na,<\/p>\n<p>Ayn\u0131 m\u00fcsabakada FENERBAH\u00c7E A.\u015e. sporcusu JAYDEN QUINN OOSTERWOLDE\u2019nin, rakip tak\u0131m trib\u00fcnlerine y\u00f6nelik sportmenli\u011fe ayk\u0131r\u0131 hareketi nedeniyle 1 RESM\u0130 M\u00dcSABAKADAN MEN ve 39.000.-TL PARA CEZASI ile cezaland\u0131r\u0131lmas\u0131na karar verilmi\u015ftir.&#8221;<\/p>\n","protected":false},"excerpt":{"rendered":"<p>PFDK, Galatasaray-Fenerbah\u00e7e derbisinin cezalar\u0131n\u0131 a\u00e7\u0131klad\u0131. Fenerbah\u00e7e Ba\u015fkan\u0131 Ali Ko\u00e7 90 g\u00fcn hak mahrumiyeti cezas\u0131 ald\u0131. Mert Hakan Yanda\u015f 5 ma\u00e7 ceza al\u0131rken; \u0130rfan Can E\u011fribayat 3 ma\u00e7 ceza ald\u0131. Jayden Oosterwolde ise 1 ma\u00e7 ceza ald\u0131. Emre Kartal ise 1 y\u0131l hak mahrumiyeti cezas\u0131 ald\u0131. \u0130\u015fte PFDK kararlar\u0131: &#8220;FENERBAH\u00c7E A.\u015e.\u2019nin, 19.05.2024 tarihinde oynanan GALATASARAY A.\u015e.-FENERBAH\u00c7E<\/p>\n","protected":false},"author":1,"featured_media":42956,"comment_status":"open","ping_status":"open","sticky":false,"template":"","format":"standard","meta":{"footnotes":""},"categories":[79],"tags":[],"class_list":["post-42955","post","type-post","status-publish","format-standard","has-post-thumbnail","hentry","category-ekonomi"],"yoast_head":"<!-- This site is optimized with the Yoast SEO plugin v28.4 - https:\/\/yoast.com\/product\/yoast-seo-wordpress\/ -->\n<title>Son dakika! PFDK kararlar\u0131 a\u00e7\u0131kland\u0131: Fenerbah\u00e7e&#039;ye ceza ya\u011fd\u0131! -<\/title>\n<meta name=\"robots\" content=\"index, follow, max-snippet:-1, max-image-preview:large, max-video-preview:-1\" \/>\n<link rel=\"canonical\" href=\"https:\/\/kibrisdakik.com\/?p=42955\" \/>\n<meta property=\"og:locale\" content=\"tr_TR\" \/>\n<meta property=\"og:type\" content=\"article\" \/>\n<meta property=\"og:title\" content=\"Son dakika! PFDK kararlar\u0131 a\u00e7\u0131kland\u0131: Fenerbah\u00e7e&#039;ye ceza ya\u011fd\u0131! -\" \/>\n<meta property=\"og:description\" content=\"PFDK, Galatasaray-Fenerbah\u00e7e derbisinin cezalar\u0131n\u0131 a\u00e7\u0131klad\u0131. Fenerbah\u00e7e Ba\u015fkan\u0131 Ali Ko\u00e7 90 g\u00fcn hak mahrumiyeti cezas\u0131 ald\u0131. Mert Hakan Yanda\u015f 5 ma\u00e7 ceza al\u0131rken; \u0130rfan Can E\u011fribayat 3 ma\u00e7 ceza ald\u0131. Jayden Oosterwolde ise 1 ma\u00e7 ceza ald\u0131. Emre Kartal ise 1 y\u0131l hak mahrumiyeti cezas\u0131 ald\u0131. \u0130\u015fte PFDK kararlar\u0131: &#8220;FENERBAH\u00c7E A.\u015e.\u2019nin, 19.05.2024 tarihinde oynanan GALATASARAY A.\u015e.-FENERBAH\u00c7E\" \/>\n<meta property=\"og:url\" content=\"https:\/\/kibrisdakik.com\/?p=42955\" \/>\n<meta property=\"article:published_time\" content=\"2024-05-23T20:05:51+00:00\" \/>\n<meta property=\"og:image\" content=\"https:\/\/kibrisdakik.com\/wp-content\/uploads\/2024\/05\/son-dakika-pfdk-kararlari-aciklandi-fenerbahceye-ceza-yagdi-1716493136.webp.webp\" \/>\n\t<meta property=\"og:image:width\" content=\"710\" \/>\n\t<meta property=\"og:image:height\" content=\"370\" \/>\n\t<meta property=\"og:image:type\" content=\"image\/webp\" \/>\n<meta name=\"author\" content=\"admin\" \/>\n<meta name=\"twitter:card\" content=\"summary_large_image\" \/>\n<meta name=\"twitter:label1\" content=\"Yazan:\" \/>\n\t<meta name=\"twitter:data1\" content=\"admin\" \/>\n\t<meta name=\"twitter:label2\" content=\"Tahmini okuma s\u00fcresi\" \/>\n\t<meta name=\"twitter:data2\" content=\"3 dakika\" \/>\n<script type=\"application\/ld+json\" class=\"yoast-schema-graph\">{\"@context\":\"https:\\\/\\\/schema.org\",\"@graph\":[{\"@type\":\"Article\",\"@id\":\"https:\\\/\\\/kibrisdakik.com\\\/?p=42955#article\",\"isPartOf\":{\"@id\":\"https:\\\/\\\/kibrisdakik.com\\\/?p=42955\"},\"author\":{\"name\":\"admin\",\"@id\":\"https:\\\/\\\/kibrisdakik.com\\\/#\\\/schema\\\/person\\\/9cd9d437bbb44f72b73ba127e06d8e79\"},\"headline\":\"Son dakika! PFDK kararlar\u0131 a\u00e7\u0131kland\u0131: Fenerbah\u00e7e&#039;ye ceza ya\u011fd\u0131!\",\"datePublished\":\"2024-05-23T20:05:51+00:00\",\"mainEntityOfPage\":{\"@id\":\"https:\\\/\\\/kibrisdakik.com\\\/?p=42955\"},\"wordCount\":651,\"commentCount\":0,\"publisher\":{\"@id\":\"https:\\\/\\\/kibrisdakik.com\\\/#organization\"},\"image\":{\"@id\":\"https:\\\/\\\/kibrisdakik.com\\\/?p=42955#primaryimage\"},\"thumbnailUrl\":\"https:\\\/\\\/kibrisdakik.com\\\/wp-content\\\/uploads\\\/2024\\\/05\\\/son-dakika-pfdk-kararlari-aciklandi-fenerbahceye-ceza-yagdi-1716493136.webp.webp\",\"articleSection\":[\"Ekonomi\"],\"inLanguage\":\"tr\",\"potentialAction\":[{\"@type\":\"CommentAction\",\"name\":\"Comment\",\"target\":[\"https:\\\/\\\/kibrisdakik.com\\\/?p=42955#respond\"]}]},{\"@type\":\"WebPage\",\"@id\":\"https:\\\/\\\/kibrisdakik.com\\\/?p=42955\",\"url\":\"https:\\\/\\\/kibrisdakik.com\\\/?p=42955\",\"name\":\"Son dakika! PFDK kararlar\u0131 a\u00e7\u0131kland\u0131: Fenerbah\u00e7e&#039;ye ceza ya\u011fd\u0131! -\",\"isPartOf\":{\"@id\":\"https:\\\/\\\/kibrisdakik.com\\\/#website\"},\"primaryImageOfPage\":{\"@id\":\"https:\\\/\\\/kibrisdakik.com\\\/?p=42955#primaryimage\"},\"image\":{\"@id\":\"https:\\\/\\\/kibrisdakik.com\\\/?p=42955#primaryimage\"},\"thumbnailUrl\":\"https:\\\/\\\/kibrisdakik.com\\\/wp-content\\\/uploads\\\/2024\\\/05\\\/son-dakika-pfdk-kararlari-aciklandi-fenerbahceye-ceza-yagdi-1716493136.webp.webp\",\"datePublished\":\"2024-05-23T20:05:51+00:00\",\"breadcrumb\":{\"@id\":\"https:\\\/\\\/kibrisdakik.com\\\/?p=42955#breadcrumb\"},\"inLanguage\":\"tr\",\"potentialAction\":[{\"@type\":\"ReadAction\",\"target\":[\"https:\\\/\\\/kibrisdakik.com\\\/?p=42955\"]}]},{\"@type\":\"ImageObject\",\"inLanguage\":\"tr\",\"@id\":\"https:\\\/\\\/kibrisdakik.com\\\/?p=42955#primaryimage\",\"url\":\"https:\\\/\\\/kibrisdakik.com\\\/wp-content\\\/uploads\\\/2024\\\/05\\\/son-dakika-pfdk-kararlari-aciklandi-fenerbahceye-ceza-yagdi-1716493136.webp.webp\",\"contentUrl\":\"https:\\\/\\\/kibrisdakik.com\\\/wp-content\\\/uploads\\\/2024\\\/05\\\/son-dakika-pfdk-kararlari-aciklandi-fenerbahceye-ceza-yagdi-1716493136.webp.webp\",\"width\":710,\"height\":370},{\"@type\":\"BreadcrumbList\",\"@id\":\"https:\\\/\\\/kibrisdakik.com\\\/?p=42955#breadcrumb\",\"itemListElement\":[{\"@type\":\"ListItem\",\"position\":1,\"name\":\"Home\",\"item\":\"https:\\\/\\\/kibrisdakik.com\\\/\"},{\"@type\":\"ListItem\",\"position\":2,\"name\":\"Son dakika! PFDK kararlar\u0131 a\u00e7\u0131kland\u0131: Fenerbah\u00e7e&#039;ye ceza ya\u011fd\u0131!\"}]},{\"@type\":\"WebSite\",\"@id\":\"https:\\\/\\\/kibrisdakik.com\\\/#website\",\"url\":\"https:\\\/\\\/kibrisdakik.com\\\/\",\"name\":\"K\u0131br\u0131s Dakik\",\"description\":\"Tam vaktinde haber\",\"publisher\":{\"@id\":\"https:\\\/\\\/kibrisdakik.com\\\/#organization\"},\"potentialAction\":[{\"@type\":\"SearchAction\",\"target\":{\"@type\":\"EntryPoint\",\"urlTemplate\":\"https:\\\/\\\/kibrisdakik.com\\\/?s={search_term_string}\"},\"query-input\":{\"@type\":\"PropertyValueSpecification\",\"valueRequired\":true,\"valueName\":\"search_term_string\"}}],\"inLanguage\":\"tr\"},{\"@type\":\"Organization\",\"@id\":\"https:\\\/\\\/kibrisdakik.com\\\/#organization\",\"name\":\"K\u0131br\u0131s Dakik\",\"url\":\"https:\\\/\\\/kibrisdakik.com\\\/\",\"logo\":{\"@type\":\"ImageObject\",\"inLanguage\":\"tr\",\"@id\":\"https:\\\/\\\/kibrisdakik.com\\\/#\\\/schema\\\/logo\\\/image\\\/\",\"url\":\"https:\\\/\\\/kibrisdakik.com\\\/wp-content\\\/uploads\\\/2025\\\/10\\\/cropped-WhatsApp-Image-2025-10-02-at-12.58.31.jpeg\",\"contentUrl\":\"https:\\\/\\\/kibrisdakik.com\\\/wp-content\\\/uploads\\\/2025\\\/10\\\/cropped-WhatsApp-Image-2025-10-02-at-12.58.31.jpeg\",\"width\":1237,\"height\":190,\"caption\":\"K\u0131br\u0131s Dakik\"},\"image\":{\"@id\":\"https:\\\/\\\/kibrisdakik.com\\\/#\\\/schema\\\/logo\\\/image\\\/\"}},{\"@type\":\"Person\",\"@id\":\"https:\\\/\\\/kibrisdakik.com\\\/#\\\/schema\\\/person\\\/9cd9d437bbb44f72b73ba127e06d8e79\",\"name\":\"admin\",\"image\":{\"@type\":\"ImageObject\",\"inLanguage\":\"tr\",\"@id\":\"https:\\\/\\\/secure.gravatar.com\\\/avatar\\\/ccc17943b9d660506c869530f897617f7cb1c21a4bf30023f252596d83e1f007?s=96&d=mm&r=g\",\"url\":\"https:\\\/\\\/secure.gravatar.com\\\/avatar\\\/ccc17943b9d660506c869530f897617f7cb1c21a4bf30023f252596d83e1f007?s=96&d=mm&r=g\",\"contentUrl\":\"https:\\\/\\\/secure.gravatar.com\\\/avatar\\\/ccc17943b9d660506c869530f897617f7cb1c21a4bf30023f252596d83e1f007?s=96&d=mm&r=g\",\"caption\":\"admin\"},\"sameAs\":[\"https:\\\/\\\/kibrisdakik.com\"],\"url\":\"https:\\\/\\\/kibrisdakik.com\\\/?author=1\"}]}<\/script>\n<!-- \/ Yoast SEO plugin. -->","yoast_head_json":{"title":"Son dakika! PFDK kararlar\u0131 a\u00e7\u0131kland\u0131: Fenerbah\u00e7e&#039;ye ceza ya\u011fd\u0131! -","robots":{"index":"index","follow":"follow","max-snippet":"max-snippet:-1","max-image-preview":"max-image-preview:large","max-video-preview":"max-video-preview:-1"},"canonical":"https:\/\/kibrisdakik.com\/?p=42955","og_locale":"tr_TR","og_type":"article","og_title":"Son dakika! PFDK kararlar\u0131 a\u00e7\u0131kland\u0131: Fenerbah\u00e7e&#039;ye ceza ya\u011fd\u0131! -","og_description":"PFDK, Galatasaray-Fenerbah\u00e7e derbisinin cezalar\u0131n\u0131 a\u00e7\u0131klad\u0131. Fenerbah\u00e7e Ba\u015fkan\u0131 Ali Ko\u00e7 90 g\u00fcn hak mahrumiyeti cezas\u0131 ald\u0131. Mert Hakan Yanda\u015f 5 ma\u00e7 ceza al\u0131rken; \u0130rfan Can E\u011fribayat 3 ma\u00e7 ceza ald\u0131. Jayden Oosterwolde ise 1 ma\u00e7 ceza ald\u0131. Emre Kartal ise 1 y\u0131l hak mahrumiyeti cezas\u0131 ald\u0131. \u0130\u015fte PFDK kararlar\u0131: &#8220;FENERBAH\u00c7E A.\u015e.\u2019nin, 19.05.2024 tarihinde oynanan GALATASARAY A.\u015e.-FENERBAH\u00c7E","og_url":"https:\/\/kibrisdakik.com\/?p=42955","article_published_time":"2024-05-23T20:05:51+00:00","og_image":[{"width":710,"height":370,"url":"https:\/\/kibrisdakik.com\/wp-content\/uploads\/2024\/05\/son-dakika-pfdk-kararlari-aciklandi-fenerbahceye-ceza-yagdi-1716493136.webp.webp","type":"image\/webp"}],"author":"admin","twitter_card":"summary_large_image","twitter_misc":{"Yazan:":"admin","Tahmini okuma s\u00fcresi":"3 dakika"},"schema":{"@context":"https:\/\/schema.org","@graph":[{"@type":"Article","@id":"https:\/\/kibrisdakik.com\/?p=42955#article","isPartOf":{"@id":"https:\/\/kibrisdakik.com\/?p=42955"},"author":{"name":"admin","@id":"https:\/\/kibrisdakik.com\/#\/schema\/person\/9cd9d437bbb44f72b73ba127e06d8e79"},"headline":"Son dakika! PFDK kararlar\u0131 a\u00e7\u0131kland\u0131: Fenerbah\u00e7e&#039;ye ceza ya\u011fd\u0131!","datePublished":"2024-05-23T20:05:51+00:00","mainEntityOfPage":{"@id":"https:\/\/kibrisdakik.com\/?p=42955"},"wordCount":651,"commentCount":0,"publisher":{"@id":"https:\/\/kibrisdakik.com\/#organization"},"image":{"@id":"https:\/\/kibrisdakik.com\/?p=42955#primaryimage"},"thumbnailUrl":"https:\/\/kibrisdakik.com\/wp-content\/uploads\/2024\/05\/son-dakika-pfdk-kararlari-aciklandi-fenerbahceye-ceza-yagdi-1716493136.webp.webp","articleSection":["Ekonomi"],"inLanguage":"tr","potentialAction":[{"@type":"CommentAction","name":"Comment","target":["https:\/\/kibrisdakik.com\/?p=42955#respond"]}]},{"@type":"WebPage","@id":"https:\/\/kibrisdakik.com\/?p=42955","url":"https:\/\/kibrisdakik.com\/?p=42955","name":"Son dakika! PFDK kararlar\u0131 a\u00e7\u0131kland\u0131: Fenerbah\u00e7e&#039;ye ceza ya\u011fd\u0131! -","isPartOf":{"@id":"https:\/\/kibrisdakik.com\/#website"},"primaryImageOfPage":{"@id":"https:\/\/kibrisdakik.com\/?p=42955#primaryimage"},"image":{"@id":"https:\/\/kibrisdakik.com\/?p=42955#primaryimage"},"thumbnailUrl":"https:\/\/kibrisdakik.com\/wp-content\/uploads\/2024\/05\/son-dakika-pfdk-kararlari-aciklandi-fenerbahceye-ceza-yagdi-1716493136.webp.webp","datePublished":"2024-05-23T20:05:51+00:00","breadcrumb":{"@id":"https:\/\/kibrisdakik.com\/?p=42955#breadcrumb"},"inLanguage":"tr","potentialAction":[{"@type":"ReadAction","target":["https:\/\/kibrisdakik.com\/?p=42955"]}]},{"@type":"ImageObject","inLanguage":"tr","@id":"https:\/\/kibrisdakik.com\/?p=42955#primaryimage","url":"https:\/\/kibrisdakik.com\/wp-content\/uploads\/2024\/05\/son-dakika-pfdk-kararlari-aciklandi-fenerbahceye-ceza-yagdi-1716493136.webp.webp","contentUrl":"https:\/\/kibrisdakik.com\/wp-content\/uploads\/2024\/05\/son-dakika-pfdk-kararlari-aciklandi-fenerbahceye-ceza-yagdi-1716493136.webp.webp","width":710,"height":370},{"@type":"BreadcrumbList","@id":"https:\/\/kibrisdakik.com\/?p=42955#breadcrumb","itemListElement":[{"@type":"ListItem","position":1,"name":"Home","item":"https:\/\/kibrisdakik.com\/"},{"@type":"ListItem","position":2,"name":"Son dakika! PFDK kararlar\u0131 a\u00e7\u0131kland\u0131: Fenerbah\u00e7e&#039;ye ceza ya\u011fd\u0131!"}]},{"@type":"WebSite","@id":"https:\/\/kibrisdakik.com\/#website","url":"https:\/\/kibrisdakik.com\/","name":"K\u0131br\u0131s Dakik","description":"Tam vaktinde haber","publisher":{"@id":"https:\/\/kibrisdakik.com\/#organization"},"potentialAction":[{"@type":"SearchAction","target":{"@type":"EntryPoint","urlTemplate":"https:\/\/kibrisdakik.com\/?s={search_term_string}"},"query-input":{"@type":"PropertyValueSpecification","valueRequired":true,"valueName":"search_term_string"}}],"inLanguage":"tr"},{"@type":"Organization","@id":"https:\/\/kibrisdakik.com\/#organization","name":"K\u0131br\u0131s Dakik","url":"https:\/\/kibrisdakik.com\/","logo":{"@type":"ImageObject","inLanguage":"tr","@id":"https:\/\/kibrisdakik.com\/#\/schema\/logo\/image\/","url":"https:\/\/kibrisdakik.com\/wp-content\/uploads\/2025\/10\/cropped-WhatsApp-Image-2025-10-02-at-12.58.31.jpeg","contentUrl":"https:\/\/kibrisdakik.com\/wp-content\/uploads\/2025\/10\/cropped-WhatsApp-Image-2025-10-02-at-12.58.31.jpeg","width":1237,"height":190,"caption":"K\u0131br\u0131s Dakik"},"image":{"@id":"https:\/\/kibrisdakik.com\/#\/schema\/logo\/image\/"}},{"@type":"Person","@id":"https:\/\/kibrisdakik.com\/#\/schema\/person\/9cd9d437bbb44f72b73ba127e06d8e79","name":"admin","image":{"@type":"ImageObject","inLanguage":"tr","@id":"https:\/\/secure.gravatar.com\/avatar\/ccc17943b9d660506c869530f897617f7cb1c21a4bf30023f252596d83e1f007?s=96&d=mm&r=g","url":"https:\/\/secure.gravatar.com\/avatar\/ccc17943b9d660506c869530f897617f7cb1c21a4bf30023f252596d83e1f007?s=96&d=mm&r=g","contentUrl":"https:\/\/secure.gravatar.com\/avatar\/ccc17943b9d660506c869530f897617f7cb1c21a4bf30023f252596d83e1f007?s=96&d=mm&r=g","caption":"admin"},"sameAs":["https:\/\/kibrisdakik.com"],"url":"https:\/\/kibrisdakik.com\/?author=1"}]}},"_links":{"self":[{"href":"https:\/\/kibrisdakik.com\/index.php?rest_route=\/wp\/v2\/posts\/42955","targetHints":{"allow":["GET"]}}],"collection":[{"href":"https:\/\/kibrisdakik.com\/index.php?rest_route=\/wp\/v2\/posts"}],"about":[{"href":"https:\/\/kibrisdakik.com\/index.php?rest_route=\/wp\/v2\/types\/post"}],"author":[{"embeddable":true,"href":"https:\/\/kibrisdakik.com\/index.php?rest_route=\/wp\/v2\/users\/1"}],"replies":[{"embeddable":true,"href":"https:\/\/kibrisdakik.com\/index.php?rest_route=%2Fwp%2Fv2%2Fcomments&post=42955"}],"version-history":[{"count":0,"href":"https:\/\/kibrisdakik.com\/index.php?rest_route=\/wp\/v2\/posts\/42955\/revisions"}],"wp:featuredmedia":[{"embeddable":true,"href":"https:\/\/kibrisdakik.com\/index.php?rest_route=\/wp\/v2\/media\/42956"}],"wp:attachment":[{"href":"https:\/\/kibrisdakik.com\/index.php?rest_route=%2Fwp%2Fv2%2Fmedia&parent=42955"}],"wp:term":[{"taxonomy":"category","embeddable":true,"href":"https:\/\/kibrisdakik.com\/index.php?rest_route=%2Fwp%2Fv2%2Fcategories&post=42955"},{"taxonomy":"post_tag","embeddable":true,"href":"https:\/\/kibrisdakik.com\/index.php?rest_route=%2Fwp%2Fv2%2Ftags&post=42955"}],"curies":[{"name":"wp","href":"https:\/\/api.w.org\/{rel}","templated":true}]}}