{"id":42988,"date":"2024-05-24T04:09:00","date_gmt":"2024-05-24T04:09:00","guid":{"rendered":"https:\/\/kibrisdakik.com\/index.php\/2024\/05\/24\/ctp-genel-sekreteri-akansoy-bir-an-once-erken-secime-gidilmelidir-ctp-hazirdir\/"},"modified":"2024-05-24T04:09:00","modified_gmt":"2024-05-24T04:09:00","slug":"ctp-genel-sekreteri-akansoy-bir-an-once-erken-secime-gidilmelidir-ctp-hazirdir","status":"publish","type":"post","link":"https:\/\/kibrisdakik.com\/?p=42988","title":{"rendered":"CTP Genel Sekreteri Akansoy: \u201cBir an \u00f6nce erken se\u00e7ime gidilmelidir, CTP haz\u0131rd\u0131r\u201d"},"content":{"rendered":"<p><img decoding=\"async\" src=\"https:\/\/www.kibristurk.com\/images\/haberler\/2024\/05\/ctp-genel-sekreteri-akansoy-bir-an-once-erken-secime-gidilmelidir-ctp-hazirdir-1716471853.webp\" \/><\/p>\n<p style=\"text-align:left\"><span style=\"font-size:16px\"><span style=\"font-family:Merriweather,serif !important\"><span style=\"color:#000000\"><span style=\"background-color:#ffffff\">CTP\u2019den yap\u0131lan a\u00e7\u0131klamaya g\u00f6re, Kanal Sim\u2019de Serhat \u0130ncirli\u2019nin sorular\u0131n\u0131 yan\u0131tlayan As\u0131m Akansoy, K\u0131br\u0131sl\u0131 T\u00fcrklerin varolu\u015funun, K\u0131br\u0131s\u2019ta \u00e7\u00f6z\u00fcmden ge\u00e7ti\u011fini belirtti.<\/span><\/span><\/span><\/span><\/p>\n<p style=\"text-align:left\"><span style=\"font-size:16px\"><span style=\"font-family:Merriweather,serif !important\"><span style=\"color:#000000\"><span style=\"background-color:#ffffff\">Hayvan \u00dcreticileri ve Yeti\u015ftiricileri Birli\u011fi\u2019nin yapt\u0131\u011f\u0131 eylemlere destek belirttiklerini kaydeden Akansoy, \u00fc\u00e7 g\u00fcnd\u00fcr eylem yerine gidip, hayvanc\u0131lar\u0131n sorunlar\u0131n\u0131 dinlediklerini ifade etti.<\/span><\/span><\/span><\/span><\/p>\n<p style=\"text-align:left\"><span style=\"font-size:16px\"><span style=\"font-family:Merriweather,serif !important\"><span style=\"color:#000000\"><span style=\"background-color:#ffffff\">Kasaplar, restoranc\u0131lar ve hayvanc\u0131larla uzun zamand\u0131r diyalog i\u00e7erisinde olduklar\u0131n\u0131 kaydeden As\u0131m Akansoy, krizlerin ortaya \u00e7\u0131kma nedenlerini ve \u00e7\u00f6z\u00fcm yollar\u0131n\u0131 ele ald\u0131klar\u0131n\u0131 belirtti.<\/span><\/span><\/span><\/span><\/p>\n<p style=\"text-align:left\"><span style=\"font-size:16px\"><span style=\"font-family:Merriweather,serif !important\"><span style=\"color:#000000\"><span style=\"background-color:#ffffff\">T\u00fcm sorunlar\u0131 masaya yat\u0131r\u0131p, \u00e7\u00f6z\u00fcm odakl\u0131 \u00e7al\u0131\u015ft\u0131klar\u0131n\u0131 dile getiren Akansoy, tar\u0131m ve hayvanc\u0131l\u0131k alan\u0131n\u0131n da her alan oldu\u011fu gibi \u00e7ok k\u00f6t\u00fc y\u00f6netildi\u011fini savundu. \u201cS\u00fcreci y\u00f6netmeyerek, kriz ortaya \u00e7\u0131kmas\u0131n\u0131 bekliyorlar, son dakika ise Bakanlar Kurulu karar\u0131yla sorun \u00e7\u00f6zme yoluna gidiyorlar\u201d diyen Akansoy, et konusundaki krizin ba\u015fka alanlarda da ya\u015fand\u0131\u011f\u0131n\u0131 belirtti. \u201cUBP h\u00fck\u00fcmeti, hayat\u0131n hi\u00e7bir alan\u0131nda bir \u015fey yapm\u0131yor\u201d diye konu\u015fan Akansoy, h\u00fck\u00fcmetin, insanlara, \u00e7at\u0131\u015fmaya davet eden bir dil ile yan\u0131t verdi\u011fini savundu.<\/span><\/span><\/span><\/span><\/p>\n<p style=\"text-align:left\"><span style=\"font-size:16px\"><span style=\"font-family:Merriweather,serif !important\"><span style=\"color:#000000\"><span style=\"background-color:#ffffff\">Hayvanc\u0131n\u0131n \u00f6n\u00fcn\u00fc g\u00f6remedi\u011fini ifade eden Akansoy, \u015f\u00f6yle devam etti:<\/span><\/span><\/span><\/span><\/p>\n<p style=\"text-align:left\"><span style=\"font-size:16px\"><span style=\"font-family:Merriweather,serif !important\"><span style=\"color:#000000\"><span style=\"background-color:#ffffff\">\u201c600 ton ayda et t\u00fcketen bir \u00fclke neden 20 tona ihtiya\u00e7 duyuyor? Bunun nedeni insanlar\u0131m\u0131z\u0131 donmu\u015f ithal ete al\u0131\u015ft\u0131rmak ve buna mahkum etmek mi? B\u00f6ylece hayvanc\u0131l\u0131\u011f\u0131m\u0131z\u0131 bitirmek mi? Bunu elbette sorun ediyor insanlar\u0131m\u0131z. Burada sorunlara \u00e7are \u00fcretecek bir yakla\u015f\u0131m yok. Hayvan \u00fcreticileri de soruyor, yan\u0131t alam\u0131yor sonu\u00e7ta, 20 ton eti size hediye etmeye haz\u0131r\u0131z diyorlar.\u201d<\/span><\/span><\/span><\/span><\/p>\n<p style=\"text-align:left\"><span style=\"font-size:16px\"><span style=\"font-family:Merriweather,serif !important\"><span style=\"color:#000000\"><span style=\"background-color:#ffffff\">Pazartesi g\u00fcn\u00fc \u00fclkede genel grev olabilece\u011fine i\u015faret eden Akansoy, CTP olarak diyalog \u00e7a\u011fr\u0131s\u0131 yapt\u0131klar\u0131n\u0131, h\u00fck\u00fcmetin bir an \u00f6nce ortak ak\u0131l yaratmak i\u00e7in \u00e7al\u0131\u015fma yapmas\u0131 gerekti\u011fini dile getirdi.<\/span><\/span><\/span><\/span><\/p>\n<p style=\"text-align:left\">&nbsp;<\/p>\n<p style=\"text-align:left\">&nbsp;<\/p>\n<p style=\"text-align:left\"><span style=\"font-size:16px\"><span style=\"font-family:Merriweather,serif !important\"><span style=\"color:#000000\"><span style=\"background-color:#ffffff\">-\u201cOrtada s\u00fcrd\u00fcr\u00fclemez bir durum var\u201d<\/span><\/span><\/span><\/span><\/p>\n<p style=\"text-align:left\"><span style=\"font-size:16px\"><span style=\"font-family:Merriweather,serif !important\"><span style=\"color:#000000\"><span style=\"background-color:#ffffff\">Her ko\u015fulda \u00fcreticinin yan\u0131nda olacaklar\u0131n\u0131 ifade eden As\u0131m Akansoy, \u00e7at\u0131\u015fma ve gerilimin \u00e7are olmad\u0131\u011f\u0131n\u0131 belirtti. Ortada s\u00fcrd\u00fcr\u00fclemez bir durum oldu\u011funu kaydeden Akansoy, bu duruma sadece hayvanc\u0131lar\u0131n de\u011fil, toplumun t\u00fcm kesimlerinin tepkili oldu\u011funu s\u00f6yledi.<\/span><\/span><\/span><\/span><\/p>\n<p style=\"text-align:left\"><span style=\"font-size:16px\"><span style=\"font-family:Merriweather,serif !important\"><span style=\"color:#000000\"><span style=\"background-color:#ffffff\">\u201cUBP\u2019nin \u00fclkede hi\u00e7bir sorun yokmu\u015f gibi sadece kurultay\u0131n\u0131 d\u00fc\u015f\u00fcnd\u00fc\u011f\u00fcn\u00fc\u201d savunan Akansoy, \u201cOnun d\u0131\u015f\u0131nda \u00fclkede herhangi bir s\u0131k\u0131nt\u0131 oldu\u011fu idrakinde de\u011filler\u201d diye konu\u015ftu.<\/span><\/span><\/span><\/span><\/p>\n<p style=\"text-align:left\"><span style=\"font-size:16px\"><span style=\"font-family:Merriweather,serif !important\"><span style=\"color:#000000\"><span style=\"background-color:#ffffff\">\u201cErken se\u00e7im, bu \u00fclkedeki sorunlar\u0131n \u00e7\u00f6z\u00fcm\u00fc noktas\u0131nda \u00e7ok \u00f6nemli bir karard\u0131r\u201d diyen Akansoy, erken se\u00e7im karar\u0131n\u0131 toplumun verece\u011fine dikkat \u00e7ekti. Akansoy, \u201cCTP erken se\u00e7ime gitmeye haz\u0131rd\u0131r. \u00dcnal \u00dcstel, bu konuda sorumluluk ve iyi niyet ta\u015f\u0131yorsa, hamle yapmas\u0131, istifa etmesi gerekir\u201d dedi.<\/span><\/span><\/span><\/span><\/p>\n<p style=\"text-align:left\">&nbsp;<\/p>\n<p style=\"text-align:left\"><span style=\"font-size:16px\"><span style=\"font-family:Merriweather,serif !important\"><span style=\"color:#000000\"><span style=\"background-color:#ffffff\">-\u201cK\u0131br\u0131sl\u0131 T\u00fcrklerin varolu\u015fu, K\u0131br\u0131s\u2019ta \u00e7\u00f6z\u00fcmden ge\u00e7er\u201d<\/span><\/span><\/span><\/span><\/p>\n<p style=\"text-align:left\"><span style=\"font-size:16px\"><span style=\"font-family:Merriweather,serif !important\"><span style=\"color:#000000\"><span style=\"background-color:#ffffff\">K\u0131br\u0131s sorunuyla ilgili de konu\u015fan As\u0131m Akansoy, \u015fu ifadeleri kulland\u0131:<\/span><\/span><\/span><\/span><\/p>\n<p style=\"text-align:left\"><span style=\"font-size:16px\"><span style=\"font-family:Merriweather,serif !important\"><span style=\"color:#000000\"><span style=\"background-color:#ffffff\">\u201cK\u0131br\u0131sl\u0131 T\u00fcrklerin varolu\u015fu, K\u0131br\u0131s\u2019ta \u00e7\u00f6z\u00fcmden ge\u00e7er. K\u0131br\u0131sl\u0131 T\u00fcrklerin kendi kendini y\u00f6netme, var olma m\u00fccadelesi, \u00e7\u00f6z\u00fcmden ge\u00e7er. \u00c7\u00f6z\u00fcm olmadan bu m\u00fccadele bitmeyecek, devam edecek. Bizim istedi\u011fimiz \u00e7\u00f6z\u00fcm, ne az\u0131nl\u0131k olmak ne de alt y\u00f6netim olmakt\u0131r. K\u0131br\u0131sl\u0131 T\u00fcrklerin erki eline alabilmesi, federasyondan ge\u00e7er. Federasyon, yegane varolu\u015f modelidir.\u201d<\/span><\/span><\/span><\/span><\/p>\n<p style=\"text-align:left\"><span style=\"font-size:16px\"><span style=\"font-family:Merriweather,serif !important\"><span style=\"color:#000000\"><span style=\"background-color:#ffffff\">Cumhurba\u015fkan\u0131 Ersin Tatar\u2019a ele\u015ftirilerde de bulunan Akansoy, 2017 sonras\u0131 federasyon isteyenlerin hain ilan edildi\u011fini savundu. Tatar\u2019\u0131n halk\u0131n\u0131 temsil etmedi\u011fini ileri s\u00fcren Akansoy, CTP olarak i\u015f ola bir m\u00fczakere de\u011fil, sonuca ula\u015ft\u0131racak m\u00fczakere istediklerini ifade etti ve \u201c\u00c7\u00f6z\u00fcms\u00fczl\u00fck odaklar\u0131, gerilime oynuyor\u201d dedi.<\/span><\/span><\/span><\/span><\/p>\n","protected":false},"excerpt":{"rendered":"<p>CTP\u2019den yap\u0131lan a\u00e7\u0131klamaya g\u00f6re, Kanal Sim\u2019de Serhat \u0130ncirli\u2019nin sorular\u0131n\u0131 yan\u0131tlayan As\u0131m Akansoy, K\u0131br\u0131sl\u0131 T\u00fcrklerin varolu\u015funun, K\u0131br\u0131s\u2019ta \u00e7\u00f6z\u00fcmden ge\u00e7ti\u011fini belirtti. Hayvan \u00dcreticileri ve Yeti\u015ftiricileri Birli\u011fi\u2019nin yapt\u0131\u011f\u0131 eylemlere destek belirttiklerini kaydeden Akansoy, \u00fc\u00e7 g\u00fcnd\u00fcr eylem yerine gidip, hayvanc\u0131lar\u0131n sorunlar\u0131n\u0131 dinlediklerini ifade etti. Kasaplar, restoranc\u0131lar ve hayvanc\u0131larla uzun zamand\u0131r diyalog i\u00e7erisinde olduklar\u0131n\u0131 kaydeden As\u0131m Akansoy, krizlerin ortaya \u00e7\u0131kma<\/p>\n","protected":false},"author":1,"featured_media":42989,"comment_status":"open","ping_status":"open","sticky":false,"template":"","format":"standard","meta":{"footnotes":""},"categories":[79],"tags":[],"class_list":["post-42988","post","type-post","status-publish","format-standard","has-post-thumbnail","hentry","category-ekonomi"],"yoast_head":"<!-- This site is optimized with the Yoast SEO plugin v27.5 - https:\/\/yoast.com\/product\/yoast-seo-wordpress\/ -->\n<title>CTP Genel Sekreteri Akansoy: \u201cBir an \u00f6nce erken se\u00e7ime gidilmelidir, CTP haz\u0131rd\u0131r\u201d -<\/title>\n<meta name=\"robots\" content=\"index, follow, max-snippet:-1, max-image-preview:large, max-video-preview:-1\" \/>\n<link rel=\"canonical\" href=\"https:\/\/kibrisdakik.com\/?p=42988\" \/>\n<meta property=\"og:locale\" content=\"tr_TR\" \/>\n<meta property=\"og:type\" content=\"article\" \/>\n<meta property=\"og:title\" content=\"CTP Genel Sekreteri Akansoy: \u201cBir an \u00f6nce erken se\u00e7ime gidilmelidir, CTP haz\u0131rd\u0131r\u201d -\" \/>\n<meta property=\"og:description\" content=\"CTP\u2019den yap\u0131lan a\u00e7\u0131klamaya g\u00f6re, Kanal Sim\u2019de Serhat \u0130ncirli\u2019nin sorular\u0131n\u0131 yan\u0131tlayan As\u0131m Akansoy, K\u0131br\u0131sl\u0131 T\u00fcrklerin varolu\u015funun, K\u0131br\u0131s\u2019ta \u00e7\u00f6z\u00fcmden ge\u00e7ti\u011fini belirtti. Hayvan \u00dcreticileri ve Yeti\u015ftiricileri Birli\u011fi\u2019nin yapt\u0131\u011f\u0131 eylemlere destek belirttiklerini kaydeden Akansoy, \u00fc\u00e7 g\u00fcnd\u00fcr eylem yerine gidip, hayvanc\u0131lar\u0131n sorunlar\u0131n\u0131 dinlediklerini ifade etti. Kasaplar, restoranc\u0131lar ve hayvanc\u0131larla uzun zamand\u0131r diyalog i\u00e7erisinde olduklar\u0131n\u0131 kaydeden As\u0131m Akansoy, krizlerin ortaya \u00e7\u0131kma\" \/>\n<meta property=\"og:url\" content=\"https:\/\/kibrisdakik.com\/?p=42988\" \/>\n<meta property=\"article:published_time\" content=\"2024-05-24T04:09:00+00:00\" \/>\n<meta property=\"og:image\" content=\"https:\/\/kibrisdakik.com\/wp-content\/uploads\/2024\/05\/ctp-genel-sekreteri-akansoy-bir-an-once-erken-secime-gidilmelidir-ctp-hazirdir-1716471853.webp.webp\" \/>\n\t<meta property=\"og:image:width\" content=\"710\" \/>\n\t<meta property=\"og:image:height\" content=\"370\" \/>\n\t<meta property=\"og:image:type\" content=\"image\/webp\" \/>\n<meta name=\"author\" content=\"admin\" \/>\n<meta name=\"twitter:card\" content=\"summary_large_image\" \/>\n<meta name=\"twitter:label1\" content=\"Yazan:\" \/>\n\t<meta name=\"twitter:data1\" content=\"admin\" \/>\n\t<meta name=\"twitter:label2\" content=\"Tahmini okuma s\u00fcresi\" \/>\n\t<meta name=\"twitter:data2\" content=\"3 dakika\" \/>\n<script type=\"application\/ld+json\" class=\"yoast-schema-graph\">{\"@context\":\"https:\\\/\\\/schema.org\",\"@graph\":[{\"@type\":\"Article\",\"@id\":\"https:\\\/\\\/kibrisdakik.com\\\/?p=42988#article\",\"isPartOf\":{\"@id\":\"https:\\\/\\\/kibrisdakik.com\\\/?p=42988\"},\"author\":{\"name\":\"admin\",\"@id\":\"https:\\\/\\\/kibrisdakik.com\\\/#\\\/schema\\\/person\\\/9cd9d437bbb44f72b73ba127e06d8e79\"},\"headline\":\"CTP Genel Sekreteri Akansoy: \u201cBir an \u00f6nce erken se\u00e7ime gidilmelidir, CTP haz\u0131rd\u0131r\u201d\",\"datePublished\":\"2024-05-24T04:09:00+00:00\",\"mainEntityOfPage\":{\"@id\":\"https:\\\/\\\/kibrisdakik.com\\\/?p=42988\"},\"wordCount\":648,\"commentCount\":0,\"image\":{\"@id\":\"https:\\\/\\\/kibrisdakik.com\\\/?p=42988#primaryimage\"},\"thumbnailUrl\":\"https:\\\/\\\/kibrisdakik.com\\\/wp-content\\\/uploads\\\/2024\\\/05\\\/ctp-genel-sekreteri-akansoy-bir-an-once-erken-secime-gidilmelidir-ctp-hazirdir-1716471853.webp.webp\",\"articleSection\":[\"Ekonomi\"],\"inLanguage\":\"tr\",\"potentialAction\":[{\"@type\":\"CommentAction\",\"name\":\"Comment\",\"target\":[\"https:\\\/\\\/kibrisdakik.com\\\/?p=42988#respond\"]}]},{\"@type\":\"WebPage\",\"@id\":\"https:\\\/\\\/kibrisdakik.com\\\/?p=42988\",\"url\":\"https:\\\/\\\/kibrisdakik.com\\\/?p=42988\",\"name\":\"CTP Genel Sekreteri Akansoy: \u201cBir an \u00f6nce erken se\u00e7ime gidilmelidir, CTP haz\u0131rd\u0131r\u201d -\",\"isPartOf\":{\"@id\":\"https:\\\/\\\/kibrisdakik.com\\\/#website\"},\"primaryImageOfPage\":{\"@id\":\"https:\\\/\\\/kibrisdakik.com\\\/?p=42988#primaryimage\"},\"image\":{\"@id\":\"https:\\\/\\\/kibrisdakik.com\\\/?p=42988#primaryimage\"},\"thumbnailUrl\":\"https:\\\/\\\/kibrisdakik.com\\\/wp-content\\\/uploads\\\/2024\\\/05\\\/ctp-genel-sekreteri-akansoy-bir-an-once-erken-secime-gidilmelidir-ctp-hazirdir-1716471853.webp.webp\",\"datePublished\":\"2024-05-24T04:09:00+00:00\",\"author\":{\"@id\":\"https:\\\/\\\/kibrisdakik.com\\\/#\\\/schema\\\/person\\\/9cd9d437bbb44f72b73ba127e06d8e79\"},\"breadcrumb\":{\"@id\":\"https:\\\/\\\/kibrisdakik.com\\\/?p=42988#breadcrumb\"},\"inLanguage\":\"tr\",\"potentialAction\":[{\"@type\":\"ReadAction\",\"target\":[\"https:\\\/\\\/kibrisdakik.com\\\/?p=42988\"]}]},{\"@type\":\"ImageObject\",\"inLanguage\":\"tr\",\"@id\":\"https:\\\/\\\/kibrisdakik.com\\\/?p=42988#primaryimage\",\"url\":\"https:\\\/\\\/kibrisdakik.com\\\/wp-content\\\/uploads\\\/2024\\\/05\\\/ctp-genel-sekreteri-akansoy-bir-an-once-erken-secime-gidilmelidir-ctp-hazirdir-1716471853.webp.webp\",\"contentUrl\":\"https:\\\/\\\/kibrisdakik.com\\\/wp-content\\\/uploads\\\/2024\\\/05\\\/ctp-genel-sekreteri-akansoy-bir-an-once-erken-secime-gidilmelidir-ctp-hazirdir-1716471853.webp.webp\",\"width\":710,\"height\":370},{\"@type\":\"BreadcrumbList\",\"@id\":\"https:\\\/\\\/kibrisdakik.com\\\/?p=42988#breadcrumb\",\"itemListElement\":[{\"@type\":\"ListItem\",\"position\":1,\"name\":\"Home\",\"item\":\"https:\\\/\\\/kibrisdakik.com\\\/\"},{\"@type\":\"ListItem\",\"position\":2,\"name\":\"CTP Genel Sekreteri Akansoy: \u201cBir an \u00f6nce erken se\u00e7ime gidilmelidir, CTP haz\u0131rd\u0131r\u201d\"}]},{\"@type\":\"WebSite\",\"@id\":\"https:\\\/\\\/kibrisdakik.com\\\/#website\",\"url\":\"https:\\\/\\\/kibrisdakik.com\\\/\",\"name\":\"\",\"description\":\"Tam vaktinde haber\",\"potentialAction\":[{\"@type\":\"SearchAction\",\"target\":{\"@type\":\"EntryPoint\",\"urlTemplate\":\"https:\\\/\\\/kibrisdakik.com\\\/?s={search_term_string}\"},\"query-input\":{\"@type\":\"PropertyValueSpecification\",\"valueRequired\":true,\"valueName\":\"search_term_string\"}}],\"inLanguage\":\"tr\"},{\"@type\":\"Person\",\"@id\":\"https:\\\/\\\/kibrisdakik.com\\\/#\\\/schema\\\/person\\\/9cd9d437bbb44f72b73ba127e06d8e79\",\"name\":\"admin\",\"image\":{\"@type\":\"ImageObject\",\"inLanguage\":\"tr\",\"@id\":\"https:\\\/\\\/secure.gravatar.com\\\/avatar\\\/ccc17943b9d660506c869530f897617f7cb1c21a4bf30023f252596d83e1f007?s=96&d=mm&r=g\",\"url\":\"https:\\\/\\\/secure.gravatar.com\\\/avatar\\\/ccc17943b9d660506c869530f897617f7cb1c21a4bf30023f252596d83e1f007?s=96&d=mm&r=g\",\"contentUrl\":\"https:\\\/\\\/secure.gravatar.com\\\/avatar\\\/ccc17943b9d660506c869530f897617f7cb1c21a4bf30023f252596d83e1f007?s=96&d=mm&r=g\",\"caption\":\"admin\"},\"sameAs\":[\"https:\\\/\\\/kibrisdakik.com\"],\"url\":\"https:\\\/\\\/kibrisdakik.com\\\/?author=1\"}]}<\/script>\n<!-- \/ Yoast SEO plugin. -->","yoast_head_json":{"title":"CTP Genel Sekreteri Akansoy: \u201cBir an \u00f6nce erken se\u00e7ime gidilmelidir, CTP haz\u0131rd\u0131r\u201d -","robots":{"index":"index","follow":"follow","max-snippet":"max-snippet:-1","max-image-preview":"max-image-preview:large","max-video-preview":"max-video-preview:-1"},"canonical":"https:\/\/kibrisdakik.com\/?p=42988","og_locale":"tr_TR","og_type":"article","og_title":"CTP Genel Sekreteri Akansoy: \u201cBir an \u00f6nce erken se\u00e7ime gidilmelidir, CTP haz\u0131rd\u0131r\u201d -","og_description":"CTP\u2019den yap\u0131lan a\u00e7\u0131klamaya g\u00f6re, Kanal Sim\u2019de Serhat \u0130ncirli\u2019nin sorular\u0131n\u0131 yan\u0131tlayan As\u0131m Akansoy, K\u0131br\u0131sl\u0131 T\u00fcrklerin varolu\u015funun, K\u0131br\u0131s\u2019ta \u00e7\u00f6z\u00fcmden ge\u00e7ti\u011fini belirtti. Hayvan \u00dcreticileri ve Yeti\u015ftiricileri Birli\u011fi\u2019nin yapt\u0131\u011f\u0131 eylemlere destek belirttiklerini kaydeden Akansoy, \u00fc\u00e7 g\u00fcnd\u00fcr eylem yerine gidip, hayvanc\u0131lar\u0131n sorunlar\u0131n\u0131 dinlediklerini ifade etti. Kasaplar, restoranc\u0131lar ve hayvanc\u0131larla uzun zamand\u0131r diyalog i\u00e7erisinde olduklar\u0131n\u0131 kaydeden As\u0131m Akansoy, krizlerin ortaya \u00e7\u0131kma","og_url":"https:\/\/kibrisdakik.com\/?p=42988","article_published_time":"2024-05-24T04:09:00+00:00","og_image":[{"width":710,"height":370,"url":"https:\/\/kibrisdakik.com\/wp-content\/uploads\/2024\/05\/ctp-genel-sekreteri-akansoy-bir-an-once-erken-secime-gidilmelidir-ctp-hazirdir-1716471853.webp.webp","type":"image\/webp"}],"author":"admin","twitter_card":"summary_large_image","twitter_misc":{"Yazan:":"admin","Tahmini okuma s\u00fcresi":"3 dakika"},"schema":{"@context":"https:\/\/schema.org","@graph":[{"@type":"Article","@id":"https:\/\/kibrisdakik.com\/?p=42988#article","isPartOf":{"@id":"https:\/\/kibrisdakik.com\/?p=42988"},"author":{"name":"admin","@id":"https:\/\/kibrisdakik.com\/#\/schema\/person\/9cd9d437bbb44f72b73ba127e06d8e79"},"headline":"CTP Genel Sekreteri Akansoy: \u201cBir an \u00f6nce erken se\u00e7ime gidilmelidir, CTP haz\u0131rd\u0131r\u201d","datePublished":"2024-05-24T04:09:00+00:00","mainEntityOfPage":{"@id":"https:\/\/kibrisdakik.com\/?p=42988"},"wordCount":648,"commentCount":0,"image":{"@id":"https:\/\/kibrisdakik.com\/?p=42988#primaryimage"},"thumbnailUrl":"https:\/\/kibrisdakik.com\/wp-content\/uploads\/2024\/05\/ctp-genel-sekreteri-akansoy-bir-an-once-erken-secime-gidilmelidir-ctp-hazirdir-1716471853.webp.webp","articleSection":["Ekonomi"],"inLanguage":"tr","potentialAction":[{"@type":"CommentAction","name":"Comment","target":["https:\/\/kibrisdakik.com\/?p=42988#respond"]}]},{"@type":"WebPage","@id":"https:\/\/kibrisdakik.com\/?p=42988","url":"https:\/\/kibrisdakik.com\/?p=42988","name":"CTP Genel Sekreteri Akansoy: \u201cBir an \u00f6nce erken se\u00e7ime gidilmelidir, CTP haz\u0131rd\u0131r\u201d -","isPartOf":{"@id":"https:\/\/kibrisdakik.com\/#website"},"primaryImageOfPage":{"@id":"https:\/\/kibrisdakik.com\/?p=42988#primaryimage"},"image":{"@id":"https:\/\/kibrisdakik.com\/?p=42988#primaryimage"},"thumbnailUrl":"https:\/\/kibrisdakik.com\/wp-content\/uploads\/2024\/05\/ctp-genel-sekreteri-akansoy-bir-an-once-erken-secime-gidilmelidir-ctp-hazirdir-1716471853.webp.webp","datePublished":"2024-05-24T04:09:00+00:00","author":{"@id":"https:\/\/kibrisdakik.com\/#\/schema\/person\/9cd9d437bbb44f72b73ba127e06d8e79"},"breadcrumb":{"@id":"https:\/\/kibrisdakik.com\/?p=42988#breadcrumb"},"inLanguage":"tr","potentialAction":[{"@type":"ReadAction","target":["https:\/\/kibrisdakik.com\/?p=42988"]}]},{"@type":"ImageObject","inLanguage":"tr","@id":"https:\/\/kibrisdakik.com\/?p=42988#primaryimage","url":"https:\/\/kibrisdakik.com\/wp-content\/uploads\/2024\/05\/ctp-genel-sekreteri-akansoy-bir-an-once-erken-secime-gidilmelidir-ctp-hazirdir-1716471853.webp.webp","contentUrl":"https:\/\/kibrisdakik.com\/wp-content\/uploads\/2024\/05\/ctp-genel-sekreteri-akansoy-bir-an-once-erken-secime-gidilmelidir-ctp-hazirdir-1716471853.webp.webp","width":710,"height":370},{"@type":"BreadcrumbList","@id":"https:\/\/kibrisdakik.com\/?p=42988#breadcrumb","itemListElement":[{"@type":"ListItem","position":1,"name":"Home","item":"https:\/\/kibrisdakik.com\/"},{"@type":"ListItem","position":2,"name":"CTP Genel Sekreteri Akansoy: \u201cBir an \u00f6nce erken se\u00e7ime gidilmelidir, CTP haz\u0131rd\u0131r\u201d"}]},{"@type":"WebSite","@id":"https:\/\/kibrisdakik.com\/#website","url":"https:\/\/kibrisdakik.com\/","name":"","description":"Tam vaktinde haber","potentialAction":[{"@type":"SearchAction","target":{"@type":"EntryPoint","urlTemplate":"https:\/\/kibrisdakik.com\/?s={search_term_string}"},"query-input":{"@type":"PropertyValueSpecification","valueRequired":true,"valueName":"search_term_string"}}],"inLanguage":"tr"},{"@type":"Person","@id":"https:\/\/kibrisdakik.com\/#\/schema\/person\/9cd9d437bbb44f72b73ba127e06d8e79","name":"admin","image":{"@type":"ImageObject","inLanguage":"tr","@id":"https:\/\/secure.gravatar.com\/avatar\/ccc17943b9d660506c869530f897617f7cb1c21a4bf30023f252596d83e1f007?s=96&d=mm&r=g","url":"https:\/\/secure.gravatar.com\/avatar\/ccc17943b9d660506c869530f897617f7cb1c21a4bf30023f252596d83e1f007?s=96&d=mm&r=g","contentUrl":"https:\/\/secure.gravatar.com\/avatar\/ccc17943b9d660506c869530f897617f7cb1c21a4bf30023f252596d83e1f007?s=96&d=mm&r=g","caption":"admin"},"sameAs":["https:\/\/kibrisdakik.com"],"url":"https:\/\/kibrisdakik.com\/?author=1"}]}},"_links":{"self":[{"href":"https:\/\/kibrisdakik.com\/index.php?rest_route=\/wp\/v2\/posts\/42988","targetHints":{"allow":["GET"]}}],"collection":[{"href":"https:\/\/kibrisdakik.com\/index.php?rest_route=\/wp\/v2\/posts"}],"about":[{"href":"https:\/\/kibrisdakik.com\/index.php?rest_route=\/wp\/v2\/types\/post"}],"author":[{"embeddable":true,"href":"https:\/\/kibrisdakik.com\/index.php?rest_route=\/wp\/v2\/users\/1"}],"replies":[{"embeddable":true,"href":"https:\/\/kibrisdakik.com\/index.php?rest_route=%2Fwp%2Fv2%2Fcomments&post=42988"}],"version-history":[{"count":0,"href":"https:\/\/kibrisdakik.com\/index.php?rest_route=\/wp\/v2\/posts\/42988\/revisions"}],"wp:featuredmedia":[{"embeddable":true,"href":"https:\/\/kibrisdakik.com\/index.php?rest_route=\/wp\/v2\/media\/42989"}],"wp:attachment":[{"href":"https:\/\/kibrisdakik.com\/index.php?rest_route=%2Fwp%2Fv2%2Fmedia&parent=42988"}],"wp:term":[{"taxonomy":"category","embeddable":true,"href":"https:\/\/kibrisdakik.com\/index.php?rest_route=%2Fwp%2Fv2%2Fcategories&post=42988"},{"taxonomy":"post_tag","embeddable":true,"href":"https:\/\/kibrisdakik.com\/index.php?rest_route=%2Fwp%2Fv2%2Ftags&post=42988"}],"curies":[{"name":"wp","href":"https:\/\/api.w.org\/{rel}","templated":true}]}}