{"id":43013,"date":"2024-05-24T08:20:12","date_gmt":"2024-05-24T08:20:12","guid":{"rendered":"https:\/\/kibrisdakik.com\/index.php\/2024\/05\/24\/beykoyde-vatandaslara-uyari\/"},"modified":"2024-05-24T08:20:12","modified_gmt":"2024-05-24T08:20:12","slug":"beykoyde-vatandaslara-uyari","status":"publish","type":"post","link":"https:\/\/kibrisdakik.com\/?p=43013","title":{"rendered":"Beyk\u00f6y\u2019de vatanda\u015flara uyar\u0131\u2026"},"content":{"rendered":"<p><\/p>\n<div>\n<div class=\"mariselle-image-container center\">\n                <img loading=\"lazy\" decoding=\"async\" width=\"1280\" height=\"853\" class=\"lazy-image\" alt=\"\" sizes=\"auto, (max-width: 1280px) 100vw, 1280px\" src=\"https:\/\/brtk.net\/wp-content\/uploads\/2024\/05\/24\/beykoy-atis-2.jpg?ver=a514c4f645fff4753bb9d924b8515330\" srcset=\"https:\/\/brtk.net\/wp-content\/uploads\/2024\/05\/24\/beykoy-atis-2.jpg?ver=a514c4f645fff4753bb9d924b8515330 1280w, https:\/\/brtk.net\/wp-content\/uploads\/2024\/05\/24\/beykoy-atis-2-300x200.jpg?ver=31e942388af336e15fffb91e8775a13c 300w, https:\/\/brtk.net\/wp-content\/uploads\/2024\/05\/24\/beykoy-atis-2-1024x682.jpg?ver=31e942388af336e15fffb91e8775a13c 1024w, https:\/\/brtk.net\/wp-content\/uploads\/2024\/05\/24\/beykoy-atis-2-768x512.jpg?ver=31e942388af336e15fffb91e8775a13c 768w\"\/>                            <\/div>\n<p>Lefko\u015fa Kaymakam\u0131 Cemal Kuyucu, vatanda\u015flar\u0131, Beyk\u00f6y a\u011f\u0131r silah at\u0131\u015f alan\u0131 b\u00f6lgesinde patlamam\u0131\u015f m\u00fchimmat konusunda uyard\u0131.  <\/p>\n<p>Kuyucu yaz\u0131l\u0131 a\u00e7\u0131klamas\u0131nda, 15-26 Nisan tarihleri aras\u0131nda  Beyk\u00f6y A\u011f\u0131r silah At\u0131\u015f Alan\u0131 b\u00f6lgesinde, top\u00e7u silahlar\u0131 ile at\u0131\u015f yap\u0131ld\u0131\u011f\u0131n\u0131 ve b\u00f6lgede b\u00fct\u00fcn aramalara ra\u011fmen yerleri tespit edilemeyen patlamam\u0131\u015f mermiler bulundu\u011funu kaydetti.<\/p>\n<p>Kuyucu, dolay\u0131s\u0131yla vatanda\u015f\u0131n can ve mal g\u00fcvenli\u011fini tehdit edecek olan bu mermilerin imha edilebilmesi i\u00e7in, g\u00f6r\u00fcld\u00fc\u011f\u00fc veya bulundu\u011fu yerin en k\u0131sa zamanda K\u0131br\u0131s T\u00fcrk Bar\u0131\u015f Kuvvetleri (KTBK) Mekanize Piyade T\u00fcmen Komutanl\u0131\u011f\u0131 (0392  236 8866) ve KTBK Top\u00e7u Alay Komutanl\u0131\u011f\u0131\u2019na(0392 223 3487) iletilmesini istedi.<\/p>\n<\/p><\/div>\n<p><script async\n                    defer\n                    crossorigin=\"anonymous\"\n                    src=\"https:\/\/connect.facebook.net\/tr_TR\/sdk.js#xfbml=1&#038;version=v3.3\"\n            ><\/script><\/p>\n","protected":false},"excerpt":{"rendered":"<p>Lefko\u015fa Kaymakam\u0131 Cemal Kuyucu, vatanda\u015flar\u0131, Beyk\u00f6y a\u011f\u0131r silah at\u0131\u015f alan\u0131 b\u00f6lgesinde patlamam\u0131\u015f m\u00fchimmat konusunda uyard\u0131. Kuyucu yaz\u0131l\u0131 a\u00e7\u0131klamas\u0131nda, 15-26 Nisan tarihleri aras\u0131nda Beyk\u00f6y A\u011f\u0131r silah At\u0131\u015f Alan\u0131 b\u00f6lgesinde, top\u00e7u silahlar\u0131 ile at\u0131\u015f yap\u0131ld\u0131\u011f\u0131n\u0131 ve b\u00f6lgede b\u00fct\u00fcn aramalara ra\u011fmen yerleri tespit edilemeyen patlamam\u0131\u015f mermiler bulundu\u011funu kaydetti. Kuyucu, dolay\u0131s\u0131yla vatanda\u015f\u0131n can ve mal g\u00fcvenli\u011fini tehdit edecek olan<\/p>\n","protected":false},"author":1,"featured_media":43014,"comment_status":"open","ping_status":"open","sticky":false,"template":"","format":"standard","meta":{"footnotes":""},"categories":[1],"tags":[],"class_list":["post-43013","post","type-post","status-publish","format-standard","has-post-thumbnail","hentry","category-gundem"],"yoast_head":"<!-- This site is optimized with the Yoast SEO plugin v27.4 - https:\/\/yoast.com\/product\/yoast-seo-wordpress\/ -->\n<title>Beyk\u00f6y\u2019de vatanda\u015flara uyar\u0131\u2026 -<\/title>\n<meta name=\"robots\" content=\"index, follow, max-snippet:-1, max-image-preview:large, max-video-preview:-1\" \/>\n<link rel=\"canonical\" href=\"https:\/\/kibrisdakik.com\/?p=43013\" \/>\n<meta property=\"og:locale\" content=\"tr_TR\" \/>\n<meta property=\"og:type\" content=\"article\" \/>\n<meta property=\"og:title\" content=\"Beyk\u00f6y\u2019de vatanda\u015flara uyar\u0131\u2026 -\" \/>\n<meta property=\"og:description\" content=\"Lefko\u015fa Kaymakam\u0131 Cemal Kuyucu, vatanda\u015flar\u0131, Beyk\u00f6y a\u011f\u0131r silah at\u0131\u015f alan\u0131 b\u00f6lgesinde patlamam\u0131\u015f m\u00fchimmat konusunda uyard\u0131. Kuyucu yaz\u0131l\u0131 a\u00e7\u0131klamas\u0131nda, 15-26 Nisan tarihleri aras\u0131nda Beyk\u00f6y A\u011f\u0131r silah At\u0131\u015f Alan\u0131 b\u00f6lgesinde, top\u00e7u silahlar\u0131 ile at\u0131\u015f yap\u0131ld\u0131\u011f\u0131n\u0131 ve b\u00f6lgede b\u00fct\u00fcn aramalara ra\u011fmen yerleri tespit edilemeyen patlamam\u0131\u015f mermiler bulundu\u011funu kaydetti. Kuyucu, dolay\u0131s\u0131yla vatanda\u015f\u0131n can ve mal g\u00fcvenli\u011fini tehdit edecek olan\" \/>\n<meta property=\"og:url\" content=\"https:\/\/kibrisdakik.com\/?p=43013\" \/>\n<meta property=\"article:published_time\" content=\"2024-05-24T08:20:12+00:00\" \/>\n<meta property=\"og:image\" content=\"https:\/\/kibrisdakik.com\/wp-content\/uploads\/2024\/05\/beykoy-atis-2-740x420.jpg\" \/>\n\t<meta property=\"og:image:width\" content=\"1280\" \/>\n\t<meta property=\"og:image:height\" content=\"853\" \/>\n\t<meta property=\"og:image:type\" content=\"image\/jpeg\" \/>\n<meta name=\"author\" content=\"admin\" \/>\n<meta name=\"twitter:card\" content=\"summary_large_image\" \/>\n<meta name=\"twitter:label1\" content=\"Yazan:\" \/>\n\t<meta name=\"twitter:data1\" content=\"admin\" \/>\n\t<meta name=\"twitter:label2\" content=\"Tahmini okuma s\u00fcresi\" \/>\n\t<meta name=\"twitter:data2\" content=\"1 dakika\" \/>\n<script type=\"application\/ld+json\" class=\"yoast-schema-graph\">{\"@context\":\"https:\\\/\\\/schema.org\",\"@graph\":[{\"@type\":\"Article\",\"@id\":\"https:\\\/\\\/kibrisdakik.com\\\/?p=43013#article\",\"isPartOf\":{\"@id\":\"https:\\\/\\\/kibrisdakik.com\\\/?p=43013\"},\"author\":{\"name\":\"admin\",\"@id\":\"https:\\\/\\\/kibrisdakik.com\\\/#\\\/schema\\\/person\\\/9cd9d437bbb44f72b73ba127e06d8e79\"},\"headline\":\"Beyk\u00f6y\u2019de vatanda\u015flara uyar\u0131\u2026\",\"datePublished\":\"2024-05-24T08:20:12+00:00\",\"mainEntityOfPage\":{\"@id\":\"https:\\\/\\\/kibrisdakik.com\\\/?p=43013\"},\"wordCount\":126,\"commentCount\":0,\"image\":{\"@id\":\"https:\\\/\\\/kibrisdakik.com\\\/?p=43013#primaryimage\"},\"thumbnailUrl\":\"https:\\\/\\\/kibrisdakik.com\\\/wp-content\\\/uploads\\\/2024\\\/05\\\/beykoy-atis-2-740x420.jpg\",\"articleSection\":[\"G\u00fcndem\"],\"inLanguage\":\"tr\",\"potentialAction\":[{\"@type\":\"CommentAction\",\"name\":\"Comment\",\"target\":[\"https:\\\/\\\/kibrisdakik.com\\\/?p=43013#respond\"]}]},{\"@type\":\"WebPage\",\"@id\":\"https:\\\/\\\/kibrisdakik.com\\\/?p=43013\",\"url\":\"https:\\\/\\\/kibrisdakik.com\\\/?p=43013\",\"name\":\"Beyk\u00f6y\u2019de vatanda\u015flara uyar\u0131\u2026 -\",\"isPartOf\":{\"@id\":\"https:\\\/\\\/kibrisdakik.com\\\/#website\"},\"primaryImageOfPage\":{\"@id\":\"https:\\\/\\\/kibrisdakik.com\\\/?p=43013#primaryimage\"},\"image\":{\"@id\":\"https:\\\/\\\/kibrisdakik.com\\\/?p=43013#primaryimage\"},\"thumbnailUrl\":\"https:\\\/\\\/kibrisdakik.com\\\/wp-content\\\/uploads\\\/2024\\\/05\\\/beykoy-atis-2-740x420.jpg\",\"datePublished\":\"2024-05-24T08:20:12+00:00\",\"author\":{\"@id\":\"https:\\\/\\\/kibrisdakik.com\\\/#\\\/schema\\\/person\\\/9cd9d437bbb44f72b73ba127e06d8e79\"},\"breadcrumb\":{\"@id\":\"https:\\\/\\\/kibrisdakik.com\\\/?p=43013#breadcrumb\"},\"inLanguage\":\"tr\",\"potentialAction\":[{\"@type\":\"ReadAction\",\"target\":[\"https:\\\/\\\/kibrisdakik.com\\\/?p=43013\"]}]},{\"@type\":\"ImageObject\",\"inLanguage\":\"tr\",\"@id\":\"https:\\\/\\\/kibrisdakik.com\\\/?p=43013#primaryimage\",\"url\":\"https:\\\/\\\/kibrisdakik.com\\\/wp-content\\\/uploads\\\/2024\\\/05\\\/beykoy-atis-2-740x420.jpg\",\"contentUrl\":\"https:\\\/\\\/kibrisdakik.com\\\/wp-content\\\/uploads\\\/2024\\\/05\\\/beykoy-atis-2-740x420.jpg\",\"width\":1280,\"height\":853},{\"@type\":\"BreadcrumbList\",\"@id\":\"https:\\\/\\\/kibrisdakik.com\\\/?p=43013#breadcrumb\",\"itemListElement\":[{\"@type\":\"ListItem\",\"position\":1,\"name\":\"Home\",\"item\":\"https:\\\/\\\/kibrisdakik.com\\\/\"},{\"@type\":\"ListItem\",\"position\":2,\"name\":\"Beyk\u00f6y\u2019de vatanda\u015flara uyar\u0131\u2026\"}]},{\"@type\":\"WebSite\",\"@id\":\"https:\\\/\\\/kibrisdakik.com\\\/#website\",\"url\":\"https:\\\/\\\/kibrisdakik.com\\\/\",\"name\":\"\",\"description\":\"Tam vaktinde haber\",\"potentialAction\":[{\"@type\":\"SearchAction\",\"target\":{\"@type\":\"EntryPoint\",\"urlTemplate\":\"https:\\\/\\\/kibrisdakik.com\\\/?s={search_term_string}\"},\"query-input\":{\"@type\":\"PropertyValueSpecification\",\"valueRequired\":true,\"valueName\":\"search_term_string\"}}],\"inLanguage\":\"tr\"},{\"@type\":\"Person\",\"@id\":\"https:\\\/\\\/kibrisdakik.com\\\/#\\\/schema\\\/person\\\/9cd9d437bbb44f72b73ba127e06d8e79\",\"name\":\"admin\",\"image\":{\"@type\":\"ImageObject\",\"inLanguage\":\"tr\",\"@id\":\"https:\\\/\\\/secure.gravatar.com\\\/avatar\\\/ccc17943b9d660506c869530f897617f7cb1c21a4bf30023f252596d83e1f007?s=96&d=mm&r=g\",\"url\":\"https:\\\/\\\/secure.gravatar.com\\\/avatar\\\/ccc17943b9d660506c869530f897617f7cb1c21a4bf30023f252596d83e1f007?s=96&d=mm&r=g\",\"contentUrl\":\"https:\\\/\\\/secure.gravatar.com\\\/avatar\\\/ccc17943b9d660506c869530f897617f7cb1c21a4bf30023f252596d83e1f007?s=96&d=mm&r=g\",\"caption\":\"admin\"},\"sameAs\":[\"https:\\\/\\\/kibrisdakik.com\"],\"url\":\"https:\\\/\\\/kibrisdakik.com\\\/?author=1\"}]}<\/script>\n<!-- \/ Yoast SEO plugin. -->","yoast_head_json":{"title":"Beyk\u00f6y\u2019de vatanda\u015flara uyar\u0131\u2026 -","robots":{"index":"index","follow":"follow","max-snippet":"max-snippet:-1","max-image-preview":"max-image-preview:large","max-video-preview":"max-video-preview:-1"},"canonical":"https:\/\/kibrisdakik.com\/?p=43013","og_locale":"tr_TR","og_type":"article","og_title":"Beyk\u00f6y\u2019de vatanda\u015flara uyar\u0131\u2026 -","og_description":"Lefko\u015fa Kaymakam\u0131 Cemal Kuyucu, vatanda\u015flar\u0131, Beyk\u00f6y a\u011f\u0131r silah at\u0131\u015f alan\u0131 b\u00f6lgesinde patlamam\u0131\u015f m\u00fchimmat konusunda uyard\u0131. Kuyucu yaz\u0131l\u0131 a\u00e7\u0131klamas\u0131nda, 15-26 Nisan tarihleri aras\u0131nda Beyk\u00f6y A\u011f\u0131r silah At\u0131\u015f Alan\u0131 b\u00f6lgesinde, top\u00e7u silahlar\u0131 ile at\u0131\u015f yap\u0131ld\u0131\u011f\u0131n\u0131 ve b\u00f6lgede b\u00fct\u00fcn aramalara ra\u011fmen yerleri tespit edilemeyen patlamam\u0131\u015f mermiler bulundu\u011funu kaydetti. Kuyucu, dolay\u0131s\u0131yla vatanda\u015f\u0131n can ve mal g\u00fcvenli\u011fini tehdit edecek olan","og_url":"https:\/\/kibrisdakik.com\/?p=43013","article_published_time":"2024-05-24T08:20:12+00:00","og_image":[{"width":1280,"height":853,"url":"https:\/\/kibrisdakik.com\/wp-content\/uploads\/2024\/05\/beykoy-atis-2-740x420.jpg","type":"image\/jpeg"}],"author":"admin","twitter_card":"summary_large_image","twitter_misc":{"Yazan:":"admin","Tahmini okuma s\u00fcresi":"1 dakika"},"schema":{"@context":"https:\/\/schema.org","@graph":[{"@type":"Article","@id":"https:\/\/kibrisdakik.com\/?p=43013#article","isPartOf":{"@id":"https:\/\/kibrisdakik.com\/?p=43013"},"author":{"name":"admin","@id":"https:\/\/kibrisdakik.com\/#\/schema\/person\/9cd9d437bbb44f72b73ba127e06d8e79"},"headline":"Beyk\u00f6y\u2019de vatanda\u015flara uyar\u0131\u2026","datePublished":"2024-05-24T08:20:12+00:00","mainEntityOfPage":{"@id":"https:\/\/kibrisdakik.com\/?p=43013"},"wordCount":126,"commentCount":0,"image":{"@id":"https:\/\/kibrisdakik.com\/?p=43013#primaryimage"},"thumbnailUrl":"https:\/\/kibrisdakik.com\/wp-content\/uploads\/2024\/05\/beykoy-atis-2-740x420.jpg","articleSection":["G\u00fcndem"],"inLanguage":"tr","potentialAction":[{"@type":"CommentAction","name":"Comment","target":["https:\/\/kibrisdakik.com\/?p=43013#respond"]}]},{"@type":"WebPage","@id":"https:\/\/kibrisdakik.com\/?p=43013","url":"https:\/\/kibrisdakik.com\/?p=43013","name":"Beyk\u00f6y\u2019de vatanda\u015flara uyar\u0131\u2026 -","isPartOf":{"@id":"https:\/\/kibrisdakik.com\/#website"},"primaryImageOfPage":{"@id":"https:\/\/kibrisdakik.com\/?p=43013#primaryimage"},"image":{"@id":"https:\/\/kibrisdakik.com\/?p=43013#primaryimage"},"thumbnailUrl":"https:\/\/kibrisdakik.com\/wp-content\/uploads\/2024\/05\/beykoy-atis-2-740x420.jpg","datePublished":"2024-05-24T08:20:12+00:00","author":{"@id":"https:\/\/kibrisdakik.com\/#\/schema\/person\/9cd9d437bbb44f72b73ba127e06d8e79"},"breadcrumb":{"@id":"https:\/\/kibrisdakik.com\/?p=43013#breadcrumb"},"inLanguage":"tr","potentialAction":[{"@type":"ReadAction","target":["https:\/\/kibrisdakik.com\/?p=43013"]}]},{"@type":"ImageObject","inLanguage":"tr","@id":"https:\/\/kibrisdakik.com\/?p=43013#primaryimage","url":"https:\/\/kibrisdakik.com\/wp-content\/uploads\/2024\/05\/beykoy-atis-2-740x420.jpg","contentUrl":"https:\/\/kibrisdakik.com\/wp-content\/uploads\/2024\/05\/beykoy-atis-2-740x420.jpg","width":1280,"height":853},{"@type":"BreadcrumbList","@id":"https:\/\/kibrisdakik.com\/?p=43013#breadcrumb","itemListElement":[{"@type":"ListItem","position":1,"name":"Home","item":"https:\/\/kibrisdakik.com\/"},{"@type":"ListItem","position":2,"name":"Beyk\u00f6y\u2019de vatanda\u015flara uyar\u0131\u2026"}]},{"@type":"WebSite","@id":"https:\/\/kibrisdakik.com\/#website","url":"https:\/\/kibrisdakik.com\/","name":"","description":"Tam vaktinde haber","potentialAction":[{"@type":"SearchAction","target":{"@type":"EntryPoint","urlTemplate":"https:\/\/kibrisdakik.com\/?s={search_term_string}"},"query-input":{"@type":"PropertyValueSpecification","valueRequired":true,"valueName":"search_term_string"}}],"inLanguage":"tr"},{"@type":"Person","@id":"https:\/\/kibrisdakik.com\/#\/schema\/person\/9cd9d437bbb44f72b73ba127e06d8e79","name":"admin","image":{"@type":"ImageObject","inLanguage":"tr","@id":"https:\/\/secure.gravatar.com\/avatar\/ccc17943b9d660506c869530f897617f7cb1c21a4bf30023f252596d83e1f007?s=96&d=mm&r=g","url":"https:\/\/secure.gravatar.com\/avatar\/ccc17943b9d660506c869530f897617f7cb1c21a4bf30023f252596d83e1f007?s=96&d=mm&r=g","contentUrl":"https:\/\/secure.gravatar.com\/avatar\/ccc17943b9d660506c869530f897617f7cb1c21a4bf30023f252596d83e1f007?s=96&d=mm&r=g","caption":"admin"},"sameAs":["https:\/\/kibrisdakik.com"],"url":"https:\/\/kibrisdakik.com\/?author=1"}]}},"_links":{"self":[{"href":"https:\/\/kibrisdakik.com\/index.php?rest_route=\/wp\/v2\/posts\/43013","targetHints":{"allow":["GET"]}}],"collection":[{"href":"https:\/\/kibrisdakik.com\/index.php?rest_route=\/wp\/v2\/posts"}],"about":[{"href":"https:\/\/kibrisdakik.com\/index.php?rest_route=\/wp\/v2\/types\/post"}],"author":[{"embeddable":true,"href":"https:\/\/kibrisdakik.com\/index.php?rest_route=\/wp\/v2\/users\/1"}],"replies":[{"embeddable":true,"href":"https:\/\/kibrisdakik.com\/index.php?rest_route=%2Fwp%2Fv2%2Fcomments&post=43013"}],"version-history":[{"count":0,"href":"https:\/\/kibrisdakik.com\/index.php?rest_route=\/wp\/v2\/posts\/43013\/revisions"}],"wp:featuredmedia":[{"embeddable":true,"href":"https:\/\/kibrisdakik.com\/index.php?rest_route=\/wp\/v2\/media\/43014"}],"wp:attachment":[{"href":"https:\/\/kibrisdakik.com\/index.php?rest_route=%2Fwp%2Fv2%2Fmedia&parent=43013"}],"wp:term":[{"taxonomy":"category","embeddable":true,"href":"https:\/\/kibrisdakik.com\/index.php?rest_route=%2Fwp%2Fv2%2Fcategories&post=43013"},{"taxonomy":"post_tag","embeddable":true,"href":"https:\/\/kibrisdakik.com\/index.php?rest_route=%2Fwp%2Fv2%2Ftags&post=43013"}],"curies":[{"name":"wp","href":"https:\/\/api.w.org\/{rel}","templated":true}]}}