{"id":43017,"date":"2024-05-24T09:14:18","date_gmt":"2024-05-24T09:14:18","guid":{"rendered":"https:\/\/kibrisdakik.com\/index.php\/2024\/05\/24\/nikos-hristodulidis-kibris-sorununda-rum-tezlerine-destek-veren-polonyaya-tesekkur-etti\/"},"modified":"2024-05-24T09:14:18","modified_gmt":"2024-05-24T09:14:18","slug":"nikos-hristodulidis-kibris-sorununda-rum-tezlerine-destek-veren-polonyaya-tesekkur-etti","status":"publish","type":"post","link":"https:\/\/kibrisdakik.com\/?p=43017","title":{"rendered":"Nikos Hristodulidis, K\u0131br\u0131s sorununda Rum tezlerine destek veren Polonya\u2019ya te\u015fekk\u00fcr etti"},"content":{"rendered":"<p><img decoding=\"async\" src=\"https:\/\/www.kibristurk.com\/images\/haberler\/2024\/05\/nikos-hristodulidis-kibris-sorununda-rum-tezlerine-destek-veren-polonyaya-tesekkur-etti-1716539851.webp\" \/><\/p>\n<p>Rum Y\u00f6netimi Ba\u015fkan\u0131 Nikos Hristodulidis Polonya Cumhurba\u015fkan\u0131 Andrzej Duda\u2019n\u0131n davetlisi olarak d\u00fcn Polonya\u2019ya gitti.<\/p>\n<p>Andrzej ve Ba\u015fbakan Donalt Tusk ile g\u00f6r\u00fc\u015fen Hristodulidis \u201cPolonya\u2019n\u0131n gerek BM\u2019de gerek Avrupa Konseyi\u2019nde ne zaman K\u0131br\u0131s sorununu \u00f6nemli y\u00f6nleri g\u00f6r\u00fc\u015f\u00fcld\u00fc\u011f\u00fcnde Rum tezlerine destek verdi\u011fine dikkat \u00e7ekerek&#8221; te\u015fekk\u00fcr etti.<\/p>\n<p>Fileleftheros\u2019un Rum Ba\u015fkanl\u0131k Saray\u0131\u2019ndan yap\u0131lan a\u00e7\u0131klamaya dayand\u0131rd\u0131\u011f\u0131 habere g\u00f6re Polonya\u2019y\u0131 ziyaret eden ilk Rum Y\u00f6netimi Ba\u015fkan\u0131 olan Hristodulidis \u201ctarihi\u201d diye niteledi\u011fi ziyareti ile Polonya ile G\u00fcney K\u0131br\u0131s aras\u0131ndaki, 2004\u2019teki AB \u00fcyeliklerinden sonra daha da g\u00fc\u00e7lenen siyasi ili\u015fkilerin yeniden teyit oldu\u011funu s\u00f6yledi. Ziyaretinin, iki taraf aras\u0131ndaki i\u015f birli\u011finin turizm, ticaret ve yat\u0131r\u0131m alanlar\u0131nda daha da g\u00fc\u00e7lendirilmesini hedefledi\u011fini, bu y\u00f6nde kar\u015f\u0131l\u0131kl\u0131 irade ortaya konuldu\u011funu anlatt\u0131.<\/p>\n<p>Nikos Hristodulidis turizm alan\u0131nda kar\u015f\u0131l\u0131kl\u0131 turist ak\u0131\u015flar\u0131n\u0131n etkileyici \u015fekilde artt\u0131\u011f\u0131n\u0131, bu y\u0131l&nbsp; 300 binden fazla Polonyal\u0131 turist beklediklerini belirterek Polonya ziyaretinde iki \u00fclke aras\u0131ndaki u\u00e7u\u015flar\u0131n haftada 35\u2019e \u00e7\u0131kar\u0131lmas\u0131 hedefini ta\u015f\u0131d\u0131\u011f\u0131n\u0131 s\u00f6yledi.<\/p>\n<p>\u0130ki \u00fclke aras\u0131nda ge\u00e7en y\u0131l&nbsp; ger\u00e7ekle\u015fen toplam ticaretin 2022\u2019ye g\u00f6re y\u00fczde 7,1 artarak 113 milyon euroya y\u00fckseldi\u011fine i\u015faret eden Hristodulidis hem ticaret hacminin hem de iki taraf\u0131n kar\u015f\u0131l\u0131kl\u0131 yat\u0131r\u0131mlar\u0131n\u0131n art\u0131r\u0131lmas\u0131 perspektifleri oldu\u011funa i\u015faret etti<\/p>\n<p>Hristodulidis \u201cBurada olmam vesilesiyle, ezelden beri K\u0131br\u0131s sorununu \u00e7\u00f6zme \u00e7abalar\u0131m\u0131z\u0131 desteklemesi, gerek BM\u2019de gerek Avrupa Konseyi\u2019nde ve di\u011fer yerlerde ne zaman K\u0131br\u0131s sorunu konu\u015fulsa tezlerimize destek vermesi nedeniyle Polonya\u2019ya alenen te\u015fekk\u00fcr etmek isterim.\u201d ifadesini kulland\u0131.<\/p>\n<p>Polonya ile AB i\u00e7erisindeki i\u015f birliklerine de de\u011finen Hristodulidis Polonya ve G\u00fcney K\u0131br\u0131s\u2019\u0131n Danimarka ile birlikte 2011-2012\u2019de Avrupa Birli\u011fi Konseyi Ba\u015fkanl\u0131\u011f\u0131 yapt\u0131\u011f\u0131n\u0131, 2025 ve 2026\u2019n\u0131n ilk yar\u0131s\u0131nda da Ortak D\u00f6nem Ba\u015fkanl\u0131\u011f\u0131 yapacaklar\u0131n\u0131 hat\u0131rlatt\u0131. Hristodulidis \u201c\u00d6zellikle jeopolitik d\u00fczeyde artan bir\u00e7ok uluslararas\u0131 zorlu\u011fu y\u00f6netmemiz gerekecek.\u201d dedi.<\/p>\n<p>Rusya\u2019n\u0131n Ukrayna\u2019ya y\u00f6nelik sald\u0131rgan politika sergiledi\u011fini, bu durumun b\u00f6lgenin g\u00fcvenli\u011fini de olumsuz etkiledi\u011fini s\u00f6yleyen Hristodulidis \u201cKimden ya da nereden gelirse gelsin istila, i\u015fgal, insan haklar\u0131 ihlalleri son bulmal\u0131d\u0131r.\u201d ifadesini kulland\u0131.<\/p>\n<p>Haravgi de Rum Ba\u015fkanl\u0131k Saray\u0131 a\u00e7\u0131klamas\u0131na dayanarak Polonya Cumhurba\u015fkan\u0131 Duda\u2019n\u0131n Hristodulidis\u2019le g\u00f6r\u00fc\u015fmesinin ard\u0131ndan yapt\u0131\u011f\u0131 a\u00e7\u0131klamada \u00fclkesinin, K\u0131br\u0131s sorununa BM kararlar\u0131na dayal\u0131 bir \u00e7\u00f6z\u00fcmden yana oldu\u011funu s\u00f6yledi\u011fini aktard\u0131.<\/p>\n","protected":false},"excerpt":{"rendered":"<p>Rum Y\u00f6netimi Ba\u015fkan\u0131 Nikos Hristodulidis Polonya Cumhurba\u015fkan\u0131 Andrzej Duda\u2019n\u0131n davetlisi olarak d\u00fcn Polonya\u2019ya gitti. Andrzej ve Ba\u015fbakan Donalt Tusk ile g\u00f6r\u00fc\u015fen Hristodulidis \u201cPolonya\u2019n\u0131n gerek BM\u2019de gerek Avrupa Konseyi\u2019nde ne zaman K\u0131br\u0131s sorununu \u00f6nemli y\u00f6nleri g\u00f6r\u00fc\u015f\u00fcld\u00fc\u011f\u00fcnde Rum tezlerine destek verdi\u011fine dikkat \u00e7ekerek&#8221; te\u015fekk\u00fcr etti. Fileleftheros\u2019un Rum Ba\u015fkanl\u0131k Saray\u0131\u2019ndan yap\u0131lan a\u00e7\u0131klamaya dayand\u0131rd\u0131\u011f\u0131 habere g\u00f6re Polonya\u2019y\u0131 ziyaret eden<\/p>\n","protected":false},"author":1,"featured_media":43018,"comment_status":"open","ping_status":"open","sticky":false,"template":"","format":"standard","meta":{"footnotes":""},"categories":[79],"tags":[],"class_list":["post-43017","post","type-post","status-publish","format-standard","has-post-thumbnail","hentry","category-ekonomi"],"yoast_head":"<!-- This site is optimized with the Yoast SEO plugin v27.5 - https:\/\/yoast.com\/product\/yoast-seo-wordpress\/ -->\n<title>Nikos Hristodulidis, K\u0131br\u0131s sorununda Rum tezlerine destek veren Polonya\u2019ya te\u015fekk\u00fcr etti -<\/title>\n<meta name=\"robots\" content=\"index, follow, max-snippet:-1, max-image-preview:large, max-video-preview:-1\" \/>\n<link rel=\"canonical\" href=\"https:\/\/kibrisdakik.com\/?p=43017\" \/>\n<meta property=\"og:locale\" content=\"tr_TR\" \/>\n<meta property=\"og:type\" content=\"article\" \/>\n<meta property=\"og:title\" content=\"Nikos Hristodulidis, K\u0131br\u0131s sorununda Rum tezlerine destek veren Polonya\u2019ya te\u015fekk\u00fcr etti -\" \/>\n<meta property=\"og:description\" content=\"Rum Y\u00f6netimi Ba\u015fkan\u0131 Nikos Hristodulidis Polonya Cumhurba\u015fkan\u0131 Andrzej Duda\u2019n\u0131n davetlisi olarak d\u00fcn Polonya\u2019ya gitti. Andrzej ve Ba\u015fbakan Donalt Tusk ile g\u00f6r\u00fc\u015fen Hristodulidis \u201cPolonya\u2019n\u0131n gerek BM\u2019de gerek Avrupa Konseyi\u2019nde ne zaman K\u0131br\u0131s sorununu \u00f6nemli y\u00f6nleri g\u00f6r\u00fc\u015f\u00fcld\u00fc\u011f\u00fcnde Rum tezlerine destek verdi\u011fine dikkat \u00e7ekerek&#8221; te\u015fekk\u00fcr etti. Fileleftheros\u2019un Rum Ba\u015fkanl\u0131k Saray\u0131\u2019ndan yap\u0131lan a\u00e7\u0131klamaya dayand\u0131rd\u0131\u011f\u0131 habere g\u00f6re Polonya\u2019y\u0131 ziyaret eden\" \/>\n<meta property=\"og:url\" content=\"https:\/\/kibrisdakik.com\/?p=43017\" \/>\n<meta property=\"article:published_time\" content=\"2024-05-24T09:14:18+00:00\" \/>\n<meta property=\"og:image\" content=\"https:\/\/kibrisdakik.com\/wp-content\/uploads\/2024\/05\/nikos-hristodulidis-kibris-sorununda-rum-tezlerine-destek-veren-polonyaya-tesekkur-etti-1716539851.webp.webp\" \/>\n\t<meta property=\"og:image:width\" content=\"710\" \/>\n\t<meta property=\"og:image:height\" content=\"370\" \/>\n\t<meta property=\"og:image:type\" content=\"image\/webp\" \/>\n<meta name=\"author\" content=\"admin\" \/>\n<meta name=\"twitter:card\" content=\"summary_large_image\" \/>\n<meta name=\"twitter:label1\" content=\"Yazan:\" \/>\n\t<meta name=\"twitter:data1\" content=\"admin\" \/>\n\t<meta name=\"twitter:label2\" content=\"Tahmini okuma s\u00fcresi\" \/>\n\t<meta name=\"twitter:data2\" content=\"2 dakika\" \/>\n<script type=\"application\/ld+json\" class=\"yoast-schema-graph\">{\"@context\":\"https:\\\/\\\/schema.org\",\"@graph\":[{\"@type\":\"Article\",\"@id\":\"https:\\\/\\\/kibrisdakik.com\\\/?p=43017#article\",\"isPartOf\":{\"@id\":\"https:\\\/\\\/kibrisdakik.com\\\/?p=43017\"},\"author\":{\"name\":\"admin\",\"@id\":\"https:\\\/\\\/kibrisdakik.com\\\/#\\\/schema\\\/person\\\/9cd9d437bbb44f72b73ba127e06d8e79\"},\"headline\":\"Nikos Hristodulidis, K\u0131br\u0131s sorununda Rum tezlerine destek veren Polonya\u2019ya te\u015fekk\u00fcr etti\",\"datePublished\":\"2024-05-24T09:14:18+00:00\",\"mainEntityOfPage\":{\"@id\":\"https:\\\/\\\/kibrisdakik.com\\\/?p=43017\"},\"wordCount\":479,\"commentCount\":0,\"image\":{\"@id\":\"https:\\\/\\\/kibrisdakik.com\\\/?p=43017#primaryimage\"},\"thumbnailUrl\":\"https:\\\/\\\/kibrisdakik.com\\\/wp-content\\\/uploads\\\/2024\\\/05\\\/nikos-hristodulidis-kibris-sorununda-rum-tezlerine-destek-veren-polonyaya-tesekkur-etti-1716539851.webp.webp\",\"articleSection\":[\"Ekonomi\"],\"inLanguage\":\"tr\",\"potentialAction\":[{\"@type\":\"CommentAction\",\"name\":\"Comment\",\"target\":[\"https:\\\/\\\/kibrisdakik.com\\\/?p=43017#respond\"]}]},{\"@type\":\"WebPage\",\"@id\":\"https:\\\/\\\/kibrisdakik.com\\\/?p=43017\",\"url\":\"https:\\\/\\\/kibrisdakik.com\\\/?p=43017\",\"name\":\"Nikos Hristodulidis, K\u0131br\u0131s sorununda Rum tezlerine destek veren Polonya\u2019ya te\u015fekk\u00fcr etti -\",\"isPartOf\":{\"@id\":\"https:\\\/\\\/kibrisdakik.com\\\/#website\"},\"primaryImageOfPage\":{\"@id\":\"https:\\\/\\\/kibrisdakik.com\\\/?p=43017#primaryimage\"},\"image\":{\"@id\":\"https:\\\/\\\/kibrisdakik.com\\\/?p=43017#primaryimage\"},\"thumbnailUrl\":\"https:\\\/\\\/kibrisdakik.com\\\/wp-content\\\/uploads\\\/2024\\\/05\\\/nikos-hristodulidis-kibris-sorununda-rum-tezlerine-destek-veren-polonyaya-tesekkur-etti-1716539851.webp.webp\",\"datePublished\":\"2024-05-24T09:14:18+00:00\",\"author\":{\"@id\":\"https:\\\/\\\/kibrisdakik.com\\\/#\\\/schema\\\/person\\\/9cd9d437bbb44f72b73ba127e06d8e79\"},\"breadcrumb\":{\"@id\":\"https:\\\/\\\/kibrisdakik.com\\\/?p=43017#breadcrumb\"},\"inLanguage\":\"tr\",\"potentialAction\":[{\"@type\":\"ReadAction\",\"target\":[\"https:\\\/\\\/kibrisdakik.com\\\/?p=43017\"]}]},{\"@type\":\"ImageObject\",\"inLanguage\":\"tr\",\"@id\":\"https:\\\/\\\/kibrisdakik.com\\\/?p=43017#primaryimage\",\"url\":\"https:\\\/\\\/kibrisdakik.com\\\/wp-content\\\/uploads\\\/2024\\\/05\\\/nikos-hristodulidis-kibris-sorununda-rum-tezlerine-destek-veren-polonyaya-tesekkur-etti-1716539851.webp.webp\",\"contentUrl\":\"https:\\\/\\\/kibrisdakik.com\\\/wp-content\\\/uploads\\\/2024\\\/05\\\/nikos-hristodulidis-kibris-sorununda-rum-tezlerine-destek-veren-polonyaya-tesekkur-etti-1716539851.webp.webp\",\"width\":710,\"height\":370},{\"@type\":\"BreadcrumbList\",\"@id\":\"https:\\\/\\\/kibrisdakik.com\\\/?p=43017#breadcrumb\",\"itemListElement\":[{\"@type\":\"ListItem\",\"position\":1,\"name\":\"Home\",\"item\":\"https:\\\/\\\/kibrisdakik.com\\\/\"},{\"@type\":\"ListItem\",\"position\":2,\"name\":\"Nikos Hristodulidis, K\u0131br\u0131s sorununda Rum tezlerine destek veren Polonya\u2019ya te\u015fekk\u00fcr etti\"}]},{\"@type\":\"WebSite\",\"@id\":\"https:\\\/\\\/kibrisdakik.com\\\/#website\",\"url\":\"https:\\\/\\\/kibrisdakik.com\\\/\",\"name\":\"\",\"description\":\"Tam vaktinde haber\",\"potentialAction\":[{\"@type\":\"SearchAction\",\"target\":{\"@type\":\"EntryPoint\",\"urlTemplate\":\"https:\\\/\\\/kibrisdakik.com\\\/?s={search_term_string}\"},\"query-input\":{\"@type\":\"PropertyValueSpecification\",\"valueRequired\":true,\"valueName\":\"search_term_string\"}}],\"inLanguage\":\"tr\"},{\"@type\":\"Person\",\"@id\":\"https:\\\/\\\/kibrisdakik.com\\\/#\\\/schema\\\/person\\\/9cd9d437bbb44f72b73ba127e06d8e79\",\"name\":\"admin\",\"image\":{\"@type\":\"ImageObject\",\"inLanguage\":\"tr\",\"@id\":\"https:\\\/\\\/secure.gravatar.com\\\/avatar\\\/ccc17943b9d660506c869530f897617f7cb1c21a4bf30023f252596d83e1f007?s=96&d=mm&r=g\",\"url\":\"https:\\\/\\\/secure.gravatar.com\\\/avatar\\\/ccc17943b9d660506c869530f897617f7cb1c21a4bf30023f252596d83e1f007?s=96&d=mm&r=g\",\"contentUrl\":\"https:\\\/\\\/secure.gravatar.com\\\/avatar\\\/ccc17943b9d660506c869530f897617f7cb1c21a4bf30023f252596d83e1f007?s=96&d=mm&r=g\",\"caption\":\"admin\"},\"sameAs\":[\"https:\\\/\\\/kibrisdakik.com\"],\"url\":\"https:\\\/\\\/kibrisdakik.com\\\/?author=1\"}]}<\/script>\n<!-- \/ Yoast SEO plugin. -->","yoast_head_json":{"title":"Nikos Hristodulidis, K\u0131br\u0131s sorununda Rum tezlerine destek veren Polonya\u2019ya te\u015fekk\u00fcr etti -","robots":{"index":"index","follow":"follow","max-snippet":"max-snippet:-1","max-image-preview":"max-image-preview:large","max-video-preview":"max-video-preview:-1"},"canonical":"https:\/\/kibrisdakik.com\/?p=43017","og_locale":"tr_TR","og_type":"article","og_title":"Nikos Hristodulidis, K\u0131br\u0131s sorununda Rum tezlerine destek veren Polonya\u2019ya te\u015fekk\u00fcr etti -","og_description":"Rum Y\u00f6netimi Ba\u015fkan\u0131 Nikos Hristodulidis Polonya Cumhurba\u015fkan\u0131 Andrzej Duda\u2019n\u0131n davetlisi olarak d\u00fcn Polonya\u2019ya gitti. Andrzej ve Ba\u015fbakan Donalt Tusk ile g\u00f6r\u00fc\u015fen Hristodulidis \u201cPolonya\u2019n\u0131n gerek BM\u2019de gerek Avrupa Konseyi\u2019nde ne zaman K\u0131br\u0131s sorununu \u00f6nemli y\u00f6nleri g\u00f6r\u00fc\u015f\u00fcld\u00fc\u011f\u00fcnde Rum tezlerine destek verdi\u011fine dikkat \u00e7ekerek&#8221; te\u015fekk\u00fcr etti. Fileleftheros\u2019un Rum Ba\u015fkanl\u0131k Saray\u0131\u2019ndan yap\u0131lan a\u00e7\u0131klamaya dayand\u0131rd\u0131\u011f\u0131 habere g\u00f6re Polonya\u2019y\u0131 ziyaret eden","og_url":"https:\/\/kibrisdakik.com\/?p=43017","article_published_time":"2024-05-24T09:14:18+00:00","og_image":[{"width":710,"height":370,"url":"https:\/\/kibrisdakik.com\/wp-content\/uploads\/2024\/05\/nikos-hristodulidis-kibris-sorununda-rum-tezlerine-destek-veren-polonyaya-tesekkur-etti-1716539851.webp.webp","type":"image\/webp"}],"author":"admin","twitter_card":"summary_large_image","twitter_misc":{"Yazan:":"admin","Tahmini okuma s\u00fcresi":"2 dakika"},"schema":{"@context":"https:\/\/schema.org","@graph":[{"@type":"Article","@id":"https:\/\/kibrisdakik.com\/?p=43017#article","isPartOf":{"@id":"https:\/\/kibrisdakik.com\/?p=43017"},"author":{"name":"admin","@id":"https:\/\/kibrisdakik.com\/#\/schema\/person\/9cd9d437bbb44f72b73ba127e06d8e79"},"headline":"Nikos Hristodulidis, K\u0131br\u0131s sorununda Rum tezlerine destek veren Polonya\u2019ya te\u015fekk\u00fcr etti","datePublished":"2024-05-24T09:14:18+00:00","mainEntityOfPage":{"@id":"https:\/\/kibrisdakik.com\/?p=43017"},"wordCount":479,"commentCount":0,"image":{"@id":"https:\/\/kibrisdakik.com\/?p=43017#primaryimage"},"thumbnailUrl":"https:\/\/kibrisdakik.com\/wp-content\/uploads\/2024\/05\/nikos-hristodulidis-kibris-sorununda-rum-tezlerine-destek-veren-polonyaya-tesekkur-etti-1716539851.webp.webp","articleSection":["Ekonomi"],"inLanguage":"tr","potentialAction":[{"@type":"CommentAction","name":"Comment","target":["https:\/\/kibrisdakik.com\/?p=43017#respond"]}]},{"@type":"WebPage","@id":"https:\/\/kibrisdakik.com\/?p=43017","url":"https:\/\/kibrisdakik.com\/?p=43017","name":"Nikos Hristodulidis, K\u0131br\u0131s sorununda Rum tezlerine destek veren Polonya\u2019ya te\u015fekk\u00fcr etti -","isPartOf":{"@id":"https:\/\/kibrisdakik.com\/#website"},"primaryImageOfPage":{"@id":"https:\/\/kibrisdakik.com\/?p=43017#primaryimage"},"image":{"@id":"https:\/\/kibrisdakik.com\/?p=43017#primaryimage"},"thumbnailUrl":"https:\/\/kibrisdakik.com\/wp-content\/uploads\/2024\/05\/nikos-hristodulidis-kibris-sorununda-rum-tezlerine-destek-veren-polonyaya-tesekkur-etti-1716539851.webp.webp","datePublished":"2024-05-24T09:14:18+00:00","author":{"@id":"https:\/\/kibrisdakik.com\/#\/schema\/person\/9cd9d437bbb44f72b73ba127e06d8e79"},"breadcrumb":{"@id":"https:\/\/kibrisdakik.com\/?p=43017#breadcrumb"},"inLanguage":"tr","potentialAction":[{"@type":"ReadAction","target":["https:\/\/kibrisdakik.com\/?p=43017"]}]},{"@type":"ImageObject","inLanguage":"tr","@id":"https:\/\/kibrisdakik.com\/?p=43017#primaryimage","url":"https:\/\/kibrisdakik.com\/wp-content\/uploads\/2024\/05\/nikos-hristodulidis-kibris-sorununda-rum-tezlerine-destek-veren-polonyaya-tesekkur-etti-1716539851.webp.webp","contentUrl":"https:\/\/kibrisdakik.com\/wp-content\/uploads\/2024\/05\/nikos-hristodulidis-kibris-sorununda-rum-tezlerine-destek-veren-polonyaya-tesekkur-etti-1716539851.webp.webp","width":710,"height":370},{"@type":"BreadcrumbList","@id":"https:\/\/kibrisdakik.com\/?p=43017#breadcrumb","itemListElement":[{"@type":"ListItem","position":1,"name":"Home","item":"https:\/\/kibrisdakik.com\/"},{"@type":"ListItem","position":2,"name":"Nikos Hristodulidis, K\u0131br\u0131s sorununda Rum tezlerine destek veren Polonya\u2019ya te\u015fekk\u00fcr etti"}]},{"@type":"WebSite","@id":"https:\/\/kibrisdakik.com\/#website","url":"https:\/\/kibrisdakik.com\/","name":"","description":"Tam vaktinde haber","potentialAction":[{"@type":"SearchAction","target":{"@type":"EntryPoint","urlTemplate":"https:\/\/kibrisdakik.com\/?s={search_term_string}"},"query-input":{"@type":"PropertyValueSpecification","valueRequired":true,"valueName":"search_term_string"}}],"inLanguage":"tr"},{"@type":"Person","@id":"https:\/\/kibrisdakik.com\/#\/schema\/person\/9cd9d437bbb44f72b73ba127e06d8e79","name":"admin","image":{"@type":"ImageObject","inLanguage":"tr","@id":"https:\/\/secure.gravatar.com\/avatar\/ccc17943b9d660506c869530f897617f7cb1c21a4bf30023f252596d83e1f007?s=96&d=mm&r=g","url":"https:\/\/secure.gravatar.com\/avatar\/ccc17943b9d660506c869530f897617f7cb1c21a4bf30023f252596d83e1f007?s=96&d=mm&r=g","contentUrl":"https:\/\/secure.gravatar.com\/avatar\/ccc17943b9d660506c869530f897617f7cb1c21a4bf30023f252596d83e1f007?s=96&d=mm&r=g","caption":"admin"},"sameAs":["https:\/\/kibrisdakik.com"],"url":"https:\/\/kibrisdakik.com\/?author=1"}]}},"_links":{"self":[{"href":"https:\/\/kibrisdakik.com\/index.php?rest_route=\/wp\/v2\/posts\/43017","targetHints":{"allow":["GET"]}}],"collection":[{"href":"https:\/\/kibrisdakik.com\/index.php?rest_route=\/wp\/v2\/posts"}],"about":[{"href":"https:\/\/kibrisdakik.com\/index.php?rest_route=\/wp\/v2\/types\/post"}],"author":[{"embeddable":true,"href":"https:\/\/kibrisdakik.com\/index.php?rest_route=\/wp\/v2\/users\/1"}],"replies":[{"embeddable":true,"href":"https:\/\/kibrisdakik.com\/index.php?rest_route=%2Fwp%2Fv2%2Fcomments&post=43017"}],"version-history":[{"count":0,"href":"https:\/\/kibrisdakik.com\/index.php?rest_route=\/wp\/v2\/posts\/43017\/revisions"}],"wp:featuredmedia":[{"embeddable":true,"href":"https:\/\/kibrisdakik.com\/index.php?rest_route=\/wp\/v2\/media\/43018"}],"wp:attachment":[{"href":"https:\/\/kibrisdakik.com\/index.php?rest_route=%2Fwp%2Fv2%2Fmedia&parent=43017"}],"wp:term":[{"taxonomy":"category","embeddable":true,"href":"https:\/\/kibrisdakik.com\/index.php?rest_route=%2Fwp%2Fv2%2Fcategories&post=43017"},{"taxonomy":"post_tag","embeddable":true,"href":"https:\/\/kibrisdakik.com\/index.php?rest_route=%2Fwp%2Fv2%2Ftags&post=43017"}],"curies":[{"name":"wp","href":"https:\/\/api.w.org\/{rel}","templated":true}]}}