{"id":43094,"date":"2024-05-24T20:23:18","date_gmt":"2024-05-24T20:23:18","guid":{"rendered":"https:\/\/kibrisdakik.com\/index.php\/2024\/05\/24\/aziz-yildirim-fenerbahce-raydan-cikti\/"},"modified":"2024-05-24T20:23:18","modified_gmt":"2024-05-24T20:23:18","slug":"aziz-yildirim-fenerbahce-raydan-cikti","status":"publish","type":"post","link":"https:\/\/kibrisdakik.com\/?p=43094","title":{"rendered":"Aziz Y\u0131ld\u0131r\u0131m: &quot;Fenerbah\u00e7e raydan \u00e7\u0131kt\u0131!&quot;"},"content":{"rendered":"<p><\/p>\n<p>Fenerbah\u00e7e eski ba\u015fkan\u0131 ve ba\u015fkan aday\u0131 Aziz Y\u0131ld\u0131r\u0131m, K\u0131rklareli&#8217;nin L\u00fcleburgaz il\u00e7esindeki program\u0131na Fenerbah\u00e7eliler Derne\u011fini ziyaret ederek ba\u015flad\u0131.<\/p>\n<p>Ard\u0131ndan Ticaret Sanayi Odas\u0131nda kongre \u00fcyeleri ile bir araya gelen Y\u0131ld\u0131r\u0131m, Fenerbah\u00e7e Kul\u00fcb\u00fcn\u00fcn her kademesinde g\u00f6rev yapt\u0131\u011f\u0131n\u0131 s\u00f6yledi. 1990 y\u0131l\u0131nda Fenerbah\u00e7e&#8217;de futbol \u015fubesi sorumlulu\u011fu yapt\u0131\u011f\u0131n\u0131 bildiren Y\u0131ld\u0131r\u0131m, &#8220;Tanju&#8217;nun transferinde rol ald\u0131m. Ba\u015fka i\u015flerde yapt\u0131k o tarihlerde.&#8221; \u015feklinde konu\u015ftu.<\/p>\n<h3>AL\u0130 KO\u00c7&#8217;U ELE\u015eT\u0130RD\u0130<\/h3>\n<p>Ba\u015fkanl\u0131\u011f\u0131 d\u00f6neminde \u00e7ok b\u00fcy\u00fck i\u015fler yapt\u0131\u011f\u0131n\u0131 ifade eden Y\u0131ld\u0131r\u0131m Ali Ko\u00e7&#8217;u ele\u015ftirdi.<\/p>\n<p>D\u00f6neminde Fenerbah\u00e7e&#8217;nin 3 y\u0131lda bir \u015fampiyon oldu\u011funu belirten Y\u0131ld\u0131r\u0131m, Fenerbah\u00e7e&#8217;nin ba\u015far\u0131s\u0131n\u0131n \u00f6nemli oldu\u011funu dile getirdi.<\/p>\n<p>Y\u0131ld\u0131r\u0131m, Fenerbah\u00e7e&#8217;ye hizmet etmek istedi\u011finin alt\u0131n\u0131 \u00e7izdi.<\/p>\n<h3>&#8220;FENERBAH\u00c7E RAYDAN \u00c7IKTI!&#8221;<\/h3>\n<p>Taraftarlar\u0131 mutlu etmenin tek yolunun \u015fampiyonluk oldu\u011funu anlatan Y\u0131ld\u0131r\u0131m, \u015f\u00f6yle devam etti:<\/p>\n<p>&#8220;\u015eampiyon olamazsan, ba\u015far\u0131 getiremezsen tabanda o zaman art\u0131k kayma ba\u015flar. O kayma \u00e7ocuklarda ba\u015flad\u0131\u011f\u0131 zaman ileride alttan tabandan insanlar gelmez. Bu tehlikeyi g\u00f6r\u00fcyorum onun i\u00e7in geldim, aday oldum. Arkada\u015flar\u0131ma dahi &#8216;ben aday oluyorum haberiniz olsun&#8217; diye bile s\u00f6ylemedim.<\/p>\n<p>Karar verdim, art\u0131k bakt\u0131m ki Fenerbah\u00e7e raydan \u00e7\u0131kt\u0131, vagon raydan \u00e7\u0131kt\u0131 ba\u015fka bir yere gidiyor. Biz spor kul\u00fcb\u00fcn\u00fcn d\u0131\u015f\u0131nda ba\u015fka \u015feylerle u\u011fra\u015fmaya ba\u015flad\u0131k, onun i\u00e7in aday olduk. Bir d\u00f6nem daha yapar\u0131m ondan sonra bir daha yapamam zaten, istesem de yapamam zaten.&#8221;<\/p>\n<p><img decoding=\"async\" alt=\"Aziz Y\u0131ld\u0131r\u0131m: &quot;Fenerbah\u00e7e raydan \u00e7\u0131kt\u0131!&quot; - 1. Resim\" src=\"https:\/\/i.tgrthaber.com\/images\/haberler\/24-05\/24\/aziz-yildirim-fenerbahce-raydan-cikti-17165780076928_1.jpg\" title=\"Aziz Y\u0131ld\u0131r\u0131m: &quot;Fenerbah\u00e7e raydan \u00e7\u0131kt\u0131!&quot;\" \/><\/p>\n<h3>&#8220;VAGON G\u0130DERSE B\u0130R DAHA TOPARLAYAMAZLAR&#8221;<\/h3>\n<p>Aziz Y\u0131ld\u0131r\u0131m, Edirne&#8217;de de bir restoranda kongre \u00fcyeleriyle bir araya geldi.<\/p>\n<p>THY Euroleague Final Four ma\u00e7\u0131nda Fenerbah\u00e7e Beko, Panathinaikos ma\u00e7\u0131n\u0131 kongre \u00fcyeleriyle izleyen Y\u0131ld\u0131r\u0131m, Fenerbah\u00e7e&#8217;nin yenilmesine \u00fcz\u00fclmedi\u011fini, \u00f6nemli olan\u0131n Final Four&#8217;da her y\u0131l oynamak oldu\u011funu s\u00f6yledi.<\/p>\n<p>Y\u0131ld\u0131r\u0131m, tak\u0131m\u0131n g\u00fczel oynad\u0131\u011f\u0131n\u0131 belirterek sporcular\u0131 tebrik etti.<\/p>\n<p>Fenerbah\u00e7e&#8217;nin \u015fampiyon olmas\u0131 i\u00e7in b\u00fct\u00fcn rahat\u0131n\u0131 bozarak aday oldu\u011funu dile getiren Y\u0131ld\u0131r\u0131m, \u015funlar\u0131 kaydetti:<\/p>\n<p>&#8220;Fenerbah\u00e7e rayda giderken vagon ba\u015fka yere gidiyor. Vagon giderse bir daha toparlayamazlar. \u015eunu s\u00f6yl\u00fcyordum, Fenerbah\u00e7e halk\u0131n tak\u0131m\u0131 ve bunu geni\u015fletmemiz laz\u0131m, 1 milyon \u00fcye yapal\u0131m, kul\u00fcb\u00fc STK olarak g\u00fc\u00e7l\u00fc hale getirelim siyasetin hepsi biz olmadan hareket etmesin ana amac\u0131m oydu. Ama maalesef ba\u015faramad\u0131k. &#8217;60 binin \u00fczerinde 70 bine yak\u0131n \u00fcye var&#8217; diyorlar isterim ki bu \u00fcyelerin hepsi halk\u0131n \u00fcye olmas\u0131yla sa\u011flans\u0131n ama maalesef ba\u015fka \u015feyler duyuyoruz buda bizi \u00fcz\u00fcyor. Bu son d\u00f6neme\u00e7 bu i\u015fi ba\u015farmam\u0131z laz\u0131m. Ben bir d\u00f6nem istiyorum bir d\u00f6nemden fazla yapamam. Ama benden sonra 1 aday \u00e7\u0131k\u0131yor 2. aday yok bu \u00e7ok tehlikeli ve zararl\u0131.&#8221;<\/p>\n<h3>SE\u00c7\u0130MDE DESTEK \u0130STED\u0130<\/h3>\n<p>Y\u0131ld\u0131r\u0131m, Fenerbah\u00e7e&#8217;nin \u015fampiyon olmas\u0131 i\u00e7in ba\u015fkanl\u0131k se\u00e7iminde kendisine destek istedi.<\/p>\n<p>Kongre \u00fcyesi ve Edirne Eski Belediye Ba\u015fkan\u0131 Recep G\u00fcrkan da Y\u0131ld\u0131r\u0131m&#8217;a se\u00e7imlerde destek vereceklerini kaydetti.<\/p>\n<p>Edirne Fenerbah\u00e7eliler Derne\u011fi Ba\u015fkan\u0131 Nedim Mercan da organizasyona kat\u0131lanlara te\u015fekk\u00fcr etti.<\/p>\n<p>Konu\u015fmalar\u0131n ard\u0131ndan kongre \u00fcyeleri ve taraftarlar Y\u0131ld\u0131r\u0131m&#8217;la foto\u011fraf \u00e7ektirdi.<\/p>\n","protected":false},"excerpt":{"rendered":"<p>Fenerbah\u00e7e eski ba\u015fkan\u0131 ve ba\u015fkan aday\u0131 Aziz Y\u0131ld\u0131r\u0131m, K\u0131rklareli&#8217;nin L\u00fcleburgaz il\u00e7esindeki program\u0131na Fenerbah\u00e7eliler Derne\u011fini ziyaret ederek ba\u015flad\u0131. Ard\u0131ndan Ticaret Sanayi Odas\u0131nda kongre \u00fcyeleri ile bir araya gelen Y\u0131ld\u0131r\u0131m, Fenerbah\u00e7e Kul\u00fcb\u00fcn\u00fcn her kademesinde g\u00f6rev yapt\u0131\u011f\u0131n\u0131 s\u00f6yledi. 1990 y\u0131l\u0131nda Fenerbah\u00e7e&#8217;de futbol \u015fubesi sorumlulu\u011fu yapt\u0131\u011f\u0131n\u0131 bildiren Y\u0131ld\u0131r\u0131m, &#8220;Tanju&#8217;nun transferinde rol ald\u0131m. Ba\u015fka i\u015flerde yapt\u0131k o tarihlerde.&#8221; \u015feklinde konu\u015ftu.<\/p>\n","protected":false},"author":1,"featured_media":43095,"comment_status":"open","ping_status":"open","sticky":false,"template":"","format":"standard","meta":{"footnotes":""},"categories":[85],"tags":[],"class_list":["post-43094","post","type-post","status-publish","format-standard","has-post-thumbnail","hentry","category-spor"],"yoast_head":"<!-- This site is optimized with the Yoast SEO plugin v27.4 - https:\/\/yoast.com\/product\/yoast-seo-wordpress\/ -->\n<title>Aziz Y\u0131ld\u0131r\u0131m: &quot;Fenerbah\u00e7e raydan \u00e7\u0131kt\u0131!&quot; -<\/title>\n<meta name=\"robots\" content=\"index, follow, max-snippet:-1, max-image-preview:large, max-video-preview:-1\" \/>\n<link rel=\"canonical\" href=\"https:\/\/kibrisdakik.com\/?p=43094\" \/>\n<meta property=\"og:locale\" content=\"tr_TR\" \/>\n<meta property=\"og:type\" content=\"article\" \/>\n<meta property=\"og:title\" content=\"Aziz Y\u0131ld\u0131r\u0131m: &quot;Fenerbah\u00e7e raydan \u00e7\u0131kt\u0131!&quot; -\" \/>\n<meta property=\"og:description\" content=\"Fenerbah\u00e7e eski ba\u015fkan\u0131 ve ba\u015fkan aday\u0131 Aziz Y\u0131ld\u0131r\u0131m, K\u0131rklareli&#8217;nin L\u00fcleburgaz il\u00e7esindeki program\u0131na Fenerbah\u00e7eliler Derne\u011fini ziyaret ederek ba\u015flad\u0131. Ard\u0131ndan Ticaret Sanayi Odas\u0131nda kongre \u00fcyeleri ile bir araya gelen Y\u0131ld\u0131r\u0131m, Fenerbah\u00e7e Kul\u00fcb\u00fcn\u00fcn her kademesinde g\u00f6rev yapt\u0131\u011f\u0131n\u0131 s\u00f6yledi. 1990 y\u0131l\u0131nda Fenerbah\u00e7e&#8217;de futbol \u015fubesi sorumlulu\u011fu yapt\u0131\u011f\u0131n\u0131 bildiren Y\u0131ld\u0131r\u0131m, &#8220;Tanju&#8217;nun transferinde rol ald\u0131m. Ba\u015fka i\u015flerde yapt\u0131k o tarihlerde.&#8221; \u015feklinde konu\u015ftu.\" \/>\n<meta property=\"og:url\" content=\"https:\/\/kibrisdakik.com\/?p=43094\" \/>\n<meta property=\"article:published_time\" content=\"2024-05-24T20:23:18+00:00\" \/>\n<meta property=\"og:image\" content=\"https:\/\/kibrisdakik.com\/wp-content\/uploads\/2024\/05\/aziz-yildirim-fenerbahce-raydan-cikti-17165780076928_1-740x420.jpg\" \/>\n\t<meta property=\"og:image:width\" content=\"1280\" \/>\n\t<meta property=\"og:image:height\" content=\"828\" \/>\n\t<meta property=\"og:image:type\" content=\"image\/jpeg\" \/>\n<meta name=\"author\" content=\"admin\" \/>\n<meta name=\"twitter:card\" content=\"summary_large_image\" \/>\n<meta name=\"twitter:label1\" content=\"Yazan:\" \/>\n\t<meta name=\"twitter:data1\" content=\"admin\" \/>\n\t<meta name=\"twitter:label2\" content=\"Tahmini okuma s\u00fcresi\" \/>\n\t<meta name=\"twitter:data2\" content=\"3 dakika\" \/>\n<script type=\"application\/ld+json\" class=\"yoast-schema-graph\">{\"@context\":\"https:\\\/\\\/schema.org\",\"@graph\":[{\"@type\":\"Article\",\"@id\":\"https:\\\/\\\/kibrisdakik.com\\\/?p=43094#article\",\"isPartOf\":{\"@id\":\"https:\\\/\\\/kibrisdakik.com\\\/?p=43094\"},\"author\":{\"name\":\"admin\",\"@id\":\"https:\\\/\\\/kibrisdakik.com\\\/#\\\/schema\\\/person\\\/9cd9d437bbb44f72b73ba127e06d8e79\"},\"headline\":\"Aziz Y\u0131ld\u0131r\u0131m: &quot;Fenerbah\u00e7e raydan \u00e7\u0131kt\u0131!&quot;\",\"datePublished\":\"2024-05-24T20:23:18+00:00\",\"mainEntityOfPage\":{\"@id\":\"https:\\\/\\\/kibrisdakik.com\\\/?p=43094\"},\"wordCount\":594,\"commentCount\":0,\"image\":{\"@id\":\"https:\\\/\\\/kibrisdakik.com\\\/?p=43094#primaryimage\"},\"thumbnailUrl\":\"https:\\\/\\\/kibrisdakik.com\\\/wp-content\\\/uploads\\\/2024\\\/05\\\/aziz-yildirim-fenerbahce-raydan-cikti-17165780076928_1-740x420.jpg\",\"articleSection\":[\"Spor\"],\"inLanguage\":\"tr\",\"potentialAction\":[{\"@type\":\"CommentAction\",\"name\":\"Comment\",\"target\":[\"https:\\\/\\\/kibrisdakik.com\\\/?p=43094#respond\"]}]},{\"@type\":\"WebPage\",\"@id\":\"https:\\\/\\\/kibrisdakik.com\\\/?p=43094\",\"url\":\"https:\\\/\\\/kibrisdakik.com\\\/?p=43094\",\"name\":\"Aziz Y\u0131ld\u0131r\u0131m: &quot;Fenerbah\u00e7e raydan \u00e7\u0131kt\u0131!&quot; -\",\"isPartOf\":{\"@id\":\"https:\\\/\\\/kibrisdakik.com\\\/#website\"},\"primaryImageOfPage\":{\"@id\":\"https:\\\/\\\/kibrisdakik.com\\\/?p=43094#primaryimage\"},\"image\":{\"@id\":\"https:\\\/\\\/kibrisdakik.com\\\/?p=43094#primaryimage\"},\"thumbnailUrl\":\"https:\\\/\\\/kibrisdakik.com\\\/wp-content\\\/uploads\\\/2024\\\/05\\\/aziz-yildirim-fenerbahce-raydan-cikti-17165780076928_1-740x420.jpg\",\"datePublished\":\"2024-05-24T20:23:18+00:00\",\"author\":{\"@id\":\"https:\\\/\\\/kibrisdakik.com\\\/#\\\/schema\\\/person\\\/9cd9d437bbb44f72b73ba127e06d8e79\"},\"breadcrumb\":{\"@id\":\"https:\\\/\\\/kibrisdakik.com\\\/?p=43094#breadcrumb\"},\"inLanguage\":\"tr\",\"potentialAction\":[{\"@type\":\"ReadAction\",\"target\":[\"https:\\\/\\\/kibrisdakik.com\\\/?p=43094\"]}]},{\"@type\":\"ImageObject\",\"inLanguage\":\"tr\",\"@id\":\"https:\\\/\\\/kibrisdakik.com\\\/?p=43094#primaryimage\",\"url\":\"https:\\\/\\\/kibrisdakik.com\\\/wp-content\\\/uploads\\\/2024\\\/05\\\/aziz-yildirim-fenerbahce-raydan-cikti-17165780076928_1-740x420.jpg\",\"contentUrl\":\"https:\\\/\\\/kibrisdakik.com\\\/wp-content\\\/uploads\\\/2024\\\/05\\\/aziz-yildirim-fenerbahce-raydan-cikti-17165780076928_1-740x420.jpg\",\"width\":1280,\"height\":828},{\"@type\":\"BreadcrumbList\",\"@id\":\"https:\\\/\\\/kibrisdakik.com\\\/?p=43094#breadcrumb\",\"itemListElement\":[{\"@type\":\"ListItem\",\"position\":1,\"name\":\"Home\",\"item\":\"https:\\\/\\\/kibrisdakik.com\\\/\"},{\"@type\":\"ListItem\",\"position\":2,\"name\":\"Aziz Y\u0131ld\u0131r\u0131m: &quot;Fenerbah\u00e7e raydan \u00e7\u0131kt\u0131!&quot;\"}]},{\"@type\":\"WebSite\",\"@id\":\"https:\\\/\\\/kibrisdakik.com\\\/#website\",\"url\":\"https:\\\/\\\/kibrisdakik.com\\\/\",\"name\":\"\",\"description\":\"Tam vaktinde haber\",\"potentialAction\":[{\"@type\":\"SearchAction\",\"target\":{\"@type\":\"EntryPoint\",\"urlTemplate\":\"https:\\\/\\\/kibrisdakik.com\\\/?s={search_term_string}\"},\"query-input\":{\"@type\":\"PropertyValueSpecification\",\"valueRequired\":true,\"valueName\":\"search_term_string\"}}],\"inLanguage\":\"tr\"},{\"@type\":\"Person\",\"@id\":\"https:\\\/\\\/kibrisdakik.com\\\/#\\\/schema\\\/person\\\/9cd9d437bbb44f72b73ba127e06d8e79\",\"name\":\"admin\",\"image\":{\"@type\":\"ImageObject\",\"inLanguage\":\"tr\",\"@id\":\"https:\\\/\\\/secure.gravatar.com\\\/avatar\\\/ccc17943b9d660506c869530f897617f7cb1c21a4bf30023f252596d83e1f007?s=96&d=mm&r=g\",\"url\":\"https:\\\/\\\/secure.gravatar.com\\\/avatar\\\/ccc17943b9d660506c869530f897617f7cb1c21a4bf30023f252596d83e1f007?s=96&d=mm&r=g\",\"contentUrl\":\"https:\\\/\\\/secure.gravatar.com\\\/avatar\\\/ccc17943b9d660506c869530f897617f7cb1c21a4bf30023f252596d83e1f007?s=96&d=mm&r=g\",\"caption\":\"admin\"},\"sameAs\":[\"https:\\\/\\\/kibrisdakik.com\"],\"url\":\"https:\\\/\\\/kibrisdakik.com\\\/?author=1\"}]}<\/script>\n<!-- \/ Yoast SEO plugin. -->","yoast_head_json":{"title":"Aziz Y\u0131ld\u0131r\u0131m: &quot;Fenerbah\u00e7e raydan \u00e7\u0131kt\u0131!&quot; -","robots":{"index":"index","follow":"follow","max-snippet":"max-snippet:-1","max-image-preview":"max-image-preview:large","max-video-preview":"max-video-preview:-1"},"canonical":"https:\/\/kibrisdakik.com\/?p=43094","og_locale":"tr_TR","og_type":"article","og_title":"Aziz Y\u0131ld\u0131r\u0131m: &quot;Fenerbah\u00e7e raydan \u00e7\u0131kt\u0131!&quot; -","og_description":"Fenerbah\u00e7e eski ba\u015fkan\u0131 ve ba\u015fkan aday\u0131 Aziz Y\u0131ld\u0131r\u0131m, K\u0131rklareli&#8217;nin L\u00fcleburgaz il\u00e7esindeki program\u0131na Fenerbah\u00e7eliler Derne\u011fini ziyaret ederek ba\u015flad\u0131. Ard\u0131ndan Ticaret Sanayi Odas\u0131nda kongre \u00fcyeleri ile bir araya gelen Y\u0131ld\u0131r\u0131m, Fenerbah\u00e7e Kul\u00fcb\u00fcn\u00fcn her kademesinde g\u00f6rev yapt\u0131\u011f\u0131n\u0131 s\u00f6yledi. 1990 y\u0131l\u0131nda Fenerbah\u00e7e&#8217;de futbol \u015fubesi sorumlulu\u011fu yapt\u0131\u011f\u0131n\u0131 bildiren Y\u0131ld\u0131r\u0131m, &#8220;Tanju&#8217;nun transferinde rol ald\u0131m. Ba\u015fka i\u015flerde yapt\u0131k o tarihlerde.&#8221; \u015feklinde konu\u015ftu.","og_url":"https:\/\/kibrisdakik.com\/?p=43094","article_published_time":"2024-05-24T20:23:18+00:00","og_image":[{"width":1280,"height":828,"url":"https:\/\/kibrisdakik.com\/wp-content\/uploads\/2024\/05\/aziz-yildirim-fenerbahce-raydan-cikti-17165780076928_1-740x420.jpg","type":"image\/jpeg"}],"author":"admin","twitter_card":"summary_large_image","twitter_misc":{"Yazan:":"admin","Tahmini okuma s\u00fcresi":"3 dakika"},"schema":{"@context":"https:\/\/schema.org","@graph":[{"@type":"Article","@id":"https:\/\/kibrisdakik.com\/?p=43094#article","isPartOf":{"@id":"https:\/\/kibrisdakik.com\/?p=43094"},"author":{"name":"admin","@id":"https:\/\/kibrisdakik.com\/#\/schema\/person\/9cd9d437bbb44f72b73ba127e06d8e79"},"headline":"Aziz Y\u0131ld\u0131r\u0131m: &quot;Fenerbah\u00e7e raydan \u00e7\u0131kt\u0131!&quot;","datePublished":"2024-05-24T20:23:18+00:00","mainEntityOfPage":{"@id":"https:\/\/kibrisdakik.com\/?p=43094"},"wordCount":594,"commentCount":0,"image":{"@id":"https:\/\/kibrisdakik.com\/?p=43094#primaryimage"},"thumbnailUrl":"https:\/\/kibrisdakik.com\/wp-content\/uploads\/2024\/05\/aziz-yildirim-fenerbahce-raydan-cikti-17165780076928_1-740x420.jpg","articleSection":["Spor"],"inLanguage":"tr","potentialAction":[{"@type":"CommentAction","name":"Comment","target":["https:\/\/kibrisdakik.com\/?p=43094#respond"]}]},{"@type":"WebPage","@id":"https:\/\/kibrisdakik.com\/?p=43094","url":"https:\/\/kibrisdakik.com\/?p=43094","name":"Aziz Y\u0131ld\u0131r\u0131m: &quot;Fenerbah\u00e7e raydan \u00e7\u0131kt\u0131!&quot; -","isPartOf":{"@id":"https:\/\/kibrisdakik.com\/#website"},"primaryImageOfPage":{"@id":"https:\/\/kibrisdakik.com\/?p=43094#primaryimage"},"image":{"@id":"https:\/\/kibrisdakik.com\/?p=43094#primaryimage"},"thumbnailUrl":"https:\/\/kibrisdakik.com\/wp-content\/uploads\/2024\/05\/aziz-yildirim-fenerbahce-raydan-cikti-17165780076928_1-740x420.jpg","datePublished":"2024-05-24T20:23:18+00:00","author":{"@id":"https:\/\/kibrisdakik.com\/#\/schema\/person\/9cd9d437bbb44f72b73ba127e06d8e79"},"breadcrumb":{"@id":"https:\/\/kibrisdakik.com\/?p=43094#breadcrumb"},"inLanguage":"tr","potentialAction":[{"@type":"ReadAction","target":["https:\/\/kibrisdakik.com\/?p=43094"]}]},{"@type":"ImageObject","inLanguage":"tr","@id":"https:\/\/kibrisdakik.com\/?p=43094#primaryimage","url":"https:\/\/kibrisdakik.com\/wp-content\/uploads\/2024\/05\/aziz-yildirim-fenerbahce-raydan-cikti-17165780076928_1-740x420.jpg","contentUrl":"https:\/\/kibrisdakik.com\/wp-content\/uploads\/2024\/05\/aziz-yildirim-fenerbahce-raydan-cikti-17165780076928_1-740x420.jpg","width":1280,"height":828},{"@type":"BreadcrumbList","@id":"https:\/\/kibrisdakik.com\/?p=43094#breadcrumb","itemListElement":[{"@type":"ListItem","position":1,"name":"Home","item":"https:\/\/kibrisdakik.com\/"},{"@type":"ListItem","position":2,"name":"Aziz Y\u0131ld\u0131r\u0131m: &quot;Fenerbah\u00e7e raydan \u00e7\u0131kt\u0131!&quot;"}]},{"@type":"WebSite","@id":"https:\/\/kibrisdakik.com\/#website","url":"https:\/\/kibrisdakik.com\/","name":"","description":"Tam vaktinde haber","potentialAction":[{"@type":"SearchAction","target":{"@type":"EntryPoint","urlTemplate":"https:\/\/kibrisdakik.com\/?s={search_term_string}"},"query-input":{"@type":"PropertyValueSpecification","valueRequired":true,"valueName":"search_term_string"}}],"inLanguage":"tr"},{"@type":"Person","@id":"https:\/\/kibrisdakik.com\/#\/schema\/person\/9cd9d437bbb44f72b73ba127e06d8e79","name":"admin","image":{"@type":"ImageObject","inLanguage":"tr","@id":"https:\/\/secure.gravatar.com\/avatar\/ccc17943b9d660506c869530f897617f7cb1c21a4bf30023f252596d83e1f007?s=96&d=mm&r=g","url":"https:\/\/secure.gravatar.com\/avatar\/ccc17943b9d660506c869530f897617f7cb1c21a4bf30023f252596d83e1f007?s=96&d=mm&r=g","contentUrl":"https:\/\/secure.gravatar.com\/avatar\/ccc17943b9d660506c869530f897617f7cb1c21a4bf30023f252596d83e1f007?s=96&d=mm&r=g","caption":"admin"},"sameAs":["https:\/\/kibrisdakik.com"],"url":"https:\/\/kibrisdakik.com\/?author=1"}]}},"_links":{"self":[{"href":"https:\/\/kibrisdakik.com\/index.php?rest_route=\/wp\/v2\/posts\/43094","targetHints":{"allow":["GET"]}}],"collection":[{"href":"https:\/\/kibrisdakik.com\/index.php?rest_route=\/wp\/v2\/posts"}],"about":[{"href":"https:\/\/kibrisdakik.com\/index.php?rest_route=\/wp\/v2\/types\/post"}],"author":[{"embeddable":true,"href":"https:\/\/kibrisdakik.com\/index.php?rest_route=\/wp\/v2\/users\/1"}],"replies":[{"embeddable":true,"href":"https:\/\/kibrisdakik.com\/index.php?rest_route=%2Fwp%2Fv2%2Fcomments&post=43094"}],"version-history":[{"count":0,"href":"https:\/\/kibrisdakik.com\/index.php?rest_route=\/wp\/v2\/posts\/43094\/revisions"}],"wp:featuredmedia":[{"embeddable":true,"href":"https:\/\/kibrisdakik.com\/index.php?rest_route=\/wp\/v2\/media\/43095"}],"wp:attachment":[{"href":"https:\/\/kibrisdakik.com\/index.php?rest_route=%2Fwp%2Fv2%2Fmedia&parent=43094"}],"wp:term":[{"taxonomy":"category","embeddable":true,"href":"https:\/\/kibrisdakik.com\/index.php?rest_route=%2Fwp%2Fv2%2Fcategories&post=43094"},{"taxonomy":"post_tag","embeddable":true,"href":"https:\/\/kibrisdakik.com\/index.php?rest_route=%2Fwp%2Fv2%2Ftags&post=43094"}],"curies":[{"name":"wp","href":"https:\/\/api.w.org\/{rel}","templated":true}]}}