{"id":43126,"date":"2024-05-25T02:28:57","date_gmt":"2024-05-25T02:28:57","guid":{"rendered":"https:\/\/kibrisdakik.com\/index.php\/2024\/05\/25\/sicak-ve-nemli-hava-etkili-olacak\/"},"modified":"2024-05-25T02:28:57","modified_gmt":"2024-05-25T02:28:57","slug":"sicak-ve-nemli-hava-etkili-olacak","status":"publish","type":"post","link":"https:\/\/kibrisdakik.com\/?p=43126","title":{"rendered":"S\u0131cak ve nemli hava etkili olacak"},"content":{"rendered":"<p><img decoding=\"async\" src=\"https:\/\/www.kibristurk.com\/images\/haberler\/2024\/05\/sicak-ve-nemli-hava-etkili-olacak-1716553500.webp\" \/><\/p>\n<p style=\"text-align:left\"><span style=\"font-size:14px\"><span style=\"font-family:Arial,Helvetica,sans-serif\"><span style=\"color:#000000\"><span style=\"background-color:#ffffff\">\u00dclkede havan\u0131n \u00f6n\u00fcm\u00fczdeki g\u00fcnlerde s\u0131cak ve nispeten nemli olmas\u0131 bekleniyor.<\/span><\/span><\/span><\/span><\/p>\n<p style=\"text-align:left\"><span style=\"font-size:14px\"><span style=\"font-family:Arial,Helvetica,sans-serif\"><span style=\"color:#000000\"><span style=\"background-color:#ffffff\">Meteoroloji Dairesi&#8217;nib 25 \u2013 31 May\u0131s tarihlerini kapsayan hava raporuna g\u00f6re, hava yar\u0131n a\u00e7\u0131k ve az bulutlu, pazar g\u00fcn\u00fc a\u00e7\u0131k ve az bulutlu, \u00f6\u011fle saatleri par\u00e7al\u0131 bulutlu olacak.<\/span><\/span><\/span><\/span><\/p>\n<p style=\"text-align:left\"><span style=\"font-size:14px\"><span style=\"font-family:Arial,Helvetica,sans-serif\"><span style=\"color:#000000\"><span style=\"background-color:#ffffff\">Raporda, havan\u0131n pazartesi par\u00e7al\u0131 bulutlu zamanla az bulutlu, sal\u0131 g\u00fcn\u00fc par\u00e7al\u0131 bulutlu, \u00e7ar\u015famba ve per\u015fembe a\u00e7\u0131k ve az bulutlu, cuma g\u00fcn\u00fc ise par\u00e7al\u0131 ve az bulutlu olmas\u0131 \u00f6ng\u00f6r\u00fcl\u00fcyor.<\/span><\/span><\/span><\/span><\/p>\n<p style=\"text-align:left\"><span style=\"font-size:14px\"><span style=\"font-family:Arial,Helvetica,sans-serif\"><span style=\"color:#000000\"><span style=\"background-color:#ffffff\">En y\u00fcksek hava s\u0131cakl\u0131klar\u0131, i\u00e7 kesimlerde 30 \u2013 33, sahillerde 26 \u2013 29 derece santigrat dolaylar\u0131nda seyredecek. R\u00fczg\u00e2r, periyodun ilk g\u00fcnlerinde G\u00fcney ve Bat\u0131, di\u011fer g\u00fcnler kuzeyli y\u00f6nlerden orta, zaman zaman kuvvetli esecek.<\/span><\/span><\/span><\/span><\/p>\n","protected":false},"excerpt":{"rendered":"<p>\u00dclkede havan\u0131n \u00f6n\u00fcm\u00fczdeki g\u00fcnlerde s\u0131cak ve nispeten nemli olmas\u0131 bekleniyor. Meteoroloji Dairesi&#8217;nib 25 \u2013 31 May\u0131s tarihlerini kapsayan hava raporuna g\u00f6re, hava yar\u0131n a\u00e7\u0131k ve az bulutlu, pazar g\u00fcn\u00fc a\u00e7\u0131k ve az bulutlu, \u00f6\u011fle saatleri par\u00e7al\u0131 bulutlu olacak. Raporda, havan\u0131n pazartesi par\u00e7al\u0131 bulutlu zamanla az bulutlu, sal\u0131 g\u00fcn\u00fc par\u00e7al\u0131 bulutlu, \u00e7ar\u015famba ve per\u015fembe a\u00e7\u0131k ve<\/p>\n","protected":false},"author":1,"featured_media":43127,"comment_status":"open","ping_status":"open","sticky":false,"template":"","format":"standard","meta":{"footnotes":""},"categories":[85],"tags":[],"class_list":["post-43126","post","type-post","status-publish","format-standard","has-post-thumbnail","hentry","category-spor"],"yoast_head":"<!-- This site is optimized with the Yoast SEO plugin v27.5 - https:\/\/yoast.com\/product\/yoast-seo-wordpress\/ -->\n<title>S\u0131cak ve nemli hava etkili olacak -<\/title>\n<meta name=\"robots\" content=\"index, follow, max-snippet:-1, max-image-preview:large, max-video-preview:-1\" \/>\n<link rel=\"canonical\" href=\"https:\/\/kibrisdakik.com\/?p=43126\" \/>\n<meta property=\"og:locale\" content=\"tr_TR\" \/>\n<meta property=\"og:type\" content=\"article\" \/>\n<meta property=\"og:title\" content=\"S\u0131cak ve nemli hava etkili olacak -\" \/>\n<meta property=\"og:description\" content=\"\u00dclkede havan\u0131n \u00f6n\u00fcm\u00fczdeki g\u00fcnlerde s\u0131cak ve nispeten nemli olmas\u0131 bekleniyor. Meteoroloji Dairesi&#8217;nib 25 \u2013 31 May\u0131s tarihlerini kapsayan hava raporuna g\u00f6re, hava yar\u0131n a\u00e7\u0131k ve az bulutlu, pazar g\u00fcn\u00fc a\u00e7\u0131k ve az bulutlu, \u00f6\u011fle saatleri par\u00e7al\u0131 bulutlu olacak. Raporda, havan\u0131n pazartesi par\u00e7al\u0131 bulutlu zamanla az bulutlu, sal\u0131 g\u00fcn\u00fc par\u00e7al\u0131 bulutlu, \u00e7ar\u015famba ve per\u015fembe a\u00e7\u0131k ve\" \/>\n<meta property=\"og:url\" content=\"https:\/\/kibrisdakik.com\/?p=43126\" \/>\n<meta property=\"article:published_time\" content=\"2024-05-25T02:28:57+00:00\" \/>\n<meta property=\"og:image\" content=\"https:\/\/kibrisdakik.com\/wp-content\/uploads\/2024\/05\/sicak-ve-nemli-hava-etkili-olacak-1716553500.webp.webp\" \/>\n\t<meta property=\"og:image:width\" content=\"710\" \/>\n\t<meta property=\"og:image:height\" content=\"370\" \/>\n\t<meta property=\"og:image:type\" content=\"image\/webp\" \/>\n<meta name=\"author\" content=\"admin\" \/>\n<meta name=\"twitter:card\" content=\"summary_large_image\" \/>\n<meta name=\"twitter:label1\" content=\"Yazan:\" \/>\n\t<meta name=\"twitter:data1\" content=\"admin\" \/>\n\t<meta name=\"twitter:label2\" content=\"Tahmini okuma s\u00fcresi\" \/>\n\t<meta name=\"twitter:data2\" content=\"1 dakika\" \/>\n<script type=\"application\/ld+json\" class=\"yoast-schema-graph\">{\"@context\":\"https:\\\/\\\/schema.org\",\"@graph\":[{\"@type\":\"Article\",\"@id\":\"https:\\\/\\\/kibrisdakik.com\\\/?p=43126#article\",\"isPartOf\":{\"@id\":\"https:\\\/\\\/kibrisdakik.com\\\/?p=43126\"},\"author\":{\"name\":\"admin\",\"@id\":\"https:\\\/\\\/kibrisdakik.com\\\/#\\\/schema\\\/person\\\/9cd9d437bbb44f72b73ba127e06d8e79\"},\"headline\":\"S\u0131cak ve nemli hava etkili olacak\",\"datePublished\":\"2024-05-25T02:28:57+00:00\",\"mainEntityOfPage\":{\"@id\":\"https:\\\/\\\/kibrisdakik.com\\\/?p=43126\"},\"wordCount\":132,\"commentCount\":0,\"image\":{\"@id\":\"https:\\\/\\\/kibrisdakik.com\\\/?p=43126#primaryimage\"},\"thumbnailUrl\":\"https:\\\/\\\/kibrisdakik.com\\\/wp-content\\\/uploads\\\/2024\\\/05\\\/sicak-ve-nemli-hava-etkili-olacak-1716553500.webp.webp\",\"articleSection\":[\"Spor\"],\"inLanguage\":\"tr\",\"potentialAction\":[{\"@type\":\"CommentAction\",\"name\":\"Comment\",\"target\":[\"https:\\\/\\\/kibrisdakik.com\\\/?p=43126#respond\"]}]},{\"@type\":\"WebPage\",\"@id\":\"https:\\\/\\\/kibrisdakik.com\\\/?p=43126\",\"url\":\"https:\\\/\\\/kibrisdakik.com\\\/?p=43126\",\"name\":\"S\u0131cak ve nemli hava etkili olacak -\",\"isPartOf\":{\"@id\":\"https:\\\/\\\/kibrisdakik.com\\\/#website\"},\"primaryImageOfPage\":{\"@id\":\"https:\\\/\\\/kibrisdakik.com\\\/?p=43126#primaryimage\"},\"image\":{\"@id\":\"https:\\\/\\\/kibrisdakik.com\\\/?p=43126#primaryimage\"},\"thumbnailUrl\":\"https:\\\/\\\/kibrisdakik.com\\\/wp-content\\\/uploads\\\/2024\\\/05\\\/sicak-ve-nemli-hava-etkili-olacak-1716553500.webp.webp\",\"datePublished\":\"2024-05-25T02:28:57+00:00\",\"author\":{\"@id\":\"https:\\\/\\\/kibrisdakik.com\\\/#\\\/schema\\\/person\\\/9cd9d437bbb44f72b73ba127e06d8e79\"},\"breadcrumb\":{\"@id\":\"https:\\\/\\\/kibrisdakik.com\\\/?p=43126#breadcrumb\"},\"inLanguage\":\"tr\",\"potentialAction\":[{\"@type\":\"ReadAction\",\"target\":[\"https:\\\/\\\/kibrisdakik.com\\\/?p=43126\"]}]},{\"@type\":\"ImageObject\",\"inLanguage\":\"tr\",\"@id\":\"https:\\\/\\\/kibrisdakik.com\\\/?p=43126#primaryimage\",\"url\":\"https:\\\/\\\/kibrisdakik.com\\\/wp-content\\\/uploads\\\/2024\\\/05\\\/sicak-ve-nemli-hava-etkili-olacak-1716553500.webp.webp\",\"contentUrl\":\"https:\\\/\\\/kibrisdakik.com\\\/wp-content\\\/uploads\\\/2024\\\/05\\\/sicak-ve-nemli-hava-etkili-olacak-1716553500.webp.webp\",\"width\":710,\"height\":370},{\"@type\":\"BreadcrumbList\",\"@id\":\"https:\\\/\\\/kibrisdakik.com\\\/?p=43126#breadcrumb\",\"itemListElement\":[{\"@type\":\"ListItem\",\"position\":1,\"name\":\"Home\",\"item\":\"https:\\\/\\\/kibrisdakik.com\\\/\"},{\"@type\":\"ListItem\",\"position\":2,\"name\":\"S\u0131cak ve nemli hava etkili olacak\"}]},{\"@type\":\"WebSite\",\"@id\":\"https:\\\/\\\/kibrisdakik.com\\\/#website\",\"url\":\"https:\\\/\\\/kibrisdakik.com\\\/\",\"name\":\"\",\"description\":\"Tam vaktinde haber\",\"potentialAction\":[{\"@type\":\"SearchAction\",\"target\":{\"@type\":\"EntryPoint\",\"urlTemplate\":\"https:\\\/\\\/kibrisdakik.com\\\/?s={search_term_string}\"},\"query-input\":{\"@type\":\"PropertyValueSpecification\",\"valueRequired\":true,\"valueName\":\"search_term_string\"}}],\"inLanguage\":\"tr\"},{\"@type\":\"Person\",\"@id\":\"https:\\\/\\\/kibrisdakik.com\\\/#\\\/schema\\\/person\\\/9cd9d437bbb44f72b73ba127e06d8e79\",\"name\":\"admin\",\"image\":{\"@type\":\"ImageObject\",\"inLanguage\":\"tr\",\"@id\":\"https:\\\/\\\/secure.gravatar.com\\\/avatar\\\/ccc17943b9d660506c869530f897617f7cb1c21a4bf30023f252596d83e1f007?s=96&d=mm&r=g\",\"url\":\"https:\\\/\\\/secure.gravatar.com\\\/avatar\\\/ccc17943b9d660506c869530f897617f7cb1c21a4bf30023f252596d83e1f007?s=96&d=mm&r=g\",\"contentUrl\":\"https:\\\/\\\/secure.gravatar.com\\\/avatar\\\/ccc17943b9d660506c869530f897617f7cb1c21a4bf30023f252596d83e1f007?s=96&d=mm&r=g\",\"caption\":\"admin\"},\"sameAs\":[\"https:\\\/\\\/kibrisdakik.com\"],\"url\":\"https:\\\/\\\/kibrisdakik.com\\\/?author=1\"}]}<\/script>\n<!-- \/ Yoast SEO plugin. -->","yoast_head_json":{"title":"S\u0131cak ve nemli hava etkili olacak -","robots":{"index":"index","follow":"follow","max-snippet":"max-snippet:-1","max-image-preview":"max-image-preview:large","max-video-preview":"max-video-preview:-1"},"canonical":"https:\/\/kibrisdakik.com\/?p=43126","og_locale":"tr_TR","og_type":"article","og_title":"S\u0131cak ve nemli hava etkili olacak -","og_description":"\u00dclkede havan\u0131n \u00f6n\u00fcm\u00fczdeki g\u00fcnlerde s\u0131cak ve nispeten nemli olmas\u0131 bekleniyor. Meteoroloji Dairesi&#8217;nib 25 \u2013 31 May\u0131s tarihlerini kapsayan hava raporuna g\u00f6re, hava yar\u0131n a\u00e7\u0131k ve az bulutlu, pazar g\u00fcn\u00fc a\u00e7\u0131k ve az bulutlu, \u00f6\u011fle saatleri par\u00e7al\u0131 bulutlu olacak. Raporda, havan\u0131n pazartesi par\u00e7al\u0131 bulutlu zamanla az bulutlu, sal\u0131 g\u00fcn\u00fc par\u00e7al\u0131 bulutlu, \u00e7ar\u015famba ve per\u015fembe a\u00e7\u0131k ve","og_url":"https:\/\/kibrisdakik.com\/?p=43126","article_published_time":"2024-05-25T02:28:57+00:00","og_image":[{"width":710,"height":370,"url":"https:\/\/kibrisdakik.com\/wp-content\/uploads\/2024\/05\/sicak-ve-nemli-hava-etkili-olacak-1716553500.webp.webp","type":"image\/webp"}],"author":"admin","twitter_card":"summary_large_image","twitter_misc":{"Yazan:":"admin","Tahmini okuma s\u00fcresi":"1 dakika"},"schema":{"@context":"https:\/\/schema.org","@graph":[{"@type":"Article","@id":"https:\/\/kibrisdakik.com\/?p=43126#article","isPartOf":{"@id":"https:\/\/kibrisdakik.com\/?p=43126"},"author":{"name":"admin","@id":"https:\/\/kibrisdakik.com\/#\/schema\/person\/9cd9d437bbb44f72b73ba127e06d8e79"},"headline":"S\u0131cak ve nemli hava etkili olacak","datePublished":"2024-05-25T02:28:57+00:00","mainEntityOfPage":{"@id":"https:\/\/kibrisdakik.com\/?p=43126"},"wordCount":132,"commentCount":0,"image":{"@id":"https:\/\/kibrisdakik.com\/?p=43126#primaryimage"},"thumbnailUrl":"https:\/\/kibrisdakik.com\/wp-content\/uploads\/2024\/05\/sicak-ve-nemli-hava-etkili-olacak-1716553500.webp.webp","articleSection":["Spor"],"inLanguage":"tr","potentialAction":[{"@type":"CommentAction","name":"Comment","target":["https:\/\/kibrisdakik.com\/?p=43126#respond"]}]},{"@type":"WebPage","@id":"https:\/\/kibrisdakik.com\/?p=43126","url":"https:\/\/kibrisdakik.com\/?p=43126","name":"S\u0131cak ve nemli hava etkili olacak -","isPartOf":{"@id":"https:\/\/kibrisdakik.com\/#website"},"primaryImageOfPage":{"@id":"https:\/\/kibrisdakik.com\/?p=43126#primaryimage"},"image":{"@id":"https:\/\/kibrisdakik.com\/?p=43126#primaryimage"},"thumbnailUrl":"https:\/\/kibrisdakik.com\/wp-content\/uploads\/2024\/05\/sicak-ve-nemli-hava-etkili-olacak-1716553500.webp.webp","datePublished":"2024-05-25T02:28:57+00:00","author":{"@id":"https:\/\/kibrisdakik.com\/#\/schema\/person\/9cd9d437bbb44f72b73ba127e06d8e79"},"breadcrumb":{"@id":"https:\/\/kibrisdakik.com\/?p=43126#breadcrumb"},"inLanguage":"tr","potentialAction":[{"@type":"ReadAction","target":["https:\/\/kibrisdakik.com\/?p=43126"]}]},{"@type":"ImageObject","inLanguage":"tr","@id":"https:\/\/kibrisdakik.com\/?p=43126#primaryimage","url":"https:\/\/kibrisdakik.com\/wp-content\/uploads\/2024\/05\/sicak-ve-nemli-hava-etkili-olacak-1716553500.webp.webp","contentUrl":"https:\/\/kibrisdakik.com\/wp-content\/uploads\/2024\/05\/sicak-ve-nemli-hava-etkili-olacak-1716553500.webp.webp","width":710,"height":370},{"@type":"BreadcrumbList","@id":"https:\/\/kibrisdakik.com\/?p=43126#breadcrumb","itemListElement":[{"@type":"ListItem","position":1,"name":"Home","item":"https:\/\/kibrisdakik.com\/"},{"@type":"ListItem","position":2,"name":"S\u0131cak ve nemli hava etkili olacak"}]},{"@type":"WebSite","@id":"https:\/\/kibrisdakik.com\/#website","url":"https:\/\/kibrisdakik.com\/","name":"","description":"Tam vaktinde haber","potentialAction":[{"@type":"SearchAction","target":{"@type":"EntryPoint","urlTemplate":"https:\/\/kibrisdakik.com\/?s={search_term_string}"},"query-input":{"@type":"PropertyValueSpecification","valueRequired":true,"valueName":"search_term_string"}}],"inLanguage":"tr"},{"@type":"Person","@id":"https:\/\/kibrisdakik.com\/#\/schema\/person\/9cd9d437bbb44f72b73ba127e06d8e79","name":"admin","image":{"@type":"ImageObject","inLanguage":"tr","@id":"https:\/\/secure.gravatar.com\/avatar\/ccc17943b9d660506c869530f897617f7cb1c21a4bf30023f252596d83e1f007?s=96&d=mm&r=g","url":"https:\/\/secure.gravatar.com\/avatar\/ccc17943b9d660506c869530f897617f7cb1c21a4bf30023f252596d83e1f007?s=96&d=mm&r=g","contentUrl":"https:\/\/secure.gravatar.com\/avatar\/ccc17943b9d660506c869530f897617f7cb1c21a4bf30023f252596d83e1f007?s=96&d=mm&r=g","caption":"admin"},"sameAs":["https:\/\/kibrisdakik.com"],"url":"https:\/\/kibrisdakik.com\/?author=1"}]}},"_links":{"self":[{"href":"https:\/\/kibrisdakik.com\/index.php?rest_route=\/wp\/v2\/posts\/43126","targetHints":{"allow":["GET"]}}],"collection":[{"href":"https:\/\/kibrisdakik.com\/index.php?rest_route=\/wp\/v2\/posts"}],"about":[{"href":"https:\/\/kibrisdakik.com\/index.php?rest_route=\/wp\/v2\/types\/post"}],"author":[{"embeddable":true,"href":"https:\/\/kibrisdakik.com\/index.php?rest_route=\/wp\/v2\/users\/1"}],"replies":[{"embeddable":true,"href":"https:\/\/kibrisdakik.com\/index.php?rest_route=%2Fwp%2Fv2%2Fcomments&post=43126"}],"version-history":[{"count":0,"href":"https:\/\/kibrisdakik.com\/index.php?rest_route=\/wp\/v2\/posts\/43126\/revisions"}],"wp:featuredmedia":[{"embeddable":true,"href":"https:\/\/kibrisdakik.com\/index.php?rest_route=\/wp\/v2\/media\/43127"}],"wp:attachment":[{"href":"https:\/\/kibrisdakik.com\/index.php?rest_route=%2Fwp%2Fv2%2Fmedia&parent=43126"}],"wp:term":[{"taxonomy":"category","embeddable":true,"href":"https:\/\/kibrisdakik.com\/index.php?rest_route=%2Fwp%2Fv2%2Fcategories&post=43126"},{"taxonomy":"post_tag","embeddable":true,"href":"https:\/\/kibrisdakik.com\/index.php?rest_route=%2Fwp%2Fv2%2Ftags&post=43126"}],"curies":[{"name":"wp","href":"https:\/\/api.w.org\/{rel}","templated":true}]}}