{"id":43241,"date":"2024-05-25T18:48:00","date_gmt":"2024-05-25T18:48:00","guid":{"rendered":"https:\/\/kibrisdakik.com\/index.php\/2024\/05\/25\/tatar-sydneyde-tc-buyukelcisi-gezer-tarafindan-onuruna-verilen-resepsiyona-katildi\/"},"modified":"2024-05-25T18:48:00","modified_gmt":"2024-05-25T18:48:00","slug":"tatar-sydneyde-tc-buyukelcisi-gezer-tarafindan-onuruna-verilen-resepsiyona-katildi","status":"publish","type":"post","link":"https:\/\/kibrisdakik.com\/?p=43241","title":{"rendered":"Tatar Sydney\u2019de, TC B\u00fcy\u00fckel\u00e7isi Gezer taraf\u0131ndan onuruna verilen resepsiyona kat\u0131ld\u0131"},"content":{"rendered":"<p><img decoding=\"async\" src=\"https:\/\/www.kibristurk.com\/images\/haberler\/2024\/05\/tatar-sydneyde-tc-buyukelcisi-gezer-tarafindan-onuruna-verilen-resepsiyona-katildi-1716660743.webp\" \/><\/p>\n<p>T\u00fcrkiye Cumhuriyeti Konsoloslu\u011fu Rezidans\u0131nda yer a\u015fan resepsiyona, Sydney T\u00fcrk ve K\u0131br\u0131s T\u00fcrklerinin \u00f6nde gelen isimleri de kat\u0131ld\u0131.<\/p>\n<p>Cumhurba\u015fkanl\u0131\u011f\u0131&#8217;ndan yap\u0131lan a\u00e7\u0131klamaya g\u00f6re, resepsiyonda konu\u015fan Cumhurba\u015fkan\u0131 Tatar, resepsiyona ev sahipli\u011fi yapan B\u00fcy\u00fckel\u00e7i Ufuk Gezer ile b\u00fcy\u00fckel\u00e7ilik ve konsolosluk \u00e7al\u0131\u015fanlar\u0131na te\u015fekk\u00fcrlerini iletti.<\/p>\n<p>K\u0131br\u0131s T\u00fcrk k\u00fclt\u00fcr ve geleneklerinin \u00fclkedeki 80&#8217;inci y\u0131l kutlamalar\u0131na kat\u0131lmak \u00fczere K\u0131br\u0131s T\u00fcrk sivil kurulu\u015flar\u0131 taraf\u0131ndan kendisine yap\u0131lan davetin ard\u0131ndan Avustralya&#8217;y\u0131 ziyaret eden tarihteki ilk KKTC Cumhurba\u015fkan\u0131 oldu\u011funu belirten Cumhurba\u015fkan\u0131 Tatar: \u201cAvustralya&#8217;ya gelme s\u00fcreci asl\u0131nda Kurucu Cumhurba\u015fkan\u0131m\u0131z merhum Rauf Denkta\u015f&#8217;\u0131n ve di\u011fer Cumhurba\u015fkanlar\u0131n da buraya gelmek istedi\u011fi d\u00f6neme kadar uzan\u0131yor. Ancak Yunan-K\u0131br\u0131s Rum taraf\u0131n\u0131 engellemeci politikas\u0131yla kar\u015f\u0131 kar\u015f\u0131ya kalm\u0131\u015flard\u0131r\u201d dedi.<\/p>\n<p>Cumhurba\u015fkan\u0131 Tatar, pandemi d\u00f6nemi ve sonras\u0131nda Avustralya merkezli sivil \u00f6rg\u00fct temsilcileriyle \u00e7evrimi\u00e7i toplant\u0131lar yap\u0131ld\u0131\u011f\u0131n\u0131 belirtti.<\/p>\n<p>Tatar, \u201cBu \u00e7evrimi\u00e7i toplant\u0131lar\u0131 yapmak istiyordum \u00e7\u00fcnk\u00fc yakla\u015f\u0131k 80 y\u0131l \u00f6nce buraya ilk ta\u015f\u0131nmaya ba\u015flayan Avustralya&#8217;daki halk\u0131m\u0131za b\u00fcy\u00fck \u00f6nem veriyorum. Bu toplant\u0131lar s\u0131ras\u0131nda sivil gruplar\u0131n temsilcileri, Avustralya&#8217;y\u0131 ziyaret etmem y\u00f6n\u00fcndeki g\u00fc\u00e7l\u00fc arzusunu dile getirdiler. S\u00fcre\u00e7 \u00fc\u00e7 y\u0131l s\u00fcrd\u00fc ve \u00e7ok k\u00fclt\u00fcrl\u00fc Avustralya&#8217;n\u0131n sosyal ve k\u00fclt\u00fcrel ya\u015fam\u0131n\u0131 zenginle\u015ftiren herkese te\u015fekk\u00fcrlerimi sunmak i\u00e7in buraday\u0131m&#8221; dedi.<\/p>\n<p>1914 \u00c7anakkale sava\u015flar\u0131 nedeniyle Canberra&#8217;daki Avustralya Sava\u015f An\u0131t\u0131&#8217;n\u0131, Canberra ve Sydney&#8217;deki Atat\u00fcrk An\u0131tlar\u0131n\u0131 da ziyaret etti\u011fini hat\u0131rlatan Cumhurba\u015fkan\u0131 Tatar, &#8220;Avustralya halk\u0131n\u0131n Atat\u00fcrk&#8217;e kar\u015f\u0131 \u00fclkenin farkl\u0131 yerlerinde sergiledi\u011fi \u00fcst d\u00fczey sayg\u0131 ve takdirini g\u00f6rmekten mutluluk duyuyorum.&#8221; diye konu\u015ftu.<\/p>\n<p>Cumhurba\u015fkan\u0131 Tatar, K\u0131br\u0131sl\u0131 T\u00fcrklerin Avustralya&#8217;ya ilk geli\u015fiyle ilgili ise \u015f\u00f6yle devam etti:<\/p>\n<p>\u201cHalk\u0131m\u0131z\u0131n geli\u015fi, k\u00fclt\u00fcr\u00fcm\u00fcz ve geleneklerimiz 1940&#8217;l\u0131 y\u0131llara dayan\u0131yor. Halk\u0131m\u0131z, \u0130ngiliz s\u00f6m\u00fcrge y\u00f6netimi alt\u0131nda maruz kald\u0131\u011f\u0131 bask\u0131lar ve K\u0131br\u0131s Rum halk\u0131n\u0131n K\u0131br\u0131s&#8217;\u0131 Yunanistan&#8217;la birle\u015ftirme arzusu nedeniyle K\u0131br\u0131s Adas\u0131 d\u0131\u015f\u0131nda farkl\u0131 \u00fclkelere g\u00f6\u00e7 etmi\u015ftir. Teknolojik geli\u015fmeler ve internet sayesinde insanlar\u0131n K\u0131br\u0131s ile Avustralya aras\u0131nda ta\u015f\u0131nmas\u0131n\u0131n ve hatta mektuplar\u0131n posta yoluyla iletilmesinin aylar s\u00fcrd\u00fc\u011f\u00fc g\u00fcnler \u00e7oktan geride kald\u0131.&#8221;&nbsp;<\/p>\n<p>K\u0131br\u0131sl\u0131 T\u00fcrklerin, Avustralya&#8217;daki t\u00f6renlerde \u00c7anakkale \u015eehitlerini anmak i\u00e7in an\u0131tlar\u0131na \u00e7elenk koyduklar\u0131na i\u015faret eden Cumhurba\u015fkan\u0131 Tatar, \u201cBu \u00fclkeye gelen ilk T\u00fcrkler olarak bu t\u00f6renleri yapan Avustralya&#8217;daki K\u0131br\u0131sl\u0131 T\u00fcrkleri takdir ve sayg\u0131yla anmak isterim\u201d dedi. Cumhurba\u015fkan\u0131 Tatar, farkl\u0131 alanlar\u0131nda ba\u015far\u0131l\u0131 olan ve Avustralya&#8217;daki k\u00fclt\u00fcrel \u00e7e\u015fitlili\u011fe katk\u0131da bulunan K\u0131br\u0131s T\u00fcrklerinin ortaya koydu\u011fu ba\u015far\u0131 \u00f6yk\u00fclerini takdir etti\u011fini vurgulad\u0131.<\/p>\n<p>&nbsp;<\/p>\n<p>Cumhurba\u015fkan\u0131 Tatar, K\u0131br\u0131s meselesine de de\u011finerek \u015funlar\u0131 kaydetti:<\/p>\n<p>&nbsp;<\/p>\n<p>\u201cK\u0131br\u0131s T\u00fcrk halk\u0131 b\u00fcy\u00fck bir haks\u0131zl\u0131kla kar\u015f\u0131 kar\u015f\u0131ya kalmaya devam ediyor. K\u0131br\u0131s Cumhuriyeti ortakl\u0131\u011f\u0131n\u0131n e\u015fit kurucu ortaklar\u0131ndan biri olmalar\u0131na ra\u011fmen, K\u0131br\u0131sl\u0131 T\u00fcrkler Aral\u0131k 1963&#8217;te silah zoruyla devletin d\u0131\u015f\u0131na itilmi\u015flerdi. Birka\u00e7 ay sonra, Mart 1964&#8217;te Birle\u015fmi\u015f Milletler, Bar\u0131\u015f G\u00fcc\u00fc&#8217;n\u00fcn g\u00f6revlendirilmesine ili\u015fkin 186 say\u0131l\u0131 karar\u0131 kabul etmi\u015fti. Ne yaz\u0131k ki bu kararla K\u0131br\u0131sl\u0131 Rumlara da bug\u00fcne kadar devam eden tek h\u00fck\u00fcmet muamelesi yapan BM Bar\u0131\u015f G\u00fcc\u00fc adaya g\u00f6nderilmi\u015fti. 1974&#8217;e kadar 11 y\u0131l boyunca ada \u00e7ap\u0131nda sald\u0131r\u0131lara ve soyk\u0131r\u0131m eylemlerine maruz kald\u0131k. Ada topraklar\u0131n\u0131n y\u00fczde 3&#8217;\u00fcne s\u0131k\u0131\u015ft\u0131r\u0131lm\u0131\u015f k\u00fc\u00e7\u00fck yerle\u015fim b\u00f6lgelerinde ya\u015famaya zorlanan K\u0131br\u0131sl\u0131 T\u00fcrkler, fiilen bir devlet olarak kendilerini y\u00f6netmeye kararl\u0131 bir duru\u015fla kendilerini y\u00f6nettiler. Rum-Yunan ikilisinin K\u0131br\u0131s&#8217;\u0131 Yunanistan&#8217;a ba\u011flamaya y\u00f6nelik t\u00fcm giri\u015fimlerine direndik. 15 Temmuz 1974&#8217;te Yunan Cuntas\u0131 taraf\u0131ndan darbe yap\u0131ld\u0131 ve &#8216;K\u0131br\u0131s Helen Cumhuriyeti&#8217; ilan edildi. Ba\u015fpiskopos Makarios bizzat BM G\u00fcvenlik Konseyi&#8217;ne \u2018Yunanistan&#8217;\u0131n K\u0131br\u0131s&#8217;\u0131 i\u015fgal etti\u011fini\u2019 s\u00f6yledi. E\u011fer Anavatan\u0131m\u0131z ve garant\u00f6r \u00fclke T\u00fcrkiye&#8217;nin 20 Temmuz 1974&#8217;te, \u00f6n\u00fcm\u00fczdeki ay 50&#8217;nci y\u0131l d\u00f6n\u00fcm\u00fcn\u00fc sevin\u00e7le kutlayaca\u011f\u0131m\u0131z K\u0131br\u0131s Bar\u0131\u015f Harek\u00e2t\u0131 olmasayd\u0131, kurtaracak hi\u00e7bir K\u0131br\u0131s T\u00fcrk\u00fc kalmayacakt\u0131.&#8221;<\/p>\n<p>&nbsp;<\/p>\n<p>Cumhurba\u015fkan\u0131 Tatar, iki taraf aras\u0131nda 1975 y\u0131l\u0131nda imzalanan N\u00fcfus M\u00fcbadele Anla\u015fmas\u0131 uyar\u0131nca K\u0131br\u0131s T\u00fcrk halk\u0131n\u0131n g\u00f6n\u00fcll\u00fc olarak Ada&#8217;n\u0131n kuzeyine, K\u0131br\u0131sl\u0131 Rumlar\u0131n ise g\u00fcneyine ta\u015f\u0131nd\u0131\u011f\u0131n\u0131 anlatt\u0131. Cumhurba\u015fkan\u0131 Tatar, K\u0131br\u0131s T\u00fcrk halk\u0131n\u0131n yar\u0131m asr\u0131 a\u015fk\u0131n s\u00fcredir e\u015fitlik temelli bir \u00e7\u00f6z\u00fcm i\u00e7in yo\u011fun bir \u015fekilde \u00e7al\u0131\u015ft\u0131\u011f\u0131n\u0131 ifade etti. Cumhurba\u015fkan\u0131 Tatar, \u201cAncak K\u0131br\u0131s&#8217;\u0131 bir Helen adas\u0131 olarak g\u00f6ren Rum zihniyeti, K\u0131br\u0131s&#8217;ta \u00e7\u00f6z\u00fcm\u00fcn \u00f6n\u00fcndeki en b\u00fcy\u00fck engel olmu\u015ftur. K\u0131br\u0131sl\u0131 Rumlar, eski K\u0131br\u0131s Rum D\u0131\u015fi\u015fleri Bakan\u0131 merhum Nikos Rolandis&#8217;in kamuoyuna a\u00e7\u0131klad\u0131\u011f\u0131 \u00fczere, en az 15 yerle\u015fim plan\u0131n\u0131 reddetti\u201d dedi.<\/p>\n<p>&nbsp;<\/p>\n<p>Cumhurba\u015fkan\u0131 Tatar, Nisan 2004&#8217;te BM Kapsaml\u0131 \u00c7\u00f6z\u00fcm Plan\u0131na (Annan Plan\u0131) K\u0131br\u0131s Rum halk\u0131n\u0131n y\u00fczde 76 oran\u0131nda red oy verirken, K\u0131br\u0131sl\u0131 T\u00fcrkler y\u00fczde 65 oran\u0131nda evet oyu kullanmas\u0131na ra\u011fmen K\u0131br\u0131sl\u0131 Rumlar\u0131n bir hafta sonra AB \u00fcyeli\u011fine kabul edildi\u011fini, uluslararas\u0131 toplumun K\u0131br\u0131s T\u00fcrk halk\u0131na y\u00f6nelik tecrit ve k\u0131s\u0131tlamalara son verilmesi y\u00f6n\u00fcnde verdi\u011fi s\u00f6zlerin ise hi\u00e7bir zaman yerine getirilmedi\u011fine i\u015faret etti. Temmuz 2017&#8217;de Crans-Montana&#8217;da yeni tur m\u00fczakerelerin yine ba\u015far\u0131s\u0131zl\u0131kla sonu\u00e7land\u0131\u011f\u0131n\u0131 kaydeden Cumhurba\u015fkan\u0131 Tatar, Federal temelde \u00e7\u00f6z\u00fcme ula\u015fmak i\u00e7in son giri\u015fimin de ba\u015far\u0131s\u0131z oldu\u011funu belirterek, &#8220;M\u00fczakerelerin yar\u0131m as\u0131rdan fazla bir s\u00fcre ba\u015far\u0131s\u0131zl\u0131kla sonu\u00e7lanmas\u0131n\u0131n nedeni, K\u0131br\u0131s Rum taraf\u0131n\u0131n, K\u0131br\u0131s T\u00fcrk halk\u0131yla g\u00fc\u00e7 ve refah\u0131 payla\u015fmay\u0131 reddetmesinden kaynaklanmaktad\u0131r. Art\u0131k denenmi\u015f, ba\u015far\u0131s\u0131z olmu\u015f ve t\u00fckenmi\u015f temelden r\u0131zam\u0131z\u0131 geri \u00e7ektik. Art\u0131k federal kal\u0131plar\u0131n d\u0131\u015f\u0131nda d\u00fc\u015f\u00fcnmenin, ger\u00e7ek\u00e7i ve s\u00fcrd\u00fcr\u00fclebilir bir \u00e7\u00f6z\u00fcm i\u00e7in K\u0131br\u0131s&#8217;ta yeni bir sayfa a\u00e7man\u0131n zaman\u0131n\u0131n geldi\u011fini t\u00fcm d\u00fcnyaya s\u00f6yl\u00fcyoruz\u201ddedi.&nbsp; K\u0131br\u0131s&#8217;ta iki devletli \u00e7\u00f6z\u00fcme y\u00f6nelik yeni vizyon ve duru\u015fuyla Cumhurba\u015fkan\u0131 se\u00e7ildi\u011fini vurgulayan Cumhurba\u015fkan\u0131 Tatar, &#8220;K\u0131br\u0131s&#8217;ta \u00e7\u00f6z\u00fcme, do\u011fu\u015ftan gelen m\u00fcktesep hakk\u0131m\u0131z olan egemen e\u015fitli\u011fimiz ve e\u015fit uluslararas\u0131 stat\u00fcm\u00fcz temelinde ula\u015f\u0131labilir. Bu, T\u00fcrkiye Cumhuriyeti&#8217;nin tam destekledi\u011fi bir duru\u015ftur\u201d diye konu\u015ftu.<\/p>\n<p>&nbsp;<\/p>\n<p>\u0130ki egemen devletin i\u015f birli\u011fi ve kom\u015fuluk ili\u015fkileri temelinde s\u00fcrd\u00fcr\u00fclebilir bir \u00e7\u00f6z\u00fcme ula\u015f\u0131labilece\u011fini anlatan Cumhurba\u015fkan\u0131 Tatar, \u015funlar\u0131 s\u00f6yledi:<\/p>\n<p>&nbsp;<\/p>\n<p>\u201cBM Genel Sekreteri Ki\u015fisel Temsilcisine, Rumlar\u0131n yaratt\u0131\u011f\u0131 sorunlar\u0131 ve engelleyici yakla\u015f\u0131mlar\u0131n\u0131 ilettim. K\u0131br\u0131s T\u00fcrk halk\u0131na y\u00f6nelik tecridin uluslararas\u0131 toplum taraf\u0131ndan sona erdirilmesi gerekti\u011fini, bunun yaln\u0131zca bizim do\u011fu\u015ftan gelen hakk\u0131m\u0131z de\u011fil, uluslararas\u0131 toplumun da verdi\u011fi bir s\u00f6z oldu\u011funu defalarca ifade ettik.\u201d<\/p>\n<p>&nbsp;<\/p>\n<p>T\u00fcrkiye Cumhuriyeti Cumhurba\u015fkan\u0131 Recep Tayyip Erdo\u011fan&#8217;\u0131n BM Genel Kurulu&#8217;nun 77. ve 78. oturumlar\u0131nda yapt\u0131\u011f\u0131 konu\u015fmalara de\u011finen Cumhurba\u015fkan\u0131 Tatar, \u015funlar\u0131 s\u00f6yledi:<\/p>\n<p>&nbsp;<\/p>\n<p>&#8220;Cumhurba\u015fkan\u0131 Erdo\u011fan, uluslararas\u0131 topluma \u00fclkeme ve halk\u0131ma yap\u0131lan zulme e\u015fde\u011fer olan tecride son vererek KKTC ile diplomatik, ekonomik ve siyasi ba\u011flar kurma \u00e7a\u011fr\u0131s\u0131nda bulundu. Cumhurba\u015fkan\u0131 Erdo\u011fan, d\u00fcnyaya KKTC&#8217;yi resmi olarak tan\u0131ma \u00e7a\u011fr\u0131s\u0131nda bulundu.&nbsp; K\u0131br\u0131s&#8217;ta iki devletli \u00e7\u00f6z\u00fcme y\u00f6nelik duru\u015fumu g\u00fc\u00e7lendiren bu \u00e7a\u011fr\u0131lardan dolay\u0131 bu vesileyle bir kez daha Cumhurba\u015fkan\u0131 Erdo\u011fan&#8217;a en derin \u015f\u00fckranlar\u0131m\u0131 sunmak istiyorum.&#8221;<\/p>\n<p>&nbsp;<\/p>\n<p>Cumhurba\u015fkan\u0131 Tatar, KKTC&#8217;nin Anayasal ad\u0131yla, Cumhurba\u015fkan\u0131 Erdo\u011fan ve T\u00fcrk H\u00fck\u00fcmeti&#8217;nin tam deste\u011fiyle T\u00fcrk Devletleri Te\u015fkilat\u0131&#8217;na g\u00f6zlemci \u00fcye olarak kabul edildi\u011fini ve T\u00fcrk devletiyle farkl\u0131 alanlardaki ili\u015fkilerin geli\u015ftirilmeye devam etti\u011fini belirtti. Azerbaycan Cumhurba\u015fkan\u0131 \u0130lham Aliyev&#8217;in daveti \u00fczerine Azerbaycan&#8217;\u0131n Bak\u00fc kentine de ziyarette bulundu\u011funu belirten Cumhurba\u015fkan\u0131 Tatar, temmuz ay\u0131nda yap\u0131lacak T\u00fcrk Devletleri Te\u015fkilat\u0131 zirvesine kat\u0131lmak \u00fczere tekrar Azerbaycan&#8217;\u0131 ziyaret edece\u011fini s\u00f6yledi.<\/p>\n<p>&nbsp;<\/p>\n<p>Cumhurba\u015fkan\u0131 Tatar, K\u0131br\u0131s&#8217;\u0131n T\u00fcrkiye ve KKTC i\u00e7in milli bir dava oldu\u011funu belirterek, &#8220;Milli m\u00fccadelemiz, egemenli\u011fimizin ve Devletimizin uluslararas\u0131 toplumda hak etti\u011fi yeri almas\u0131 i\u00e7in kabul edilmesi i\u00e7in devam edecektir&#8221; dedi.&nbsp; Cumhurba\u015fkan\u0131 Tatar K\u0131br\u0131s Adas\u0131&#8217;n\u0131n jeopolitik a\u00e7\u0131dan stratejik \u00f6neme sahip bir b\u00f6lgede yer ald\u0131\u011f\u0131n\u0131 belirtti.&nbsp;<\/p>\n<p>K\u0131br\u0131s Adas\u0131&#8217;n\u0131n jeopolitik ve jeostratejik bir b\u00f6lgede yer ald\u0131\u011f\u0131n\u0131 ve Do\u011fu Akdeniz&#8217;deki en g\u00fcneydeki T\u00fcrk devleti oldu\u011funu belirten Cumhurba\u015fkan\u0131 Tatar, \u015f\u00f6yle konu\u015ftu: &#8220;Bu d\u00fc\u015f\u00fcncelerle B\u00fcy\u00fckel\u00e7i Gezer&#8217;e bu resepsiyona ev sahipli\u011fi yapt\u0131\u011f\u0131 i\u00e7in te\u015fekk\u00fcrlerimi sunmak istiyorum. K\u0131br\u0131sl\u0131 T\u00fcrklerin Avustralya&#8217;daki 80. y\u0131l\u0131nda Sydney ve Melbourne&#8217;da d\u00fczenlenen kutlamalara kat\u0131lmak \u00fczere Avustralya&#8217;da bulunmaktan b\u00fcy\u00fck mutluluk duyuyorum.&nbsp; KKTC ile Avustralya&#8217;daki halk\u0131m\u0131z\u0131n aras\u0131ndaki k\u00f6pr\u00fcy\u00fc g\u00fc\u00e7lendirmek ve onlar\u0131 kucaklamak, KKTC\u2019ye olan sevgi ve ba\u011fl\u0131l\u0131klar\u0131ndan, adalet ve \u00f6zg\u00fcrl\u00fck aray\u0131\u015f\u0131 olan milli davam\u0131za verdikleri destekten dolay\u0131 te\u015fekk\u00fcr etmek i\u00e7in buraday\u0131m.&#8221;<\/p>\n<p>&nbsp;<\/p>\n<p>Cumhurba\u015fkan\u0131 Tatar, \u015funlar\u0131 ekledi:<\/p>\n<p>\u201cKKTC&#8217;den binlerce kilometre uzakta olmam\u0131za ra\u011fmen, K\u0131br\u0131s T\u00fcrk halk\u0131n\u0131n egemenlik ve ba\u011f\u0131ms\u0131zl\u0131\u011f\u0131n\u0131n simgesi olan KKTC&#8217;miz i\u00e7in kalplerimizin birlikte att\u0131\u011f\u0131n\u0131 biliyorum.&nbsp; Avustralya\u2019daki halk\u0131m\u0131z\u0131 kucaklamak, ba\u015far\u0131lar\u0131n\u0131z\u0131 ve Avustralya&#8217;daki varl\u0131\u011f\u0131n\u0131z\u0131 takdir etti\u011fimizi vurgulamak i\u00e7in buraday\u0131m.&#8221;<\/p>\n<p>&nbsp;<\/p>\n<p>Cumhurba\u015fkan\u0131 Tatar ayr\u0131ca vize s\u00fcrecinde T\u00fcrkiye Cumhuriyeti&#8217;ne katk\u0131lar\u0131ndan dolay\u0131 ve g\u00f6sterilen ho\u015fg\u00f6r\u00fc ile yard\u0131mlar i\u00e7in de Avustralya b\u00fcy\u00fckel\u00e7ili\u011fi ve h\u00fck\u00fcmetine te\u015fekk\u00fcrlerini iletti.<\/p>\n","protected":false},"excerpt":{"rendered":"<p>T\u00fcrkiye Cumhuriyeti Konsoloslu\u011fu Rezidans\u0131nda yer a\u015fan resepsiyona, Sydney T\u00fcrk ve K\u0131br\u0131s T\u00fcrklerinin \u00f6nde gelen isimleri de kat\u0131ld\u0131. Cumhurba\u015fkanl\u0131\u011f\u0131&#8217;ndan yap\u0131lan a\u00e7\u0131klamaya g\u00f6re, resepsiyonda konu\u015fan Cumhurba\u015fkan\u0131 Tatar, resepsiyona ev sahipli\u011fi yapan B\u00fcy\u00fckel\u00e7i Ufuk Gezer ile b\u00fcy\u00fckel\u00e7ilik ve konsolosluk \u00e7al\u0131\u015fanlar\u0131na te\u015fekk\u00fcrlerini iletti. K\u0131br\u0131s T\u00fcrk k\u00fclt\u00fcr ve geleneklerinin \u00fclkedeki 80&#8217;inci y\u0131l kutlamalar\u0131na kat\u0131lmak \u00fczere K\u0131br\u0131s T\u00fcrk sivil kurulu\u015flar\u0131 taraf\u0131ndan<\/p>\n","protected":false},"author":1,"featured_media":43242,"comment_status":"open","ping_status":"open","sticky":false,"template":"","format":"standard","meta":{"footnotes":""},"categories":[85],"tags":[],"class_list":["post-43241","post","type-post","status-publish","format-standard","has-post-thumbnail","hentry","category-spor"],"yoast_head":"<!-- This site is optimized with the Yoast SEO plugin v27.5 - https:\/\/yoast.com\/product\/yoast-seo-wordpress\/ -->\n<title>Tatar Sydney\u2019de, TC B\u00fcy\u00fckel\u00e7isi Gezer taraf\u0131ndan onuruna verilen resepsiyona kat\u0131ld\u0131 -<\/title>\n<meta name=\"robots\" content=\"index, follow, max-snippet:-1, max-image-preview:large, max-video-preview:-1\" \/>\n<link rel=\"canonical\" href=\"https:\/\/kibrisdakik.com\/?p=43241\" \/>\n<meta property=\"og:locale\" content=\"tr_TR\" \/>\n<meta property=\"og:type\" content=\"article\" \/>\n<meta property=\"og:title\" content=\"Tatar Sydney\u2019de, TC B\u00fcy\u00fckel\u00e7isi Gezer taraf\u0131ndan onuruna verilen resepsiyona kat\u0131ld\u0131 -\" \/>\n<meta property=\"og:description\" content=\"T\u00fcrkiye Cumhuriyeti Konsoloslu\u011fu Rezidans\u0131nda yer a\u015fan resepsiyona, Sydney T\u00fcrk ve K\u0131br\u0131s T\u00fcrklerinin \u00f6nde gelen isimleri de kat\u0131ld\u0131. Cumhurba\u015fkanl\u0131\u011f\u0131&#8217;ndan yap\u0131lan a\u00e7\u0131klamaya g\u00f6re, resepsiyonda konu\u015fan Cumhurba\u015fkan\u0131 Tatar, resepsiyona ev sahipli\u011fi yapan B\u00fcy\u00fckel\u00e7i Ufuk Gezer ile b\u00fcy\u00fckel\u00e7ilik ve konsolosluk \u00e7al\u0131\u015fanlar\u0131na te\u015fekk\u00fcrlerini iletti. K\u0131br\u0131s T\u00fcrk k\u00fclt\u00fcr ve geleneklerinin \u00fclkedeki 80&#8217;inci y\u0131l kutlamalar\u0131na kat\u0131lmak \u00fczere K\u0131br\u0131s T\u00fcrk sivil kurulu\u015flar\u0131 taraf\u0131ndan\" \/>\n<meta property=\"og:url\" content=\"https:\/\/kibrisdakik.com\/?p=43241\" \/>\n<meta property=\"article:published_time\" content=\"2024-05-25T18:48:00+00:00\" \/>\n<meta property=\"og:image\" content=\"https:\/\/kibrisdakik.com\/wp-content\/uploads\/2024\/05\/tatar-sydneyde-tc-buyukelcisi-gezer-tarafindan-onuruna-verilen-resepsiyona-katildi-1716660743.webp.webp\" \/>\n\t<meta property=\"og:image:width\" content=\"710\" \/>\n\t<meta property=\"og:image:height\" content=\"370\" \/>\n\t<meta property=\"og:image:type\" content=\"image\/webp\" \/>\n<meta name=\"author\" content=\"admin\" \/>\n<meta name=\"twitter:card\" content=\"summary_large_image\" \/>\n<meta name=\"twitter:label1\" content=\"Yazan:\" \/>\n\t<meta name=\"twitter:data1\" content=\"admin\" \/>\n\t<meta name=\"twitter:label2\" content=\"Tahmini okuma s\u00fcresi\" \/>\n\t<meta name=\"twitter:data2\" content=\"9 dakika\" \/>\n<script type=\"application\/ld+json\" class=\"yoast-schema-graph\">{\"@context\":\"https:\\\/\\\/schema.org\",\"@graph\":[{\"@type\":\"Article\",\"@id\":\"https:\\\/\\\/kibrisdakik.com\\\/?p=43241#article\",\"isPartOf\":{\"@id\":\"https:\\\/\\\/kibrisdakik.com\\\/?p=43241\"},\"author\":{\"name\":\"admin\",\"@id\":\"https:\\\/\\\/kibrisdakik.com\\\/#\\\/schema\\\/person\\\/9cd9d437bbb44f72b73ba127e06d8e79\"},\"headline\":\"Tatar Sydney\u2019de, TC B\u00fcy\u00fckel\u00e7isi Gezer taraf\u0131ndan onuruna verilen resepsiyona kat\u0131ld\u0131\",\"datePublished\":\"2024-05-25T18:48:00+00:00\",\"mainEntityOfPage\":{\"@id\":\"https:\\\/\\\/kibrisdakik.com\\\/?p=43241\"},\"wordCount\":1846,\"commentCount\":0,\"image\":{\"@id\":\"https:\\\/\\\/kibrisdakik.com\\\/?p=43241#primaryimage\"},\"thumbnailUrl\":\"https:\\\/\\\/kibrisdakik.com\\\/wp-content\\\/uploads\\\/2024\\\/05\\\/tatar-sydneyde-tc-buyukelcisi-gezer-tarafindan-onuruna-verilen-resepsiyona-katildi-1716660743.webp.webp\",\"articleSection\":[\"Spor\"],\"inLanguage\":\"tr\",\"potentialAction\":[{\"@type\":\"CommentAction\",\"name\":\"Comment\",\"target\":[\"https:\\\/\\\/kibrisdakik.com\\\/?p=43241#respond\"]}]},{\"@type\":\"WebPage\",\"@id\":\"https:\\\/\\\/kibrisdakik.com\\\/?p=43241\",\"url\":\"https:\\\/\\\/kibrisdakik.com\\\/?p=43241\",\"name\":\"Tatar Sydney\u2019de, TC B\u00fcy\u00fckel\u00e7isi Gezer taraf\u0131ndan onuruna verilen resepsiyona kat\u0131ld\u0131 -\",\"isPartOf\":{\"@id\":\"https:\\\/\\\/kibrisdakik.com\\\/#website\"},\"primaryImageOfPage\":{\"@id\":\"https:\\\/\\\/kibrisdakik.com\\\/?p=43241#primaryimage\"},\"image\":{\"@id\":\"https:\\\/\\\/kibrisdakik.com\\\/?p=43241#primaryimage\"},\"thumbnailUrl\":\"https:\\\/\\\/kibrisdakik.com\\\/wp-content\\\/uploads\\\/2024\\\/05\\\/tatar-sydneyde-tc-buyukelcisi-gezer-tarafindan-onuruna-verilen-resepsiyona-katildi-1716660743.webp.webp\",\"datePublished\":\"2024-05-25T18:48:00+00:00\",\"author\":{\"@id\":\"https:\\\/\\\/kibrisdakik.com\\\/#\\\/schema\\\/person\\\/9cd9d437bbb44f72b73ba127e06d8e79\"},\"breadcrumb\":{\"@id\":\"https:\\\/\\\/kibrisdakik.com\\\/?p=43241#breadcrumb\"},\"inLanguage\":\"tr\",\"potentialAction\":[{\"@type\":\"ReadAction\",\"target\":[\"https:\\\/\\\/kibrisdakik.com\\\/?p=43241\"]}]},{\"@type\":\"ImageObject\",\"inLanguage\":\"tr\",\"@id\":\"https:\\\/\\\/kibrisdakik.com\\\/?p=43241#primaryimage\",\"url\":\"https:\\\/\\\/kibrisdakik.com\\\/wp-content\\\/uploads\\\/2024\\\/05\\\/tatar-sydneyde-tc-buyukelcisi-gezer-tarafindan-onuruna-verilen-resepsiyona-katildi-1716660743.webp.webp\",\"contentUrl\":\"https:\\\/\\\/kibrisdakik.com\\\/wp-content\\\/uploads\\\/2024\\\/05\\\/tatar-sydneyde-tc-buyukelcisi-gezer-tarafindan-onuruna-verilen-resepsiyona-katildi-1716660743.webp.webp\",\"width\":710,\"height\":370},{\"@type\":\"BreadcrumbList\",\"@id\":\"https:\\\/\\\/kibrisdakik.com\\\/?p=43241#breadcrumb\",\"itemListElement\":[{\"@type\":\"ListItem\",\"position\":1,\"name\":\"Home\",\"item\":\"https:\\\/\\\/kibrisdakik.com\\\/\"},{\"@type\":\"ListItem\",\"position\":2,\"name\":\"Tatar Sydney\u2019de, TC B\u00fcy\u00fckel\u00e7isi Gezer taraf\u0131ndan onuruna verilen resepsiyona kat\u0131ld\u0131\"}]},{\"@type\":\"WebSite\",\"@id\":\"https:\\\/\\\/kibrisdakik.com\\\/#website\",\"url\":\"https:\\\/\\\/kibrisdakik.com\\\/\",\"name\":\"\",\"description\":\"Tam vaktinde haber\",\"potentialAction\":[{\"@type\":\"SearchAction\",\"target\":{\"@type\":\"EntryPoint\",\"urlTemplate\":\"https:\\\/\\\/kibrisdakik.com\\\/?s={search_term_string}\"},\"query-input\":{\"@type\":\"PropertyValueSpecification\",\"valueRequired\":true,\"valueName\":\"search_term_string\"}}],\"inLanguage\":\"tr\"},{\"@type\":\"Person\",\"@id\":\"https:\\\/\\\/kibrisdakik.com\\\/#\\\/schema\\\/person\\\/9cd9d437bbb44f72b73ba127e06d8e79\",\"name\":\"admin\",\"image\":{\"@type\":\"ImageObject\",\"inLanguage\":\"tr\",\"@id\":\"https:\\\/\\\/secure.gravatar.com\\\/avatar\\\/ccc17943b9d660506c869530f897617f7cb1c21a4bf30023f252596d83e1f007?s=96&d=mm&r=g\",\"url\":\"https:\\\/\\\/secure.gravatar.com\\\/avatar\\\/ccc17943b9d660506c869530f897617f7cb1c21a4bf30023f252596d83e1f007?s=96&d=mm&r=g\",\"contentUrl\":\"https:\\\/\\\/secure.gravatar.com\\\/avatar\\\/ccc17943b9d660506c869530f897617f7cb1c21a4bf30023f252596d83e1f007?s=96&d=mm&r=g\",\"caption\":\"admin\"},\"sameAs\":[\"https:\\\/\\\/kibrisdakik.com\"],\"url\":\"https:\\\/\\\/kibrisdakik.com\\\/?author=1\"}]}<\/script>\n<!-- \/ Yoast SEO plugin. -->","yoast_head_json":{"title":"Tatar Sydney\u2019de, TC B\u00fcy\u00fckel\u00e7isi Gezer taraf\u0131ndan onuruna verilen resepsiyona kat\u0131ld\u0131 -","robots":{"index":"index","follow":"follow","max-snippet":"max-snippet:-1","max-image-preview":"max-image-preview:large","max-video-preview":"max-video-preview:-1"},"canonical":"https:\/\/kibrisdakik.com\/?p=43241","og_locale":"tr_TR","og_type":"article","og_title":"Tatar Sydney\u2019de, TC B\u00fcy\u00fckel\u00e7isi Gezer taraf\u0131ndan onuruna verilen resepsiyona kat\u0131ld\u0131 -","og_description":"T\u00fcrkiye Cumhuriyeti Konsoloslu\u011fu Rezidans\u0131nda yer a\u015fan resepsiyona, Sydney T\u00fcrk ve K\u0131br\u0131s T\u00fcrklerinin \u00f6nde gelen isimleri de kat\u0131ld\u0131. Cumhurba\u015fkanl\u0131\u011f\u0131&#8217;ndan yap\u0131lan a\u00e7\u0131klamaya g\u00f6re, resepsiyonda konu\u015fan Cumhurba\u015fkan\u0131 Tatar, resepsiyona ev sahipli\u011fi yapan B\u00fcy\u00fckel\u00e7i Ufuk Gezer ile b\u00fcy\u00fckel\u00e7ilik ve konsolosluk \u00e7al\u0131\u015fanlar\u0131na te\u015fekk\u00fcrlerini iletti. K\u0131br\u0131s T\u00fcrk k\u00fclt\u00fcr ve geleneklerinin \u00fclkedeki 80&#8217;inci y\u0131l kutlamalar\u0131na kat\u0131lmak \u00fczere K\u0131br\u0131s T\u00fcrk sivil kurulu\u015flar\u0131 taraf\u0131ndan","og_url":"https:\/\/kibrisdakik.com\/?p=43241","article_published_time":"2024-05-25T18:48:00+00:00","og_image":[{"width":710,"height":370,"url":"https:\/\/kibrisdakik.com\/wp-content\/uploads\/2024\/05\/tatar-sydneyde-tc-buyukelcisi-gezer-tarafindan-onuruna-verilen-resepsiyona-katildi-1716660743.webp.webp","type":"image\/webp"}],"author":"admin","twitter_card":"summary_large_image","twitter_misc":{"Yazan:":"admin","Tahmini okuma s\u00fcresi":"9 dakika"},"schema":{"@context":"https:\/\/schema.org","@graph":[{"@type":"Article","@id":"https:\/\/kibrisdakik.com\/?p=43241#article","isPartOf":{"@id":"https:\/\/kibrisdakik.com\/?p=43241"},"author":{"name":"admin","@id":"https:\/\/kibrisdakik.com\/#\/schema\/person\/9cd9d437bbb44f72b73ba127e06d8e79"},"headline":"Tatar Sydney\u2019de, TC B\u00fcy\u00fckel\u00e7isi Gezer taraf\u0131ndan onuruna verilen resepsiyona kat\u0131ld\u0131","datePublished":"2024-05-25T18:48:00+00:00","mainEntityOfPage":{"@id":"https:\/\/kibrisdakik.com\/?p=43241"},"wordCount":1846,"commentCount":0,"image":{"@id":"https:\/\/kibrisdakik.com\/?p=43241#primaryimage"},"thumbnailUrl":"https:\/\/kibrisdakik.com\/wp-content\/uploads\/2024\/05\/tatar-sydneyde-tc-buyukelcisi-gezer-tarafindan-onuruna-verilen-resepsiyona-katildi-1716660743.webp.webp","articleSection":["Spor"],"inLanguage":"tr","potentialAction":[{"@type":"CommentAction","name":"Comment","target":["https:\/\/kibrisdakik.com\/?p=43241#respond"]}]},{"@type":"WebPage","@id":"https:\/\/kibrisdakik.com\/?p=43241","url":"https:\/\/kibrisdakik.com\/?p=43241","name":"Tatar Sydney\u2019de, TC B\u00fcy\u00fckel\u00e7isi Gezer taraf\u0131ndan onuruna verilen resepsiyona kat\u0131ld\u0131 -","isPartOf":{"@id":"https:\/\/kibrisdakik.com\/#website"},"primaryImageOfPage":{"@id":"https:\/\/kibrisdakik.com\/?p=43241#primaryimage"},"image":{"@id":"https:\/\/kibrisdakik.com\/?p=43241#primaryimage"},"thumbnailUrl":"https:\/\/kibrisdakik.com\/wp-content\/uploads\/2024\/05\/tatar-sydneyde-tc-buyukelcisi-gezer-tarafindan-onuruna-verilen-resepsiyona-katildi-1716660743.webp.webp","datePublished":"2024-05-25T18:48:00+00:00","author":{"@id":"https:\/\/kibrisdakik.com\/#\/schema\/person\/9cd9d437bbb44f72b73ba127e06d8e79"},"breadcrumb":{"@id":"https:\/\/kibrisdakik.com\/?p=43241#breadcrumb"},"inLanguage":"tr","potentialAction":[{"@type":"ReadAction","target":["https:\/\/kibrisdakik.com\/?p=43241"]}]},{"@type":"ImageObject","inLanguage":"tr","@id":"https:\/\/kibrisdakik.com\/?p=43241#primaryimage","url":"https:\/\/kibrisdakik.com\/wp-content\/uploads\/2024\/05\/tatar-sydneyde-tc-buyukelcisi-gezer-tarafindan-onuruna-verilen-resepsiyona-katildi-1716660743.webp.webp","contentUrl":"https:\/\/kibrisdakik.com\/wp-content\/uploads\/2024\/05\/tatar-sydneyde-tc-buyukelcisi-gezer-tarafindan-onuruna-verilen-resepsiyona-katildi-1716660743.webp.webp","width":710,"height":370},{"@type":"BreadcrumbList","@id":"https:\/\/kibrisdakik.com\/?p=43241#breadcrumb","itemListElement":[{"@type":"ListItem","position":1,"name":"Home","item":"https:\/\/kibrisdakik.com\/"},{"@type":"ListItem","position":2,"name":"Tatar Sydney\u2019de, TC B\u00fcy\u00fckel\u00e7isi Gezer taraf\u0131ndan onuruna verilen resepsiyona kat\u0131ld\u0131"}]},{"@type":"WebSite","@id":"https:\/\/kibrisdakik.com\/#website","url":"https:\/\/kibrisdakik.com\/","name":"","description":"Tam vaktinde haber","potentialAction":[{"@type":"SearchAction","target":{"@type":"EntryPoint","urlTemplate":"https:\/\/kibrisdakik.com\/?s={search_term_string}"},"query-input":{"@type":"PropertyValueSpecification","valueRequired":true,"valueName":"search_term_string"}}],"inLanguage":"tr"},{"@type":"Person","@id":"https:\/\/kibrisdakik.com\/#\/schema\/person\/9cd9d437bbb44f72b73ba127e06d8e79","name":"admin","image":{"@type":"ImageObject","inLanguage":"tr","@id":"https:\/\/secure.gravatar.com\/avatar\/ccc17943b9d660506c869530f897617f7cb1c21a4bf30023f252596d83e1f007?s=96&d=mm&r=g","url":"https:\/\/secure.gravatar.com\/avatar\/ccc17943b9d660506c869530f897617f7cb1c21a4bf30023f252596d83e1f007?s=96&d=mm&r=g","contentUrl":"https:\/\/secure.gravatar.com\/avatar\/ccc17943b9d660506c869530f897617f7cb1c21a4bf30023f252596d83e1f007?s=96&d=mm&r=g","caption":"admin"},"sameAs":["https:\/\/kibrisdakik.com"],"url":"https:\/\/kibrisdakik.com\/?author=1"}]}},"_links":{"self":[{"href":"https:\/\/kibrisdakik.com\/index.php?rest_route=\/wp\/v2\/posts\/43241","targetHints":{"allow":["GET"]}}],"collection":[{"href":"https:\/\/kibrisdakik.com\/index.php?rest_route=\/wp\/v2\/posts"}],"about":[{"href":"https:\/\/kibrisdakik.com\/index.php?rest_route=\/wp\/v2\/types\/post"}],"author":[{"embeddable":true,"href":"https:\/\/kibrisdakik.com\/index.php?rest_route=\/wp\/v2\/users\/1"}],"replies":[{"embeddable":true,"href":"https:\/\/kibrisdakik.com\/index.php?rest_route=%2Fwp%2Fv2%2Fcomments&post=43241"}],"version-history":[{"count":0,"href":"https:\/\/kibrisdakik.com\/index.php?rest_route=\/wp\/v2\/posts\/43241\/revisions"}],"wp:featuredmedia":[{"embeddable":true,"href":"https:\/\/kibrisdakik.com\/index.php?rest_route=\/wp\/v2\/media\/43242"}],"wp:attachment":[{"href":"https:\/\/kibrisdakik.com\/index.php?rest_route=%2Fwp%2Fv2%2Fmedia&parent=43241"}],"wp:term":[{"taxonomy":"category","embeddable":true,"href":"https:\/\/kibrisdakik.com\/index.php?rest_route=%2Fwp%2Fv2%2Fcategories&post=43241"},{"taxonomy":"post_tag","embeddable":true,"href":"https:\/\/kibrisdakik.com\/index.php?rest_route=%2Fwp%2Fv2%2Ftags&post=43241"}],"curies":[{"name":"wp","href":"https:\/\/api.w.org\/{rel}","templated":true}]}}