{"id":43336,"date":"2024-05-26T15:08:57","date_gmt":"2024-05-26T15:08:57","guid":{"rendered":"https:\/\/kibrisdakik.com\/index.php\/2024\/05\/26\/basbakan-ustelden-sagduyu-cagrisi\/"},"modified":"2024-05-26T15:08:57","modified_gmt":"2024-05-26T15:08:57","slug":"basbakan-ustelden-sagduyu-cagrisi","status":"publish","type":"post","link":"https:\/\/kibrisdakik.com\/?p=43336","title":{"rendered":"Ba\u015fbakan \u00dcstel&#039;den sa\u011fduyu \u00e7a\u011fr\u0131s\u0131"},"content":{"rendered":"<p><img decoding=\"async\" src=\"https:\/\/www.kibristurk.com\/images\/haberler\/2024\/05\/basbakan-ustelden-sagduyu-cagrisi-1716735069.webp\" \/><\/p>\n<p><span style=\"font-size:12pt\"><span style=\"font-family:Calibri,sans-serif\">&#8220;Z\u00fcmresel ve sekt\u00f6rel \u00e7\u0131karlar, asla toplumsal \u00e7\u0131karlar\u0131n \u00f6n\u00fcnde olamaz&#8221; diye \u00dcstel &#8220;Biz s\u00f6z\u00fcm\u00fczde durduk, ancak muhataplar\u0131m\u0131z durmad\u0131.. \u00dcreticimize enflasyonun \u00fczerinde destekler verdik&#8221; ifadelerini kulland\u0131.<\/span><\/span><\/p>\n<p>&nbsp;<\/p>\n<p><span style=\"font-size:12pt\"><span style=\"font-family:Calibri,sans-serif\">&nbsp;<\/span><\/span><\/p>\n<p>&nbsp;<\/p>\n<p><span style=\"font-size:12pt\"><span style=\"font-family:Calibri,sans-serif\">Ba\u015fbakan \u00dcnal \u00dcstel a\u00e7\u0131klamas\u0131nda \u015funlar\u0131 ifade etti:<\/span><\/span><\/p>\n<p>&nbsp;<\/p>\n<p><span style=\"font-size:12pt\"><span style=\"font-family:Calibri,sans-serif\">&nbsp;<\/span><\/span><\/p>\n<p>&nbsp;<\/p>\n<p><span style=\"font-size:12pt\"><span style=\"font-family:Calibri,sans-serif\">&#8220;KKTC\u2019de siyasi partiler dahil, ki\u015fisel veya kurumsal olarak, a\u00e7\u0131klama yapan, g\u00f6r\u00fc\u015f ortaya koyan herkes, stat\u00fckodan \u015fikayet edip, mevcut durumun s\u00fcrd\u00fcr\u00fclebilir olmad\u0131\u011f\u0131n\u0131 ifade etmektedir.<\/span><\/span><\/p>\n<p>&nbsp;<\/p>\n<p>&nbsp;<\/p>\n<p>&nbsp;<\/p>\n<p><span style=\"font-size:12pt\"><span style=\"font-family:Calibri,sans-serif\">&nbsp;Bir yandan bu ele\u015ftiriler yap\u0131l\u0131rken, \u00f6te yandan, stat\u00fckoya ve s\u00fcrd\u00fcr\u00fclebilir olmayan uygulamalara, yap\u0131c\u0131 d\u00fc\u015f\u00fcnceyle m\u00fcdahale edildi\u011fi zaman ne yaz\u0131k ki yer yerinden oynat\u0131lmaktad\u0131r.<\/span><\/span><\/p>\n<p>&nbsp;<\/p>\n<p>&nbsp;<\/p>\n<p>&nbsp;<\/p>\n<p><span style=\"font-size:12pt\"><span style=\"font-family:Calibri,sans-serif\">Her sekt\u00f6r ya da her z\u00fcmrenin \u00f6ncelikle kendi \u00e7\u0131karlar\u0131n\u0131 savunmas\u0131 do\u011fald\u0131r. <\/span><\/span><\/p>\n<p>&nbsp;<\/p>\n<p>&nbsp;<\/p>\n<p>&nbsp;<\/p>\n<p><span style=\"font-size:12pt\"><span style=\"font-family:Calibri,sans-serif\">Ancak herkesin, z\u00fcmresel ve sekt\u00f6rel \u00e7\u0131karlar\u0131n, toplumsal \u00e7\u0131karlardan \u00f6nde olamayaca\u011f\u0131n\u0131 da bilmesi ve ona g\u00f6re hareket etmesi gerekmektedir.<\/span><\/span><\/p>\n<p>&nbsp;<\/p>\n<p>&nbsp;<\/p>\n<p>&nbsp;<\/p>\n<p><span style=\"font-size:12pt\"><span style=\"font-family:Calibri,sans-serif\">Ba\u015fbakan oldu\u011fum ilk g\u00fcnden bu yana,&nbsp; her zaman verimli diyalogdan yana oldum. UBP &#8211; DP &#8211; YDP koalisyon h\u00fck\u00fcmeti de bir b\u00fct\u00fcn olarak bu politik tutumu izlemi\u015ftir. <\/span><\/span><\/p>\n<p>&nbsp;<\/p>\n<p>&nbsp;<\/p>\n<p>&nbsp;<\/p>\n<p><span style=\"font-size:12pt\"><span style=\"font-family:Calibri,sans-serif\">Hayvanc\u0131lar ve kasaplarla da bu anlay\u0131\u015fla g\u00f6r\u00fc\u015fmeler yapt\u0131k. En ba\u015fta ortak uzla\u015f\u0131 metni&nbsp; imzalad\u0131k.&nbsp; Biz s\u00f6z\u00fcm\u00fczde durduk, ancak muhataplar\u0131m\u0131z durmad\u0131.<\/span><\/span><\/p>\n<p>&nbsp;<\/p>\n<p>&nbsp;<\/p>\n<p>&nbsp;<\/p>\n<p><span style=\"font-size:12pt\"><span style=\"font-family:Calibri,sans-serif\">Et fiyatlar\u0131nda bizim i\u00e7in en \u00f6nemli kriter,&nbsp; \u00f6zellikle d\u00fc\u015f\u00fck gelir grubundaki vatanda\u015flar\u0131m\u0131z\u0131n, halk\u0131m\u0131z\u0131n evine gailesiz et g\u00f6t\u00fcrebilmesi, sa\u011fl\u0131kl\u0131 ve ucuz eti kasab\u0131nda bulabilmesidir.<\/span><\/span><\/p>\n<p>&nbsp;<\/p>\n<p>&nbsp;<\/p>\n<p>&nbsp;<\/p>\n<p><span style=\"font-size:12pt\"><span style=\"font-family:Calibri,sans-serif\">Diyalogdan ka\u00e7t\u0131\u011f\u0131m\u0131z yok.. Ancak diyalog, kimseye empoze etme f\u0131rsat\u0131 olarak de\u011ferlendirilemez.<\/span><\/span><\/p>\n<p>&nbsp;<\/p>\n<p>&nbsp;<\/p>\n<p>&nbsp;<\/p>\n<p><span style=\"font-size:12pt\"><span style=\"font-family:Calibri,sans-serif\">H\u00fck\u00fcmete geldi\u011fimiz g\u00fcnden beri, \u00fcreticilerimize tarihte g\u00f6r\u00fclmemi\u015f, enflasyonun da \u00fczerinde destekler, krediler ve hibeler&nbsp; verdik. \u00dcreticimize asla diyalog yolunu kapatmad\u0131k.<\/span><\/span><\/p>\n<p>&nbsp;<\/p>\n<p>&nbsp;<\/p>\n<p>&nbsp;<\/p>\n<p><span style=\"font-size:12pt\"><span style=\"font-family:Calibri,sans-serif\">Ancak m\u00fczakere masas\u0131nda halk\u0131n temsilcilerinin olmamas\u0131, halk\u0131 d\u00fc\u015f\u00fcnmemeye neden olamaz.<\/span><\/span><\/p>\n<p>&nbsp;<\/p>\n<p>&nbsp;<\/p>\n<p>&nbsp;<\/p>\n<p><span style=\"font-size:12pt\"><span style=\"font-family:Calibri,sans-serif\">G\u00fcney&#8217;de alt\u0131 farkl\u0131 \u00fclkeden et ithal edilmektedir. Yan\u0131 ba\u015f\u0131m\u0131zda G\u00fcney K\u0131br\u0131s&#8217;ta her gelir grubundan insan diledi\u011fi fiyata ete ula\u015fabilmektedir. <\/span><\/span><\/p>\n<p>&nbsp;<\/p>\n<p>&nbsp;<\/p>\n<p>&nbsp;<\/p>\n<p><span style=\"font-size:12pt\"><span style=\"font-family:Calibri,sans-serif\">KKTC&#8217;de de, uzun y\u0131llard\u0131r, farkl\u0131 isimlendirmelerle \u00f6zellikli et ithaline izin verilmektedir. <\/span><\/span><\/p>\n<p>&nbsp;<\/p>\n<p>&nbsp;<\/p>\n<p>&nbsp;<\/p>\n<p><span style=\"font-size:12pt\"><span style=\"font-family:Calibri,sans-serif\">On y\u0131la yak\u0131nd\u0131r devam eden uygulamaya hi\u00e7 bir tepki vermeyenler, s\u0131ra dar gelirli vatanda\u015f\u0131m\u0131z i\u00e7in sa\u011fl\u0131kl\u0131 ve ucuz et ithaline gelince k\u0131yameti koparm\u0131\u015ft\u0131r.<\/span><\/span><\/p>\n<p>&nbsp;<\/p>\n<p>&nbsp;<\/p>\n<p>&nbsp;<\/p>\n<p><span style=\"font-size:12pt\"><span style=\"font-family:Calibri,sans-serif\">Halk\u0131m\u0131z bu ger\u00e7e\u011fi g\u00f6rd\u00fc\u011f\u00fc i\u00e7in eylemlere destek vermiyor.<\/span><\/span><\/p>\n<p>&nbsp;<\/p>\n<p>&nbsp;<\/p>\n<p>&nbsp;<\/p>\n<p><span style=\"font-size:12pt\"><span style=\"font-family:Calibri,sans-serif\">KKTC bir hukuk devletidir. Hak aray\u0131\u015f\u0131 ortam\u0131, yasalar\u0131n ve hukukun ayaklar alt\u0131na al\u0131nmas\u0131 ortam\u0131 de\u011fildir.<\/span><\/span><\/p>\n<p>&nbsp;<\/p>\n<p>&nbsp;<\/p>\n<p>&nbsp;<\/p>\n<p><span style=\"font-size:12pt\"><span style=\"font-family:Calibri,sans-serif\">&nbsp;Hak arayan herkes ve her \u00f6rg\u00fct bunun bilinci ve sorumlulu\u011fuyla hareket etmelidir. H\u00fck\u00fcmete meydan okurken, hukukun \u00fcst\u00fcnl\u00fc\u011f\u00fcne meydan okundu\u011fu da bilinmelidir.<\/span><\/span><\/p>\n<p>&nbsp;<\/p>\n<p>&nbsp;<\/p>\n<p>&nbsp;<\/p>\n<p><span style=\"font-size:12pt\"><span style=\"font-family:Calibri,sans-serif\">&#8216;H\u00fck\u00fcmet geri ad\u0131m atm\u0131yor&#8217; diyenler var. Evet bizler halk\u0131n sa\u011fl\u0131kl\u0131 ve ucuz et alma kararl\u0131l\u0131\u011f\u0131m\u0131zdan&nbsp; bir s\u00fcre geri ad\u0131m atmayaca\u011f\u0131z.<\/span><\/span><\/p>\n<p>&nbsp;<\/p>\n<p>&nbsp;<\/p>\n<p>&nbsp;<\/p>\n<p><span style=\"font-size:12pt\"><span style=\"font-family:Calibri,sans-serif\">Gelinen bu a\u015famada, herkesi bir kez daha sa\u011fduyu ile hareket etmeye davet ediyorum.<\/span><\/span><\/p>\n<p>&nbsp;<\/p>\n<p>&nbsp;<\/p>\n<p>&nbsp;<\/p>\n<p><span style=\"font-size:12pt\"><span style=\"font-family:Calibri,sans-serif\">Kimsenin toplumsal huzur ve bar\u0131\u015f ortam\u0131n\u0131 bozmaya&nbsp; hakk\u0131 yoktur.\u201d<\/span><\/span><\/p>\n","protected":false},"excerpt":{"rendered":"<p>&#8220;Z\u00fcmresel ve sekt\u00f6rel \u00e7\u0131karlar, asla toplumsal \u00e7\u0131karlar\u0131n \u00f6n\u00fcnde olamaz&#8221; diye \u00dcstel &#8220;Biz s\u00f6z\u00fcm\u00fczde durduk, ancak muhataplar\u0131m\u0131z durmad\u0131.. \u00dcreticimize enflasyonun \u00fczerinde destekler verdik&#8221; ifadelerini kulland\u0131. &nbsp; &nbsp; &nbsp; Ba\u015fbakan \u00dcnal \u00dcstel a\u00e7\u0131klamas\u0131nda \u015funlar\u0131 ifade etti: &nbsp; &nbsp; &nbsp; &#8220;KKTC\u2019de siyasi partiler dahil, ki\u015fisel veya kurumsal olarak, a\u00e7\u0131klama yapan, g\u00f6r\u00fc\u015f ortaya koyan herkes, stat\u00fckodan \u015fikayet edip, mevcut<\/p>\n","protected":false},"author":1,"featured_media":43337,"comment_status":"open","ping_status":"open","sticky":false,"template":"","format":"standard","meta":{"footnotes":""},"categories":[85],"tags":[],"class_list":["post-43336","post","type-post","status-publish","format-standard","has-post-thumbnail","hentry","category-spor"],"yoast_head":"<!-- This site is optimized with the Yoast SEO plugin v27.5 - https:\/\/yoast.com\/product\/yoast-seo-wordpress\/ -->\n<title>Ba\u015fbakan \u00dcstel&#039;den sa\u011fduyu \u00e7a\u011fr\u0131s\u0131 -<\/title>\n<meta name=\"robots\" content=\"index, follow, max-snippet:-1, max-image-preview:large, max-video-preview:-1\" \/>\n<link rel=\"canonical\" href=\"https:\/\/kibrisdakik.com\/?p=43336\" \/>\n<meta property=\"og:locale\" content=\"tr_TR\" \/>\n<meta property=\"og:type\" content=\"article\" \/>\n<meta property=\"og:title\" content=\"Ba\u015fbakan \u00dcstel&#039;den sa\u011fduyu \u00e7a\u011fr\u0131s\u0131 -\" \/>\n<meta property=\"og:description\" content=\"&#8220;Z\u00fcmresel ve sekt\u00f6rel \u00e7\u0131karlar, asla toplumsal \u00e7\u0131karlar\u0131n \u00f6n\u00fcnde olamaz&#8221; diye \u00dcstel &#8220;Biz s\u00f6z\u00fcm\u00fczde durduk, ancak muhataplar\u0131m\u0131z durmad\u0131.. \u00dcreticimize enflasyonun \u00fczerinde destekler verdik&#8221; ifadelerini kulland\u0131. &nbsp; &nbsp; &nbsp; Ba\u015fbakan \u00dcnal \u00dcstel a\u00e7\u0131klamas\u0131nda \u015funlar\u0131 ifade etti: &nbsp; &nbsp; &nbsp; &#8220;KKTC\u2019de siyasi partiler dahil, ki\u015fisel veya kurumsal olarak, a\u00e7\u0131klama yapan, g\u00f6r\u00fc\u015f ortaya koyan herkes, stat\u00fckodan \u015fikayet edip, mevcut\" \/>\n<meta property=\"og:url\" content=\"https:\/\/kibrisdakik.com\/?p=43336\" \/>\n<meta property=\"article:published_time\" content=\"2024-05-26T15:08:57+00:00\" \/>\n<meta property=\"og:image\" content=\"https:\/\/kibrisdakik.com\/wp-content\/uploads\/2024\/05\/basbakan-ustelden-sagduyu-cagrisi-1716735069.webp.webp\" \/>\n\t<meta property=\"og:image:width\" content=\"710\" \/>\n\t<meta property=\"og:image:height\" content=\"370\" \/>\n\t<meta property=\"og:image:type\" content=\"image\/webp\" \/>\n<meta name=\"author\" content=\"admin\" \/>\n<meta name=\"twitter:card\" content=\"summary_large_image\" \/>\n<meta name=\"twitter:label1\" content=\"Yazan:\" \/>\n\t<meta name=\"twitter:data1\" content=\"admin\" \/>\n\t<meta name=\"twitter:label2\" content=\"Tahmini okuma s\u00fcresi\" \/>\n\t<meta name=\"twitter:data2\" content=\"3 dakika\" \/>\n<script type=\"application\/ld+json\" class=\"yoast-schema-graph\">{\"@context\":\"https:\\\/\\\/schema.org\",\"@graph\":[{\"@type\":\"Article\",\"@id\":\"https:\\\/\\\/kibrisdakik.com\\\/?p=43336#article\",\"isPartOf\":{\"@id\":\"https:\\\/\\\/kibrisdakik.com\\\/?p=43336\"},\"author\":{\"name\":\"admin\",\"@id\":\"https:\\\/\\\/kibrisdakik.com\\\/#\\\/schema\\\/person\\\/9cd9d437bbb44f72b73ba127e06d8e79\"},\"headline\":\"Ba\u015fbakan \u00dcstel&#039;den sa\u011fduyu \u00e7a\u011fr\u0131s\u0131\",\"datePublished\":\"2024-05-26T15:08:57+00:00\",\"mainEntityOfPage\":{\"@id\":\"https:\\\/\\\/kibrisdakik.com\\\/?p=43336\"},\"wordCount\":585,\"commentCount\":0,\"image\":{\"@id\":\"https:\\\/\\\/kibrisdakik.com\\\/?p=43336#primaryimage\"},\"thumbnailUrl\":\"https:\\\/\\\/kibrisdakik.com\\\/wp-content\\\/uploads\\\/2024\\\/05\\\/basbakan-ustelden-sagduyu-cagrisi-1716735069.webp.webp\",\"articleSection\":[\"Spor\"],\"inLanguage\":\"tr\",\"potentialAction\":[{\"@type\":\"CommentAction\",\"name\":\"Comment\",\"target\":[\"https:\\\/\\\/kibrisdakik.com\\\/?p=43336#respond\"]}]},{\"@type\":\"WebPage\",\"@id\":\"https:\\\/\\\/kibrisdakik.com\\\/?p=43336\",\"url\":\"https:\\\/\\\/kibrisdakik.com\\\/?p=43336\",\"name\":\"Ba\u015fbakan \u00dcstel&#039;den sa\u011fduyu \u00e7a\u011fr\u0131s\u0131 -\",\"isPartOf\":{\"@id\":\"https:\\\/\\\/kibrisdakik.com\\\/#website\"},\"primaryImageOfPage\":{\"@id\":\"https:\\\/\\\/kibrisdakik.com\\\/?p=43336#primaryimage\"},\"image\":{\"@id\":\"https:\\\/\\\/kibrisdakik.com\\\/?p=43336#primaryimage\"},\"thumbnailUrl\":\"https:\\\/\\\/kibrisdakik.com\\\/wp-content\\\/uploads\\\/2024\\\/05\\\/basbakan-ustelden-sagduyu-cagrisi-1716735069.webp.webp\",\"datePublished\":\"2024-05-26T15:08:57+00:00\",\"author\":{\"@id\":\"https:\\\/\\\/kibrisdakik.com\\\/#\\\/schema\\\/person\\\/9cd9d437bbb44f72b73ba127e06d8e79\"},\"breadcrumb\":{\"@id\":\"https:\\\/\\\/kibrisdakik.com\\\/?p=43336#breadcrumb\"},\"inLanguage\":\"tr\",\"potentialAction\":[{\"@type\":\"ReadAction\",\"target\":[\"https:\\\/\\\/kibrisdakik.com\\\/?p=43336\"]}]},{\"@type\":\"ImageObject\",\"inLanguage\":\"tr\",\"@id\":\"https:\\\/\\\/kibrisdakik.com\\\/?p=43336#primaryimage\",\"url\":\"https:\\\/\\\/kibrisdakik.com\\\/wp-content\\\/uploads\\\/2024\\\/05\\\/basbakan-ustelden-sagduyu-cagrisi-1716735069.webp.webp\",\"contentUrl\":\"https:\\\/\\\/kibrisdakik.com\\\/wp-content\\\/uploads\\\/2024\\\/05\\\/basbakan-ustelden-sagduyu-cagrisi-1716735069.webp.webp\",\"width\":710,\"height\":370},{\"@type\":\"BreadcrumbList\",\"@id\":\"https:\\\/\\\/kibrisdakik.com\\\/?p=43336#breadcrumb\",\"itemListElement\":[{\"@type\":\"ListItem\",\"position\":1,\"name\":\"Home\",\"item\":\"https:\\\/\\\/kibrisdakik.com\\\/\"},{\"@type\":\"ListItem\",\"position\":2,\"name\":\"Ba\u015fbakan \u00dcstel&#039;den sa\u011fduyu \u00e7a\u011fr\u0131s\u0131\"}]},{\"@type\":\"WebSite\",\"@id\":\"https:\\\/\\\/kibrisdakik.com\\\/#website\",\"url\":\"https:\\\/\\\/kibrisdakik.com\\\/\",\"name\":\"\",\"description\":\"Tam vaktinde haber\",\"potentialAction\":[{\"@type\":\"SearchAction\",\"target\":{\"@type\":\"EntryPoint\",\"urlTemplate\":\"https:\\\/\\\/kibrisdakik.com\\\/?s={search_term_string}\"},\"query-input\":{\"@type\":\"PropertyValueSpecification\",\"valueRequired\":true,\"valueName\":\"search_term_string\"}}],\"inLanguage\":\"tr\"},{\"@type\":\"Person\",\"@id\":\"https:\\\/\\\/kibrisdakik.com\\\/#\\\/schema\\\/person\\\/9cd9d437bbb44f72b73ba127e06d8e79\",\"name\":\"admin\",\"image\":{\"@type\":\"ImageObject\",\"inLanguage\":\"tr\",\"@id\":\"https:\\\/\\\/secure.gravatar.com\\\/avatar\\\/ccc17943b9d660506c869530f897617f7cb1c21a4bf30023f252596d83e1f007?s=96&d=mm&r=g\",\"url\":\"https:\\\/\\\/secure.gravatar.com\\\/avatar\\\/ccc17943b9d660506c869530f897617f7cb1c21a4bf30023f252596d83e1f007?s=96&d=mm&r=g\",\"contentUrl\":\"https:\\\/\\\/secure.gravatar.com\\\/avatar\\\/ccc17943b9d660506c869530f897617f7cb1c21a4bf30023f252596d83e1f007?s=96&d=mm&r=g\",\"caption\":\"admin\"},\"sameAs\":[\"https:\\\/\\\/kibrisdakik.com\"],\"url\":\"https:\\\/\\\/kibrisdakik.com\\\/?author=1\"}]}<\/script>\n<!-- \/ Yoast SEO plugin. -->","yoast_head_json":{"title":"Ba\u015fbakan \u00dcstel&#039;den sa\u011fduyu \u00e7a\u011fr\u0131s\u0131 -","robots":{"index":"index","follow":"follow","max-snippet":"max-snippet:-1","max-image-preview":"max-image-preview:large","max-video-preview":"max-video-preview:-1"},"canonical":"https:\/\/kibrisdakik.com\/?p=43336","og_locale":"tr_TR","og_type":"article","og_title":"Ba\u015fbakan \u00dcstel&#039;den sa\u011fduyu \u00e7a\u011fr\u0131s\u0131 -","og_description":"&#8220;Z\u00fcmresel ve sekt\u00f6rel \u00e7\u0131karlar, asla toplumsal \u00e7\u0131karlar\u0131n \u00f6n\u00fcnde olamaz&#8221; diye \u00dcstel &#8220;Biz s\u00f6z\u00fcm\u00fczde durduk, ancak muhataplar\u0131m\u0131z durmad\u0131.. \u00dcreticimize enflasyonun \u00fczerinde destekler verdik&#8221; ifadelerini kulland\u0131. &nbsp; &nbsp; &nbsp; Ba\u015fbakan \u00dcnal \u00dcstel a\u00e7\u0131klamas\u0131nda \u015funlar\u0131 ifade etti: &nbsp; &nbsp; &nbsp; &#8220;KKTC\u2019de siyasi partiler dahil, ki\u015fisel veya kurumsal olarak, a\u00e7\u0131klama yapan, g\u00f6r\u00fc\u015f ortaya koyan herkes, stat\u00fckodan \u015fikayet edip, mevcut","og_url":"https:\/\/kibrisdakik.com\/?p=43336","article_published_time":"2024-05-26T15:08:57+00:00","og_image":[{"width":710,"height":370,"url":"https:\/\/kibrisdakik.com\/wp-content\/uploads\/2024\/05\/basbakan-ustelden-sagduyu-cagrisi-1716735069.webp.webp","type":"image\/webp"}],"author":"admin","twitter_card":"summary_large_image","twitter_misc":{"Yazan:":"admin","Tahmini okuma s\u00fcresi":"3 dakika"},"schema":{"@context":"https:\/\/schema.org","@graph":[{"@type":"Article","@id":"https:\/\/kibrisdakik.com\/?p=43336#article","isPartOf":{"@id":"https:\/\/kibrisdakik.com\/?p=43336"},"author":{"name":"admin","@id":"https:\/\/kibrisdakik.com\/#\/schema\/person\/9cd9d437bbb44f72b73ba127e06d8e79"},"headline":"Ba\u015fbakan \u00dcstel&#039;den sa\u011fduyu \u00e7a\u011fr\u0131s\u0131","datePublished":"2024-05-26T15:08:57+00:00","mainEntityOfPage":{"@id":"https:\/\/kibrisdakik.com\/?p=43336"},"wordCount":585,"commentCount":0,"image":{"@id":"https:\/\/kibrisdakik.com\/?p=43336#primaryimage"},"thumbnailUrl":"https:\/\/kibrisdakik.com\/wp-content\/uploads\/2024\/05\/basbakan-ustelden-sagduyu-cagrisi-1716735069.webp.webp","articleSection":["Spor"],"inLanguage":"tr","potentialAction":[{"@type":"CommentAction","name":"Comment","target":["https:\/\/kibrisdakik.com\/?p=43336#respond"]}]},{"@type":"WebPage","@id":"https:\/\/kibrisdakik.com\/?p=43336","url":"https:\/\/kibrisdakik.com\/?p=43336","name":"Ba\u015fbakan \u00dcstel&#039;den sa\u011fduyu \u00e7a\u011fr\u0131s\u0131 -","isPartOf":{"@id":"https:\/\/kibrisdakik.com\/#website"},"primaryImageOfPage":{"@id":"https:\/\/kibrisdakik.com\/?p=43336#primaryimage"},"image":{"@id":"https:\/\/kibrisdakik.com\/?p=43336#primaryimage"},"thumbnailUrl":"https:\/\/kibrisdakik.com\/wp-content\/uploads\/2024\/05\/basbakan-ustelden-sagduyu-cagrisi-1716735069.webp.webp","datePublished":"2024-05-26T15:08:57+00:00","author":{"@id":"https:\/\/kibrisdakik.com\/#\/schema\/person\/9cd9d437bbb44f72b73ba127e06d8e79"},"breadcrumb":{"@id":"https:\/\/kibrisdakik.com\/?p=43336#breadcrumb"},"inLanguage":"tr","potentialAction":[{"@type":"ReadAction","target":["https:\/\/kibrisdakik.com\/?p=43336"]}]},{"@type":"ImageObject","inLanguage":"tr","@id":"https:\/\/kibrisdakik.com\/?p=43336#primaryimage","url":"https:\/\/kibrisdakik.com\/wp-content\/uploads\/2024\/05\/basbakan-ustelden-sagduyu-cagrisi-1716735069.webp.webp","contentUrl":"https:\/\/kibrisdakik.com\/wp-content\/uploads\/2024\/05\/basbakan-ustelden-sagduyu-cagrisi-1716735069.webp.webp","width":710,"height":370},{"@type":"BreadcrumbList","@id":"https:\/\/kibrisdakik.com\/?p=43336#breadcrumb","itemListElement":[{"@type":"ListItem","position":1,"name":"Home","item":"https:\/\/kibrisdakik.com\/"},{"@type":"ListItem","position":2,"name":"Ba\u015fbakan \u00dcstel&#039;den sa\u011fduyu \u00e7a\u011fr\u0131s\u0131"}]},{"@type":"WebSite","@id":"https:\/\/kibrisdakik.com\/#website","url":"https:\/\/kibrisdakik.com\/","name":"","description":"Tam vaktinde haber","potentialAction":[{"@type":"SearchAction","target":{"@type":"EntryPoint","urlTemplate":"https:\/\/kibrisdakik.com\/?s={search_term_string}"},"query-input":{"@type":"PropertyValueSpecification","valueRequired":true,"valueName":"search_term_string"}}],"inLanguage":"tr"},{"@type":"Person","@id":"https:\/\/kibrisdakik.com\/#\/schema\/person\/9cd9d437bbb44f72b73ba127e06d8e79","name":"admin","image":{"@type":"ImageObject","inLanguage":"tr","@id":"https:\/\/secure.gravatar.com\/avatar\/ccc17943b9d660506c869530f897617f7cb1c21a4bf30023f252596d83e1f007?s=96&d=mm&r=g","url":"https:\/\/secure.gravatar.com\/avatar\/ccc17943b9d660506c869530f897617f7cb1c21a4bf30023f252596d83e1f007?s=96&d=mm&r=g","contentUrl":"https:\/\/secure.gravatar.com\/avatar\/ccc17943b9d660506c869530f897617f7cb1c21a4bf30023f252596d83e1f007?s=96&d=mm&r=g","caption":"admin"},"sameAs":["https:\/\/kibrisdakik.com"],"url":"https:\/\/kibrisdakik.com\/?author=1"}]}},"_links":{"self":[{"href":"https:\/\/kibrisdakik.com\/index.php?rest_route=\/wp\/v2\/posts\/43336","targetHints":{"allow":["GET"]}}],"collection":[{"href":"https:\/\/kibrisdakik.com\/index.php?rest_route=\/wp\/v2\/posts"}],"about":[{"href":"https:\/\/kibrisdakik.com\/index.php?rest_route=\/wp\/v2\/types\/post"}],"author":[{"embeddable":true,"href":"https:\/\/kibrisdakik.com\/index.php?rest_route=\/wp\/v2\/users\/1"}],"replies":[{"embeddable":true,"href":"https:\/\/kibrisdakik.com\/index.php?rest_route=%2Fwp%2Fv2%2Fcomments&post=43336"}],"version-history":[{"count":0,"href":"https:\/\/kibrisdakik.com\/index.php?rest_route=\/wp\/v2\/posts\/43336\/revisions"}],"wp:featuredmedia":[{"embeddable":true,"href":"https:\/\/kibrisdakik.com\/index.php?rest_route=\/wp\/v2\/media\/43337"}],"wp:attachment":[{"href":"https:\/\/kibrisdakik.com\/index.php?rest_route=%2Fwp%2Fv2%2Fmedia&parent=43336"}],"wp:term":[{"taxonomy":"category","embeddable":true,"href":"https:\/\/kibrisdakik.com\/index.php?rest_route=%2Fwp%2Fv2%2Fcategories&post=43336"},{"taxonomy":"post_tag","embeddable":true,"href":"https:\/\/kibrisdakik.com\/index.php?rest_route=%2Fwp%2Fv2%2Ftags&post=43336"}],"curies":[{"name":"wp","href":"https:\/\/api.w.org\/{rel}","templated":true}]}}