{"id":43385,"date":"2024-05-27T08:32:50","date_gmt":"2024-05-27T08:32:50","guid":{"rendered":"https:\/\/kibrisdakik.com\/index.php\/2024\/05\/27\/cumhurbaskani-tatar-sydneydeki-turk-egitim-kurumlarindan-maarif-okullarini-ziyaret-etti\/"},"modified":"2024-05-27T08:32:50","modified_gmt":"2024-05-27T08:32:50","slug":"cumhurbaskani-tatar-sydneydeki-turk-egitim-kurumlarindan-maarif-okullarini-ziyaret-etti","status":"publish","type":"post","link":"https:\/\/kibrisdakik.com\/?p=43385","title":{"rendered":"Cumhurba\u015fkan\u0131 Tatar, Sydney&#039;deki T\u00fcrk e\u011fitim kurumlar\u0131ndan Maarif Okullar\u0131n\u0131 ziyaret etti"},"content":{"rendered":"<p><img decoding=\"async\" src=\"https:\/\/www.kibristurk.com\/images\/haberler\/2024\/05\/cumhurbaskani-tatar-sydneydeki-turk-egitim-kurumlarindan-maarif-okullarini-ziyaret-etti-1716796903.webp\" \/><\/p>\n<p style=\"text-align:left\"><span style=\"font-size:16px\"><span style=\"background-color:#ffffff\"><span style=\"font-family:Merriweather,serif !important\"><span style=\"color:#000000\">Cumhurba\u015fkanl\u0131\u011f\u0131ndan yap\u0131lan yaz\u0131l\u0131 a\u00e7\u0131klamaya g\u00f6re, Cumhurba\u015fkan\u0131 Ersin Tatar&#8217;a, Maarif Okulu \u00f6\u011frencileri halk oyunlar\u0131 ve K\u0131br\u0131s T\u00fcrk\u00fclerinin seslendirildi\u011fi koro i\u00e7erikli bir g\u00f6steri sundu.<\/span><\/span><\/span><\/span><\/p>\n<p style=\"text-align:left\"><span style=\"font-size:16px\"><span style=\"background-color:#ffffff\"><span style=\"font-family:Merriweather,serif !important\"><span style=\"color:#000000\">&nbsp;<\/span><\/span><\/span><\/span><\/p>\n<p style=\"text-align:left\"><span style=\"font-size:16px\"><span style=\"background-color:#ffffff\"><span style=\"font-family:Merriweather,serif !important\"><span style=\"color:#000000\">\u00d6\u011frencilere seslenen ve daha sonra s\u0131n\u0131flar\u0131 de ziyaret eden Cumhurba\u015fkan\u0131 Tatar, T\u00fcrk dilinin \u00f6nemine vurgu yaparak d\u00fcnyan\u0131n 53 \u00fclkesinde y\u00fcksek standartlarla e\u011fitim veren ve bunu T\u00fcrk dili ve k\u00fclt\u00fcr\u00fc ile harmanlayan Maarif Okullar\u0131nda okuman\u0131n bir ayr\u0131cal\u0131k oldu\u011funu ifade etti.<\/span><\/span><\/span><\/span><\/p>\n<p style=\"text-align:left\"><span style=\"font-size:16px\"><span style=\"background-color:#ffffff\"><span style=\"font-family:Merriweather,serif !important\"><span style=\"color:#000000\">&nbsp;<\/span><\/span><\/span><\/span><\/p>\n<p style=\"text-align:left\"><span style=\"font-size:16px\"><span style=\"background-color:#ffffff\"><span style=\"font-family:Merriweather,serif !important\"><span style=\"color:#000000\">T\u00fcrk\u00e7e\u2019nin \u00e7ok geni\u015f bir co\u011frafyada 300 milyonu a\u015fk\u0131n bir n\u00fcfus taraf\u0131ndan kullan\u0131lan \u00f6nemli bir dil oldu\u011funun alt\u0131n\u0131 \u00e7izen Tatar, K\u0131br\u0131s meselesine de de\u011finerek, Kuzey K\u0131br\u0131s T\u00fcrk Cumhuriyeti\u2019nin t\u00fcm T\u00fcrk D\u00fcnyas\u0131 i\u00e7in ne kadar \u00f6nemli oldu\u011funun s\u00f6yledi ve bu davaya sahip \u00e7\u0131kman\u0131n ve gen\u00e7 nesillere aktar\u0131lmas\u0131n\u0131n \u00f6nemine dikkat \u00e7ekti.<\/span><\/span><\/span><\/span><\/p>\n","protected":false},"excerpt":{"rendered":"<p>Cumhurba\u015fkanl\u0131\u011f\u0131ndan yap\u0131lan yaz\u0131l\u0131 a\u00e7\u0131klamaya g\u00f6re, Cumhurba\u015fkan\u0131 Ersin Tatar&#8217;a, Maarif Okulu \u00f6\u011frencileri halk oyunlar\u0131 ve K\u0131br\u0131s T\u00fcrk\u00fclerinin seslendirildi\u011fi koro i\u00e7erikli bir g\u00f6steri sundu. &nbsp; \u00d6\u011frencilere seslenen ve daha sonra s\u0131n\u0131flar\u0131 de ziyaret eden Cumhurba\u015fkan\u0131 Tatar, T\u00fcrk dilinin \u00f6nemine vurgu yaparak d\u00fcnyan\u0131n 53 \u00fclkesinde y\u00fcksek standartlarla e\u011fitim veren ve bunu T\u00fcrk dili ve k\u00fclt\u00fcr\u00fc ile harmanlayan Maarif<\/p>\n","protected":false},"author":1,"featured_media":43386,"comment_status":"open","ping_status":"open","sticky":false,"template":"","format":"standard","meta":{"footnotes":""},"categories":[79],"tags":[],"class_list":["post-43385","post","type-post","status-publish","format-standard","has-post-thumbnail","hentry","category-ekonomi"],"yoast_head":"<!-- This site is optimized with the Yoast SEO plugin v27.4 - https:\/\/yoast.com\/product\/yoast-seo-wordpress\/ -->\n<title>Cumhurba\u015fkan\u0131 Tatar, Sydney&#039;deki T\u00fcrk e\u011fitim kurumlar\u0131ndan Maarif Okullar\u0131n\u0131 ziyaret etti -<\/title>\n<meta name=\"robots\" content=\"index, follow, max-snippet:-1, max-image-preview:large, max-video-preview:-1\" \/>\n<link rel=\"canonical\" href=\"https:\/\/kibrisdakik.com\/?p=43385\" \/>\n<meta property=\"og:locale\" content=\"tr_TR\" \/>\n<meta property=\"og:type\" content=\"article\" \/>\n<meta property=\"og:title\" content=\"Cumhurba\u015fkan\u0131 Tatar, Sydney&#039;deki T\u00fcrk e\u011fitim kurumlar\u0131ndan Maarif Okullar\u0131n\u0131 ziyaret etti -\" \/>\n<meta property=\"og:description\" content=\"Cumhurba\u015fkanl\u0131\u011f\u0131ndan yap\u0131lan yaz\u0131l\u0131 a\u00e7\u0131klamaya g\u00f6re, Cumhurba\u015fkan\u0131 Ersin Tatar&#8217;a, Maarif Okulu \u00f6\u011frencileri halk oyunlar\u0131 ve K\u0131br\u0131s T\u00fcrk\u00fclerinin seslendirildi\u011fi koro i\u00e7erikli bir g\u00f6steri sundu. &nbsp; \u00d6\u011frencilere seslenen ve daha sonra s\u0131n\u0131flar\u0131 de ziyaret eden Cumhurba\u015fkan\u0131 Tatar, T\u00fcrk dilinin \u00f6nemine vurgu yaparak d\u00fcnyan\u0131n 53 \u00fclkesinde y\u00fcksek standartlarla e\u011fitim veren ve bunu T\u00fcrk dili ve k\u00fclt\u00fcr\u00fc ile harmanlayan Maarif\" \/>\n<meta property=\"og:url\" content=\"https:\/\/kibrisdakik.com\/?p=43385\" \/>\n<meta property=\"article:published_time\" content=\"2024-05-27T08:32:50+00:00\" \/>\n<meta property=\"og:image\" content=\"https:\/\/kibrisdakik.com\/wp-content\/uploads\/2024\/05\/cumhurbaskani-tatar-sydneydeki-turk-egitim-kurumlarindan-maarif-okullarini-ziyaret-etti-1716796903.webp.webp\" \/>\n\t<meta property=\"og:image:width\" content=\"710\" \/>\n\t<meta property=\"og:image:height\" content=\"370\" \/>\n\t<meta property=\"og:image:type\" content=\"image\/webp\" \/>\n<meta name=\"author\" content=\"admin\" \/>\n<meta name=\"twitter:card\" content=\"summary_large_image\" \/>\n<meta name=\"twitter:label1\" content=\"Yazan:\" \/>\n\t<meta name=\"twitter:data1\" content=\"admin\" \/>\n\t<meta name=\"twitter:label2\" content=\"Tahmini okuma s\u00fcresi\" \/>\n\t<meta name=\"twitter:data2\" content=\"1 dakika\" \/>\n<script type=\"application\/ld+json\" class=\"yoast-schema-graph\">{\"@context\":\"https:\\\/\\\/schema.org\",\"@graph\":[{\"@type\":\"Article\",\"@id\":\"https:\\\/\\\/kibrisdakik.com\\\/?p=43385#article\",\"isPartOf\":{\"@id\":\"https:\\\/\\\/kibrisdakik.com\\\/?p=43385\"},\"author\":{\"name\":\"admin\",\"@id\":\"https:\\\/\\\/kibrisdakik.com\\\/#\\\/schema\\\/person\\\/9cd9d437bbb44f72b73ba127e06d8e79\"},\"headline\":\"Cumhurba\u015fkan\u0131 Tatar, Sydney&#039;deki T\u00fcrk e\u011fitim kurumlar\u0131ndan Maarif Okullar\u0131n\u0131 ziyaret etti\",\"datePublished\":\"2024-05-27T08:32:50+00:00\",\"mainEntityOfPage\":{\"@id\":\"https:\\\/\\\/kibrisdakik.com\\\/?p=43385\"},\"wordCount\":183,\"commentCount\":0,\"image\":{\"@id\":\"https:\\\/\\\/kibrisdakik.com\\\/?p=43385#primaryimage\"},\"thumbnailUrl\":\"https:\\\/\\\/kibrisdakik.com\\\/wp-content\\\/uploads\\\/2024\\\/05\\\/cumhurbaskani-tatar-sydneydeki-turk-egitim-kurumlarindan-maarif-okullarini-ziyaret-etti-1716796903.webp.webp\",\"articleSection\":[\"Ekonomi\"],\"inLanguage\":\"tr\",\"potentialAction\":[{\"@type\":\"CommentAction\",\"name\":\"Comment\",\"target\":[\"https:\\\/\\\/kibrisdakik.com\\\/?p=43385#respond\"]}]},{\"@type\":\"WebPage\",\"@id\":\"https:\\\/\\\/kibrisdakik.com\\\/?p=43385\",\"url\":\"https:\\\/\\\/kibrisdakik.com\\\/?p=43385\",\"name\":\"Cumhurba\u015fkan\u0131 Tatar, Sydney&#039;deki T\u00fcrk e\u011fitim kurumlar\u0131ndan Maarif Okullar\u0131n\u0131 ziyaret etti -\",\"isPartOf\":{\"@id\":\"https:\\\/\\\/kibrisdakik.com\\\/#website\"},\"primaryImageOfPage\":{\"@id\":\"https:\\\/\\\/kibrisdakik.com\\\/?p=43385#primaryimage\"},\"image\":{\"@id\":\"https:\\\/\\\/kibrisdakik.com\\\/?p=43385#primaryimage\"},\"thumbnailUrl\":\"https:\\\/\\\/kibrisdakik.com\\\/wp-content\\\/uploads\\\/2024\\\/05\\\/cumhurbaskani-tatar-sydneydeki-turk-egitim-kurumlarindan-maarif-okullarini-ziyaret-etti-1716796903.webp.webp\",\"datePublished\":\"2024-05-27T08:32:50+00:00\",\"author\":{\"@id\":\"https:\\\/\\\/kibrisdakik.com\\\/#\\\/schema\\\/person\\\/9cd9d437bbb44f72b73ba127e06d8e79\"},\"breadcrumb\":{\"@id\":\"https:\\\/\\\/kibrisdakik.com\\\/?p=43385#breadcrumb\"},\"inLanguage\":\"tr\",\"potentialAction\":[{\"@type\":\"ReadAction\",\"target\":[\"https:\\\/\\\/kibrisdakik.com\\\/?p=43385\"]}]},{\"@type\":\"ImageObject\",\"inLanguage\":\"tr\",\"@id\":\"https:\\\/\\\/kibrisdakik.com\\\/?p=43385#primaryimage\",\"url\":\"https:\\\/\\\/kibrisdakik.com\\\/wp-content\\\/uploads\\\/2024\\\/05\\\/cumhurbaskani-tatar-sydneydeki-turk-egitim-kurumlarindan-maarif-okullarini-ziyaret-etti-1716796903.webp.webp\",\"contentUrl\":\"https:\\\/\\\/kibrisdakik.com\\\/wp-content\\\/uploads\\\/2024\\\/05\\\/cumhurbaskani-tatar-sydneydeki-turk-egitim-kurumlarindan-maarif-okullarini-ziyaret-etti-1716796903.webp.webp\",\"width\":710,\"height\":370},{\"@type\":\"BreadcrumbList\",\"@id\":\"https:\\\/\\\/kibrisdakik.com\\\/?p=43385#breadcrumb\",\"itemListElement\":[{\"@type\":\"ListItem\",\"position\":1,\"name\":\"Home\",\"item\":\"https:\\\/\\\/kibrisdakik.com\\\/\"},{\"@type\":\"ListItem\",\"position\":2,\"name\":\"Cumhurba\u015fkan\u0131 Tatar, Sydney&#039;deki T\u00fcrk e\u011fitim kurumlar\u0131ndan Maarif Okullar\u0131n\u0131 ziyaret etti\"}]},{\"@type\":\"WebSite\",\"@id\":\"https:\\\/\\\/kibrisdakik.com\\\/#website\",\"url\":\"https:\\\/\\\/kibrisdakik.com\\\/\",\"name\":\"\",\"description\":\"Tam vaktinde haber\",\"potentialAction\":[{\"@type\":\"SearchAction\",\"target\":{\"@type\":\"EntryPoint\",\"urlTemplate\":\"https:\\\/\\\/kibrisdakik.com\\\/?s={search_term_string}\"},\"query-input\":{\"@type\":\"PropertyValueSpecification\",\"valueRequired\":true,\"valueName\":\"search_term_string\"}}],\"inLanguage\":\"tr\"},{\"@type\":\"Person\",\"@id\":\"https:\\\/\\\/kibrisdakik.com\\\/#\\\/schema\\\/person\\\/9cd9d437bbb44f72b73ba127e06d8e79\",\"name\":\"admin\",\"image\":{\"@type\":\"ImageObject\",\"inLanguage\":\"tr\",\"@id\":\"https:\\\/\\\/secure.gravatar.com\\\/avatar\\\/ccc17943b9d660506c869530f897617f7cb1c21a4bf30023f252596d83e1f007?s=96&d=mm&r=g\",\"url\":\"https:\\\/\\\/secure.gravatar.com\\\/avatar\\\/ccc17943b9d660506c869530f897617f7cb1c21a4bf30023f252596d83e1f007?s=96&d=mm&r=g\",\"contentUrl\":\"https:\\\/\\\/secure.gravatar.com\\\/avatar\\\/ccc17943b9d660506c869530f897617f7cb1c21a4bf30023f252596d83e1f007?s=96&d=mm&r=g\",\"caption\":\"admin\"},\"sameAs\":[\"https:\\\/\\\/kibrisdakik.com\"],\"url\":\"https:\\\/\\\/kibrisdakik.com\\\/?author=1\"}]}<\/script>\n<!-- \/ Yoast SEO plugin. -->","yoast_head_json":{"title":"Cumhurba\u015fkan\u0131 Tatar, Sydney&#039;deki T\u00fcrk e\u011fitim kurumlar\u0131ndan Maarif Okullar\u0131n\u0131 ziyaret etti -","robots":{"index":"index","follow":"follow","max-snippet":"max-snippet:-1","max-image-preview":"max-image-preview:large","max-video-preview":"max-video-preview:-1"},"canonical":"https:\/\/kibrisdakik.com\/?p=43385","og_locale":"tr_TR","og_type":"article","og_title":"Cumhurba\u015fkan\u0131 Tatar, Sydney&#039;deki T\u00fcrk e\u011fitim kurumlar\u0131ndan Maarif Okullar\u0131n\u0131 ziyaret etti -","og_description":"Cumhurba\u015fkanl\u0131\u011f\u0131ndan yap\u0131lan yaz\u0131l\u0131 a\u00e7\u0131klamaya g\u00f6re, Cumhurba\u015fkan\u0131 Ersin Tatar&#8217;a, Maarif Okulu \u00f6\u011frencileri halk oyunlar\u0131 ve K\u0131br\u0131s T\u00fcrk\u00fclerinin seslendirildi\u011fi koro i\u00e7erikli bir g\u00f6steri sundu. &nbsp; \u00d6\u011frencilere seslenen ve daha sonra s\u0131n\u0131flar\u0131 de ziyaret eden Cumhurba\u015fkan\u0131 Tatar, T\u00fcrk dilinin \u00f6nemine vurgu yaparak d\u00fcnyan\u0131n 53 \u00fclkesinde y\u00fcksek standartlarla e\u011fitim veren ve bunu T\u00fcrk dili ve k\u00fclt\u00fcr\u00fc ile harmanlayan Maarif","og_url":"https:\/\/kibrisdakik.com\/?p=43385","article_published_time":"2024-05-27T08:32:50+00:00","og_image":[{"width":710,"height":370,"url":"https:\/\/kibrisdakik.com\/wp-content\/uploads\/2024\/05\/cumhurbaskani-tatar-sydneydeki-turk-egitim-kurumlarindan-maarif-okullarini-ziyaret-etti-1716796903.webp.webp","type":"image\/webp"}],"author":"admin","twitter_card":"summary_large_image","twitter_misc":{"Yazan:":"admin","Tahmini okuma s\u00fcresi":"1 dakika"},"schema":{"@context":"https:\/\/schema.org","@graph":[{"@type":"Article","@id":"https:\/\/kibrisdakik.com\/?p=43385#article","isPartOf":{"@id":"https:\/\/kibrisdakik.com\/?p=43385"},"author":{"name":"admin","@id":"https:\/\/kibrisdakik.com\/#\/schema\/person\/9cd9d437bbb44f72b73ba127e06d8e79"},"headline":"Cumhurba\u015fkan\u0131 Tatar, Sydney&#039;deki T\u00fcrk e\u011fitim kurumlar\u0131ndan Maarif Okullar\u0131n\u0131 ziyaret etti","datePublished":"2024-05-27T08:32:50+00:00","mainEntityOfPage":{"@id":"https:\/\/kibrisdakik.com\/?p=43385"},"wordCount":183,"commentCount":0,"image":{"@id":"https:\/\/kibrisdakik.com\/?p=43385#primaryimage"},"thumbnailUrl":"https:\/\/kibrisdakik.com\/wp-content\/uploads\/2024\/05\/cumhurbaskani-tatar-sydneydeki-turk-egitim-kurumlarindan-maarif-okullarini-ziyaret-etti-1716796903.webp.webp","articleSection":["Ekonomi"],"inLanguage":"tr","potentialAction":[{"@type":"CommentAction","name":"Comment","target":["https:\/\/kibrisdakik.com\/?p=43385#respond"]}]},{"@type":"WebPage","@id":"https:\/\/kibrisdakik.com\/?p=43385","url":"https:\/\/kibrisdakik.com\/?p=43385","name":"Cumhurba\u015fkan\u0131 Tatar, Sydney&#039;deki T\u00fcrk e\u011fitim kurumlar\u0131ndan Maarif Okullar\u0131n\u0131 ziyaret etti -","isPartOf":{"@id":"https:\/\/kibrisdakik.com\/#website"},"primaryImageOfPage":{"@id":"https:\/\/kibrisdakik.com\/?p=43385#primaryimage"},"image":{"@id":"https:\/\/kibrisdakik.com\/?p=43385#primaryimage"},"thumbnailUrl":"https:\/\/kibrisdakik.com\/wp-content\/uploads\/2024\/05\/cumhurbaskani-tatar-sydneydeki-turk-egitim-kurumlarindan-maarif-okullarini-ziyaret-etti-1716796903.webp.webp","datePublished":"2024-05-27T08:32:50+00:00","author":{"@id":"https:\/\/kibrisdakik.com\/#\/schema\/person\/9cd9d437bbb44f72b73ba127e06d8e79"},"breadcrumb":{"@id":"https:\/\/kibrisdakik.com\/?p=43385#breadcrumb"},"inLanguage":"tr","potentialAction":[{"@type":"ReadAction","target":["https:\/\/kibrisdakik.com\/?p=43385"]}]},{"@type":"ImageObject","inLanguage":"tr","@id":"https:\/\/kibrisdakik.com\/?p=43385#primaryimage","url":"https:\/\/kibrisdakik.com\/wp-content\/uploads\/2024\/05\/cumhurbaskani-tatar-sydneydeki-turk-egitim-kurumlarindan-maarif-okullarini-ziyaret-etti-1716796903.webp.webp","contentUrl":"https:\/\/kibrisdakik.com\/wp-content\/uploads\/2024\/05\/cumhurbaskani-tatar-sydneydeki-turk-egitim-kurumlarindan-maarif-okullarini-ziyaret-etti-1716796903.webp.webp","width":710,"height":370},{"@type":"BreadcrumbList","@id":"https:\/\/kibrisdakik.com\/?p=43385#breadcrumb","itemListElement":[{"@type":"ListItem","position":1,"name":"Home","item":"https:\/\/kibrisdakik.com\/"},{"@type":"ListItem","position":2,"name":"Cumhurba\u015fkan\u0131 Tatar, Sydney&#039;deki T\u00fcrk e\u011fitim kurumlar\u0131ndan Maarif Okullar\u0131n\u0131 ziyaret etti"}]},{"@type":"WebSite","@id":"https:\/\/kibrisdakik.com\/#website","url":"https:\/\/kibrisdakik.com\/","name":"","description":"Tam vaktinde haber","potentialAction":[{"@type":"SearchAction","target":{"@type":"EntryPoint","urlTemplate":"https:\/\/kibrisdakik.com\/?s={search_term_string}"},"query-input":{"@type":"PropertyValueSpecification","valueRequired":true,"valueName":"search_term_string"}}],"inLanguage":"tr"},{"@type":"Person","@id":"https:\/\/kibrisdakik.com\/#\/schema\/person\/9cd9d437bbb44f72b73ba127e06d8e79","name":"admin","image":{"@type":"ImageObject","inLanguage":"tr","@id":"https:\/\/secure.gravatar.com\/avatar\/ccc17943b9d660506c869530f897617f7cb1c21a4bf30023f252596d83e1f007?s=96&d=mm&r=g","url":"https:\/\/secure.gravatar.com\/avatar\/ccc17943b9d660506c869530f897617f7cb1c21a4bf30023f252596d83e1f007?s=96&d=mm&r=g","contentUrl":"https:\/\/secure.gravatar.com\/avatar\/ccc17943b9d660506c869530f897617f7cb1c21a4bf30023f252596d83e1f007?s=96&d=mm&r=g","caption":"admin"},"sameAs":["https:\/\/kibrisdakik.com"],"url":"https:\/\/kibrisdakik.com\/?author=1"}]}},"_links":{"self":[{"href":"https:\/\/kibrisdakik.com\/index.php?rest_route=\/wp\/v2\/posts\/43385","targetHints":{"allow":["GET"]}}],"collection":[{"href":"https:\/\/kibrisdakik.com\/index.php?rest_route=\/wp\/v2\/posts"}],"about":[{"href":"https:\/\/kibrisdakik.com\/index.php?rest_route=\/wp\/v2\/types\/post"}],"author":[{"embeddable":true,"href":"https:\/\/kibrisdakik.com\/index.php?rest_route=\/wp\/v2\/users\/1"}],"replies":[{"embeddable":true,"href":"https:\/\/kibrisdakik.com\/index.php?rest_route=%2Fwp%2Fv2%2Fcomments&post=43385"}],"version-history":[{"count":0,"href":"https:\/\/kibrisdakik.com\/index.php?rest_route=\/wp\/v2\/posts\/43385\/revisions"}],"wp:featuredmedia":[{"embeddable":true,"href":"https:\/\/kibrisdakik.com\/index.php?rest_route=\/wp\/v2\/media\/43386"}],"wp:attachment":[{"href":"https:\/\/kibrisdakik.com\/index.php?rest_route=%2Fwp%2Fv2%2Fmedia&parent=43385"}],"wp:term":[{"taxonomy":"category","embeddable":true,"href":"https:\/\/kibrisdakik.com\/index.php?rest_route=%2Fwp%2Fv2%2Fcategories&post=43385"},{"taxonomy":"post_tag","embeddable":true,"href":"https:\/\/kibrisdakik.com\/index.php?rest_route=%2Fwp%2Fv2%2Ftags&post=43385"}],"curies":[{"name":"wp","href":"https:\/\/api.w.org\/{rel}","templated":true}]}}