{"id":43447,"date":"2024-05-27T17:52:47","date_gmt":"2024-05-27T17:52:47","guid":{"rendered":"https:\/\/kibrisdakik.com\/index.php\/2024\/05\/27\/bakan-arikli-hukumet-et-ithali-konusunda-kararliligini-surduruyor\/"},"modified":"2024-05-27T17:52:47","modified_gmt":"2024-05-27T17:52:47","slug":"bakan-arikli-hukumet-et-ithali-konusunda-kararliligini-surduruyor","status":"publish","type":"post","link":"https:\/\/kibrisdakik.com\/?p=43447","title":{"rendered":"Bakan Ar\u0131kl\u0131: H\u00fck\u00fcmet et ithali konusunda kararl\u0131l\u0131\u011f\u0131n\u0131 s\u00fcrd\u00fcr\u00fcyor"},"content":{"rendered":"<p><\/p>\n<div>\n<div class=\"mariselle-image-container center\">\n                <img loading=\"lazy\" decoding=\"async\" width=\"697\" height=\"343\" class=\"lazy-image\" alt=\"\" sizes=\"auto, (max-width: 697px) 100vw, 697px\" src=\"https:\/\/brtk.net\/wp-content\/uploads\/2024\/05\/27\/arkkk.jpg?ver=85e607c0557663794e1b7bd58f10628f\" srcset=\"https:\/\/brtk.net\/wp-content\/uploads\/2024\/05\/27\/arkkk.jpg?ver=85e607c0557663794e1b7bd58f10628f 697w, https:\/\/brtk.net\/wp-content\/uploads\/2024\/05\/27\/arkkk-300x148.jpg?ver=85e607c0557663794e1b7bd58f10628f 300w\"\/>                            <\/div>\n<p>Bay\u0131nd\u0131rl\u0131k ve Ula\u015ft\u0131rma Bakan\u0131 Erhan Ar\u0131kl\u0131 da h\u00fck\u00fcmetin et ithali konusunda kararl\u0131l\u0131\u011f\u0131n\u0131 s\u00fcrd\u00fcrd\u00fc\u011f\u00fcn\u00fc kaydetti. <\/p>\n<p><a href=\"https:\/\/brtk.net\/\">BRT<\/a>\u2019de kat\u0131ld\u0131\u011f\u0131 programda konu\u015fan Bakan Ar\u0131kl\u0131, Ba\u015fbakan \u00dcnal \u00dcstel\u2019in bug\u00fcn konu ile ilgili milletvekillerinin g\u00f6r\u00fc\u015flerine ba\u015fvurdu\u011funu kaydederek, milletvekillerinin de Ba\u015fbakan\u2019\u0131n arkas\u0131nda durdu\u011funa vurgu yapt\u0131. <\/p>\n<p>Ar\u0131kl\u0131,verilen destek ve te\u015fvikler ile ilgili de de\u011ferlendirmelerde bulunarak, \u201cd\u00fcnyan\u0131n hi\u00e7bir yerinde destek ve te\u015fvikler s\u00fcrekli verilmez ancak bu bizde kazan\u0131lm\u0131\u015f hak olarak g\u00f6r\u00fcl\u00fcr ve her defas\u0131nda daha fazla da istenir\u201d diyerek ele\u015ftirilerde bulundu. <\/p>\n<p>Ar\u0131kl\u0131 donmu\u015f et ithalinin nereden yap\u0131laca\u011f\u0131na ili\u015fkin de bilgi verdi.<\/p>\n<p><iframe loading=\"lazy\" title=\"G\u00fcne Yans\u0131yanlar 27 05 2024\" width=\"960\" height=\"540\" src=\"https:\/\/www.youtube.com\/embed\/WffhlMFUAB8?feature=oembed\" frameborder=\"0\" allow=\"accelerometer; autoplay; clipboard-write; encrypted-media; gyroscope; picture-in-picture; web-share\" referrerpolicy=\"strict-origin-when-cross-origin\" allowfullscreen><\/iframe><\/p>\n<\/p><\/div>\n<p><script async\n                    defer\n                    crossorigin=\"anonymous\"\n                    src=\"https:\/\/connect.facebook.net\/tr_TR\/sdk.js#xfbml=1&#038;version=v3.3\"\n            ><\/script><\/p>\n","protected":false},"excerpt":{"rendered":"<p>Bay\u0131nd\u0131rl\u0131k ve Ula\u015ft\u0131rma Bakan\u0131 Erhan Ar\u0131kl\u0131 da h\u00fck\u00fcmetin et ithali konusunda kararl\u0131l\u0131\u011f\u0131n\u0131 s\u00fcrd\u00fcrd\u00fc\u011f\u00fcn\u00fc kaydetti. BRT\u2019de kat\u0131ld\u0131\u011f\u0131 programda konu\u015fan Bakan Ar\u0131kl\u0131, Ba\u015fbakan \u00dcnal \u00dcstel\u2019in bug\u00fcn konu ile ilgili milletvekillerinin g\u00f6r\u00fc\u015flerine ba\u015fvurdu\u011funu kaydederek, milletvekillerinin de Ba\u015fbakan\u2019\u0131n arkas\u0131nda durdu\u011funa vurgu yapt\u0131. Ar\u0131kl\u0131,verilen destek ve te\u015fvikler ile ilgili de de\u011ferlendirmelerde bulunarak, \u201cd\u00fcnyan\u0131n hi\u00e7bir yerinde destek ve te\u015fvikler s\u00fcrekli verilmez<\/p>\n","protected":false},"author":1,"featured_media":43448,"comment_status":"open","ping_status":"open","sticky":false,"template":"","format":"standard","meta":{"footnotes":""},"categories":[1],"tags":[],"class_list":["post-43447","post","type-post","status-publish","format-standard","has-post-thumbnail","hentry","category-gundem"],"yoast_head":"<!-- This site is optimized with the Yoast SEO plugin v27.5 - https:\/\/yoast.com\/product\/yoast-seo-wordpress\/ -->\n<title>Bakan Ar\u0131kl\u0131: H\u00fck\u00fcmet et ithali konusunda kararl\u0131l\u0131\u011f\u0131n\u0131 s\u00fcrd\u00fcr\u00fcyor -<\/title>\n<meta name=\"robots\" content=\"index, follow, max-snippet:-1, max-image-preview:large, max-video-preview:-1\" \/>\n<link rel=\"canonical\" href=\"https:\/\/kibrisdakik.com\/?p=43447\" \/>\n<meta property=\"og:locale\" content=\"tr_TR\" \/>\n<meta property=\"og:type\" content=\"article\" \/>\n<meta property=\"og:title\" content=\"Bakan Ar\u0131kl\u0131: H\u00fck\u00fcmet et ithali konusunda kararl\u0131l\u0131\u011f\u0131n\u0131 s\u00fcrd\u00fcr\u00fcyor -\" \/>\n<meta property=\"og:description\" content=\"Bay\u0131nd\u0131rl\u0131k ve Ula\u015ft\u0131rma Bakan\u0131 Erhan Ar\u0131kl\u0131 da h\u00fck\u00fcmetin et ithali konusunda kararl\u0131l\u0131\u011f\u0131n\u0131 s\u00fcrd\u00fcrd\u00fc\u011f\u00fcn\u00fc kaydetti. BRT\u2019de kat\u0131ld\u0131\u011f\u0131 programda konu\u015fan Bakan Ar\u0131kl\u0131, Ba\u015fbakan \u00dcnal \u00dcstel\u2019in bug\u00fcn konu ile ilgili milletvekillerinin g\u00f6r\u00fc\u015flerine ba\u015fvurdu\u011funu kaydederek, milletvekillerinin de Ba\u015fbakan\u2019\u0131n arkas\u0131nda durdu\u011funa vurgu yapt\u0131. Ar\u0131kl\u0131,verilen destek ve te\u015fvikler ile ilgili de de\u011ferlendirmelerde bulunarak, \u201cd\u00fcnyan\u0131n hi\u00e7bir yerinde destek ve te\u015fvikler s\u00fcrekli verilmez\" \/>\n<meta property=\"og:url\" content=\"https:\/\/kibrisdakik.com\/?p=43447\" \/>\n<meta property=\"article:published_time\" content=\"2024-05-27T17:52:47+00:00\" \/>\n<meta property=\"og:image\" content=\"https:\/\/kibrisdakik.com\/wp-content\/uploads\/2024\/05\/arkkk.jpg\" \/>\n\t<meta property=\"og:image:width\" content=\"697\" \/>\n\t<meta property=\"og:image:height\" content=\"343\" \/>\n\t<meta property=\"og:image:type\" content=\"image\/jpeg\" \/>\n<meta name=\"author\" content=\"admin\" \/>\n<meta name=\"twitter:card\" content=\"summary_large_image\" \/>\n<meta name=\"twitter:label1\" content=\"Yazan:\" \/>\n\t<meta name=\"twitter:data1\" content=\"admin\" \/>\n\t<meta name=\"twitter:label2\" content=\"Tahmini okuma s\u00fcresi\" \/>\n\t<meta name=\"twitter:data2\" content=\"1 dakika\" \/>\n<script type=\"application\/ld+json\" class=\"yoast-schema-graph\">{\"@context\":\"https:\\\/\\\/schema.org\",\"@graph\":[{\"@type\":\"Article\",\"@id\":\"https:\\\/\\\/kibrisdakik.com\\\/?p=43447#article\",\"isPartOf\":{\"@id\":\"https:\\\/\\\/kibrisdakik.com\\\/?p=43447\"},\"author\":{\"name\":\"admin\",\"@id\":\"https:\\\/\\\/kibrisdakik.com\\\/#\\\/schema\\\/person\\\/9cd9d437bbb44f72b73ba127e06d8e79\"},\"headline\":\"Bakan Ar\u0131kl\u0131: H\u00fck\u00fcmet et ithali konusunda kararl\u0131l\u0131\u011f\u0131n\u0131 s\u00fcrd\u00fcr\u00fcyor\",\"datePublished\":\"2024-05-27T17:52:47+00:00\",\"mainEntityOfPage\":{\"@id\":\"https:\\\/\\\/kibrisdakik.com\\\/?p=43447\"},\"wordCount\":154,\"commentCount\":0,\"image\":{\"@id\":\"https:\\\/\\\/kibrisdakik.com\\\/?p=43447#primaryimage\"},\"thumbnailUrl\":\"https:\\\/\\\/kibrisdakik.com\\\/wp-content\\\/uploads\\\/2024\\\/05\\\/arkkk.jpg\",\"articleSection\":[\"G\u00fcndem\"],\"inLanguage\":\"tr\",\"potentialAction\":[{\"@type\":\"CommentAction\",\"name\":\"Comment\",\"target\":[\"https:\\\/\\\/kibrisdakik.com\\\/?p=43447#respond\"]}]},{\"@type\":\"WebPage\",\"@id\":\"https:\\\/\\\/kibrisdakik.com\\\/?p=43447\",\"url\":\"https:\\\/\\\/kibrisdakik.com\\\/?p=43447\",\"name\":\"Bakan Ar\u0131kl\u0131: H\u00fck\u00fcmet et ithali konusunda kararl\u0131l\u0131\u011f\u0131n\u0131 s\u00fcrd\u00fcr\u00fcyor -\",\"isPartOf\":{\"@id\":\"https:\\\/\\\/kibrisdakik.com\\\/#website\"},\"primaryImageOfPage\":{\"@id\":\"https:\\\/\\\/kibrisdakik.com\\\/?p=43447#primaryimage\"},\"image\":{\"@id\":\"https:\\\/\\\/kibrisdakik.com\\\/?p=43447#primaryimage\"},\"thumbnailUrl\":\"https:\\\/\\\/kibrisdakik.com\\\/wp-content\\\/uploads\\\/2024\\\/05\\\/arkkk.jpg\",\"datePublished\":\"2024-05-27T17:52:47+00:00\",\"author\":{\"@id\":\"https:\\\/\\\/kibrisdakik.com\\\/#\\\/schema\\\/person\\\/9cd9d437bbb44f72b73ba127e06d8e79\"},\"breadcrumb\":{\"@id\":\"https:\\\/\\\/kibrisdakik.com\\\/?p=43447#breadcrumb\"},\"inLanguage\":\"tr\",\"potentialAction\":[{\"@type\":\"ReadAction\",\"target\":[\"https:\\\/\\\/kibrisdakik.com\\\/?p=43447\"]}]},{\"@type\":\"ImageObject\",\"inLanguage\":\"tr\",\"@id\":\"https:\\\/\\\/kibrisdakik.com\\\/?p=43447#primaryimage\",\"url\":\"https:\\\/\\\/kibrisdakik.com\\\/wp-content\\\/uploads\\\/2024\\\/05\\\/arkkk.jpg\",\"contentUrl\":\"https:\\\/\\\/kibrisdakik.com\\\/wp-content\\\/uploads\\\/2024\\\/05\\\/arkkk.jpg\",\"width\":697,\"height\":343},{\"@type\":\"BreadcrumbList\",\"@id\":\"https:\\\/\\\/kibrisdakik.com\\\/?p=43447#breadcrumb\",\"itemListElement\":[{\"@type\":\"ListItem\",\"position\":1,\"name\":\"Home\",\"item\":\"https:\\\/\\\/kibrisdakik.com\\\/\"},{\"@type\":\"ListItem\",\"position\":2,\"name\":\"Bakan Ar\u0131kl\u0131: H\u00fck\u00fcmet et ithali konusunda kararl\u0131l\u0131\u011f\u0131n\u0131 s\u00fcrd\u00fcr\u00fcyor\"}]},{\"@type\":\"WebSite\",\"@id\":\"https:\\\/\\\/kibrisdakik.com\\\/#website\",\"url\":\"https:\\\/\\\/kibrisdakik.com\\\/\",\"name\":\"\",\"description\":\"Tam vaktinde haber\",\"potentialAction\":[{\"@type\":\"SearchAction\",\"target\":{\"@type\":\"EntryPoint\",\"urlTemplate\":\"https:\\\/\\\/kibrisdakik.com\\\/?s={search_term_string}\"},\"query-input\":{\"@type\":\"PropertyValueSpecification\",\"valueRequired\":true,\"valueName\":\"search_term_string\"}}],\"inLanguage\":\"tr\"},{\"@type\":\"Person\",\"@id\":\"https:\\\/\\\/kibrisdakik.com\\\/#\\\/schema\\\/person\\\/9cd9d437bbb44f72b73ba127e06d8e79\",\"name\":\"admin\",\"image\":{\"@type\":\"ImageObject\",\"inLanguage\":\"tr\",\"@id\":\"https:\\\/\\\/secure.gravatar.com\\\/avatar\\\/ccc17943b9d660506c869530f897617f7cb1c21a4bf30023f252596d83e1f007?s=96&d=mm&r=g\",\"url\":\"https:\\\/\\\/secure.gravatar.com\\\/avatar\\\/ccc17943b9d660506c869530f897617f7cb1c21a4bf30023f252596d83e1f007?s=96&d=mm&r=g\",\"contentUrl\":\"https:\\\/\\\/secure.gravatar.com\\\/avatar\\\/ccc17943b9d660506c869530f897617f7cb1c21a4bf30023f252596d83e1f007?s=96&d=mm&r=g\",\"caption\":\"admin\"},\"sameAs\":[\"https:\\\/\\\/kibrisdakik.com\"],\"url\":\"https:\\\/\\\/kibrisdakik.com\\\/?author=1\"}]}<\/script>\n<!-- \/ Yoast SEO plugin. -->","yoast_head_json":{"title":"Bakan Ar\u0131kl\u0131: H\u00fck\u00fcmet et ithali konusunda kararl\u0131l\u0131\u011f\u0131n\u0131 s\u00fcrd\u00fcr\u00fcyor -","robots":{"index":"index","follow":"follow","max-snippet":"max-snippet:-1","max-image-preview":"max-image-preview:large","max-video-preview":"max-video-preview:-1"},"canonical":"https:\/\/kibrisdakik.com\/?p=43447","og_locale":"tr_TR","og_type":"article","og_title":"Bakan Ar\u0131kl\u0131: H\u00fck\u00fcmet et ithali konusunda kararl\u0131l\u0131\u011f\u0131n\u0131 s\u00fcrd\u00fcr\u00fcyor -","og_description":"Bay\u0131nd\u0131rl\u0131k ve Ula\u015ft\u0131rma Bakan\u0131 Erhan Ar\u0131kl\u0131 da h\u00fck\u00fcmetin et ithali konusunda kararl\u0131l\u0131\u011f\u0131n\u0131 s\u00fcrd\u00fcrd\u00fc\u011f\u00fcn\u00fc kaydetti. BRT\u2019de kat\u0131ld\u0131\u011f\u0131 programda konu\u015fan Bakan Ar\u0131kl\u0131, Ba\u015fbakan \u00dcnal \u00dcstel\u2019in bug\u00fcn konu ile ilgili milletvekillerinin g\u00f6r\u00fc\u015flerine ba\u015fvurdu\u011funu kaydederek, milletvekillerinin de Ba\u015fbakan\u2019\u0131n arkas\u0131nda durdu\u011funa vurgu yapt\u0131. Ar\u0131kl\u0131,verilen destek ve te\u015fvikler ile ilgili de de\u011ferlendirmelerde bulunarak, \u201cd\u00fcnyan\u0131n hi\u00e7bir yerinde destek ve te\u015fvikler s\u00fcrekli verilmez","og_url":"https:\/\/kibrisdakik.com\/?p=43447","article_published_time":"2024-05-27T17:52:47+00:00","og_image":[{"width":697,"height":343,"url":"https:\/\/kibrisdakik.com\/wp-content\/uploads\/2024\/05\/arkkk.jpg","type":"image\/jpeg"}],"author":"admin","twitter_card":"summary_large_image","twitter_misc":{"Yazan:":"admin","Tahmini okuma s\u00fcresi":"1 dakika"},"schema":{"@context":"https:\/\/schema.org","@graph":[{"@type":"Article","@id":"https:\/\/kibrisdakik.com\/?p=43447#article","isPartOf":{"@id":"https:\/\/kibrisdakik.com\/?p=43447"},"author":{"name":"admin","@id":"https:\/\/kibrisdakik.com\/#\/schema\/person\/9cd9d437bbb44f72b73ba127e06d8e79"},"headline":"Bakan Ar\u0131kl\u0131: H\u00fck\u00fcmet et ithali konusunda kararl\u0131l\u0131\u011f\u0131n\u0131 s\u00fcrd\u00fcr\u00fcyor","datePublished":"2024-05-27T17:52:47+00:00","mainEntityOfPage":{"@id":"https:\/\/kibrisdakik.com\/?p=43447"},"wordCount":154,"commentCount":0,"image":{"@id":"https:\/\/kibrisdakik.com\/?p=43447#primaryimage"},"thumbnailUrl":"https:\/\/kibrisdakik.com\/wp-content\/uploads\/2024\/05\/arkkk.jpg","articleSection":["G\u00fcndem"],"inLanguage":"tr","potentialAction":[{"@type":"CommentAction","name":"Comment","target":["https:\/\/kibrisdakik.com\/?p=43447#respond"]}]},{"@type":"WebPage","@id":"https:\/\/kibrisdakik.com\/?p=43447","url":"https:\/\/kibrisdakik.com\/?p=43447","name":"Bakan Ar\u0131kl\u0131: H\u00fck\u00fcmet et ithali konusunda kararl\u0131l\u0131\u011f\u0131n\u0131 s\u00fcrd\u00fcr\u00fcyor -","isPartOf":{"@id":"https:\/\/kibrisdakik.com\/#website"},"primaryImageOfPage":{"@id":"https:\/\/kibrisdakik.com\/?p=43447#primaryimage"},"image":{"@id":"https:\/\/kibrisdakik.com\/?p=43447#primaryimage"},"thumbnailUrl":"https:\/\/kibrisdakik.com\/wp-content\/uploads\/2024\/05\/arkkk.jpg","datePublished":"2024-05-27T17:52:47+00:00","author":{"@id":"https:\/\/kibrisdakik.com\/#\/schema\/person\/9cd9d437bbb44f72b73ba127e06d8e79"},"breadcrumb":{"@id":"https:\/\/kibrisdakik.com\/?p=43447#breadcrumb"},"inLanguage":"tr","potentialAction":[{"@type":"ReadAction","target":["https:\/\/kibrisdakik.com\/?p=43447"]}]},{"@type":"ImageObject","inLanguage":"tr","@id":"https:\/\/kibrisdakik.com\/?p=43447#primaryimage","url":"https:\/\/kibrisdakik.com\/wp-content\/uploads\/2024\/05\/arkkk.jpg","contentUrl":"https:\/\/kibrisdakik.com\/wp-content\/uploads\/2024\/05\/arkkk.jpg","width":697,"height":343},{"@type":"BreadcrumbList","@id":"https:\/\/kibrisdakik.com\/?p=43447#breadcrumb","itemListElement":[{"@type":"ListItem","position":1,"name":"Home","item":"https:\/\/kibrisdakik.com\/"},{"@type":"ListItem","position":2,"name":"Bakan Ar\u0131kl\u0131: H\u00fck\u00fcmet et ithali konusunda kararl\u0131l\u0131\u011f\u0131n\u0131 s\u00fcrd\u00fcr\u00fcyor"}]},{"@type":"WebSite","@id":"https:\/\/kibrisdakik.com\/#website","url":"https:\/\/kibrisdakik.com\/","name":"","description":"Tam vaktinde haber","potentialAction":[{"@type":"SearchAction","target":{"@type":"EntryPoint","urlTemplate":"https:\/\/kibrisdakik.com\/?s={search_term_string}"},"query-input":{"@type":"PropertyValueSpecification","valueRequired":true,"valueName":"search_term_string"}}],"inLanguage":"tr"},{"@type":"Person","@id":"https:\/\/kibrisdakik.com\/#\/schema\/person\/9cd9d437bbb44f72b73ba127e06d8e79","name":"admin","image":{"@type":"ImageObject","inLanguage":"tr","@id":"https:\/\/secure.gravatar.com\/avatar\/ccc17943b9d660506c869530f897617f7cb1c21a4bf30023f252596d83e1f007?s=96&d=mm&r=g","url":"https:\/\/secure.gravatar.com\/avatar\/ccc17943b9d660506c869530f897617f7cb1c21a4bf30023f252596d83e1f007?s=96&d=mm&r=g","contentUrl":"https:\/\/secure.gravatar.com\/avatar\/ccc17943b9d660506c869530f897617f7cb1c21a4bf30023f252596d83e1f007?s=96&d=mm&r=g","caption":"admin"},"sameAs":["https:\/\/kibrisdakik.com"],"url":"https:\/\/kibrisdakik.com\/?author=1"}]}},"_links":{"self":[{"href":"https:\/\/kibrisdakik.com\/index.php?rest_route=\/wp\/v2\/posts\/43447","targetHints":{"allow":["GET"]}}],"collection":[{"href":"https:\/\/kibrisdakik.com\/index.php?rest_route=\/wp\/v2\/posts"}],"about":[{"href":"https:\/\/kibrisdakik.com\/index.php?rest_route=\/wp\/v2\/types\/post"}],"author":[{"embeddable":true,"href":"https:\/\/kibrisdakik.com\/index.php?rest_route=\/wp\/v2\/users\/1"}],"replies":[{"embeddable":true,"href":"https:\/\/kibrisdakik.com\/index.php?rest_route=%2Fwp%2Fv2%2Fcomments&post=43447"}],"version-history":[{"count":0,"href":"https:\/\/kibrisdakik.com\/index.php?rest_route=\/wp\/v2\/posts\/43447\/revisions"}],"wp:featuredmedia":[{"embeddable":true,"href":"https:\/\/kibrisdakik.com\/index.php?rest_route=\/wp\/v2\/media\/43448"}],"wp:attachment":[{"href":"https:\/\/kibrisdakik.com\/index.php?rest_route=%2Fwp%2Fv2%2Fmedia&parent=43447"}],"wp:term":[{"taxonomy":"category","embeddable":true,"href":"https:\/\/kibrisdakik.com\/index.php?rest_route=%2Fwp%2Fv2%2Fcategories&post=43447"},{"taxonomy":"post_tag","embeddable":true,"href":"https:\/\/kibrisdakik.com\/index.php?rest_route=%2Fwp%2Fv2%2Ftags&post=43447"}],"curies":[{"name":"wp","href":"https:\/\/api.w.org\/{rel}","templated":true}]}}