{"id":4348,"date":"2023-03-31T19:26:08","date_gmt":"2023-03-31T19:26:08","guid":{"rendered":"https:\/\/kibrisdakik.com\/index.php\/2023\/03\/31\/tatar-her-turlu-engellemeye-karsi-hakli-dava-mucadelemizi-surdurecegim\/"},"modified":"2023-03-31T19:26:08","modified_gmt":"2023-03-31T19:26:08","slug":"tatar-her-turlu-engellemeye-karsi-hakli-dava-mucadelemizi-surdurecegim","status":"publish","type":"post","link":"https:\/\/kibrisdakik.com\/?p=4348","title":{"rendered":"Tatar: Her t\u00fcrl\u00fc engellemeye kar\u015f\u0131 hakl\u0131 dava m\u00fccadelemizi s\u00fcrd\u00fcrece\u011fim"},"content":{"rendered":"<p><\/p>\n<div>\n<div class=\"mariselle-image-container center\">\n                <img width=\"1024\" height=\"682\" class=\"lazy-image\" alt=\"\" decoding=\"async\" loading=\"lazy\" sizes=\"auto, (max-width: 1024px) 100vw, 1024px\" src=\"https:\/\/brtk.net\/wp-content\/uploads\/2023\/03\/31\/img-20230331-wa0009.jpg?ver=0df8e9bb5ccd46437a2a68a638d75786\" srcset=\"https:\/\/brtk.net\/wp-content\/uploads\/2023\/03\/31\/img-20230331-wa0009.jpg?ver=0df8e9bb5ccd46437a2a68a638d75786 1024w, https:\/\/brtk.net\/wp-content\/uploads\/2023\/03\/31\/img-20230331-wa0009-300x200.jpg?ver=0df8e9bb5ccd46437a2a68a638d75786 300w, https:\/\/brtk.net\/wp-content\/uploads\/2023\/03\/31\/img-20230331-wa0009-768x512.jpg?ver=2d26c1e58d4c1ce8245d322e81b22519 768w\"\/>                            <\/div>\n<p>\nCumhurba\u015fkan\u0131 <a href=\"https:\/\/brtk.net\/\" target=\"_blank\" rel=\"noopener\"><a href=\"https:\/\/brtk.net\/\" target=\"_blank\" rel=\"noopener\"><a href=\"https:\/\/brtk.net\/\" target=\"_blank\" rel=\"noopener\">Ersin <\/a><a href=\"https:\/\/brtk.net\/\"\/><a href=\"https:\/\/brtk.net\/\"\/><a href=\"https:\/\/brtk.net\/\"\/><a href=\"https:\/\/brtk.net\/\"\/><a href=\"https:\/\/brtk.net\/\"\/><a href=\"https:\/\/brtk.net\/\"\/><a href=\"https:\/\/brtk.net\/\"\/><a href=\"https:\/\/brtk.net\/\"\/><a href=\"https:\/\/brtk.net\/\"\/><a href=\"https:\/\/brtk.net\/\"\/><a href=\"https:\/\/brtk.net\/\"\/><a href=\"https:\/\/brtk.net\/\"\/><a href=\"https:\/\/brtk.net\/\"\/><a href=\"https:\/\/brtk.net\/\">Tatar<\/a>, \u0130ngiltere\u2019nin ba\u015fkenti Londra\u2019daki temaslar\u0131n\u0131 tamamlayarak, \u00fclkeye d\u00f6nd\u00fc.<\/p>\n<p>\u0130ngiltere\u2019de verece\u011fi konferans \u00f6ncesinde Rum \u00f6\u011frencilerin protestosuna maruz kalan Cumhurba\u015fkan\u0131 <a href=\"https:\/\/brtk.net\/\"\/><a href=\"https:\/\/brtk.net\/\"\/><a href=\"https:\/\/brtk.net\/\"\/><a href=\"https:\/\/brtk.net\/\"\/><a href=\"https:\/\/brtk.net\/\"\/><a href=\"https:\/\/brtk.net\/\"\/><a href=\"https:\/\/brtk.net\/\"\/><a href=\"https:\/\/brtk.net\/\"\/><a href=\"https:\/\/brtk.net\/\"\/><a href=\"https:\/\/brtk.net\/\"\/><a href=\"https:\/\/brtk.net\/\"\/><a href=\"https:\/\/brtk.net\/\"\/><a href=\"https:\/\/brtk.net\/\"\/><a href=\"https:\/\/brtk.net\/\">Tatar<\/a>\u2019\u0131 \u00fclkeye d\u00f6n\u00fc\u015f\u00fcnde vatanda\u015flar alk\u0131\u015flar, pankartlar ve bayraklarla kar\u015f\u0131lad\u0131, destek belirtti.<\/p>\n<p>Cumhurba\u015fkan\u0131 <a href=\"https:\/\/brtk.net\/\"\/><a href=\"https:\/\/brtk.net\/\"\/><a href=\"https:\/\/brtk.net\/\"\/><a href=\"https:\/\/brtk.net\/\"\/><a href=\"https:\/\/brtk.net\/\"\/><a href=\"https:\/\/brtk.net\/\"\/><a href=\"https:\/\/brtk.net\/\"\/><a href=\"https:\/\/brtk.net\/\"\/><a href=\"https:\/\/brtk.net\/\"\/><a href=\"https:\/\/brtk.net\/\"\/><a href=\"https:\/\/brtk.net\/\"\/><a href=\"https:\/\/brtk.net\/\"\/><a href=\"https:\/\/brtk.net\/\"\/><a href=\"https:\/\/brtk.net\/\">Tatar<\/a>, Ercan\u2019da bas\u0131n toplant\u0131s\u0131 d\u00fczenleyerek, Londra\u2019da yapt\u0131\u011f\u0131 temaslar\u0131 de\u011ferlendirdi.<\/p>\n<div class=\"mariselle-image-container center\">\n                <img width=\"530\" height=\"349\" class=\"lazy-image\" alt=\"\" decoding=\"async\" loading=\"lazy\" sizes=\"auto, (max-width: 530px) 100vw, 530px\" src=\"https:\/\/brtk.net\/wp-content\/uploads\/2023\/03\/31\/img-20230331-wa0007.jpg?ver=581f5a2a86dad85b1a7e26f77fd20b84\" srcset=\"https:\/\/brtk.net\/wp-content\/uploads\/2023\/03\/31\/img-20230331-wa0007.jpg?ver=581f5a2a86dad85b1a7e26f77fd20b84 530w, https:\/\/brtk.net\/wp-content\/uploads\/2023\/03\/31\/img-20230331-wa0007-300x198.jpg?ver=581f5a2a86dad85b1a7e26f77fd20b84 300w\"\/>                            <\/div>\n<p><a href=\"https:\/\/brtk.net\/\"\/><a href=\"https:\/\/brtk.net\/\"\/><a href=\"https:\/\/brtk.net\/\"\/><a href=\"https:\/\/brtk.net\/\"\/><a href=\"https:\/\/brtk.net\/\"\/><a href=\"https:\/\/brtk.net\/\"\/><a href=\"https:\/\/brtk.net\/\"\/><a href=\"https:\/\/brtk.net\/\"\/><a href=\"https:\/\/brtk.net\/\"\/><a href=\"https:\/\/brtk.net\/\"\/><a href=\"https:\/\/brtk.net\/\"\/><a href=\"https:\/\/brtk.net\/\"\/><a href=\"https:\/\/brtk.net\/\"\/><a href=\"https:\/\/brtk.net\/\">Tatar<\/a>, kendisini kar\u015f\u0131lamaya gelen herkese te\u015fekk\u00fcr etti, halk\u0131n birlik beraberlik i\u00e7inde m\u00fccadelesini, hak hukuk adaleti egemen e\u015fitli\u011fi devletini sonuna kadar savunaca\u011f\u0131n\u0131 vurgulad\u0131.<br \/><a href=\"https:\/\/brtk.net\/\"\/><a href=\"https:\/\/brtk.net\/\"\/><a href=\"https:\/\/brtk.net\/\"\/><a href=\"https:\/\/brtk.net\/\"\/><a href=\"https:\/\/brtk.net\/\"\/><a href=\"https:\/\/brtk.net\/\"\/><a href=\"https:\/\/brtk.net\/\"\/><a href=\"https:\/\/brtk.net\/\"\/><a href=\"https:\/\/brtk.net\/\"\/><a href=\"https:\/\/brtk.net\/\"\/><a href=\"https:\/\/brtk.net\/\"\/><a href=\"https:\/\/brtk.net\/\"\/><a href=\"https:\/\/brtk.net\/\"\/><a href=\"https:\/\/brtk.net\/\">Tatar<\/a>, engelleme ve protestolar\u0131n, K\u0131br\u0131s T\u00fcrk halk\u0131n\u0131n hakl\u0131 davas\u0131nda m\u00fccadelesini s\u00fcrd\u00fcrmesini engellenemeyece\u011fini ifade etti.<\/p>\n<p>\u00c7ok \u00f6nceden planlan \u0130ngiltere ziyaretinde \u0130ngiliz Parlamentosu, K\u0131br\u0131s T\u00fcrk sivil toplumu, gen\u00e7ler, \u0130ngiliz medyas\u0131 ve \u00e7e\u015fitli yetkililerle \u00e7ok olumlu temaslarda bulunduklar\u0131n\u0131 anlatan <a href=\"https:\/\/brtk.net\/\"\/><a href=\"https:\/\/brtk.net\/\"\/><a href=\"https:\/\/brtk.net\/\"\/><a href=\"https:\/\/brtk.net\/\"\/><a href=\"https:\/\/brtk.net\/\"\/><a href=\"https:\/\/brtk.net\/\"\/><a href=\"https:\/\/brtk.net\/\"\/><a href=\"https:\/\/brtk.net\/\"\/><a href=\"https:\/\/brtk.net\/\"\/><a href=\"https:\/\/brtk.net\/\"\/><a href=\"https:\/\/brtk.net\/\"\/><a href=\"https:\/\/brtk.net\/\"\/><a href=\"https:\/\/brtk.net\/\"\/><a href=\"https:\/\/brtk.net\/\">Tatar<\/a>, King\u2019s Kolej\u2019de de davetli olarak konferans verdi\u011fini kaydetti.<br \/>Konferansa kat\u0131lmas\u0131n\u0131 engellemek i\u00e7in Rum ve Yunan gen\u00e7lerin \u00e7irkin ve \u00fcniversiteye yak\u0131\u015fmayacak \u015fekilde Yunan bayraklar\u0131 ve sloganlarla protesto g\u00f6sterisi yapt\u0131\u011f\u0131n\u0131 ifade eden <a href=\"https:\/\/brtk.net\/\"\/><a href=\"https:\/\/brtk.net\/\"\/><a href=\"https:\/\/brtk.net\/\"\/><a href=\"https:\/\/brtk.net\/\"\/><a href=\"https:\/\/brtk.net\/\"\/><a href=\"https:\/\/brtk.net\/\"\/><a href=\"https:\/\/brtk.net\/\"\/><a href=\"https:\/\/brtk.net\/\"\/><a href=\"https:\/\/brtk.net\/\"\/><a href=\"https:\/\/brtk.net\/\"\/><a href=\"https:\/\/brtk.net\/\"\/><a href=\"https:\/\/brtk.net\/\"\/><a href=\"https:\/\/brtk.net\/\"\/><a href=\"https:\/\/brtk.net\/\">Tatar<\/a>, ancak bu \u00e7irkin sald\u0131r\u0131ya ra\u011fmen konferans\u0131 yapt\u0131\u011f\u0131n\u0131 ve mesajlar\u0131n\u0131 verdi\u011fini s\u00f6yledi.<\/p>\n<p>Hadisenin T\u00fcrkiye, <a href=\"https:\/\/brtk.net\/\">KKTC<\/a> ve \u0130ngiliz medyas\u0131nda yer ald\u0131\u011f\u0131n\u0131, t\u00fcm kesimlerden destek verildi\u011fini ifade eden <a href=\"https:\/\/brtk.net\/\"\/><a href=\"https:\/\/brtk.net\/\"\/><a href=\"https:\/\/brtk.net\/\"\/><a href=\"https:\/\/brtk.net\/\"\/><a href=\"https:\/\/brtk.net\/\"\/><a href=\"https:\/\/brtk.net\/\"\/><a href=\"https:\/\/brtk.net\/\"\/><a href=\"https:\/\/brtk.net\/\"\/><a href=\"https:\/\/brtk.net\/\"\/><a href=\"https:\/\/brtk.net\/\"\/><a href=\"https:\/\/brtk.net\/\"\/><a href=\"https:\/\/brtk.net\/\"\/><a href=\"https:\/\/brtk.net\/\"\/><a href=\"https:\/\/brtk.net\/\">Tatar<\/a>, \u201cSesimizi duyurmam\u0131z\u0131 engellemeye \u00e7al\u0131\u015ft\u0131lar, bu \u00e7a\u011fda bu \u00e7irkin g\u00f6steriyi k\u0131n\u0131yoruz. Egemen e\u015fitli\u011fimizi, varl\u0131\u011f\u0131m\u0131z\u0131, hakk\u0131m\u0131z\u0131, k\u0131rm\u0131z\u0131 \u00e7izgilerimizi sadece duymak de\u011fil duyurmam\u0131za bile tahamm\u00fcl edemiyorlar\u201d dedi.<\/p>\n<p>K\u0131br\u0131s T\u00fcrk Halk\u0131n\u0131n \u00f6zg\u00fcr ba\u011f\u0131ms\u0131z demokratik bir halk oldu\u011funu, kendi hakk\u0131n\u0131 tayin etme hakk\u0131 oldu\u011funu ifade eden <a href=\"https:\/\/brtk.net\/\"\/><a href=\"https:\/\/brtk.net\/\"\/><a href=\"https:\/\/brtk.net\/\"\/><a href=\"https:\/\/brtk.net\/\"\/><a href=\"https:\/\/brtk.net\/\"\/><a href=\"https:\/\/brtk.net\/\"\/><a href=\"https:\/\/brtk.net\/\"\/><a href=\"https:\/\/brtk.net\/\"\/><a href=\"https:\/\/brtk.net\/\"\/><a href=\"https:\/\/brtk.net\/\"\/><a href=\"https:\/\/brtk.net\/\"\/><a href=\"https:\/\/brtk.net\/\"\/><a href=\"https:\/\/brtk.net\/\"\/><a href=\"https:\/\/brtk.net\/\">Tatar<\/a>, bu gibi eylemlerin hakl\u0131 davalar\u0131n\u0131 anlatmas\u0131n\u0131 engelleyemeyece\u011fini, bu gibi olaylar\u0131n kendilerini daha da birle\u015ftirdi\u011fini kaydetti.<\/p>\n<div class=\"mariselle-image-container center\">\n                <img width=\"1024\" height=\"682\" class=\"lazy-image\" alt=\"\" decoding=\"async\" loading=\"lazy\" sizes=\"auto, (max-width: 1024px) 100vw, 1024px\" src=\"https:\/\/brtk.net\/wp-content\/uploads\/2023\/03\/31\/tatar-ercan-aciklama.jpg?ver=169b23dd1593f21e012182818014944e\" srcset=\"https:\/\/brtk.net\/wp-content\/uploads\/2023\/03\/31\/tatar-ercan-aciklama.jpg?ver=169b23dd1593f21e012182818014944e 1024w, https:\/\/brtk.net\/wp-content\/uploads\/2023\/03\/31\/tatar-ercan-aciklama-300x200.jpg?ver=169b23dd1593f21e012182818014944e 300w, https:\/\/brtk.net\/wp-content\/uploads\/2023\/03\/31\/tatar-ercan-aciklama-768x512.jpg?ver=169b23dd1593f21e012182818014944e 768w\"\/>                            <\/div>\n<p>\u0130ngiltere\u2019de t\u00fcm kesimlerle \u00e7ok olumlu g\u00f6r\u00fc\u015fmeler yap\u0131p yeni siyaseti anlatt\u0131klar\u0131n\u0131 s\u00f6yleyen <a href=\"https:\/\/brtk.net\/\"\/><a href=\"https:\/\/brtk.net\/\"\/><a href=\"https:\/\/brtk.net\/\"\/><a href=\"https:\/\/brtk.net\/\"\/><a href=\"https:\/\/brtk.net\/\"\/><a href=\"https:\/\/brtk.net\/\"\/><a href=\"https:\/\/brtk.net\/\"\/><a href=\"https:\/\/brtk.net\/\"\/><a href=\"https:\/\/brtk.net\/\"\/><a href=\"https:\/\/brtk.net\/\"\/><a href=\"https:\/\/brtk.net\/\"\/><a href=\"https:\/\/brtk.net\/\"\/><a href=\"https:\/\/brtk.net\/\"\/><a href=\"https:\/\/brtk.net\/\">Tatar<\/a>, muhalefete; \u201cBu i\u015fler oturmakla olmuyor. Hakl\u0131 davam\u0131z\u0131 yeni siyasetimizi anlatmak zorunday\u0131z\u201d dedi.<\/p>\n<p>\u0130ngiltere ziyaretine destek olan t\u00fcm yetkililere te\u015fekk\u00fcr eden <a href=\"https:\/\/brtk.net\/\"\/><a href=\"https:\/\/brtk.net\/\"\/><a href=\"https:\/\/brtk.net\/\"\/><a href=\"https:\/\/brtk.net\/\"\/><a href=\"https:\/\/brtk.net\/\"\/><a href=\"https:\/\/brtk.net\/\"\/><a href=\"https:\/\/brtk.net\/\"\/><a href=\"https:\/\/brtk.net\/\"\/><a href=\"https:\/\/brtk.net\/\"\/><a href=\"https:\/\/brtk.net\/\"\/><a href=\"https:\/\/brtk.net\/\"\/><a href=\"https:\/\/brtk.net\/\"\/><a href=\"https:\/\/brtk.net\/\"\/><a href=\"https:\/\/brtk.net\/\">Tatar<\/a>, randevular\u0131n kolay al\u0131nmad\u0131\u011f\u0131n\u0131, bu gibi ziyaretlerin kararl\u0131l\u0131kla devam edece\u011fini kaydetti.<\/p>\n<p>Cumhurba\u015fkan\u0131 <a href=\"https:\/\/brtk.net\/\"\/><a href=\"https:\/\/brtk.net\/\"\/><a href=\"https:\/\/brtk.net\/\"\/><a href=\"https:\/\/brtk.net\/\"\/><a href=\"https:\/\/brtk.net\/\"\/><a href=\"https:\/\/brtk.net\/\"\/><a href=\"https:\/\/brtk.net\/\"\/><a href=\"https:\/\/brtk.net\/\"\/><a href=\"https:\/\/brtk.net\/\"\/><a href=\"https:\/\/brtk.net\/\"\/><a href=\"https:\/\/brtk.net\/\"\/><a href=\"https:\/\/brtk.net\/\"\/><a href=\"https:\/\/brtk.net\/\"\/><a href=\"https:\/\/brtk.net\/\">Tatar<\/a>, deprem ac\u0131s\u0131n\u0131n da hi\u00e7 dinmeyece\u011fini, gitti\u011fi her yerde ya\u015fad\u0131klar\u0131 ac\u0131y\u0131 dile getirdi\u011fini ifade etti.<\/p>\n<p>T\u00fcrkiye Cumhuriyeti ile kederde mutlulukta bir olduklar\u0131 ifade eden <a href=\"https:\/\/brtk.net\/\"\/><a href=\"https:\/\/brtk.net\/\"\/><a href=\"https:\/\/brtk.net\/\"\/><a href=\"https:\/\/brtk.net\/\"\/><a href=\"https:\/\/brtk.net\/\"\/><a href=\"https:\/\/brtk.net\/\"\/><a href=\"https:\/\/brtk.net\/\"\/><a href=\"https:\/\/brtk.net\/\"\/><a href=\"https:\/\/brtk.net\/\"\/><a href=\"https:\/\/brtk.net\/\"\/><a href=\"https:\/\/brtk.net\/\"\/><a href=\"https:\/\/brtk.net\/\"\/><a href=\"https:\/\/brtk.net\/\"\/><a href=\"https:\/\/brtk.net\/\">Tatar<\/a>, T\u00fcrkiye Cumhurba\u015fkan\u0131 Yard\u0131mc\u0131s\u0131 Fuat Oktay\u2019a da \u201c\u00fclkeye ho\u015fgeldiniz\u201d dedi.<\/p>\n<p>Bas\u0131n toplant\u0131s\u0131n\u0131n ard\u0131ndan Cumhurba\u015fkan\u0131 <a href=\"https:\/\/brtk.net\/\" target=\"_blank\" rel=\"noopener\"><a href=\"https:\/\/brtk.net\/\" target=\"_blank\" rel=\"noopener\"><a href=\"https:\/\/brtk.net\/\" target=\"_blank\" rel=\"noopener\">Ersin <\/a><a href=\"https:\/\/brtk.net\/\"\/><a href=\"https:\/\/brtk.net\/\"\/><a href=\"https:\/\/brtk.net\/\"\/><a href=\"https:\/\/brtk.net\/\"\/><a href=\"https:\/\/brtk.net\/\"\/><a href=\"https:\/\/brtk.net\/\"\/><a href=\"https:\/\/brtk.net\/\"\/><a href=\"https:\/\/brtk.net\/\"\/><a href=\"https:\/\/brtk.net\/\"\/><a href=\"https:\/\/brtk.net\/\"\/><a href=\"https:\/\/brtk.net\/\"\/><a href=\"https:\/\/brtk.net\/\"\/><a href=\"https:\/\/brtk.net\/\"\/><a href=\"https:\/\/brtk.net\/\">Tatar<\/a>, Ercan\u2019da kendisini kar\u015f\u0131layan vatanda\u015flar\u0131 selamlad\u0131 ve te\u015fekk\u00fcr etti.<\/p>\n<p>Kar\u015f\u0131lamada \u201cK\u0131br\u0131s T\u00fcrk\u2019t\u00fcr T\u00fcrk Kalacak\u201d, \u201cCumhurba\u015fkan\u0131m\u0131z <a href=\"https:\/\/brtk.net\/\" target=\"_blank\" rel=\"noopener\"><a href=\"https:\/\/brtk.net\/\" target=\"_blank\" rel=\"noopener\"><a href=\"https:\/\/brtk.net\/\" target=\"_blank\" rel=\"noopener\">Ersin <\/a><a href=\"https:\/\/brtk.net\/\"\/><a href=\"https:\/\/brtk.net\/\"\/><a href=\"https:\/\/brtk.net\/\"\/><a href=\"https:\/\/brtk.net\/\"\/><a href=\"https:\/\/brtk.net\/\"\/><a href=\"https:\/\/brtk.net\/\"\/><a href=\"https:\/\/brtk.net\/\"\/><a href=\"https:\/\/brtk.net\/\"\/><a href=\"https:\/\/brtk.net\/\"\/><a href=\"https:\/\/brtk.net\/\"\/><a href=\"https:\/\/brtk.net\/\"\/><a href=\"https:\/\/brtk.net\/\"\/><a href=\"https:\/\/brtk.net\/\"\/><a href=\"https:\/\/brtk.net\/\">Tatar<\/a> Yaln\u0131z De\u011fildir\u201d \u015feklinde pankartlar a\u00e7\u0131ld\u0131, sloganlar at\u0131ld\u0131. <\/p>\n<p><a href=\"https:\/\/brtk.net\/\">BRT<\/a><\/p>\n<\/p><\/div>\n<p><script async\n                    defer\n                    crossorigin=\"anonymous\"\n                    src=\"https:\/\/connect.facebook.net\/tr_TR\/sdk.js#xfbml=1&#038;version=v3.3\"\n            ><\/script><\/p>\n","protected":false},"excerpt":{"rendered":"<p>Cumhurba\u015fkan\u0131 Ersin Tatar, \u0130ngiltere\u2019nin ba\u015fkenti Londra\u2019daki temaslar\u0131n\u0131 tamamlayarak, \u00fclkeye d\u00f6nd\u00fc. \u0130ngiltere\u2019de verece\u011fi konferans \u00f6ncesinde Rum \u00f6\u011frencilerin protestosuna maruz kalan Cumhurba\u015fkan\u0131 Tatar\u2019\u0131 \u00fclkeye d\u00f6n\u00fc\u015f\u00fcnde vatanda\u015flar alk\u0131\u015flar, pankartlar ve bayraklarla kar\u015f\u0131lad\u0131, destek belirtti. Cumhurba\u015fkan\u0131 Tatar, Ercan\u2019da bas\u0131n toplant\u0131s\u0131 d\u00fczenleyerek, Londra\u2019da yapt\u0131\u011f\u0131 temaslar\u0131 de\u011ferlendirdi. Tatar, kendisini kar\u015f\u0131lamaya gelen herkese te\u015fekk\u00fcr etti, halk\u0131n birlik beraberlik i\u00e7inde m\u00fccadelesini, hak hukuk<\/p>\n","protected":false},"author":1,"featured_media":4349,"comment_status":"open","ping_status":"open","sticky":false,"template":"","format":"standard","meta":{"footnotes":""},"categories":[1],"tags":[],"class_list":["post-4348","post","type-post","status-publish","format-standard","has-post-thumbnail","hentry","category-gundem"],"yoast_head":"<!-- This site is optimized with the Yoast SEO plugin v27.5 - https:\/\/yoast.com\/product\/yoast-seo-wordpress\/ -->\n<title>Tatar: Her t\u00fcrl\u00fc engellemeye kar\u015f\u0131 hakl\u0131 dava m\u00fccadelemizi s\u00fcrd\u00fcrece\u011fim -<\/title>\n<meta name=\"robots\" content=\"index, follow, max-snippet:-1, max-image-preview:large, max-video-preview:-1\" \/>\n<link rel=\"canonical\" href=\"https:\/\/kibrisdakik.com\/?p=4348\" \/>\n<meta property=\"og:locale\" content=\"tr_TR\" \/>\n<meta property=\"og:type\" content=\"article\" \/>\n<meta property=\"og:title\" content=\"Tatar: Her t\u00fcrl\u00fc engellemeye kar\u015f\u0131 hakl\u0131 dava m\u00fccadelemizi s\u00fcrd\u00fcrece\u011fim -\" \/>\n<meta property=\"og:description\" content=\"Cumhurba\u015fkan\u0131 Ersin Tatar, \u0130ngiltere\u2019nin ba\u015fkenti Londra\u2019daki temaslar\u0131n\u0131 tamamlayarak, \u00fclkeye d\u00f6nd\u00fc. \u0130ngiltere\u2019de verece\u011fi konferans \u00f6ncesinde Rum \u00f6\u011frencilerin protestosuna maruz kalan Cumhurba\u015fkan\u0131 Tatar\u2019\u0131 \u00fclkeye d\u00f6n\u00fc\u015f\u00fcnde vatanda\u015flar alk\u0131\u015flar, pankartlar ve bayraklarla kar\u015f\u0131lad\u0131, destek belirtti. Cumhurba\u015fkan\u0131 Tatar, Ercan\u2019da bas\u0131n toplant\u0131s\u0131 d\u00fczenleyerek, Londra\u2019da yapt\u0131\u011f\u0131 temaslar\u0131 de\u011ferlendirdi. Tatar, kendisini kar\u015f\u0131lamaya gelen herkese te\u015fekk\u00fcr etti, halk\u0131n birlik beraberlik i\u00e7inde m\u00fccadelesini, hak hukuk\" \/>\n<meta property=\"og:url\" content=\"https:\/\/kibrisdakik.com\/?p=4348\" \/>\n<meta property=\"article:published_time\" content=\"2023-03-31T19:26:08+00:00\" \/>\n<meta property=\"og:image\" content=\"https:\/\/kibrisdakik.com\/wp-content\/uploads\/2023\/03\/tatar-ercan-aciklama-740x420.jpg\" \/>\n\t<meta property=\"og:image:width\" content=\"1024\" \/>\n\t<meta property=\"og:image:height\" content=\"682\" \/>\n\t<meta property=\"og:image:type\" content=\"image\/jpeg\" \/>\n<meta name=\"author\" content=\"admin\" \/>\n<meta name=\"twitter:card\" content=\"summary_large_image\" \/>\n<meta name=\"twitter:label1\" content=\"Yazan:\" \/>\n\t<meta name=\"twitter:data1\" content=\"admin\" \/>\n\t<meta name=\"twitter:label2\" content=\"Tahmini okuma s\u00fcresi\" \/>\n\t<meta name=\"twitter:data2\" content=\"2 dakika\" \/>\n<script type=\"application\/ld+json\" class=\"yoast-schema-graph\">{\"@context\":\"https:\\\/\\\/schema.org\",\"@graph\":[{\"@type\":\"Article\",\"@id\":\"https:\\\/\\\/kibrisdakik.com\\\/?p=4348#article\",\"isPartOf\":{\"@id\":\"https:\\\/\\\/kibrisdakik.com\\\/?p=4348\"},\"author\":{\"name\":\"admin\",\"@id\":\"https:\\\/\\\/kibrisdakik.com\\\/#\\\/schema\\\/person\\\/9cd9d437bbb44f72b73ba127e06d8e79\"},\"headline\":\"Tatar: Her t\u00fcrl\u00fc engellemeye kar\u015f\u0131 hakl\u0131 dava m\u00fccadelemizi s\u00fcrd\u00fcrece\u011fim\",\"datePublished\":\"2023-03-31T19:26:08+00:00\",\"mainEntityOfPage\":{\"@id\":\"https:\\\/\\\/kibrisdakik.com\\\/?p=4348\"},\"wordCount\":502,\"commentCount\":0,\"image\":{\"@id\":\"https:\\\/\\\/kibrisdakik.com\\\/?p=4348#primaryimage\"},\"thumbnailUrl\":\"https:\\\/\\\/kibrisdakik.com\\\/wp-content\\\/uploads\\\/2023\\\/03\\\/tatar-ercan-aciklama-740x420.jpg\",\"articleSection\":[\"G\u00fcndem\"],\"inLanguage\":\"tr\",\"potentialAction\":[{\"@type\":\"CommentAction\",\"name\":\"Comment\",\"target\":[\"https:\\\/\\\/kibrisdakik.com\\\/?p=4348#respond\"]}]},{\"@type\":\"WebPage\",\"@id\":\"https:\\\/\\\/kibrisdakik.com\\\/?p=4348\",\"url\":\"https:\\\/\\\/kibrisdakik.com\\\/?p=4348\",\"name\":\"Tatar: Her t\u00fcrl\u00fc engellemeye kar\u015f\u0131 hakl\u0131 dava m\u00fccadelemizi s\u00fcrd\u00fcrece\u011fim -\",\"isPartOf\":{\"@id\":\"https:\\\/\\\/kibrisdakik.com\\\/#website\"},\"primaryImageOfPage\":{\"@id\":\"https:\\\/\\\/kibrisdakik.com\\\/?p=4348#primaryimage\"},\"image\":{\"@id\":\"https:\\\/\\\/kibrisdakik.com\\\/?p=4348#primaryimage\"},\"thumbnailUrl\":\"https:\\\/\\\/kibrisdakik.com\\\/wp-content\\\/uploads\\\/2023\\\/03\\\/tatar-ercan-aciklama-740x420.jpg\",\"datePublished\":\"2023-03-31T19:26:08+00:00\",\"author\":{\"@id\":\"https:\\\/\\\/kibrisdakik.com\\\/#\\\/schema\\\/person\\\/9cd9d437bbb44f72b73ba127e06d8e79\"},\"breadcrumb\":{\"@id\":\"https:\\\/\\\/kibrisdakik.com\\\/?p=4348#breadcrumb\"},\"inLanguage\":\"tr\",\"potentialAction\":[{\"@type\":\"ReadAction\",\"target\":[\"https:\\\/\\\/kibrisdakik.com\\\/?p=4348\"]}]},{\"@type\":\"ImageObject\",\"inLanguage\":\"tr\",\"@id\":\"https:\\\/\\\/kibrisdakik.com\\\/?p=4348#primaryimage\",\"url\":\"https:\\\/\\\/kibrisdakik.com\\\/wp-content\\\/uploads\\\/2023\\\/03\\\/tatar-ercan-aciklama-740x420.jpg\",\"contentUrl\":\"https:\\\/\\\/kibrisdakik.com\\\/wp-content\\\/uploads\\\/2023\\\/03\\\/tatar-ercan-aciklama-740x420.jpg\",\"width\":1024,\"height\":682},{\"@type\":\"BreadcrumbList\",\"@id\":\"https:\\\/\\\/kibrisdakik.com\\\/?p=4348#breadcrumb\",\"itemListElement\":[{\"@type\":\"ListItem\",\"position\":1,\"name\":\"Home\",\"item\":\"https:\\\/\\\/kibrisdakik.com\\\/\"},{\"@type\":\"ListItem\",\"position\":2,\"name\":\"Tatar: Her t\u00fcrl\u00fc engellemeye kar\u015f\u0131 hakl\u0131 dava m\u00fccadelemizi s\u00fcrd\u00fcrece\u011fim\"}]},{\"@type\":\"WebSite\",\"@id\":\"https:\\\/\\\/kibrisdakik.com\\\/#website\",\"url\":\"https:\\\/\\\/kibrisdakik.com\\\/\",\"name\":\"\",\"description\":\"Tam vaktinde haber\",\"potentialAction\":[{\"@type\":\"SearchAction\",\"target\":{\"@type\":\"EntryPoint\",\"urlTemplate\":\"https:\\\/\\\/kibrisdakik.com\\\/?s={search_term_string}\"},\"query-input\":{\"@type\":\"PropertyValueSpecification\",\"valueRequired\":true,\"valueName\":\"search_term_string\"}}],\"inLanguage\":\"tr\"},{\"@type\":\"Person\",\"@id\":\"https:\\\/\\\/kibrisdakik.com\\\/#\\\/schema\\\/person\\\/9cd9d437bbb44f72b73ba127e06d8e79\",\"name\":\"admin\",\"image\":{\"@type\":\"ImageObject\",\"inLanguage\":\"tr\",\"@id\":\"https:\\\/\\\/secure.gravatar.com\\\/avatar\\\/ccc17943b9d660506c869530f897617f7cb1c21a4bf30023f252596d83e1f007?s=96&d=mm&r=g\",\"url\":\"https:\\\/\\\/secure.gravatar.com\\\/avatar\\\/ccc17943b9d660506c869530f897617f7cb1c21a4bf30023f252596d83e1f007?s=96&d=mm&r=g\",\"contentUrl\":\"https:\\\/\\\/secure.gravatar.com\\\/avatar\\\/ccc17943b9d660506c869530f897617f7cb1c21a4bf30023f252596d83e1f007?s=96&d=mm&r=g\",\"caption\":\"admin\"},\"sameAs\":[\"https:\\\/\\\/kibrisdakik.com\"],\"url\":\"https:\\\/\\\/kibrisdakik.com\\\/?author=1\"}]}<\/script>\n<!-- \/ Yoast SEO plugin. -->","yoast_head_json":{"title":"Tatar: Her t\u00fcrl\u00fc engellemeye kar\u015f\u0131 hakl\u0131 dava m\u00fccadelemizi s\u00fcrd\u00fcrece\u011fim -","robots":{"index":"index","follow":"follow","max-snippet":"max-snippet:-1","max-image-preview":"max-image-preview:large","max-video-preview":"max-video-preview:-1"},"canonical":"https:\/\/kibrisdakik.com\/?p=4348","og_locale":"tr_TR","og_type":"article","og_title":"Tatar: Her t\u00fcrl\u00fc engellemeye kar\u015f\u0131 hakl\u0131 dava m\u00fccadelemizi s\u00fcrd\u00fcrece\u011fim -","og_description":"Cumhurba\u015fkan\u0131 Ersin Tatar, \u0130ngiltere\u2019nin ba\u015fkenti Londra\u2019daki temaslar\u0131n\u0131 tamamlayarak, \u00fclkeye d\u00f6nd\u00fc. \u0130ngiltere\u2019de verece\u011fi konferans \u00f6ncesinde Rum \u00f6\u011frencilerin protestosuna maruz kalan Cumhurba\u015fkan\u0131 Tatar\u2019\u0131 \u00fclkeye d\u00f6n\u00fc\u015f\u00fcnde vatanda\u015flar alk\u0131\u015flar, pankartlar ve bayraklarla kar\u015f\u0131lad\u0131, destek belirtti. Cumhurba\u015fkan\u0131 Tatar, Ercan\u2019da bas\u0131n toplant\u0131s\u0131 d\u00fczenleyerek, Londra\u2019da yapt\u0131\u011f\u0131 temaslar\u0131 de\u011ferlendirdi. Tatar, kendisini kar\u015f\u0131lamaya gelen herkese te\u015fekk\u00fcr etti, halk\u0131n birlik beraberlik i\u00e7inde m\u00fccadelesini, hak hukuk","og_url":"https:\/\/kibrisdakik.com\/?p=4348","article_published_time":"2023-03-31T19:26:08+00:00","og_image":[{"width":1024,"height":682,"url":"https:\/\/kibrisdakik.com\/wp-content\/uploads\/2023\/03\/tatar-ercan-aciklama-740x420.jpg","type":"image\/jpeg"}],"author":"admin","twitter_card":"summary_large_image","twitter_misc":{"Yazan:":"admin","Tahmini okuma s\u00fcresi":"2 dakika"},"schema":{"@context":"https:\/\/schema.org","@graph":[{"@type":"Article","@id":"https:\/\/kibrisdakik.com\/?p=4348#article","isPartOf":{"@id":"https:\/\/kibrisdakik.com\/?p=4348"},"author":{"name":"admin","@id":"https:\/\/kibrisdakik.com\/#\/schema\/person\/9cd9d437bbb44f72b73ba127e06d8e79"},"headline":"Tatar: Her t\u00fcrl\u00fc engellemeye kar\u015f\u0131 hakl\u0131 dava m\u00fccadelemizi s\u00fcrd\u00fcrece\u011fim","datePublished":"2023-03-31T19:26:08+00:00","mainEntityOfPage":{"@id":"https:\/\/kibrisdakik.com\/?p=4348"},"wordCount":502,"commentCount":0,"image":{"@id":"https:\/\/kibrisdakik.com\/?p=4348#primaryimage"},"thumbnailUrl":"https:\/\/kibrisdakik.com\/wp-content\/uploads\/2023\/03\/tatar-ercan-aciklama-740x420.jpg","articleSection":["G\u00fcndem"],"inLanguage":"tr","potentialAction":[{"@type":"CommentAction","name":"Comment","target":["https:\/\/kibrisdakik.com\/?p=4348#respond"]}]},{"@type":"WebPage","@id":"https:\/\/kibrisdakik.com\/?p=4348","url":"https:\/\/kibrisdakik.com\/?p=4348","name":"Tatar: Her t\u00fcrl\u00fc engellemeye kar\u015f\u0131 hakl\u0131 dava m\u00fccadelemizi s\u00fcrd\u00fcrece\u011fim -","isPartOf":{"@id":"https:\/\/kibrisdakik.com\/#website"},"primaryImageOfPage":{"@id":"https:\/\/kibrisdakik.com\/?p=4348#primaryimage"},"image":{"@id":"https:\/\/kibrisdakik.com\/?p=4348#primaryimage"},"thumbnailUrl":"https:\/\/kibrisdakik.com\/wp-content\/uploads\/2023\/03\/tatar-ercan-aciklama-740x420.jpg","datePublished":"2023-03-31T19:26:08+00:00","author":{"@id":"https:\/\/kibrisdakik.com\/#\/schema\/person\/9cd9d437bbb44f72b73ba127e06d8e79"},"breadcrumb":{"@id":"https:\/\/kibrisdakik.com\/?p=4348#breadcrumb"},"inLanguage":"tr","potentialAction":[{"@type":"ReadAction","target":["https:\/\/kibrisdakik.com\/?p=4348"]}]},{"@type":"ImageObject","inLanguage":"tr","@id":"https:\/\/kibrisdakik.com\/?p=4348#primaryimage","url":"https:\/\/kibrisdakik.com\/wp-content\/uploads\/2023\/03\/tatar-ercan-aciklama-740x420.jpg","contentUrl":"https:\/\/kibrisdakik.com\/wp-content\/uploads\/2023\/03\/tatar-ercan-aciklama-740x420.jpg","width":1024,"height":682},{"@type":"BreadcrumbList","@id":"https:\/\/kibrisdakik.com\/?p=4348#breadcrumb","itemListElement":[{"@type":"ListItem","position":1,"name":"Home","item":"https:\/\/kibrisdakik.com\/"},{"@type":"ListItem","position":2,"name":"Tatar: Her t\u00fcrl\u00fc engellemeye kar\u015f\u0131 hakl\u0131 dava m\u00fccadelemizi s\u00fcrd\u00fcrece\u011fim"}]},{"@type":"WebSite","@id":"https:\/\/kibrisdakik.com\/#website","url":"https:\/\/kibrisdakik.com\/","name":"","description":"Tam vaktinde haber","potentialAction":[{"@type":"SearchAction","target":{"@type":"EntryPoint","urlTemplate":"https:\/\/kibrisdakik.com\/?s={search_term_string}"},"query-input":{"@type":"PropertyValueSpecification","valueRequired":true,"valueName":"search_term_string"}}],"inLanguage":"tr"},{"@type":"Person","@id":"https:\/\/kibrisdakik.com\/#\/schema\/person\/9cd9d437bbb44f72b73ba127e06d8e79","name":"admin","image":{"@type":"ImageObject","inLanguage":"tr","@id":"https:\/\/secure.gravatar.com\/avatar\/ccc17943b9d660506c869530f897617f7cb1c21a4bf30023f252596d83e1f007?s=96&d=mm&r=g","url":"https:\/\/secure.gravatar.com\/avatar\/ccc17943b9d660506c869530f897617f7cb1c21a4bf30023f252596d83e1f007?s=96&d=mm&r=g","contentUrl":"https:\/\/secure.gravatar.com\/avatar\/ccc17943b9d660506c869530f897617f7cb1c21a4bf30023f252596d83e1f007?s=96&d=mm&r=g","caption":"admin"},"sameAs":["https:\/\/kibrisdakik.com"],"url":"https:\/\/kibrisdakik.com\/?author=1"}]}},"_links":{"self":[{"href":"https:\/\/kibrisdakik.com\/index.php?rest_route=\/wp\/v2\/posts\/4348","targetHints":{"allow":["GET"]}}],"collection":[{"href":"https:\/\/kibrisdakik.com\/index.php?rest_route=\/wp\/v2\/posts"}],"about":[{"href":"https:\/\/kibrisdakik.com\/index.php?rest_route=\/wp\/v2\/types\/post"}],"author":[{"embeddable":true,"href":"https:\/\/kibrisdakik.com\/index.php?rest_route=\/wp\/v2\/users\/1"}],"replies":[{"embeddable":true,"href":"https:\/\/kibrisdakik.com\/index.php?rest_route=%2Fwp%2Fv2%2Fcomments&post=4348"}],"version-history":[{"count":0,"href":"https:\/\/kibrisdakik.com\/index.php?rest_route=\/wp\/v2\/posts\/4348\/revisions"}],"wp:featuredmedia":[{"embeddable":true,"href":"https:\/\/kibrisdakik.com\/index.php?rest_route=\/wp\/v2\/media\/4349"}],"wp:attachment":[{"href":"https:\/\/kibrisdakik.com\/index.php?rest_route=%2Fwp%2Fv2%2Fmedia&parent=4348"}],"wp:term":[{"taxonomy":"category","embeddable":true,"href":"https:\/\/kibrisdakik.com\/index.php?rest_route=%2Fwp%2Fv2%2Fcategories&post=4348"},{"taxonomy":"post_tag","embeddable":true,"href":"https:\/\/kibrisdakik.com\/index.php?rest_route=%2Fwp%2Fv2%2Ftags&post=4348"}],"curies":[{"name":"wp","href":"https:\/\/api.w.org\/{rel}","templated":true}]}}