{"id":43517,"date":"2024-05-28T07:58:32","date_gmt":"2024-05-28T07:58:32","guid":{"rendered":"https:\/\/kibrisdakik.com\/index.php\/2024\/05\/28\/hayvan-ureticilerinin-eylemi-dokuzuncu-gununde\/"},"modified":"2024-05-28T07:58:32","modified_gmt":"2024-05-28T07:58:32","slug":"hayvan-ureticilerinin-eylemi-dokuzuncu-gununde","status":"publish","type":"post","link":"https:\/\/kibrisdakik.com\/?p=43517","title":{"rendered":"Hayvan \u00fcreticilerinin eylemi dokuzuncu g\u00fcn\u00fcnde"},"content":{"rendered":"<p><img decoding=\"async\" src=\"https:\/\/www.kibristurk.com\/images\/haberler\/2024\/05\/hayvan-ureticilerinin-eylemi-dokuzuncu-gununde-1716881351.webp\" \/><\/p>\n<p style=\"text-align:left\"><span style=\"font-size:16px\"><span style=\"font-family:Merriweather,serif !important\"><span style=\"color:#000000\"><span style=\"background-color:#ffffff\">Eylemciler, Ba\u015fbakanl\u0131k \u00f6n\u00fcnde toplanmaya ba\u015flad\u0131.<\/span><\/span><\/span><\/span><\/p>\n<p style=\"text-align:left\"><span style=\"font-size:16px\"><span style=\"font-family:Merriweather,serif !important\"><span style=\"color:#000000\"><span style=\"background-color:#ffffff\">Hayvan \u00dcreticileri ve Yeti\u015ftiricileri Birli\u011fi, d\u00fcn Ba\u015fbakanl\u0131k \u00f6n\u00fcnde sendika, siyasi parti ve \u00f6rg\u00fctlerin deste\u011fiyle eylem yapm\u0131\u015ft\u0131. Eyleme destek veren baz\u0131 sendikalar, greve de gitmi\u015fti.<\/span><\/span><\/span><\/span><\/p>\n<p style=\"text-align:left\"><span style=\"font-size:16px\"><span style=\"font-family:Merriweather,serif !important\"><span style=\"color:#000000\"><span style=\"background-color:#ffffff\">Hayvan \u00dcreticileri ve Yeti\u015ftiricileri Birli\u011fi Ba\u015fkan\u0131 Mustafa Naimo\u011fullar\u0131 d\u00fcn ayr\u0131ca bir ay s\u00fcreyle canl\u0131 hayvan sat\u0131\u015f\u0131n\u0131 durdurma karar\u0131 ald\u0131klar\u0131n\u0131 a\u00e7\u0131klam\u0131\u015ft\u0131.<\/span><\/span><\/span><\/span><\/p>\n","protected":false},"excerpt":{"rendered":"<p>Eylemciler, Ba\u015fbakanl\u0131k \u00f6n\u00fcnde toplanmaya ba\u015flad\u0131. Hayvan \u00dcreticileri ve Yeti\u015ftiricileri Birli\u011fi, d\u00fcn Ba\u015fbakanl\u0131k \u00f6n\u00fcnde sendika, siyasi parti ve \u00f6rg\u00fctlerin deste\u011fiyle eylem yapm\u0131\u015ft\u0131. Eyleme destek veren baz\u0131 sendikalar, greve de gitmi\u015fti. Hayvan \u00dcreticileri ve Yeti\u015ftiricileri Birli\u011fi Ba\u015fkan\u0131 Mustafa Naimo\u011fullar\u0131 d\u00fcn ayr\u0131ca bir ay s\u00fcreyle canl\u0131 hayvan sat\u0131\u015f\u0131n\u0131 durdurma karar\u0131 ald\u0131klar\u0131n\u0131 a\u00e7\u0131klam\u0131\u015ft\u0131.<\/p>\n","protected":false},"author":1,"featured_media":43518,"comment_status":"open","ping_status":"open","sticky":false,"template":"","format":"standard","meta":{"footnotes":""},"categories":[85],"tags":[],"class_list":["post-43517","post","type-post","status-publish","format-standard","has-post-thumbnail","hentry","category-spor"],"yoast_head":"<!-- This site is optimized with the Yoast SEO plugin v27.4 - https:\/\/yoast.com\/product\/yoast-seo-wordpress\/ -->\n<title>Hayvan \u00fcreticilerinin eylemi dokuzuncu g\u00fcn\u00fcnde -<\/title>\n<meta name=\"robots\" content=\"index, follow, max-snippet:-1, max-image-preview:large, max-video-preview:-1\" \/>\n<link rel=\"canonical\" href=\"https:\/\/kibrisdakik.com\/?p=43517\" \/>\n<meta property=\"og:locale\" content=\"tr_TR\" \/>\n<meta property=\"og:type\" content=\"article\" \/>\n<meta property=\"og:title\" content=\"Hayvan \u00fcreticilerinin eylemi dokuzuncu g\u00fcn\u00fcnde -\" \/>\n<meta property=\"og:description\" content=\"Eylemciler, Ba\u015fbakanl\u0131k \u00f6n\u00fcnde toplanmaya ba\u015flad\u0131. Hayvan \u00dcreticileri ve Yeti\u015ftiricileri Birli\u011fi, d\u00fcn Ba\u015fbakanl\u0131k \u00f6n\u00fcnde sendika, siyasi parti ve \u00f6rg\u00fctlerin deste\u011fiyle eylem yapm\u0131\u015ft\u0131. Eyleme destek veren baz\u0131 sendikalar, greve de gitmi\u015fti. Hayvan \u00dcreticileri ve Yeti\u015ftiricileri Birli\u011fi Ba\u015fkan\u0131 Mustafa Naimo\u011fullar\u0131 d\u00fcn ayr\u0131ca bir ay s\u00fcreyle canl\u0131 hayvan sat\u0131\u015f\u0131n\u0131 durdurma karar\u0131 ald\u0131klar\u0131n\u0131 a\u00e7\u0131klam\u0131\u015ft\u0131.\" \/>\n<meta property=\"og:url\" content=\"https:\/\/kibrisdakik.com\/?p=43517\" \/>\n<meta property=\"article:published_time\" content=\"2024-05-28T07:58:32+00:00\" \/>\n<meta property=\"og:image\" content=\"https:\/\/kibrisdakik.com\/wp-content\/uploads\/2024\/05\/hayvan-ureticilerinin-eylemi-dokuzuncu-gununde-1716881351.webp.webp\" \/>\n\t<meta property=\"og:image:width\" content=\"710\" \/>\n\t<meta property=\"og:image:height\" content=\"370\" \/>\n\t<meta property=\"og:image:type\" content=\"image\/webp\" \/>\n<meta name=\"author\" content=\"admin\" \/>\n<meta name=\"twitter:card\" content=\"summary_large_image\" \/>\n<meta name=\"twitter:label1\" content=\"Yazan:\" \/>\n\t<meta name=\"twitter:data1\" content=\"admin\" \/>\n<script type=\"application\/ld+json\" class=\"yoast-schema-graph\">{\"@context\":\"https:\\\/\\\/schema.org\",\"@graph\":[{\"@type\":\"Article\",\"@id\":\"https:\\\/\\\/kibrisdakik.com\\\/?p=43517#article\",\"isPartOf\":{\"@id\":\"https:\\\/\\\/kibrisdakik.com\\\/?p=43517\"},\"author\":{\"name\":\"admin\",\"@id\":\"https:\\\/\\\/kibrisdakik.com\\\/#\\\/schema\\\/person\\\/9cd9d437bbb44f72b73ba127e06d8e79\"},\"headline\":\"Hayvan \u00fcreticilerinin eylemi dokuzuncu g\u00fcn\u00fcnde\",\"datePublished\":\"2024-05-28T07:58:32+00:00\",\"mainEntityOfPage\":{\"@id\":\"https:\\\/\\\/kibrisdakik.com\\\/?p=43517\"},\"wordCount\":82,\"commentCount\":0,\"image\":{\"@id\":\"https:\\\/\\\/kibrisdakik.com\\\/?p=43517#primaryimage\"},\"thumbnailUrl\":\"https:\\\/\\\/kibrisdakik.com\\\/wp-content\\\/uploads\\\/2024\\\/05\\\/hayvan-ureticilerinin-eylemi-dokuzuncu-gununde-1716881351.webp.webp\",\"articleSection\":[\"Spor\"],\"inLanguage\":\"tr\",\"potentialAction\":[{\"@type\":\"CommentAction\",\"name\":\"Comment\",\"target\":[\"https:\\\/\\\/kibrisdakik.com\\\/?p=43517#respond\"]}]},{\"@type\":\"WebPage\",\"@id\":\"https:\\\/\\\/kibrisdakik.com\\\/?p=43517\",\"url\":\"https:\\\/\\\/kibrisdakik.com\\\/?p=43517\",\"name\":\"Hayvan \u00fcreticilerinin eylemi dokuzuncu g\u00fcn\u00fcnde -\",\"isPartOf\":{\"@id\":\"https:\\\/\\\/kibrisdakik.com\\\/#website\"},\"primaryImageOfPage\":{\"@id\":\"https:\\\/\\\/kibrisdakik.com\\\/?p=43517#primaryimage\"},\"image\":{\"@id\":\"https:\\\/\\\/kibrisdakik.com\\\/?p=43517#primaryimage\"},\"thumbnailUrl\":\"https:\\\/\\\/kibrisdakik.com\\\/wp-content\\\/uploads\\\/2024\\\/05\\\/hayvan-ureticilerinin-eylemi-dokuzuncu-gununde-1716881351.webp.webp\",\"datePublished\":\"2024-05-28T07:58:32+00:00\",\"author\":{\"@id\":\"https:\\\/\\\/kibrisdakik.com\\\/#\\\/schema\\\/person\\\/9cd9d437bbb44f72b73ba127e06d8e79\"},\"breadcrumb\":{\"@id\":\"https:\\\/\\\/kibrisdakik.com\\\/?p=43517#breadcrumb\"},\"inLanguage\":\"tr\",\"potentialAction\":[{\"@type\":\"ReadAction\",\"target\":[\"https:\\\/\\\/kibrisdakik.com\\\/?p=43517\"]}]},{\"@type\":\"ImageObject\",\"inLanguage\":\"tr\",\"@id\":\"https:\\\/\\\/kibrisdakik.com\\\/?p=43517#primaryimage\",\"url\":\"https:\\\/\\\/kibrisdakik.com\\\/wp-content\\\/uploads\\\/2024\\\/05\\\/hayvan-ureticilerinin-eylemi-dokuzuncu-gununde-1716881351.webp.webp\",\"contentUrl\":\"https:\\\/\\\/kibrisdakik.com\\\/wp-content\\\/uploads\\\/2024\\\/05\\\/hayvan-ureticilerinin-eylemi-dokuzuncu-gununde-1716881351.webp.webp\",\"width\":710,\"height\":370},{\"@type\":\"BreadcrumbList\",\"@id\":\"https:\\\/\\\/kibrisdakik.com\\\/?p=43517#breadcrumb\",\"itemListElement\":[{\"@type\":\"ListItem\",\"position\":1,\"name\":\"Home\",\"item\":\"https:\\\/\\\/kibrisdakik.com\\\/\"},{\"@type\":\"ListItem\",\"position\":2,\"name\":\"Hayvan \u00fcreticilerinin eylemi dokuzuncu g\u00fcn\u00fcnde\"}]},{\"@type\":\"WebSite\",\"@id\":\"https:\\\/\\\/kibrisdakik.com\\\/#website\",\"url\":\"https:\\\/\\\/kibrisdakik.com\\\/\",\"name\":\"\",\"description\":\"Tam vaktinde haber\",\"potentialAction\":[{\"@type\":\"SearchAction\",\"target\":{\"@type\":\"EntryPoint\",\"urlTemplate\":\"https:\\\/\\\/kibrisdakik.com\\\/?s={search_term_string}\"},\"query-input\":{\"@type\":\"PropertyValueSpecification\",\"valueRequired\":true,\"valueName\":\"search_term_string\"}}],\"inLanguage\":\"tr\"},{\"@type\":\"Person\",\"@id\":\"https:\\\/\\\/kibrisdakik.com\\\/#\\\/schema\\\/person\\\/9cd9d437bbb44f72b73ba127e06d8e79\",\"name\":\"admin\",\"image\":{\"@type\":\"ImageObject\",\"inLanguage\":\"tr\",\"@id\":\"https:\\\/\\\/secure.gravatar.com\\\/avatar\\\/ccc17943b9d660506c869530f897617f7cb1c21a4bf30023f252596d83e1f007?s=96&d=mm&r=g\",\"url\":\"https:\\\/\\\/secure.gravatar.com\\\/avatar\\\/ccc17943b9d660506c869530f897617f7cb1c21a4bf30023f252596d83e1f007?s=96&d=mm&r=g\",\"contentUrl\":\"https:\\\/\\\/secure.gravatar.com\\\/avatar\\\/ccc17943b9d660506c869530f897617f7cb1c21a4bf30023f252596d83e1f007?s=96&d=mm&r=g\",\"caption\":\"admin\"},\"sameAs\":[\"https:\\\/\\\/kibrisdakik.com\"],\"url\":\"https:\\\/\\\/kibrisdakik.com\\\/?author=1\"}]}<\/script>\n<!-- \/ Yoast SEO plugin. -->","yoast_head_json":{"title":"Hayvan \u00fcreticilerinin eylemi dokuzuncu g\u00fcn\u00fcnde -","robots":{"index":"index","follow":"follow","max-snippet":"max-snippet:-1","max-image-preview":"max-image-preview:large","max-video-preview":"max-video-preview:-1"},"canonical":"https:\/\/kibrisdakik.com\/?p=43517","og_locale":"tr_TR","og_type":"article","og_title":"Hayvan \u00fcreticilerinin eylemi dokuzuncu g\u00fcn\u00fcnde -","og_description":"Eylemciler, Ba\u015fbakanl\u0131k \u00f6n\u00fcnde toplanmaya ba\u015flad\u0131. Hayvan \u00dcreticileri ve Yeti\u015ftiricileri Birli\u011fi, d\u00fcn Ba\u015fbakanl\u0131k \u00f6n\u00fcnde sendika, siyasi parti ve \u00f6rg\u00fctlerin deste\u011fiyle eylem yapm\u0131\u015ft\u0131. Eyleme destek veren baz\u0131 sendikalar, greve de gitmi\u015fti. Hayvan \u00dcreticileri ve Yeti\u015ftiricileri Birli\u011fi Ba\u015fkan\u0131 Mustafa Naimo\u011fullar\u0131 d\u00fcn ayr\u0131ca bir ay s\u00fcreyle canl\u0131 hayvan sat\u0131\u015f\u0131n\u0131 durdurma karar\u0131 ald\u0131klar\u0131n\u0131 a\u00e7\u0131klam\u0131\u015ft\u0131.","og_url":"https:\/\/kibrisdakik.com\/?p=43517","article_published_time":"2024-05-28T07:58:32+00:00","og_image":[{"width":710,"height":370,"url":"https:\/\/kibrisdakik.com\/wp-content\/uploads\/2024\/05\/hayvan-ureticilerinin-eylemi-dokuzuncu-gununde-1716881351.webp.webp","type":"image\/webp"}],"author":"admin","twitter_card":"summary_large_image","twitter_misc":{"Yazan:":"admin"},"schema":{"@context":"https:\/\/schema.org","@graph":[{"@type":"Article","@id":"https:\/\/kibrisdakik.com\/?p=43517#article","isPartOf":{"@id":"https:\/\/kibrisdakik.com\/?p=43517"},"author":{"name":"admin","@id":"https:\/\/kibrisdakik.com\/#\/schema\/person\/9cd9d437bbb44f72b73ba127e06d8e79"},"headline":"Hayvan \u00fcreticilerinin eylemi dokuzuncu g\u00fcn\u00fcnde","datePublished":"2024-05-28T07:58:32+00:00","mainEntityOfPage":{"@id":"https:\/\/kibrisdakik.com\/?p=43517"},"wordCount":82,"commentCount":0,"image":{"@id":"https:\/\/kibrisdakik.com\/?p=43517#primaryimage"},"thumbnailUrl":"https:\/\/kibrisdakik.com\/wp-content\/uploads\/2024\/05\/hayvan-ureticilerinin-eylemi-dokuzuncu-gununde-1716881351.webp.webp","articleSection":["Spor"],"inLanguage":"tr","potentialAction":[{"@type":"CommentAction","name":"Comment","target":["https:\/\/kibrisdakik.com\/?p=43517#respond"]}]},{"@type":"WebPage","@id":"https:\/\/kibrisdakik.com\/?p=43517","url":"https:\/\/kibrisdakik.com\/?p=43517","name":"Hayvan \u00fcreticilerinin eylemi dokuzuncu g\u00fcn\u00fcnde -","isPartOf":{"@id":"https:\/\/kibrisdakik.com\/#website"},"primaryImageOfPage":{"@id":"https:\/\/kibrisdakik.com\/?p=43517#primaryimage"},"image":{"@id":"https:\/\/kibrisdakik.com\/?p=43517#primaryimage"},"thumbnailUrl":"https:\/\/kibrisdakik.com\/wp-content\/uploads\/2024\/05\/hayvan-ureticilerinin-eylemi-dokuzuncu-gununde-1716881351.webp.webp","datePublished":"2024-05-28T07:58:32+00:00","author":{"@id":"https:\/\/kibrisdakik.com\/#\/schema\/person\/9cd9d437bbb44f72b73ba127e06d8e79"},"breadcrumb":{"@id":"https:\/\/kibrisdakik.com\/?p=43517#breadcrumb"},"inLanguage":"tr","potentialAction":[{"@type":"ReadAction","target":["https:\/\/kibrisdakik.com\/?p=43517"]}]},{"@type":"ImageObject","inLanguage":"tr","@id":"https:\/\/kibrisdakik.com\/?p=43517#primaryimage","url":"https:\/\/kibrisdakik.com\/wp-content\/uploads\/2024\/05\/hayvan-ureticilerinin-eylemi-dokuzuncu-gununde-1716881351.webp.webp","contentUrl":"https:\/\/kibrisdakik.com\/wp-content\/uploads\/2024\/05\/hayvan-ureticilerinin-eylemi-dokuzuncu-gununde-1716881351.webp.webp","width":710,"height":370},{"@type":"BreadcrumbList","@id":"https:\/\/kibrisdakik.com\/?p=43517#breadcrumb","itemListElement":[{"@type":"ListItem","position":1,"name":"Home","item":"https:\/\/kibrisdakik.com\/"},{"@type":"ListItem","position":2,"name":"Hayvan \u00fcreticilerinin eylemi dokuzuncu g\u00fcn\u00fcnde"}]},{"@type":"WebSite","@id":"https:\/\/kibrisdakik.com\/#website","url":"https:\/\/kibrisdakik.com\/","name":"","description":"Tam vaktinde haber","potentialAction":[{"@type":"SearchAction","target":{"@type":"EntryPoint","urlTemplate":"https:\/\/kibrisdakik.com\/?s={search_term_string}"},"query-input":{"@type":"PropertyValueSpecification","valueRequired":true,"valueName":"search_term_string"}}],"inLanguage":"tr"},{"@type":"Person","@id":"https:\/\/kibrisdakik.com\/#\/schema\/person\/9cd9d437bbb44f72b73ba127e06d8e79","name":"admin","image":{"@type":"ImageObject","inLanguage":"tr","@id":"https:\/\/secure.gravatar.com\/avatar\/ccc17943b9d660506c869530f897617f7cb1c21a4bf30023f252596d83e1f007?s=96&d=mm&r=g","url":"https:\/\/secure.gravatar.com\/avatar\/ccc17943b9d660506c869530f897617f7cb1c21a4bf30023f252596d83e1f007?s=96&d=mm&r=g","contentUrl":"https:\/\/secure.gravatar.com\/avatar\/ccc17943b9d660506c869530f897617f7cb1c21a4bf30023f252596d83e1f007?s=96&d=mm&r=g","caption":"admin"},"sameAs":["https:\/\/kibrisdakik.com"],"url":"https:\/\/kibrisdakik.com\/?author=1"}]}},"_links":{"self":[{"href":"https:\/\/kibrisdakik.com\/index.php?rest_route=\/wp\/v2\/posts\/43517","targetHints":{"allow":["GET"]}}],"collection":[{"href":"https:\/\/kibrisdakik.com\/index.php?rest_route=\/wp\/v2\/posts"}],"about":[{"href":"https:\/\/kibrisdakik.com\/index.php?rest_route=\/wp\/v2\/types\/post"}],"author":[{"embeddable":true,"href":"https:\/\/kibrisdakik.com\/index.php?rest_route=\/wp\/v2\/users\/1"}],"replies":[{"embeddable":true,"href":"https:\/\/kibrisdakik.com\/index.php?rest_route=%2Fwp%2Fv2%2Fcomments&post=43517"}],"version-history":[{"count":0,"href":"https:\/\/kibrisdakik.com\/index.php?rest_route=\/wp\/v2\/posts\/43517\/revisions"}],"wp:featuredmedia":[{"embeddable":true,"href":"https:\/\/kibrisdakik.com\/index.php?rest_route=\/wp\/v2\/media\/43518"}],"wp:attachment":[{"href":"https:\/\/kibrisdakik.com\/index.php?rest_route=%2Fwp%2Fv2%2Fmedia&parent=43517"}],"wp:term":[{"taxonomy":"category","embeddable":true,"href":"https:\/\/kibrisdakik.com\/index.php?rest_route=%2Fwp%2Fv2%2Fcategories&post=43517"},{"taxonomy":"post_tag","embeddable":true,"href":"https:\/\/kibrisdakik.com\/index.php?rest_route=%2Fwp%2Fv2%2Ftags&post=43517"}],"curies":[{"name":"wp","href":"https:\/\/api.w.org\/{rel}","templated":true}]}}