{"id":43681,"date":"2024-05-29T10:11:48","date_gmt":"2024-05-29T10:11:48","guid":{"rendered":"https:\/\/kibrisdakik.com\/index.php\/2024\/05\/29\/basbakan-ustel-ithal-etle-ilgili-son-durumu-brtye-anlatti\/"},"modified":"2024-05-29T10:11:48","modified_gmt":"2024-05-29T10:11:48","slug":"basbakan-ustel-ithal-etle-ilgili-son-durumu-brtye-anlatti","status":"publish","type":"post","link":"https:\/\/kibrisdakik.com\/?p=43681","title":{"rendered":"Ba\u015fbakan \u00dcstel, ithal etle ilgili son durumu BRT\u2019ye anlatt\u0131"},"content":{"rendered":"<p><\/p>\n<div>\n<div class=\"mariselle-image-container center\">\n                <img loading=\"lazy\" decoding=\"async\" width=\"697\" height=\"343\" class=\"lazy-image\" alt=\"\" sizes=\"auto, (max-width: 697px) 100vw, 697px\" src=\"https:\/\/brtk.net\/wp-content\/uploads\/2024\/05\/29\/lkkk.jpg?ver=4d0420406a452585a1823711350e7e94\" srcset=\"https:\/\/brtk.net\/wp-content\/uploads\/2024\/05\/29\/lkkk.jpg?ver=4d0420406a452585a1823711350e7e94 697w, https:\/\/brtk.net\/wp-content\/uploads\/2024\/05\/29\/lkkk-300x148.jpg?ver=817e07c781f88fbd8e471f0eee7838e9 300w\"\/>                            <\/div>\n<p>Ba\u015fbakan \u00dcnal \u00dcstel <a href=\"https:\/\/brtk.net\/\">BRT<\/a>\u2019ye konuk olarak, Buras\u0131 \u00d6nemli 50+1 program\u0131nda Levent Kutay\u2019\u0131n sorular\u0131n\u0131 yan\u0131tlad\u0131, Hayvan \u00dcreticileri ve Yeti\u015ftiricileri Birli\u011fi\u2019nin eylemini de\u011ferlendirdi.<\/p>\n<p>\t\u00dcstel, \u00fclkede ve d\u00fcnyada pandemi sonras\u0131 ekonomide ya\u015fanan dengesizlikler oldu\u011funu, ard\u0131ndan Rusya \u2013 Ukrayna sava\u015f\u0131 ya\u015fand\u0131\u011f\u0131n\u0131 ifade ederek, sadece <a href=\"https:\/\/brtk.net\/\"\/><a href=\"https:\/\/brtk.net\/\">KKTC<\/a>\u2019de de\u011fil T\u00fcrkiye ve di\u011fer t\u00fcm \u00fclkelerde pandemi sonras\u0131 enflasyonla m\u00fccadele ba\u015flad\u0131\u011f\u0131n\u0131 an\u0131msatt\u0131.<\/p>\n<p>\t\u00dcstel, bu yans\u0131malar\u0131n <a href=\"https:\/\/brtk.net\/\"\/><a href=\"https:\/\/brtk.net\/\">KKTC<\/a> halk\u0131na asgari d\u00fczeyde olmas\u0131 i\u00e7in T\u00fcrkiye ile Mali \u0130\u015fbirli\u011fi protokolleri yap\u0131ld\u0131\u011f\u0131n\u0131 ve kendilerinin de mali kaynaklar aktard\u0131\u011f\u0131n\u0131 s\u00f6yleyerek, \u00e7al\u0131\u015fanlara bu y\u0131l Hayat Pahal\u0131l\u0131\u011f\u0131 3 defa \u00f6deyeceklerini, bunu asgari \u00fccretliye de uygulamakta olduklar\u0131n\u0131 belirtti.<\/p>\n<p>Sanayi, turizm ve k\u00fc\u00e7\u00fck esnafa da dengeli bir \u015fekilde prim deste\u011fi verildi\u011fini s\u00f6yleyen \u00dcstel, halk\u0131n bu f\u0131rt\u0131nal\u0131 g\u00fcnleri atlatmas\u0131 i\u00e7in \u00e7al\u0131\u015ft\u0131klar\u0131n\u0131 belirtti.<\/p>\n<p>\t\u00dcstel, halk\u0131n al\u0131m g\u00fcc\u00fcn\u00fcn baz\u0131 noktalarda, \u00f6zellikle al\u0131m g\u00fcc\u00fc d\u00fc\u015f\u00fck olan vatanda\u015f\u0131n ete ula\u015f\u0131mda g\u00fc\u00e7l\u00fck ya\u015fad\u0131\u011f\u0131n\u0131 kaydederek, 2024\u2019te ekonomik \u00e7arklar\u0131n d\u00fczelmesiyle birlikte, \u00fclkeye gelen turizm ve \u00f6\u011frenci art\u0131\u015f\u0131 ile t\u00fcketim maddelerinde azalma ba\u015flad\u0131\u011f\u0131n\u0131 anlatt\u0131.<\/p>\n<p>\tDaha \u00f6nce \u015eubat ve May\u0131s aras\u0131nda kuzu eti t\u00fcketiminde s\u0131k\u0131nt\u0131 oldu\u011funu, bunun daha \u00f6nce de ya\u015fand\u0131\u011f\u0131n\u0131 ifade eden \u00dcstel, Bakanlar Kurulu\u2019nun 3 bakana g\u00f6rev verdi\u011fini ve et fiyat\u0131ndaki s\u00fcrekli y\u00fckseli\u015fe kar\u015f\u0131 deste\u011fi artt\u0131rd\u0131klar\u0131n\u0131, ard\u0131ndan denetimlerin ba\u015flad\u0131\u011f\u0131n\u0131 ancak fiyatta y\u00fckseli\u015fin s\u00fcrd\u00fc\u011f\u00fcn\u00fc dile getirdi.<\/p>\n<p>\t\u00dcstel, Bakanlar Kurulu\u2019nun \u00f6zel g\u00f6rev verdi\u011fi bakanlar\u0131n hayvanc\u0131larla g\u00f6r\u00fc\u015ft\u00fc\u011f\u00fcn\u00fc, canl\u0131 12 aydan k\u00fc\u00e7\u00fck kuzuyu 250 TL, kasab\u0131n 230 TL dedi\u011fini, aradaki 20 TL fark\u0131n da devlet taraf\u0131ndan verilmesinin kararla\u015ft\u0131r\u0131ld\u0131\u011f\u0131n\u0131 ve kar\u015f\u0131l\u0131\u011f\u0131nda narh koyarak 550 TL\u2019yi ge\u00e7memesi i\u00e7in protokol imzalad\u0131klar\u0131n\u0131 hat\u0131rlatt\u0131.<br \/>Daha sonra protokole imza atan Kasaplar Birli\u011fi\u2019nin kendi i\u00e7 s\u0131k\u0131nt\u0131s\u0131 ile ba\u015fkan de\u011fi\u015fti\u011fini, bu s\u00fcrede denetimlerin yap\u0131ld\u0131\u011f\u0131n\u0131 ve cezalar kesildi\u011fini anlatan Ba\u015fbakan, halk\u0131n bir k\u0131sm\u0131n\u0131n ise et ihtiyac\u0131n\u0131 g\u00fcneyden kar\u015f\u0131lamaya ba\u015flad\u0131\u011f\u0131n\u0131 belirtti.<\/p>\n<p>Kasaplar\u0131n \u00f6nce evet, sonra hay\u0131r ve \u015fimdi gene evet dedi\u011fini kaydeden Ba\u015fbakan, 12 ayl\u0131\u011f\u0131 ge\u00e7meyecek et ve k\u0131yma getirmek \u00fczere teklifler ald\u0131klar\u0131n\u0131 ve \u00fcreten kesimler ile kasaplar\u0131n g\u00f6r\u00fc\u015f\u00fc al\u0131narak, \u201ckuzu eti bolarana kadar\u201d al\u0131m g\u00fcc\u00fc d\u00fc\u015f\u00fck vatanda\u015f\u0131n, kilosu 400 TL\u2019yi ge\u00e7meyecek \u015fekilde et almas\u0131n\u0131n sa\u011flanaca\u011f\u0131n\u0131 s\u00f6yledi.<br \/>\u00dcstel, donmu\u015f et getiren \u015firketlerle de toplant\u0131 yapt\u0131klar\u0131n\u0131 ve gideri kar\u015f\u0131lamak i\u00e7in \u00fczerine y\u00fczde 10 koyarak bu etin kasaplara ve marketlere da\u011f\u0131t\u0131laca\u011f\u0131 \u015fekilde s\u00f6zle\u015fme yapt\u0131klar\u0131n\u0131, ard\u0131ndan da hayvanc\u0131lar\u0131n eyleme ba\u015flad\u0131\u011f\u0131n\u0131 s\u00f6yledi.<\/p>\n<p>\tBa\u015fbakan \u00dcstel, ba\u015fbakanl\u0131k \u00f6n\u00fcnde istenmeyen olaylar ya\u015fand\u0131\u011f\u0131n\u0131, kamu mal\u0131na zarar verildi\u011fini, y\u0131k\u0131p d\u00f6kerek, tehditle devleti korkutamayacaklar\u0131n\u0131 s\u00f6yledi.<br \/>\u201cTrakt\u00f6r ve kamyonlarla \u00f6nce tar\u0131m ve sonra ba\u015fbakanl\u0131\u011f\u0131n\u0131n kap\u0131s\u0131n\u0131 penceresini k\u0131rmak hak de\u011fil, buna kar\u015f\u0131 dururuz\u201d diyen Ba\u015fbakan, \u201cBiz et almakta zorlanan insanlar\u0131 kaliteli ucuz etle ge\u00e7ici bir s\u00fcreli\u011fine bulu\u015fturaca\u011f\u0131z. Bu etleri b\u00fct\u00fcn belgeleri ile bas\u0131na g\u00f6sterece\u011fiz. Karalamalar ba\u015flad\u0131, biz insan\u0131m\u0131z\u0131n daha ucuz et almas\u0131 i\u00e7in bu \u00e7al\u0131\u015fmalar\u0131 yapt\u0131k. Ne oldu\u011fu belirsiz et g\u00fcneyden al\u0131n\u0131r. Avrupa standartlar\u0131nda kuzu etidir gelecek olan. Karalamalara diyecek s\u00f6z\u00fcm yok. Karar\u0131 halka b\u0131rak\u0131yorum\u201d dedi.<\/p>\n<p>\tBaz\u0131 haberlerden de \u00f6rnekler veren Ba\u015fbakan, etin otele ve de gazinocuya de\u011fil, halk i\u00e7in gelece\u011fini s\u00f6yledi.<\/p>\n<p>\tHalk\u0131n G\u00fcney\u2019den ne oldu\u011fu belirsiz et almas\u0131n\u0131 istemediklerini s\u00f6yleyen Ba\u015fbakan \u00dcstel, her evin tenceresinde et kaynamas\u0131 ad\u0131na 400 TL\u2019yi a\u015fmayacak et al\u0131nmas\u0131 i\u00e7in \u00e7al\u0131\u015facaklar\u0131n\u0131, ilk t\u0131r\u0131n yar\u0131n veya Cumartesi gelece\u011fini kaydetti.<\/p>\n<p>\t19 Haziran\u2019a kadar \u00fclkeye ithal et gelmeye devam edece\u011fini, hayvanc\u0131lar birli\u011fi ile her zaman g\u00f6r\u00fc\u015fmeye haz\u0131r olduklar\u0131n\u0131 kaydeden \u00dcstel, et ithal karar\u0131ndan vazge\u00e7meyeceklerini, karalama \u00e7al\u0131\u015fmalar\u0131n\u0131 \u015fiddetle protesto etti\u011fini, et gelince herkesin etin kalitesini g\u00f6rece\u011fini kaydetti.<\/p>\n<div class=\"mariselle-image-container center\">\n                <img loading=\"lazy\" decoding=\"async\" width=\"1079\" height=\"476\" class=\"lazy-image\" alt=\"\" sizes=\"auto, (max-width: 1079px) 100vw, 1079px\" src=\"https:\/\/brtk.net\/wp-content\/uploads\/2024\/05\/29\/Screenshot_20240529_124725_Facebook.jpg?ver=441e4f91ef58a3ff9cc21b6eb5536a00\" srcset=\"https:\/\/brtk.net\/wp-content\/uploads\/2024\/05\/29\/Screenshot_20240529_124725_Facebook.jpg?ver=441e4f91ef58a3ff9cc21b6eb5536a00 1079w, https:\/\/brtk.net\/wp-content\/uploads\/2024\/05\/29\/Screenshot_20240529_124725_Facebook-300x132.jpg?ver=029b26fef1d3c9f361c400ff36f485a9 300w, https:\/\/brtk.net\/wp-content\/uploads\/2024\/05\/29\/Screenshot_20240529_124725_Facebook-1024x452.jpg?ver=029b26fef1d3c9f361c400ff36f485a9 1024w, https:\/\/brtk.net\/wp-content\/uploads\/2024\/05\/29\/Screenshot_20240529_124725_Facebook-768x339.jpg?ver=029b26fef1d3c9f361c400ff36f485a9 768w\"\/>                            <\/div>\n<p>\t10 g\u00fcnd\u00fcr s\u00fcren eylemde Ba\u015fbakanl\u0131k ve \u00e7evresine \u00e7ok fazla zarar verildi\u011fini de anlatan Ba\u015fbakan \u00dcstel, polise sabr\u0131 i\u00e7in te\u015fekk\u00fcr ederek, \u00fcreten kesime her zaman sayg\u0131l\u0131 olduklar\u0131n\u0131, ancak y\u0131k\u0131p d\u00f6kmenin do\u011fru olmad\u0131\u011f\u0131n\u0131, kendilerinin her zaman diyalo\u011fa a\u00e7\u0131k oldu\u011funu kaydetti. <\/p>\n<p>\t\u00dcstel, et konusunda yetkili bakanlar\u0131n belli oldu\u011funu ve hayvanc\u0131lar\u0131n muhataplar\u0131n\u0131n da onlar oldu\u011funu ifade ederek, s\u00fcrecin bug\u00fcnlere nas\u0131l geldi\u011fini bir kez daha hat\u0131rlatt\u0131.<\/p>\n<p>H\u00fck\u00fcmetin her zaman halka do\u011frular\u0131 s\u00f6yledi\u011fini ve bu karalamalar kar\u015f\u0131s\u0131nda bunu yeniden vurgulamak istedi\u011fini kaydeden Ba\u015fbakan, girdi maliyetlerini de de\u011ferlendirdi.<\/p>\n<p>\t\u0130nsanlar\u0131n al\u0131m g\u00fcc\u00fcn\u00fcn d\u00fc\u015fmemesi ad\u0131na halk\u0131n ve \u00fcreten kesimlerin hi\u00e7bir kayb\u0131 olmad\u0131\u011f\u0131n\u0131, \u00e7ift\u00e7i, hayvanc\u0131 di\u011fer \u00fcreticilere enflasyon \u00fcst\u00fc bir destek verdiklerini s\u00f6yleyen Ba\u015fbakan, desteklerin s\u00fcrece\u011fini belirtti.<\/p>\n<p>\tAnlay\u0131\u015f, birlik, beraberlik \u00e7a\u011fr\u0131s\u0131 yapan \u00dcstel, k\u0131r\u0131p, y\u0131k\u0131p d\u00f6kmekle bir yere var\u0131lamayaca\u011f\u0131n\u0131, her zaman diyalo\u011fa a\u00e7\u0131k olduklar\u0131n\u0131 dile getirdi.<\/p>\n<p>\t\u00dcstel, bir s\u00fcre \u00f6nce s\u00fcte art\u0131\u015f yap\u0131ld\u0131\u011f\u0131n\u0131 ve ithal et getireceklerini \u00fcreticiye s\u00f6ylediklerini, g\u00fcneyden et al\u0131nmas\u0131n\u0131 istemediklerini yineledi.<\/p>\n<p>\t\u00dcstel, etin Hollanda \u00fczerinden gelece\u011fini, kontrollerin orada yap\u0131ld\u0131\u011f\u0131n\u0131 ve kemikten ayr\u0131lan 1 bu\u00e7uk \u2013 2 kilo civar\u0131nda taze lop etin yolda gelmekte oldu\u011funu belirtti.<\/p>\n<p>  \tBa\u015fbakan, <a href=\"https:\/\/brtk.net\/\"\/><a href=\"https:\/\/brtk.net\/\">KKTC<\/a>\u2019deki et t\u00fcketim miktar\u0131na ili\u015fkin olaraksa ayda 9 bin \u2013 9 bin 500 kuzu kesildi\u011fini, son zamanlarda fiyat art\u0131\u015f\u0131 nedeniyle bunun 5 bine d\u00fc\u015ft\u00fc\u011f\u00fcn\u00fc, son tedbirlerle bu rakam\u0131n 11 bin 700\u2019e \u00e7\u0131kt\u0131\u011f\u0131n\u0131, tedbirlerin yerinde oldu\u011funun anla\u015f\u0131ld\u0131\u011f\u0131n\u0131 kaydetti.<\/p>\n<p>Ba\u015fbakan \u00dcstel, e\u011fer hayvanc\u0131lar birli\u011finden talep gelirse komitenin g\u00f6r\u00fc\u015fmeye haz\u0131r oldu\u011funu, hi\u00e7bir zaman g\u00f6r\u00fc\u015fmeden ka\u00e7mad\u0131klar\u0131n\u0131 da belirtti.<\/p>\n<p>\tKamuoyu tepkisini de de\u011ferlendiren \u00dcstel, bu etin gelmesiyle, herkesin et t\u00fcketece\u011fini, kuzu eti bolla\u015f\u0131nca da karar\u0131n Bakanlar Kurulu\u2019nca yeniden de\u011ferlendirilece\u011fini s\u00f6zlerine ekledi.   <\/p>\n<p><iframe loading=\"lazy\" title=\"Buras\u0131 \u00d6nemli  29. 05 .2024\" width=\"960\" height=\"540\" src=\"https:\/\/www.youtube.com\/embed\/PBlxkJELCx0?feature=oembed\" frameborder=\"0\" allow=\"accelerometer; autoplay; clipboard-write; encrypted-media; gyroscope; picture-in-picture; web-share\" referrerpolicy=\"strict-origin-when-cross-origin\" allowfullscreen><\/iframe><\/p>\n<\/p><\/div>\n<p><script async\n                    defer\n                    crossorigin=\"anonymous\"\n                    src=\"https:\/\/connect.facebook.net\/tr_TR\/sdk.js#xfbml=1&#038;version=v3.3\"\n            ><\/script><\/p>\n","protected":false},"excerpt":{"rendered":"<p>Ba\u015fbakan \u00dcnal \u00dcstel BRT\u2019ye konuk olarak, Buras\u0131 \u00d6nemli 50+1 program\u0131nda Levent Kutay\u2019\u0131n sorular\u0131n\u0131 yan\u0131tlad\u0131, Hayvan \u00dcreticileri ve Yeti\u015ftiricileri Birli\u011fi\u2019nin eylemini de\u011ferlendirdi. \u00dcstel, \u00fclkede ve d\u00fcnyada pandemi sonras\u0131 ekonomide ya\u015fanan dengesizlikler oldu\u011funu, ard\u0131ndan Rusya \u2013 Ukrayna sava\u015f\u0131 ya\u015fand\u0131\u011f\u0131n\u0131 ifade ederek, sadece KKTC\u2019de de\u011fil T\u00fcrkiye ve di\u011fer t\u00fcm \u00fclkelerde pandemi sonras\u0131 enflasyonla m\u00fccadele ba\u015flad\u0131\u011f\u0131n\u0131 an\u0131msatt\u0131. \u00dcstel, bu<\/p>\n","protected":false},"author":1,"featured_media":43682,"comment_status":"open","ping_status":"open","sticky":false,"template":"","format":"standard","meta":{"footnotes":""},"categories":[1],"tags":[],"class_list":["post-43681","post","type-post","status-publish","format-standard","has-post-thumbnail","hentry","category-gundem"],"yoast_head":"<!-- This site is optimized with the Yoast SEO plugin v27.4 - https:\/\/yoast.com\/product\/yoast-seo-wordpress\/ -->\n<title>Ba\u015fbakan \u00dcstel, ithal etle ilgili son durumu BRT\u2019ye anlatt\u0131 -<\/title>\n<meta name=\"robots\" content=\"index, follow, max-snippet:-1, max-image-preview:large, max-video-preview:-1\" \/>\n<link rel=\"canonical\" href=\"https:\/\/kibrisdakik.com\/?p=43681\" \/>\n<meta property=\"og:locale\" content=\"tr_TR\" \/>\n<meta property=\"og:type\" content=\"article\" \/>\n<meta property=\"og:title\" content=\"Ba\u015fbakan \u00dcstel, ithal etle ilgili son durumu BRT\u2019ye anlatt\u0131 -\" \/>\n<meta property=\"og:description\" content=\"Ba\u015fbakan \u00dcnal \u00dcstel BRT\u2019ye konuk olarak, Buras\u0131 \u00d6nemli 50+1 program\u0131nda Levent Kutay\u2019\u0131n sorular\u0131n\u0131 yan\u0131tlad\u0131, Hayvan \u00dcreticileri ve Yeti\u015ftiricileri Birli\u011fi\u2019nin eylemini de\u011ferlendirdi. \u00dcstel, \u00fclkede ve d\u00fcnyada pandemi sonras\u0131 ekonomide ya\u015fanan dengesizlikler oldu\u011funu, ard\u0131ndan Rusya \u2013 Ukrayna sava\u015f\u0131 ya\u015fand\u0131\u011f\u0131n\u0131 ifade ederek, sadece KKTC\u2019de de\u011fil T\u00fcrkiye ve di\u011fer t\u00fcm \u00fclkelerde pandemi sonras\u0131 enflasyonla m\u00fccadele ba\u015flad\u0131\u011f\u0131n\u0131 an\u0131msatt\u0131. \u00dcstel, bu\" \/>\n<meta property=\"og:url\" content=\"https:\/\/kibrisdakik.com\/?p=43681\" \/>\n<meta property=\"article:published_time\" content=\"2024-05-29T10:11:48+00:00\" \/>\n<meta property=\"og:image\" content=\"https:\/\/kibrisdakik.com\/wp-content\/uploads\/2024\/05\/Screenshot_20240529_124725_Facebook-740x420.jpg\" \/>\n\t<meta property=\"og:image:width\" content=\"1079\" \/>\n\t<meta property=\"og:image:height\" content=\"476\" \/>\n\t<meta property=\"og:image:type\" content=\"image\/jpeg\" \/>\n<meta name=\"author\" content=\"admin\" \/>\n<meta name=\"twitter:card\" content=\"summary_large_image\" \/>\n<meta name=\"twitter:label1\" content=\"Yazan:\" \/>\n\t<meta name=\"twitter:data1\" content=\"admin\" \/>\n\t<meta name=\"twitter:label2\" content=\"Tahmini okuma s\u00fcresi\" \/>\n\t<meta name=\"twitter:data2\" content=\"6 dakika\" \/>\n<script type=\"application\/ld+json\" class=\"yoast-schema-graph\">{\"@context\":\"https:\\\/\\\/schema.org\",\"@graph\":[{\"@type\":\"Article\",\"@id\":\"https:\\\/\\\/kibrisdakik.com\\\/?p=43681#article\",\"isPartOf\":{\"@id\":\"https:\\\/\\\/kibrisdakik.com\\\/?p=43681\"},\"author\":{\"name\":\"admin\",\"@id\":\"https:\\\/\\\/kibrisdakik.com\\\/#\\\/schema\\\/person\\\/9cd9d437bbb44f72b73ba127e06d8e79\"},\"headline\":\"Ba\u015fbakan \u00dcstel, ithal etle ilgili son durumu BRT\u2019ye anlatt\u0131\",\"datePublished\":\"2024-05-29T10:11:48+00:00\",\"mainEntityOfPage\":{\"@id\":\"https:\\\/\\\/kibrisdakik.com\\\/?p=43681\"},\"wordCount\":1138,\"commentCount\":0,\"image\":{\"@id\":\"https:\\\/\\\/kibrisdakik.com\\\/?p=43681#primaryimage\"},\"thumbnailUrl\":\"https:\\\/\\\/kibrisdakik.com\\\/wp-content\\\/uploads\\\/2024\\\/05\\\/Screenshot_20240529_124725_Facebook-740x420.jpg\",\"articleSection\":[\"G\u00fcndem\"],\"inLanguage\":\"tr\",\"potentialAction\":[{\"@type\":\"CommentAction\",\"name\":\"Comment\",\"target\":[\"https:\\\/\\\/kibrisdakik.com\\\/?p=43681#respond\"]}]},{\"@type\":\"WebPage\",\"@id\":\"https:\\\/\\\/kibrisdakik.com\\\/?p=43681\",\"url\":\"https:\\\/\\\/kibrisdakik.com\\\/?p=43681\",\"name\":\"Ba\u015fbakan \u00dcstel, ithal etle ilgili son durumu BRT\u2019ye anlatt\u0131 -\",\"isPartOf\":{\"@id\":\"https:\\\/\\\/kibrisdakik.com\\\/#website\"},\"primaryImageOfPage\":{\"@id\":\"https:\\\/\\\/kibrisdakik.com\\\/?p=43681#primaryimage\"},\"image\":{\"@id\":\"https:\\\/\\\/kibrisdakik.com\\\/?p=43681#primaryimage\"},\"thumbnailUrl\":\"https:\\\/\\\/kibrisdakik.com\\\/wp-content\\\/uploads\\\/2024\\\/05\\\/Screenshot_20240529_124725_Facebook-740x420.jpg\",\"datePublished\":\"2024-05-29T10:11:48+00:00\",\"author\":{\"@id\":\"https:\\\/\\\/kibrisdakik.com\\\/#\\\/schema\\\/person\\\/9cd9d437bbb44f72b73ba127e06d8e79\"},\"breadcrumb\":{\"@id\":\"https:\\\/\\\/kibrisdakik.com\\\/?p=43681#breadcrumb\"},\"inLanguage\":\"tr\",\"potentialAction\":[{\"@type\":\"ReadAction\",\"target\":[\"https:\\\/\\\/kibrisdakik.com\\\/?p=43681\"]}]},{\"@type\":\"ImageObject\",\"inLanguage\":\"tr\",\"@id\":\"https:\\\/\\\/kibrisdakik.com\\\/?p=43681#primaryimage\",\"url\":\"https:\\\/\\\/kibrisdakik.com\\\/wp-content\\\/uploads\\\/2024\\\/05\\\/Screenshot_20240529_124725_Facebook-740x420.jpg\",\"contentUrl\":\"https:\\\/\\\/kibrisdakik.com\\\/wp-content\\\/uploads\\\/2024\\\/05\\\/Screenshot_20240529_124725_Facebook-740x420.jpg\",\"width\":1079,\"height\":476},{\"@type\":\"BreadcrumbList\",\"@id\":\"https:\\\/\\\/kibrisdakik.com\\\/?p=43681#breadcrumb\",\"itemListElement\":[{\"@type\":\"ListItem\",\"position\":1,\"name\":\"Home\",\"item\":\"https:\\\/\\\/kibrisdakik.com\\\/\"},{\"@type\":\"ListItem\",\"position\":2,\"name\":\"Ba\u015fbakan \u00dcstel, ithal etle ilgili son durumu BRT\u2019ye anlatt\u0131\"}]},{\"@type\":\"WebSite\",\"@id\":\"https:\\\/\\\/kibrisdakik.com\\\/#website\",\"url\":\"https:\\\/\\\/kibrisdakik.com\\\/\",\"name\":\"\",\"description\":\"Tam vaktinde haber\",\"potentialAction\":[{\"@type\":\"SearchAction\",\"target\":{\"@type\":\"EntryPoint\",\"urlTemplate\":\"https:\\\/\\\/kibrisdakik.com\\\/?s={search_term_string}\"},\"query-input\":{\"@type\":\"PropertyValueSpecification\",\"valueRequired\":true,\"valueName\":\"search_term_string\"}}],\"inLanguage\":\"tr\"},{\"@type\":\"Person\",\"@id\":\"https:\\\/\\\/kibrisdakik.com\\\/#\\\/schema\\\/person\\\/9cd9d437bbb44f72b73ba127e06d8e79\",\"name\":\"admin\",\"image\":{\"@type\":\"ImageObject\",\"inLanguage\":\"tr\",\"@id\":\"https:\\\/\\\/secure.gravatar.com\\\/avatar\\\/ccc17943b9d660506c869530f897617f7cb1c21a4bf30023f252596d83e1f007?s=96&d=mm&r=g\",\"url\":\"https:\\\/\\\/secure.gravatar.com\\\/avatar\\\/ccc17943b9d660506c869530f897617f7cb1c21a4bf30023f252596d83e1f007?s=96&d=mm&r=g\",\"contentUrl\":\"https:\\\/\\\/secure.gravatar.com\\\/avatar\\\/ccc17943b9d660506c869530f897617f7cb1c21a4bf30023f252596d83e1f007?s=96&d=mm&r=g\",\"caption\":\"admin\"},\"sameAs\":[\"https:\\\/\\\/kibrisdakik.com\"],\"url\":\"https:\\\/\\\/kibrisdakik.com\\\/?author=1\"}]}<\/script>\n<!-- \/ Yoast SEO plugin. -->","yoast_head_json":{"title":"Ba\u015fbakan \u00dcstel, ithal etle ilgili son durumu BRT\u2019ye anlatt\u0131 -","robots":{"index":"index","follow":"follow","max-snippet":"max-snippet:-1","max-image-preview":"max-image-preview:large","max-video-preview":"max-video-preview:-1"},"canonical":"https:\/\/kibrisdakik.com\/?p=43681","og_locale":"tr_TR","og_type":"article","og_title":"Ba\u015fbakan \u00dcstel, ithal etle ilgili son durumu BRT\u2019ye anlatt\u0131 -","og_description":"Ba\u015fbakan \u00dcnal \u00dcstel BRT\u2019ye konuk olarak, Buras\u0131 \u00d6nemli 50+1 program\u0131nda Levent Kutay\u2019\u0131n sorular\u0131n\u0131 yan\u0131tlad\u0131, Hayvan \u00dcreticileri ve Yeti\u015ftiricileri Birli\u011fi\u2019nin eylemini de\u011ferlendirdi. \u00dcstel, \u00fclkede ve d\u00fcnyada pandemi sonras\u0131 ekonomide ya\u015fanan dengesizlikler oldu\u011funu, ard\u0131ndan Rusya \u2013 Ukrayna sava\u015f\u0131 ya\u015fand\u0131\u011f\u0131n\u0131 ifade ederek, sadece KKTC\u2019de de\u011fil T\u00fcrkiye ve di\u011fer t\u00fcm \u00fclkelerde pandemi sonras\u0131 enflasyonla m\u00fccadele ba\u015flad\u0131\u011f\u0131n\u0131 an\u0131msatt\u0131. \u00dcstel, bu","og_url":"https:\/\/kibrisdakik.com\/?p=43681","article_published_time":"2024-05-29T10:11:48+00:00","og_image":[{"width":1079,"height":476,"url":"https:\/\/kibrisdakik.com\/wp-content\/uploads\/2024\/05\/Screenshot_20240529_124725_Facebook-740x420.jpg","type":"image\/jpeg"}],"author":"admin","twitter_card":"summary_large_image","twitter_misc":{"Yazan:":"admin","Tahmini okuma s\u00fcresi":"6 dakika"},"schema":{"@context":"https:\/\/schema.org","@graph":[{"@type":"Article","@id":"https:\/\/kibrisdakik.com\/?p=43681#article","isPartOf":{"@id":"https:\/\/kibrisdakik.com\/?p=43681"},"author":{"name":"admin","@id":"https:\/\/kibrisdakik.com\/#\/schema\/person\/9cd9d437bbb44f72b73ba127e06d8e79"},"headline":"Ba\u015fbakan \u00dcstel, ithal etle ilgili son durumu BRT\u2019ye anlatt\u0131","datePublished":"2024-05-29T10:11:48+00:00","mainEntityOfPage":{"@id":"https:\/\/kibrisdakik.com\/?p=43681"},"wordCount":1138,"commentCount":0,"image":{"@id":"https:\/\/kibrisdakik.com\/?p=43681#primaryimage"},"thumbnailUrl":"https:\/\/kibrisdakik.com\/wp-content\/uploads\/2024\/05\/Screenshot_20240529_124725_Facebook-740x420.jpg","articleSection":["G\u00fcndem"],"inLanguage":"tr","potentialAction":[{"@type":"CommentAction","name":"Comment","target":["https:\/\/kibrisdakik.com\/?p=43681#respond"]}]},{"@type":"WebPage","@id":"https:\/\/kibrisdakik.com\/?p=43681","url":"https:\/\/kibrisdakik.com\/?p=43681","name":"Ba\u015fbakan \u00dcstel, ithal etle ilgili son durumu BRT\u2019ye anlatt\u0131 -","isPartOf":{"@id":"https:\/\/kibrisdakik.com\/#website"},"primaryImageOfPage":{"@id":"https:\/\/kibrisdakik.com\/?p=43681#primaryimage"},"image":{"@id":"https:\/\/kibrisdakik.com\/?p=43681#primaryimage"},"thumbnailUrl":"https:\/\/kibrisdakik.com\/wp-content\/uploads\/2024\/05\/Screenshot_20240529_124725_Facebook-740x420.jpg","datePublished":"2024-05-29T10:11:48+00:00","author":{"@id":"https:\/\/kibrisdakik.com\/#\/schema\/person\/9cd9d437bbb44f72b73ba127e06d8e79"},"breadcrumb":{"@id":"https:\/\/kibrisdakik.com\/?p=43681#breadcrumb"},"inLanguage":"tr","potentialAction":[{"@type":"ReadAction","target":["https:\/\/kibrisdakik.com\/?p=43681"]}]},{"@type":"ImageObject","inLanguage":"tr","@id":"https:\/\/kibrisdakik.com\/?p=43681#primaryimage","url":"https:\/\/kibrisdakik.com\/wp-content\/uploads\/2024\/05\/Screenshot_20240529_124725_Facebook-740x420.jpg","contentUrl":"https:\/\/kibrisdakik.com\/wp-content\/uploads\/2024\/05\/Screenshot_20240529_124725_Facebook-740x420.jpg","width":1079,"height":476},{"@type":"BreadcrumbList","@id":"https:\/\/kibrisdakik.com\/?p=43681#breadcrumb","itemListElement":[{"@type":"ListItem","position":1,"name":"Home","item":"https:\/\/kibrisdakik.com\/"},{"@type":"ListItem","position":2,"name":"Ba\u015fbakan \u00dcstel, ithal etle ilgili son durumu BRT\u2019ye anlatt\u0131"}]},{"@type":"WebSite","@id":"https:\/\/kibrisdakik.com\/#website","url":"https:\/\/kibrisdakik.com\/","name":"","description":"Tam vaktinde haber","potentialAction":[{"@type":"SearchAction","target":{"@type":"EntryPoint","urlTemplate":"https:\/\/kibrisdakik.com\/?s={search_term_string}"},"query-input":{"@type":"PropertyValueSpecification","valueRequired":true,"valueName":"search_term_string"}}],"inLanguage":"tr"},{"@type":"Person","@id":"https:\/\/kibrisdakik.com\/#\/schema\/person\/9cd9d437bbb44f72b73ba127e06d8e79","name":"admin","image":{"@type":"ImageObject","inLanguage":"tr","@id":"https:\/\/secure.gravatar.com\/avatar\/ccc17943b9d660506c869530f897617f7cb1c21a4bf30023f252596d83e1f007?s=96&d=mm&r=g","url":"https:\/\/secure.gravatar.com\/avatar\/ccc17943b9d660506c869530f897617f7cb1c21a4bf30023f252596d83e1f007?s=96&d=mm&r=g","contentUrl":"https:\/\/secure.gravatar.com\/avatar\/ccc17943b9d660506c869530f897617f7cb1c21a4bf30023f252596d83e1f007?s=96&d=mm&r=g","caption":"admin"},"sameAs":["https:\/\/kibrisdakik.com"],"url":"https:\/\/kibrisdakik.com\/?author=1"}]}},"_links":{"self":[{"href":"https:\/\/kibrisdakik.com\/index.php?rest_route=\/wp\/v2\/posts\/43681","targetHints":{"allow":["GET"]}}],"collection":[{"href":"https:\/\/kibrisdakik.com\/index.php?rest_route=\/wp\/v2\/posts"}],"about":[{"href":"https:\/\/kibrisdakik.com\/index.php?rest_route=\/wp\/v2\/types\/post"}],"author":[{"embeddable":true,"href":"https:\/\/kibrisdakik.com\/index.php?rest_route=\/wp\/v2\/users\/1"}],"replies":[{"embeddable":true,"href":"https:\/\/kibrisdakik.com\/index.php?rest_route=%2Fwp%2Fv2%2Fcomments&post=43681"}],"version-history":[{"count":0,"href":"https:\/\/kibrisdakik.com\/index.php?rest_route=\/wp\/v2\/posts\/43681\/revisions"}],"wp:featuredmedia":[{"embeddable":true,"href":"https:\/\/kibrisdakik.com\/index.php?rest_route=\/wp\/v2\/media\/43682"}],"wp:attachment":[{"href":"https:\/\/kibrisdakik.com\/index.php?rest_route=%2Fwp%2Fv2%2Fmedia&parent=43681"}],"wp:term":[{"taxonomy":"category","embeddable":true,"href":"https:\/\/kibrisdakik.com\/index.php?rest_route=%2Fwp%2Fv2%2Fcategories&post=43681"},{"taxonomy":"post_tag","embeddable":true,"href":"https:\/\/kibrisdakik.com\/index.php?rest_route=%2Fwp%2Fv2%2Ftags&post=43681"}],"curies":[{"name":"wp","href":"https:\/\/api.w.org\/{rel}","templated":true}]}}