{"id":43835,"date":"2024-05-30T11:37:49","date_gmt":"2024-05-30T11:37:49","guid":{"rendered":"https:\/\/kibrisdakik.com\/index.php\/2024\/05\/30\/beratli-yarin-topraga-verilecek\/"},"modified":"2024-05-30T11:37:49","modified_gmt":"2024-05-30T11:37:49","slug":"beratli-yarin-topraga-verilecek","status":"publish","type":"post","link":"https:\/\/kibrisdakik.com\/?p=43835","title":{"rendered":"Beratl\u0131 yar\u0131n topra\u011fa verilecek"},"content":{"rendered":"<p><\/p>\n<div>\n<div class=\"mariselle-image-container center\">\n                <img loading=\"lazy\" decoding=\"async\" width=\"971\" height=\"551\" class=\"lazy-image\" alt=\"\" sizes=\"auto, (max-width: 971px) 100vw, 971px\" src=\"https:\/\/brtk.net\/wp-content\/uploads\/2024\/05\/30\/nazim-beratli.jpg?ver=bbd033a9a94087efebe310e22c0e17db\" srcset=\"https:\/\/brtk.net\/wp-content\/uploads\/2024\/05\/30\/nazim-beratli.jpg?ver=bbd033a9a94087efebe310e22c0e17db 971w, https:\/\/brtk.net\/wp-content\/uploads\/2024\/05\/30\/nazim-beratli-300x170.jpg?ver=fd6abc787b723d26bf7b2dc3739729d4 300w, https:\/\/brtk.net\/wp-content\/uploads\/2024\/05\/30\/nazim-beratli-768x436.jpg?ver=fd6abc787b723d26bf7b2dc3739729d4 768w\"\/>                            <\/div>\n<p>T\u0131p doktoru, eski milletvekili, akademisyen ve yazar Do\u00e7. Dr. Naz\u0131m Beratl\u0131, hayat\u0131n\u0131 kaybetti. <\/p>\n<p>Kalp rahats\u0131zl\u0131\u011f\u0131 bulunan 72 ya\u015f\u0131ndaki Beratl\u0131, bu sabah kontrol ama\u00e7l\u0131 gitti\u011fi Cengiz Topel Hastanesi\u2019nde a\u011f\u0131rla\u015farak ya\u015fam\u0131n\u0131 yitirdi.<\/p>\n<p>Cengiz Topel Hastanesi\u2019nde g\u00f6revli, Kalp Sa\u011fl\u0131\u011f\u0131 ve Hastal\u0131klar\u0131 Uzman\u0131 Prof. Dr. Ras\u0131m Enar\u2019\u0131n verdi\u011fi bilgiye g\u00f6re, Beratl\u0131 \u201cani kalp \u00f6l\u00fcm\u00fc\u201d nedeniyle hayat\u0131n\u0131 kaybetti. <\/p>\n<p>Dr. Enar, bilinen koroner kalp hastal\u0131\u011f\u0131 olan ve daha \u00f6nce bypass ameliyat\u0131 ge\u00e7iren Beratl\u0131\u2019n\u0131n g\u00f6\u011f\u00fcs a\u011fr\u0131lar\u0131n\u0131n \u00fc\u00e7-be\u015f g\u00fcn \u00f6nce ba\u015flad\u0131\u011f\u0131n\u0131, bug\u00fcn hastanedeki muayenesinde EKG \u00e7ekilirken kalbinin durdu\u011funu a\u00e7\u0131klad\u0131. <\/p>\n<p><strong>-Yar\u0131n Meclis\u2019te t\u00f6ren yap\u0131lacak, ikindi namaz\u0131 sonras\u0131 Lefke\u2019de defnedilecek<\/strong><\/p>\n<p>Naz\u0131m Beratl\u0131\u2019n\u0131n ailesinden al\u0131nan bilgiye g\u00f6re, Beratl\u0131 yar\u0131n ikindi namaz\u0131n\u0131n ard\u0131ndan Lefke\u2019de topra\u011fa verilecek. Lefke\u2019deki cenaze t\u00f6reninin \u00f6ncesinde Cumhuriyet Meclisi\u2019nde saat 10.30\u2019da Beratl\u0131 i\u00e7in t\u00f6ren d\u00fczenlenecek. <\/p>\n<p><strong>\u2013 Naz\u0131m Beratl\u0131 kimdir? <\/strong><\/p>\n<p>1952 y\u0131l\u0131nda Lefke\u2019de do\u011fdu. \u0130stanbul \u00dcniversitesi, T\u0131p Fak\u00fcltesi\u2019nden mezun oldu. \u00dc\u00e7 y\u0131l pratisyen hekim olarak \u00e7al\u0131\u015ft\u0131. Ankara Dr. Zekai Tahir Burak Kad\u0131n Hastal\u0131klar\u0131 Hastanesi\u2019nde Kad\u0131n Hastal\u0131klar\u0131 ve Do\u011fum \u0130htisas\u0131 yapt\u0131. 1979\u2019dan itibaren hekim olarak \u00e7al\u0131\u015ft\u0131.<\/p>\n<p>\u00c7e\u015fitli gazete ve dergilerde k\u00f6\u015fe yazarl\u0131\u011f\u0131 yapt\u0131, kitaplar yay\u0131mlad\u0131, akademisyen olarak \u00e7al\u0131\u015ft\u0131.<\/p>\n<p>20 \u015eubat 2005 Erken Genel Se\u00e7imlerinde Cumhuriyet\u00e7i T\u00fcrk Partisi-Birle\u015fik G\u00fc\u00e7ler\u2019den G\u00fczelyurt Milletvekili se\u00e7ildi. 1 May\u0131s 2009 tarihinde bu g\u00f6revi sona erdi.<\/p>\n<p>Beratl\u0131, k\u00f6\u015fe yazarl\u0131\u011f\u0131 ve akademisyenlik yan\u0131nda m\u00fczikle de u\u011fra\u015f\u0131yordu.<\/p>\n<\/p><\/div>\n<p><script async\n                    defer\n                    crossorigin=\"anonymous\"\n                    src=\"https:\/\/connect.facebook.net\/tr_TR\/sdk.js#xfbml=1&#038;version=v3.3\"\n            ><\/script><\/p>\n","protected":false},"excerpt":{"rendered":"<p>T\u0131p doktoru, eski milletvekili, akademisyen ve yazar Do\u00e7. Dr. Naz\u0131m Beratl\u0131, hayat\u0131n\u0131 kaybetti. Kalp rahats\u0131zl\u0131\u011f\u0131 bulunan 72 ya\u015f\u0131ndaki Beratl\u0131, bu sabah kontrol ama\u00e7l\u0131 gitti\u011fi Cengiz Topel Hastanesi\u2019nde a\u011f\u0131rla\u015farak ya\u015fam\u0131n\u0131 yitirdi. Cengiz Topel Hastanesi\u2019nde g\u00f6revli, Kalp Sa\u011fl\u0131\u011f\u0131 ve Hastal\u0131klar\u0131 Uzman\u0131 Prof. Dr. Ras\u0131m Enar\u2019\u0131n verdi\u011fi bilgiye g\u00f6re, Beratl\u0131 \u201cani kalp \u00f6l\u00fcm\u00fc\u201d nedeniyle hayat\u0131n\u0131 kaybetti. Dr. Enar,<\/p>\n","protected":false},"author":1,"featured_media":43836,"comment_status":"open","ping_status":"open","sticky":false,"template":"","format":"standard","meta":{"footnotes":""},"categories":[1],"tags":[],"class_list":["post-43835","post","type-post","status-publish","format-standard","has-post-thumbnail","hentry","category-gundem"],"yoast_head":"<!-- This site is optimized with the Yoast SEO plugin v27.4 - https:\/\/yoast.com\/product\/yoast-seo-wordpress\/ -->\n<title>Beratl\u0131 yar\u0131n topra\u011fa verilecek -<\/title>\n<meta name=\"robots\" content=\"index, follow, max-snippet:-1, max-image-preview:large, max-video-preview:-1\" \/>\n<link rel=\"canonical\" href=\"https:\/\/kibrisdakik.com\/?p=43835\" \/>\n<meta property=\"og:locale\" content=\"tr_TR\" \/>\n<meta property=\"og:type\" content=\"article\" \/>\n<meta property=\"og:title\" content=\"Beratl\u0131 yar\u0131n topra\u011fa verilecek -\" \/>\n<meta property=\"og:description\" content=\"T\u0131p doktoru, eski milletvekili, akademisyen ve yazar Do\u00e7. Dr. Naz\u0131m Beratl\u0131, hayat\u0131n\u0131 kaybetti. Kalp rahats\u0131zl\u0131\u011f\u0131 bulunan 72 ya\u015f\u0131ndaki Beratl\u0131, bu sabah kontrol ama\u00e7l\u0131 gitti\u011fi Cengiz Topel Hastanesi\u2019nde a\u011f\u0131rla\u015farak ya\u015fam\u0131n\u0131 yitirdi. Cengiz Topel Hastanesi\u2019nde g\u00f6revli, Kalp Sa\u011fl\u0131\u011f\u0131 ve Hastal\u0131klar\u0131 Uzman\u0131 Prof. Dr. Ras\u0131m Enar\u2019\u0131n verdi\u011fi bilgiye g\u00f6re, Beratl\u0131 \u201cani kalp \u00f6l\u00fcm\u00fc\u201d nedeniyle hayat\u0131n\u0131 kaybetti. Dr. Enar,\" \/>\n<meta property=\"og:url\" content=\"https:\/\/kibrisdakik.com\/?p=43835\" \/>\n<meta property=\"article:published_time\" content=\"2024-05-30T11:37:49+00:00\" \/>\n<meta property=\"og:image\" content=\"https:\/\/kibrisdakik.com\/wp-content\/uploads\/2024\/05\/nazim-beratli-740x420.jpg\" \/>\n\t<meta property=\"og:image:width\" content=\"971\" \/>\n\t<meta property=\"og:image:height\" content=\"551\" \/>\n\t<meta property=\"og:image:type\" content=\"image\/jpeg\" \/>\n<meta name=\"author\" content=\"admin\" \/>\n<meta name=\"twitter:card\" content=\"summary_large_image\" \/>\n<meta name=\"twitter:label1\" content=\"Yazan:\" \/>\n\t<meta name=\"twitter:data1\" content=\"admin\" \/>\n\t<meta name=\"twitter:label2\" content=\"Tahmini okuma s\u00fcresi\" \/>\n\t<meta name=\"twitter:data2\" content=\"1 dakika\" \/>\n<script type=\"application\/ld+json\" class=\"yoast-schema-graph\">{\"@context\":\"https:\\\/\\\/schema.org\",\"@graph\":[{\"@type\":\"Article\",\"@id\":\"https:\\\/\\\/kibrisdakik.com\\\/?p=43835#article\",\"isPartOf\":{\"@id\":\"https:\\\/\\\/kibrisdakik.com\\\/?p=43835\"},\"author\":{\"name\":\"admin\",\"@id\":\"https:\\\/\\\/kibrisdakik.com\\\/#\\\/schema\\\/person\\\/9cd9d437bbb44f72b73ba127e06d8e79\"},\"headline\":\"Beratl\u0131 yar\u0131n topra\u011fa verilecek\",\"datePublished\":\"2024-05-30T11:37:49+00:00\",\"mainEntityOfPage\":{\"@id\":\"https:\\\/\\\/kibrisdakik.com\\\/?p=43835\"},\"wordCount\":289,\"commentCount\":0,\"image\":{\"@id\":\"https:\\\/\\\/kibrisdakik.com\\\/?p=43835#primaryimage\"},\"thumbnailUrl\":\"https:\\\/\\\/kibrisdakik.com\\\/wp-content\\\/uploads\\\/2024\\\/05\\\/nazim-beratli-740x420.jpg\",\"articleSection\":[\"G\u00fcndem\"],\"inLanguage\":\"tr\",\"potentialAction\":[{\"@type\":\"CommentAction\",\"name\":\"Comment\",\"target\":[\"https:\\\/\\\/kibrisdakik.com\\\/?p=43835#respond\"]}]},{\"@type\":\"WebPage\",\"@id\":\"https:\\\/\\\/kibrisdakik.com\\\/?p=43835\",\"url\":\"https:\\\/\\\/kibrisdakik.com\\\/?p=43835\",\"name\":\"Beratl\u0131 yar\u0131n topra\u011fa verilecek -\",\"isPartOf\":{\"@id\":\"https:\\\/\\\/kibrisdakik.com\\\/#website\"},\"primaryImageOfPage\":{\"@id\":\"https:\\\/\\\/kibrisdakik.com\\\/?p=43835#primaryimage\"},\"image\":{\"@id\":\"https:\\\/\\\/kibrisdakik.com\\\/?p=43835#primaryimage\"},\"thumbnailUrl\":\"https:\\\/\\\/kibrisdakik.com\\\/wp-content\\\/uploads\\\/2024\\\/05\\\/nazim-beratli-740x420.jpg\",\"datePublished\":\"2024-05-30T11:37:49+00:00\",\"author\":{\"@id\":\"https:\\\/\\\/kibrisdakik.com\\\/#\\\/schema\\\/person\\\/9cd9d437bbb44f72b73ba127e06d8e79\"},\"breadcrumb\":{\"@id\":\"https:\\\/\\\/kibrisdakik.com\\\/?p=43835#breadcrumb\"},\"inLanguage\":\"tr\",\"potentialAction\":[{\"@type\":\"ReadAction\",\"target\":[\"https:\\\/\\\/kibrisdakik.com\\\/?p=43835\"]}]},{\"@type\":\"ImageObject\",\"inLanguage\":\"tr\",\"@id\":\"https:\\\/\\\/kibrisdakik.com\\\/?p=43835#primaryimage\",\"url\":\"https:\\\/\\\/kibrisdakik.com\\\/wp-content\\\/uploads\\\/2024\\\/05\\\/nazim-beratli-740x420.jpg\",\"contentUrl\":\"https:\\\/\\\/kibrisdakik.com\\\/wp-content\\\/uploads\\\/2024\\\/05\\\/nazim-beratli-740x420.jpg\",\"width\":971,\"height\":551},{\"@type\":\"BreadcrumbList\",\"@id\":\"https:\\\/\\\/kibrisdakik.com\\\/?p=43835#breadcrumb\",\"itemListElement\":[{\"@type\":\"ListItem\",\"position\":1,\"name\":\"Home\",\"item\":\"https:\\\/\\\/kibrisdakik.com\\\/\"},{\"@type\":\"ListItem\",\"position\":2,\"name\":\"Beratl\u0131 yar\u0131n topra\u011fa verilecek\"}]},{\"@type\":\"WebSite\",\"@id\":\"https:\\\/\\\/kibrisdakik.com\\\/#website\",\"url\":\"https:\\\/\\\/kibrisdakik.com\\\/\",\"name\":\"\",\"description\":\"Tam vaktinde haber\",\"potentialAction\":[{\"@type\":\"SearchAction\",\"target\":{\"@type\":\"EntryPoint\",\"urlTemplate\":\"https:\\\/\\\/kibrisdakik.com\\\/?s={search_term_string}\"},\"query-input\":{\"@type\":\"PropertyValueSpecification\",\"valueRequired\":true,\"valueName\":\"search_term_string\"}}],\"inLanguage\":\"tr\"},{\"@type\":\"Person\",\"@id\":\"https:\\\/\\\/kibrisdakik.com\\\/#\\\/schema\\\/person\\\/9cd9d437bbb44f72b73ba127e06d8e79\",\"name\":\"admin\",\"image\":{\"@type\":\"ImageObject\",\"inLanguage\":\"tr\",\"@id\":\"https:\\\/\\\/secure.gravatar.com\\\/avatar\\\/ccc17943b9d660506c869530f897617f7cb1c21a4bf30023f252596d83e1f007?s=96&d=mm&r=g\",\"url\":\"https:\\\/\\\/secure.gravatar.com\\\/avatar\\\/ccc17943b9d660506c869530f897617f7cb1c21a4bf30023f252596d83e1f007?s=96&d=mm&r=g\",\"contentUrl\":\"https:\\\/\\\/secure.gravatar.com\\\/avatar\\\/ccc17943b9d660506c869530f897617f7cb1c21a4bf30023f252596d83e1f007?s=96&d=mm&r=g\",\"caption\":\"admin\"},\"sameAs\":[\"https:\\\/\\\/kibrisdakik.com\"],\"url\":\"https:\\\/\\\/kibrisdakik.com\\\/?author=1\"}]}<\/script>\n<!-- \/ Yoast SEO plugin. -->","yoast_head_json":{"title":"Beratl\u0131 yar\u0131n topra\u011fa verilecek -","robots":{"index":"index","follow":"follow","max-snippet":"max-snippet:-1","max-image-preview":"max-image-preview:large","max-video-preview":"max-video-preview:-1"},"canonical":"https:\/\/kibrisdakik.com\/?p=43835","og_locale":"tr_TR","og_type":"article","og_title":"Beratl\u0131 yar\u0131n topra\u011fa verilecek -","og_description":"T\u0131p doktoru, eski milletvekili, akademisyen ve yazar Do\u00e7. Dr. Naz\u0131m Beratl\u0131, hayat\u0131n\u0131 kaybetti. Kalp rahats\u0131zl\u0131\u011f\u0131 bulunan 72 ya\u015f\u0131ndaki Beratl\u0131, bu sabah kontrol ama\u00e7l\u0131 gitti\u011fi Cengiz Topel Hastanesi\u2019nde a\u011f\u0131rla\u015farak ya\u015fam\u0131n\u0131 yitirdi. Cengiz Topel Hastanesi\u2019nde g\u00f6revli, Kalp Sa\u011fl\u0131\u011f\u0131 ve Hastal\u0131klar\u0131 Uzman\u0131 Prof. Dr. Ras\u0131m Enar\u2019\u0131n verdi\u011fi bilgiye g\u00f6re, Beratl\u0131 \u201cani kalp \u00f6l\u00fcm\u00fc\u201d nedeniyle hayat\u0131n\u0131 kaybetti. Dr. Enar,","og_url":"https:\/\/kibrisdakik.com\/?p=43835","article_published_time":"2024-05-30T11:37:49+00:00","og_image":[{"width":971,"height":551,"url":"https:\/\/kibrisdakik.com\/wp-content\/uploads\/2024\/05\/nazim-beratli-740x420.jpg","type":"image\/jpeg"}],"author":"admin","twitter_card":"summary_large_image","twitter_misc":{"Yazan:":"admin","Tahmini okuma s\u00fcresi":"1 dakika"},"schema":{"@context":"https:\/\/schema.org","@graph":[{"@type":"Article","@id":"https:\/\/kibrisdakik.com\/?p=43835#article","isPartOf":{"@id":"https:\/\/kibrisdakik.com\/?p=43835"},"author":{"name":"admin","@id":"https:\/\/kibrisdakik.com\/#\/schema\/person\/9cd9d437bbb44f72b73ba127e06d8e79"},"headline":"Beratl\u0131 yar\u0131n topra\u011fa verilecek","datePublished":"2024-05-30T11:37:49+00:00","mainEntityOfPage":{"@id":"https:\/\/kibrisdakik.com\/?p=43835"},"wordCount":289,"commentCount":0,"image":{"@id":"https:\/\/kibrisdakik.com\/?p=43835#primaryimage"},"thumbnailUrl":"https:\/\/kibrisdakik.com\/wp-content\/uploads\/2024\/05\/nazim-beratli-740x420.jpg","articleSection":["G\u00fcndem"],"inLanguage":"tr","potentialAction":[{"@type":"CommentAction","name":"Comment","target":["https:\/\/kibrisdakik.com\/?p=43835#respond"]}]},{"@type":"WebPage","@id":"https:\/\/kibrisdakik.com\/?p=43835","url":"https:\/\/kibrisdakik.com\/?p=43835","name":"Beratl\u0131 yar\u0131n topra\u011fa verilecek -","isPartOf":{"@id":"https:\/\/kibrisdakik.com\/#website"},"primaryImageOfPage":{"@id":"https:\/\/kibrisdakik.com\/?p=43835#primaryimage"},"image":{"@id":"https:\/\/kibrisdakik.com\/?p=43835#primaryimage"},"thumbnailUrl":"https:\/\/kibrisdakik.com\/wp-content\/uploads\/2024\/05\/nazim-beratli-740x420.jpg","datePublished":"2024-05-30T11:37:49+00:00","author":{"@id":"https:\/\/kibrisdakik.com\/#\/schema\/person\/9cd9d437bbb44f72b73ba127e06d8e79"},"breadcrumb":{"@id":"https:\/\/kibrisdakik.com\/?p=43835#breadcrumb"},"inLanguage":"tr","potentialAction":[{"@type":"ReadAction","target":["https:\/\/kibrisdakik.com\/?p=43835"]}]},{"@type":"ImageObject","inLanguage":"tr","@id":"https:\/\/kibrisdakik.com\/?p=43835#primaryimage","url":"https:\/\/kibrisdakik.com\/wp-content\/uploads\/2024\/05\/nazim-beratli-740x420.jpg","contentUrl":"https:\/\/kibrisdakik.com\/wp-content\/uploads\/2024\/05\/nazim-beratli-740x420.jpg","width":971,"height":551},{"@type":"BreadcrumbList","@id":"https:\/\/kibrisdakik.com\/?p=43835#breadcrumb","itemListElement":[{"@type":"ListItem","position":1,"name":"Home","item":"https:\/\/kibrisdakik.com\/"},{"@type":"ListItem","position":2,"name":"Beratl\u0131 yar\u0131n topra\u011fa verilecek"}]},{"@type":"WebSite","@id":"https:\/\/kibrisdakik.com\/#website","url":"https:\/\/kibrisdakik.com\/","name":"","description":"Tam vaktinde haber","potentialAction":[{"@type":"SearchAction","target":{"@type":"EntryPoint","urlTemplate":"https:\/\/kibrisdakik.com\/?s={search_term_string}"},"query-input":{"@type":"PropertyValueSpecification","valueRequired":true,"valueName":"search_term_string"}}],"inLanguage":"tr"},{"@type":"Person","@id":"https:\/\/kibrisdakik.com\/#\/schema\/person\/9cd9d437bbb44f72b73ba127e06d8e79","name":"admin","image":{"@type":"ImageObject","inLanguage":"tr","@id":"https:\/\/secure.gravatar.com\/avatar\/ccc17943b9d660506c869530f897617f7cb1c21a4bf30023f252596d83e1f007?s=96&d=mm&r=g","url":"https:\/\/secure.gravatar.com\/avatar\/ccc17943b9d660506c869530f897617f7cb1c21a4bf30023f252596d83e1f007?s=96&d=mm&r=g","contentUrl":"https:\/\/secure.gravatar.com\/avatar\/ccc17943b9d660506c869530f897617f7cb1c21a4bf30023f252596d83e1f007?s=96&d=mm&r=g","caption":"admin"},"sameAs":["https:\/\/kibrisdakik.com"],"url":"https:\/\/kibrisdakik.com\/?author=1"}]}},"_links":{"self":[{"href":"https:\/\/kibrisdakik.com\/index.php?rest_route=\/wp\/v2\/posts\/43835","targetHints":{"allow":["GET"]}}],"collection":[{"href":"https:\/\/kibrisdakik.com\/index.php?rest_route=\/wp\/v2\/posts"}],"about":[{"href":"https:\/\/kibrisdakik.com\/index.php?rest_route=\/wp\/v2\/types\/post"}],"author":[{"embeddable":true,"href":"https:\/\/kibrisdakik.com\/index.php?rest_route=\/wp\/v2\/users\/1"}],"replies":[{"embeddable":true,"href":"https:\/\/kibrisdakik.com\/index.php?rest_route=%2Fwp%2Fv2%2Fcomments&post=43835"}],"version-history":[{"count":0,"href":"https:\/\/kibrisdakik.com\/index.php?rest_route=\/wp\/v2\/posts\/43835\/revisions"}],"wp:featuredmedia":[{"embeddable":true,"href":"https:\/\/kibrisdakik.com\/index.php?rest_route=\/wp\/v2\/media\/43836"}],"wp:attachment":[{"href":"https:\/\/kibrisdakik.com\/index.php?rest_route=%2Fwp%2Fv2%2Fmedia&parent=43835"}],"wp:term":[{"taxonomy":"category","embeddable":true,"href":"https:\/\/kibrisdakik.com\/index.php?rest_route=%2Fwp%2Fv2%2Fcategories&post=43835"},{"taxonomy":"post_tag","embeddable":true,"href":"https:\/\/kibrisdakik.com\/index.php?rest_route=%2Fwp%2Fv2%2Ftags&post=43835"}],"curies":[{"name":"wp","href":"https:\/\/api.w.org\/{rel}","templated":true}]}}