{"id":43901,"date":"2024-05-30T21:47:47","date_gmt":"2024-05-30T21:47:47","guid":{"rendered":"https:\/\/kibrisdakik.com\/index.php\/2024\/05\/30\/cavusoglu-azerbaycan-milli-ilimler-akademisinde-kktc-bolumunun-acilisini-yapti-2\/"},"modified":"2024-05-30T21:47:47","modified_gmt":"2024-05-30T21:47:47","slug":"cavusoglu-azerbaycan-milli-ilimler-akademisinde-kktc-bolumunun-acilisini-yapti-2","status":"publish","type":"post","link":"https:\/\/kibrisdakik.com\/?p=43901","title":{"rendered":"\u00c7avu\u015fo\u011flu, Azerbaycan Milli \u0130limler Akademisi\u2019nde KKTC b\u00f6l\u00fcm\u00fcn\u00fcn a\u00e7\u0131l\u0131\u015f\u0131n\u0131 yapt\u0131"},"content":{"rendered":"<p><\/p>\n<div>\n<div class=\"mariselle-image-container center\">\n                <img loading=\"lazy\" decoding=\"async\" width=\"2560\" height=\"1437\" class=\"lazy-image\" alt=\"\" sizes=\"auto, (max-width: 2560px) 100vw, 2560px\" src=\"https:\/\/brtk.net\/wp-content\/uploads\/2024\/05\/30\/meb-milli-ilimler-akademisi-1-scaled.jpg?ver=f4fb3a2854551178d6a0aed0431870b6\" srcset=\"https:\/\/brtk.net\/wp-content\/uploads\/2024\/05\/30\/meb-milli-ilimler-akademisi-1-scaled.jpg?ver=f4fb3a2854551178d6a0aed0431870b6 2560w, https:\/\/brtk.net\/wp-content\/uploads\/2024\/05\/30\/meb-milli-ilimler-akademisi-1-300x168.jpg?ver=98c27bec99e84f95f858d64d58adc84e 300w, https:\/\/brtk.net\/wp-content\/uploads\/2024\/05\/30\/meb-milli-ilimler-akademisi-1-1024x575.jpg?ver=3b11ad99bfea703418526aea5bf7c90c 1024w, https:\/\/brtk.net\/wp-content\/uploads\/2024\/05\/30\/meb-milli-ilimler-akademisi-1-768x431.jpg?ver=3b11ad99bfea703418526aea5bf7c90c 768w, https:\/\/brtk.net\/wp-content\/uploads\/2024\/05\/30\/meb-milli-ilimler-akademisi-1-1536x862.jpg?ver=0c437aab4d101a408b9f4d97fb13ec5c 1536w, https:\/\/brtk.net\/wp-content\/uploads\/2024\/05\/30\/meb-milli-ilimler-akademisi-1-2048x1149.jpg?ver=e3cc4c518060b22463cd446b3d6c4297 2048w\"\/>                            <\/div>\n<p>\u00a0<\/p>\n<p>Milli E\u011fitim Bakan\u0131 Naz\u0131m \u00c7avu\u015fo\u011flu, Azerbaycan temaslar\u0131 kapsam\u0131nda, Azerbaycan Milli \u0130limler Akademisi\u2019ni ziyaret etti.<\/p>\n<p>Milli E\u011fitim Bakanl\u0131\u011f\u0131ndan yap\u0131lan a\u00e7\u0131klamaya g\u00f6re, Bakan \u00c7avu\u015fo\u011flu, Akademi\u2019de d\u00fcnya devletlerinin eserlerinin yer ald\u0131\u011f\u0131 k\u00f6\u015fede <a href=\"https:\/\/brtk.net\/\"\/><a href=\"https:\/\/brtk.net\/\"\/><a href=\"https:\/\/brtk.net\/\"\/><a href=\"https:\/\/brtk.net\/\">KKTC<\/a> b\u00f6l\u00fcm\u00fcn\u00fcn a\u00e7\u0131l\u0131\u015f\u0131n\u0131 yapt\u0131.<\/p>\n<p>Ziyaret s\u0131ras\u0131nda, Bakan \u00c7avu\u015fo\u011flu\u2019na <a href=\"https:\/\/brtk.net\/\"\/><a href=\"https:\/\/brtk.net\/\"\/><a href=\"https:\/\/brtk.net\/\"\/><a href=\"https:\/\/brtk.net\/\">KKTC<\/a> Bak\u00fc Temsilcisi B\u00fcy\u00fckel\u00e7i Ufuk Turganer ile \u00c7avu\u015fo\u011flu\u2019nun \u00d6zel Kalem M\u00fcd\u00fcr\u00fc Kemal \u015e\u00f6f\u00f6ro\u011flu e\u015flik etti.<\/p>\n<p>\u00c7avu\u015fo\u011flu, Azerbaycan Milli \u0130limler Akademisi yetkilileriyle g\u00f6r\u00fc\u015ferek, iki \u00fclke aras\u0131ndaki i\u015f birli\u011fi konular\u0131nda fikir al\u0131\u015fveri\u015finde bulundu. G\u00f6r\u00fc\u015fmede, iki karde\u015f \u00fclke aras\u0131nda bilim ve e\u011fitim alan\u0131nda ortak projelerin geli\u015ftirilmesi ve gelecekteki i\u015f birliklerinin art\u0131r\u0131lmas\u0131 y\u00f6n\u00fcnde \u00f6nemli ad\u0131mlar at\u0131ld\u0131.<\/p>\n<p>A\u00e7\u0131l\u0131\u015f t\u00f6reninde konu\u015fan \u00c7avu\u015fo\u011flu, <a href=\"https:\/\/brtk.net\/\"\/><a href=\"https:\/\/brtk.net\/\"\/><a href=\"https:\/\/brtk.net\/\"\/><a href=\"https:\/\/brtk.net\/\">KKTC<\/a>\u2018nin bilim ve e\u011fitim alan\u0131nda uluslararas\u0131 platformlarda daha fazla temsil edilmesi gerekti\u011fine vurgu yaparak, \u201cBug\u00fcn burada, Azerbaycan\u2019da, karde\u015f \u00fclkemizin Milli \u0130limler Akademisi\u2019nde Kuzey K\u0131br\u0131s T\u00fcrk Cumhuriyeti b\u00f6l\u00fcm\u00fcn\u00fcn a\u00e7\u0131l\u0131\u015f\u0131n\u0131 ger\u00e7ekle\u015ftirmekten b\u00fcy\u00fck gurur duyuyoruz. Bu, \u00fclkelerimiz aras\u0131ndaki g\u00fc\u00e7l\u00fc ba\u011flar\u0131n ve kar\u015f\u0131l\u0131kl\u0131 sayg\u0131n\u0131n en g\u00fczel g\u00f6stergesidir.\u201d dedi.<\/p>\n<p><a href=\"https:\/\/brtk.net\/\"\/><a href=\"https:\/\/brtk.net\/\"\/><a href=\"https:\/\/brtk.net\/\"\/><a href=\"https:\/\/brtk.net\/\">KKTC<\/a>\u2018nin bilimsel katk\u0131lar\u0131n\u0131n d\u00fcnya \u00e7ap\u0131nda daha fazla tan\u0131nmas\u0131 gerekti\u011finin alt\u0131n\u0131 \u00e7izen \u00c7avu\u015fo\u011flu, bu t\u00fcr i\u015f birliklerinin iki \u00fclke aras\u0131ndaki ili\u015fkilerin geli\u015fmesine \u00f6nemli katk\u0131lar sa\u011flayaca\u011f\u0131n\u0131 ifade etti.<\/p>\n<p>\u00c7avu\u015fo\u011flu, t\u00f6renin ard\u0131ndan kat\u0131l\u0131mc\u0131larla birlikte <a href=\"https:\/\/brtk.net\/\"\/><a href=\"https:\/\/brtk.net\/\"\/><a href=\"https:\/\/brtk.net\/\"\/><a href=\"https:\/\/brtk.net\/\">KKTC<\/a> b\u00f6l\u00fcm\u00fcn\u00fc ve Karada\u011f Sava\u015f\u0131\u2019nda \u015fehit d\u00fc\u015fen Azerbaycan vatanda\u015flar\u0131 i\u00e7in ayr\u0131lan \u00f6zel b\u00f6l\u00fcm\u00fc gezerek sergilenen eserleri inceledi ve bilgi ald\u0131.<\/p>\n<\/p><\/div>\n<p><script async\n                    defer\n                    crossorigin=\"anonymous\"\n                    src=\"https:\/\/connect.facebook.net\/tr_TR\/sdk.js#xfbml=1&#038;version=v3.3\"\n            ><\/script><\/p>\n","protected":false},"excerpt":{"rendered":"<p>\u00a0 Milli E\u011fitim Bakan\u0131 Naz\u0131m \u00c7avu\u015fo\u011flu, Azerbaycan temaslar\u0131 kapsam\u0131nda, Azerbaycan Milli \u0130limler Akademisi\u2019ni ziyaret etti. Milli E\u011fitim Bakanl\u0131\u011f\u0131ndan yap\u0131lan a\u00e7\u0131klamaya g\u00f6re, Bakan \u00c7avu\u015fo\u011flu, Akademi\u2019de d\u00fcnya devletlerinin eserlerinin yer ald\u0131\u011f\u0131 k\u00f6\u015fede KKTC b\u00f6l\u00fcm\u00fcn\u00fcn a\u00e7\u0131l\u0131\u015f\u0131n\u0131 yapt\u0131. Ziyaret s\u0131ras\u0131nda, Bakan \u00c7avu\u015fo\u011flu\u2019na KKTC Bak\u00fc Temsilcisi B\u00fcy\u00fckel\u00e7i Ufuk Turganer ile \u00c7avu\u015fo\u011flu\u2019nun \u00d6zel Kalem M\u00fcd\u00fcr\u00fc Kemal \u015e\u00f6f\u00f6ro\u011flu e\u015flik etti. \u00c7avu\u015fo\u011flu, Azerbaycan<\/p>\n","protected":false},"author":1,"featured_media":43902,"comment_status":"open","ping_status":"open","sticky":false,"template":"","format":"standard","meta":{"footnotes":""},"categories":[1],"tags":[],"class_list":["post-43901","post","type-post","status-publish","format-standard","has-post-thumbnail","hentry","category-gundem"],"yoast_head":"<!-- This site is optimized with the Yoast SEO plugin v27.4 - https:\/\/yoast.com\/product\/yoast-seo-wordpress\/ -->\n<title>\u00c7avu\u015fo\u011flu, Azerbaycan Milli \u0130limler Akademisi\u2019nde KKTC b\u00f6l\u00fcm\u00fcn\u00fcn a\u00e7\u0131l\u0131\u015f\u0131n\u0131 yapt\u0131 -<\/title>\n<meta name=\"robots\" content=\"index, follow, max-snippet:-1, max-image-preview:large, max-video-preview:-1\" \/>\n<link rel=\"canonical\" href=\"https:\/\/kibrisdakik.com\/?p=43901\" \/>\n<meta property=\"og:locale\" content=\"tr_TR\" \/>\n<meta property=\"og:type\" content=\"article\" \/>\n<meta property=\"og:title\" content=\"\u00c7avu\u015fo\u011flu, Azerbaycan Milli \u0130limler Akademisi\u2019nde KKTC b\u00f6l\u00fcm\u00fcn\u00fcn a\u00e7\u0131l\u0131\u015f\u0131n\u0131 yapt\u0131 -\" \/>\n<meta property=\"og:description\" content=\"\u00a0 Milli E\u011fitim Bakan\u0131 Naz\u0131m \u00c7avu\u015fo\u011flu, Azerbaycan temaslar\u0131 kapsam\u0131nda, Azerbaycan Milli \u0130limler Akademisi\u2019ni ziyaret etti. Milli E\u011fitim Bakanl\u0131\u011f\u0131ndan yap\u0131lan a\u00e7\u0131klamaya g\u00f6re, Bakan \u00c7avu\u015fo\u011flu, Akademi\u2019de d\u00fcnya devletlerinin eserlerinin yer ald\u0131\u011f\u0131 k\u00f6\u015fede KKTC b\u00f6l\u00fcm\u00fcn\u00fcn a\u00e7\u0131l\u0131\u015f\u0131n\u0131 yapt\u0131. Ziyaret s\u0131ras\u0131nda, Bakan \u00c7avu\u015fo\u011flu\u2019na KKTC Bak\u00fc Temsilcisi B\u00fcy\u00fckel\u00e7i Ufuk Turganer ile \u00c7avu\u015fo\u011flu\u2019nun \u00d6zel Kalem M\u00fcd\u00fcr\u00fc Kemal \u015e\u00f6f\u00f6ro\u011flu e\u015flik etti. \u00c7avu\u015fo\u011flu, Azerbaycan\" \/>\n<meta property=\"og:url\" content=\"https:\/\/kibrisdakik.com\/?p=43901\" \/>\n<meta property=\"article:published_time\" content=\"2024-05-30T21:47:47+00:00\" \/>\n<meta property=\"og:image\" content=\"https:\/\/kibrisdakik.com\/wp-content\/uploads\/2024\/05\/meb-milli-ilimler-akademisi-1-scaled-740x420.jpg\" \/>\n\t<meta property=\"og:image:width\" content=\"2560\" \/>\n\t<meta property=\"og:image:height\" content=\"1437\" \/>\n\t<meta property=\"og:image:type\" content=\"image\/jpeg\" \/>\n<meta name=\"author\" content=\"admin\" \/>\n<meta name=\"twitter:card\" content=\"summary_large_image\" \/>\n<meta name=\"twitter:label1\" content=\"Yazan:\" \/>\n\t<meta name=\"twitter:data1\" content=\"admin\" \/>\n\t<meta name=\"twitter:label2\" content=\"Tahmini okuma s\u00fcresi\" \/>\n\t<meta name=\"twitter:data2\" content=\"2 dakika\" \/>\n<script type=\"application\/ld+json\" class=\"yoast-schema-graph\">{\"@context\":\"https:\\\/\\\/schema.org\",\"@graph\":[{\"@type\":\"Article\",\"@id\":\"https:\\\/\\\/kibrisdakik.com\\\/?p=43901#article\",\"isPartOf\":{\"@id\":\"https:\\\/\\\/kibrisdakik.com\\\/?p=43901\"},\"author\":{\"name\":\"admin\",\"@id\":\"https:\\\/\\\/kibrisdakik.com\\\/#\\\/schema\\\/person\\\/9cd9d437bbb44f72b73ba127e06d8e79\"},\"headline\":\"\u00c7avu\u015fo\u011flu, Azerbaycan Milli \u0130limler Akademisi\u2019nde KKTC b\u00f6l\u00fcm\u00fcn\u00fcn a\u00e7\u0131l\u0131\u015f\u0131n\u0131 yapt\u0131\",\"datePublished\":\"2024-05-30T21:47:47+00:00\",\"mainEntityOfPage\":{\"@id\":\"https:\\\/\\\/kibrisdakik.com\\\/?p=43901\"},\"wordCount\":335,\"commentCount\":0,\"image\":{\"@id\":\"https:\\\/\\\/kibrisdakik.com\\\/?p=43901#primaryimage\"},\"thumbnailUrl\":\"https:\\\/\\\/kibrisdakik.com\\\/wp-content\\\/uploads\\\/2024\\\/05\\\/meb-milli-ilimler-akademisi-1-scaled-740x420.jpg\",\"articleSection\":[\"G\u00fcndem\"],\"inLanguage\":\"tr\",\"potentialAction\":[{\"@type\":\"CommentAction\",\"name\":\"Comment\",\"target\":[\"https:\\\/\\\/kibrisdakik.com\\\/?p=43901#respond\"]}]},{\"@type\":\"WebPage\",\"@id\":\"https:\\\/\\\/kibrisdakik.com\\\/?p=43901\",\"url\":\"https:\\\/\\\/kibrisdakik.com\\\/?p=43901\",\"name\":\"\u00c7avu\u015fo\u011flu, Azerbaycan Milli \u0130limler Akademisi\u2019nde KKTC b\u00f6l\u00fcm\u00fcn\u00fcn a\u00e7\u0131l\u0131\u015f\u0131n\u0131 yapt\u0131 -\",\"isPartOf\":{\"@id\":\"https:\\\/\\\/kibrisdakik.com\\\/#website\"},\"primaryImageOfPage\":{\"@id\":\"https:\\\/\\\/kibrisdakik.com\\\/?p=43901#primaryimage\"},\"image\":{\"@id\":\"https:\\\/\\\/kibrisdakik.com\\\/?p=43901#primaryimage\"},\"thumbnailUrl\":\"https:\\\/\\\/kibrisdakik.com\\\/wp-content\\\/uploads\\\/2024\\\/05\\\/meb-milli-ilimler-akademisi-1-scaled-740x420.jpg\",\"datePublished\":\"2024-05-30T21:47:47+00:00\",\"author\":{\"@id\":\"https:\\\/\\\/kibrisdakik.com\\\/#\\\/schema\\\/person\\\/9cd9d437bbb44f72b73ba127e06d8e79\"},\"breadcrumb\":{\"@id\":\"https:\\\/\\\/kibrisdakik.com\\\/?p=43901#breadcrumb\"},\"inLanguage\":\"tr\",\"potentialAction\":[{\"@type\":\"ReadAction\",\"target\":[\"https:\\\/\\\/kibrisdakik.com\\\/?p=43901\"]}]},{\"@type\":\"ImageObject\",\"inLanguage\":\"tr\",\"@id\":\"https:\\\/\\\/kibrisdakik.com\\\/?p=43901#primaryimage\",\"url\":\"https:\\\/\\\/kibrisdakik.com\\\/wp-content\\\/uploads\\\/2024\\\/05\\\/meb-milli-ilimler-akademisi-1-scaled-740x420.jpg\",\"contentUrl\":\"https:\\\/\\\/kibrisdakik.com\\\/wp-content\\\/uploads\\\/2024\\\/05\\\/meb-milli-ilimler-akademisi-1-scaled-740x420.jpg\",\"width\":2560,\"height\":1437},{\"@type\":\"BreadcrumbList\",\"@id\":\"https:\\\/\\\/kibrisdakik.com\\\/?p=43901#breadcrumb\",\"itemListElement\":[{\"@type\":\"ListItem\",\"position\":1,\"name\":\"Home\",\"item\":\"https:\\\/\\\/kibrisdakik.com\\\/\"},{\"@type\":\"ListItem\",\"position\":2,\"name\":\"\u00c7avu\u015fo\u011flu, Azerbaycan Milli \u0130limler Akademisi\u2019nde KKTC b\u00f6l\u00fcm\u00fcn\u00fcn a\u00e7\u0131l\u0131\u015f\u0131n\u0131 yapt\u0131\"}]},{\"@type\":\"WebSite\",\"@id\":\"https:\\\/\\\/kibrisdakik.com\\\/#website\",\"url\":\"https:\\\/\\\/kibrisdakik.com\\\/\",\"name\":\"\",\"description\":\"Tam vaktinde haber\",\"potentialAction\":[{\"@type\":\"SearchAction\",\"target\":{\"@type\":\"EntryPoint\",\"urlTemplate\":\"https:\\\/\\\/kibrisdakik.com\\\/?s={search_term_string}\"},\"query-input\":{\"@type\":\"PropertyValueSpecification\",\"valueRequired\":true,\"valueName\":\"search_term_string\"}}],\"inLanguage\":\"tr\"},{\"@type\":\"Person\",\"@id\":\"https:\\\/\\\/kibrisdakik.com\\\/#\\\/schema\\\/person\\\/9cd9d437bbb44f72b73ba127e06d8e79\",\"name\":\"admin\",\"image\":{\"@type\":\"ImageObject\",\"inLanguage\":\"tr\",\"@id\":\"https:\\\/\\\/secure.gravatar.com\\\/avatar\\\/ccc17943b9d660506c869530f897617f7cb1c21a4bf30023f252596d83e1f007?s=96&d=mm&r=g\",\"url\":\"https:\\\/\\\/secure.gravatar.com\\\/avatar\\\/ccc17943b9d660506c869530f897617f7cb1c21a4bf30023f252596d83e1f007?s=96&d=mm&r=g\",\"contentUrl\":\"https:\\\/\\\/secure.gravatar.com\\\/avatar\\\/ccc17943b9d660506c869530f897617f7cb1c21a4bf30023f252596d83e1f007?s=96&d=mm&r=g\",\"caption\":\"admin\"},\"sameAs\":[\"https:\\\/\\\/kibrisdakik.com\"],\"url\":\"https:\\\/\\\/kibrisdakik.com\\\/?author=1\"}]}<\/script>\n<!-- \/ Yoast SEO plugin. -->","yoast_head_json":{"title":"\u00c7avu\u015fo\u011flu, Azerbaycan Milli \u0130limler Akademisi\u2019nde KKTC b\u00f6l\u00fcm\u00fcn\u00fcn a\u00e7\u0131l\u0131\u015f\u0131n\u0131 yapt\u0131 -","robots":{"index":"index","follow":"follow","max-snippet":"max-snippet:-1","max-image-preview":"max-image-preview:large","max-video-preview":"max-video-preview:-1"},"canonical":"https:\/\/kibrisdakik.com\/?p=43901","og_locale":"tr_TR","og_type":"article","og_title":"\u00c7avu\u015fo\u011flu, Azerbaycan Milli \u0130limler Akademisi\u2019nde KKTC b\u00f6l\u00fcm\u00fcn\u00fcn a\u00e7\u0131l\u0131\u015f\u0131n\u0131 yapt\u0131 -","og_description":"\u00a0 Milli E\u011fitim Bakan\u0131 Naz\u0131m \u00c7avu\u015fo\u011flu, Azerbaycan temaslar\u0131 kapsam\u0131nda, Azerbaycan Milli \u0130limler Akademisi\u2019ni ziyaret etti. Milli E\u011fitim Bakanl\u0131\u011f\u0131ndan yap\u0131lan a\u00e7\u0131klamaya g\u00f6re, Bakan \u00c7avu\u015fo\u011flu, Akademi\u2019de d\u00fcnya devletlerinin eserlerinin yer ald\u0131\u011f\u0131 k\u00f6\u015fede KKTC b\u00f6l\u00fcm\u00fcn\u00fcn a\u00e7\u0131l\u0131\u015f\u0131n\u0131 yapt\u0131. Ziyaret s\u0131ras\u0131nda, Bakan \u00c7avu\u015fo\u011flu\u2019na KKTC Bak\u00fc Temsilcisi B\u00fcy\u00fckel\u00e7i Ufuk Turganer ile \u00c7avu\u015fo\u011flu\u2019nun \u00d6zel Kalem M\u00fcd\u00fcr\u00fc Kemal \u015e\u00f6f\u00f6ro\u011flu e\u015flik etti. \u00c7avu\u015fo\u011flu, Azerbaycan","og_url":"https:\/\/kibrisdakik.com\/?p=43901","article_published_time":"2024-05-30T21:47:47+00:00","og_image":[{"width":2560,"height":1437,"url":"https:\/\/kibrisdakik.com\/wp-content\/uploads\/2024\/05\/meb-milli-ilimler-akademisi-1-scaled-740x420.jpg","type":"image\/jpeg"}],"author":"admin","twitter_card":"summary_large_image","twitter_misc":{"Yazan:":"admin","Tahmini okuma s\u00fcresi":"2 dakika"},"schema":{"@context":"https:\/\/schema.org","@graph":[{"@type":"Article","@id":"https:\/\/kibrisdakik.com\/?p=43901#article","isPartOf":{"@id":"https:\/\/kibrisdakik.com\/?p=43901"},"author":{"name":"admin","@id":"https:\/\/kibrisdakik.com\/#\/schema\/person\/9cd9d437bbb44f72b73ba127e06d8e79"},"headline":"\u00c7avu\u015fo\u011flu, Azerbaycan Milli \u0130limler Akademisi\u2019nde KKTC b\u00f6l\u00fcm\u00fcn\u00fcn a\u00e7\u0131l\u0131\u015f\u0131n\u0131 yapt\u0131","datePublished":"2024-05-30T21:47:47+00:00","mainEntityOfPage":{"@id":"https:\/\/kibrisdakik.com\/?p=43901"},"wordCount":335,"commentCount":0,"image":{"@id":"https:\/\/kibrisdakik.com\/?p=43901#primaryimage"},"thumbnailUrl":"https:\/\/kibrisdakik.com\/wp-content\/uploads\/2024\/05\/meb-milli-ilimler-akademisi-1-scaled-740x420.jpg","articleSection":["G\u00fcndem"],"inLanguage":"tr","potentialAction":[{"@type":"CommentAction","name":"Comment","target":["https:\/\/kibrisdakik.com\/?p=43901#respond"]}]},{"@type":"WebPage","@id":"https:\/\/kibrisdakik.com\/?p=43901","url":"https:\/\/kibrisdakik.com\/?p=43901","name":"\u00c7avu\u015fo\u011flu, Azerbaycan Milli \u0130limler Akademisi\u2019nde KKTC b\u00f6l\u00fcm\u00fcn\u00fcn a\u00e7\u0131l\u0131\u015f\u0131n\u0131 yapt\u0131 -","isPartOf":{"@id":"https:\/\/kibrisdakik.com\/#website"},"primaryImageOfPage":{"@id":"https:\/\/kibrisdakik.com\/?p=43901#primaryimage"},"image":{"@id":"https:\/\/kibrisdakik.com\/?p=43901#primaryimage"},"thumbnailUrl":"https:\/\/kibrisdakik.com\/wp-content\/uploads\/2024\/05\/meb-milli-ilimler-akademisi-1-scaled-740x420.jpg","datePublished":"2024-05-30T21:47:47+00:00","author":{"@id":"https:\/\/kibrisdakik.com\/#\/schema\/person\/9cd9d437bbb44f72b73ba127e06d8e79"},"breadcrumb":{"@id":"https:\/\/kibrisdakik.com\/?p=43901#breadcrumb"},"inLanguage":"tr","potentialAction":[{"@type":"ReadAction","target":["https:\/\/kibrisdakik.com\/?p=43901"]}]},{"@type":"ImageObject","inLanguage":"tr","@id":"https:\/\/kibrisdakik.com\/?p=43901#primaryimage","url":"https:\/\/kibrisdakik.com\/wp-content\/uploads\/2024\/05\/meb-milli-ilimler-akademisi-1-scaled-740x420.jpg","contentUrl":"https:\/\/kibrisdakik.com\/wp-content\/uploads\/2024\/05\/meb-milli-ilimler-akademisi-1-scaled-740x420.jpg","width":2560,"height":1437},{"@type":"BreadcrumbList","@id":"https:\/\/kibrisdakik.com\/?p=43901#breadcrumb","itemListElement":[{"@type":"ListItem","position":1,"name":"Home","item":"https:\/\/kibrisdakik.com\/"},{"@type":"ListItem","position":2,"name":"\u00c7avu\u015fo\u011flu, Azerbaycan Milli \u0130limler Akademisi\u2019nde KKTC b\u00f6l\u00fcm\u00fcn\u00fcn a\u00e7\u0131l\u0131\u015f\u0131n\u0131 yapt\u0131"}]},{"@type":"WebSite","@id":"https:\/\/kibrisdakik.com\/#website","url":"https:\/\/kibrisdakik.com\/","name":"","description":"Tam vaktinde haber","potentialAction":[{"@type":"SearchAction","target":{"@type":"EntryPoint","urlTemplate":"https:\/\/kibrisdakik.com\/?s={search_term_string}"},"query-input":{"@type":"PropertyValueSpecification","valueRequired":true,"valueName":"search_term_string"}}],"inLanguage":"tr"},{"@type":"Person","@id":"https:\/\/kibrisdakik.com\/#\/schema\/person\/9cd9d437bbb44f72b73ba127e06d8e79","name":"admin","image":{"@type":"ImageObject","inLanguage":"tr","@id":"https:\/\/secure.gravatar.com\/avatar\/ccc17943b9d660506c869530f897617f7cb1c21a4bf30023f252596d83e1f007?s=96&d=mm&r=g","url":"https:\/\/secure.gravatar.com\/avatar\/ccc17943b9d660506c869530f897617f7cb1c21a4bf30023f252596d83e1f007?s=96&d=mm&r=g","contentUrl":"https:\/\/secure.gravatar.com\/avatar\/ccc17943b9d660506c869530f897617f7cb1c21a4bf30023f252596d83e1f007?s=96&d=mm&r=g","caption":"admin"},"sameAs":["https:\/\/kibrisdakik.com"],"url":"https:\/\/kibrisdakik.com\/?author=1"}]}},"_links":{"self":[{"href":"https:\/\/kibrisdakik.com\/index.php?rest_route=\/wp\/v2\/posts\/43901","targetHints":{"allow":["GET"]}}],"collection":[{"href":"https:\/\/kibrisdakik.com\/index.php?rest_route=\/wp\/v2\/posts"}],"about":[{"href":"https:\/\/kibrisdakik.com\/index.php?rest_route=\/wp\/v2\/types\/post"}],"author":[{"embeddable":true,"href":"https:\/\/kibrisdakik.com\/index.php?rest_route=\/wp\/v2\/users\/1"}],"replies":[{"embeddable":true,"href":"https:\/\/kibrisdakik.com\/index.php?rest_route=%2Fwp%2Fv2%2Fcomments&post=43901"}],"version-history":[{"count":0,"href":"https:\/\/kibrisdakik.com\/index.php?rest_route=\/wp\/v2\/posts\/43901\/revisions"}],"wp:featuredmedia":[{"embeddable":true,"href":"https:\/\/kibrisdakik.com\/index.php?rest_route=\/wp\/v2\/media\/43902"}],"wp:attachment":[{"href":"https:\/\/kibrisdakik.com\/index.php?rest_route=%2Fwp%2Fv2%2Fmedia&parent=43901"}],"wp:term":[{"taxonomy":"category","embeddable":true,"href":"https:\/\/kibrisdakik.com\/index.php?rest_route=%2Fwp%2Fv2%2Fcategories&post=43901"},{"taxonomy":"post_tag","embeddable":true,"href":"https:\/\/kibrisdakik.com\/index.php?rest_route=%2Fwp%2Fv2%2Ftags&post=43901"}],"curies":[{"name":"wp","href":"https:\/\/api.w.org\/{rel}","templated":true}]}}