{"id":43917,"date":"2024-05-31T00:03:50","date_gmt":"2024-05-31T00:03:50","guid":{"rendered":"https:\/\/kibrisdakik.com\/index.php\/2024\/05\/31\/idari-kamu-ve-saglik-isleri-komitesi-toplandi-4\/"},"modified":"2024-05-31T00:03:50","modified_gmt":"2024-05-31T00:03:50","slug":"idari-kamu-ve-saglik-isleri-komitesi-toplandi-4","status":"publish","type":"post","link":"https:\/\/kibrisdakik.com\/?p=43917","title":{"rendered":"\u0130dari, Kamu ve Sa\u011fl\u0131k \u0130\u015fleri Komitesi topland\u0131"},"content":{"rendered":"<p><img decoding=\"async\" src=\"https:\/\/www.kibristurk.com\/images\/haberler\/2024\/05\/idari-kamu-ve-saglik-isleri-komitesi-toplandi-1717077285.webp\" \/><\/p>\n<p style=\"text-align:left\"><span style=\"font-size:16px\"><span style=\"font-family:Merriweather,serif !important\"><span style=\"color:#000000\"><span style=\"background-color:#ffffff\">Meclisten yap\u0131lan yaz\u0131l\u0131 a\u00e7\u0131klamaya g\u00f6re, Komite, g\u00fcndeminde bulunan \u201cBa\u015fbakanl\u0131k ve Merkez Kurulu\u015fu (Kurulu\u015f, G\u00f6rev ve \u00c7al\u0131\u015fma Esaslar\u0131) Yasa Tasar\u0131s\u0131\u201d, \u201cPersonel Dairesi (Kurulu\u015f, G\u00f6rev ve \u00c7al\u0131\u015fma Esaslar\u0131) Yasa Tasar\u0131s\u0131\u201d ve \u201cTasdik Memurlar\u0131 Yasa Tasar\u0131s\u0131\u201dn\u0131 ele ald\u0131.<\/span><\/span><\/span><\/span><\/p>\n<p style=\"text-align:left\"><span style=\"font-size:16px\"><span style=\"font-family:Merriweather,serif !important\"><span style=\"color:#000000\"><span style=\"background-color:#ffffff\">&nbsp;<\/span><\/span><\/span><\/span><\/p>\n<p style=\"text-align:left\"><span style=\"font-size:16px\"><span style=\"font-family:Merriweather,serif !important\"><span style=\"color:#000000\"><span style=\"background-color:#ffffff\">Komite ilk olarak, \u201cTasdik Memurlar\u0131 Yasa Tasar\u0131s\u0131\u201dn\u0131 ele ald\u0131 ve madde madde g\u00f6r\u00fc\u015fmeye devam etti. Komite bahse konu Yasa Tasar\u0131s\u0131 ile ilgili \u00e7al\u0131\u015fmalar\u0131na bir sonraki toplant\u0131s\u0131nda devam edecek.<\/span><\/span><\/span><\/span><\/p>\n<p style=\"text-align:left\"><span style=\"font-size:16px\"><span style=\"font-family:Merriweather,serif !important\"><span style=\"color:#000000\"><span style=\"background-color:#ffffff\">&nbsp;<\/span><\/span><\/span><\/span><\/p>\n<p style=\"text-align:left\"><span style=\"font-size:16px\"><span style=\"font-family:Merriweather,serif !important\"><span style=\"color:#000000\"><span style=\"background-color:#ffffff\">Komite toplant\u0131s\u0131na davetli olarak, Ba\u015fbakanl\u0131k, Maliye Bakanl\u0131\u011f\u0131, K\u0131br\u0131s T\u00fcrk Barolar Birli\u011fi ve K\u0131br\u0131s T\u00fcrk Tasdik Memurlar\u0131 Derne\u011fi\u2019nden yetkililer kat\u0131larak konu ile ilgili g\u00f6r\u00fc\u015flerini sundu.<\/span><\/span><\/span><\/span><\/p>\n<p style=\"text-align:left\"><span style=\"font-size:16px\"><span style=\"font-family:Merriweather,serif !important\"><span style=\"color:#000000\"><span style=\"background-color:#ffffff\">&nbsp;<\/span><\/span><\/span><\/span><\/p>\n<p style=\"text-align:left\"><span style=\"font-size:16px\"><span style=\"font-family:Merriweather,serif !important\"><span style=\"color:#000000\"><span style=\"background-color:#ffffff\">Komite daha sonra, g\u00fcndeminde bulunan \u201cBa\u015fbakanl\u0131k ve Merkez Kurulu\u015fu (Kurulu\u015f, G\u00f6rev ve \u00c7al\u0131\u015fma Esaslar\u0131) Yasa Tasar\u0131s\u0131\u201dn\u0131 ele ald\u0131 madde madde g\u00f6r\u00fc\u015fmeye devam etti. Komite bahse konu Yasa Tasar\u0131s\u0131 ile ilgili \u00e7al\u0131\u015fmalar\u0131na bir sonraki toplant\u0131s\u0131nda devam edecek.<\/span><\/span><\/span><\/span><\/p>\n<p style=\"text-align:left\"><span style=\"font-size:16px\"><span style=\"font-family:Merriweather,serif !important\"><span style=\"color:#000000\"><span style=\"background-color:#ffffff\">&nbsp;<\/span><\/span><\/span><\/span><\/p>\n<p style=\"text-align:left\"><span style=\"font-size:16px\"><span style=\"font-family:Merriweather,serif !important\"><span style=\"color:#000000\"><span style=\"background-color:#ffffff\">Komite toplant\u0131s\u0131na davetli olarak, Ba\u015fbakanl\u0131k, Maliye Bakanl\u0131\u011f\u0131, Personel Dairesi, KTAMS ve KAMU-SEN\u2019den yetkililer kat\u0131larak konu ile ilgili g\u00f6r\u00fc\u015flerini sundu.<\/span><\/span><\/span><\/span><\/p>\n<p style=\"text-align:left\"><span style=\"font-size:16px\"><span style=\"font-family:Merriweather,serif !important\"><span style=\"color:#000000\"><span style=\"background-color:#ffffff\">&nbsp;<\/span><\/span><\/span><\/span><\/p>\n<p style=\"text-align:left\"><span style=\"font-size:16px\"><span style=\"font-family:Merriweather,serif !important\"><span style=\"color:#000000\"><span style=\"background-color:#ffffff\">Komite, son olarak \u201cPersonel Dairesi ( Kurulu\u015f, G\u00f6rev ve \u00c7al\u0131\u015fma Esaslar\u0131) Yasa Tasar\u0131s\u0131\u201dn\u0131 ele ald\u0131 ve madde madde g\u00f6r\u00fc\u015fmeye devam etti. Komite bahse konu Yasa Tasar\u0131s\u0131 ile ilgili \u00e7al\u0131\u015fmalar\u0131na bir sonraki toplant\u0131s\u0131nda devam edecek.<\/span><\/span><\/span><\/span><\/p>\n<p style=\"text-align:left\"><span style=\"font-size:16px\"><span style=\"font-family:Merriweather,serif !important\"><span style=\"color:#000000\"><span style=\"background-color:#ffffff\">&nbsp;<\/span><\/span><\/span><\/span><\/p>\n<p style=\"text-align:left\"><span style=\"font-size:16px\"><span style=\"font-family:Merriweather,serif !important\"><span style=\"color:#000000\"><span style=\"background-color:#ffffff\">Komite toplant\u0131s\u0131na davetli olarak,&nbsp; Ba\u015fbakanl\u0131k, Maliye Bakanl\u0131\u011f\u0131, Personel Dairesi, KTAMS ve KAMU-SEN\u2019den yetkililer kat\u0131larak konu ile ilgili g\u00f6r\u00fc\u015flerini sundu.<\/span><\/span><\/span><\/span><\/p>\n<p style=\"text-align:left\"><span style=\"font-size:16px\"><span style=\"font-family:Merriweather,serif !important\"><span style=\"color:#000000\"><span style=\"background-color:#ffffff\">&nbsp;<\/span><\/span><\/span><\/span><\/p>\n<p style=\"text-align:left\"><span style=\"font-size:16px\"><span style=\"font-family:Merriweather,serif !important\"><span style=\"color:#000000\"><span style=\"background-color:#ffffff\">UBP Milletvekili Sunat Atun ba\u015fkanl\u0131\u011f\u0131nda toplanan \u0130dari, Kamu ve Sa\u011fl\u0131k \u0130\u015fleri Komitesi toplant\u0131s\u0131na, Komite Ba\u015fkan Vekili Filiz Besim, Komite \u00dcyesi UBP Milletvekili Ziya \u00d6zt\u00fcrkler ve Komite \u00dcyesi CTP Milletvekili Devrim Bar\u00e7\u0131n kat\u0131ld\u0131.<\/span><\/span><\/span><\/span><\/p>\n","protected":false},"excerpt":{"rendered":"<p>Meclisten yap\u0131lan yaz\u0131l\u0131 a\u00e7\u0131klamaya g\u00f6re, Komite, g\u00fcndeminde bulunan \u201cBa\u015fbakanl\u0131k ve Merkez Kurulu\u015fu (Kurulu\u015f, G\u00f6rev ve \u00c7al\u0131\u015fma Esaslar\u0131) Yasa Tasar\u0131s\u0131\u201d, \u201cPersonel Dairesi (Kurulu\u015f, G\u00f6rev ve \u00c7al\u0131\u015fma Esaslar\u0131) Yasa Tasar\u0131s\u0131\u201d ve \u201cTasdik Memurlar\u0131 Yasa Tasar\u0131s\u0131\u201dn\u0131 ele ald\u0131. &nbsp; Komite ilk olarak, \u201cTasdik Memurlar\u0131 Yasa Tasar\u0131s\u0131\u201dn\u0131 ele ald\u0131 ve madde madde g\u00f6r\u00fc\u015fmeye devam etti. Komite bahse konu Yasa<\/p>\n","protected":false},"author":1,"featured_media":43918,"comment_status":"open","ping_status":"open","sticky":false,"template":"","format":"standard","meta":{"footnotes":""},"categories":[85],"tags":[],"class_list":["post-43917","post","type-post","status-publish","format-standard","has-post-thumbnail","hentry","category-spor"],"yoast_head":"<!-- This site is optimized with the Yoast SEO plugin v28.4 - https:\/\/yoast.com\/product\/yoast-seo-wordpress\/ -->\n<title>\u0130dari, Kamu ve Sa\u011fl\u0131k \u0130\u015fleri Komitesi topland\u0131 -<\/title>\n<meta name=\"robots\" content=\"index, follow, max-snippet:-1, max-image-preview:large, max-video-preview:-1\" \/>\n<link rel=\"canonical\" href=\"https:\/\/kibrisdakik.com\/?p=43917\" \/>\n<meta property=\"og:locale\" content=\"tr_TR\" \/>\n<meta property=\"og:type\" content=\"article\" \/>\n<meta property=\"og:title\" content=\"\u0130dari, Kamu ve Sa\u011fl\u0131k \u0130\u015fleri Komitesi topland\u0131 -\" \/>\n<meta property=\"og:description\" content=\"Meclisten yap\u0131lan yaz\u0131l\u0131 a\u00e7\u0131klamaya g\u00f6re, Komite, g\u00fcndeminde bulunan \u201cBa\u015fbakanl\u0131k ve Merkez Kurulu\u015fu (Kurulu\u015f, G\u00f6rev ve \u00c7al\u0131\u015fma Esaslar\u0131) Yasa Tasar\u0131s\u0131\u201d, \u201cPersonel Dairesi (Kurulu\u015f, G\u00f6rev ve \u00c7al\u0131\u015fma Esaslar\u0131) Yasa Tasar\u0131s\u0131\u201d ve \u201cTasdik Memurlar\u0131 Yasa Tasar\u0131s\u0131\u201dn\u0131 ele ald\u0131. &nbsp; Komite ilk olarak, \u201cTasdik Memurlar\u0131 Yasa Tasar\u0131s\u0131\u201dn\u0131 ele ald\u0131 ve madde madde g\u00f6r\u00fc\u015fmeye devam etti. Komite bahse konu Yasa\" \/>\n<meta property=\"og:url\" content=\"https:\/\/kibrisdakik.com\/?p=43917\" \/>\n<meta property=\"article:published_time\" content=\"2024-05-31T00:03:50+00:00\" \/>\n<meta property=\"og:image\" content=\"https:\/\/kibrisdakik.com\/wp-content\/uploads\/2024\/05\/idari-kamu-ve-saglik-isleri-komitesi-toplandi-1717077285.webp.webp\" \/>\n\t<meta property=\"og:image:width\" content=\"710\" \/>\n\t<meta property=\"og:image:height\" content=\"370\" \/>\n\t<meta property=\"og:image:type\" content=\"image\/webp\" \/>\n<meta name=\"author\" content=\"admin\" \/>\n<meta name=\"twitter:card\" content=\"summary_large_image\" \/>\n<meta name=\"twitter:label1\" content=\"Yazan:\" \/>\n\t<meta name=\"twitter:data1\" content=\"admin\" \/>\n\t<meta name=\"twitter:label2\" content=\"Tahmini okuma s\u00fcresi\" \/>\n\t<meta name=\"twitter:data2\" content=\"2 dakika\" \/>\n<script type=\"application\/ld+json\" class=\"yoast-schema-graph\">{\"@context\":\"https:\\\/\\\/schema.org\",\"@graph\":[{\"@type\":\"Article\",\"@id\":\"https:\\\/\\\/kibrisdakik.com\\\/?p=43917#article\",\"isPartOf\":{\"@id\":\"https:\\\/\\\/kibrisdakik.com\\\/?p=43917\"},\"author\":{\"name\":\"admin\",\"@id\":\"https:\\\/\\\/kibrisdakik.com\\\/#\\\/schema\\\/person\\\/9cd9d437bbb44f72b73ba127e06d8e79\"},\"headline\":\"\u0130dari, Kamu ve Sa\u011fl\u0131k \u0130\u015fleri Komitesi topland\u0131\",\"datePublished\":\"2024-05-31T00:03:50+00:00\",\"mainEntityOfPage\":{\"@id\":\"https:\\\/\\\/kibrisdakik.com\\\/?p=43917\"},\"wordCount\":336,\"commentCount\":0,\"publisher\":{\"@id\":\"https:\\\/\\\/kibrisdakik.com\\\/#organization\"},\"image\":{\"@id\":\"https:\\\/\\\/kibrisdakik.com\\\/?p=43917#primaryimage\"},\"thumbnailUrl\":\"https:\\\/\\\/kibrisdakik.com\\\/wp-content\\\/uploads\\\/2024\\\/05\\\/idari-kamu-ve-saglik-isleri-komitesi-toplandi-1717077285.webp.webp\",\"articleSection\":[\"Spor\"],\"inLanguage\":\"tr\",\"potentialAction\":[{\"@type\":\"CommentAction\",\"name\":\"Comment\",\"target\":[\"https:\\\/\\\/kibrisdakik.com\\\/?p=43917#respond\"]}]},{\"@type\":\"WebPage\",\"@id\":\"https:\\\/\\\/kibrisdakik.com\\\/?p=43917\",\"url\":\"https:\\\/\\\/kibrisdakik.com\\\/?p=43917\",\"name\":\"\u0130dari, Kamu ve Sa\u011fl\u0131k \u0130\u015fleri Komitesi topland\u0131 -\",\"isPartOf\":{\"@id\":\"https:\\\/\\\/kibrisdakik.com\\\/#website\"},\"primaryImageOfPage\":{\"@id\":\"https:\\\/\\\/kibrisdakik.com\\\/?p=43917#primaryimage\"},\"image\":{\"@id\":\"https:\\\/\\\/kibrisdakik.com\\\/?p=43917#primaryimage\"},\"thumbnailUrl\":\"https:\\\/\\\/kibrisdakik.com\\\/wp-content\\\/uploads\\\/2024\\\/05\\\/idari-kamu-ve-saglik-isleri-komitesi-toplandi-1717077285.webp.webp\",\"datePublished\":\"2024-05-31T00:03:50+00:00\",\"breadcrumb\":{\"@id\":\"https:\\\/\\\/kibrisdakik.com\\\/?p=43917#breadcrumb\"},\"inLanguage\":\"tr\",\"potentialAction\":[{\"@type\":\"ReadAction\",\"target\":[\"https:\\\/\\\/kibrisdakik.com\\\/?p=43917\"]}]},{\"@type\":\"ImageObject\",\"inLanguage\":\"tr\",\"@id\":\"https:\\\/\\\/kibrisdakik.com\\\/?p=43917#primaryimage\",\"url\":\"https:\\\/\\\/kibrisdakik.com\\\/wp-content\\\/uploads\\\/2024\\\/05\\\/idari-kamu-ve-saglik-isleri-komitesi-toplandi-1717077285.webp.webp\",\"contentUrl\":\"https:\\\/\\\/kibrisdakik.com\\\/wp-content\\\/uploads\\\/2024\\\/05\\\/idari-kamu-ve-saglik-isleri-komitesi-toplandi-1717077285.webp.webp\",\"width\":710,\"height\":370},{\"@type\":\"BreadcrumbList\",\"@id\":\"https:\\\/\\\/kibrisdakik.com\\\/?p=43917#breadcrumb\",\"itemListElement\":[{\"@type\":\"ListItem\",\"position\":1,\"name\":\"Home\",\"item\":\"https:\\\/\\\/kibrisdakik.com\\\/\"},{\"@type\":\"ListItem\",\"position\":2,\"name\":\"\u0130dari, Kamu ve Sa\u011fl\u0131k \u0130\u015fleri Komitesi topland\u0131\"}]},{\"@type\":\"WebSite\",\"@id\":\"https:\\\/\\\/kibrisdakik.com\\\/#website\",\"url\":\"https:\\\/\\\/kibrisdakik.com\\\/\",\"name\":\"K\u0131br\u0131s Dakik\",\"description\":\"Tam vaktinde haber\",\"publisher\":{\"@id\":\"https:\\\/\\\/kibrisdakik.com\\\/#organization\"},\"potentialAction\":[{\"@type\":\"SearchAction\",\"target\":{\"@type\":\"EntryPoint\",\"urlTemplate\":\"https:\\\/\\\/kibrisdakik.com\\\/?s={search_term_string}\"},\"query-input\":{\"@type\":\"PropertyValueSpecification\",\"valueRequired\":true,\"valueName\":\"search_term_string\"}}],\"inLanguage\":\"tr\"},{\"@type\":\"Organization\",\"@id\":\"https:\\\/\\\/kibrisdakik.com\\\/#organization\",\"name\":\"K\u0131br\u0131s Dakik\",\"url\":\"https:\\\/\\\/kibrisdakik.com\\\/\",\"logo\":{\"@type\":\"ImageObject\",\"inLanguage\":\"tr\",\"@id\":\"https:\\\/\\\/kibrisdakik.com\\\/#\\\/schema\\\/logo\\\/image\\\/\",\"url\":\"https:\\\/\\\/kibrisdakik.com\\\/wp-content\\\/uploads\\\/2025\\\/10\\\/cropped-WhatsApp-Image-2025-10-02-at-12.58.31.jpeg\",\"contentUrl\":\"https:\\\/\\\/kibrisdakik.com\\\/wp-content\\\/uploads\\\/2025\\\/10\\\/cropped-WhatsApp-Image-2025-10-02-at-12.58.31.jpeg\",\"width\":1237,\"height\":190,\"caption\":\"K\u0131br\u0131s Dakik\"},\"image\":{\"@id\":\"https:\\\/\\\/kibrisdakik.com\\\/#\\\/schema\\\/logo\\\/image\\\/\"}},{\"@type\":\"Person\",\"@id\":\"https:\\\/\\\/kibrisdakik.com\\\/#\\\/schema\\\/person\\\/9cd9d437bbb44f72b73ba127e06d8e79\",\"name\":\"admin\",\"image\":{\"@type\":\"ImageObject\",\"inLanguage\":\"tr\",\"@id\":\"https:\\\/\\\/secure.gravatar.com\\\/avatar\\\/ccc17943b9d660506c869530f897617f7cb1c21a4bf30023f252596d83e1f007?s=96&d=mm&r=g\",\"url\":\"https:\\\/\\\/secure.gravatar.com\\\/avatar\\\/ccc17943b9d660506c869530f897617f7cb1c21a4bf30023f252596d83e1f007?s=96&d=mm&r=g\",\"contentUrl\":\"https:\\\/\\\/secure.gravatar.com\\\/avatar\\\/ccc17943b9d660506c869530f897617f7cb1c21a4bf30023f252596d83e1f007?s=96&d=mm&r=g\",\"caption\":\"admin\"},\"sameAs\":[\"https:\\\/\\\/kibrisdakik.com\"],\"url\":\"https:\\\/\\\/kibrisdakik.com\\\/?author=1\"}]}<\/script>\n<!-- \/ Yoast SEO plugin. -->","yoast_head_json":{"title":"\u0130dari, Kamu ve Sa\u011fl\u0131k \u0130\u015fleri Komitesi topland\u0131 -","robots":{"index":"index","follow":"follow","max-snippet":"max-snippet:-1","max-image-preview":"max-image-preview:large","max-video-preview":"max-video-preview:-1"},"canonical":"https:\/\/kibrisdakik.com\/?p=43917","og_locale":"tr_TR","og_type":"article","og_title":"\u0130dari, Kamu ve Sa\u011fl\u0131k \u0130\u015fleri Komitesi topland\u0131 -","og_description":"Meclisten yap\u0131lan yaz\u0131l\u0131 a\u00e7\u0131klamaya g\u00f6re, Komite, g\u00fcndeminde bulunan \u201cBa\u015fbakanl\u0131k ve Merkez Kurulu\u015fu (Kurulu\u015f, G\u00f6rev ve \u00c7al\u0131\u015fma Esaslar\u0131) Yasa Tasar\u0131s\u0131\u201d, \u201cPersonel Dairesi (Kurulu\u015f, G\u00f6rev ve \u00c7al\u0131\u015fma Esaslar\u0131) Yasa Tasar\u0131s\u0131\u201d ve \u201cTasdik Memurlar\u0131 Yasa Tasar\u0131s\u0131\u201dn\u0131 ele ald\u0131. &nbsp; Komite ilk olarak, \u201cTasdik Memurlar\u0131 Yasa Tasar\u0131s\u0131\u201dn\u0131 ele ald\u0131 ve madde madde g\u00f6r\u00fc\u015fmeye devam etti. Komite bahse konu Yasa","og_url":"https:\/\/kibrisdakik.com\/?p=43917","article_published_time":"2024-05-31T00:03:50+00:00","og_image":[{"width":710,"height":370,"url":"https:\/\/kibrisdakik.com\/wp-content\/uploads\/2024\/05\/idari-kamu-ve-saglik-isleri-komitesi-toplandi-1717077285.webp.webp","type":"image\/webp"}],"author":"admin","twitter_card":"summary_large_image","twitter_misc":{"Yazan:":"admin","Tahmini okuma s\u00fcresi":"2 dakika"},"schema":{"@context":"https:\/\/schema.org","@graph":[{"@type":"Article","@id":"https:\/\/kibrisdakik.com\/?p=43917#article","isPartOf":{"@id":"https:\/\/kibrisdakik.com\/?p=43917"},"author":{"name":"admin","@id":"https:\/\/kibrisdakik.com\/#\/schema\/person\/9cd9d437bbb44f72b73ba127e06d8e79"},"headline":"\u0130dari, Kamu ve Sa\u011fl\u0131k \u0130\u015fleri Komitesi topland\u0131","datePublished":"2024-05-31T00:03:50+00:00","mainEntityOfPage":{"@id":"https:\/\/kibrisdakik.com\/?p=43917"},"wordCount":336,"commentCount":0,"publisher":{"@id":"https:\/\/kibrisdakik.com\/#organization"},"image":{"@id":"https:\/\/kibrisdakik.com\/?p=43917#primaryimage"},"thumbnailUrl":"https:\/\/kibrisdakik.com\/wp-content\/uploads\/2024\/05\/idari-kamu-ve-saglik-isleri-komitesi-toplandi-1717077285.webp.webp","articleSection":["Spor"],"inLanguage":"tr","potentialAction":[{"@type":"CommentAction","name":"Comment","target":["https:\/\/kibrisdakik.com\/?p=43917#respond"]}]},{"@type":"WebPage","@id":"https:\/\/kibrisdakik.com\/?p=43917","url":"https:\/\/kibrisdakik.com\/?p=43917","name":"\u0130dari, Kamu ve Sa\u011fl\u0131k \u0130\u015fleri Komitesi topland\u0131 -","isPartOf":{"@id":"https:\/\/kibrisdakik.com\/#website"},"primaryImageOfPage":{"@id":"https:\/\/kibrisdakik.com\/?p=43917#primaryimage"},"image":{"@id":"https:\/\/kibrisdakik.com\/?p=43917#primaryimage"},"thumbnailUrl":"https:\/\/kibrisdakik.com\/wp-content\/uploads\/2024\/05\/idari-kamu-ve-saglik-isleri-komitesi-toplandi-1717077285.webp.webp","datePublished":"2024-05-31T00:03:50+00:00","breadcrumb":{"@id":"https:\/\/kibrisdakik.com\/?p=43917#breadcrumb"},"inLanguage":"tr","potentialAction":[{"@type":"ReadAction","target":["https:\/\/kibrisdakik.com\/?p=43917"]}]},{"@type":"ImageObject","inLanguage":"tr","@id":"https:\/\/kibrisdakik.com\/?p=43917#primaryimage","url":"https:\/\/kibrisdakik.com\/wp-content\/uploads\/2024\/05\/idari-kamu-ve-saglik-isleri-komitesi-toplandi-1717077285.webp.webp","contentUrl":"https:\/\/kibrisdakik.com\/wp-content\/uploads\/2024\/05\/idari-kamu-ve-saglik-isleri-komitesi-toplandi-1717077285.webp.webp","width":710,"height":370},{"@type":"BreadcrumbList","@id":"https:\/\/kibrisdakik.com\/?p=43917#breadcrumb","itemListElement":[{"@type":"ListItem","position":1,"name":"Home","item":"https:\/\/kibrisdakik.com\/"},{"@type":"ListItem","position":2,"name":"\u0130dari, Kamu ve Sa\u011fl\u0131k \u0130\u015fleri Komitesi topland\u0131"}]},{"@type":"WebSite","@id":"https:\/\/kibrisdakik.com\/#website","url":"https:\/\/kibrisdakik.com\/","name":"K\u0131br\u0131s Dakik","description":"Tam vaktinde haber","publisher":{"@id":"https:\/\/kibrisdakik.com\/#organization"},"potentialAction":[{"@type":"SearchAction","target":{"@type":"EntryPoint","urlTemplate":"https:\/\/kibrisdakik.com\/?s={search_term_string}"},"query-input":{"@type":"PropertyValueSpecification","valueRequired":true,"valueName":"search_term_string"}}],"inLanguage":"tr"},{"@type":"Organization","@id":"https:\/\/kibrisdakik.com\/#organization","name":"K\u0131br\u0131s Dakik","url":"https:\/\/kibrisdakik.com\/","logo":{"@type":"ImageObject","inLanguage":"tr","@id":"https:\/\/kibrisdakik.com\/#\/schema\/logo\/image\/","url":"https:\/\/kibrisdakik.com\/wp-content\/uploads\/2025\/10\/cropped-WhatsApp-Image-2025-10-02-at-12.58.31.jpeg","contentUrl":"https:\/\/kibrisdakik.com\/wp-content\/uploads\/2025\/10\/cropped-WhatsApp-Image-2025-10-02-at-12.58.31.jpeg","width":1237,"height":190,"caption":"K\u0131br\u0131s Dakik"},"image":{"@id":"https:\/\/kibrisdakik.com\/#\/schema\/logo\/image\/"}},{"@type":"Person","@id":"https:\/\/kibrisdakik.com\/#\/schema\/person\/9cd9d437bbb44f72b73ba127e06d8e79","name":"admin","image":{"@type":"ImageObject","inLanguage":"tr","@id":"https:\/\/secure.gravatar.com\/avatar\/ccc17943b9d660506c869530f897617f7cb1c21a4bf30023f252596d83e1f007?s=96&d=mm&r=g","url":"https:\/\/secure.gravatar.com\/avatar\/ccc17943b9d660506c869530f897617f7cb1c21a4bf30023f252596d83e1f007?s=96&d=mm&r=g","contentUrl":"https:\/\/secure.gravatar.com\/avatar\/ccc17943b9d660506c869530f897617f7cb1c21a4bf30023f252596d83e1f007?s=96&d=mm&r=g","caption":"admin"},"sameAs":["https:\/\/kibrisdakik.com"],"url":"https:\/\/kibrisdakik.com\/?author=1"}]}},"_links":{"self":[{"href":"https:\/\/kibrisdakik.com\/index.php?rest_route=\/wp\/v2\/posts\/43917","targetHints":{"allow":["GET"]}}],"collection":[{"href":"https:\/\/kibrisdakik.com\/index.php?rest_route=\/wp\/v2\/posts"}],"about":[{"href":"https:\/\/kibrisdakik.com\/index.php?rest_route=\/wp\/v2\/types\/post"}],"author":[{"embeddable":true,"href":"https:\/\/kibrisdakik.com\/index.php?rest_route=\/wp\/v2\/users\/1"}],"replies":[{"embeddable":true,"href":"https:\/\/kibrisdakik.com\/index.php?rest_route=%2Fwp%2Fv2%2Fcomments&post=43917"}],"version-history":[{"count":0,"href":"https:\/\/kibrisdakik.com\/index.php?rest_route=\/wp\/v2\/posts\/43917\/revisions"}],"wp:featuredmedia":[{"embeddable":true,"href":"https:\/\/kibrisdakik.com\/index.php?rest_route=\/wp\/v2\/media\/43918"}],"wp:attachment":[{"href":"https:\/\/kibrisdakik.com\/index.php?rest_route=%2Fwp%2Fv2%2Fmedia&parent=43917"}],"wp:term":[{"taxonomy":"category","embeddable":true,"href":"https:\/\/kibrisdakik.com\/index.php?rest_route=%2Fwp%2Fv2%2Fcategories&post=43917"},{"taxonomy":"post_tag","embeddable":true,"href":"https:\/\/kibrisdakik.com\/index.php?rest_route=%2Fwp%2Fv2%2Ftags&post=43917"}],"curies":[{"name":"wp","href":"https:\/\/api.w.org\/{rel}","templated":true}]}}